{"id":11292,"date":"2025-02-06T08:00:23","date_gmt":"2025-02-06T14:00:23","guid":{"rendered":"https:\/\/www.nexoinformativo.mx\/?p=11292"},"modified":"2025-02-06T11:29:15","modified_gmt":"2025-02-06T17:29:15","slug":"enfermeras-de-queretaro-se-capacitan-para-brindar-una-mejor-atencion-medica","status":"publish","type":"post","link":"https:\/\/www.nexoinformativo.mx\/index.php\/2025\/02\/06\/enfermeras-de-queretaro-se-capacitan-para-brindar-una-mejor-atencion-medica\/","title":{"rendered":"Enfermeras de Quer\u00e9taro se capacitan para brindar una mejor atenci\u00f3n m\u00e9dica"},"content":{"rendered":"<p style=\"text-align: justify;\" data-sourcepos=\"11:1-11:333\">Con el objetivo de mejorar la calidad de la atenci\u00f3n m\u00e9dica en el primer nivel, se llev\u00f3 a cabo una jornada de capacitaci\u00f3n dirigida a profesionales de enfermer\u00eda de los Centros de Salud y Unidades M\u00e9dicas M\u00f3viles de la Jurisdicci\u00f3n Sanitaria n\u00famero 1 de la Secretar\u00eda de Salud (SESA) del estado de Quer\u00e9taro.<\/p>\n<\/p>\n<p>&nbsp;<\/p>\n<p style=\"text-align: justify;\" data-sourcepos=\"13:1-13:272\">Durante dos d\u00edas, 126 enfermeras y enfermeros analizaron temas como la evaluaci\u00f3n del programa de trabajo 2024, la planificaci\u00f3n para el 2025, la supervisi\u00f3n en unidades m\u00e9dicas y la actualizaci\u00f3n de la Norma Oficial Mexicana NOM-004-SSA3-2012 sobre el expediente cl\u00ednico.<\/p>\n<\/p>\n<p>&nbsp;<\/p>\n<p style=\"text-align: justify;\" data-sourcepos=\"15:1-15:252\">La coordinaci\u00f3n de estas actividades estuvo a cargo de Irma Palacios Gudi\u00f1o, Xarixuri Far\u00edas Mart\u00ednez y Rita Y. Res\u00e9ndiz Vargas, quienes destacaron la importancia de la capacitaci\u00f3n continua para garantizar una atenci\u00f3n m\u00e9dica de calidad y actualizada.<\/p>\n<\/p>\n<p>&nbsp;<\/p>\n<p style=\"text-align: justify;\" data-sourcepos=\"17:1-17:211\">Esta jornada de capacitaci\u00f3n es un ejemplo del compromiso de la Secretar\u00eda de Salud por fortalecer las capacidades del personal de enfermer\u00eda y mejorar la atenci\u00f3n a los pacientes en el primer nivel de atenci\u00f3n.<\/p>\n<\/p>\n<p>&nbsp;<\/p>\n<p style=\"text-align: center;\" data-sourcepos=\"17:1-17:211\"><em><strong>\u00a1Informaci\u00f3n que transforma!<\/strong><\/em><\/p>\n","protected":false},"excerpt":{"rendered":"<p>Con el objetivo de mejorar la calidad de la atenci\u00f3n m\u00e9dica en el primer nivel, se llev\u00f3 a cabo una jornada de capacitaci\u00f3n dirigida a profesionales de enfermer\u00eda de los Centros de Salud y Unidades M\u00e9dicas M\u00f3viles de la Jurisdicci\u00f3n Sanitaria n\u00famero 1 de la Secretar\u00eda de Salud (SESA) del estado de Quer\u00e9taro.<\/p>\n","protected":false},"author":3,"featured_media":11293,"comment_status":"open","ping_status":"open","sticky":false,"template":"","format":"standard","meta":{"footnotes":""},"categories":[42,58],"tags":[1681,3351,133,139],"class_list":["post-11292","post","type-post","status-publish","format-standard","has-post-thumbnail","hentry","category-estado","category-ultima-hora","tag-capacitacion","tag-enfermeria","tag-queretaro","tag-salud"],"yoast_head":"<!-- This site is optimized with the Yoast SEO plugin v25.0 - https:\/\/yoast.com\/wordpress\/plugins\/seo\/ -->\n<title>Enfermeras de Quer\u00e9taro se capacitan para brindar una mejor atenci\u00f3n m\u00e9dica | Nexo Informativo Santiago de Quer\u00e9taro<\/title>\n<meta name=\"description\" content=\"Enfermeras de Quer\u00e9taro se capacitan para brindar una mejor atenci\u00f3n m\u00e9dica\" \/>\n<meta name=\"robots\" content=\"index, follow, max-snippet:-1, max-image-preview:large, max-video-preview:-1\" \/>\n<link rel=\"canonical\" href=\"https:\/\/www.nexoinformativo.mx\/index.php\/2025\/02\/06\/enfermeras-de-queretaro-se-capacitan-para-brindar-una-mejor-atencion-medica\/\" \/>\n<meta property=\"og:locale\" content=\"es_MX\" \/>\n<meta property=\"og:type\" content=\"article\" \/>\n<meta property=\"og:title\" content=\"Enfermeras de Quer\u00e9taro se capacitan para brindar una mejor atenci\u00f3n m\u00e9dica | Nexo Informativo Santiago de Quer\u00e9taro\" \/>\n<meta property=\"og:description\" content=\"Enfermeras de Quer\u00e9taro se capacitan para brindar una mejor atenci\u00f3n m\u00e9dica\" \/>\n<meta property=\"og:url\" content=\"https:\/\/www.nexoinformativo.mx\/index.php\/2025\/02\/06\/enfermeras-de-queretaro-se-capacitan-para-brindar-una-mejor-atencion-medica\/\" \/>\n<meta property=\"og:site_name\" content=\"Nexo Informativo Santiago de Quer\u00e9taro\" \/>\n<meta property=\"article:publisher\" content=\"https:\/\/www.facebook.com\/people\/Nexo-Informativo\/61564066885511\/\" \/>\n<meta property=\"article:published_time\" content=\"2025-02-06T14:00:23+00:00\" \/>\n<meta property=\"article:modified_time\" content=\"2025-02-06T17:29:15+00:00\" \/>\n<meta property=\"og:image\" content=\"https:\/\/www.nexoinformativo.mx\/wp-content\/uploads\/2025\/02\/PHOTO-2025-02-06-10-58-34-e1738862918508.jpg\" \/>\n\t<meta property=\"og:image:width\" content=\"800\" \/>\n\t<meta property=\"og:image:height\" content=\"600\" \/>\n\t<meta property=\"og:image:type\" content=\"image\/jpeg\" \/>\n<meta name=\"author\" content=\"Nexo Informativo\" \/>\n<meta name=\"twitter:card\" content=\"summary_large_image\" \/>\n<meta name=\"twitter:label1\" content=\"Escrito por\" \/>\n\t<meta name=\"twitter:data1\" content=\"Nexo Informativo\" \/>\n\t<meta name=\"twitter:label2\" content=\"Tiempo de lectura\" \/>\n\t<meta name=\"twitter:data2\" content=\"1 minuto\" \/>\n<script type=\"application\/ld+json\" class=\"yoast-schema-graph\">{\"@context\":\"https:\/\/schema.org\",\"@graph\":[{\"@type\":\"Article\",\"@id\":\"https:\/\/www.nexoinformativo.mx\/index.php\/2025\/02\/06\/enfermeras-de-queretaro-se-capacitan-para-brindar-una-mejor-atencion-medica\/#article\",\"isPartOf\":{\"@id\":\"https:\/\/www.nexoinformativo.mx\/index.php\/2025\/02\/06\/enfermeras-de-queretaro-se-capacitan-para-brindar-una-mejor-atencion-medica\/\"},\"author\":{\"name\":\"Nexo Informativo\",\"@id\":\"https:\/\/www.nexoinformativo.mx\/#\/schema\/person\/7749d380ba08c8ca00d7bc76fd907b7d\"},\"headline\":\"Enfermeras de Quer\u00e9taro se capacitan para brindar una mejor atenci\u00f3n m\u00e9dica\",\"datePublished\":\"2025-02-06T14:00:23+00:00\",\"dateModified\":\"2025-02-06T17:29:15+00:00\",\"mainEntityOfPage\":{\"@id\":\"https:\/\/www.nexoinformativo.mx\/index.php\/2025\/02\/06\/enfermeras-de-queretaro-se-capacitan-para-brindar-una-mejor-atencion-medica\/\"},\"wordCount\":215,\"commentCount\":0,\"publisher\":{\"@id\":\"https:\/\/www.nexoinformativo.mx\/#organization\"},\"image\":{\"@id\":\"https:\/\/www.nexoinformativo.mx\/index.php\/2025\/02\/06\/enfermeras-de-queretaro-se-capacitan-para-brindar-una-mejor-atencion-medica\/#primaryimage\"},\"thumbnailUrl\":\"https:\/\/www.nexoinformativo.mx\/wp-content\/uploads\/2025\/02\/PHOTO-2025-02-06-10-58-34-e1738862918508.jpg\",\"keywords\":[\"Capacitaci\u00f3n\",\"Enfermer\u00eda\",\"Quer\u00e9taro\",\"salud\"],\"articleSection\":[\"Estado\",\"\u00daltima Hora\"],\"inLanguage\":\"es\",\"potentialAction\":[{\"@type\":\"CommentAction\",\"name\":\"Comment\",\"target\":[\"https:\/\/www.nexoinformativo.mx\/index.php\/2025\/02\/06\/enfermeras-de-queretaro-se-capacitan-para-brindar-una-mejor-atencion-medica\/#respond\"]}]},{\"@type\":\"WebPage\",\"@id\":\"https:\/\/www.nexoinformativo.mx\/index.php\/2025\/02\/06\/enfermeras-de-queretaro-se-capacitan-para-brindar-una-mejor-atencion-medica\/\",\"url\":\"https:\/\/www.nexoinformativo.mx\/index.php\/2025\/02\/06\/enfermeras-de-queretaro-se-capacitan-para-brindar-una-mejor-atencion-medica\/\",\"name\":\"Enfermeras de Quer\u00e9taro se capacitan para brindar una mejor atenci\u00f3n m\u00e9dica | Nexo Informativo Santiago de Quer\u00e9taro\",\"isPartOf\":{\"@id\":\"https:\/\/www.nexoinformativo.mx\/#website\"},\"primaryImageOfPage\":{\"@id\":\"https:\/\/www.nexoinformativo.mx\/index.php\/2025\/02\/06\/enfermeras-de-queretaro-se-capacitan-para-brindar-una-mejor-atencion-medica\/#primaryimage\"},\"image\":{\"@id\":\"https:\/\/www.nexoinformativo.mx\/index.php\/2025\/02\/06\/enfermeras-de-queretaro-se-capacitan-para-brindar-una-mejor-atencion-medica\/#primaryimage\"},\"thumbnailUrl\":\"https:\/\/www.nexoinformativo.mx\/wp-content\/uploads\/2025\/02\/PHOTO-2025-02-06-10-58-34-e1738862918508.jpg\",\"datePublished\":\"2025-02-06T14:00:23+00:00\",\"dateModified\":\"2025-02-06T17:29:15+00:00\",\"description\":\"Enfermeras de Quer\u00e9taro se capacitan para brindar una mejor atenci\u00f3n m\u00e9dica\",\"breadcrumb\":{\"@id\":\"https:\/\/www.nexoinformativo.mx\/index.php\/2025\/02\/06\/enfermeras-de-queretaro-se-capacitan-para-brindar-una-mejor-atencion-medica\/#breadcrumb\"},\"inLanguage\":\"es\",\"potentialAction\":[{\"@type\":\"ReadAction\",\"target\":[\"https:\/\/www.nexoinformativo.mx\/index.php\/2025\/02\/06\/enfermeras-de-queretaro-se-capacitan-para-brindar-una-mejor-atencion-medica\/\"]}]},{\"@type\":\"ImageObject\",\"inLanguage\":\"es\",\"@id\":\"https:\/\/www.nexoinformativo.mx\/index.php\/2025\/02\/06\/enfermeras-de-queretaro-se-capacitan-para-brindar-una-mejor-atencion-medica\/#primaryimage\",\"url\":\"https:\/\/www.nexoinformativo.mx\/wp-content\/uploads\/2025\/02\/PHOTO-2025-02-06-10-58-34-e1738862918508.jpg\",\"contentUrl\":\"https:\/\/www.nexoinformativo.mx\/wp-content\/uploads\/2025\/02\/PHOTO-2025-02-06-10-58-34-e1738862918508.jpg\",\"width\":800,\"height\":600},{\"@type\":\"BreadcrumbList\",\"@id\":\"https:\/\/www.nexoinformativo.mx\/index.php\/2025\/02\/06\/enfermeras-de-queretaro-se-capacitan-para-brindar-una-mejor-atencion-medica\/#breadcrumb\",\"itemListElement\":[{\"@type\":\"ListItem\",\"position\":1,\"name\":\"Inicio\",\"item\":\"https:\/\/www.nexoinformativo.mx\/\"},{\"@type\":\"ListItem\",\"position\":2,\"name\":\"Enfermeras de Quer\u00e9taro se capacitan para brindar una mejor atenci\u00f3n m\u00e9dica\"}]},{\"@type\":\"WebSite\",\"@id\":\"https:\/\/www.nexoinformativo.mx\/#website\",\"url\":\"https:\/\/www.nexoinformativo.mx\/\",\"name\":\"Nexo Informativo Santiago de Quer\u00e9taro\",\"description\":\"Explora NexoInformativo y convi\u00e9rtete en parte de una comunidad que valora el conocimiento y la verdad. Tu nexoinformativo es tu puente hacia una comprensi\u00f3n m\u00e1s profunda del mundo que te rodea.\",\"publisher\":{\"@id\":\"https:\/\/www.nexoinformativo.mx\/#organization\"},\"potentialAction\":[{\"@type\":\"SearchAction\",\"target\":{\"@type\":\"EntryPoint\",\"urlTemplate\":\"https:\/\/www.nexoinformativo.mx\/?s={search_term_string}\"},\"query-input\":{\"@type\":\"PropertyValueSpecification\",\"valueRequired\":true,\"valueName\":\"search_term_string\"}}],\"inLanguage\":\"es\"},{\"@type\":\"Organization\",\"@id\":\"https:\/\/www.nexoinformativo.mx\/#organization\",\"name\":\"Nexo Informativo Santiago de Quer\u00e9taro\",\"url\":\"https:\/\/www.nexoinformativo.mx\/\",\"logo\":{\"@type\":\"ImageObject\",\"inLanguage\":\"es\",\"@id\":\"https:\/\/www.nexoinformativo.mx\/#\/schema\/logo\/image\/\",\"url\":\"https:\/\/www.nexoinformativo.mx\/wp-content\/uploads\/2024\/07\/nexoi-trasparente-2.png\",\"contentUrl\":\"https:\/\/www.nexoinformativo.mx\/wp-content\/uploads\/2024\/07\/nexoi-trasparente-2.png\",\"width\":816,\"height\":339,\"caption\":\"Nexo Informativo Santiago de Quer\u00e9taro\"},\"image\":{\"@id\":\"https:\/\/www.nexoinformativo.mx\/#\/schema\/logo\/image\/\"},\"sameAs\":[\"https:\/\/www.facebook.com\/people\/Nexo-Informativo\/61564066885511\/\"]},{\"@type\":\"Person\",\"@id\":\"https:\/\/www.nexoinformativo.mx\/#\/schema\/person\/7749d380ba08c8ca00d7bc76fd907b7d\",\"name\":\"Nexo Informativo\",\"image\":{\"@type\":\"ImageObject\",\"inLanguage\":\"es\",\"@id\":\"https:\/\/www.nexoinformativo.mx\/#\/schema\/person\/image\/\",\"url\":\"https:\/\/secure.gravatar.com\/avatar\/dde2928154642a13d95f87ddf1ea9718fe2b46760a005c53e41ff5ad610704e6?s=96&d=mm&r=g\",\"contentUrl\":\"https:\/\/secure.gravatar.com\/avatar\/dde2928154642a13d95f87ddf1ea9718fe2b46760a005c53e41ff5ad610704e6?s=96&d=mm&r=g\",\"caption\":\"Nexo Informativo\"},\"url\":\"https:\/\/www.nexoinformativo.mx\/index.php\/author\/edicion\/\"}]}<\/script>\n<!-- \/ Yoast SEO plugin. -->","yoast_head_json":{"title":"Enfermeras de Quer\u00e9taro se capacitan para brindar una mejor atenci\u00f3n m\u00e9dica | Nexo Informativo Santiago de Quer\u00e9taro","description":"Enfermeras de Quer\u00e9taro se capacitan para brindar una mejor atenci\u00f3n m\u00e9dica","robots":{"index":"index","follow":"follow","max-snippet":"max-snippet:-1","max-image-preview":"max-image-preview:large","max-video-preview":"max-video-preview:-1"},"canonical":"https:\/\/www.nexoinformativo.mx\/index.php\/2025\/02\/06\/enfermeras-de-queretaro-se-capacitan-para-brindar-una-mejor-atencion-medica\/","og_locale":"es_MX","og_type":"article","og_title":"Enfermeras de Quer\u00e9taro se capacitan para brindar una mejor atenci\u00f3n m\u00e9dica | Nexo Informativo Santiago de Quer\u00e9taro","og_description":"Enfermeras de Quer\u00e9taro se capacitan para brindar una mejor atenci\u00f3n m\u00e9dica","og_url":"https:\/\/www.nexoinformativo.mx\/index.php\/2025\/02\/06\/enfermeras-de-queretaro-se-capacitan-para-brindar-una-mejor-atencion-medica\/","og_site_name":"Nexo Informativo Santiago de Quer\u00e9taro","article_publisher":"https:\/\/www.facebook.com\/people\/Nexo-Informativo\/61564066885511\/","article_published_time":"2025-02-06T14:00:23+00:00","article_modified_time":"2025-02-06T17:29:15+00:00","og_image":[{"width":800,"height":600,"url":"https:\/\/www.nexoinformativo.mx\/wp-content\/uploads\/2025\/02\/PHOTO-2025-02-06-10-58-34-e1738862918508.jpg","type":"image\/jpeg"}],"author":"Nexo Informativo","twitter_card":"summary_large_image","twitter_misc":{"Escrito por":"Nexo Informativo","Tiempo de lectura":"1 minuto"},"schema":{"@context":"https:\/\/schema.org","@graph":[{"@type":"Article","@id":"https:\/\/www.nexoinformativo.mx\/index.php\/2025\/02\/06\/enfermeras-de-queretaro-se-capacitan-para-brindar-una-mejor-atencion-medica\/#article","isPartOf":{"@id":"https:\/\/www.nexoinformativo.mx\/index.php\/2025\/02\/06\/enfermeras-de-queretaro-se-capacitan-para-brindar-una-mejor-atencion-medica\/"},"author":{"name":"Nexo Informativo","@id":"https:\/\/www.nexoinformativo.mx\/#\/schema\/person\/7749d380ba08c8ca00d7bc76fd907b7d"},"headline":"Enfermeras de Quer\u00e9taro se capacitan para brindar una mejor atenci\u00f3n m\u00e9dica","datePublished":"2025-02-06T14:00:23+00:00","dateModified":"2025-02-06T17:29:15+00:00","mainEntityOfPage":{"@id":"https:\/\/www.nexoinformativo.mx\/index.php\/2025\/02\/06\/enfermeras-de-queretaro-se-capacitan-para-brindar-una-mejor-atencion-medica\/"},"wordCount":215,"commentCount":0,"publisher":{"@id":"https:\/\/www.nexoinformativo.mx\/#organization"},"image":{"@id":"https:\/\/www.nexoinformativo.mx\/index.php\/2025\/02\/06\/enfermeras-de-queretaro-se-capacitan-para-brindar-una-mejor-atencion-medica\/#primaryimage"},"thumbnailUrl":"https:\/\/www.nexoinformativo.mx\/wp-content\/uploads\/2025\/02\/PHOTO-2025-02-06-10-58-34-e1738862918508.jpg","keywords":["Capacitaci\u00f3n","Enfermer\u00eda","Quer\u00e9taro","salud"],"articleSection":["Estado","\u00daltima Hora"],"inLanguage":"es","potentialAction":[{"@type":"CommentAction","name":"Comment","target":["https:\/\/www.nexoinformativo.mx\/index.php\/2025\/02\/06\/enfermeras-de-queretaro-se-capacitan-para-brindar-una-mejor-atencion-medica\/#respond"]}]},{"@type":"WebPage","@id":"https:\/\/www.nexoinformativo.mx\/index.php\/2025\/02\/06\/enfermeras-de-queretaro-se-capacitan-para-brindar-una-mejor-atencion-medica\/","url":"https:\/\/www.nexoinformativo.mx\/index.php\/2025\/02\/06\/enfermeras-de-queretaro-se-capacitan-para-brindar-una-mejor-atencion-medica\/","name":"Enfermeras de Quer\u00e9taro se capacitan para brindar una mejor atenci\u00f3n m\u00e9dica | Nexo Informativo Santiago de Quer\u00e9taro","isPartOf":{"@id":"https:\/\/www.nexoinformativo.mx\/#website"},"primaryImageOfPage":{"@id":"https:\/\/www.nexoinformativo.mx\/index.php\/2025\/02\/06\/enfermeras-de-queretaro-se-capacitan-para-brindar-una-mejor-atencion-medica\/#primaryimage"},"image":{"@id":"https:\/\/www.nexoinformativo.mx\/index.php\/2025\/02\/06\/enfermeras-de-queretaro-se-capacitan-para-brindar-una-mejor-atencion-medica\/#primaryimage"},"thumbnailUrl":"https:\/\/www.nexoinformativo.mx\/wp-content\/uploads\/2025\/02\/PHOTO-2025-02-06-10-58-34-e1738862918508.jpg","datePublished":"2025-02-06T14:00:23+00:00","dateModified":"2025-02-06T17:29:15+00:00","description":"Enfermeras de Quer\u00e9taro se capacitan para brindar una mejor atenci\u00f3n m\u00e9dica","breadcrumb":{"@id":"https:\/\/www.nexoinformativo.mx\/index.php\/2025\/02\/06\/enfermeras-de-queretaro-se-capacitan-para-brindar-una-mejor-atencion-medica\/#breadcrumb"},"inLanguage":"es","potentialAction":[{"@type":"ReadAction","target":["https:\/\/www.nexoinformativo.mx\/index.php\/2025\/02\/06\/enfermeras-de-queretaro-se-capacitan-para-brindar-una-mejor-atencion-medica\/"]}]},{"@type":"ImageObject","inLanguage":"es","@id":"https:\/\/www.nexoinformativo.mx\/index.php\/2025\/02\/06\/enfermeras-de-queretaro-se-capacitan-para-brindar-una-mejor-atencion-medica\/#primaryimage","url":"https:\/\/www.nexoinformativo.mx\/wp-content\/uploads\/2025\/02\/PHOTO-2025-02-06-10-58-34-e1738862918508.jpg","contentUrl":"https:\/\/www.nexoinformativo.mx\/wp-content\/uploads\/2025\/02\/PHOTO-2025-02-06-10-58-34-e1738862918508.jpg","width":800,"height":600},{"@type":"BreadcrumbList","@id":"https:\/\/www.nexoinformativo.mx\/index.php\/2025\/02\/06\/enfermeras-de-queretaro-se-capacitan-para-brindar-una-mejor-atencion-medica\/#breadcrumb","itemListElement":[{"@type":"ListItem","position":1,"name":"Inicio","item":"https:\/\/www.nexoinformativo.mx\/"},{"@type":"ListItem","position":2,"name":"Enfermeras de Quer\u00e9taro se capacitan para brindar una mejor atenci\u00f3n m\u00e9dica"}]},{"@type":"WebSite","@id":"https:\/\/www.nexoinformativo.mx\/#website","url":"https:\/\/www.nexoinformativo.mx\/","name":"Nexo Informativo Santiago de Quer\u00e9taro","description":"Explora NexoInformativo y convi\u00e9rtete en parte de una comunidad que valora el conocimiento y la verdad. Tu nexoinformativo es tu puente hacia una comprensi\u00f3n m\u00e1s profunda del mundo que te rodea.","publisher":{"@id":"https:\/\/www.nexoinformativo.mx\/#organization"},"potentialAction":[{"@type":"SearchAction","target":{"@type":"EntryPoint","urlTemplate":"https:\/\/www.nexoinformativo.mx\/?s={search_term_string}"},"query-input":{"@type":"PropertyValueSpecification","valueRequired":true,"valueName":"search_term_string"}}],"inLanguage":"es"},{"@type":"Organization","@id":"https:\/\/www.nexoinformativo.mx\/#organization","name":"Nexo Informativo Santiago de Quer\u00e9taro","url":"https:\/\/www.nexoinformativo.mx\/","logo":{"@type":"ImageObject","inLanguage":"es","@id":"https:\/\/www.nexoinformativo.mx\/#\/schema\/logo\/image\/","url":"https:\/\/www.nexoinformativo.mx\/wp-content\/uploads\/2024\/07\/nexoi-trasparente-2.png","contentUrl":"https:\/\/www.nexoinformativo.mx\/wp-content\/uploads\/2024\/07\/nexoi-trasparente-2.png","width":816,"height":339,"caption":"Nexo Informativo Santiago de Quer\u00e9taro"},"image":{"@id":"https:\/\/www.nexoinformativo.mx\/#\/schema\/logo\/image\/"},"sameAs":["https:\/\/www.facebook.com\/people\/Nexo-Informativo\/61564066885511\/"]},{"@type":"Person","@id":"https:\/\/www.nexoinformativo.mx\/#\/schema\/person\/7749d380ba08c8ca00d7bc76fd907b7d","name":"Nexo Informativo","image":{"@type":"ImageObject","inLanguage":"es","@id":"https:\/\/www.nexoinformativo.mx\/#\/schema\/person\/image\/","url":"https:\/\/secure.gravatar.com\/avatar\/dde2928154642a13d95f87ddf1ea9718fe2b46760a005c53e41ff5ad610704e6?s=96&d=mm&r=g","contentUrl":"https:\/\/secure.gravatar.com\/avatar\/dde2928154642a13d95f87ddf1ea9718fe2b46760a005c53e41ff5ad610704e6?s=96&d=mm&r=g","caption":"Nexo Informativo"},"url":"https:\/\/www.nexoinformativo.mx\/index.php\/author\/edicion\/"}]}},"_links":{"self":[{"href":"https:\/\/www.nexoinformativo.mx\/index.php\/wp-json\/wp\/v2\/posts\/11292","targetHints":{"allow":["GET"]}}],"collection":[{"href":"https:\/\/www.nexoinformativo.mx\/index.php\/wp-json\/wp\/v2\/posts"}],"about":[{"href":"https:\/\/www.nexoinformativo.mx\/index.php\/wp-json\/wp\/v2\/types\/post"}],"author":[{"embeddable":true,"href":"https:\/\/www.nexoinformativo.mx\/index.php\/wp-json\/wp\/v2\/users\/3"}],"replies":[{"embeddable":true,"href":"https:\/\/www.nexoinformativo.mx\/index.php\/wp-json\/wp\/v2\/comments?post=11292"}],"version-history":[{"count":3,"href":"https:\/\/www.nexoinformativo.mx\/index.php\/wp-json\/wp\/v2\/posts\/11292\/revisions"}],"predecessor-version":[{"id":11296,"href":"https:\/\/www.nexoinformativo.mx\/index.php\/wp-json\/wp\/v2\/posts\/11292\/revisions\/11296"}],"wp:featuredmedia":[{"embeddable":true,"href":"https:\/\/www.nexoinformativo.mx\/index.php\/wp-json\/wp\/v2\/media\/11293"}],"wp:attachment":[{"href":"https:\/\/www.nexoinformativo.mx\/index.php\/wp-json\/wp\/v2\/media?parent=11292"}],"wp:term":[{"taxonomy":"category","embeddable":true,"href":"https:\/\/www.nexoinformativo.mx\/index.php\/wp-json\/wp\/v2\/categories?post=11292"},{"taxonomy":"post_tag","embeddable":true,"href":"https:\/\/www.nexoinformativo.mx\/index.php\/wp-json\/wp\/v2\/tags?post=11292"}],"curies":[{"name":"wp","href":"https:\/\/api.w.org\/{rel}","templated":true}]}}