{"id":1130,"date":"2024-08-28T09:00:37","date_gmt":"2024-08-28T15:00:37","guid":{"rendered":"https:\/\/www.nexoinformativo.mx\/?p=1130"},"modified":"2024-08-28T11:32:12","modified_gmt":"2024-08-28T17:32:12","slug":"ministro-en-retiro-jose-ramon-cossio-diaz-un-juez-que-actua-por-justicia-es-muy-peligroso","status":"publish","type":"post","link":"https:\/\/www.nexoinformativo.mx\/index.php\/2024\/08\/28\/ministro-en-retiro-jose-ramon-cossio-diaz-un-juez-que-actua-por-justicia-es-muy-peligroso\/","title":{"rendered":"Ministro en retiro Jos\u00e9 Ram\u00f3n Coss\u00edo D\u00edaz: &#8220;Un juez que act\u00faa por justicia es muy peligroso&#8221;"},"content":{"rendered":"<p style=\"text-align: justify;\">Durante el Foro \u201cLa Reforma Judicial a los Ojos de la Seguridad Nacional, la Gobernanza y el Estado de Derecho\u201d, organizado por la Barra Mexicana Colegio de Abogados Cap\u00edtulo Quer\u00e9taro, el Ministro en retiro de la Suprema Corte de Justicia de la Naci\u00f3n, Jos\u00e9 Ram\u00f3n Coss\u00edo D\u00edaz, advirti\u00f3 sobre los peligros de elegir a los jueces. &#8220;Elegir a los juzgadores es una p\u00e9sima idea. Los jueces creer\u00e1n que tienen la misma legitimidad que un diputado o un senador, y eso es grav\u00edsimo para la gobernabilidad&#8221;, afirm\u00f3.<\/p>\n<p>&nbsp;<\/p>\n<p><img loading=\"lazy\" decoding=\"async\" class=\"alignnone size-full wp-image-1132\" src=\"https:\/\/www.nexoinformativo.mx\/wp-content\/uploads\/2024\/08\/PHOTO-2024-08-28-09-38-18-e1724865914325.jpg\" alt=\"\" width=\"800\" height=\"305\" srcset=\"https:\/\/www.nexoinformativo.mx\/wp-content\/uploads\/2024\/08\/PHOTO-2024-08-28-09-38-18-e1724865914325.jpg 800w, https:\/\/www.nexoinformativo.mx\/wp-content\/uploads\/2024\/08\/PHOTO-2024-08-28-09-38-18-e1724865914325-300x114.jpg 300w, https:\/\/www.nexoinformativo.mx\/wp-content\/uploads\/2024\/08\/PHOTO-2024-08-28-09-38-18-e1724865914325-768x293.jpg 768w\" sizes=\"auto, (max-width: 800px) 100vw, 800px\" \/><\/p>\n<p>&nbsp;<\/p>\n<p style=\"text-align: justify;\">Coss\u00edo D\u00edaz tambi\u00e9n se\u00f1al\u00f3 que &#8220;las fuerzas armadas est\u00e1n en una posici\u00f3n inc\u00f3moda&#8221; al tener que desempe\u00f1ar tareas de prevenci\u00f3n y persecuci\u00f3n de delitos para las cuales no est\u00e1n entrenadas. Seg\u00fan \u00e9l, su funci\u00f3n es &#8220;la letalidad&#8221; y no el combate a los delitos. Adem\u00e1s, alert\u00f3 sobre la influencia de potencias extranjeras en M\u00e9xico, considerando que esto afecta la seguridad nacional y la gobernanza del pa\u00eds.<\/p>\n<p>&nbsp;<\/p>\n<p style=\"text-align: justify;\">El foro tambi\u00e9n cont\u00f3 con la participaci\u00f3n de destacados juristas como Juan Pablo G\u00f3mez Fierro, quien critic\u00f3 la propuesta de Reforma al Poder Judicial que, seg\u00fan \u00e9l, sustituir\u00eda un sistema basado en el m\u00e9rito y la capacidad por uno de suerte y popularidad. Por su parte, Mariela Ponce Villa, Magistrada Presidenta del Poder Judicial del Estado, enfatiz\u00f3 la necesidad de defender la Constituci\u00f3n para evitar su debilitamiento bajo pretextos de legitimidad electoral.<\/p>\n<p>&nbsp;<\/p>\n<p><img loading=\"lazy\" decoding=\"async\" class=\"alignnone size-full wp-image-1133\" src=\"https:\/\/www.nexoinformativo.mx\/wp-content\/uploads\/2024\/08\/PHOTO-2024-08-28-09-38-17-e1724865964306.jpg\" alt=\"\" width=\"800\" height=\"534\" srcset=\"https:\/\/www.nexoinformativo.mx\/wp-content\/uploads\/2024\/08\/PHOTO-2024-08-28-09-38-17-e1724865964306.jpg 800w, https:\/\/www.nexoinformativo.mx\/wp-content\/uploads\/2024\/08\/PHOTO-2024-08-28-09-38-17-e1724865964306-300x200.jpg 300w, https:\/\/www.nexoinformativo.mx\/wp-content\/uploads\/2024\/08\/PHOTO-2024-08-28-09-38-17-e1724865964306-768x513.jpg 768w\" sizes=\"auto, (max-width: 800px) 100vw, 800px\" \/><\/p>\n<p>&nbsp;<\/p>\n<p style=\"text-align: justify;\">Los panelistas coincidieron en que un problema cr\u00edtico es la proliferaci\u00f3n de &#8220;Escuelas Patito&#8221;, instando a la Barra Mexicana de Abogados a informar y combatir esta problem\u00e1tica. El foro, parte de los Di\u00e1logos de la Barra Mexicana de Abogados sobre la Reforma Judicial, continu\u00f3 su Jornada Nacional que se extiende de julio a septiembre de 2024.<\/p>\n<p>&nbsp;<\/p>\n<p><img loading=\"lazy\" decoding=\"async\" class=\"alignnone size-full wp-image-1134\" src=\"https:\/\/www.nexoinformativo.mx\/wp-content\/uploads\/2024\/08\/PHOTO-2024-08-28-09-38-18-2-e1724866001218.jpg\" alt=\"\" width=\"800\" height=\"534\" srcset=\"https:\/\/www.nexoinformativo.mx\/wp-content\/uploads\/2024\/08\/PHOTO-2024-08-28-09-38-18-2-e1724866001218.jpg 800w, https:\/\/www.nexoinformativo.mx\/wp-content\/uploads\/2024\/08\/PHOTO-2024-08-28-09-38-18-2-e1724866001218-300x200.jpg 300w, https:\/\/www.nexoinformativo.mx\/wp-content\/uploads\/2024\/08\/PHOTO-2024-08-28-09-38-18-2-e1724866001218-768x513.jpg 768w\" sizes=\"auto, (max-width: 800px) 100vw, 800px\" \/><\/p>\n","protected":false},"excerpt":{"rendered":"<p>Durante el Foro \u201cLa Reforma Judicial a los Ojos de la Seguridad Nacional, la Gobernanza y el Estado de Derecho\u201d, organizado por la Barra Mexicana Colegio de Abogados Cap\u00edtulo Quer\u00e9taro, el Ministro en retiro de la Suprema Corte de Justicia de la Naci\u00f3n, Jos\u00e9 Ram\u00f3n Coss\u00edo D\u00edaz, advirti\u00f3 sobre los peligros de elegir a los [&hellip;]<\/p>\n","protected":false},"author":3,"featured_media":1131,"comment_status":"open","ping_status":"open","sticky":false,"template":"","format":"standard","meta":{"footnotes":""},"categories":[58],"tags":[274,273,275,272],"class_list":["post-1130","post","type-post","status-publish","format-standard","has-post-thumbnail","hentry","category-ultima-hora","tag-abogadosmexico","tag-defensadelaconstitucion","tag-estadodederecho","tag-reformajudicial"],"yoast_head":"<!-- This site is optimized with the Yoast SEO plugin v25.0 - https:\/\/yoast.com\/wordpress\/plugins\/seo\/ -->\n<title>Ministro en retiro Jos\u00e9 Ram\u00f3n Coss\u00edo D\u00edaz: &quot;Un juez que act\u00faa por justicia es muy peligroso&quot; | Nexo Informativo Santiago de Quer\u00e9taro<\/title>\n<meta name=\"robots\" content=\"index, follow, max-snippet:-1, max-image-preview:large, max-video-preview:-1\" \/>\n<link rel=\"canonical\" href=\"https:\/\/www.nexoinformativo.mx\/index.php\/2024\/08\/28\/ministro-en-retiro-jose-ramon-cossio-diaz-un-juez-que-actua-por-justicia-es-muy-peligroso\/\" \/>\n<meta property=\"og:locale\" content=\"es_MX\" \/>\n<meta property=\"og:type\" content=\"article\" \/>\n<meta property=\"og:title\" content=\"Ministro en retiro Jos\u00e9 Ram\u00f3n Coss\u00edo D\u00edaz: &quot;Un juez que act\u00faa por justicia es muy peligroso&quot; | Nexo Informativo Santiago de Quer\u00e9taro\" \/>\n<meta property=\"og:description\" content=\"Durante el Foro \u201cLa Reforma Judicial a los Ojos de la Seguridad Nacional, la Gobernanza y el Estado de Derecho\u201d, organizado por la Barra Mexicana Colegio de Abogados Cap\u00edtulo Quer\u00e9taro, el Ministro en retiro de la Suprema Corte de Justicia de la Naci\u00f3n, Jos\u00e9 Ram\u00f3n Coss\u00edo D\u00edaz, advirti\u00f3 sobre los peligros de elegir a los [&hellip;]\" \/>\n<meta property=\"og:url\" content=\"https:\/\/www.nexoinformativo.mx\/index.php\/2024\/08\/28\/ministro-en-retiro-jose-ramon-cossio-diaz-un-juez-que-actua-por-justicia-es-muy-peligroso\/\" \/>\n<meta property=\"og:site_name\" content=\"Nexo Informativo Santiago de Quer\u00e9taro\" \/>\n<meta property=\"article:publisher\" content=\"https:\/\/www.facebook.com\/people\/Nexo-Informativo\/61564066885511\/\" \/>\n<meta property=\"article:published_time\" content=\"2024-08-28T15:00:37+00:00\" \/>\n<meta property=\"article:modified_time\" content=\"2024-08-28T17:32:12+00:00\" \/>\n<meta property=\"og:image\" content=\"https:\/\/www.nexoinformativo.mx\/wp-content\/uploads\/2024\/08\/PHOTO-2024-08-28-09-38-18-3-e1724865807354.jpg\" \/>\n\t<meta property=\"og:image:width\" content=\"800\" \/>\n\t<meta property=\"og:image:height\" content=\"534\" \/>\n\t<meta property=\"og:image:type\" content=\"image\/jpeg\" \/>\n<meta name=\"author\" content=\"Nexo Informativo\" \/>\n<meta name=\"twitter:card\" content=\"summary_large_image\" \/>\n<meta name=\"twitter:label1\" content=\"Escrito por\" \/>\n\t<meta name=\"twitter:data1\" content=\"Nexo Informativo\" \/>\n\t<meta name=\"twitter:label2\" content=\"Tiempo de lectura\" \/>\n\t<meta name=\"twitter:data2\" content=\"2 minutos\" \/>\n<script type=\"application\/ld+json\" class=\"yoast-schema-graph\">{\"@context\":\"https:\/\/schema.org\",\"@graph\":[{\"@type\":\"Article\",\"@id\":\"https:\/\/www.nexoinformativo.mx\/index.php\/2024\/08\/28\/ministro-en-retiro-jose-ramon-cossio-diaz-un-juez-que-actua-por-justicia-es-muy-peligroso\/#article\",\"isPartOf\":{\"@id\":\"https:\/\/www.nexoinformativo.mx\/index.php\/2024\/08\/28\/ministro-en-retiro-jose-ramon-cossio-diaz-un-juez-que-actua-por-justicia-es-muy-peligroso\/\"},\"author\":{\"name\":\"Nexo Informativo\",\"@id\":\"https:\/\/www.nexoinformativo.mx\/#\/schema\/person\/7749d380ba08c8ca00d7bc76fd907b7d\"},\"headline\":\"Ministro en retiro Jos\u00e9 Ram\u00f3n Coss\u00edo D\u00edaz: &#8220;Un juez que act\u00faa por justicia es muy peligroso&#8221;\",\"datePublished\":\"2024-08-28T15:00:37+00:00\",\"dateModified\":\"2024-08-28T17:32:12+00:00\",\"mainEntityOfPage\":{\"@id\":\"https:\/\/www.nexoinformativo.mx\/index.php\/2024\/08\/28\/ministro-en-retiro-jose-ramon-cossio-diaz-un-juez-que-actua-por-justicia-es-muy-peligroso\/\"},\"wordCount\":341,\"commentCount\":0,\"publisher\":{\"@id\":\"https:\/\/www.nexoinformativo.mx\/#organization\"},\"image\":{\"@id\":\"https:\/\/www.nexoinformativo.mx\/index.php\/2024\/08\/28\/ministro-en-retiro-jose-ramon-cossio-diaz-un-juez-que-actua-por-justicia-es-muy-peligroso\/#primaryimage\"},\"thumbnailUrl\":\"https:\/\/www.nexoinformativo.mx\/wp-content\/uploads\/2024\/08\/PHOTO-2024-08-28-09-38-18-3-e1724865807354.jpg\",\"keywords\":[\"AbogadosM\u00e9xico\",\"DefensadelaConstitucion\",\"EstadodeDerecho\",\"ReformaJudicial\"],\"articleSection\":[\"\u00daltima Hora\"],\"inLanguage\":\"es\",\"potentialAction\":[{\"@type\":\"CommentAction\",\"name\":\"Comment\",\"target\":[\"https:\/\/www.nexoinformativo.mx\/index.php\/2024\/08\/28\/ministro-en-retiro-jose-ramon-cossio-diaz-un-juez-que-actua-por-justicia-es-muy-peligroso\/#respond\"]}]},{\"@type\":\"WebPage\",\"@id\":\"https:\/\/www.nexoinformativo.mx\/index.php\/2024\/08\/28\/ministro-en-retiro-jose-ramon-cossio-diaz-un-juez-que-actua-por-justicia-es-muy-peligroso\/\",\"url\":\"https:\/\/www.nexoinformativo.mx\/index.php\/2024\/08\/28\/ministro-en-retiro-jose-ramon-cossio-diaz-un-juez-que-actua-por-justicia-es-muy-peligroso\/\",\"name\":\"Ministro en retiro Jos\u00e9 Ram\u00f3n Coss\u00edo D\u00edaz: \\\"Un juez que act\u00faa por justicia es muy peligroso\\\" | Nexo Informativo Santiago de Quer\u00e9taro\",\"isPartOf\":{\"@id\":\"https:\/\/www.nexoinformativo.mx\/#website\"},\"primaryImageOfPage\":{\"@id\":\"https:\/\/www.nexoinformativo.mx\/index.php\/2024\/08\/28\/ministro-en-retiro-jose-ramon-cossio-diaz-un-juez-que-actua-por-justicia-es-muy-peligroso\/#primaryimage\"},\"image\":{\"@id\":\"https:\/\/www.nexoinformativo.mx\/index.php\/2024\/08\/28\/ministro-en-retiro-jose-ramon-cossio-diaz-un-juez-que-actua-por-justicia-es-muy-peligroso\/#primaryimage\"},\"thumbnailUrl\":\"https:\/\/www.nexoinformativo.mx\/wp-content\/uploads\/2024\/08\/PHOTO-2024-08-28-09-38-18-3-e1724865807354.jpg\",\"datePublished\":\"2024-08-28T15:00:37+00:00\",\"dateModified\":\"2024-08-28T17:32:12+00:00\",\"breadcrumb\":{\"@id\":\"https:\/\/www.nexoinformativo.mx\/index.php\/2024\/08\/28\/ministro-en-retiro-jose-ramon-cossio-diaz-un-juez-que-actua-por-justicia-es-muy-peligroso\/#breadcrumb\"},\"inLanguage\":\"es\",\"potentialAction\":[{\"@type\":\"ReadAction\",\"target\":[\"https:\/\/www.nexoinformativo.mx\/index.php\/2024\/08\/28\/ministro-en-retiro-jose-ramon-cossio-diaz-un-juez-que-actua-por-justicia-es-muy-peligroso\/\"]}]},{\"@type\":\"ImageObject\",\"inLanguage\":\"es\",\"@id\":\"https:\/\/www.nexoinformativo.mx\/index.php\/2024\/08\/28\/ministro-en-retiro-jose-ramon-cossio-diaz-un-juez-que-actua-por-justicia-es-muy-peligroso\/#primaryimage\",\"url\":\"https:\/\/www.nexoinformativo.mx\/wp-content\/uploads\/2024\/08\/PHOTO-2024-08-28-09-38-18-3-e1724865807354.jpg\",\"contentUrl\":\"https:\/\/www.nexoinformativo.mx\/wp-content\/uploads\/2024\/08\/PHOTO-2024-08-28-09-38-18-3-e1724865807354.jpg\",\"width\":800,\"height\":534},{\"@type\":\"BreadcrumbList\",\"@id\":\"https:\/\/www.nexoinformativo.mx\/index.php\/2024\/08\/28\/ministro-en-retiro-jose-ramon-cossio-diaz-un-juez-que-actua-por-justicia-es-muy-peligroso\/#breadcrumb\",\"itemListElement\":[{\"@type\":\"ListItem\",\"position\":1,\"name\":\"Inicio\",\"item\":\"https:\/\/www.nexoinformativo.mx\/\"},{\"@type\":\"ListItem\",\"position\":2,\"name\":\"Ministro en retiro Jos\u00e9 Ram\u00f3n Coss\u00edo D\u00edaz: &#8220;Un juez que act\u00faa por justicia es muy peligroso&#8221;\"}]},{\"@type\":\"WebSite\",\"@id\":\"https:\/\/www.nexoinformativo.mx\/#website\",\"url\":\"https:\/\/www.nexoinformativo.mx\/\",\"name\":\"Nexo Informativo Santiago de Quer\u00e9taro\",\"description\":\"Explora NexoInformativo y convi\u00e9rtete en parte de una comunidad que valora el conocimiento y la verdad. Tu nexoinformativo es tu puente hacia una comprensi\u00f3n m\u00e1s profunda del mundo que te rodea.\",\"publisher\":{\"@id\":\"https:\/\/www.nexoinformativo.mx\/#organization\"},\"potentialAction\":[{\"@type\":\"SearchAction\",\"target\":{\"@type\":\"EntryPoint\",\"urlTemplate\":\"https:\/\/www.nexoinformativo.mx\/?s={search_term_string}\"},\"query-input\":{\"@type\":\"PropertyValueSpecification\",\"valueRequired\":true,\"valueName\":\"search_term_string\"}}],\"inLanguage\":\"es\"},{\"@type\":\"Organization\",\"@id\":\"https:\/\/www.nexoinformativo.mx\/#organization\",\"name\":\"Nexo Informativo Santiago de Quer\u00e9taro\",\"url\":\"https:\/\/www.nexoinformativo.mx\/\",\"logo\":{\"@type\":\"ImageObject\",\"inLanguage\":\"es\",\"@id\":\"https:\/\/www.nexoinformativo.mx\/#\/schema\/logo\/image\/\",\"url\":\"https:\/\/www.nexoinformativo.mx\/wp-content\/uploads\/2024\/07\/nexoi-trasparente-2.png\",\"contentUrl\":\"https:\/\/www.nexoinformativo.mx\/wp-content\/uploads\/2024\/07\/nexoi-trasparente-2.png\",\"width\":816,\"height\":339,\"caption\":\"Nexo Informativo Santiago de Quer\u00e9taro\"},\"image\":{\"@id\":\"https:\/\/www.nexoinformativo.mx\/#\/schema\/logo\/image\/\"},\"sameAs\":[\"https:\/\/www.facebook.com\/people\/Nexo-Informativo\/61564066885511\/\"]},{\"@type\":\"Person\",\"@id\":\"https:\/\/www.nexoinformativo.mx\/#\/schema\/person\/7749d380ba08c8ca00d7bc76fd907b7d\",\"name\":\"Nexo Informativo\",\"image\":{\"@type\":\"ImageObject\",\"inLanguage\":\"es\",\"@id\":\"https:\/\/www.nexoinformativo.mx\/#\/schema\/person\/image\/\",\"url\":\"https:\/\/secure.gravatar.com\/avatar\/dde2928154642a13d95f87ddf1ea9718fe2b46760a005c53e41ff5ad610704e6?s=96&d=mm&r=g\",\"contentUrl\":\"https:\/\/secure.gravatar.com\/avatar\/dde2928154642a13d95f87ddf1ea9718fe2b46760a005c53e41ff5ad610704e6?s=96&d=mm&r=g\",\"caption\":\"Nexo Informativo\"},\"url\":\"https:\/\/www.nexoinformativo.mx\/index.php\/author\/edicion\/\"}]}<\/script>\n<!-- \/ Yoast SEO plugin. -->","yoast_head_json":{"title":"Ministro en retiro Jos\u00e9 Ram\u00f3n Coss\u00edo D\u00edaz: \"Un juez que act\u00faa por justicia es muy peligroso\" | Nexo Informativo Santiago de Quer\u00e9taro","robots":{"index":"index","follow":"follow","max-snippet":"max-snippet:-1","max-image-preview":"max-image-preview:large","max-video-preview":"max-video-preview:-1"},"canonical":"https:\/\/www.nexoinformativo.mx\/index.php\/2024\/08\/28\/ministro-en-retiro-jose-ramon-cossio-diaz-un-juez-que-actua-por-justicia-es-muy-peligroso\/","og_locale":"es_MX","og_type":"article","og_title":"Ministro en retiro Jos\u00e9 Ram\u00f3n Coss\u00edo D\u00edaz: \"Un juez que act\u00faa por justicia es muy peligroso\" | Nexo Informativo Santiago de Quer\u00e9taro","og_description":"Durante el Foro \u201cLa Reforma Judicial a los Ojos de la Seguridad Nacional, la Gobernanza y el Estado de Derecho\u201d, organizado por la Barra Mexicana Colegio de Abogados Cap\u00edtulo Quer\u00e9taro, el Ministro en retiro de la Suprema Corte de Justicia de la Naci\u00f3n, Jos\u00e9 Ram\u00f3n Coss\u00edo D\u00edaz, advirti\u00f3 sobre los peligros de elegir a los [&hellip;]","og_url":"https:\/\/www.nexoinformativo.mx\/index.php\/2024\/08\/28\/ministro-en-retiro-jose-ramon-cossio-diaz-un-juez-que-actua-por-justicia-es-muy-peligroso\/","og_site_name":"Nexo Informativo Santiago de Quer\u00e9taro","article_publisher":"https:\/\/www.facebook.com\/people\/Nexo-Informativo\/61564066885511\/","article_published_time":"2024-08-28T15:00:37+00:00","article_modified_time":"2024-08-28T17:32:12+00:00","og_image":[{"width":800,"height":534,"url":"https:\/\/www.nexoinformativo.mx\/wp-content\/uploads\/2024\/08\/PHOTO-2024-08-28-09-38-18-3-e1724865807354.jpg","type":"image\/jpeg"}],"author":"Nexo Informativo","twitter_card":"summary_large_image","twitter_misc":{"Escrito por":"Nexo Informativo","Tiempo de lectura":"2 minutos"},"schema":{"@context":"https:\/\/schema.org","@graph":[{"@type":"Article","@id":"https:\/\/www.nexoinformativo.mx\/index.php\/2024\/08\/28\/ministro-en-retiro-jose-ramon-cossio-diaz-un-juez-que-actua-por-justicia-es-muy-peligroso\/#article","isPartOf":{"@id":"https:\/\/www.nexoinformativo.mx\/index.php\/2024\/08\/28\/ministro-en-retiro-jose-ramon-cossio-diaz-un-juez-que-actua-por-justicia-es-muy-peligroso\/"},"author":{"name":"Nexo Informativo","@id":"https:\/\/www.nexoinformativo.mx\/#\/schema\/person\/7749d380ba08c8ca00d7bc76fd907b7d"},"headline":"Ministro en retiro Jos\u00e9 Ram\u00f3n Coss\u00edo D\u00edaz: &#8220;Un juez que act\u00faa por justicia es muy peligroso&#8221;","datePublished":"2024-08-28T15:00:37+00:00","dateModified":"2024-08-28T17:32:12+00:00","mainEntityOfPage":{"@id":"https:\/\/www.nexoinformativo.mx\/index.php\/2024\/08\/28\/ministro-en-retiro-jose-ramon-cossio-diaz-un-juez-que-actua-por-justicia-es-muy-peligroso\/"},"wordCount":341,"commentCount":0,"publisher":{"@id":"https:\/\/www.nexoinformativo.mx\/#organization"},"image":{"@id":"https:\/\/www.nexoinformativo.mx\/index.php\/2024\/08\/28\/ministro-en-retiro-jose-ramon-cossio-diaz-un-juez-que-actua-por-justicia-es-muy-peligroso\/#primaryimage"},"thumbnailUrl":"https:\/\/www.nexoinformativo.mx\/wp-content\/uploads\/2024\/08\/PHOTO-2024-08-28-09-38-18-3-e1724865807354.jpg","keywords":["AbogadosM\u00e9xico","DefensadelaConstitucion","EstadodeDerecho","ReformaJudicial"],"articleSection":["\u00daltima Hora"],"inLanguage":"es","potentialAction":[{"@type":"CommentAction","name":"Comment","target":["https:\/\/www.nexoinformativo.mx\/index.php\/2024\/08\/28\/ministro-en-retiro-jose-ramon-cossio-diaz-un-juez-que-actua-por-justicia-es-muy-peligroso\/#respond"]}]},{"@type":"WebPage","@id":"https:\/\/www.nexoinformativo.mx\/index.php\/2024\/08\/28\/ministro-en-retiro-jose-ramon-cossio-diaz-un-juez-que-actua-por-justicia-es-muy-peligroso\/","url":"https:\/\/www.nexoinformativo.mx\/index.php\/2024\/08\/28\/ministro-en-retiro-jose-ramon-cossio-diaz-un-juez-que-actua-por-justicia-es-muy-peligroso\/","name":"Ministro en retiro Jos\u00e9 Ram\u00f3n Coss\u00edo D\u00edaz: \"Un juez que act\u00faa por justicia es muy peligroso\" | Nexo Informativo Santiago de Quer\u00e9taro","isPartOf":{"@id":"https:\/\/www.nexoinformativo.mx\/#website"},"primaryImageOfPage":{"@id":"https:\/\/www.nexoinformativo.mx\/index.php\/2024\/08\/28\/ministro-en-retiro-jose-ramon-cossio-diaz-un-juez-que-actua-por-justicia-es-muy-peligroso\/#primaryimage"},"image":{"@id":"https:\/\/www.nexoinformativo.mx\/index.php\/2024\/08\/28\/ministro-en-retiro-jose-ramon-cossio-diaz-un-juez-que-actua-por-justicia-es-muy-peligroso\/#primaryimage"},"thumbnailUrl":"https:\/\/www.nexoinformativo.mx\/wp-content\/uploads\/2024\/08\/PHOTO-2024-08-28-09-38-18-3-e1724865807354.jpg","datePublished":"2024-08-28T15:00:37+00:00","dateModified":"2024-08-28T17:32:12+00:00","breadcrumb":{"@id":"https:\/\/www.nexoinformativo.mx\/index.php\/2024\/08\/28\/ministro-en-retiro-jose-ramon-cossio-diaz-un-juez-que-actua-por-justicia-es-muy-peligroso\/#breadcrumb"},"inLanguage":"es","potentialAction":[{"@type":"ReadAction","target":["https:\/\/www.nexoinformativo.mx\/index.php\/2024\/08\/28\/ministro-en-retiro-jose-ramon-cossio-diaz-un-juez-que-actua-por-justicia-es-muy-peligroso\/"]}]},{"@type":"ImageObject","inLanguage":"es","@id":"https:\/\/www.nexoinformativo.mx\/index.php\/2024\/08\/28\/ministro-en-retiro-jose-ramon-cossio-diaz-un-juez-que-actua-por-justicia-es-muy-peligroso\/#primaryimage","url":"https:\/\/www.nexoinformativo.mx\/wp-content\/uploads\/2024\/08\/PHOTO-2024-08-28-09-38-18-3-e1724865807354.jpg","contentUrl":"https:\/\/www.nexoinformativo.mx\/wp-content\/uploads\/2024\/08\/PHOTO-2024-08-28-09-38-18-3-e1724865807354.jpg","width":800,"height":534},{"@type":"BreadcrumbList","@id":"https:\/\/www.nexoinformativo.mx\/index.php\/2024\/08\/28\/ministro-en-retiro-jose-ramon-cossio-diaz-un-juez-que-actua-por-justicia-es-muy-peligroso\/#breadcrumb","itemListElement":[{"@type":"ListItem","position":1,"name":"Inicio","item":"https:\/\/www.nexoinformativo.mx\/"},{"@type":"ListItem","position":2,"name":"Ministro en retiro Jos\u00e9 Ram\u00f3n Coss\u00edo D\u00edaz: &#8220;Un juez que act\u00faa por justicia es muy peligroso&#8221;"}]},{"@type":"WebSite","@id":"https:\/\/www.nexoinformativo.mx\/#website","url":"https:\/\/www.nexoinformativo.mx\/","name":"Nexo Informativo Santiago de Quer\u00e9taro","description":"Explora NexoInformativo y convi\u00e9rtete en parte de una comunidad que valora el conocimiento y la verdad. Tu nexoinformativo es tu puente hacia una comprensi\u00f3n m\u00e1s profunda del mundo que te rodea.","publisher":{"@id":"https:\/\/www.nexoinformativo.mx\/#organization"},"potentialAction":[{"@type":"SearchAction","target":{"@type":"EntryPoint","urlTemplate":"https:\/\/www.nexoinformativo.mx\/?s={search_term_string}"},"query-input":{"@type":"PropertyValueSpecification","valueRequired":true,"valueName":"search_term_string"}}],"inLanguage":"es"},{"@type":"Organization","@id":"https:\/\/www.nexoinformativo.mx\/#organization","name":"Nexo Informativo Santiago de Quer\u00e9taro","url":"https:\/\/www.nexoinformativo.mx\/","logo":{"@type":"ImageObject","inLanguage":"es","@id":"https:\/\/www.nexoinformativo.mx\/#\/schema\/logo\/image\/","url":"https:\/\/www.nexoinformativo.mx\/wp-content\/uploads\/2024\/07\/nexoi-trasparente-2.png","contentUrl":"https:\/\/www.nexoinformativo.mx\/wp-content\/uploads\/2024\/07\/nexoi-trasparente-2.png","width":816,"height":339,"caption":"Nexo Informativo Santiago de Quer\u00e9taro"},"image":{"@id":"https:\/\/www.nexoinformativo.mx\/#\/schema\/logo\/image\/"},"sameAs":["https:\/\/www.facebook.com\/people\/Nexo-Informativo\/61564066885511\/"]},{"@type":"Person","@id":"https:\/\/www.nexoinformativo.mx\/#\/schema\/person\/7749d380ba08c8ca00d7bc76fd907b7d","name":"Nexo Informativo","image":{"@type":"ImageObject","inLanguage":"es","@id":"https:\/\/www.nexoinformativo.mx\/#\/schema\/person\/image\/","url":"https:\/\/secure.gravatar.com\/avatar\/dde2928154642a13d95f87ddf1ea9718fe2b46760a005c53e41ff5ad610704e6?s=96&d=mm&r=g","contentUrl":"https:\/\/secure.gravatar.com\/avatar\/dde2928154642a13d95f87ddf1ea9718fe2b46760a005c53e41ff5ad610704e6?s=96&d=mm&r=g","caption":"Nexo Informativo"},"url":"https:\/\/www.nexoinformativo.mx\/index.php\/author\/edicion\/"}]}},"_links":{"self":[{"href":"https:\/\/www.nexoinformativo.mx\/index.php\/wp-json\/wp\/v2\/posts\/1130","targetHints":{"allow":["GET"]}}],"collection":[{"href":"https:\/\/www.nexoinformativo.mx\/index.php\/wp-json\/wp\/v2\/posts"}],"about":[{"href":"https:\/\/www.nexoinformativo.mx\/index.php\/wp-json\/wp\/v2\/types\/post"}],"author":[{"embeddable":true,"href":"https:\/\/www.nexoinformativo.mx\/index.php\/wp-json\/wp\/v2\/users\/3"}],"replies":[{"embeddable":true,"href":"https:\/\/www.nexoinformativo.mx\/index.php\/wp-json\/wp\/v2\/comments?post=1130"}],"version-history":[{"count":4,"href":"https:\/\/www.nexoinformativo.mx\/index.php\/wp-json\/wp\/v2\/posts\/1130\/revisions"}],"predecessor-version":[{"id":1136,"href":"https:\/\/www.nexoinformativo.mx\/index.php\/wp-json\/wp\/v2\/posts\/1130\/revisions\/1136"}],"wp:featuredmedia":[{"embeddable":true,"href":"https:\/\/www.nexoinformativo.mx\/index.php\/wp-json\/wp\/v2\/media\/1131"}],"wp:attachment":[{"href":"https:\/\/www.nexoinformativo.mx\/index.php\/wp-json\/wp\/v2\/media?parent=1130"}],"wp:term":[{"taxonomy":"category","embeddable":true,"href":"https:\/\/www.nexoinformativo.mx\/index.php\/wp-json\/wp\/v2\/categories?post=1130"},{"taxonomy":"post_tag","embeddable":true,"href":"https:\/\/www.nexoinformativo.mx\/index.php\/wp-json\/wp\/v2\/tags?post=1130"}],"curies":[{"name":"wp","href":"https:\/\/api.w.org\/{rel}","templated":true}]}}