{"id":11303,"date":"2025-02-06T13:00:14","date_gmt":"2025-02-06T19:00:14","guid":{"rendered":"https:\/\/www.nexoinformativo.mx\/?p=11303"},"modified":"2025-02-06T17:11:32","modified_gmt":"2025-02-06T23:11:32","slug":"contraloria-de-queretaro-busca-fortalecer-la-integridad-empresarial-con-nuevo-convenio","status":"publish","type":"post","link":"https:\/\/www.nexoinformativo.mx\/index.php\/2025\/02\/06\/contraloria-de-queretaro-busca-fortalecer-la-integridad-empresarial-con-nuevo-convenio\/","title":{"rendered":"Contralor\u00eda de Quer\u00e9taro busca fortalecer la integridad empresarial con nuevo convenio"},"content":{"rendered":"<p style=\"text-align: justify;\" data-sourcepos=\"11:1-11:492\">El secretario de la Contralor\u00eda del estado, \u00d3scar Garc\u00eda Gonz\u00e1lez, hizo un llamado a los abogados de empresas a fortalecer la integridad empresarial en Quer\u00e9taro.<\/p>\n<\/p>\n<p>&nbsp;<\/p>\n<p style=\"text-align: justify;\" data-sourcepos=\"11:1-11:492\">Durante la toma de protesta del nuevo consejo directivo de la <strong>Asociaci\u00f3n Nacional de Abogados de Empresas<\/strong> (ANADE), el funcionario propuso la firma de un convenio de colaboraci\u00f3n para crear una carta de compromiso en la que las empresas se comprometan a cumplir con las normas y evitar pr\u00e1cticas corruptas.<\/p>\n<\/p>\n<p>&nbsp;<\/p>\n<p style=\"text-align: justify;\" data-sourcepos=\"13:1-13:422\">Garc\u00eda Gonz\u00e1lez se\u00f1al\u00f3 que la Auditor\u00eda Superior de la Federaci\u00f3n (ASF) ha detectado casos de empresas que, al participar en procesos concursales, no cumplen con las condiciones establecidas en sus propuestas, generando un conflicto de inter\u00e9s.<\/p>\n<\/p>\n<p>&nbsp;<\/p>\n<p style=\"text-align: justify;\" data-sourcepos=\"13:1-13:422\"><strong>&#8220;Con la carta de integridad empresarial buscamos que Quer\u00e9taro siga manteniendo cero observaciones, no solamente en el sector p\u00fablico sino tambi\u00e9n en el sector privado&#8221;<\/strong>, afirm\u00f3.<\/p>\n<\/p>\n<p>&nbsp;<\/p>\n<p style=\"text-align: justify;\" data-sourcepos=\"15:1-15:334\">Por su parte, la presidenta de la ANADE Quer\u00e9taro, Diana Lorena Arena Salda\u00f1a, se mostr\u00f3 a favor de esta iniciativa y destac\u00f3 la importancia de fomentar una cultura de transparencia y honestidad en el sector empresarial. &#8220;Los abogados tenemos un papel fundamental en la promoci\u00f3n de la integridad y la \u00e9tica en las empresas&#8221;, asegur\u00f3.<\/p>\n<\/p>\n<p>&nbsp;<\/p>\n<p style=\"text-align: justify;\" data-sourcepos=\"17:1-17:73\">Con este convenio, se busca que las empresas queretanas se comprometan a cumplir con las normas y leyes aplicables, evitar pr\u00e1cticas corruptas como el soborno y el cohecho y fomentar una cultura de transparencia y rendici\u00f3n de cuentas.<\/p>\n<\/p>\n<p>&nbsp;<\/p>\n<p style=\"text-align: justify;\" data-sourcepos=\"24:1-24:202\">La firma de este convenio representa un paso importante en la lucha contra la corrupci\u00f3n en Quer\u00e9taro y consolida el compromiso del estado por mantener altos est\u00e1ndares de transparencia y buen gobierno.<\/p>\n<\/p>\n<p>&nbsp;<\/p>\n<p style=\"text-align: center;\" data-sourcepos=\"24:1-24:202\"><em><strong>\u00a1Informaci\u00f3n que transforma!<\/strong><\/em><\/p>\n","protected":false},"excerpt":{"rendered":"<p>El secretario de la Contralor\u00eda del estado, \u00d3scar Garc\u00eda Gonz\u00e1lez, hizo un llamado a los abogados de empresas a fortalecer la integridad empresarial en Quer\u00e9taro.<\/p>\n","protected":false},"author":3,"featured_media":11305,"comment_status":"open","ping_status":"open","sticky":false,"template":"","format":"standard","meta":{"footnotes":""},"categories":[42,58],"tags":[1630,3354,133,1759],"class_list":["post-11303","post","type-post","status-publish","format-standard","has-post-thumbnail","hentry","category-estado","category-ultima-hora","tag-corrupcion","tag-integridadempresarial","tag-queretaro","tag-transparencia"],"yoast_head":"<!-- This site is optimized with the Yoast SEO plugin v25.0 - https:\/\/yoast.com\/wordpress\/plugins\/seo\/ -->\n<title>Contralor\u00eda de Quer\u00e9taro busca fortalecer la integridad empresarial con nuevo convenio | Nexo Informativo Santiago de Quer\u00e9taro<\/title>\n<meta name=\"description\" content=\"Contralor\u00eda de Quer\u00e9taro busca fortalecer la integridad empresarial con nuevo convenio\" \/>\n<meta name=\"robots\" content=\"index, follow, max-snippet:-1, max-image-preview:large, max-video-preview:-1\" \/>\n<link rel=\"canonical\" href=\"https:\/\/www.nexoinformativo.mx\/index.php\/2025\/02\/06\/contraloria-de-queretaro-busca-fortalecer-la-integridad-empresarial-con-nuevo-convenio\/\" \/>\n<meta property=\"og:locale\" content=\"es_MX\" \/>\n<meta property=\"og:type\" content=\"article\" \/>\n<meta property=\"og:title\" content=\"Contralor\u00eda de Quer\u00e9taro busca fortalecer la integridad empresarial con nuevo convenio | Nexo Informativo Santiago de Quer\u00e9taro\" \/>\n<meta property=\"og:description\" content=\"Contralor\u00eda de Quer\u00e9taro busca fortalecer la integridad empresarial con nuevo convenio\" \/>\n<meta property=\"og:url\" content=\"https:\/\/www.nexoinformativo.mx\/index.php\/2025\/02\/06\/contraloria-de-queretaro-busca-fortalecer-la-integridad-empresarial-con-nuevo-convenio\/\" \/>\n<meta property=\"og:site_name\" content=\"Nexo Informativo Santiago de Quer\u00e9taro\" \/>\n<meta property=\"article:publisher\" content=\"https:\/\/www.facebook.com\/people\/Nexo-Informativo\/61564066885511\/\" \/>\n<meta property=\"article:published_time\" content=\"2025-02-06T19:00:14+00:00\" \/>\n<meta property=\"article:modified_time\" content=\"2025-02-06T23:11:32+00:00\" \/>\n<meta property=\"og:image\" content=\"https:\/\/www.nexoinformativo.mx\/wp-content\/uploads\/2025\/02\/IMG_0063-e1738883464845.jpg\" \/>\n\t<meta property=\"og:image:width\" content=\"800\" \/>\n\t<meta property=\"og:image:height\" content=\"495\" \/>\n\t<meta property=\"og:image:type\" content=\"image\/jpeg\" \/>\n<meta name=\"author\" content=\"Nexo Informativo\" \/>\n<meta name=\"twitter:card\" content=\"summary_large_image\" \/>\n<meta name=\"twitter:label1\" content=\"Escrito por\" \/>\n\t<meta name=\"twitter:data1\" content=\"Nexo Informativo\" \/>\n\t<meta name=\"twitter:label2\" content=\"Tiempo de lectura\" \/>\n\t<meta name=\"twitter:data2\" content=\"2 minutos\" \/>\n<script type=\"application\/ld+json\" class=\"yoast-schema-graph\">{\"@context\":\"https:\/\/schema.org\",\"@graph\":[{\"@type\":\"Article\",\"@id\":\"https:\/\/www.nexoinformativo.mx\/index.php\/2025\/02\/06\/contraloria-de-queretaro-busca-fortalecer-la-integridad-empresarial-con-nuevo-convenio\/#article\",\"isPartOf\":{\"@id\":\"https:\/\/www.nexoinformativo.mx\/index.php\/2025\/02\/06\/contraloria-de-queretaro-busca-fortalecer-la-integridad-empresarial-con-nuevo-convenio\/\"},\"author\":{\"name\":\"Nexo Informativo\",\"@id\":\"https:\/\/www.nexoinformativo.mx\/#\/schema\/person\/7749d380ba08c8ca00d7bc76fd907b7d\"},\"headline\":\"Contralor\u00eda de Quer\u00e9taro busca fortalecer la integridad empresarial con nuevo convenio\",\"datePublished\":\"2025-02-06T19:00:14+00:00\",\"dateModified\":\"2025-02-06T23:11:32+00:00\",\"mainEntityOfPage\":{\"@id\":\"https:\/\/www.nexoinformativo.mx\/index.php\/2025\/02\/06\/contraloria-de-queretaro-busca-fortalecer-la-integridad-empresarial-con-nuevo-convenio\/\"},\"wordCount\":310,\"commentCount\":0,\"publisher\":{\"@id\":\"https:\/\/www.nexoinformativo.mx\/#organization\"},\"image\":{\"@id\":\"https:\/\/www.nexoinformativo.mx\/index.php\/2025\/02\/06\/contraloria-de-queretaro-busca-fortalecer-la-integridad-empresarial-con-nuevo-convenio\/#primaryimage\"},\"thumbnailUrl\":\"https:\/\/www.nexoinformativo.mx\/wp-content\/uploads\/2025\/02\/IMG_0063-e1738883464845.jpg\",\"keywords\":[\"Corrupci\u00f3n\",\"IntegridadEmpresarial\",\"Quer\u00e9taro\",\"Transparencia\"],\"articleSection\":[\"Estado\",\"\u00daltima Hora\"],\"inLanguage\":\"es\",\"potentialAction\":[{\"@type\":\"CommentAction\",\"name\":\"Comment\",\"target\":[\"https:\/\/www.nexoinformativo.mx\/index.php\/2025\/02\/06\/contraloria-de-queretaro-busca-fortalecer-la-integridad-empresarial-con-nuevo-convenio\/#respond\"]}]},{\"@type\":\"WebPage\",\"@id\":\"https:\/\/www.nexoinformativo.mx\/index.php\/2025\/02\/06\/contraloria-de-queretaro-busca-fortalecer-la-integridad-empresarial-con-nuevo-convenio\/\",\"url\":\"https:\/\/www.nexoinformativo.mx\/index.php\/2025\/02\/06\/contraloria-de-queretaro-busca-fortalecer-la-integridad-empresarial-con-nuevo-convenio\/\",\"name\":\"Contralor\u00eda de Quer\u00e9taro busca fortalecer la integridad empresarial con nuevo convenio | Nexo Informativo Santiago de Quer\u00e9taro\",\"isPartOf\":{\"@id\":\"https:\/\/www.nexoinformativo.mx\/#website\"},\"primaryImageOfPage\":{\"@id\":\"https:\/\/www.nexoinformativo.mx\/index.php\/2025\/02\/06\/contraloria-de-queretaro-busca-fortalecer-la-integridad-empresarial-con-nuevo-convenio\/#primaryimage\"},\"image\":{\"@id\":\"https:\/\/www.nexoinformativo.mx\/index.php\/2025\/02\/06\/contraloria-de-queretaro-busca-fortalecer-la-integridad-empresarial-con-nuevo-convenio\/#primaryimage\"},\"thumbnailUrl\":\"https:\/\/www.nexoinformativo.mx\/wp-content\/uploads\/2025\/02\/IMG_0063-e1738883464845.jpg\",\"datePublished\":\"2025-02-06T19:00:14+00:00\",\"dateModified\":\"2025-02-06T23:11:32+00:00\",\"description\":\"Contralor\u00eda de Quer\u00e9taro busca fortalecer la integridad empresarial con nuevo convenio\",\"breadcrumb\":{\"@id\":\"https:\/\/www.nexoinformativo.mx\/index.php\/2025\/02\/06\/contraloria-de-queretaro-busca-fortalecer-la-integridad-empresarial-con-nuevo-convenio\/#breadcrumb\"},\"inLanguage\":\"es\",\"potentialAction\":[{\"@type\":\"ReadAction\",\"target\":[\"https:\/\/www.nexoinformativo.mx\/index.php\/2025\/02\/06\/contraloria-de-queretaro-busca-fortalecer-la-integridad-empresarial-con-nuevo-convenio\/\"]}]},{\"@type\":\"ImageObject\",\"inLanguage\":\"es\",\"@id\":\"https:\/\/www.nexoinformativo.mx\/index.php\/2025\/02\/06\/contraloria-de-queretaro-busca-fortalecer-la-integridad-empresarial-con-nuevo-convenio\/#primaryimage\",\"url\":\"https:\/\/www.nexoinformativo.mx\/wp-content\/uploads\/2025\/02\/IMG_0063-e1738883464845.jpg\",\"contentUrl\":\"https:\/\/www.nexoinformativo.mx\/wp-content\/uploads\/2025\/02\/IMG_0063-e1738883464845.jpg\",\"width\":800,\"height\":495},{\"@type\":\"BreadcrumbList\",\"@id\":\"https:\/\/www.nexoinformativo.mx\/index.php\/2025\/02\/06\/contraloria-de-queretaro-busca-fortalecer-la-integridad-empresarial-con-nuevo-convenio\/#breadcrumb\",\"itemListElement\":[{\"@type\":\"ListItem\",\"position\":1,\"name\":\"Inicio\",\"item\":\"https:\/\/www.nexoinformativo.mx\/\"},{\"@type\":\"ListItem\",\"position\":2,\"name\":\"Contralor\u00eda de Quer\u00e9taro busca fortalecer la integridad empresarial con nuevo convenio\"}]},{\"@type\":\"WebSite\",\"@id\":\"https:\/\/www.nexoinformativo.mx\/#website\",\"url\":\"https:\/\/www.nexoinformativo.mx\/\",\"name\":\"Nexo Informativo Santiago de Quer\u00e9taro\",\"description\":\"Explora NexoInformativo y convi\u00e9rtete en parte de una comunidad que valora el conocimiento y la verdad. Tu nexoinformativo es tu puente hacia una comprensi\u00f3n m\u00e1s profunda del mundo que te rodea.\",\"publisher\":{\"@id\":\"https:\/\/www.nexoinformativo.mx\/#organization\"},\"potentialAction\":[{\"@type\":\"SearchAction\",\"target\":{\"@type\":\"EntryPoint\",\"urlTemplate\":\"https:\/\/www.nexoinformativo.mx\/?s={search_term_string}\"},\"query-input\":{\"@type\":\"PropertyValueSpecification\",\"valueRequired\":true,\"valueName\":\"search_term_string\"}}],\"inLanguage\":\"es\"},{\"@type\":\"Organization\",\"@id\":\"https:\/\/www.nexoinformativo.mx\/#organization\",\"name\":\"Nexo Informativo Santiago de Quer\u00e9taro\",\"url\":\"https:\/\/www.nexoinformativo.mx\/\",\"logo\":{\"@type\":\"ImageObject\",\"inLanguage\":\"es\",\"@id\":\"https:\/\/www.nexoinformativo.mx\/#\/schema\/logo\/image\/\",\"url\":\"https:\/\/www.nexoinformativo.mx\/wp-content\/uploads\/2024\/07\/nexoi-trasparente-2.png\",\"contentUrl\":\"https:\/\/www.nexoinformativo.mx\/wp-content\/uploads\/2024\/07\/nexoi-trasparente-2.png\",\"width\":816,\"height\":339,\"caption\":\"Nexo Informativo Santiago de Quer\u00e9taro\"},\"image\":{\"@id\":\"https:\/\/www.nexoinformativo.mx\/#\/schema\/logo\/image\/\"},\"sameAs\":[\"https:\/\/www.facebook.com\/people\/Nexo-Informativo\/61564066885511\/\"]},{\"@type\":\"Person\",\"@id\":\"https:\/\/www.nexoinformativo.mx\/#\/schema\/person\/7749d380ba08c8ca00d7bc76fd907b7d\",\"name\":\"Nexo Informativo\",\"image\":{\"@type\":\"ImageObject\",\"inLanguage\":\"es\",\"@id\":\"https:\/\/www.nexoinformativo.mx\/#\/schema\/person\/image\/\",\"url\":\"https:\/\/secure.gravatar.com\/avatar\/dde2928154642a13d95f87ddf1ea9718fe2b46760a005c53e41ff5ad610704e6?s=96&d=mm&r=g\",\"contentUrl\":\"https:\/\/secure.gravatar.com\/avatar\/dde2928154642a13d95f87ddf1ea9718fe2b46760a005c53e41ff5ad610704e6?s=96&d=mm&r=g\",\"caption\":\"Nexo Informativo\"},\"url\":\"https:\/\/www.nexoinformativo.mx\/index.php\/author\/edicion\/\"}]}<\/script>\n<!-- \/ Yoast SEO plugin. -->","yoast_head_json":{"title":"Contralor\u00eda de Quer\u00e9taro busca fortalecer la integridad empresarial con nuevo convenio | Nexo Informativo Santiago de Quer\u00e9taro","description":"Contralor\u00eda de Quer\u00e9taro busca fortalecer la integridad empresarial con nuevo convenio","robots":{"index":"index","follow":"follow","max-snippet":"max-snippet:-1","max-image-preview":"max-image-preview:large","max-video-preview":"max-video-preview:-1"},"canonical":"https:\/\/www.nexoinformativo.mx\/index.php\/2025\/02\/06\/contraloria-de-queretaro-busca-fortalecer-la-integridad-empresarial-con-nuevo-convenio\/","og_locale":"es_MX","og_type":"article","og_title":"Contralor\u00eda de Quer\u00e9taro busca fortalecer la integridad empresarial con nuevo convenio | Nexo Informativo Santiago de Quer\u00e9taro","og_description":"Contralor\u00eda de Quer\u00e9taro busca fortalecer la integridad empresarial con nuevo convenio","og_url":"https:\/\/www.nexoinformativo.mx\/index.php\/2025\/02\/06\/contraloria-de-queretaro-busca-fortalecer-la-integridad-empresarial-con-nuevo-convenio\/","og_site_name":"Nexo Informativo Santiago de Quer\u00e9taro","article_publisher":"https:\/\/www.facebook.com\/people\/Nexo-Informativo\/61564066885511\/","article_published_time":"2025-02-06T19:00:14+00:00","article_modified_time":"2025-02-06T23:11:32+00:00","og_image":[{"width":800,"height":495,"url":"https:\/\/www.nexoinformativo.mx\/wp-content\/uploads\/2025\/02\/IMG_0063-e1738883464845.jpg","type":"image\/jpeg"}],"author":"Nexo Informativo","twitter_card":"summary_large_image","twitter_misc":{"Escrito por":"Nexo Informativo","Tiempo de lectura":"2 minutos"},"schema":{"@context":"https:\/\/schema.org","@graph":[{"@type":"Article","@id":"https:\/\/www.nexoinformativo.mx\/index.php\/2025\/02\/06\/contraloria-de-queretaro-busca-fortalecer-la-integridad-empresarial-con-nuevo-convenio\/#article","isPartOf":{"@id":"https:\/\/www.nexoinformativo.mx\/index.php\/2025\/02\/06\/contraloria-de-queretaro-busca-fortalecer-la-integridad-empresarial-con-nuevo-convenio\/"},"author":{"name":"Nexo Informativo","@id":"https:\/\/www.nexoinformativo.mx\/#\/schema\/person\/7749d380ba08c8ca00d7bc76fd907b7d"},"headline":"Contralor\u00eda de Quer\u00e9taro busca fortalecer la integridad empresarial con nuevo convenio","datePublished":"2025-02-06T19:00:14+00:00","dateModified":"2025-02-06T23:11:32+00:00","mainEntityOfPage":{"@id":"https:\/\/www.nexoinformativo.mx\/index.php\/2025\/02\/06\/contraloria-de-queretaro-busca-fortalecer-la-integridad-empresarial-con-nuevo-convenio\/"},"wordCount":310,"commentCount":0,"publisher":{"@id":"https:\/\/www.nexoinformativo.mx\/#organization"},"image":{"@id":"https:\/\/www.nexoinformativo.mx\/index.php\/2025\/02\/06\/contraloria-de-queretaro-busca-fortalecer-la-integridad-empresarial-con-nuevo-convenio\/#primaryimage"},"thumbnailUrl":"https:\/\/www.nexoinformativo.mx\/wp-content\/uploads\/2025\/02\/IMG_0063-e1738883464845.jpg","keywords":["Corrupci\u00f3n","IntegridadEmpresarial","Quer\u00e9taro","Transparencia"],"articleSection":["Estado","\u00daltima Hora"],"inLanguage":"es","potentialAction":[{"@type":"CommentAction","name":"Comment","target":["https:\/\/www.nexoinformativo.mx\/index.php\/2025\/02\/06\/contraloria-de-queretaro-busca-fortalecer-la-integridad-empresarial-con-nuevo-convenio\/#respond"]}]},{"@type":"WebPage","@id":"https:\/\/www.nexoinformativo.mx\/index.php\/2025\/02\/06\/contraloria-de-queretaro-busca-fortalecer-la-integridad-empresarial-con-nuevo-convenio\/","url":"https:\/\/www.nexoinformativo.mx\/index.php\/2025\/02\/06\/contraloria-de-queretaro-busca-fortalecer-la-integridad-empresarial-con-nuevo-convenio\/","name":"Contralor\u00eda de Quer\u00e9taro busca fortalecer la integridad empresarial con nuevo convenio | Nexo Informativo Santiago de Quer\u00e9taro","isPartOf":{"@id":"https:\/\/www.nexoinformativo.mx\/#website"},"primaryImageOfPage":{"@id":"https:\/\/www.nexoinformativo.mx\/index.php\/2025\/02\/06\/contraloria-de-queretaro-busca-fortalecer-la-integridad-empresarial-con-nuevo-convenio\/#primaryimage"},"image":{"@id":"https:\/\/www.nexoinformativo.mx\/index.php\/2025\/02\/06\/contraloria-de-queretaro-busca-fortalecer-la-integridad-empresarial-con-nuevo-convenio\/#primaryimage"},"thumbnailUrl":"https:\/\/www.nexoinformativo.mx\/wp-content\/uploads\/2025\/02\/IMG_0063-e1738883464845.jpg","datePublished":"2025-02-06T19:00:14+00:00","dateModified":"2025-02-06T23:11:32+00:00","description":"Contralor\u00eda de Quer\u00e9taro busca fortalecer la integridad empresarial con nuevo convenio","breadcrumb":{"@id":"https:\/\/www.nexoinformativo.mx\/index.php\/2025\/02\/06\/contraloria-de-queretaro-busca-fortalecer-la-integridad-empresarial-con-nuevo-convenio\/#breadcrumb"},"inLanguage":"es","potentialAction":[{"@type":"ReadAction","target":["https:\/\/www.nexoinformativo.mx\/index.php\/2025\/02\/06\/contraloria-de-queretaro-busca-fortalecer-la-integridad-empresarial-con-nuevo-convenio\/"]}]},{"@type":"ImageObject","inLanguage":"es","@id":"https:\/\/www.nexoinformativo.mx\/index.php\/2025\/02\/06\/contraloria-de-queretaro-busca-fortalecer-la-integridad-empresarial-con-nuevo-convenio\/#primaryimage","url":"https:\/\/www.nexoinformativo.mx\/wp-content\/uploads\/2025\/02\/IMG_0063-e1738883464845.jpg","contentUrl":"https:\/\/www.nexoinformativo.mx\/wp-content\/uploads\/2025\/02\/IMG_0063-e1738883464845.jpg","width":800,"height":495},{"@type":"BreadcrumbList","@id":"https:\/\/www.nexoinformativo.mx\/index.php\/2025\/02\/06\/contraloria-de-queretaro-busca-fortalecer-la-integridad-empresarial-con-nuevo-convenio\/#breadcrumb","itemListElement":[{"@type":"ListItem","position":1,"name":"Inicio","item":"https:\/\/www.nexoinformativo.mx\/"},{"@type":"ListItem","position":2,"name":"Contralor\u00eda de Quer\u00e9taro busca fortalecer la integridad empresarial con nuevo convenio"}]},{"@type":"WebSite","@id":"https:\/\/www.nexoinformativo.mx\/#website","url":"https:\/\/www.nexoinformativo.mx\/","name":"Nexo Informativo Santiago de Quer\u00e9taro","description":"Explora NexoInformativo y convi\u00e9rtete en parte de una comunidad que valora el conocimiento y la verdad. Tu nexoinformativo es tu puente hacia una comprensi\u00f3n m\u00e1s profunda del mundo que te rodea.","publisher":{"@id":"https:\/\/www.nexoinformativo.mx\/#organization"},"potentialAction":[{"@type":"SearchAction","target":{"@type":"EntryPoint","urlTemplate":"https:\/\/www.nexoinformativo.mx\/?s={search_term_string}"},"query-input":{"@type":"PropertyValueSpecification","valueRequired":true,"valueName":"search_term_string"}}],"inLanguage":"es"},{"@type":"Organization","@id":"https:\/\/www.nexoinformativo.mx\/#organization","name":"Nexo Informativo Santiago de Quer\u00e9taro","url":"https:\/\/www.nexoinformativo.mx\/","logo":{"@type":"ImageObject","inLanguage":"es","@id":"https:\/\/www.nexoinformativo.mx\/#\/schema\/logo\/image\/","url":"https:\/\/www.nexoinformativo.mx\/wp-content\/uploads\/2024\/07\/nexoi-trasparente-2.png","contentUrl":"https:\/\/www.nexoinformativo.mx\/wp-content\/uploads\/2024\/07\/nexoi-trasparente-2.png","width":816,"height":339,"caption":"Nexo Informativo Santiago de Quer\u00e9taro"},"image":{"@id":"https:\/\/www.nexoinformativo.mx\/#\/schema\/logo\/image\/"},"sameAs":["https:\/\/www.facebook.com\/people\/Nexo-Informativo\/61564066885511\/"]},{"@type":"Person","@id":"https:\/\/www.nexoinformativo.mx\/#\/schema\/person\/7749d380ba08c8ca00d7bc76fd907b7d","name":"Nexo Informativo","image":{"@type":"ImageObject","inLanguage":"es","@id":"https:\/\/www.nexoinformativo.mx\/#\/schema\/person\/image\/","url":"https:\/\/secure.gravatar.com\/avatar\/dde2928154642a13d95f87ddf1ea9718fe2b46760a005c53e41ff5ad610704e6?s=96&d=mm&r=g","contentUrl":"https:\/\/secure.gravatar.com\/avatar\/dde2928154642a13d95f87ddf1ea9718fe2b46760a005c53e41ff5ad610704e6?s=96&d=mm&r=g","caption":"Nexo Informativo"},"url":"https:\/\/www.nexoinformativo.mx\/index.php\/author\/edicion\/"}]}},"_links":{"self":[{"href":"https:\/\/www.nexoinformativo.mx\/index.php\/wp-json\/wp\/v2\/posts\/11303","targetHints":{"allow":["GET"]}}],"collection":[{"href":"https:\/\/www.nexoinformativo.mx\/index.php\/wp-json\/wp\/v2\/posts"}],"about":[{"href":"https:\/\/www.nexoinformativo.mx\/index.php\/wp-json\/wp\/v2\/types\/post"}],"author":[{"embeddable":true,"href":"https:\/\/www.nexoinformativo.mx\/index.php\/wp-json\/wp\/v2\/users\/3"}],"replies":[{"embeddable":true,"href":"https:\/\/www.nexoinformativo.mx\/index.php\/wp-json\/wp\/v2\/comments?post=11303"}],"version-history":[{"count":3,"href":"https:\/\/www.nexoinformativo.mx\/index.php\/wp-json\/wp\/v2\/posts\/11303\/revisions"}],"predecessor-version":[{"id":11307,"href":"https:\/\/www.nexoinformativo.mx\/index.php\/wp-json\/wp\/v2\/posts\/11303\/revisions\/11307"}],"wp:featuredmedia":[{"embeddable":true,"href":"https:\/\/www.nexoinformativo.mx\/index.php\/wp-json\/wp\/v2\/media\/11305"}],"wp:attachment":[{"href":"https:\/\/www.nexoinformativo.mx\/index.php\/wp-json\/wp\/v2\/media?parent=11303"}],"wp:term":[{"taxonomy":"category","embeddable":true,"href":"https:\/\/www.nexoinformativo.mx\/index.php\/wp-json\/wp\/v2\/categories?post=11303"},{"taxonomy":"post_tag","embeddable":true,"href":"https:\/\/www.nexoinformativo.mx\/index.php\/wp-json\/wp\/v2\/tags?post=11303"}],"curies":[{"name":"wp","href":"https:\/\/api.w.org\/{rel}","templated":true}]}}