{"id":11308,"date":"2025-02-06T14:00:49","date_gmt":"2025-02-06T20:00:49","guid":{"rendered":"https:\/\/www.nexoinformativo.mx\/?p=11308"},"modified":"2025-02-06T17:17:44","modified_gmt":"2025-02-06T23:17:44","slug":"la-sombra-del-gato-negro-y-otras-historias-en-la-cartelera-literaria-de-queretaro","status":"publish","type":"post","link":"https:\/\/www.nexoinformativo.mx\/index.php\/2025\/02\/06\/la-sombra-del-gato-negro-y-otras-historias-en-la-cartelera-literaria-de-queretaro\/","title":{"rendered":"La sombra del gato negro y otras historias en la cartelera literaria de Quer\u00e9taro"},"content":{"rendered":"<p style=\"text-align: justify;\" data-sourcepos=\"11:1-11:479\"><strong>El Centro de las Artes de Quer\u00e9taro<\/strong> (CEART) se convierte nuevamente en el epicentro de la literatura local con la presentaci\u00f3n del libro <strong>&#8220;La sombra del gato negro&#8221;<\/strong>, una antolog\u00eda que da inicio a un nuevo ciclo de la cartelera ciudadana <strong>&#8220;Tomo la Palabra&#8221;<\/strong>.<\/p>\n<p>&nbsp;<\/p>\n<p style=\"text-align: justify;\" data-sourcepos=\"11:1-11:479\">Esta iniciativa, impulsada por el Consejo Literario Queretano (CLQ) y la Secretar\u00eda de Cultura del estado, busca brindar un espacio a autores y editoriales independientes para dar a conocer sus obras.<\/p>\n<p>&nbsp;<\/p>\n<p style=\"text-align: justify;\" data-sourcepos=\"13:1-13:248\"><strong>&#8220;Tomo la Palabra&#8221;<\/strong> surgi\u00f3 en 2022 como una alternativa para que escritores y editoriales pudieran presentar sus trabajos de manera directa y sin burocracia. Desde entonces, se han realizado m\u00e1s de 150 presentaciones en diferentes espacios del CEART.<\/p>\n<p>&nbsp;<\/p>\n<p style=\"text-align: justify;\" data-sourcepos=\"15:1-15:386\">La antolog\u00eda &#8220;La sombra del gato negro&#8221; es un proyecto especial que surgi\u00f3 de la colaboraci\u00f3n entre Roc\u00edo y Brenda Ortiz, quienes a trav\u00e9s de su librer\u00eda-cafeter\u00eda buscan promover el bienestar animal y la literatura.<\/p>\n<p>&nbsp;<\/p>\n<p style=\"text-align: justify;\" data-sourcepos=\"15:1-15:386\">La convocatoria para participar en esta antolog\u00eda gir\u00f3 en torno a los gatos, generando una diversidad de textos que exploran diferentes perspectivas sobre este animal.<\/p>\n<p>&nbsp;<\/p>\n<p style=\"text-align: justify;\" data-sourcepos=\"17:1-17:206\">Adem\u00e1s de &#8220;La sombra del gato negro&#8221;, en febrero se presentar\u00e1n otros t\u00edtulos como &#8220;Los d\u00edas que me acord\u00e9 de escribir&#8221; de Max Gir\u00f3n Granados y &#8220;Medusas de arena&#8221;, una antolog\u00eda del Taller Oliverio Girondo.<\/p>\n<p>&nbsp;<\/p>\n<p style=\"text-align: justify;\" data-sourcepos=\"19:1-19:227\">&#8220;Tomo la Palabra&#8221; se ha consolidado como un espacio fundamental para la difusi\u00f3n de la literatura independiente en Quer\u00e9taro, brindando a los autores una plataforma para dar a conocer sus obras y conectar con el p\u00fablico lector.<\/p>\n<p>&nbsp;<\/p>\n<p style=\"text-align: center;\" data-sourcepos=\"19:1-19:227\"><em><strong>\u00a1Informaci\u00f3n que transforma!<\/strong><\/em><\/p>\n","protected":false},"excerpt":{"rendered":"<p>El Centro de las Artes de Quer\u00e9taro (CEART) se convierte nuevamente en el epicentro de la literatura local con la presentaci\u00f3n del libro &#8220;La sombra del gato negro&#8221;, una antolog\u00eda que da inicio a un nuevo ciclo de la cartelera ciudadana &#8220;Tomo la Palabra&#8221;.<\/p>\n","protected":false},"author":3,"featured_media":11311,"comment_status":"open","ping_status":"open","sticky":false,"template":"","format":"standard","meta":{"footnotes":""},"categories":[50,58],"tags":[3357,3358,3355,3356],"class_list":["post-11308","post","type-post","status-publish","format-standard","has-post-thumbnail","hentry","category-espectaculos","category-ultima-hora","tag-ceart","tag-libros","tag-literaturaqueretana","tag-tomolapalabra"],"yoast_head":"<!-- This site is optimized with the Yoast SEO plugin v25.0 - https:\/\/yoast.com\/wordpress\/plugins\/seo\/ -->\n<title>La sombra del gato negro y otras historias en la cartelera literaria de Quer\u00e9taro | Nexo Informativo Santiago de Quer\u00e9taro<\/title>\n<meta name=\"description\" content=\"La sombra del gato negro y otras historias en la cartelera literaria de Quer\u00e9taro\" \/>\n<meta name=\"robots\" content=\"index, follow, max-snippet:-1, max-image-preview:large, max-video-preview:-1\" \/>\n<link rel=\"canonical\" href=\"https:\/\/www.nexoinformativo.mx\/index.php\/2025\/02\/06\/la-sombra-del-gato-negro-y-otras-historias-en-la-cartelera-literaria-de-queretaro\/\" \/>\n<meta property=\"og:locale\" content=\"es_MX\" \/>\n<meta property=\"og:type\" content=\"article\" \/>\n<meta property=\"og:title\" content=\"La sombra del gato negro y otras historias en la cartelera literaria de Quer\u00e9taro | Nexo Informativo Santiago de Quer\u00e9taro\" \/>\n<meta property=\"og:description\" content=\"La sombra del gato negro y otras historias en la cartelera literaria de Quer\u00e9taro\" \/>\n<meta property=\"og:url\" content=\"https:\/\/www.nexoinformativo.mx\/index.php\/2025\/02\/06\/la-sombra-del-gato-negro-y-otras-historias-en-la-cartelera-literaria-de-queretaro\/\" \/>\n<meta property=\"og:site_name\" content=\"Nexo Informativo Santiago de Quer\u00e9taro\" \/>\n<meta property=\"article:publisher\" content=\"https:\/\/www.facebook.com\/people\/Nexo-Informativo\/61564066885511\/\" \/>\n<meta property=\"article:published_time\" content=\"2025-02-06T20:00:49+00:00\" \/>\n<meta property=\"article:modified_time\" content=\"2025-02-06T23:17:44+00:00\" \/>\n<meta property=\"og:image\" content=\"https:\/\/www.nexoinformativo.mx\/wp-content\/uploads\/2025\/02\/ef1fa72b-c18b-4588-93fd-a91302912d0b-e1738883818970.jpg\" \/>\n\t<meta property=\"og:image:width\" content=\"500\" \/>\n\t<meta property=\"og:image:height\" content=\"773\" \/>\n\t<meta property=\"og:image:type\" content=\"image\/jpeg\" \/>\n<meta name=\"author\" content=\"Nexo Informativo\" \/>\n<meta name=\"twitter:card\" content=\"summary_large_image\" \/>\n<meta name=\"twitter:label1\" content=\"Escrito por\" \/>\n\t<meta name=\"twitter:data1\" content=\"Nexo Informativo\" \/>\n\t<meta name=\"twitter:label2\" content=\"Tiempo de lectura\" \/>\n\t<meta name=\"twitter:data2\" content=\"2 minutos\" \/>\n<script type=\"application\/ld+json\" class=\"yoast-schema-graph\">{\"@context\":\"https:\/\/schema.org\",\"@graph\":[{\"@type\":\"Article\",\"@id\":\"https:\/\/www.nexoinformativo.mx\/index.php\/2025\/02\/06\/la-sombra-del-gato-negro-y-otras-historias-en-la-cartelera-literaria-de-queretaro\/#article\",\"isPartOf\":{\"@id\":\"https:\/\/www.nexoinformativo.mx\/index.php\/2025\/02\/06\/la-sombra-del-gato-negro-y-otras-historias-en-la-cartelera-literaria-de-queretaro\/\"},\"author\":{\"name\":\"Nexo Informativo\",\"@id\":\"https:\/\/www.nexoinformativo.mx\/#\/schema\/person\/7749d380ba08c8ca00d7bc76fd907b7d\"},\"headline\":\"La sombra del gato negro y otras historias en la cartelera literaria de Quer\u00e9taro\",\"datePublished\":\"2025-02-06T20:00:49+00:00\",\"dateModified\":\"2025-02-06T23:17:44+00:00\",\"mainEntityOfPage\":{\"@id\":\"https:\/\/www.nexoinformativo.mx\/index.php\/2025\/02\/06\/la-sombra-del-gato-negro-y-otras-historias-en-la-cartelera-literaria-de-queretaro\/\"},\"wordCount\":290,\"commentCount\":0,\"publisher\":{\"@id\":\"https:\/\/www.nexoinformativo.mx\/#organization\"},\"image\":{\"@id\":\"https:\/\/www.nexoinformativo.mx\/index.php\/2025\/02\/06\/la-sombra-del-gato-negro-y-otras-historias-en-la-cartelera-literaria-de-queretaro\/#primaryimage\"},\"thumbnailUrl\":\"https:\/\/www.nexoinformativo.mx\/wp-content\/uploads\/2025\/02\/ef1fa72b-c18b-4588-93fd-a91302912d0b-e1738883818970.jpg\",\"keywords\":[\"CEART\",\"Libros\",\"LiteraturaQueretana\",\"TomoLaPalabra\"],\"articleSection\":[\"Espect\u00e1culos\",\"\u00daltima Hora\"],\"inLanguage\":\"es\",\"potentialAction\":[{\"@type\":\"CommentAction\",\"name\":\"Comment\",\"target\":[\"https:\/\/www.nexoinformativo.mx\/index.php\/2025\/02\/06\/la-sombra-del-gato-negro-y-otras-historias-en-la-cartelera-literaria-de-queretaro\/#respond\"]}]},{\"@type\":\"WebPage\",\"@id\":\"https:\/\/www.nexoinformativo.mx\/index.php\/2025\/02\/06\/la-sombra-del-gato-negro-y-otras-historias-en-la-cartelera-literaria-de-queretaro\/\",\"url\":\"https:\/\/www.nexoinformativo.mx\/index.php\/2025\/02\/06\/la-sombra-del-gato-negro-y-otras-historias-en-la-cartelera-literaria-de-queretaro\/\",\"name\":\"La sombra del gato negro y otras historias en la cartelera literaria de Quer\u00e9taro | Nexo Informativo Santiago de Quer\u00e9taro\",\"isPartOf\":{\"@id\":\"https:\/\/www.nexoinformativo.mx\/#website\"},\"primaryImageOfPage\":{\"@id\":\"https:\/\/www.nexoinformativo.mx\/index.php\/2025\/02\/06\/la-sombra-del-gato-negro-y-otras-historias-en-la-cartelera-literaria-de-queretaro\/#primaryimage\"},\"image\":{\"@id\":\"https:\/\/www.nexoinformativo.mx\/index.php\/2025\/02\/06\/la-sombra-del-gato-negro-y-otras-historias-en-la-cartelera-literaria-de-queretaro\/#primaryimage\"},\"thumbnailUrl\":\"https:\/\/www.nexoinformativo.mx\/wp-content\/uploads\/2025\/02\/ef1fa72b-c18b-4588-93fd-a91302912d0b-e1738883818970.jpg\",\"datePublished\":\"2025-02-06T20:00:49+00:00\",\"dateModified\":\"2025-02-06T23:17:44+00:00\",\"description\":\"La sombra del gato negro y otras historias en la cartelera literaria de Quer\u00e9taro\",\"breadcrumb\":{\"@id\":\"https:\/\/www.nexoinformativo.mx\/index.php\/2025\/02\/06\/la-sombra-del-gato-negro-y-otras-historias-en-la-cartelera-literaria-de-queretaro\/#breadcrumb\"},\"inLanguage\":\"es\",\"potentialAction\":[{\"@type\":\"ReadAction\",\"target\":[\"https:\/\/www.nexoinformativo.mx\/index.php\/2025\/02\/06\/la-sombra-del-gato-negro-y-otras-historias-en-la-cartelera-literaria-de-queretaro\/\"]}]},{\"@type\":\"ImageObject\",\"inLanguage\":\"es\",\"@id\":\"https:\/\/www.nexoinformativo.mx\/index.php\/2025\/02\/06\/la-sombra-del-gato-negro-y-otras-historias-en-la-cartelera-literaria-de-queretaro\/#primaryimage\",\"url\":\"https:\/\/www.nexoinformativo.mx\/wp-content\/uploads\/2025\/02\/ef1fa72b-c18b-4588-93fd-a91302912d0b-e1738883818970.jpg\",\"contentUrl\":\"https:\/\/www.nexoinformativo.mx\/wp-content\/uploads\/2025\/02\/ef1fa72b-c18b-4588-93fd-a91302912d0b-e1738883818970.jpg\",\"width\":500,\"height\":773},{\"@type\":\"BreadcrumbList\",\"@id\":\"https:\/\/www.nexoinformativo.mx\/index.php\/2025\/02\/06\/la-sombra-del-gato-negro-y-otras-historias-en-la-cartelera-literaria-de-queretaro\/#breadcrumb\",\"itemListElement\":[{\"@type\":\"ListItem\",\"position\":1,\"name\":\"Inicio\",\"item\":\"https:\/\/www.nexoinformativo.mx\/\"},{\"@type\":\"ListItem\",\"position\":2,\"name\":\"La sombra del gato negro y otras historias en la cartelera literaria de Quer\u00e9taro\"}]},{\"@type\":\"WebSite\",\"@id\":\"https:\/\/www.nexoinformativo.mx\/#website\",\"url\":\"https:\/\/www.nexoinformativo.mx\/\",\"name\":\"Nexo Informativo Santiago de Quer\u00e9taro\",\"description\":\"Explora NexoInformativo y convi\u00e9rtete en parte de una comunidad que valora el conocimiento y la verdad. Tu nexoinformativo es tu puente hacia una comprensi\u00f3n m\u00e1s profunda del mundo que te rodea.\",\"publisher\":{\"@id\":\"https:\/\/www.nexoinformativo.mx\/#organization\"},\"potentialAction\":[{\"@type\":\"SearchAction\",\"target\":{\"@type\":\"EntryPoint\",\"urlTemplate\":\"https:\/\/www.nexoinformativo.mx\/?s={search_term_string}\"},\"query-input\":{\"@type\":\"PropertyValueSpecification\",\"valueRequired\":true,\"valueName\":\"search_term_string\"}}],\"inLanguage\":\"es\"},{\"@type\":\"Organization\",\"@id\":\"https:\/\/www.nexoinformativo.mx\/#organization\",\"name\":\"Nexo Informativo Santiago de Quer\u00e9taro\",\"url\":\"https:\/\/www.nexoinformativo.mx\/\",\"logo\":{\"@type\":\"ImageObject\",\"inLanguage\":\"es\",\"@id\":\"https:\/\/www.nexoinformativo.mx\/#\/schema\/logo\/image\/\",\"url\":\"https:\/\/www.nexoinformativo.mx\/wp-content\/uploads\/2024\/07\/nexoi-trasparente-2.png\",\"contentUrl\":\"https:\/\/www.nexoinformativo.mx\/wp-content\/uploads\/2024\/07\/nexoi-trasparente-2.png\",\"width\":816,\"height\":339,\"caption\":\"Nexo Informativo Santiago de Quer\u00e9taro\"},\"image\":{\"@id\":\"https:\/\/www.nexoinformativo.mx\/#\/schema\/logo\/image\/\"},\"sameAs\":[\"https:\/\/www.facebook.com\/people\/Nexo-Informativo\/61564066885511\/\"]},{\"@type\":\"Person\",\"@id\":\"https:\/\/www.nexoinformativo.mx\/#\/schema\/person\/7749d380ba08c8ca00d7bc76fd907b7d\",\"name\":\"Nexo Informativo\",\"image\":{\"@type\":\"ImageObject\",\"inLanguage\":\"es\",\"@id\":\"https:\/\/www.nexoinformativo.mx\/#\/schema\/person\/image\/\",\"url\":\"https:\/\/secure.gravatar.com\/avatar\/dde2928154642a13d95f87ddf1ea9718fe2b46760a005c53e41ff5ad610704e6?s=96&d=mm&r=g\",\"contentUrl\":\"https:\/\/secure.gravatar.com\/avatar\/dde2928154642a13d95f87ddf1ea9718fe2b46760a005c53e41ff5ad610704e6?s=96&d=mm&r=g\",\"caption\":\"Nexo Informativo\"},\"url\":\"https:\/\/www.nexoinformativo.mx\/index.php\/author\/edicion\/\"}]}<\/script>\n<!-- \/ Yoast SEO plugin. -->","yoast_head_json":{"title":"La sombra del gato negro y otras historias en la cartelera literaria de Quer\u00e9taro | Nexo Informativo Santiago de Quer\u00e9taro","description":"La sombra del gato negro y otras historias en la cartelera literaria de Quer\u00e9taro","robots":{"index":"index","follow":"follow","max-snippet":"max-snippet:-1","max-image-preview":"max-image-preview:large","max-video-preview":"max-video-preview:-1"},"canonical":"https:\/\/www.nexoinformativo.mx\/index.php\/2025\/02\/06\/la-sombra-del-gato-negro-y-otras-historias-en-la-cartelera-literaria-de-queretaro\/","og_locale":"es_MX","og_type":"article","og_title":"La sombra del gato negro y otras historias en la cartelera literaria de Quer\u00e9taro | Nexo Informativo Santiago de Quer\u00e9taro","og_description":"La sombra del gato negro y otras historias en la cartelera literaria de Quer\u00e9taro","og_url":"https:\/\/www.nexoinformativo.mx\/index.php\/2025\/02\/06\/la-sombra-del-gato-negro-y-otras-historias-en-la-cartelera-literaria-de-queretaro\/","og_site_name":"Nexo Informativo Santiago de Quer\u00e9taro","article_publisher":"https:\/\/www.facebook.com\/people\/Nexo-Informativo\/61564066885511\/","article_published_time":"2025-02-06T20:00:49+00:00","article_modified_time":"2025-02-06T23:17:44+00:00","og_image":[{"width":500,"height":773,"url":"https:\/\/www.nexoinformativo.mx\/wp-content\/uploads\/2025\/02\/ef1fa72b-c18b-4588-93fd-a91302912d0b-e1738883818970.jpg","type":"image\/jpeg"}],"author":"Nexo Informativo","twitter_card":"summary_large_image","twitter_misc":{"Escrito por":"Nexo Informativo","Tiempo de lectura":"2 minutos"},"schema":{"@context":"https:\/\/schema.org","@graph":[{"@type":"Article","@id":"https:\/\/www.nexoinformativo.mx\/index.php\/2025\/02\/06\/la-sombra-del-gato-negro-y-otras-historias-en-la-cartelera-literaria-de-queretaro\/#article","isPartOf":{"@id":"https:\/\/www.nexoinformativo.mx\/index.php\/2025\/02\/06\/la-sombra-del-gato-negro-y-otras-historias-en-la-cartelera-literaria-de-queretaro\/"},"author":{"name":"Nexo Informativo","@id":"https:\/\/www.nexoinformativo.mx\/#\/schema\/person\/7749d380ba08c8ca00d7bc76fd907b7d"},"headline":"La sombra del gato negro y otras historias en la cartelera literaria de Quer\u00e9taro","datePublished":"2025-02-06T20:00:49+00:00","dateModified":"2025-02-06T23:17:44+00:00","mainEntityOfPage":{"@id":"https:\/\/www.nexoinformativo.mx\/index.php\/2025\/02\/06\/la-sombra-del-gato-negro-y-otras-historias-en-la-cartelera-literaria-de-queretaro\/"},"wordCount":290,"commentCount":0,"publisher":{"@id":"https:\/\/www.nexoinformativo.mx\/#organization"},"image":{"@id":"https:\/\/www.nexoinformativo.mx\/index.php\/2025\/02\/06\/la-sombra-del-gato-negro-y-otras-historias-en-la-cartelera-literaria-de-queretaro\/#primaryimage"},"thumbnailUrl":"https:\/\/www.nexoinformativo.mx\/wp-content\/uploads\/2025\/02\/ef1fa72b-c18b-4588-93fd-a91302912d0b-e1738883818970.jpg","keywords":["CEART","Libros","LiteraturaQueretana","TomoLaPalabra"],"articleSection":["Espect\u00e1culos","\u00daltima Hora"],"inLanguage":"es","potentialAction":[{"@type":"CommentAction","name":"Comment","target":["https:\/\/www.nexoinformativo.mx\/index.php\/2025\/02\/06\/la-sombra-del-gato-negro-y-otras-historias-en-la-cartelera-literaria-de-queretaro\/#respond"]}]},{"@type":"WebPage","@id":"https:\/\/www.nexoinformativo.mx\/index.php\/2025\/02\/06\/la-sombra-del-gato-negro-y-otras-historias-en-la-cartelera-literaria-de-queretaro\/","url":"https:\/\/www.nexoinformativo.mx\/index.php\/2025\/02\/06\/la-sombra-del-gato-negro-y-otras-historias-en-la-cartelera-literaria-de-queretaro\/","name":"La sombra del gato negro y otras historias en la cartelera literaria de Quer\u00e9taro | Nexo Informativo Santiago de Quer\u00e9taro","isPartOf":{"@id":"https:\/\/www.nexoinformativo.mx\/#website"},"primaryImageOfPage":{"@id":"https:\/\/www.nexoinformativo.mx\/index.php\/2025\/02\/06\/la-sombra-del-gato-negro-y-otras-historias-en-la-cartelera-literaria-de-queretaro\/#primaryimage"},"image":{"@id":"https:\/\/www.nexoinformativo.mx\/index.php\/2025\/02\/06\/la-sombra-del-gato-negro-y-otras-historias-en-la-cartelera-literaria-de-queretaro\/#primaryimage"},"thumbnailUrl":"https:\/\/www.nexoinformativo.mx\/wp-content\/uploads\/2025\/02\/ef1fa72b-c18b-4588-93fd-a91302912d0b-e1738883818970.jpg","datePublished":"2025-02-06T20:00:49+00:00","dateModified":"2025-02-06T23:17:44+00:00","description":"La sombra del gato negro y otras historias en la cartelera literaria de Quer\u00e9taro","breadcrumb":{"@id":"https:\/\/www.nexoinformativo.mx\/index.php\/2025\/02\/06\/la-sombra-del-gato-negro-y-otras-historias-en-la-cartelera-literaria-de-queretaro\/#breadcrumb"},"inLanguage":"es","potentialAction":[{"@type":"ReadAction","target":["https:\/\/www.nexoinformativo.mx\/index.php\/2025\/02\/06\/la-sombra-del-gato-negro-y-otras-historias-en-la-cartelera-literaria-de-queretaro\/"]}]},{"@type":"ImageObject","inLanguage":"es","@id":"https:\/\/www.nexoinformativo.mx\/index.php\/2025\/02\/06\/la-sombra-del-gato-negro-y-otras-historias-en-la-cartelera-literaria-de-queretaro\/#primaryimage","url":"https:\/\/www.nexoinformativo.mx\/wp-content\/uploads\/2025\/02\/ef1fa72b-c18b-4588-93fd-a91302912d0b-e1738883818970.jpg","contentUrl":"https:\/\/www.nexoinformativo.mx\/wp-content\/uploads\/2025\/02\/ef1fa72b-c18b-4588-93fd-a91302912d0b-e1738883818970.jpg","width":500,"height":773},{"@type":"BreadcrumbList","@id":"https:\/\/www.nexoinformativo.mx\/index.php\/2025\/02\/06\/la-sombra-del-gato-negro-y-otras-historias-en-la-cartelera-literaria-de-queretaro\/#breadcrumb","itemListElement":[{"@type":"ListItem","position":1,"name":"Inicio","item":"https:\/\/www.nexoinformativo.mx\/"},{"@type":"ListItem","position":2,"name":"La sombra del gato negro y otras historias en la cartelera literaria de Quer\u00e9taro"}]},{"@type":"WebSite","@id":"https:\/\/www.nexoinformativo.mx\/#website","url":"https:\/\/www.nexoinformativo.mx\/","name":"Nexo Informativo Santiago de Quer\u00e9taro","description":"Explora NexoInformativo y convi\u00e9rtete en parte de una comunidad que valora el conocimiento y la verdad. Tu nexoinformativo es tu puente hacia una comprensi\u00f3n m\u00e1s profunda del mundo que te rodea.","publisher":{"@id":"https:\/\/www.nexoinformativo.mx\/#organization"},"potentialAction":[{"@type":"SearchAction","target":{"@type":"EntryPoint","urlTemplate":"https:\/\/www.nexoinformativo.mx\/?s={search_term_string}"},"query-input":{"@type":"PropertyValueSpecification","valueRequired":true,"valueName":"search_term_string"}}],"inLanguage":"es"},{"@type":"Organization","@id":"https:\/\/www.nexoinformativo.mx\/#organization","name":"Nexo Informativo Santiago de Quer\u00e9taro","url":"https:\/\/www.nexoinformativo.mx\/","logo":{"@type":"ImageObject","inLanguage":"es","@id":"https:\/\/www.nexoinformativo.mx\/#\/schema\/logo\/image\/","url":"https:\/\/www.nexoinformativo.mx\/wp-content\/uploads\/2024\/07\/nexoi-trasparente-2.png","contentUrl":"https:\/\/www.nexoinformativo.mx\/wp-content\/uploads\/2024\/07\/nexoi-trasparente-2.png","width":816,"height":339,"caption":"Nexo Informativo Santiago de Quer\u00e9taro"},"image":{"@id":"https:\/\/www.nexoinformativo.mx\/#\/schema\/logo\/image\/"},"sameAs":["https:\/\/www.facebook.com\/people\/Nexo-Informativo\/61564066885511\/"]},{"@type":"Person","@id":"https:\/\/www.nexoinformativo.mx\/#\/schema\/person\/7749d380ba08c8ca00d7bc76fd907b7d","name":"Nexo Informativo","image":{"@type":"ImageObject","inLanguage":"es","@id":"https:\/\/www.nexoinformativo.mx\/#\/schema\/person\/image\/","url":"https:\/\/secure.gravatar.com\/avatar\/dde2928154642a13d95f87ddf1ea9718fe2b46760a005c53e41ff5ad610704e6?s=96&d=mm&r=g","contentUrl":"https:\/\/secure.gravatar.com\/avatar\/dde2928154642a13d95f87ddf1ea9718fe2b46760a005c53e41ff5ad610704e6?s=96&d=mm&r=g","caption":"Nexo Informativo"},"url":"https:\/\/www.nexoinformativo.mx\/index.php\/author\/edicion\/"}]}},"_links":{"self":[{"href":"https:\/\/www.nexoinformativo.mx\/index.php\/wp-json\/wp\/v2\/posts\/11308","targetHints":{"allow":["GET"]}}],"collection":[{"href":"https:\/\/www.nexoinformativo.mx\/index.php\/wp-json\/wp\/v2\/posts"}],"about":[{"href":"https:\/\/www.nexoinformativo.mx\/index.php\/wp-json\/wp\/v2\/types\/post"}],"author":[{"embeddable":true,"href":"https:\/\/www.nexoinformativo.mx\/index.php\/wp-json\/wp\/v2\/users\/3"}],"replies":[{"embeddable":true,"href":"https:\/\/www.nexoinformativo.mx\/index.php\/wp-json\/wp\/v2\/comments?post=11308"}],"version-history":[{"count":5,"href":"https:\/\/www.nexoinformativo.mx\/index.php\/wp-json\/wp\/v2\/posts\/11308\/revisions"}],"predecessor-version":[{"id":11314,"href":"https:\/\/www.nexoinformativo.mx\/index.php\/wp-json\/wp\/v2\/posts\/11308\/revisions\/11314"}],"wp:featuredmedia":[{"embeddable":true,"href":"https:\/\/www.nexoinformativo.mx\/index.php\/wp-json\/wp\/v2\/media\/11311"}],"wp:attachment":[{"href":"https:\/\/www.nexoinformativo.mx\/index.php\/wp-json\/wp\/v2\/media?parent=11308"}],"wp:term":[{"taxonomy":"category","embeddable":true,"href":"https:\/\/www.nexoinformativo.mx\/index.php\/wp-json\/wp\/v2\/categories?post=11308"},{"taxonomy":"post_tag","embeddable":true,"href":"https:\/\/www.nexoinformativo.mx\/index.php\/wp-json\/wp\/v2\/tags?post=11308"}],"curies":[{"name":"wp","href":"https:\/\/api.w.org\/{rel}","templated":true}]}}