{"id":11333,"date":"2025-02-07T06:40:56","date_gmt":"2025-02-07T12:40:56","guid":{"rendered":"https:\/\/www.nexoinformativo.mx\/?p=11333"},"modified":"2025-02-07T07:40:28","modified_gmt":"2025-02-07T13:40:28","slug":"ebrard-y-canacero-impulsan-transparencia-y-fortalecimiento-de-la-industria-del-acero-en-mexico","status":"publish","type":"post","link":"https:\/\/www.nexoinformativo.mx\/index.php\/2025\/02\/07\/ebrard-y-canacero-impulsan-transparencia-y-fortalecimiento-de-la-industria-del-acero-en-mexico\/","title":{"rendered":"Ebrard y Canacero impulsan transparencia y fortalecimiento de la industria del acero en M\u00e9xico"},"content":{"rendered":"<p style=\"text-align: justify;\">El secretario de Econom\u00eda, Marcelo Ebrard, se reuni\u00f3 con directivos de la C\u00e1mara Nacional de la Industria del Hierro y del Acero (Canacero) para fortalecer la industria acerera mexicana.<\/p>\n<p>&nbsp;<\/p>\n<p style=\"text-align: justify;\">Durante el encuentro, present\u00f3 el nuevo <strong>Monitor de Comercio de Acero en M\u00e9xico<\/strong>, una herramienta clave para mejorar la transparencia y control en el comercio de productos sider\u00fargicos.<\/p>\n<\/p>\n<p>&nbsp;<\/p>\n<p style=\"text-align: justify;\">Esta herramienta permitir\u00e1 a la industria y al gobierno acceder a informaci\u00f3n detallada sobre importaciones y exportaciones de acero.<\/p>\n<p>&nbsp;<\/p>\n<p style=\"text-align: justify;\">El Monitor de Comercio de Acero tendr\u00e1 varios beneficios: transparencia, identificaci\u00f3n del pa\u00eds de origen y volumen de importaciones y exportaciones, trazabilidad del acero para garantizar la supervisi\u00f3n del origen y calidad del material, y proporcionar inteligencia comercial para identificar riesgos y prevenir pr\u00e1cticas desleales en el comercio del acero.<\/p>\n<p>&nbsp;<\/p>\n<p style=\"text-align: justify;\">Ebrard destac\u00f3 que se trabajar\u00e1 con la industria para alinear inversiones y fortalecer el contenido nacional en el marco del Plan M\u00e9xico.<\/p>\n<p>&nbsp;<\/p>\n<p style=\"text-align: justify;\">A trav\u00e9s de inversiones estrat\u00e9gicas, se buscar\u00e1 hacer del sector acerero uno de los m\u00e1s competitivos a nivel mundial, refrendando inversiones por m\u00e1s de ocho mil millones de d\u00f3lares en los pr\u00f3ximos a\u00f1os.<\/p>\n<p>&nbsp;<\/p>\n<p style=\"text-align: center;\"><em><strong>\u00a1Informaci\u00f3n que transforma!<\/strong><\/em><\/p>\n","protected":false},"excerpt":{"rendered":"<p>El secretario de Econom\u00eda, Marcelo Ebrard, se reuni\u00f3 con directivos de la C\u00e1mara Nacional de la Industria del Hierro y del Acero (Canacero) para fortalecer la industria acerera mexicana.<\/p>\n","protected":false},"author":3,"featured_media":11335,"comment_status":"open","ping_status":"open","sticky":false,"template":"","format":"standard","meta":{"footnotes":""},"categories":[5,88,58],"tags":[3363,3361,1929,3362],"class_list":["post-11333","post","type-post","status-publish","format-standard","has-post-thumbnail","hentry","category-economia","category-nacional","category-ultima-hora","tag-canacero","tag-industriaacerera","tag-marceloebrard","tag-transparenciacomercial"],"yoast_head":"<!-- This site is optimized with the Yoast SEO plugin v25.0 - https:\/\/yoast.com\/wordpress\/plugins\/seo\/ -->\n<title>Ebrard y Canacero impulsan transparencia y fortalecimiento de la industria del acero en M\u00e9xico | Nexo Informativo Santiago de Quer\u00e9taro<\/title>\n<meta name=\"description\" content=\"Ebrard y Canacero impulsan transparencia y fortalecimiento de la industria del acero en M\u00e9xico\" \/>\n<meta name=\"robots\" content=\"index, follow, max-snippet:-1, max-image-preview:large, max-video-preview:-1\" \/>\n<link rel=\"canonical\" href=\"https:\/\/www.nexoinformativo.mx\/index.php\/2025\/02\/07\/ebrard-y-canacero-impulsan-transparencia-y-fortalecimiento-de-la-industria-del-acero-en-mexico\/\" \/>\n<meta property=\"og:locale\" content=\"es_MX\" \/>\n<meta property=\"og:type\" content=\"article\" \/>\n<meta property=\"og:title\" content=\"Ebrard y Canacero impulsan transparencia y fortalecimiento de la industria del acero en M\u00e9xico | Nexo Informativo Santiago de Quer\u00e9taro\" \/>\n<meta property=\"og:description\" content=\"Ebrard y Canacero impulsan transparencia y fortalecimiento de la industria del acero en M\u00e9xico\" \/>\n<meta property=\"og:url\" content=\"https:\/\/www.nexoinformativo.mx\/index.php\/2025\/02\/07\/ebrard-y-canacero-impulsan-transparencia-y-fortalecimiento-de-la-industria-del-acero-en-mexico\/\" \/>\n<meta property=\"og:site_name\" content=\"Nexo Informativo Santiago de Quer\u00e9taro\" \/>\n<meta property=\"article:publisher\" content=\"https:\/\/www.facebook.com\/people\/Nexo-Informativo\/61564066885511\/\" \/>\n<meta property=\"article:published_time\" content=\"2025-02-07T12:40:56+00:00\" \/>\n<meta property=\"article:modified_time\" content=\"2025-02-07T13:40:28+00:00\" \/>\n<meta property=\"og:image\" content=\"https:\/\/www.nexoinformativo.mx\/wp-content\/uploads\/2025\/02\/IMG_0076.jpeg\" \/>\n\t<meta property=\"og:image:width\" content=\"650\" \/>\n\t<meta property=\"og:image:height\" content=\"380\" \/>\n\t<meta property=\"og:image:type\" content=\"image\/jpeg\" \/>\n<meta name=\"author\" content=\"Nexo Informativo\" \/>\n<meta name=\"twitter:card\" content=\"summary_large_image\" \/>\n<meta name=\"twitter:label1\" content=\"Escrito por\" \/>\n\t<meta name=\"twitter:data1\" content=\"Nexo Informativo\" \/>\n\t<meta name=\"twitter:label2\" content=\"Tiempo de lectura\" \/>\n\t<meta name=\"twitter:data2\" content=\"2 minutos\" \/>\n<script type=\"application\/ld+json\" class=\"yoast-schema-graph\">{\"@context\":\"https:\/\/schema.org\",\"@graph\":[{\"@type\":\"Article\",\"@id\":\"https:\/\/www.nexoinformativo.mx\/index.php\/2025\/02\/07\/ebrard-y-canacero-impulsan-transparencia-y-fortalecimiento-de-la-industria-del-acero-en-mexico\/#article\",\"isPartOf\":{\"@id\":\"https:\/\/www.nexoinformativo.mx\/index.php\/2025\/02\/07\/ebrard-y-canacero-impulsan-transparencia-y-fortalecimiento-de-la-industria-del-acero-en-mexico\/\"},\"author\":{\"name\":\"Nexo Informativo\",\"@id\":\"https:\/\/www.nexoinformativo.mx\/#\/schema\/person\/7749d380ba08c8ca00d7bc76fd907b7d\"},\"headline\":\"Ebrard y Canacero impulsan transparencia y fortalecimiento de la industria del acero en M\u00e9xico\",\"datePublished\":\"2025-02-07T12:40:56+00:00\",\"dateModified\":\"2025-02-07T13:40:28+00:00\",\"mainEntityOfPage\":{\"@id\":\"https:\/\/www.nexoinformativo.mx\/index.php\/2025\/02\/07\/ebrard-y-canacero-impulsan-transparencia-y-fortalecimiento-de-la-industria-del-acero-en-mexico\/\"},\"wordCount\":223,\"commentCount\":0,\"publisher\":{\"@id\":\"https:\/\/www.nexoinformativo.mx\/#organization\"},\"image\":{\"@id\":\"https:\/\/www.nexoinformativo.mx\/index.php\/2025\/02\/07\/ebrard-y-canacero-impulsan-transparencia-y-fortalecimiento-de-la-industria-del-acero-en-mexico\/#primaryimage\"},\"thumbnailUrl\":\"https:\/\/www.nexoinformativo.mx\/wp-content\/uploads\/2025\/02\/IMG_0076.jpeg\",\"keywords\":[\"Canacero\",\"IndustriaAcerera\",\"MarceloEbrard\",\"TransparenciaComercial\"],\"articleSection\":[\"Econom\u00eda\",\"Nacional\",\"\u00daltima Hora\"],\"inLanguage\":\"es\",\"potentialAction\":[{\"@type\":\"CommentAction\",\"name\":\"Comment\",\"target\":[\"https:\/\/www.nexoinformativo.mx\/index.php\/2025\/02\/07\/ebrard-y-canacero-impulsan-transparencia-y-fortalecimiento-de-la-industria-del-acero-en-mexico\/#respond\"]}]},{\"@type\":\"WebPage\",\"@id\":\"https:\/\/www.nexoinformativo.mx\/index.php\/2025\/02\/07\/ebrard-y-canacero-impulsan-transparencia-y-fortalecimiento-de-la-industria-del-acero-en-mexico\/\",\"url\":\"https:\/\/www.nexoinformativo.mx\/index.php\/2025\/02\/07\/ebrard-y-canacero-impulsan-transparencia-y-fortalecimiento-de-la-industria-del-acero-en-mexico\/\",\"name\":\"Ebrard y Canacero impulsan transparencia y fortalecimiento de la industria del acero en M\u00e9xico | Nexo Informativo Santiago de Quer\u00e9taro\",\"isPartOf\":{\"@id\":\"https:\/\/www.nexoinformativo.mx\/#website\"},\"primaryImageOfPage\":{\"@id\":\"https:\/\/www.nexoinformativo.mx\/index.php\/2025\/02\/07\/ebrard-y-canacero-impulsan-transparencia-y-fortalecimiento-de-la-industria-del-acero-en-mexico\/#primaryimage\"},\"image\":{\"@id\":\"https:\/\/www.nexoinformativo.mx\/index.php\/2025\/02\/07\/ebrard-y-canacero-impulsan-transparencia-y-fortalecimiento-de-la-industria-del-acero-en-mexico\/#primaryimage\"},\"thumbnailUrl\":\"https:\/\/www.nexoinformativo.mx\/wp-content\/uploads\/2025\/02\/IMG_0076.jpeg\",\"datePublished\":\"2025-02-07T12:40:56+00:00\",\"dateModified\":\"2025-02-07T13:40:28+00:00\",\"description\":\"Ebrard y Canacero impulsan transparencia y fortalecimiento de la industria del acero en M\u00e9xico\",\"breadcrumb\":{\"@id\":\"https:\/\/www.nexoinformativo.mx\/index.php\/2025\/02\/07\/ebrard-y-canacero-impulsan-transparencia-y-fortalecimiento-de-la-industria-del-acero-en-mexico\/#breadcrumb\"},\"inLanguage\":\"es\",\"potentialAction\":[{\"@type\":\"ReadAction\",\"target\":[\"https:\/\/www.nexoinformativo.mx\/index.php\/2025\/02\/07\/ebrard-y-canacero-impulsan-transparencia-y-fortalecimiento-de-la-industria-del-acero-en-mexico\/\"]}]},{\"@type\":\"ImageObject\",\"inLanguage\":\"es\",\"@id\":\"https:\/\/www.nexoinformativo.mx\/index.php\/2025\/02\/07\/ebrard-y-canacero-impulsan-transparencia-y-fortalecimiento-de-la-industria-del-acero-en-mexico\/#primaryimage\",\"url\":\"https:\/\/www.nexoinformativo.mx\/wp-content\/uploads\/2025\/02\/IMG_0076.jpeg\",\"contentUrl\":\"https:\/\/www.nexoinformativo.mx\/wp-content\/uploads\/2025\/02\/IMG_0076.jpeg\",\"width\":650,\"height\":380},{\"@type\":\"BreadcrumbList\",\"@id\":\"https:\/\/www.nexoinformativo.mx\/index.php\/2025\/02\/07\/ebrard-y-canacero-impulsan-transparencia-y-fortalecimiento-de-la-industria-del-acero-en-mexico\/#breadcrumb\",\"itemListElement\":[{\"@type\":\"ListItem\",\"position\":1,\"name\":\"Inicio\",\"item\":\"https:\/\/www.nexoinformativo.mx\/\"},{\"@type\":\"ListItem\",\"position\":2,\"name\":\"Ebrard y Canacero impulsan transparencia y fortalecimiento de la industria del acero en M\u00e9xico\"}]},{\"@type\":\"WebSite\",\"@id\":\"https:\/\/www.nexoinformativo.mx\/#website\",\"url\":\"https:\/\/www.nexoinformativo.mx\/\",\"name\":\"Nexo Informativo Santiago de Quer\u00e9taro\",\"description\":\"Explora NexoInformativo y convi\u00e9rtete en parte de una comunidad que valora el conocimiento y la verdad. Tu nexoinformativo es tu puente hacia una comprensi\u00f3n m\u00e1s profunda del mundo que te rodea.\",\"publisher\":{\"@id\":\"https:\/\/www.nexoinformativo.mx\/#organization\"},\"potentialAction\":[{\"@type\":\"SearchAction\",\"target\":{\"@type\":\"EntryPoint\",\"urlTemplate\":\"https:\/\/www.nexoinformativo.mx\/?s={search_term_string}\"},\"query-input\":{\"@type\":\"PropertyValueSpecification\",\"valueRequired\":true,\"valueName\":\"search_term_string\"}}],\"inLanguage\":\"es\"},{\"@type\":\"Organization\",\"@id\":\"https:\/\/www.nexoinformativo.mx\/#organization\",\"name\":\"Nexo Informativo Santiago de Quer\u00e9taro\",\"url\":\"https:\/\/www.nexoinformativo.mx\/\",\"logo\":{\"@type\":\"ImageObject\",\"inLanguage\":\"es\",\"@id\":\"https:\/\/www.nexoinformativo.mx\/#\/schema\/logo\/image\/\",\"url\":\"https:\/\/www.nexoinformativo.mx\/wp-content\/uploads\/2024\/07\/nexoi-trasparente-2.png\",\"contentUrl\":\"https:\/\/www.nexoinformativo.mx\/wp-content\/uploads\/2024\/07\/nexoi-trasparente-2.png\",\"width\":816,\"height\":339,\"caption\":\"Nexo Informativo Santiago de Quer\u00e9taro\"},\"image\":{\"@id\":\"https:\/\/www.nexoinformativo.mx\/#\/schema\/logo\/image\/\"},\"sameAs\":[\"https:\/\/www.facebook.com\/people\/Nexo-Informativo\/61564066885511\/\"]},{\"@type\":\"Person\",\"@id\":\"https:\/\/www.nexoinformativo.mx\/#\/schema\/person\/7749d380ba08c8ca00d7bc76fd907b7d\",\"name\":\"Nexo Informativo\",\"image\":{\"@type\":\"ImageObject\",\"inLanguage\":\"es\",\"@id\":\"https:\/\/www.nexoinformativo.mx\/#\/schema\/person\/image\/\",\"url\":\"https:\/\/secure.gravatar.com\/avatar\/dde2928154642a13d95f87ddf1ea9718fe2b46760a005c53e41ff5ad610704e6?s=96&d=mm&r=g\",\"contentUrl\":\"https:\/\/secure.gravatar.com\/avatar\/dde2928154642a13d95f87ddf1ea9718fe2b46760a005c53e41ff5ad610704e6?s=96&d=mm&r=g\",\"caption\":\"Nexo Informativo\"},\"url\":\"https:\/\/www.nexoinformativo.mx\/index.php\/author\/edicion\/\"}]}<\/script>\n<!-- \/ Yoast SEO plugin. -->","yoast_head_json":{"title":"Ebrard y Canacero impulsan transparencia y fortalecimiento de la industria del acero en M\u00e9xico | Nexo Informativo Santiago de Quer\u00e9taro","description":"Ebrard y Canacero impulsan transparencia y fortalecimiento de la industria del acero en M\u00e9xico","robots":{"index":"index","follow":"follow","max-snippet":"max-snippet:-1","max-image-preview":"max-image-preview:large","max-video-preview":"max-video-preview:-1"},"canonical":"https:\/\/www.nexoinformativo.mx\/index.php\/2025\/02\/07\/ebrard-y-canacero-impulsan-transparencia-y-fortalecimiento-de-la-industria-del-acero-en-mexico\/","og_locale":"es_MX","og_type":"article","og_title":"Ebrard y Canacero impulsan transparencia y fortalecimiento de la industria del acero en M\u00e9xico | Nexo Informativo Santiago de Quer\u00e9taro","og_description":"Ebrard y Canacero impulsan transparencia y fortalecimiento de la industria del acero en M\u00e9xico","og_url":"https:\/\/www.nexoinformativo.mx\/index.php\/2025\/02\/07\/ebrard-y-canacero-impulsan-transparencia-y-fortalecimiento-de-la-industria-del-acero-en-mexico\/","og_site_name":"Nexo Informativo Santiago de Quer\u00e9taro","article_publisher":"https:\/\/www.facebook.com\/people\/Nexo-Informativo\/61564066885511\/","article_published_time":"2025-02-07T12:40:56+00:00","article_modified_time":"2025-02-07T13:40:28+00:00","og_image":[{"width":650,"height":380,"url":"https:\/\/www.nexoinformativo.mx\/wp-content\/uploads\/2025\/02\/IMG_0076.jpeg","type":"image\/jpeg"}],"author":"Nexo Informativo","twitter_card":"summary_large_image","twitter_misc":{"Escrito por":"Nexo Informativo","Tiempo de lectura":"2 minutos"},"schema":{"@context":"https:\/\/schema.org","@graph":[{"@type":"Article","@id":"https:\/\/www.nexoinformativo.mx\/index.php\/2025\/02\/07\/ebrard-y-canacero-impulsan-transparencia-y-fortalecimiento-de-la-industria-del-acero-en-mexico\/#article","isPartOf":{"@id":"https:\/\/www.nexoinformativo.mx\/index.php\/2025\/02\/07\/ebrard-y-canacero-impulsan-transparencia-y-fortalecimiento-de-la-industria-del-acero-en-mexico\/"},"author":{"name":"Nexo Informativo","@id":"https:\/\/www.nexoinformativo.mx\/#\/schema\/person\/7749d380ba08c8ca00d7bc76fd907b7d"},"headline":"Ebrard y Canacero impulsan transparencia y fortalecimiento de la industria del acero en M\u00e9xico","datePublished":"2025-02-07T12:40:56+00:00","dateModified":"2025-02-07T13:40:28+00:00","mainEntityOfPage":{"@id":"https:\/\/www.nexoinformativo.mx\/index.php\/2025\/02\/07\/ebrard-y-canacero-impulsan-transparencia-y-fortalecimiento-de-la-industria-del-acero-en-mexico\/"},"wordCount":223,"commentCount":0,"publisher":{"@id":"https:\/\/www.nexoinformativo.mx\/#organization"},"image":{"@id":"https:\/\/www.nexoinformativo.mx\/index.php\/2025\/02\/07\/ebrard-y-canacero-impulsan-transparencia-y-fortalecimiento-de-la-industria-del-acero-en-mexico\/#primaryimage"},"thumbnailUrl":"https:\/\/www.nexoinformativo.mx\/wp-content\/uploads\/2025\/02\/IMG_0076.jpeg","keywords":["Canacero","IndustriaAcerera","MarceloEbrard","TransparenciaComercial"],"articleSection":["Econom\u00eda","Nacional","\u00daltima Hora"],"inLanguage":"es","potentialAction":[{"@type":"CommentAction","name":"Comment","target":["https:\/\/www.nexoinformativo.mx\/index.php\/2025\/02\/07\/ebrard-y-canacero-impulsan-transparencia-y-fortalecimiento-de-la-industria-del-acero-en-mexico\/#respond"]}]},{"@type":"WebPage","@id":"https:\/\/www.nexoinformativo.mx\/index.php\/2025\/02\/07\/ebrard-y-canacero-impulsan-transparencia-y-fortalecimiento-de-la-industria-del-acero-en-mexico\/","url":"https:\/\/www.nexoinformativo.mx\/index.php\/2025\/02\/07\/ebrard-y-canacero-impulsan-transparencia-y-fortalecimiento-de-la-industria-del-acero-en-mexico\/","name":"Ebrard y Canacero impulsan transparencia y fortalecimiento de la industria del acero en M\u00e9xico | Nexo Informativo Santiago de Quer\u00e9taro","isPartOf":{"@id":"https:\/\/www.nexoinformativo.mx\/#website"},"primaryImageOfPage":{"@id":"https:\/\/www.nexoinformativo.mx\/index.php\/2025\/02\/07\/ebrard-y-canacero-impulsan-transparencia-y-fortalecimiento-de-la-industria-del-acero-en-mexico\/#primaryimage"},"image":{"@id":"https:\/\/www.nexoinformativo.mx\/index.php\/2025\/02\/07\/ebrard-y-canacero-impulsan-transparencia-y-fortalecimiento-de-la-industria-del-acero-en-mexico\/#primaryimage"},"thumbnailUrl":"https:\/\/www.nexoinformativo.mx\/wp-content\/uploads\/2025\/02\/IMG_0076.jpeg","datePublished":"2025-02-07T12:40:56+00:00","dateModified":"2025-02-07T13:40:28+00:00","description":"Ebrard y Canacero impulsan transparencia y fortalecimiento de la industria del acero en M\u00e9xico","breadcrumb":{"@id":"https:\/\/www.nexoinformativo.mx\/index.php\/2025\/02\/07\/ebrard-y-canacero-impulsan-transparencia-y-fortalecimiento-de-la-industria-del-acero-en-mexico\/#breadcrumb"},"inLanguage":"es","potentialAction":[{"@type":"ReadAction","target":["https:\/\/www.nexoinformativo.mx\/index.php\/2025\/02\/07\/ebrard-y-canacero-impulsan-transparencia-y-fortalecimiento-de-la-industria-del-acero-en-mexico\/"]}]},{"@type":"ImageObject","inLanguage":"es","@id":"https:\/\/www.nexoinformativo.mx\/index.php\/2025\/02\/07\/ebrard-y-canacero-impulsan-transparencia-y-fortalecimiento-de-la-industria-del-acero-en-mexico\/#primaryimage","url":"https:\/\/www.nexoinformativo.mx\/wp-content\/uploads\/2025\/02\/IMG_0076.jpeg","contentUrl":"https:\/\/www.nexoinformativo.mx\/wp-content\/uploads\/2025\/02\/IMG_0076.jpeg","width":650,"height":380},{"@type":"BreadcrumbList","@id":"https:\/\/www.nexoinformativo.mx\/index.php\/2025\/02\/07\/ebrard-y-canacero-impulsan-transparencia-y-fortalecimiento-de-la-industria-del-acero-en-mexico\/#breadcrumb","itemListElement":[{"@type":"ListItem","position":1,"name":"Inicio","item":"https:\/\/www.nexoinformativo.mx\/"},{"@type":"ListItem","position":2,"name":"Ebrard y Canacero impulsan transparencia y fortalecimiento de la industria del acero en M\u00e9xico"}]},{"@type":"WebSite","@id":"https:\/\/www.nexoinformativo.mx\/#website","url":"https:\/\/www.nexoinformativo.mx\/","name":"Nexo Informativo Santiago de Quer\u00e9taro","description":"Explora NexoInformativo y convi\u00e9rtete en parte de una comunidad que valora el conocimiento y la verdad. Tu nexoinformativo es tu puente hacia una comprensi\u00f3n m\u00e1s profunda del mundo que te rodea.","publisher":{"@id":"https:\/\/www.nexoinformativo.mx\/#organization"},"potentialAction":[{"@type":"SearchAction","target":{"@type":"EntryPoint","urlTemplate":"https:\/\/www.nexoinformativo.mx\/?s={search_term_string}"},"query-input":{"@type":"PropertyValueSpecification","valueRequired":true,"valueName":"search_term_string"}}],"inLanguage":"es"},{"@type":"Organization","@id":"https:\/\/www.nexoinformativo.mx\/#organization","name":"Nexo Informativo Santiago de Quer\u00e9taro","url":"https:\/\/www.nexoinformativo.mx\/","logo":{"@type":"ImageObject","inLanguage":"es","@id":"https:\/\/www.nexoinformativo.mx\/#\/schema\/logo\/image\/","url":"https:\/\/www.nexoinformativo.mx\/wp-content\/uploads\/2024\/07\/nexoi-trasparente-2.png","contentUrl":"https:\/\/www.nexoinformativo.mx\/wp-content\/uploads\/2024\/07\/nexoi-trasparente-2.png","width":816,"height":339,"caption":"Nexo Informativo Santiago de Quer\u00e9taro"},"image":{"@id":"https:\/\/www.nexoinformativo.mx\/#\/schema\/logo\/image\/"},"sameAs":["https:\/\/www.facebook.com\/people\/Nexo-Informativo\/61564066885511\/"]},{"@type":"Person","@id":"https:\/\/www.nexoinformativo.mx\/#\/schema\/person\/7749d380ba08c8ca00d7bc76fd907b7d","name":"Nexo Informativo","image":{"@type":"ImageObject","inLanguage":"es","@id":"https:\/\/www.nexoinformativo.mx\/#\/schema\/person\/image\/","url":"https:\/\/secure.gravatar.com\/avatar\/dde2928154642a13d95f87ddf1ea9718fe2b46760a005c53e41ff5ad610704e6?s=96&d=mm&r=g","contentUrl":"https:\/\/secure.gravatar.com\/avatar\/dde2928154642a13d95f87ddf1ea9718fe2b46760a005c53e41ff5ad610704e6?s=96&d=mm&r=g","caption":"Nexo Informativo"},"url":"https:\/\/www.nexoinformativo.mx\/index.php\/author\/edicion\/"}]}},"_links":{"self":[{"href":"https:\/\/www.nexoinformativo.mx\/index.php\/wp-json\/wp\/v2\/posts\/11333","targetHints":{"allow":["GET"]}}],"collection":[{"href":"https:\/\/www.nexoinformativo.mx\/index.php\/wp-json\/wp\/v2\/posts"}],"about":[{"href":"https:\/\/www.nexoinformativo.mx\/index.php\/wp-json\/wp\/v2\/types\/post"}],"author":[{"embeddable":true,"href":"https:\/\/www.nexoinformativo.mx\/index.php\/wp-json\/wp\/v2\/users\/3"}],"replies":[{"embeddable":true,"href":"https:\/\/www.nexoinformativo.mx\/index.php\/wp-json\/wp\/v2\/comments?post=11333"}],"version-history":[{"count":4,"href":"https:\/\/www.nexoinformativo.mx\/index.php\/wp-json\/wp\/v2\/posts\/11333\/revisions"}],"predecessor-version":[{"id":11338,"href":"https:\/\/www.nexoinformativo.mx\/index.php\/wp-json\/wp\/v2\/posts\/11333\/revisions\/11338"}],"wp:featuredmedia":[{"embeddable":true,"href":"https:\/\/www.nexoinformativo.mx\/index.php\/wp-json\/wp\/v2\/media\/11335"}],"wp:attachment":[{"href":"https:\/\/www.nexoinformativo.mx\/index.php\/wp-json\/wp\/v2\/media?parent=11333"}],"wp:term":[{"taxonomy":"category","embeddable":true,"href":"https:\/\/www.nexoinformativo.mx\/index.php\/wp-json\/wp\/v2\/categories?post=11333"},{"taxonomy":"post_tag","embeddable":true,"href":"https:\/\/www.nexoinformativo.mx\/index.php\/wp-json\/wp\/v2\/tags?post=11333"}],"curies":[{"name":"wp","href":"https:\/\/api.w.org\/{rel}","templated":true}]}}