{"id":11340,"date":"2025-02-07T07:00:41","date_gmt":"2025-02-07T13:00:41","guid":{"rendered":"https:\/\/www.nexoinformativo.mx\/?p=11340"},"modified":"2025-02-07T07:47:04","modified_gmt":"2025-02-07T13:47:04","slug":"gobierno-de-mexico-avanza-en-demandas-contra-fabricantes-de-armas-en-estados-unidos","status":"publish","type":"post","link":"https:\/\/www.nexoinformativo.mx\/index.php\/2025\/02\/07\/gobierno-de-mexico-avanza-en-demandas-contra-fabricantes-de-armas-en-estados-unidos\/","title":{"rendered":"Gobierno de M\u00e9xico avanza en demandas contra fabricantes de armas en Estados Unidos"},"content":{"rendered":"<p style=\"text-align: justify;\" data-sourcepos=\"11:1-11:432\">El gobierno mexicano contin\u00faa fortaleciendo su estrategia legal para combatir el tr\u00e1fico il\u00edcito de armas provenientes de Estados Unidos.<\/p>\n<p>&nbsp;<\/p>\n<p style=\"text-align: justify;\" data-sourcepos=\"11:1-11:432\">El consultor jur\u00eddico de la Secretar\u00eda de Relaciones Exteriores (SRE), Pablo Arrocha, sostuvo una reuni\u00f3n de trabajo en Washington D.C. con los representantes legales de M\u00e9xico en las demandas presentadas contra fabricantes y vendedores de armas estadounidenses.<\/p>\n<p>&nbsp;<\/p>\n<p style=\"text-align: justify;\" data-sourcepos=\"13:1-13:360\">El objetivo principal de estas demandas es responsabilizar a las empresas armamentistas por el flujo de armas que alimentan la violencia en M\u00e9xico.<\/p>\n<p>&nbsp;<\/p>\n<p style=\"text-align: justify;\" data-sourcepos=\"13:1-13:360\">La SRE ha argumentado que las pr\u00e1cticas negligentes de estas empresas contribuyen al tr\u00e1fico il\u00edcito de armas, ya que comercializan sus productos a sabiendas de que pueden terminar en manos del crimen organizado.<\/p>\n<p>&nbsp;<\/p>\n<p style=\"text-align: justify;\" data-sourcepos=\"15:1-15:245\">Una de las demandas m\u00e1s importantes se encuentra actualmente en la Suprema Corte de Estados Unidos, donde se discutir\u00e1 si las empresas demandadas gozan de inmunidad legal a pesar de sus pr\u00e1cticas. La audiencia est\u00e1 programada para el 4 de marzo.<\/p>\n<p>&nbsp;<\/p>\n<p style=\"text-align: justify;\" data-sourcepos=\"17:1-17:216\">Adem\u00e1s de esta demanda, M\u00e9xico ha presentado otra en Arizona, donde se ha avanzado en la recopilaci\u00f3n de evidencia. Ambas demandas buscan responsabilizar a las empresas armamentistas por el da\u00f1o que causan en M\u00e9xico.<\/p>\n<p>&nbsp;<\/p>\n<p style=\"text-align: justify;\" data-sourcepos=\"19:1-19:307\">Es importante destacar que el tr\u00e1fico il\u00edcito de armas hacia M\u00e9xico representa una grave amenaza para la seguridad nacional. Seg\u00fan datos de la Agencia de Alcohol, Tabaco, Armas de Fuego y Explosivos de EU, se estima que anualmente se trafican ilegalmente alrededor de 200,000 armas hacia M\u00e9xico.<\/p>\n<p>&nbsp;<\/p>\n<p style=\"text-align: justify;\" data-sourcepos=\"21:1-21:312\">El gobierno ha sido claro en su compromiso de combatir este problema y ha explorado diversas v\u00edas legales para lograrlo. La estrategia del gobierno incluye no solo las demandas en Estados Unidos, tambi\u00e9n acciones a nivel nacional para fortalecer el control de armas y reducir la violencia.<\/p>\n<p>&nbsp;<\/p>\n<p style=\"text-align: center;\" data-sourcepos=\"21:1-21:312\"><em><strong>\u00a1Informaci\u00f3n que transforma!<\/strong><\/em><\/p>\n","protected":false},"excerpt":{"rendered":"<p>El gobierno mexicano contin\u00faa fortaleciendo su estrategia legal para combatir el tr\u00e1fico il\u00edcito de armas provenientes de Estados Unidos.<\/p>\n","protected":false},"author":3,"featured_media":11343,"comment_status":"open","ping_status":"open","sticky":false,"template":"","format":"standard","meta":{"footnotes":""},"categories":[88,58],"tags":[1517,1610,131,3196],"class_list":["post-11340","post","type-post","status-publish","format-standard","has-post-thumbnail","hentry","category-nacional","category-ultima-hora","tag-estadosunidos","tag-mexico","tag-seguridad","tag-traficodearmas"],"yoast_head":"<!-- This site is optimized with the Yoast SEO plugin v25.0 - https:\/\/yoast.com\/wordpress\/plugins\/seo\/ -->\n<title>Gobierno de M\u00e9xico avanza en demandas contra fabricantes de armas en Estados Unidos | Nexo Informativo Santiago de Quer\u00e9taro<\/title>\n<meta name=\"description\" content=\"Gobierno de Mexico avanza en demandas contra fabricantes de armas en Estados Unidos\" \/>\n<meta name=\"robots\" content=\"index, follow, max-snippet:-1, max-image-preview:large, max-video-preview:-1\" \/>\n<link rel=\"canonical\" href=\"https:\/\/www.nexoinformativo.mx\/index.php\/2025\/02\/07\/gobierno-de-mexico-avanza-en-demandas-contra-fabricantes-de-armas-en-estados-unidos\/\" \/>\n<meta property=\"og:locale\" content=\"es_MX\" \/>\n<meta property=\"og:type\" content=\"article\" \/>\n<meta property=\"og:title\" content=\"Gobierno de M\u00e9xico avanza en demandas contra fabricantes de armas en Estados Unidos | Nexo Informativo Santiago de Quer\u00e9taro\" \/>\n<meta property=\"og:description\" content=\"Gobierno de Mexico avanza en demandas contra fabricantes de armas en Estados Unidos\" \/>\n<meta property=\"og:url\" content=\"https:\/\/www.nexoinformativo.mx\/index.php\/2025\/02\/07\/gobierno-de-mexico-avanza-en-demandas-contra-fabricantes-de-armas-en-estados-unidos\/\" \/>\n<meta property=\"og:site_name\" content=\"Nexo Informativo Santiago de Quer\u00e9taro\" \/>\n<meta property=\"article:publisher\" content=\"https:\/\/www.facebook.com\/people\/Nexo-Informativo\/61564066885511\/\" \/>\n<meta property=\"article:published_time\" content=\"2025-02-07T13:00:41+00:00\" \/>\n<meta property=\"article:modified_time\" content=\"2025-02-07T13:47:04+00:00\" \/>\n<meta property=\"og:image\" content=\"https:\/\/www.nexoinformativo.mx\/wp-content\/uploads\/2025\/02\/IMG_0074.jpeg\" \/>\n\t<meta property=\"og:image:width\" content=\"650\" \/>\n\t<meta property=\"og:image:height\" content=\"371\" \/>\n\t<meta property=\"og:image:type\" content=\"image\/jpeg\" \/>\n<meta name=\"author\" content=\"Nexo Informativo\" \/>\n<meta name=\"twitter:card\" content=\"summary_large_image\" \/>\n<meta name=\"twitter:label1\" content=\"Escrito por\" \/>\n\t<meta name=\"twitter:data1\" content=\"Nexo Informativo\" \/>\n\t<meta name=\"twitter:label2\" content=\"Tiempo de lectura\" \/>\n\t<meta name=\"twitter:data2\" content=\"2 minutos\" \/>\n<script type=\"application\/ld+json\" class=\"yoast-schema-graph\">{\"@context\":\"https:\/\/schema.org\",\"@graph\":[{\"@type\":\"Article\",\"@id\":\"https:\/\/www.nexoinformativo.mx\/index.php\/2025\/02\/07\/gobierno-de-mexico-avanza-en-demandas-contra-fabricantes-de-armas-en-estados-unidos\/#article\",\"isPartOf\":{\"@id\":\"https:\/\/www.nexoinformativo.mx\/index.php\/2025\/02\/07\/gobierno-de-mexico-avanza-en-demandas-contra-fabricantes-de-armas-en-estados-unidos\/\"},\"author\":{\"name\":\"Nexo Informativo\",\"@id\":\"https:\/\/www.nexoinformativo.mx\/#\/schema\/person\/7749d380ba08c8ca00d7bc76fd907b7d\"},\"headline\":\"Gobierno de M\u00e9xico avanza en demandas contra fabricantes de armas en Estados Unidos\",\"datePublished\":\"2025-02-07T13:00:41+00:00\",\"dateModified\":\"2025-02-07T13:47:04+00:00\",\"mainEntityOfPage\":{\"@id\":\"https:\/\/www.nexoinformativo.mx\/index.php\/2025\/02\/07\/gobierno-de-mexico-avanza-en-demandas-contra-fabricantes-de-armas-en-estados-unidos\/\"},\"wordCount\":331,\"commentCount\":0,\"publisher\":{\"@id\":\"https:\/\/www.nexoinformativo.mx\/#organization\"},\"image\":{\"@id\":\"https:\/\/www.nexoinformativo.mx\/index.php\/2025\/02\/07\/gobierno-de-mexico-avanza-en-demandas-contra-fabricantes-de-armas-en-estados-unidos\/#primaryimage\"},\"thumbnailUrl\":\"https:\/\/www.nexoinformativo.mx\/wp-content\/uploads\/2025\/02\/IMG_0074.jpeg\",\"keywords\":[\"EstadosUnidos\",\"M\u00e9xico\",\"Seguridad\",\"Tr\u00e1ficoDeArmas\"],\"articleSection\":[\"Nacional\",\"\u00daltima Hora\"],\"inLanguage\":\"es\",\"potentialAction\":[{\"@type\":\"CommentAction\",\"name\":\"Comment\",\"target\":[\"https:\/\/www.nexoinformativo.mx\/index.php\/2025\/02\/07\/gobierno-de-mexico-avanza-en-demandas-contra-fabricantes-de-armas-en-estados-unidos\/#respond\"]}]},{\"@type\":\"WebPage\",\"@id\":\"https:\/\/www.nexoinformativo.mx\/index.php\/2025\/02\/07\/gobierno-de-mexico-avanza-en-demandas-contra-fabricantes-de-armas-en-estados-unidos\/\",\"url\":\"https:\/\/www.nexoinformativo.mx\/index.php\/2025\/02\/07\/gobierno-de-mexico-avanza-en-demandas-contra-fabricantes-de-armas-en-estados-unidos\/\",\"name\":\"Gobierno de M\u00e9xico avanza en demandas contra fabricantes de armas en Estados Unidos | Nexo Informativo Santiago de Quer\u00e9taro\",\"isPartOf\":{\"@id\":\"https:\/\/www.nexoinformativo.mx\/#website\"},\"primaryImageOfPage\":{\"@id\":\"https:\/\/www.nexoinformativo.mx\/index.php\/2025\/02\/07\/gobierno-de-mexico-avanza-en-demandas-contra-fabricantes-de-armas-en-estados-unidos\/#primaryimage\"},\"image\":{\"@id\":\"https:\/\/www.nexoinformativo.mx\/index.php\/2025\/02\/07\/gobierno-de-mexico-avanza-en-demandas-contra-fabricantes-de-armas-en-estados-unidos\/#primaryimage\"},\"thumbnailUrl\":\"https:\/\/www.nexoinformativo.mx\/wp-content\/uploads\/2025\/02\/IMG_0074.jpeg\",\"datePublished\":\"2025-02-07T13:00:41+00:00\",\"dateModified\":\"2025-02-07T13:47:04+00:00\",\"description\":\"Gobierno de Mexico avanza en demandas contra fabricantes de armas en Estados Unidos\",\"breadcrumb\":{\"@id\":\"https:\/\/www.nexoinformativo.mx\/index.php\/2025\/02\/07\/gobierno-de-mexico-avanza-en-demandas-contra-fabricantes-de-armas-en-estados-unidos\/#breadcrumb\"},\"inLanguage\":\"es\",\"potentialAction\":[{\"@type\":\"ReadAction\",\"target\":[\"https:\/\/www.nexoinformativo.mx\/index.php\/2025\/02\/07\/gobierno-de-mexico-avanza-en-demandas-contra-fabricantes-de-armas-en-estados-unidos\/\"]}]},{\"@type\":\"ImageObject\",\"inLanguage\":\"es\",\"@id\":\"https:\/\/www.nexoinformativo.mx\/index.php\/2025\/02\/07\/gobierno-de-mexico-avanza-en-demandas-contra-fabricantes-de-armas-en-estados-unidos\/#primaryimage\",\"url\":\"https:\/\/www.nexoinformativo.mx\/wp-content\/uploads\/2025\/02\/IMG_0074.jpeg\",\"contentUrl\":\"https:\/\/www.nexoinformativo.mx\/wp-content\/uploads\/2025\/02\/IMG_0074.jpeg\",\"width\":650,\"height\":371},{\"@type\":\"BreadcrumbList\",\"@id\":\"https:\/\/www.nexoinformativo.mx\/index.php\/2025\/02\/07\/gobierno-de-mexico-avanza-en-demandas-contra-fabricantes-de-armas-en-estados-unidos\/#breadcrumb\",\"itemListElement\":[{\"@type\":\"ListItem\",\"position\":1,\"name\":\"Inicio\",\"item\":\"https:\/\/www.nexoinformativo.mx\/\"},{\"@type\":\"ListItem\",\"position\":2,\"name\":\"Gobierno de M\u00e9xico avanza en demandas contra fabricantes de armas en Estados Unidos\"}]},{\"@type\":\"WebSite\",\"@id\":\"https:\/\/www.nexoinformativo.mx\/#website\",\"url\":\"https:\/\/www.nexoinformativo.mx\/\",\"name\":\"Nexo Informativo Santiago de Quer\u00e9taro\",\"description\":\"Explora NexoInformativo y convi\u00e9rtete en parte de una comunidad que valora el conocimiento y la verdad. Tu nexoinformativo es tu puente hacia una comprensi\u00f3n m\u00e1s profunda del mundo que te rodea.\",\"publisher\":{\"@id\":\"https:\/\/www.nexoinformativo.mx\/#organization\"},\"potentialAction\":[{\"@type\":\"SearchAction\",\"target\":{\"@type\":\"EntryPoint\",\"urlTemplate\":\"https:\/\/www.nexoinformativo.mx\/?s={search_term_string}\"},\"query-input\":{\"@type\":\"PropertyValueSpecification\",\"valueRequired\":true,\"valueName\":\"search_term_string\"}}],\"inLanguage\":\"es\"},{\"@type\":\"Organization\",\"@id\":\"https:\/\/www.nexoinformativo.mx\/#organization\",\"name\":\"Nexo Informativo Santiago de Quer\u00e9taro\",\"url\":\"https:\/\/www.nexoinformativo.mx\/\",\"logo\":{\"@type\":\"ImageObject\",\"inLanguage\":\"es\",\"@id\":\"https:\/\/www.nexoinformativo.mx\/#\/schema\/logo\/image\/\",\"url\":\"https:\/\/www.nexoinformativo.mx\/wp-content\/uploads\/2024\/07\/nexoi-trasparente-2.png\",\"contentUrl\":\"https:\/\/www.nexoinformativo.mx\/wp-content\/uploads\/2024\/07\/nexoi-trasparente-2.png\",\"width\":816,\"height\":339,\"caption\":\"Nexo Informativo Santiago de Quer\u00e9taro\"},\"image\":{\"@id\":\"https:\/\/www.nexoinformativo.mx\/#\/schema\/logo\/image\/\"},\"sameAs\":[\"https:\/\/www.facebook.com\/people\/Nexo-Informativo\/61564066885511\/\"]},{\"@type\":\"Person\",\"@id\":\"https:\/\/www.nexoinformativo.mx\/#\/schema\/person\/7749d380ba08c8ca00d7bc76fd907b7d\",\"name\":\"Nexo Informativo\",\"image\":{\"@type\":\"ImageObject\",\"inLanguage\":\"es\",\"@id\":\"https:\/\/www.nexoinformativo.mx\/#\/schema\/person\/image\/\",\"url\":\"https:\/\/secure.gravatar.com\/avatar\/dde2928154642a13d95f87ddf1ea9718fe2b46760a005c53e41ff5ad610704e6?s=96&d=mm&r=g\",\"contentUrl\":\"https:\/\/secure.gravatar.com\/avatar\/dde2928154642a13d95f87ddf1ea9718fe2b46760a005c53e41ff5ad610704e6?s=96&d=mm&r=g\",\"caption\":\"Nexo Informativo\"},\"url\":\"https:\/\/www.nexoinformativo.mx\/index.php\/author\/edicion\/\"}]}<\/script>\n<!-- \/ Yoast SEO plugin. -->","yoast_head_json":{"title":"Gobierno de M\u00e9xico avanza en demandas contra fabricantes de armas en Estados Unidos | Nexo Informativo Santiago de Quer\u00e9taro","description":"Gobierno de Mexico avanza en demandas contra fabricantes de armas en Estados Unidos","robots":{"index":"index","follow":"follow","max-snippet":"max-snippet:-1","max-image-preview":"max-image-preview:large","max-video-preview":"max-video-preview:-1"},"canonical":"https:\/\/www.nexoinformativo.mx\/index.php\/2025\/02\/07\/gobierno-de-mexico-avanza-en-demandas-contra-fabricantes-de-armas-en-estados-unidos\/","og_locale":"es_MX","og_type":"article","og_title":"Gobierno de M\u00e9xico avanza en demandas contra fabricantes de armas en Estados Unidos | Nexo Informativo Santiago de Quer\u00e9taro","og_description":"Gobierno de Mexico avanza en demandas contra fabricantes de armas en Estados Unidos","og_url":"https:\/\/www.nexoinformativo.mx\/index.php\/2025\/02\/07\/gobierno-de-mexico-avanza-en-demandas-contra-fabricantes-de-armas-en-estados-unidos\/","og_site_name":"Nexo Informativo Santiago de Quer\u00e9taro","article_publisher":"https:\/\/www.facebook.com\/people\/Nexo-Informativo\/61564066885511\/","article_published_time":"2025-02-07T13:00:41+00:00","article_modified_time":"2025-02-07T13:47:04+00:00","og_image":[{"width":650,"height":371,"url":"https:\/\/www.nexoinformativo.mx\/wp-content\/uploads\/2025\/02\/IMG_0074.jpeg","type":"image\/jpeg"}],"author":"Nexo Informativo","twitter_card":"summary_large_image","twitter_misc":{"Escrito por":"Nexo Informativo","Tiempo de lectura":"2 minutos"},"schema":{"@context":"https:\/\/schema.org","@graph":[{"@type":"Article","@id":"https:\/\/www.nexoinformativo.mx\/index.php\/2025\/02\/07\/gobierno-de-mexico-avanza-en-demandas-contra-fabricantes-de-armas-en-estados-unidos\/#article","isPartOf":{"@id":"https:\/\/www.nexoinformativo.mx\/index.php\/2025\/02\/07\/gobierno-de-mexico-avanza-en-demandas-contra-fabricantes-de-armas-en-estados-unidos\/"},"author":{"name":"Nexo Informativo","@id":"https:\/\/www.nexoinformativo.mx\/#\/schema\/person\/7749d380ba08c8ca00d7bc76fd907b7d"},"headline":"Gobierno de M\u00e9xico avanza en demandas contra fabricantes de armas en Estados Unidos","datePublished":"2025-02-07T13:00:41+00:00","dateModified":"2025-02-07T13:47:04+00:00","mainEntityOfPage":{"@id":"https:\/\/www.nexoinformativo.mx\/index.php\/2025\/02\/07\/gobierno-de-mexico-avanza-en-demandas-contra-fabricantes-de-armas-en-estados-unidos\/"},"wordCount":331,"commentCount":0,"publisher":{"@id":"https:\/\/www.nexoinformativo.mx\/#organization"},"image":{"@id":"https:\/\/www.nexoinformativo.mx\/index.php\/2025\/02\/07\/gobierno-de-mexico-avanza-en-demandas-contra-fabricantes-de-armas-en-estados-unidos\/#primaryimage"},"thumbnailUrl":"https:\/\/www.nexoinformativo.mx\/wp-content\/uploads\/2025\/02\/IMG_0074.jpeg","keywords":["EstadosUnidos","M\u00e9xico","Seguridad","Tr\u00e1ficoDeArmas"],"articleSection":["Nacional","\u00daltima Hora"],"inLanguage":"es","potentialAction":[{"@type":"CommentAction","name":"Comment","target":["https:\/\/www.nexoinformativo.mx\/index.php\/2025\/02\/07\/gobierno-de-mexico-avanza-en-demandas-contra-fabricantes-de-armas-en-estados-unidos\/#respond"]}]},{"@type":"WebPage","@id":"https:\/\/www.nexoinformativo.mx\/index.php\/2025\/02\/07\/gobierno-de-mexico-avanza-en-demandas-contra-fabricantes-de-armas-en-estados-unidos\/","url":"https:\/\/www.nexoinformativo.mx\/index.php\/2025\/02\/07\/gobierno-de-mexico-avanza-en-demandas-contra-fabricantes-de-armas-en-estados-unidos\/","name":"Gobierno de M\u00e9xico avanza en demandas contra fabricantes de armas en Estados Unidos | Nexo Informativo Santiago de Quer\u00e9taro","isPartOf":{"@id":"https:\/\/www.nexoinformativo.mx\/#website"},"primaryImageOfPage":{"@id":"https:\/\/www.nexoinformativo.mx\/index.php\/2025\/02\/07\/gobierno-de-mexico-avanza-en-demandas-contra-fabricantes-de-armas-en-estados-unidos\/#primaryimage"},"image":{"@id":"https:\/\/www.nexoinformativo.mx\/index.php\/2025\/02\/07\/gobierno-de-mexico-avanza-en-demandas-contra-fabricantes-de-armas-en-estados-unidos\/#primaryimage"},"thumbnailUrl":"https:\/\/www.nexoinformativo.mx\/wp-content\/uploads\/2025\/02\/IMG_0074.jpeg","datePublished":"2025-02-07T13:00:41+00:00","dateModified":"2025-02-07T13:47:04+00:00","description":"Gobierno de Mexico avanza en demandas contra fabricantes de armas en Estados Unidos","breadcrumb":{"@id":"https:\/\/www.nexoinformativo.mx\/index.php\/2025\/02\/07\/gobierno-de-mexico-avanza-en-demandas-contra-fabricantes-de-armas-en-estados-unidos\/#breadcrumb"},"inLanguage":"es","potentialAction":[{"@type":"ReadAction","target":["https:\/\/www.nexoinformativo.mx\/index.php\/2025\/02\/07\/gobierno-de-mexico-avanza-en-demandas-contra-fabricantes-de-armas-en-estados-unidos\/"]}]},{"@type":"ImageObject","inLanguage":"es","@id":"https:\/\/www.nexoinformativo.mx\/index.php\/2025\/02\/07\/gobierno-de-mexico-avanza-en-demandas-contra-fabricantes-de-armas-en-estados-unidos\/#primaryimage","url":"https:\/\/www.nexoinformativo.mx\/wp-content\/uploads\/2025\/02\/IMG_0074.jpeg","contentUrl":"https:\/\/www.nexoinformativo.mx\/wp-content\/uploads\/2025\/02\/IMG_0074.jpeg","width":650,"height":371},{"@type":"BreadcrumbList","@id":"https:\/\/www.nexoinformativo.mx\/index.php\/2025\/02\/07\/gobierno-de-mexico-avanza-en-demandas-contra-fabricantes-de-armas-en-estados-unidos\/#breadcrumb","itemListElement":[{"@type":"ListItem","position":1,"name":"Inicio","item":"https:\/\/www.nexoinformativo.mx\/"},{"@type":"ListItem","position":2,"name":"Gobierno de M\u00e9xico avanza en demandas contra fabricantes de armas en Estados Unidos"}]},{"@type":"WebSite","@id":"https:\/\/www.nexoinformativo.mx\/#website","url":"https:\/\/www.nexoinformativo.mx\/","name":"Nexo Informativo Santiago de Quer\u00e9taro","description":"Explora NexoInformativo y convi\u00e9rtete en parte de una comunidad que valora el conocimiento y la verdad. Tu nexoinformativo es tu puente hacia una comprensi\u00f3n m\u00e1s profunda del mundo que te rodea.","publisher":{"@id":"https:\/\/www.nexoinformativo.mx\/#organization"},"potentialAction":[{"@type":"SearchAction","target":{"@type":"EntryPoint","urlTemplate":"https:\/\/www.nexoinformativo.mx\/?s={search_term_string}"},"query-input":{"@type":"PropertyValueSpecification","valueRequired":true,"valueName":"search_term_string"}}],"inLanguage":"es"},{"@type":"Organization","@id":"https:\/\/www.nexoinformativo.mx\/#organization","name":"Nexo Informativo Santiago de Quer\u00e9taro","url":"https:\/\/www.nexoinformativo.mx\/","logo":{"@type":"ImageObject","inLanguage":"es","@id":"https:\/\/www.nexoinformativo.mx\/#\/schema\/logo\/image\/","url":"https:\/\/www.nexoinformativo.mx\/wp-content\/uploads\/2024\/07\/nexoi-trasparente-2.png","contentUrl":"https:\/\/www.nexoinformativo.mx\/wp-content\/uploads\/2024\/07\/nexoi-trasparente-2.png","width":816,"height":339,"caption":"Nexo Informativo Santiago de Quer\u00e9taro"},"image":{"@id":"https:\/\/www.nexoinformativo.mx\/#\/schema\/logo\/image\/"},"sameAs":["https:\/\/www.facebook.com\/people\/Nexo-Informativo\/61564066885511\/"]},{"@type":"Person","@id":"https:\/\/www.nexoinformativo.mx\/#\/schema\/person\/7749d380ba08c8ca00d7bc76fd907b7d","name":"Nexo Informativo","image":{"@type":"ImageObject","inLanguage":"es","@id":"https:\/\/www.nexoinformativo.mx\/#\/schema\/person\/image\/","url":"https:\/\/secure.gravatar.com\/avatar\/dde2928154642a13d95f87ddf1ea9718fe2b46760a005c53e41ff5ad610704e6?s=96&d=mm&r=g","contentUrl":"https:\/\/secure.gravatar.com\/avatar\/dde2928154642a13d95f87ddf1ea9718fe2b46760a005c53e41ff5ad610704e6?s=96&d=mm&r=g","caption":"Nexo Informativo"},"url":"https:\/\/www.nexoinformativo.mx\/index.php\/author\/edicion\/"}]}},"_links":{"self":[{"href":"https:\/\/www.nexoinformativo.mx\/index.php\/wp-json\/wp\/v2\/posts\/11340","targetHints":{"allow":["GET"]}}],"collection":[{"href":"https:\/\/www.nexoinformativo.mx\/index.php\/wp-json\/wp\/v2\/posts"}],"about":[{"href":"https:\/\/www.nexoinformativo.mx\/index.php\/wp-json\/wp\/v2\/types\/post"}],"author":[{"embeddable":true,"href":"https:\/\/www.nexoinformativo.mx\/index.php\/wp-json\/wp\/v2\/users\/3"}],"replies":[{"embeddable":true,"href":"https:\/\/www.nexoinformativo.mx\/index.php\/wp-json\/wp\/v2\/comments?post=11340"}],"version-history":[{"count":4,"href":"https:\/\/www.nexoinformativo.mx\/index.php\/wp-json\/wp\/v2\/posts\/11340\/revisions"}],"predecessor-version":[{"id":11345,"href":"https:\/\/www.nexoinformativo.mx\/index.php\/wp-json\/wp\/v2\/posts\/11340\/revisions\/11345"}],"wp:featuredmedia":[{"embeddable":true,"href":"https:\/\/www.nexoinformativo.mx\/index.php\/wp-json\/wp\/v2\/media\/11343"}],"wp:attachment":[{"href":"https:\/\/www.nexoinformativo.mx\/index.php\/wp-json\/wp\/v2\/media?parent=11340"}],"wp:term":[{"taxonomy":"category","embeddable":true,"href":"https:\/\/www.nexoinformativo.mx\/index.php\/wp-json\/wp\/v2\/categories?post=11340"},{"taxonomy":"post_tag","embeddable":true,"href":"https:\/\/www.nexoinformativo.mx\/index.php\/wp-json\/wp\/v2\/tags?post=11340"}],"curies":[{"name":"wp","href":"https:\/\/api.w.org\/{rel}","templated":true}]}}