{"id":11347,"date":"2025-02-07T07:30:20","date_gmt":"2025-02-07T13:30:20","guid":{"rendered":"https:\/\/www.nexoinformativo.mx\/?p=11347"},"modified":"2025-02-07T07:55:31","modified_gmt":"2025-02-07T13:55:31","slug":"la-utc-te-invita-a-formar-parte-de-su-comunidad-convocatoria-2025-para-ingenierias-y-licenciatura","status":"publish","type":"post","link":"https:\/\/www.nexoinformativo.mx\/index.php\/2025\/02\/07\/la-utc-te-invita-a-formar-parte-de-su-comunidad-convocatoria-2025-para-ingenierias-y-licenciatura\/","title":{"rendered":"La UTC te invita a formar parte de su comunidad Convocatoria 2025 para ingenier\u00edas y licenciatura"},"content":{"rendered":"<p style=\"text-align: justify;\" data-sourcepos=\"11:1-11:326\">La Universidad Tecnol\u00f3gica de Corregidora (UTC) ha abierto las puertas para todos aquellos j\u00f3venes que deseen continuar su formaci\u00f3n acad\u00e9mica.<\/p>\n<\/p>\n<p>&nbsp;<\/p>\n<p style=\"text-align: justify;\" data-sourcepos=\"11:1-11:326\">A partir de febrero, la instituci\u00f3n educativa invita a los egresados de bachillerato a participar en su proceso de admisi\u00f3n para el ciclo escolar 2025.<\/p>\n<\/p>\n<p>&nbsp;<\/p>\n<p style=\"text-align: justify;\" data-sourcepos=\"13:1-13:388\">La UTC ofrece una amplia gama de opciones acad\u00e9micas dise\u00f1adas para formar profesionales altamente capacitados y preparados para enfrentar los retos del mercado laboral actual.<\/p>\n<\/p>\n<p>&nbsp;<\/p>\n<p style=\"text-align: justify;\" data-sourcepos=\"13:1-13:388\">Entre las carreras que se ofrecen destacan Ingenier\u00eda en Tecnolog\u00edas de la Informaci\u00f3n e Innovaci\u00f3n Digital, Biotecnolog\u00eda, Mecatr\u00f3nica, Mantenimiento Industrial y Licenciatura en Gesti\u00f3n y Desarrollo Tur\u00edstico.<\/p>\n<\/p>\n<p>&nbsp;<\/p>\n<p style=\"text-align: justify;\" data-sourcepos=\"15:1-15:226\">&#8220;Nuestros programas acad\u00e9micos est\u00e1n dise\u00f1ados para responder a las necesidades del sector productivo de Quer\u00e9taro, garantizando una formaci\u00f3n de calidad y excelente empleabilidad&#8221;, se\u00f1al\u00f3 [Nombre del representante de la UTC].<\/p>\n<\/p>\n<p>&nbsp;<\/p>\n<p style=\"text-align: justify;\" data-sourcepos=\"17:1-17:189\">Para conocer los detalles de la convocatoria, los requisitos de ingreso y el proceso de inscripci\u00f3n, los interesados pueden visitar el sitio web oficial de la UTC: www.utcorregidora.edu.mx.<\/p>\n<\/p>\n<p>&nbsp;<\/p>\n<p style=\"text-align: center;\" data-sourcepos=\"17:1-17:189\"><em><strong>\u00a1Informaci\u00f3n que transforma!<\/strong><\/em><\/p>\n","protected":false},"excerpt":{"rendered":"<p>La Universidad Tecnol\u00f3gica de Corregidora (UTC) ha abierto las puertas para todos aquellos j\u00f3venes que deseen continuar su formaci\u00f3n acad\u00e9mica. &nbsp; A partir de febrero, la instituci\u00f3n educativa invita a los egresados de bachillerato a participar en su proceso de admisi\u00f3n para el ciclo escolar 2025. &nbsp; La UTC ofrece una amplia gama de opciones [&hellip;]<\/p>\n","protected":false},"author":3,"featured_media":11348,"comment_status":"open","ping_status":"open","sticky":false,"template":"","format":"standard","meta":{"footnotes":""},"categories":[42,58],"tags":[2711,1163,133,1875],"class_list":["post-11347","post","type-post","status-publish","format-standard","has-post-thumbnail","hentry","category-estado","category-ultima-hora","tag-convocatoria","tag-educacionsuperior","tag-queretaro","tag-utc"],"yoast_head":"<!-- This site is optimized with the Yoast SEO plugin v25.0 - https:\/\/yoast.com\/wordpress\/plugins\/seo\/ -->\n<title>La UTC te invita a formar parte de su comunidad Convocatoria 2025 para ingenier\u00edas y licenciatura | Nexo Informativo Santiago de Quer\u00e9taro<\/title>\n<meta name=\"description\" content=\"La UTC te invita a formar parte de su comunidad Convocatoria 2025 para ingenier\u00edas y licenciatura\" \/>\n<meta name=\"robots\" content=\"index, follow, max-snippet:-1, max-image-preview:large, max-video-preview:-1\" \/>\n<link rel=\"canonical\" href=\"https:\/\/www.nexoinformativo.mx\/index.php\/2025\/02\/07\/la-utc-te-invita-a-formar-parte-de-su-comunidad-convocatoria-2025-para-ingenierias-y-licenciatura\/\" \/>\n<meta property=\"og:locale\" content=\"es_MX\" \/>\n<meta property=\"og:type\" content=\"article\" \/>\n<meta property=\"og:title\" content=\"La UTC te invita a formar parte de su comunidad Convocatoria 2025 para ingenier\u00edas y licenciatura | Nexo Informativo Santiago de Quer\u00e9taro\" \/>\n<meta property=\"og:description\" content=\"La UTC te invita a formar parte de su comunidad Convocatoria 2025 para ingenier\u00edas y licenciatura\" \/>\n<meta property=\"og:url\" content=\"https:\/\/www.nexoinformativo.mx\/index.php\/2025\/02\/07\/la-utc-te-invita-a-formar-parte-de-su-comunidad-convocatoria-2025-para-ingenierias-y-licenciatura\/\" \/>\n<meta property=\"og:site_name\" content=\"Nexo Informativo Santiago de Quer\u00e9taro\" \/>\n<meta property=\"article:publisher\" content=\"https:\/\/www.facebook.com\/people\/Nexo-Informativo\/61564066885511\/\" \/>\n<meta property=\"article:published_time\" content=\"2025-02-07T13:30:20+00:00\" \/>\n<meta property=\"article:modified_time\" content=\"2025-02-07T13:55:31+00:00\" \/>\n<meta property=\"og:image\" content=\"https:\/\/www.nexoinformativo.mx\/wp-content\/uploads\/2025\/02\/71_273_46897_512429004_06_FEBRERO_2025_ABRE_UTC_CONVOCATORIA_DE_NUEVO_INGRESO_20257-scaled-e1738936482570.jpeg\" \/>\n\t<meta property=\"og:image:width\" content=\"800\" \/>\n\t<meta property=\"og:image:height\" content=\"443\" \/>\n\t<meta property=\"og:image:type\" content=\"image\/jpeg\" \/>\n<meta name=\"author\" content=\"Nexo Informativo\" \/>\n<meta name=\"twitter:card\" content=\"summary_large_image\" \/>\n<meta name=\"twitter:label1\" content=\"Escrito por\" \/>\n\t<meta name=\"twitter:data1\" content=\"Nexo Informativo\" \/>\n\t<meta name=\"twitter:label2\" content=\"Tiempo de lectura\" \/>\n\t<meta name=\"twitter:data2\" content=\"1 minuto\" \/>\n<script type=\"application\/ld+json\" class=\"yoast-schema-graph\">{\"@context\":\"https:\/\/schema.org\",\"@graph\":[{\"@type\":\"Article\",\"@id\":\"https:\/\/www.nexoinformativo.mx\/index.php\/2025\/02\/07\/la-utc-te-invita-a-formar-parte-de-su-comunidad-convocatoria-2025-para-ingenierias-y-licenciatura\/#article\",\"isPartOf\":{\"@id\":\"https:\/\/www.nexoinformativo.mx\/index.php\/2025\/02\/07\/la-utc-te-invita-a-formar-parte-de-su-comunidad-convocatoria-2025-para-ingenierias-y-licenciatura\/\"},\"author\":{\"name\":\"Nexo Informativo\",\"@id\":\"https:\/\/www.nexoinformativo.mx\/#\/schema\/person\/7749d380ba08c8ca00d7bc76fd907b7d\"},\"headline\":\"La UTC te invita a formar parte de su comunidad Convocatoria 2025 para ingenier\u00edas y licenciatura\",\"datePublished\":\"2025-02-07T13:30:20+00:00\",\"dateModified\":\"2025-02-07T13:55:31+00:00\",\"mainEntityOfPage\":{\"@id\":\"https:\/\/www.nexoinformativo.mx\/index.php\/2025\/02\/07\/la-utc-te-invita-a-formar-parte-de-su-comunidad-convocatoria-2025-para-ingenierias-y-licenciatura\/\"},\"wordCount\":206,\"commentCount\":0,\"publisher\":{\"@id\":\"https:\/\/www.nexoinformativo.mx\/#organization\"},\"image\":{\"@id\":\"https:\/\/www.nexoinformativo.mx\/index.php\/2025\/02\/07\/la-utc-te-invita-a-formar-parte-de-su-comunidad-convocatoria-2025-para-ingenierias-y-licenciatura\/#primaryimage\"},\"thumbnailUrl\":\"https:\/\/www.nexoinformativo.mx\/wp-content\/uploads\/2025\/02\/71_273_46897_512429004_06_FEBRERO_2025_ABRE_UTC_CONVOCATORIA_DE_NUEVO_INGRESO_20257-scaled-e1738936482570.jpeg\",\"keywords\":[\"Convocatoria\",\"Educaci\u00f3nSuperior\",\"Quer\u00e9taro\",\"UTC\"],\"articleSection\":[\"Estado\",\"\u00daltima Hora\"],\"inLanguage\":\"es\",\"potentialAction\":[{\"@type\":\"CommentAction\",\"name\":\"Comment\",\"target\":[\"https:\/\/www.nexoinformativo.mx\/index.php\/2025\/02\/07\/la-utc-te-invita-a-formar-parte-de-su-comunidad-convocatoria-2025-para-ingenierias-y-licenciatura\/#respond\"]}]},{\"@type\":\"WebPage\",\"@id\":\"https:\/\/www.nexoinformativo.mx\/index.php\/2025\/02\/07\/la-utc-te-invita-a-formar-parte-de-su-comunidad-convocatoria-2025-para-ingenierias-y-licenciatura\/\",\"url\":\"https:\/\/www.nexoinformativo.mx\/index.php\/2025\/02\/07\/la-utc-te-invita-a-formar-parte-de-su-comunidad-convocatoria-2025-para-ingenierias-y-licenciatura\/\",\"name\":\"La UTC te invita a formar parte de su comunidad Convocatoria 2025 para ingenier\u00edas y licenciatura | Nexo Informativo Santiago de Quer\u00e9taro\",\"isPartOf\":{\"@id\":\"https:\/\/www.nexoinformativo.mx\/#website\"},\"primaryImageOfPage\":{\"@id\":\"https:\/\/www.nexoinformativo.mx\/index.php\/2025\/02\/07\/la-utc-te-invita-a-formar-parte-de-su-comunidad-convocatoria-2025-para-ingenierias-y-licenciatura\/#primaryimage\"},\"image\":{\"@id\":\"https:\/\/www.nexoinformativo.mx\/index.php\/2025\/02\/07\/la-utc-te-invita-a-formar-parte-de-su-comunidad-convocatoria-2025-para-ingenierias-y-licenciatura\/#primaryimage\"},\"thumbnailUrl\":\"https:\/\/www.nexoinformativo.mx\/wp-content\/uploads\/2025\/02\/71_273_46897_512429004_06_FEBRERO_2025_ABRE_UTC_CONVOCATORIA_DE_NUEVO_INGRESO_20257-scaled-e1738936482570.jpeg\",\"datePublished\":\"2025-02-07T13:30:20+00:00\",\"dateModified\":\"2025-02-07T13:55:31+00:00\",\"description\":\"La UTC te invita a formar parte de su comunidad Convocatoria 2025 para ingenier\u00edas y licenciatura\",\"breadcrumb\":{\"@id\":\"https:\/\/www.nexoinformativo.mx\/index.php\/2025\/02\/07\/la-utc-te-invita-a-formar-parte-de-su-comunidad-convocatoria-2025-para-ingenierias-y-licenciatura\/#breadcrumb\"},\"inLanguage\":\"es\",\"potentialAction\":[{\"@type\":\"ReadAction\",\"target\":[\"https:\/\/www.nexoinformativo.mx\/index.php\/2025\/02\/07\/la-utc-te-invita-a-formar-parte-de-su-comunidad-convocatoria-2025-para-ingenierias-y-licenciatura\/\"]}]},{\"@type\":\"ImageObject\",\"inLanguage\":\"es\",\"@id\":\"https:\/\/www.nexoinformativo.mx\/index.php\/2025\/02\/07\/la-utc-te-invita-a-formar-parte-de-su-comunidad-convocatoria-2025-para-ingenierias-y-licenciatura\/#primaryimage\",\"url\":\"https:\/\/www.nexoinformativo.mx\/wp-content\/uploads\/2025\/02\/71_273_46897_512429004_06_FEBRERO_2025_ABRE_UTC_CONVOCATORIA_DE_NUEVO_INGRESO_20257-scaled-e1738936482570.jpeg\",\"contentUrl\":\"https:\/\/www.nexoinformativo.mx\/wp-content\/uploads\/2025\/02\/71_273_46897_512429004_06_FEBRERO_2025_ABRE_UTC_CONVOCATORIA_DE_NUEVO_INGRESO_20257-scaled-e1738936482570.jpeg\",\"width\":800,\"height\":443},{\"@type\":\"BreadcrumbList\",\"@id\":\"https:\/\/www.nexoinformativo.mx\/index.php\/2025\/02\/07\/la-utc-te-invita-a-formar-parte-de-su-comunidad-convocatoria-2025-para-ingenierias-y-licenciatura\/#breadcrumb\",\"itemListElement\":[{\"@type\":\"ListItem\",\"position\":1,\"name\":\"Inicio\",\"item\":\"https:\/\/www.nexoinformativo.mx\/\"},{\"@type\":\"ListItem\",\"position\":2,\"name\":\"La UTC te invita a formar parte de su comunidad Convocatoria 2025 para ingenier\u00edas y licenciatura\"}]},{\"@type\":\"WebSite\",\"@id\":\"https:\/\/www.nexoinformativo.mx\/#website\",\"url\":\"https:\/\/www.nexoinformativo.mx\/\",\"name\":\"Nexo Informativo Santiago de Quer\u00e9taro\",\"description\":\"Explora NexoInformativo y convi\u00e9rtete en parte de una comunidad que valora el conocimiento y la verdad. Tu nexoinformativo es tu puente hacia una comprensi\u00f3n m\u00e1s profunda del mundo que te rodea.\",\"publisher\":{\"@id\":\"https:\/\/www.nexoinformativo.mx\/#organization\"},\"potentialAction\":[{\"@type\":\"SearchAction\",\"target\":{\"@type\":\"EntryPoint\",\"urlTemplate\":\"https:\/\/www.nexoinformativo.mx\/?s={search_term_string}\"},\"query-input\":{\"@type\":\"PropertyValueSpecification\",\"valueRequired\":true,\"valueName\":\"search_term_string\"}}],\"inLanguage\":\"es\"},{\"@type\":\"Organization\",\"@id\":\"https:\/\/www.nexoinformativo.mx\/#organization\",\"name\":\"Nexo Informativo Santiago de Quer\u00e9taro\",\"url\":\"https:\/\/www.nexoinformativo.mx\/\",\"logo\":{\"@type\":\"ImageObject\",\"inLanguage\":\"es\",\"@id\":\"https:\/\/www.nexoinformativo.mx\/#\/schema\/logo\/image\/\",\"url\":\"https:\/\/www.nexoinformativo.mx\/wp-content\/uploads\/2024\/07\/nexoi-trasparente-2.png\",\"contentUrl\":\"https:\/\/www.nexoinformativo.mx\/wp-content\/uploads\/2024\/07\/nexoi-trasparente-2.png\",\"width\":816,\"height\":339,\"caption\":\"Nexo Informativo Santiago de Quer\u00e9taro\"},\"image\":{\"@id\":\"https:\/\/www.nexoinformativo.mx\/#\/schema\/logo\/image\/\"},\"sameAs\":[\"https:\/\/www.facebook.com\/people\/Nexo-Informativo\/61564066885511\/\"]},{\"@type\":\"Person\",\"@id\":\"https:\/\/www.nexoinformativo.mx\/#\/schema\/person\/7749d380ba08c8ca00d7bc76fd907b7d\",\"name\":\"Nexo Informativo\",\"image\":{\"@type\":\"ImageObject\",\"inLanguage\":\"es\",\"@id\":\"https:\/\/www.nexoinformativo.mx\/#\/schema\/person\/image\/\",\"url\":\"https:\/\/secure.gravatar.com\/avatar\/dde2928154642a13d95f87ddf1ea9718fe2b46760a005c53e41ff5ad610704e6?s=96&d=mm&r=g\",\"contentUrl\":\"https:\/\/secure.gravatar.com\/avatar\/dde2928154642a13d95f87ddf1ea9718fe2b46760a005c53e41ff5ad610704e6?s=96&d=mm&r=g\",\"caption\":\"Nexo Informativo\"},\"url\":\"https:\/\/www.nexoinformativo.mx\/index.php\/author\/edicion\/\"}]}<\/script>\n<!-- \/ Yoast SEO plugin. -->","yoast_head_json":{"title":"La UTC te invita a formar parte de su comunidad Convocatoria 2025 para ingenier\u00edas y licenciatura | Nexo Informativo Santiago de Quer\u00e9taro","description":"La UTC te invita a formar parte de su comunidad Convocatoria 2025 para ingenier\u00edas y licenciatura","robots":{"index":"index","follow":"follow","max-snippet":"max-snippet:-1","max-image-preview":"max-image-preview:large","max-video-preview":"max-video-preview:-1"},"canonical":"https:\/\/www.nexoinformativo.mx\/index.php\/2025\/02\/07\/la-utc-te-invita-a-formar-parte-de-su-comunidad-convocatoria-2025-para-ingenierias-y-licenciatura\/","og_locale":"es_MX","og_type":"article","og_title":"La UTC te invita a formar parte de su comunidad Convocatoria 2025 para ingenier\u00edas y licenciatura | Nexo Informativo Santiago de Quer\u00e9taro","og_description":"La UTC te invita a formar parte de su comunidad Convocatoria 2025 para ingenier\u00edas y licenciatura","og_url":"https:\/\/www.nexoinformativo.mx\/index.php\/2025\/02\/07\/la-utc-te-invita-a-formar-parte-de-su-comunidad-convocatoria-2025-para-ingenierias-y-licenciatura\/","og_site_name":"Nexo Informativo Santiago de Quer\u00e9taro","article_publisher":"https:\/\/www.facebook.com\/people\/Nexo-Informativo\/61564066885511\/","article_published_time":"2025-02-07T13:30:20+00:00","article_modified_time":"2025-02-07T13:55:31+00:00","og_image":[{"width":800,"height":443,"url":"https:\/\/www.nexoinformativo.mx\/wp-content\/uploads\/2025\/02\/71_273_46897_512429004_06_FEBRERO_2025_ABRE_UTC_CONVOCATORIA_DE_NUEVO_INGRESO_20257-scaled-e1738936482570.jpeg","type":"image\/jpeg"}],"author":"Nexo Informativo","twitter_card":"summary_large_image","twitter_misc":{"Escrito por":"Nexo Informativo","Tiempo de lectura":"1 minuto"},"schema":{"@context":"https:\/\/schema.org","@graph":[{"@type":"Article","@id":"https:\/\/www.nexoinformativo.mx\/index.php\/2025\/02\/07\/la-utc-te-invita-a-formar-parte-de-su-comunidad-convocatoria-2025-para-ingenierias-y-licenciatura\/#article","isPartOf":{"@id":"https:\/\/www.nexoinformativo.mx\/index.php\/2025\/02\/07\/la-utc-te-invita-a-formar-parte-de-su-comunidad-convocatoria-2025-para-ingenierias-y-licenciatura\/"},"author":{"name":"Nexo Informativo","@id":"https:\/\/www.nexoinformativo.mx\/#\/schema\/person\/7749d380ba08c8ca00d7bc76fd907b7d"},"headline":"La UTC te invita a formar parte de su comunidad Convocatoria 2025 para ingenier\u00edas y licenciatura","datePublished":"2025-02-07T13:30:20+00:00","dateModified":"2025-02-07T13:55:31+00:00","mainEntityOfPage":{"@id":"https:\/\/www.nexoinformativo.mx\/index.php\/2025\/02\/07\/la-utc-te-invita-a-formar-parte-de-su-comunidad-convocatoria-2025-para-ingenierias-y-licenciatura\/"},"wordCount":206,"commentCount":0,"publisher":{"@id":"https:\/\/www.nexoinformativo.mx\/#organization"},"image":{"@id":"https:\/\/www.nexoinformativo.mx\/index.php\/2025\/02\/07\/la-utc-te-invita-a-formar-parte-de-su-comunidad-convocatoria-2025-para-ingenierias-y-licenciatura\/#primaryimage"},"thumbnailUrl":"https:\/\/www.nexoinformativo.mx\/wp-content\/uploads\/2025\/02\/71_273_46897_512429004_06_FEBRERO_2025_ABRE_UTC_CONVOCATORIA_DE_NUEVO_INGRESO_20257-scaled-e1738936482570.jpeg","keywords":["Convocatoria","Educaci\u00f3nSuperior","Quer\u00e9taro","UTC"],"articleSection":["Estado","\u00daltima Hora"],"inLanguage":"es","potentialAction":[{"@type":"CommentAction","name":"Comment","target":["https:\/\/www.nexoinformativo.mx\/index.php\/2025\/02\/07\/la-utc-te-invita-a-formar-parte-de-su-comunidad-convocatoria-2025-para-ingenierias-y-licenciatura\/#respond"]}]},{"@type":"WebPage","@id":"https:\/\/www.nexoinformativo.mx\/index.php\/2025\/02\/07\/la-utc-te-invita-a-formar-parte-de-su-comunidad-convocatoria-2025-para-ingenierias-y-licenciatura\/","url":"https:\/\/www.nexoinformativo.mx\/index.php\/2025\/02\/07\/la-utc-te-invita-a-formar-parte-de-su-comunidad-convocatoria-2025-para-ingenierias-y-licenciatura\/","name":"La UTC te invita a formar parte de su comunidad Convocatoria 2025 para ingenier\u00edas y licenciatura | Nexo Informativo Santiago de Quer\u00e9taro","isPartOf":{"@id":"https:\/\/www.nexoinformativo.mx\/#website"},"primaryImageOfPage":{"@id":"https:\/\/www.nexoinformativo.mx\/index.php\/2025\/02\/07\/la-utc-te-invita-a-formar-parte-de-su-comunidad-convocatoria-2025-para-ingenierias-y-licenciatura\/#primaryimage"},"image":{"@id":"https:\/\/www.nexoinformativo.mx\/index.php\/2025\/02\/07\/la-utc-te-invita-a-formar-parte-de-su-comunidad-convocatoria-2025-para-ingenierias-y-licenciatura\/#primaryimage"},"thumbnailUrl":"https:\/\/www.nexoinformativo.mx\/wp-content\/uploads\/2025\/02\/71_273_46897_512429004_06_FEBRERO_2025_ABRE_UTC_CONVOCATORIA_DE_NUEVO_INGRESO_20257-scaled-e1738936482570.jpeg","datePublished":"2025-02-07T13:30:20+00:00","dateModified":"2025-02-07T13:55:31+00:00","description":"La UTC te invita a formar parte de su comunidad Convocatoria 2025 para ingenier\u00edas y licenciatura","breadcrumb":{"@id":"https:\/\/www.nexoinformativo.mx\/index.php\/2025\/02\/07\/la-utc-te-invita-a-formar-parte-de-su-comunidad-convocatoria-2025-para-ingenierias-y-licenciatura\/#breadcrumb"},"inLanguage":"es","potentialAction":[{"@type":"ReadAction","target":["https:\/\/www.nexoinformativo.mx\/index.php\/2025\/02\/07\/la-utc-te-invita-a-formar-parte-de-su-comunidad-convocatoria-2025-para-ingenierias-y-licenciatura\/"]}]},{"@type":"ImageObject","inLanguage":"es","@id":"https:\/\/www.nexoinformativo.mx\/index.php\/2025\/02\/07\/la-utc-te-invita-a-formar-parte-de-su-comunidad-convocatoria-2025-para-ingenierias-y-licenciatura\/#primaryimage","url":"https:\/\/www.nexoinformativo.mx\/wp-content\/uploads\/2025\/02\/71_273_46897_512429004_06_FEBRERO_2025_ABRE_UTC_CONVOCATORIA_DE_NUEVO_INGRESO_20257-scaled-e1738936482570.jpeg","contentUrl":"https:\/\/www.nexoinformativo.mx\/wp-content\/uploads\/2025\/02\/71_273_46897_512429004_06_FEBRERO_2025_ABRE_UTC_CONVOCATORIA_DE_NUEVO_INGRESO_20257-scaled-e1738936482570.jpeg","width":800,"height":443},{"@type":"BreadcrumbList","@id":"https:\/\/www.nexoinformativo.mx\/index.php\/2025\/02\/07\/la-utc-te-invita-a-formar-parte-de-su-comunidad-convocatoria-2025-para-ingenierias-y-licenciatura\/#breadcrumb","itemListElement":[{"@type":"ListItem","position":1,"name":"Inicio","item":"https:\/\/www.nexoinformativo.mx\/"},{"@type":"ListItem","position":2,"name":"La UTC te invita a formar parte de su comunidad Convocatoria 2025 para ingenier\u00edas y licenciatura"}]},{"@type":"WebSite","@id":"https:\/\/www.nexoinformativo.mx\/#website","url":"https:\/\/www.nexoinformativo.mx\/","name":"Nexo Informativo Santiago de Quer\u00e9taro","description":"Explora NexoInformativo y convi\u00e9rtete en parte de una comunidad que valora el conocimiento y la verdad. Tu nexoinformativo es tu puente hacia una comprensi\u00f3n m\u00e1s profunda del mundo que te rodea.","publisher":{"@id":"https:\/\/www.nexoinformativo.mx\/#organization"},"potentialAction":[{"@type":"SearchAction","target":{"@type":"EntryPoint","urlTemplate":"https:\/\/www.nexoinformativo.mx\/?s={search_term_string}"},"query-input":{"@type":"PropertyValueSpecification","valueRequired":true,"valueName":"search_term_string"}}],"inLanguage":"es"},{"@type":"Organization","@id":"https:\/\/www.nexoinformativo.mx\/#organization","name":"Nexo Informativo Santiago de Quer\u00e9taro","url":"https:\/\/www.nexoinformativo.mx\/","logo":{"@type":"ImageObject","inLanguage":"es","@id":"https:\/\/www.nexoinformativo.mx\/#\/schema\/logo\/image\/","url":"https:\/\/www.nexoinformativo.mx\/wp-content\/uploads\/2024\/07\/nexoi-trasparente-2.png","contentUrl":"https:\/\/www.nexoinformativo.mx\/wp-content\/uploads\/2024\/07\/nexoi-trasparente-2.png","width":816,"height":339,"caption":"Nexo Informativo Santiago de Quer\u00e9taro"},"image":{"@id":"https:\/\/www.nexoinformativo.mx\/#\/schema\/logo\/image\/"},"sameAs":["https:\/\/www.facebook.com\/people\/Nexo-Informativo\/61564066885511\/"]},{"@type":"Person","@id":"https:\/\/www.nexoinformativo.mx\/#\/schema\/person\/7749d380ba08c8ca00d7bc76fd907b7d","name":"Nexo Informativo","image":{"@type":"ImageObject","inLanguage":"es","@id":"https:\/\/www.nexoinformativo.mx\/#\/schema\/person\/image\/","url":"https:\/\/secure.gravatar.com\/avatar\/dde2928154642a13d95f87ddf1ea9718fe2b46760a005c53e41ff5ad610704e6?s=96&d=mm&r=g","contentUrl":"https:\/\/secure.gravatar.com\/avatar\/dde2928154642a13d95f87ddf1ea9718fe2b46760a005c53e41ff5ad610704e6?s=96&d=mm&r=g","caption":"Nexo Informativo"},"url":"https:\/\/www.nexoinformativo.mx\/index.php\/author\/edicion\/"}]}},"_links":{"self":[{"href":"https:\/\/www.nexoinformativo.mx\/index.php\/wp-json\/wp\/v2\/posts\/11347","targetHints":{"allow":["GET"]}}],"collection":[{"href":"https:\/\/www.nexoinformativo.mx\/index.php\/wp-json\/wp\/v2\/posts"}],"about":[{"href":"https:\/\/www.nexoinformativo.mx\/index.php\/wp-json\/wp\/v2\/types\/post"}],"author":[{"embeddable":true,"href":"https:\/\/www.nexoinformativo.mx\/index.php\/wp-json\/wp\/v2\/users\/3"}],"replies":[{"embeddable":true,"href":"https:\/\/www.nexoinformativo.mx\/index.php\/wp-json\/wp\/v2\/comments?post=11347"}],"version-history":[{"count":3,"href":"https:\/\/www.nexoinformativo.mx\/index.php\/wp-json\/wp\/v2\/posts\/11347\/revisions"}],"predecessor-version":[{"id":11351,"href":"https:\/\/www.nexoinformativo.mx\/index.php\/wp-json\/wp\/v2\/posts\/11347\/revisions\/11351"}],"wp:featuredmedia":[{"embeddable":true,"href":"https:\/\/www.nexoinformativo.mx\/index.php\/wp-json\/wp\/v2\/media\/11348"}],"wp:attachment":[{"href":"https:\/\/www.nexoinformativo.mx\/index.php\/wp-json\/wp\/v2\/media?parent=11347"}],"wp:term":[{"taxonomy":"category","embeddable":true,"href":"https:\/\/www.nexoinformativo.mx\/index.php\/wp-json\/wp\/v2\/categories?post=11347"},{"taxonomy":"post_tag","embeddable":true,"href":"https:\/\/www.nexoinformativo.mx\/index.php\/wp-json\/wp\/v2\/tags?post=11347"}],"curies":[{"name":"wp","href":"https:\/\/api.w.org\/{rel}","templated":true}]}}