{"id":11353,"date":"2025-02-07T08:00:51","date_gmt":"2025-02-07T14:00:51","guid":{"rendered":"https:\/\/www.nexoinformativo.mx\/?p=11353"},"modified":"2025-02-07T08:46:53","modified_gmt":"2025-02-07T14:46:53","slug":"24-anos-de-prision-por-intentar-quemar-a-un-adolescente-en-queretaro","status":"publish","type":"post","link":"https:\/\/www.nexoinformativo.mx\/index.php\/2025\/02\/07\/24-anos-de-prision-por-intentar-quemar-a-un-adolescente-en-queretaro\/","title":{"rendered":"24 a\u00f1os de prisi\u00f3n por intentar quemar a un adolescente en Quer\u00e9taro"},"content":{"rendered":"<p style=\"text-align: justify;\" data-sourcepos=\"11:1-11:212\">En un fallo hist\u00f3rico, un juez sentenci\u00f3 a 24 a\u00f1os de prisi\u00f3n al hombre que en junio de 2023 intent\u00f3 quemar a un adolescente en la colonia Bosques de Viena, en el municipio de Corregidora.<\/p>\n<\/p>\n<p>&nbsp;<\/p>\n<p style=\"text-align: justify;\" data-sourcepos=\"13:1-13:234\">Los hechos ocurrieron cuando el agresor, aprovechando que el joven se encontraba solo en un veh\u00edculo, roci\u00f3 el interior con solvente y le prendi\u00f3 fuego. La madre del adolescente, al intentar rescatar a su hijo, tambi\u00e9n result\u00f3 herida.<\/p>\n<\/p>\n<p>&nbsp;<\/p>\n<p style=\"text-align: justify;\" data-sourcepos=\"15:1-15:237\">Tras un exhaustivo proceso judicial, la Fiscal\u00eda General del Estado logr\u00f3 acreditar la culpabilidad del acusado, quien fue encontrado responsable de los delitos de homicidio calificado en grado de tentativa, lesiones y da\u00f1os calificados.<\/p>\n<\/p>\n<p>&nbsp;<\/p>\n<p style=\"text-align: justify;\" data-sourcepos=\"17:1-17:151\">La sentencia, adem\u00e1s de la pena de prisi\u00f3n, incluye el pago de la reparaci\u00f3n del da\u00f1o y la garant\u00eda de atenci\u00f3n m\u00e9dica y psicol\u00f3gica para las v\u00edctimas.<\/p>\n<\/p>\n<p>&nbsp;<\/p>\n<p style=\"text-align: justify;\" data-sourcepos=\"19:1-19:297\">Este caso ha conmocionado a la sociedad queretana y ha generado una amplia condena por la violencia ejercida contra el adolescente. La sentencia emitida por el juez sienta un precedente importante en la lucha contra este tipo de delitos y env\u00eda un mensaje claro de que no se tolerar\u00e1 la violencia.<\/p>\n<\/p>\n<p>&nbsp;<\/p>\n<p style=\"text-align: center;\" data-sourcepos=\"19:1-19:297\"><em><strong>\u00a1Informaci\u00f3n que transforma!<\/strong><\/em><\/p>\n","protected":false},"excerpt":{"rendered":"<p>En un fallo hist\u00f3rico, un juez sentenci\u00f3 a 24 a\u00f1os de prisi\u00f3n al hombre que en junio de 2023 intent\u00f3 quemar a un adolescente en la colonia Bosques de Viena, en el municipio de Corregidora.<\/p>\n","protected":false},"author":3,"featured_media":11355,"comment_status":"open","ping_status":"open","sticky":false,"template":"","format":"standard","meta":{"footnotes":""},"categories":[137,58],"tags":[480,133,3364,1828],"class_list":["post-11353","post","type-post","status-publish","format-standard","has-post-thumbnail","hentry","category-sucesos","category-ultima-hora","tag-justicia","tag-queretaro","tag-sentencia","tag-violencia"],"yoast_head":"<!-- This site is optimized with the Yoast SEO plugin v25.0 - https:\/\/yoast.com\/wordpress\/plugins\/seo\/ -->\n<title>24 a\u00f1os de prisi\u00f3n por intentar quemar a un adolescente en Quer\u00e9taro | Nexo Informativo Santiago de Quer\u00e9taro<\/title>\n<meta name=\"description\" content=\"24 a\u00f1os de prisi\u00f3n por intentar quemar a un adolescente en Quer\u00e9taro\" \/>\n<meta name=\"robots\" content=\"index, follow, max-snippet:-1, max-image-preview:large, max-video-preview:-1\" \/>\n<link rel=\"canonical\" href=\"https:\/\/www.nexoinformativo.mx\/index.php\/2025\/02\/07\/24-anos-de-prision-por-intentar-quemar-a-un-adolescente-en-queretaro\/\" \/>\n<meta property=\"og:locale\" content=\"es_MX\" \/>\n<meta property=\"og:type\" content=\"article\" \/>\n<meta property=\"og:title\" content=\"24 a\u00f1os de prisi\u00f3n por intentar quemar a un adolescente en Quer\u00e9taro | Nexo Informativo Santiago de Quer\u00e9taro\" \/>\n<meta property=\"og:description\" content=\"24 a\u00f1os de prisi\u00f3n por intentar quemar a un adolescente en Quer\u00e9taro\" \/>\n<meta property=\"og:url\" content=\"https:\/\/www.nexoinformativo.mx\/index.php\/2025\/02\/07\/24-anos-de-prision-por-intentar-quemar-a-un-adolescente-en-queretaro\/\" \/>\n<meta property=\"og:site_name\" content=\"Nexo Informativo Santiago de Quer\u00e9taro\" \/>\n<meta property=\"article:publisher\" content=\"https:\/\/www.facebook.com\/people\/Nexo-Informativo\/61564066885511\/\" \/>\n<meta property=\"article:published_time\" content=\"2025-02-07T14:00:51+00:00\" \/>\n<meta property=\"article:modified_time\" content=\"2025-02-07T14:46:53+00:00\" \/>\n<meta property=\"og:image\" content=\"https:\/\/www.nexoinformativo.mx\/wp-content\/uploads\/2025\/02\/d8f4aa3a-de03-4563-852d-b58f4753afd8-e1738939586772.jpeg\" \/>\n\t<meta property=\"og:image:width\" content=\"800\" \/>\n\t<meta property=\"og:image:height\" content=\"504\" \/>\n\t<meta property=\"og:image:type\" content=\"image\/jpeg\" \/>\n<meta name=\"author\" content=\"Nexo Informativo\" \/>\n<meta name=\"twitter:card\" content=\"summary_large_image\" \/>\n<meta name=\"twitter:label1\" content=\"Escrito por\" \/>\n\t<meta name=\"twitter:data1\" content=\"Nexo Informativo\" \/>\n\t<meta name=\"twitter:label2\" content=\"Tiempo de lectura\" \/>\n\t<meta name=\"twitter:data2\" content=\"2 minutos\" \/>\n<script type=\"application\/ld+json\" class=\"yoast-schema-graph\">{\"@context\":\"https:\/\/schema.org\",\"@graph\":[{\"@type\":\"Article\",\"@id\":\"https:\/\/www.nexoinformativo.mx\/index.php\/2025\/02\/07\/24-anos-de-prision-por-intentar-quemar-a-un-adolescente-en-queretaro\/#article\",\"isPartOf\":{\"@id\":\"https:\/\/www.nexoinformativo.mx\/index.php\/2025\/02\/07\/24-anos-de-prision-por-intentar-quemar-a-un-adolescente-en-queretaro\/\"},\"author\":{\"name\":\"Nexo Informativo\",\"@id\":\"https:\/\/www.nexoinformativo.mx\/#\/schema\/person\/7749d380ba08c8ca00d7bc76fd907b7d\"},\"headline\":\"24 a\u00f1os de prisi\u00f3n por intentar quemar a un adolescente en Quer\u00e9taro\",\"datePublished\":\"2025-02-07T14:00:51+00:00\",\"dateModified\":\"2025-02-07T14:46:53+00:00\",\"mainEntityOfPage\":{\"@id\":\"https:\/\/www.nexoinformativo.mx\/index.php\/2025\/02\/07\/24-anos-de-prision-por-intentar-quemar-a-un-adolescente-en-queretaro\/\"},\"wordCount\":223,\"commentCount\":0,\"publisher\":{\"@id\":\"https:\/\/www.nexoinformativo.mx\/#organization\"},\"image\":{\"@id\":\"https:\/\/www.nexoinformativo.mx\/index.php\/2025\/02\/07\/24-anos-de-prision-por-intentar-quemar-a-un-adolescente-en-queretaro\/#primaryimage\"},\"thumbnailUrl\":\"https:\/\/www.nexoinformativo.mx\/wp-content\/uploads\/2025\/02\/d8f4aa3a-de03-4563-852d-b58f4753afd8-e1738939586772.jpeg\",\"keywords\":[\"Justicia\",\"Quer\u00e9taro\",\"Sentencia\",\"Violencia\"],\"articleSection\":[\"Sucesos\",\"\u00daltima Hora\"],\"inLanguage\":\"es\",\"potentialAction\":[{\"@type\":\"CommentAction\",\"name\":\"Comment\",\"target\":[\"https:\/\/www.nexoinformativo.mx\/index.php\/2025\/02\/07\/24-anos-de-prision-por-intentar-quemar-a-un-adolescente-en-queretaro\/#respond\"]}]},{\"@type\":\"WebPage\",\"@id\":\"https:\/\/www.nexoinformativo.mx\/index.php\/2025\/02\/07\/24-anos-de-prision-por-intentar-quemar-a-un-adolescente-en-queretaro\/\",\"url\":\"https:\/\/www.nexoinformativo.mx\/index.php\/2025\/02\/07\/24-anos-de-prision-por-intentar-quemar-a-un-adolescente-en-queretaro\/\",\"name\":\"24 a\u00f1os de prisi\u00f3n por intentar quemar a un adolescente en Quer\u00e9taro | Nexo Informativo Santiago de Quer\u00e9taro\",\"isPartOf\":{\"@id\":\"https:\/\/www.nexoinformativo.mx\/#website\"},\"primaryImageOfPage\":{\"@id\":\"https:\/\/www.nexoinformativo.mx\/index.php\/2025\/02\/07\/24-anos-de-prision-por-intentar-quemar-a-un-adolescente-en-queretaro\/#primaryimage\"},\"image\":{\"@id\":\"https:\/\/www.nexoinformativo.mx\/index.php\/2025\/02\/07\/24-anos-de-prision-por-intentar-quemar-a-un-adolescente-en-queretaro\/#primaryimage\"},\"thumbnailUrl\":\"https:\/\/www.nexoinformativo.mx\/wp-content\/uploads\/2025\/02\/d8f4aa3a-de03-4563-852d-b58f4753afd8-e1738939586772.jpeg\",\"datePublished\":\"2025-02-07T14:00:51+00:00\",\"dateModified\":\"2025-02-07T14:46:53+00:00\",\"description\":\"24 a\u00f1os de prisi\u00f3n por intentar quemar a un adolescente en Quer\u00e9taro\",\"breadcrumb\":{\"@id\":\"https:\/\/www.nexoinformativo.mx\/index.php\/2025\/02\/07\/24-anos-de-prision-por-intentar-quemar-a-un-adolescente-en-queretaro\/#breadcrumb\"},\"inLanguage\":\"es\",\"potentialAction\":[{\"@type\":\"ReadAction\",\"target\":[\"https:\/\/www.nexoinformativo.mx\/index.php\/2025\/02\/07\/24-anos-de-prision-por-intentar-quemar-a-un-adolescente-en-queretaro\/\"]}]},{\"@type\":\"ImageObject\",\"inLanguage\":\"es\",\"@id\":\"https:\/\/www.nexoinformativo.mx\/index.php\/2025\/02\/07\/24-anos-de-prision-por-intentar-quemar-a-un-adolescente-en-queretaro\/#primaryimage\",\"url\":\"https:\/\/www.nexoinformativo.mx\/wp-content\/uploads\/2025\/02\/d8f4aa3a-de03-4563-852d-b58f4753afd8-e1738939586772.jpeg\",\"contentUrl\":\"https:\/\/www.nexoinformativo.mx\/wp-content\/uploads\/2025\/02\/d8f4aa3a-de03-4563-852d-b58f4753afd8-e1738939586772.jpeg\",\"width\":800,\"height\":504},{\"@type\":\"BreadcrumbList\",\"@id\":\"https:\/\/www.nexoinformativo.mx\/index.php\/2025\/02\/07\/24-anos-de-prision-por-intentar-quemar-a-un-adolescente-en-queretaro\/#breadcrumb\",\"itemListElement\":[{\"@type\":\"ListItem\",\"position\":1,\"name\":\"Inicio\",\"item\":\"https:\/\/www.nexoinformativo.mx\/\"},{\"@type\":\"ListItem\",\"position\":2,\"name\":\"24 a\u00f1os de prisi\u00f3n por intentar quemar a un adolescente en Quer\u00e9taro\"}]},{\"@type\":\"WebSite\",\"@id\":\"https:\/\/www.nexoinformativo.mx\/#website\",\"url\":\"https:\/\/www.nexoinformativo.mx\/\",\"name\":\"Nexo Informativo Santiago de Quer\u00e9taro\",\"description\":\"Explora NexoInformativo y convi\u00e9rtete en parte de una comunidad que valora el conocimiento y la verdad. Tu nexoinformativo es tu puente hacia una comprensi\u00f3n m\u00e1s profunda del mundo que te rodea.\",\"publisher\":{\"@id\":\"https:\/\/www.nexoinformativo.mx\/#organization\"},\"potentialAction\":[{\"@type\":\"SearchAction\",\"target\":{\"@type\":\"EntryPoint\",\"urlTemplate\":\"https:\/\/www.nexoinformativo.mx\/?s={search_term_string}\"},\"query-input\":{\"@type\":\"PropertyValueSpecification\",\"valueRequired\":true,\"valueName\":\"search_term_string\"}}],\"inLanguage\":\"es\"},{\"@type\":\"Organization\",\"@id\":\"https:\/\/www.nexoinformativo.mx\/#organization\",\"name\":\"Nexo Informativo Santiago de Quer\u00e9taro\",\"url\":\"https:\/\/www.nexoinformativo.mx\/\",\"logo\":{\"@type\":\"ImageObject\",\"inLanguage\":\"es\",\"@id\":\"https:\/\/www.nexoinformativo.mx\/#\/schema\/logo\/image\/\",\"url\":\"https:\/\/www.nexoinformativo.mx\/wp-content\/uploads\/2024\/07\/nexoi-trasparente-2.png\",\"contentUrl\":\"https:\/\/www.nexoinformativo.mx\/wp-content\/uploads\/2024\/07\/nexoi-trasparente-2.png\",\"width\":816,\"height\":339,\"caption\":\"Nexo Informativo Santiago de Quer\u00e9taro\"},\"image\":{\"@id\":\"https:\/\/www.nexoinformativo.mx\/#\/schema\/logo\/image\/\"},\"sameAs\":[\"https:\/\/www.facebook.com\/people\/Nexo-Informativo\/61564066885511\/\"]},{\"@type\":\"Person\",\"@id\":\"https:\/\/www.nexoinformativo.mx\/#\/schema\/person\/7749d380ba08c8ca00d7bc76fd907b7d\",\"name\":\"Nexo Informativo\",\"image\":{\"@type\":\"ImageObject\",\"inLanguage\":\"es\",\"@id\":\"https:\/\/www.nexoinformativo.mx\/#\/schema\/person\/image\/\",\"url\":\"https:\/\/secure.gravatar.com\/avatar\/dde2928154642a13d95f87ddf1ea9718fe2b46760a005c53e41ff5ad610704e6?s=96&d=mm&r=g\",\"contentUrl\":\"https:\/\/secure.gravatar.com\/avatar\/dde2928154642a13d95f87ddf1ea9718fe2b46760a005c53e41ff5ad610704e6?s=96&d=mm&r=g\",\"caption\":\"Nexo Informativo\"},\"url\":\"https:\/\/www.nexoinformativo.mx\/index.php\/author\/edicion\/\"}]}<\/script>\n<!-- \/ Yoast SEO plugin. -->","yoast_head_json":{"title":"24 a\u00f1os de prisi\u00f3n por intentar quemar a un adolescente en Quer\u00e9taro | Nexo Informativo Santiago de Quer\u00e9taro","description":"24 a\u00f1os de prisi\u00f3n por intentar quemar a un adolescente en Quer\u00e9taro","robots":{"index":"index","follow":"follow","max-snippet":"max-snippet:-1","max-image-preview":"max-image-preview:large","max-video-preview":"max-video-preview:-1"},"canonical":"https:\/\/www.nexoinformativo.mx\/index.php\/2025\/02\/07\/24-anos-de-prision-por-intentar-quemar-a-un-adolescente-en-queretaro\/","og_locale":"es_MX","og_type":"article","og_title":"24 a\u00f1os de prisi\u00f3n por intentar quemar a un adolescente en Quer\u00e9taro | Nexo Informativo Santiago de Quer\u00e9taro","og_description":"24 a\u00f1os de prisi\u00f3n por intentar quemar a un adolescente en Quer\u00e9taro","og_url":"https:\/\/www.nexoinformativo.mx\/index.php\/2025\/02\/07\/24-anos-de-prision-por-intentar-quemar-a-un-adolescente-en-queretaro\/","og_site_name":"Nexo Informativo Santiago de Quer\u00e9taro","article_publisher":"https:\/\/www.facebook.com\/people\/Nexo-Informativo\/61564066885511\/","article_published_time":"2025-02-07T14:00:51+00:00","article_modified_time":"2025-02-07T14:46:53+00:00","og_image":[{"width":800,"height":504,"url":"https:\/\/www.nexoinformativo.mx\/wp-content\/uploads\/2025\/02\/d8f4aa3a-de03-4563-852d-b58f4753afd8-e1738939586772.jpeg","type":"image\/jpeg"}],"author":"Nexo Informativo","twitter_card":"summary_large_image","twitter_misc":{"Escrito por":"Nexo Informativo","Tiempo de lectura":"2 minutos"},"schema":{"@context":"https:\/\/schema.org","@graph":[{"@type":"Article","@id":"https:\/\/www.nexoinformativo.mx\/index.php\/2025\/02\/07\/24-anos-de-prision-por-intentar-quemar-a-un-adolescente-en-queretaro\/#article","isPartOf":{"@id":"https:\/\/www.nexoinformativo.mx\/index.php\/2025\/02\/07\/24-anos-de-prision-por-intentar-quemar-a-un-adolescente-en-queretaro\/"},"author":{"name":"Nexo Informativo","@id":"https:\/\/www.nexoinformativo.mx\/#\/schema\/person\/7749d380ba08c8ca00d7bc76fd907b7d"},"headline":"24 a\u00f1os de prisi\u00f3n por intentar quemar a un adolescente en Quer\u00e9taro","datePublished":"2025-02-07T14:00:51+00:00","dateModified":"2025-02-07T14:46:53+00:00","mainEntityOfPage":{"@id":"https:\/\/www.nexoinformativo.mx\/index.php\/2025\/02\/07\/24-anos-de-prision-por-intentar-quemar-a-un-adolescente-en-queretaro\/"},"wordCount":223,"commentCount":0,"publisher":{"@id":"https:\/\/www.nexoinformativo.mx\/#organization"},"image":{"@id":"https:\/\/www.nexoinformativo.mx\/index.php\/2025\/02\/07\/24-anos-de-prision-por-intentar-quemar-a-un-adolescente-en-queretaro\/#primaryimage"},"thumbnailUrl":"https:\/\/www.nexoinformativo.mx\/wp-content\/uploads\/2025\/02\/d8f4aa3a-de03-4563-852d-b58f4753afd8-e1738939586772.jpeg","keywords":["Justicia","Quer\u00e9taro","Sentencia","Violencia"],"articleSection":["Sucesos","\u00daltima Hora"],"inLanguage":"es","potentialAction":[{"@type":"CommentAction","name":"Comment","target":["https:\/\/www.nexoinformativo.mx\/index.php\/2025\/02\/07\/24-anos-de-prision-por-intentar-quemar-a-un-adolescente-en-queretaro\/#respond"]}]},{"@type":"WebPage","@id":"https:\/\/www.nexoinformativo.mx\/index.php\/2025\/02\/07\/24-anos-de-prision-por-intentar-quemar-a-un-adolescente-en-queretaro\/","url":"https:\/\/www.nexoinformativo.mx\/index.php\/2025\/02\/07\/24-anos-de-prision-por-intentar-quemar-a-un-adolescente-en-queretaro\/","name":"24 a\u00f1os de prisi\u00f3n por intentar quemar a un adolescente en Quer\u00e9taro | Nexo Informativo Santiago de Quer\u00e9taro","isPartOf":{"@id":"https:\/\/www.nexoinformativo.mx\/#website"},"primaryImageOfPage":{"@id":"https:\/\/www.nexoinformativo.mx\/index.php\/2025\/02\/07\/24-anos-de-prision-por-intentar-quemar-a-un-adolescente-en-queretaro\/#primaryimage"},"image":{"@id":"https:\/\/www.nexoinformativo.mx\/index.php\/2025\/02\/07\/24-anos-de-prision-por-intentar-quemar-a-un-adolescente-en-queretaro\/#primaryimage"},"thumbnailUrl":"https:\/\/www.nexoinformativo.mx\/wp-content\/uploads\/2025\/02\/d8f4aa3a-de03-4563-852d-b58f4753afd8-e1738939586772.jpeg","datePublished":"2025-02-07T14:00:51+00:00","dateModified":"2025-02-07T14:46:53+00:00","description":"24 a\u00f1os de prisi\u00f3n por intentar quemar a un adolescente en Quer\u00e9taro","breadcrumb":{"@id":"https:\/\/www.nexoinformativo.mx\/index.php\/2025\/02\/07\/24-anos-de-prision-por-intentar-quemar-a-un-adolescente-en-queretaro\/#breadcrumb"},"inLanguage":"es","potentialAction":[{"@type":"ReadAction","target":["https:\/\/www.nexoinformativo.mx\/index.php\/2025\/02\/07\/24-anos-de-prision-por-intentar-quemar-a-un-adolescente-en-queretaro\/"]}]},{"@type":"ImageObject","inLanguage":"es","@id":"https:\/\/www.nexoinformativo.mx\/index.php\/2025\/02\/07\/24-anos-de-prision-por-intentar-quemar-a-un-adolescente-en-queretaro\/#primaryimage","url":"https:\/\/www.nexoinformativo.mx\/wp-content\/uploads\/2025\/02\/d8f4aa3a-de03-4563-852d-b58f4753afd8-e1738939586772.jpeg","contentUrl":"https:\/\/www.nexoinformativo.mx\/wp-content\/uploads\/2025\/02\/d8f4aa3a-de03-4563-852d-b58f4753afd8-e1738939586772.jpeg","width":800,"height":504},{"@type":"BreadcrumbList","@id":"https:\/\/www.nexoinformativo.mx\/index.php\/2025\/02\/07\/24-anos-de-prision-por-intentar-quemar-a-un-adolescente-en-queretaro\/#breadcrumb","itemListElement":[{"@type":"ListItem","position":1,"name":"Inicio","item":"https:\/\/www.nexoinformativo.mx\/"},{"@type":"ListItem","position":2,"name":"24 a\u00f1os de prisi\u00f3n por intentar quemar a un adolescente en Quer\u00e9taro"}]},{"@type":"WebSite","@id":"https:\/\/www.nexoinformativo.mx\/#website","url":"https:\/\/www.nexoinformativo.mx\/","name":"Nexo Informativo Santiago de Quer\u00e9taro","description":"Explora NexoInformativo y convi\u00e9rtete en parte de una comunidad que valora el conocimiento y la verdad. Tu nexoinformativo es tu puente hacia una comprensi\u00f3n m\u00e1s profunda del mundo que te rodea.","publisher":{"@id":"https:\/\/www.nexoinformativo.mx\/#organization"},"potentialAction":[{"@type":"SearchAction","target":{"@type":"EntryPoint","urlTemplate":"https:\/\/www.nexoinformativo.mx\/?s={search_term_string}"},"query-input":{"@type":"PropertyValueSpecification","valueRequired":true,"valueName":"search_term_string"}}],"inLanguage":"es"},{"@type":"Organization","@id":"https:\/\/www.nexoinformativo.mx\/#organization","name":"Nexo Informativo Santiago de Quer\u00e9taro","url":"https:\/\/www.nexoinformativo.mx\/","logo":{"@type":"ImageObject","inLanguage":"es","@id":"https:\/\/www.nexoinformativo.mx\/#\/schema\/logo\/image\/","url":"https:\/\/www.nexoinformativo.mx\/wp-content\/uploads\/2024\/07\/nexoi-trasparente-2.png","contentUrl":"https:\/\/www.nexoinformativo.mx\/wp-content\/uploads\/2024\/07\/nexoi-trasparente-2.png","width":816,"height":339,"caption":"Nexo Informativo Santiago de Quer\u00e9taro"},"image":{"@id":"https:\/\/www.nexoinformativo.mx\/#\/schema\/logo\/image\/"},"sameAs":["https:\/\/www.facebook.com\/people\/Nexo-Informativo\/61564066885511\/"]},{"@type":"Person","@id":"https:\/\/www.nexoinformativo.mx\/#\/schema\/person\/7749d380ba08c8ca00d7bc76fd907b7d","name":"Nexo Informativo","image":{"@type":"ImageObject","inLanguage":"es","@id":"https:\/\/www.nexoinformativo.mx\/#\/schema\/person\/image\/","url":"https:\/\/secure.gravatar.com\/avatar\/dde2928154642a13d95f87ddf1ea9718fe2b46760a005c53e41ff5ad610704e6?s=96&d=mm&r=g","contentUrl":"https:\/\/secure.gravatar.com\/avatar\/dde2928154642a13d95f87ddf1ea9718fe2b46760a005c53e41ff5ad610704e6?s=96&d=mm&r=g","caption":"Nexo Informativo"},"url":"https:\/\/www.nexoinformativo.mx\/index.php\/author\/edicion\/"}]}},"_links":{"self":[{"href":"https:\/\/www.nexoinformativo.mx\/index.php\/wp-json\/wp\/v2\/posts\/11353","targetHints":{"allow":["GET"]}}],"collection":[{"href":"https:\/\/www.nexoinformativo.mx\/index.php\/wp-json\/wp\/v2\/posts"}],"about":[{"href":"https:\/\/www.nexoinformativo.mx\/index.php\/wp-json\/wp\/v2\/types\/post"}],"author":[{"embeddable":true,"href":"https:\/\/www.nexoinformativo.mx\/index.php\/wp-json\/wp\/v2\/users\/3"}],"replies":[{"embeddable":true,"href":"https:\/\/www.nexoinformativo.mx\/index.php\/wp-json\/wp\/v2\/comments?post=11353"}],"version-history":[{"count":3,"href":"https:\/\/www.nexoinformativo.mx\/index.php\/wp-json\/wp\/v2\/posts\/11353\/revisions"}],"predecessor-version":[{"id":11357,"href":"https:\/\/www.nexoinformativo.mx\/index.php\/wp-json\/wp\/v2\/posts\/11353\/revisions\/11357"}],"wp:featuredmedia":[{"embeddable":true,"href":"https:\/\/www.nexoinformativo.mx\/index.php\/wp-json\/wp\/v2\/media\/11355"}],"wp:attachment":[{"href":"https:\/\/www.nexoinformativo.mx\/index.php\/wp-json\/wp\/v2\/media?parent=11353"}],"wp:term":[{"taxonomy":"category","embeddable":true,"href":"https:\/\/www.nexoinformativo.mx\/index.php\/wp-json\/wp\/v2\/categories?post=11353"},{"taxonomy":"post_tag","embeddable":true,"href":"https:\/\/www.nexoinformativo.mx\/index.php\/wp-json\/wp\/v2\/tags?post=11353"}],"curies":[{"name":"wp","href":"https:\/\/api.w.org\/{rel}","templated":true}]}}