{"id":11358,"date":"2025-02-07T08:15:09","date_gmt":"2025-02-07T14:15:09","guid":{"rendered":"https:\/\/www.nexoinformativo.mx\/?p=11358"},"modified":"2025-02-07T08:56:53","modified_gmt":"2025-02-07T14:56:53","slug":"felifer-macias-anuncia-nuevos-servicios-digitales-y-la-decima-edicion-del-hay-festival","status":"publish","type":"post","link":"https:\/\/www.nexoinformativo.mx\/index.php\/2025\/02\/07\/felifer-macias-anuncia-nuevos-servicios-digitales-y-la-decima-edicion-del-hay-festival\/","title":{"rendered":"Felifer Mac\u00edas anuncia nuevos servicios digitales y la d\u00e9cima edici\u00f3n del Hay Festival"},"content":{"rendered":"<p style=\"text-align: justify;\">El presidente municipal de Quer\u00e9taro, Felifer Mac\u00edas, anunci\u00f3 que los 60 cajeros inteligentes del municipio ofrecer\u00e1n la impresi\u00f3n de actas de nacimiento, defunci\u00f3n y matrimonio.<\/p>\n<\/p>\n<p>&nbsp;<\/p>\n<p style=\"text-align: justify;\">Adem\u00e1s, inform\u00f3 que el pr\u00f3ximo mes tambi\u00e9n podr\u00e1n expedir actas de reconocimiento y divorcio, tanto locales como del Estado de Quer\u00e9taro y de otras entidades. Estos cajeros inteligentes facilitan el acceso a m\u00e1s de 140 mil usuarios, brindando servicios sin necesidad de acudir a oficinas gubernamentales.<\/p>\n<\/p>\n<p>&nbsp;<\/p>\n<p style=\"text-align: justify;\">La secretaria de Atenci\u00f3n Ciudadana, Adriana Fuentes, destac\u00f3 que estos cajeros inteligentes est\u00e1n estrat\u00e9gicamente situados y operar\u00e1n incluso los fines de semana.<\/p>\n<\/p>\n<p>&nbsp;<\/p>\n<p style=\"text-align: justify;\">El costo de las actas ser\u00e1 de $29 pesos, apoyando la econom\u00eda familiar. La ubicaci\u00f3n de estos cajeros se puede visualizar mediante GPS en la p\u00e1gina del municipio de Quer\u00e9taro.<\/p>\n<\/p>\n<p>&nbsp;<\/p>\n<p style=\"text-align: justify;\">Durante la rueda de prensa, Felifer Mac\u00edas confirm\u00f3 la D\u00e9cima Edici\u00f3n del Hay Festival, que posiciona a Quer\u00e9taro como un epicentro cultural internacional.<\/p>\n<\/p>\n<p>&nbsp;<\/p>\n<p style=\"text-align: justify;\">La secretaria de Cultura, Daniela Salgado M\u00e1rquez, se\u00f1al\u00f3 que esta edici\u00f3n se llevar\u00e1 a cabo en las siete delegaciones del municipio, permitiendo que todos los queretanos disfruten del festival y conozcan a escritores de talla internacional y talento local.<\/p>\n<\/p>\n<p>&nbsp;<\/p>\n<p style=\"text-align: justify;\">La programaci\u00f3n oficial se lanzar\u00e1 en la primera semana de junio, con la colaboraci\u00f3n de la Secretar\u00eda de Turismo Estatal y la Secretar\u00eda de Cultura Estatal.<\/p>\n<\/p>\n<p>&nbsp;<\/p>\n<p style=\"text-align: justify;\"><strong>\u201cEste a\u00f1o se cumplen 10 a\u00f1os de que el Hay Festival lleg\u00f3 a Quer\u00e9taro y que nos pone en las ciudades referentes, sobre todo en este tipo de eventos en materia de literatura, principalmente\u201d<\/strong>, coment\u00f3 el presidente municipal.<\/p>\n<\/p>\n<p>&nbsp;<\/p>\n<p style=\"text-align: center;\"><em><strong>\u00a1Informaci\u00f3n que transforma!<\/strong><\/em><\/p>\n","protected":false},"excerpt":{"rendered":"<p>El presidente municipal de Quer\u00e9taro, Felifer Mac\u00edas, anunci\u00f3 que los 60 cajeros inteligentes del municipio ofrecer\u00e1n la impresi\u00f3n de actas de nacimiento, defunci\u00f3n y matrimonio.<\/p>\n","protected":false},"author":3,"featured_media":11360,"comment_status":"open","ping_status":"open","sticky":false,"template":"","format":"standard","meta":{"footnotes":""},"categories":[65,58],"tags":[417,1000,3365,218],"class_list":["post-11358","post","type-post","status-publish","format-standard","has-post-thumbnail","hentry","category-municipios","category-ultima-hora","tag-culturaqueretaro","tag-felifermacias","tag-hayfestival2025","tag-queretarodigital"],"yoast_head":"<!-- This site is optimized with the Yoast SEO plugin v25.0 - https:\/\/yoast.com\/wordpress\/plugins\/seo\/ -->\n<title>Felifer Mac\u00edas anuncia nuevos servicios digitales y la d\u00e9cima edici\u00f3n del Hay Festival | Nexo Informativo Santiago de Quer\u00e9taro<\/title>\n<meta name=\"description\" content=\"Felifer Mac\u00edas anuncia nuevos servicios digitales y la d\u00e9cima edici\u00f3n del Hay Festival\" \/>\n<meta name=\"robots\" content=\"index, follow, max-snippet:-1, max-image-preview:large, max-video-preview:-1\" \/>\n<link rel=\"canonical\" href=\"https:\/\/www.nexoinformativo.mx\/index.php\/2025\/02\/07\/felifer-macias-anuncia-nuevos-servicios-digitales-y-la-decima-edicion-del-hay-festival\/\" \/>\n<meta property=\"og:locale\" content=\"es_MX\" \/>\n<meta property=\"og:type\" content=\"article\" \/>\n<meta property=\"og:title\" content=\"Felifer Mac\u00edas anuncia nuevos servicios digitales y la d\u00e9cima edici\u00f3n del Hay Festival | Nexo Informativo Santiago de Quer\u00e9taro\" \/>\n<meta property=\"og:description\" content=\"Felifer Mac\u00edas anuncia nuevos servicios digitales y la d\u00e9cima edici\u00f3n del Hay Festival\" \/>\n<meta property=\"og:url\" content=\"https:\/\/www.nexoinformativo.mx\/index.php\/2025\/02\/07\/felifer-macias-anuncia-nuevos-servicios-digitales-y-la-decima-edicion-del-hay-festival\/\" \/>\n<meta property=\"og:site_name\" content=\"Nexo Informativo Santiago de Quer\u00e9taro\" \/>\n<meta property=\"article:publisher\" content=\"https:\/\/www.facebook.com\/people\/Nexo-Informativo\/61564066885511\/\" \/>\n<meta property=\"article:published_time\" content=\"2025-02-07T14:15:09+00:00\" \/>\n<meta property=\"article:modified_time\" content=\"2025-02-07T14:56:53+00:00\" \/>\n<meta property=\"og:image\" content=\"https:\/\/www.nexoinformativo.mx\/wp-content\/uploads\/2025\/02\/fa3d429f-dffa-4e25-8354-02f09e111613-e1738940172405.jpeg\" \/>\n\t<meta property=\"og:image:width\" content=\"800\" \/>\n\t<meta property=\"og:image:height\" content=\"510\" \/>\n\t<meta property=\"og:image:type\" content=\"image\/jpeg\" \/>\n<meta name=\"author\" content=\"Nexo Informativo\" \/>\n<meta name=\"twitter:card\" content=\"summary_large_image\" \/>\n<meta name=\"twitter:label1\" content=\"Escrito por\" \/>\n\t<meta name=\"twitter:data1\" content=\"Nexo Informativo\" \/>\n\t<meta name=\"twitter:label2\" content=\"Tiempo de lectura\" \/>\n\t<meta name=\"twitter:data2\" content=\"2 minutos\" \/>\n<script type=\"application\/ld+json\" class=\"yoast-schema-graph\">{\"@context\":\"https:\/\/schema.org\",\"@graph\":[{\"@type\":\"Article\",\"@id\":\"https:\/\/www.nexoinformativo.mx\/index.php\/2025\/02\/07\/felifer-macias-anuncia-nuevos-servicios-digitales-y-la-decima-edicion-del-hay-festival\/#article\",\"isPartOf\":{\"@id\":\"https:\/\/www.nexoinformativo.mx\/index.php\/2025\/02\/07\/felifer-macias-anuncia-nuevos-servicios-digitales-y-la-decima-edicion-del-hay-festival\/\"},\"author\":{\"name\":\"Nexo Informativo\",\"@id\":\"https:\/\/www.nexoinformativo.mx\/#\/schema\/person\/7749d380ba08c8ca00d7bc76fd907b7d\"},\"headline\":\"Felifer Mac\u00edas anuncia nuevos servicios digitales y la d\u00e9cima edici\u00f3n del Hay Festival\",\"datePublished\":\"2025-02-07T14:15:09+00:00\",\"dateModified\":\"2025-02-07T14:56:53+00:00\",\"mainEntityOfPage\":{\"@id\":\"https:\/\/www.nexoinformativo.mx\/index.php\/2025\/02\/07\/felifer-macias-anuncia-nuevos-servicios-digitales-y-la-decima-edicion-del-hay-festival\/\"},\"wordCount\":306,\"commentCount\":0,\"publisher\":{\"@id\":\"https:\/\/www.nexoinformativo.mx\/#organization\"},\"image\":{\"@id\":\"https:\/\/www.nexoinformativo.mx\/index.php\/2025\/02\/07\/felifer-macias-anuncia-nuevos-servicios-digitales-y-la-decima-edicion-del-hay-festival\/#primaryimage\"},\"thumbnailUrl\":\"https:\/\/www.nexoinformativo.mx\/wp-content\/uploads\/2025\/02\/fa3d429f-dffa-4e25-8354-02f09e111613-e1738940172405.jpeg\",\"keywords\":[\"CulturaQuer\u00e9taro\",\"FeliferMac\u00edas\",\"HayFestival2025\",\"Quer\u00e9taroDigital\"],\"articleSection\":[\"Municipios\",\"\u00daltima Hora\"],\"inLanguage\":\"es\",\"potentialAction\":[{\"@type\":\"CommentAction\",\"name\":\"Comment\",\"target\":[\"https:\/\/www.nexoinformativo.mx\/index.php\/2025\/02\/07\/felifer-macias-anuncia-nuevos-servicios-digitales-y-la-decima-edicion-del-hay-festival\/#respond\"]}]},{\"@type\":\"WebPage\",\"@id\":\"https:\/\/www.nexoinformativo.mx\/index.php\/2025\/02\/07\/felifer-macias-anuncia-nuevos-servicios-digitales-y-la-decima-edicion-del-hay-festival\/\",\"url\":\"https:\/\/www.nexoinformativo.mx\/index.php\/2025\/02\/07\/felifer-macias-anuncia-nuevos-servicios-digitales-y-la-decima-edicion-del-hay-festival\/\",\"name\":\"Felifer Mac\u00edas anuncia nuevos servicios digitales y la d\u00e9cima edici\u00f3n del Hay Festival | Nexo Informativo Santiago de Quer\u00e9taro\",\"isPartOf\":{\"@id\":\"https:\/\/www.nexoinformativo.mx\/#website\"},\"primaryImageOfPage\":{\"@id\":\"https:\/\/www.nexoinformativo.mx\/index.php\/2025\/02\/07\/felifer-macias-anuncia-nuevos-servicios-digitales-y-la-decima-edicion-del-hay-festival\/#primaryimage\"},\"image\":{\"@id\":\"https:\/\/www.nexoinformativo.mx\/index.php\/2025\/02\/07\/felifer-macias-anuncia-nuevos-servicios-digitales-y-la-decima-edicion-del-hay-festival\/#primaryimage\"},\"thumbnailUrl\":\"https:\/\/www.nexoinformativo.mx\/wp-content\/uploads\/2025\/02\/fa3d429f-dffa-4e25-8354-02f09e111613-e1738940172405.jpeg\",\"datePublished\":\"2025-02-07T14:15:09+00:00\",\"dateModified\":\"2025-02-07T14:56:53+00:00\",\"description\":\"Felifer Mac\u00edas anuncia nuevos servicios digitales y la d\u00e9cima edici\u00f3n del Hay Festival\",\"breadcrumb\":{\"@id\":\"https:\/\/www.nexoinformativo.mx\/index.php\/2025\/02\/07\/felifer-macias-anuncia-nuevos-servicios-digitales-y-la-decima-edicion-del-hay-festival\/#breadcrumb\"},\"inLanguage\":\"es\",\"potentialAction\":[{\"@type\":\"ReadAction\",\"target\":[\"https:\/\/www.nexoinformativo.mx\/index.php\/2025\/02\/07\/felifer-macias-anuncia-nuevos-servicios-digitales-y-la-decima-edicion-del-hay-festival\/\"]}]},{\"@type\":\"ImageObject\",\"inLanguage\":\"es\",\"@id\":\"https:\/\/www.nexoinformativo.mx\/index.php\/2025\/02\/07\/felifer-macias-anuncia-nuevos-servicios-digitales-y-la-decima-edicion-del-hay-festival\/#primaryimage\",\"url\":\"https:\/\/www.nexoinformativo.mx\/wp-content\/uploads\/2025\/02\/fa3d429f-dffa-4e25-8354-02f09e111613-e1738940172405.jpeg\",\"contentUrl\":\"https:\/\/www.nexoinformativo.mx\/wp-content\/uploads\/2025\/02\/fa3d429f-dffa-4e25-8354-02f09e111613-e1738940172405.jpeg\",\"width\":800,\"height\":510},{\"@type\":\"BreadcrumbList\",\"@id\":\"https:\/\/www.nexoinformativo.mx\/index.php\/2025\/02\/07\/felifer-macias-anuncia-nuevos-servicios-digitales-y-la-decima-edicion-del-hay-festival\/#breadcrumb\",\"itemListElement\":[{\"@type\":\"ListItem\",\"position\":1,\"name\":\"Inicio\",\"item\":\"https:\/\/www.nexoinformativo.mx\/\"},{\"@type\":\"ListItem\",\"position\":2,\"name\":\"Felifer Mac\u00edas anuncia nuevos servicios digitales y la d\u00e9cima edici\u00f3n del Hay Festival\"}]},{\"@type\":\"WebSite\",\"@id\":\"https:\/\/www.nexoinformativo.mx\/#website\",\"url\":\"https:\/\/www.nexoinformativo.mx\/\",\"name\":\"Nexo Informativo Santiago de Quer\u00e9taro\",\"description\":\"Explora NexoInformativo y convi\u00e9rtete en parte de una comunidad que valora el conocimiento y la verdad. Tu nexoinformativo es tu puente hacia una comprensi\u00f3n m\u00e1s profunda del mundo que te rodea.\",\"publisher\":{\"@id\":\"https:\/\/www.nexoinformativo.mx\/#organization\"},\"potentialAction\":[{\"@type\":\"SearchAction\",\"target\":{\"@type\":\"EntryPoint\",\"urlTemplate\":\"https:\/\/www.nexoinformativo.mx\/?s={search_term_string}\"},\"query-input\":{\"@type\":\"PropertyValueSpecification\",\"valueRequired\":true,\"valueName\":\"search_term_string\"}}],\"inLanguage\":\"es\"},{\"@type\":\"Organization\",\"@id\":\"https:\/\/www.nexoinformativo.mx\/#organization\",\"name\":\"Nexo Informativo Santiago de Quer\u00e9taro\",\"url\":\"https:\/\/www.nexoinformativo.mx\/\",\"logo\":{\"@type\":\"ImageObject\",\"inLanguage\":\"es\",\"@id\":\"https:\/\/www.nexoinformativo.mx\/#\/schema\/logo\/image\/\",\"url\":\"https:\/\/www.nexoinformativo.mx\/wp-content\/uploads\/2024\/07\/nexoi-trasparente-2.png\",\"contentUrl\":\"https:\/\/www.nexoinformativo.mx\/wp-content\/uploads\/2024\/07\/nexoi-trasparente-2.png\",\"width\":816,\"height\":339,\"caption\":\"Nexo Informativo Santiago de Quer\u00e9taro\"},\"image\":{\"@id\":\"https:\/\/www.nexoinformativo.mx\/#\/schema\/logo\/image\/\"},\"sameAs\":[\"https:\/\/www.facebook.com\/people\/Nexo-Informativo\/61564066885511\/\"]},{\"@type\":\"Person\",\"@id\":\"https:\/\/www.nexoinformativo.mx\/#\/schema\/person\/7749d380ba08c8ca00d7bc76fd907b7d\",\"name\":\"Nexo Informativo\",\"image\":{\"@type\":\"ImageObject\",\"inLanguage\":\"es\",\"@id\":\"https:\/\/www.nexoinformativo.mx\/#\/schema\/person\/image\/\",\"url\":\"https:\/\/secure.gravatar.com\/avatar\/dde2928154642a13d95f87ddf1ea9718fe2b46760a005c53e41ff5ad610704e6?s=96&d=mm&r=g\",\"contentUrl\":\"https:\/\/secure.gravatar.com\/avatar\/dde2928154642a13d95f87ddf1ea9718fe2b46760a005c53e41ff5ad610704e6?s=96&d=mm&r=g\",\"caption\":\"Nexo Informativo\"},\"url\":\"https:\/\/www.nexoinformativo.mx\/index.php\/author\/edicion\/\"}]}<\/script>\n<!-- \/ Yoast SEO plugin. -->","yoast_head_json":{"title":"Felifer Mac\u00edas anuncia nuevos servicios digitales y la d\u00e9cima edici\u00f3n del Hay Festival | Nexo Informativo Santiago de Quer\u00e9taro","description":"Felifer Mac\u00edas anuncia nuevos servicios digitales y la d\u00e9cima edici\u00f3n del Hay Festival","robots":{"index":"index","follow":"follow","max-snippet":"max-snippet:-1","max-image-preview":"max-image-preview:large","max-video-preview":"max-video-preview:-1"},"canonical":"https:\/\/www.nexoinformativo.mx\/index.php\/2025\/02\/07\/felifer-macias-anuncia-nuevos-servicios-digitales-y-la-decima-edicion-del-hay-festival\/","og_locale":"es_MX","og_type":"article","og_title":"Felifer Mac\u00edas anuncia nuevos servicios digitales y la d\u00e9cima edici\u00f3n del Hay Festival | Nexo Informativo Santiago de Quer\u00e9taro","og_description":"Felifer Mac\u00edas anuncia nuevos servicios digitales y la d\u00e9cima edici\u00f3n del Hay Festival","og_url":"https:\/\/www.nexoinformativo.mx\/index.php\/2025\/02\/07\/felifer-macias-anuncia-nuevos-servicios-digitales-y-la-decima-edicion-del-hay-festival\/","og_site_name":"Nexo Informativo Santiago de Quer\u00e9taro","article_publisher":"https:\/\/www.facebook.com\/people\/Nexo-Informativo\/61564066885511\/","article_published_time":"2025-02-07T14:15:09+00:00","article_modified_time":"2025-02-07T14:56:53+00:00","og_image":[{"width":800,"height":510,"url":"https:\/\/www.nexoinformativo.mx\/wp-content\/uploads\/2025\/02\/fa3d429f-dffa-4e25-8354-02f09e111613-e1738940172405.jpeg","type":"image\/jpeg"}],"author":"Nexo Informativo","twitter_card":"summary_large_image","twitter_misc":{"Escrito por":"Nexo Informativo","Tiempo de lectura":"2 minutos"},"schema":{"@context":"https:\/\/schema.org","@graph":[{"@type":"Article","@id":"https:\/\/www.nexoinformativo.mx\/index.php\/2025\/02\/07\/felifer-macias-anuncia-nuevos-servicios-digitales-y-la-decima-edicion-del-hay-festival\/#article","isPartOf":{"@id":"https:\/\/www.nexoinformativo.mx\/index.php\/2025\/02\/07\/felifer-macias-anuncia-nuevos-servicios-digitales-y-la-decima-edicion-del-hay-festival\/"},"author":{"name":"Nexo Informativo","@id":"https:\/\/www.nexoinformativo.mx\/#\/schema\/person\/7749d380ba08c8ca00d7bc76fd907b7d"},"headline":"Felifer Mac\u00edas anuncia nuevos servicios digitales y la d\u00e9cima edici\u00f3n del Hay Festival","datePublished":"2025-02-07T14:15:09+00:00","dateModified":"2025-02-07T14:56:53+00:00","mainEntityOfPage":{"@id":"https:\/\/www.nexoinformativo.mx\/index.php\/2025\/02\/07\/felifer-macias-anuncia-nuevos-servicios-digitales-y-la-decima-edicion-del-hay-festival\/"},"wordCount":306,"commentCount":0,"publisher":{"@id":"https:\/\/www.nexoinformativo.mx\/#organization"},"image":{"@id":"https:\/\/www.nexoinformativo.mx\/index.php\/2025\/02\/07\/felifer-macias-anuncia-nuevos-servicios-digitales-y-la-decima-edicion-del-hay-festival\/#primaryimage"},"thumbnailUrl":"https:\/\/www.nexoinformativo.mx\/wp-content\/uploads\/2025\/02\/fa3d429f-dffa-4e25-8354-02f09e111613-e1738940172405.jpeg","keywords":["CulturaQuer\u00e9taro","FeliferMac\u00edas","HayFestival2025","Quer\u00e9taroDigital"],"articleSection":["Municipios","\u00daltima Hora"],"inLanguage":"es","potentialAction":[{"@type":"CommentAction","name":"Comment","target":["https:\/\/www.nexoinformativo.mx\/index.php\/2025\/02\/07\/felifer-macias-anuncia-nuevos-servicios-digitales-y-la-decima-edicion-del-hay-festival\/#respond"]}]},{"@type":"WebPage","@id":"https:\/\/www.nexoinformativo.mx\/index.php\/2025\/02\/07\/felifer-macias-anuncia-nuevos-servicios-digitales-y-la-decima-edicion-del-hay-festival\/","url":"https:\/\/www.nexoinformativo.mx\/index.php\/2025\/02\/07\/felifer-macias-anuncia-nuevos-servicios-digitales-y-la-decima-edicion-del-hay-festival\/","name":"Felifer Mac\u00edas anuncia nuevos servicios digitales y la d\u00e9cima edici\u00f3n del Hay Festival | Nexo Informativo Santiago de Quer\u00e9taro","isPartOf":{"@id":"https:\/\/www.nexoinformativo.mx\/#website"},"primaryImageOfPage":{"@id":"https:\/\/www.nexoinformativo.mx\/index.php\/2025\/02\/07\/felifer-macias-anuncia-nuevos-servicios-digitales-y-la-decima-edicion-del-hay-festival\/#primaryimage"},"image":{"@id":"https:\/\/www.nexoinformativo.mx\/index.php\/2025\/02\/07\/felifer-macias-anuncia-nuevos-servicios-digitales-y-la-decima-edicion-del-hay-festival\/#primaryimage"},"thumbnailUrl":"https:\/\/www.nexoinformativo.mx\/wp-content\/uploads\/2025\/02\/fa3d429f-dffa-4e25-8354-02f09e111613-e1738940172405.jpeg","datePublished":"2025-02-07T14:15:09+00:00","dateModified":"2025-02-07T14:56:53+00:00","description":"Felifer Mac\u00edas anuncia nuevos servicios digitales y la d\u00e9cima edici\u00f3n del Hay Festival","breadcrumb":{"@id":"https:\/\/www.nexoinformativo.mx\/index.php\/2025\/02\/07\/felifer-macias-anuncia-nuevos-servicios-digitales-y-la-decima-edicion-del-hay-festival\/#breadcrumb"},"inLanguage":"es","potentialAction":[{"@type":"ReadAction","target":["https:\/\/www.nexoinformativo.mx\/index.php\/2025\/02\/07\/felifer-macias-anuncia-nuevos-servicios-digitales-y-la-decima-edicion-del-hay-festival\/"]}]},{"@type":"ImageObject","inLanguage":"es","@id":"https:\/\/www.nexoinformativo.mx\/index.php\/2025\/02\/07\/felifer-macias-anuncia-nuevos-servicios-digitales-y-la-decima-edicion-del-hay-festival\/#primaryimage","url":"https:\/\/www.nexoinformativo.mx\/wp-content\/uploads\/2025\/02\/fa3d429f-dffa-4e25-8354-02f09e111613-e1738940172405.jpeg","contentUrl":"https:\/\/www.nexoinformativo.mx\/wp-content\/uploads\/2025\/02\/fa3d429f-dffa-4e25-8354-02f09e111613-e1738940172405.jpeg","width":800,"height":510},{"@type":"BreadcrumbList","@id":"https:\/\/www.nexoinformativo.mx\/index.php\/2025\/02\/07\/felifer-macias-anuncia-nuevos-servicios-digitales-y-la-decima-edicion-del-hay-festival\/#breadcrumb","itemListElement":[{"@type":"ListItem","position":1,"name":"Inicio","item":"https:\/\/www.nexoinformativo.mx\/"},{"@type":"ListItem","position":2,"name":"Felifer Mac\u00edas anuncia nuevos servicios digitales y la d\u00e9cima edici\u00f3n del Hay Festival"}]},{"@type":"WebSite","@id":"https:\/\/www.nexoinformativo.mx\/#website","url":"https:\/\/www.nexoinformativo.mx\/","name":"Nexo Informativo Santiago de Quer\u00e9taro","description":"Explora NexoInformativo y convi\u00e9rtete en parte de una comunidad que valora el conocimiento y la verdad. Tu nexoinformativo es tu puente hacia una comprensi\u00f3n m\u00e1s profunda del mundo que te rodea.","publisher":{"@id":"https:\/\/www.nexoinformativo.mx\/#organization"},"potentialAction":[{"@type":"SearchAction","target":{"@type":"EntryPoint","urlTemplate":"https:\/\/www.nexoinformativo.mx\/?s={search_term_string}"},"query-input":{"@type":"PropertyValueSpecification","valueRequired":true,"valueName":"search_term_string"}}],"inLanguage":"es"},{"@type":"Organization","@id":"https:\/\/www.nexoinformativo.mx\/#organization","name":"Nexo Informativo Santiago de Quer\u00e9taro","url":"https:\/\/www.nexoinformativo.mx\/","logo":{"@type":"ImageObject","inLanguage":"es","@id":"https:\/\/www.nexoinformativo.mx\/#\/schema\/logo\/image\/","url":"https:\/\/www.nexoinformativo.mx\/wp-content\/uploads\/2024\/07\/nexoi-trasparente-2.png","contentUrl":"https:\/\/www.nexoinformativo.mx\/wp-content\/uploads\/2024\/07\/nexoi-trasparente-2.png","width":816,"height":339,"caption":"Nexo Informativo Santiago de Quer\u00e9taro"},"image":{"@id":"https:\/\/www.nexoinformativo.mx\/#\/schema\/logo\/image\/"},"sameAs":["https:\/\/www.facebook.com\/people\/Nexo-Informativo\/61564066885511\/"]},{"@type":"Person","@id":"https:\/\/www.nexoinformativo.mx\/#\/schema\/person\/7749d380ba08c8ca00d7bc76fd907b7d","name":"Nexo Informativo","image":{"@type":"ImageObject","inLanguage":"es","@id":"https:\/\/www.nexoinformativo.mx\/#\/schema\/person\/image\/","url":"https:\/\/secure.gravatar.com\/avatar\/dde2928154642a13d95f87ddf1ea9718fe2b46760a005c53e41ff5ad610704e6?s=96&d=mm&r=g","contentUrl":"https:\/\/secure.gravatar.com\/avatar\/dde2928154642a13d95f87ddf1ea9718fe2b46760a005c53e41ff5ad610704e6?s=96&d=mm&r=g","caption":"Nexo Informativo"},"url":"https:\/\/www.nexoinformativo.mx\/index.php\/author\/edicion\/"}]}},"_links":{"self":[{"href":"https:\/\/www.nexoinformativo.mx\/index.php\/wp-json\/wp\/v2\/posts\/11358","targetHints":{"allow":["GET"]}}],"collection":[{"href":"https:\/\/www.nexoinformativo.mx\/index.php\/wp-json\/wp\/v2\/posts"}],"about":[{"href":"https:\/\/www.nexoinformativo.mx\/index.php\/wp-json\/wp\/v2\/types\/post"}],"author":[{"embeddable":true,"href":"https:\/\/www.nexoinformativo.mx\/index.php\/wp-json\/wp\/v2\/users\/3"}],"replies":[{"embeddable":true,"href":"https:\/\/www.nexoinformativo.mx\/index.php\/wp-json\/wp\/v2\/comments?post=11358"}],"version-history":[{"count":4,"href":"https:\/\/www.nexoinformativo.mx\/index.php\/wp-json\/wp\/v2\/posts\/11358\/revisions"}],"predecessor-version":[{"id":11362,"href":"https:\/\/www.nexoinformativo.mx\/index.php\/wp-json\/wp\/v2\/posts\/11358\/revisions\/11362"}],"wp:featuredmedia":[{"embeddable":true,"href":"https:\/\/www.nexoinformativo.mx\/index.php\/wp-json\/wp\/v2\/media\/11360"}],"wp:attachment":[{"href":"https:\/\/www.nexoinformativo.mx\/index.php\/wp-json\/wp\/v2\/media?parent=11358"}],"wp:term":[{"taxonomy":"category","embeddable":true,"href":"https:\/\/www.nexoinformativo.mx\/index.php\/wp-json\/wp\/v2\/categories?post=11358"},{"taxonomy":"post_tag","embeddable":true,"href":"https:\/\/www.nexoinformativo.mx\/index.php\/wp-json\/wp\/v2\/tags?post=11358"}],"curies":[{"name":"wp","href":"https:\/\/api.w.org\/{rel}","templated":true}]}}