{"id":11364,"date":"2025-02-07T08:30:15","date_gmt":"2025-02-07T14:30:15","guid":{"rendered":"https:\/\/www.nexoinformativo.mx\/?p=11364"},"modified":"2025-02-07T09:01:32","modified_gmt":"2025-02-07T15:01:32","slug":"kuri-exhorta-a-continuar-el-trabajo-en-seguridad-para-la-tranquilidad-de-queretaro","status":"publish","type":"post","link":"https:\/\/www.nexoinformativo.mx\/index.php\/2025\/02\/07\/kuri-exhorta-a-continuar-el-trabajo-en-seguridad-para-la-tranquilidad-de-queretaro\/","title":{"rendered":"Kuri exhorta a continuar el trabajo en seguridad para la tranquilidad de Quer\u00e9taro"},"content":{"rendered":"<p style=\"text-align: justify;\">En la Octava Sesi\u00f3n Ordinaria del Consejo Estatal de Seguridad, el gobernador Mauricio Kuri Gonz\u00e1lez exhort\u00f3 a las y los integrantes del Consejo a continuar trabajando por la tranquilidad de las familias queretanas.<\/p>\n<\/p>\n<p>&nbsp;<\/p>\n<p style=\"text-align: justify;\">Destac\u00f3 que, por primera vez desde 2015, la cifra de delitos registrados baj\u00f3 un 6.10% en 2024 respecto al a\u00f1o anterior. Estos resultados se deben a la labor coordinada de todas las instituciones que integran el Consejo.<\/p>\n<\/p>\n<p>&nbsp;<\/p>\n<p style=\"text-align: justify;\">Subray\u00f3 la importancia de la cercan\u00eda con la ciudadan\u00eda y exhort\u00f3 a seguir mejorando la percepci\u00f3n de la labor de los polic\u00edas, fiscales, jueces y dem\u00e1s operadores de seguridad. Asegur\u00f3 que, ante hechos de violencia, se actuar\u00e1 con prontitud para evitar la impunidad y mantener la tranquilidad en Quer\u00e9taro.<\/p>\n<\/p>\n<p>&nbsp;<\/p>\n<p style=\"text-align: justify;\">El gobernador reconoci\u00f3 los esfuerzos de los municipios en fortalecer la justicia c\u00edvica y destac\u00f3 la coordinaci\u00f3n con el Centro Estatal Contra las Adicciones, que ha permitido que 47 personas con problemas de adicci\u00f3n sean atendidas en centros de rehabilitaci\u00f3n en lugar de ser sancionadas.<\/p>\n<\/p>\n<p>&nbsp;<\/p>\n<p style=\"text-align: justify;\">Kuri resalt\u00f3 la inversi\u00f3n de m\u00e1s de 518 millones de pesos en programas de profesionalizaci\u00f3n, prevenci\u00f3n del delito y seguridad p\u00fablica. Quer\u00e9taro es la \u00fanica entidad que garantiza que todos sus polic\u00edas est\u00e1n capacitados y certificados.<\/p>\n<\/p>\n<p>&nbsp;<\/p>\n<p style=\"text-align: center;\"><em><strong>\u00a1Informaci\u00f3n que transforma!<\/strong><\/em><\/p>\n","protected":false},"excerpt":{"rendered":"<p>En la Octava Sesi\u00f3n Ordinaria del Consejo Estatal de Seguridad, el gobernador Mauricio Kuri Gonz\u00e1lez exhort\u00f3 a las y los integrantes del Consejo a continuar trabajando por la tranquilidad de las familias queretanas.<\/p>\n","protected":false},"author":3,"featured_media":11365,"comment_status":"open","ping_status":"open","sticky":false,"template":"","format":"standard","meta":{"footnotes":""},"categories":[42,58],"tags":[3025,661,266,1247],"class_list":["post-11364","post","type-post","status-publish","format-standard","has-post-thumbnail","hentry","category-estado","category-ultima-hora","tag-consejodeseguridad","tag-mauriciokuri","tag-seguridadqueretaro","tag-tranquilidadfamiliar"],"yoast_head":"<!-- This site is optimized with the Yoast SEO plugin v25.0 - https:\/\/yoast.com\/wordpress\/plugins\/seo\/ -->\n<title>Kuri exhorta a continuar el trabajo en seguridad para la tranquilidad de Quer\u00e9taro | Nexo Informativo Santiago de Quer\u00e9taro<\/title>\n<meta name=\"description\" content=\"Kuri exhorta a continuar el trabajo en seguridad para la tranquilidad de Quer\u00e9taro\" \/>\n<meta name=\"robots\" content=\"index, follow, max-snippet:-1, max-image-preview:large, max-video-preview:-1\" \/>\n<link rel=\"canonical\" href=\"https:\/\/www.nexoinformativo.mx\/index.php\/2025\/02\/07\/kuri-exhorta-a-continuar-el-trabajo-en-seguridad-para-la-tranquilidad-de-queretaro\/\" \/>\n<meta property=\"og:locale\" content=\"es_MX\" \/>\n<meta property=\"og:type\" content=\"article\" \/>\n<meta property=\"og:title\" content=\"Kuri exhorta a continuar el trabajo en seguridad para la tranquilidad de Quer\u00e9taro | Nexo Informativo Santiago de Quer\u00e9taro\" \/>\n<meta property=\"og:description\" content=\"Kuri exhorta a continuar el trabajo en seguridad para la tranquilidad de Quer\u00e9taro\" \/>\n<meta property=\"og:url\" content=\"https:\/\/www.nexoinformativo.mx\/index.php\/2025\/02\/07\/kuri-exhorta-a-continuar-el-trabajo-en-seguridad-para-la-tranquilidad-de-queretaro\/\" \/>\n<meta property=\"og:site_name\" content=\"Nexo Informativo Santiago de Quer\u00e9taro\" \/>\n<meta property=\"article:publisher\" content=\"https:\/\/www.facebook.com\/people\/Nexo-Informativo\/61564066885511\/\" \/>\n<meta property=\"article:published_time\" content=\"2025-02-07T14:30:15+00:00\" \/>\n<meta property=\"article:modified_time\" content=\"2025-02-07T15:01:32+00:00\" \/>\n<meta property=\"og:image\" content=\"https:\/\/www.nexoinformativo.mx\/wp-content\/uploads\/2025\/02\/14286f3b-5460-4273-bf65-19736bdb9ac8-e1738940457402.jpeg\" \/>\n\t<meta property=\"og:image:width\" content=\"800\" \/>\n\t<meta property=\"og:image:height\" content=\"533\" \/>\n\t<meta property=\"og:image:type\" content=\"image\/jpeg\" \/>\n<meta name=\"author\" content=\"Nexo Informativo\" \/>\n<meta name=\"twitter:card\" content=\"summary_large_image\" \/>\n<meta name=\"twitter:label1\" content=\"Escrito por\" \/>\n\t<meta name=\"twitter:data1\" content=\"Nexo Informativo\" \/>\n\t<meta name=\"twitter:label2\" content=\"Tiempo de lectura\" \/>\n\t<meta name=\"twitter:data2\" content=\"2 minutos\" \/>\n<script type=\"application\/ld+json\" class=\"yoast-schema-graph\">{\"@context\":\"https:\/\/schema.org\",\"@graph\":[{\"@type\":\"Article\",\"@id\":\"https:\/\/www.nexoinformativo.mx\/index.php\/2025\/02\/07\/kuri-exhorta-a-continuar-el-trabajo-en-seguridad-para-la-tranquilidad-de-queretaro\/#article\",\"isPartOf\":{\"@id\":\"https:\/\/www.nexoinformativo.mx\/index.php\/2025\/02\/07\/kuri-exhorta-a-continuar-el-trabajo-en-seguridad-para-la-tranquilidad-de-queretaro\/\"},\"author\":{\"name\":\"Nexo Informativo\",\"@id\":\"https:\/\/www.nexoinformativo.mx\/#\/schema\/person\/7749d380ba08c8ca00d7bc76fd907b7d\"},\"headline\":\"Kuri exhorta a continuar el trabajo en seguridad para la tranquilidad de Quer\u00e9taro\",\"datePublished\":\"2025-02-07T14:30:15+00:00\",\"dateModified\":\"2025-02-07T15:01:32+00:00\",\"mainEntityOfPage\":{\"@id\":\"https:\/\/www.nexoinformativo.mx\/index.php\/2025\/02\/07\/kuri-exhorta-a-continuar-el-trabajo-en-seguridad-para-la-tranquilidad-de-queretaro\/\"},\"wordCount\":239,\"commentCount\":0,\"publisher\":{\"@id\":\"https:\/\/www.nexoinformativo.mx\/#organization\"},\"image\":{\"@id\":\"https:\/\/www.nexoinformativo.mx\/index.php\/2025\/02\/07\/kuri-exhorta-a-continuar-el-trabajo-en-seguridad-para-la-tranquilidad-de-queretaro\/#primaryimage\"},\"thumbnailUrl\":\"https:\/\/www.nexoinformativo.mx\/wp-content\/uploads\/2025\/02\/14286f3b-5460-4273-bf65-19736bdb9ac8-e1738940457402.jpeg\",\"keywords\":[\"ConsejoDeSeguridad\",\"MauricioKuri\",\"SeguridadQueretaro\",\"TranquilidadFamiliar\"],\"articleSection\":[\"Estado\",\"\u00daltima Hora\"],\"inLanguage\":\"es\",\"potentialAction\":[{\"@type\":\"CommentAction\",\"name\":\"Comment\",\"target\":[\"https:\/\/www.nexoinformativo.mx\/index.php\/2025\/02\/07\/kuri-exhorta-a-continuar-el-trabajo-en-seguridad-para-la-tranquilidad-de-queretaro\/#respond\"]}]},{\"@type\":\"WebPage\",\"@id\":\"https:\/\/www.nexoinformativo.mx\/index.php\/2025\/02\/07\/kuri-exhorta-a-continuar-el-trabajo-en-seguridad-para-la-tranquilidad-de-queretaro\/\",\"url\":\"https:\/\/www.nexoinformativo.mx\/index.php\/2025\/02\/07\/kuri-exhorta-a-continuar-el-trabajo-en-seguridad-para-la-tranquilidad-de-queretaro\/\",\"name\":\"Kuri exhorta a continuar el trabajo en seguridad para la tranquilidad de Quer\u00e9taro | Nexo Informativo Santiago de Quer\u00e9taro\",\"isPartOf\":{\"@id\":\"https:\/\/www.nexoinformativo.mx\/#website\"},\"primaryImageOfPage\":{\"@id\":\"https:\/\/www.nexoinformativo.mx\/index.php\/2025\/02\/07\/kuri-exhorta-a-continuar-el-trabajo-en-seguridad-para-la-tranquilidad-de-queretaro\/#primaryimage\"},\"image\":{\"@id\":\"https:\/\/www.nexoinformativo.mx\/index.php\/2025\/02\/07\/kuri-exhorta-a-continuar-el-trabajo-en-seguridad-para-la-tranquilidad-de-queretaro\/#primaryimage\"},\"thumbnailUrl\":\"https:\/\/www.nexoinformativo.mx\/wp-content\/uploads\/2025\/02\/14286f3b-5460-4273-bf65-19736bdb9ac8-e1738940457402.jpeg\",\"datePublished\":\"2025-02-07T14:30:15+00:00\",\"dateModified\":\"2025-02-07T15:01:32+00:00\",\"description\":\"Kuri exhorta a continuar el trabajo en seguridad para la tranquilidad de Quer\u00e9taro\",\"breadcrumb\":{\"@id\":\"https:\/\/www.nexoinformativo.mx\/index.php\/2025\/02\/07\/kuri-exhorta-a-continuar-el-trabajo-en-seguridad-para-la-tranquilidad-de-queretaro\/#breadcrumb\"},\"inLanguage\":\"es\",\"potentialAction\":[{\"@type\":\"ReadAction\",\"target\":[\"https:\/\/www.nexoinformativo.mx\/index.php\/2025\/02\/07\/kuri-exhorta-a-continuar-el-trabajo-en-seguridad-para-la-tranquilidad-de-queretaro\/\"]}]},{\"@type\":\"ImageObject\",\"inLanguage\":\"es\",\"@id\":\"https:\/\/www.nexoinformativo.mx\/index.php\/2025\/02\/07\/kuri-exhorta-a-continuar-el-trabajo-en-seguridad-para-la-tranquilidad-de-queretaro\/#primaryimage\",\"url\":\"https:\/\/www.nexoinformativo.mx\/wp-content\/uploads\/2025\/02\/14286f3b-5460-4273-bf65-19736bdb9ac8-e1738940457402.jpeg\",\"contentUrl\":\"https:\/\/www.nexoinformativo.mx\/wp-content\/uploads\/2025\/02\/14286f3b-5460-4273-bf65-19736bdb9ac8-e1738940457402.jpeg\",\"width\":800,\"height\":533},{\"@type\":\"BreadcrumbList\",\"@id\":\"https:\/\/www.nexoinformativo.mx\/index.php\/2025\/02\/07\/kuri-exhorta-a-continuar-el-trabajo-en-seguridad-para-la-tranquilidad-de-queretaro\/#breadcrumb\",\"itemListElement\":[{\"@type\":\"ListItem\",\"position\":1,\"name\":\"Inicio\",\"item\":\"https:\/\/www.nexoinformativo.mx\/\"},{\"@type\":\"ListItem\",\"position\":2,\"name\":\"Kuri exhorta a continuar el trabajo en seguridad para la tranquilidad de Quer\u00e9taro\"}]},{\"@type\":\"WebSite\",\"@id\":\"https:\/\/www.nexoinformativo.mx\/#website\",\"url\":\"https:\/\/www.nexoinformativo.mx\/\",\"name\":\"Nexo Informativo Santiago de Quer\u00e9taro\",\"description\":\"Explora NexoInformativo y convi\u00e9rtete en parte de una comunidad que valora el conocimiento y la verdad. Tu nexoinformativo es tu puente hacia una comprensi\u00f3n m\u00e1s profunda del mundo que te rodea.\",\"publisher\":{\"@id\":\"https:\/\/www.nexoinformativo.mx\/#organization\"},\"potentialAction\":[{\"@type\":\"SearchAction\",\"target\":{\"@type\":\"EntryPoint\",\"urlTemplate\":\"https:\/\/www.nexoinformativo.mx\/?s={search_term_string}\"},\"query-input\":{\"@type\":\"PropertyValueSpecification\",\"valueRequired\":true,\"valueName\":\"search_term_string\"}}],\"inLanguage\":\"es\"},{\"@type\":\"Organization\",\"@id\":\"https:\/\/www.nexoinformativo.mx\/#organization\",\"name\":\"Nexo Informativo Santiago de Quer\u00e9taro\",\"url\":\"https:\/\/www.nexoinformativo.mx\/\",\"logo\":{\"@type\":\"ImageObject\",\"inLanguage\":\"es\",\"@id\":\"https:\/\/www.nexoinformativo.mx\/#\/schema\/logo\/image\/\",\"url\":\"https:\/\/www.nexoinformativo.mx\/wp-content\/uploads\/2024\/07\/nexoi-trasparente-2.png\",\"contentUrl\":\"https:\/\/www.nexoinformativo.mx\/wp-content\/uploads\/2024\/07\/nexoi-trasparente-2.png\",\"width\":816,\"height\":339,\"caption\":\"Nexo Informativo Santiago de Quer\u00e9taro\"},\"image\":{\"@id\":\"https:\/\/www.nexoinformativo.mx\/#\/schema\/logo\/image\/\"},\"sameAs\":[\"https:\/\/www.facebook.com\/people\/Nexo-Informativo\/61564066885511\/\"]},{\"@type\":\"Person\",\"@id\":\"https:\/\/www.nexoinformativo.mx\/#\/schema\/person\/7749d380ba08c8ca00d7bc76fd907b7d\",\"name\":\"Nexo Informativo\",\"image\":{\"@type\":\"ImageObject\",\"inLanguage\":\"es\",\"@id\":\"https:\/\/www.nexoinformativo.mx\/#\/schema\/person\/image\/\",\"url\":\"https:\/\/secure.gravatar.com\/avatar\/dde2928154642a13d95f87ddf1ea9718fe2b46760a005c53e41ff5ad610704e6?s=96&d=mm&r=g\",\"contentUrl\":\"https:\/\/secure.gravatar.com\/avatar\/dde2928154642a13d95f87ddf1ea9718fe2b46760a005c53e41ff5ad610704e6?s=96&d=mm&r=g\",\"caption\":\"Nexo Informativo\"},\"url\":\"https:\/\/www.nexoinformativo.mx\/index.php\/author\/edicion\/\"}]}<\/script>\n<!-- \/ Yoast SEO plugin. -->","yoast_head_json":{"title":"Kuri exhorta a continuar el trabajo en seguridad para la tranquilidad de Quer\u00e9taro | Nexo Informativo Santiago de Quer\u00e9taro","description":"Kuri exhorta a continuar el trabajo en seguridad para la tranquilidad de Quer\u00e9taro","robots":{"index":"index","follow":"follow","max-snippet":"max-snippet:-1","max-image-preview":"max-image-preview:large","max-video-preview":"max-video-preview:-1"},"canonical":"https:\/\/www.nexoinformativo.mx\/index.php\/2025\/02\/07\/kuri-exhorta-a-continuar-el-trabajo-en-seguridad-para-la-tranquilidad-de-queretaro\/","og_locale":"es_MX","og_type":"article","og_title":"Kuri exhorta a continuar el trabajo en seguridad para la tranquilidad de Quer\u00e9taro | Nexo Informativo Santiago de Quer\u00e9taro","og_description":"Kuri exhorta a continuar el trabajo en seguridad para la tranquilidad de Quer\u00e9taro","og_url":"https:\/\/www.nexoinformativo.mx\/index.php\/2025\/02\/07\/kuri-exhorta-a-continuar-el-trabajo-en-seguridad-para-la-tranquilidad-de-queretaro\/","og_site_name":"Nexo Informativo Santiago de Quer\u00e9taro","article_publisher":"https:\/\/www.facebook.com\/people\/Nexo-Informativo\/61564066885511\/","article_published_time":"2025-02-07T14:30:15+00:00","article_modified_time":"2025-02-07T15:01:32+00:00","og_image":[{"width":800,"height":533,"url":"https:\/\/www.nexoinformativo.mx\/wp-content\/uploads\/2025\/02\/14286f3b-5460-4273-bf65-19736bdb9ac8-e1738940457402.jpeg","type":"image\/jpeg"}],"author":"Nexo Informativo","twitter_card":"summary_large_image","twitter_misc":{"Escrito por":"Nexo Informativo","Tiempo de lectura":"2 minutos"},"schema":{"@context":"https:\/\/schema.org","@graph":[{"@type":"Article","@id":"https:\/\/www.nexoinformativo.mx\/index.php\/2025\/02\/07\/kuri-exhorta-a-continuar-el-trabajo-en-seguridad-para-la-tranquilidad-de-queretaro\/#article","isPartOf":{"@id":"https:\/\/www.nexoinformativo.mx\/index.php\/2025\/02\/07\/kuri-exhorta-a-continuar-el-trabajo-en-seguridad-para-la-tranquilidad-de-queretaro\/"},"author":{"name":"Nexo Informativo","@id":"https:\/\/www.nexoinformativo.mx\/#\/schema\/person\/7749d380ba08c8ca00d7bc76fd907b7d"},"headline":"Kuri exhorta a continuar el trabajo en seguridad para la tranquilidad de Quer\u00e9taro","datePublished":"2025-02-07T14:30:15+00:00","dateModified":"2025-02-07T15:01:32+00:00","mainEntityOfPage":{"@id":"https:\/\/www.nexoinformativo.mx\/index.php\/2025\/02\/07\/kuri-exhorta-a-continuar-el-trabajo-en-seguridad-para-la-tranquilidad-de-queretaro\/"},"wordCount":239,"commentCount":0,"publisher":{"@id":"https:\/\/www.nexoinformativo.mx\/#organization"},"image":{"@id":"https:\/\/www.nexoinformativo.mx\/index.php\/2025\/02\/07\/kuri-exhorta-a-continuar-el-trabajo-en-seguridad-para-la-tranquilidad-de-queretaro\/#primaryimage"},"thumbnailUrl":"https:\/\/www.nexoinformativo.mx\/wp-content\/uploads\/2025\/02\/14286f3b-5460-4273-bf65-19736bdb9ac8-e1738940457402.jpeg","keywords":["ConsejoDeSeguridad","MauricioKuri","SeguridadQueretaro","TranquilidadFamiliar"],"articleSection":["Estado","\u00daltima Hora"],"inLanguage":"es","potentialAction":[{"@type":"CommentAction","name":"Comment","target":["https:\/\/www.nexoinformativo.mx\/index.php\/2025\/02\/07\/kuri-exhorta-a-continuar-el-trabajo-en-seguridad-para-la-tranquilidad-de-queretaro\/#respond"]}]},{"@type":"WebPage","@id":"https:\/\/www.nexoinformativo.mx\/index.php\/2025\/02\/07\/kuri-exhorta-a-continuar-el-trabajo-en-seguridad-para-la-tranquilidad-de-queretaro\/","url":"https:\/\/www.nexoinformativo.mx\/index.php\/2025\/02\/07\/kuri-exhorta-a-continuar-el-trabajo-en-seguridad-para-la-tranquilidad-de-queretaro\/","name":"Kuri exhorta a continuar el trabajo en seguridad para la tranquilidad de Quer\u00e9taro | Nexo Informativo Santiago de Quer\u00e9taro","isPartOf":{"@id":"https:\/\/www.nexoinformativo.mx\/#website"},"primaryImageOfPage":{"@id":"https:\/\/www.nexoinformativo.mx\/index.php\/2025\/02\/07\/kuri-exhorta-a-continuar-el-trabajo-en-seguridad-para-la-tranquilidad-de-queretaro\/#primaryimage"},"image":{"@id":"https:\/\/www.nexoinformativo.mx\/index.php\/2025\/02\/07\/kuri-exhorta-a-continuar-el-trabajo-en-seguridad-para-la-tranquilidad-de-queretaro\/#primaryimage"},"thumbnailUrl":"https:\/\/www.nexoinformativo.mx\/wp-content\/uploads\/2025\/02\/14286f3b-5460-4273-bf65-19736bdb9ac8-e1738940457402.jpeg","datePublished":"2025-02-07T14:30:15+00:00","dateModified":"2025-02-07T15:01:32+00:00","description":"Kuri exhorta a continuar el trabajo en seguridad para la tranquilidad de Quer\u00e9taro","breadcrumb":{"@id":"https:\/\/www.nexoinformativo.mx\/index.php\/2025\/02\/07\/kuri-exhorta-a-continuar-el-trabajo-en-seguridad-para-la-tranquilidad-de-queretaro\/#breadcrumb"},"inLanguage":"es","potentialAction":[{"@type":"ReadAction","target":["https:\/\/www.nexoinformativo.mx\/index.php\/2025\/02\/07\/kuri-exhorta-a-continuar-el-trabajo-en-seguridad-para-la-tranquilidad-de-queretaro\/"]}]},{"@type":"ImageObject","inLanguage":"es","@id":"https:\/\/www.nexoinformativo.mx\/index.php\/2025\/02\/07\/kuri-exhorta-a-continuar-el-trabajo-en-seguridad-para-la-tranquilidad-de-queretaro\/#primaryimage","url":"https:\/\/www.nexoinformativo.mx\/wp-content\/uploads\/2025\/02\/14286f3b-5460-4273-bf65-19736bdb9ac8-e1738940457402.jpeg","contentUrl":"https:\/\/www.nexoinformativo.mx\/wp-content\/uploads\/2025\/02\/14286f3b-5460-4273-bf65-19736bdb9ac8-e1738940457402.jpeg","width":800,"height":533},{"@type":"BreadcrumbList","@id":"https:\/\/www.nexoinformativo.mx\/index.php\/2025\/02\/07\/kuri-exhorta-a-continuar-el-trabajo-en-seguridad-para-la-tranquilidad-de-queretaro\/#breadcrumb","itemListElement":[{"@type":"ListItem","position":1,"name":"Inicio","item":"https:\/\/www.nexoinformativo.mx\/"},{"@type":"ListItem","position":2,"name":"Kuri exhorta a continuar el trabajo en seguridad para la tranquilidad de Quer\u00e9taro"}]},{"@type":"WebSite","@id":"https:\/\/www.nexoinformativo.mx\/#website","url":"https:\/\/www.nexoinformativo.mx\/","name":"Nexo Informativo Santiago de Quer\u00e9taro","description":"Explora NexoInformativo y convi\u00e9rtete en parte de una comunidad que valora el conocimiento y la verdad. Tu nexoinformativo es tu puente hacia una comprensi\u00f3n m\u00e1s profunda del mundo que te rodea.","publisher":{"@id":"https:\/\/www.nexoinformativo.mx\/#organization"},"potentialAction":[{"@type":"SearchAction","target":{"@type":"EntryPoint","urlTemplate":"https:\/\/www.nexoinformativo.mx\/?s={search_term_string}"},"query-input":{"@type":"PropertyValueSpecification","valueRequired":true,"valueName":"search_term_string"}}],"inLanguage":"es"},{"@type":"Organization","@id":"https:\/\/www.nexoinformativo.mx\/#organization","name":"Nexo Informativo Santiago de Quer\u00e9taro","url":"https:\/\/www.nexoinformativo.mx\/","logo":{"@type":"ImageObject","inLanguage":"es","@id":"https:\/\/www.nexoinformativo.mx\/#\/schema\/logo\/image\/","url":"https:\/\/www.nexoinformativo.mx\/wp-content\/uploads\/2024\/07\/nexoi-trasparente-2.png","contentUrl":"https:\/\/www.nexoinformativo.mx\/wp-content\/uploads\/2024\/07\/nexoi-trasparente-2.png","width":816,"height":339,"caption":"Nexo Informativo Santiago de Quer\u00e9taro"},"image":{"@id":"https:\/\/www.nexoinformativo.mx\/#\/schema\/logo\/image\/"},"sameAs":["https:\/\/www.facebook.com\/people\/Nexo-Informativo\/61564066885511\/"]},{"@type":"Person","@id":"https:\/\/www.nexoinformativo.mx\/#\/schema\/person\/7749d380ba08c8ca00d7bc76fd907b7d","name":"Nexo Informativo","image":{"@type":"ImageObject","inLanguage":"es","@id":"https:\/\/www.nexoinformativo.mx\/#\/schema\/person\/image\/","url":"https:\/\/secure.gravatar.com\/avatar\/dde2928154642a13d95f87ddf1ea9718fe2b46760a005c53e41ff5ad610704e6?s=96&d=mm&r=g","contentUrl":"https:\/\/secure.gravatar.com\/avatar\/dde2928154642a13d95f87ddf1ea9718fe2b46760a005c53e41ff5ad610704e6?s=96&d=mm&r=g","caption":"Nexo Informativo"},"url":"https:\/\/www.nexoinformativo.mx\/index.php\/author\/edicion\/"}]}},"_links":{"self":[{"href":"https:\/\/www.nexoinformativo.mx\/index.php\/wp-json\/wp\/v2\/posts\/11364","targetHints":{"allow":["GET"]}}],"collection":[{"href":"https:\/\/www.nexoinformativo.mx\/index.php\/wp-json\/wp\/v2\/posts"}],"about":[{"href":"https:\/\/www.nexoinformativo.mx\/index.php\/wp-json\/wp\/v2\/types\/post"}],"author":[{"embeddable":true,"href":"https:\/\/www.nexoinformativo.mx\/index.php\/wp-json\/wp\/v2\/users\/3"}],"replies":[{"embeddable":true,"href":"https:\/\/www.nexoinformativo.mx\/index.php\/wp-json\/wp\/v2\/comments?post=11364"}],"version-history":[{"count":3,"href":"https:\/\/www.nexoinformativo.mx\/index.php\/wp-json\/wp\/v2\/posts\/11364\/revisions"}],"predecessor-version":[{"id":11368,"href":"https:\/\/www.nexoinformativo.mx\/index.php\/wp-json\/wp\/v2\/posts\/11364\/revisions\/11368"}],"wp:featuredmedia":[{"embeddable":true,"href":"https:\/\/www.nexoinformativo.mx\/index.php\/wp-json\/wp\/v2\/media\/11365"}],"wp:attachment":[{"href":"https:\/\/www.nexoinformativo.mx\/index.php\/wp-json\/wp\/v2\/media?parent=11364"}],"wp:term":[{"taxonomy":"category","embeddable":true,"href":"https:\/\/www.nexoinformativo.mx\/index.php\/wp-json\/wp\/v2\/categories?post=11364"},{"taxonomy":"post_tag","embeddable":true,"href":"https:\/\/www.nexoinformativo.mx\/index.php\/wp-json\/wp\/v2\/tags?post=11364"}],"curies":[{"name":"wp","href":"https:\/\/api.w.org\/{rel}","templated":true}]}}