{"id":11369,"date":"2025-02-10T06:00:09","date_gmt":"2025-02-10T12:00:09","guid":{"rendered":"https:\/\/www.nexoinformativo.mx\/?p=11369"},"modified":"2025-02-10T16:45:54","modified_gmt":"2025-02-10T22:45:54","slug":"bernal-cumple-20-anos-como-pueblo-magico-con-un-fin-de-semana-lleno-de-actividades","status":"publish","type":"post","link":"https:\/\/www.nexoinformativo.mx\/index.php\/2025\/02\/10\/bernal-cumple-20-anos-como-pueblo-magico-con-un-fin-de-semana-lleno-de-actividades\/","title":{"rendered":"Bernal cumple 20 a\u00f1os como Pueblo M\u00e1gico con un fin de semana lleno de actividades"},"content":{"rendered":"<p style=\"text-align: justify;\" data-sourcepos=\"11:1-11:303\">El Pueblo M\u00e1gico de Bernal se prepara para celebrar a lo grande su vig\u00e9simo aniversario. Del 14 al 16 de febrero, este pintoresco rinc\u00f3n de Quer\u00e9taro ser\u00e1 el escenario de una serie de actividades culturales, art\u00edsticas y gastron\u00f3micas que prometen atraer a miles de visitantes.<\/p>\n<\/p>\n<p>&nbsp;<\/p>\n<p style=\"text-align: justify;\" data-sourcepos=\"13:1-13:359\">Con el objetivo de conmemorar esta importante fecha, el municipio de Ezequiel Montes ha organizado un evento que incluir\u00e1 espect\u00e1culos musicales, muestras gastron\u00f3micas, artesan\u00edas y diversas actividades para toda la familia. Se espera que la afluencia de visitantes se triplique durante estos d\u00edas, pasando de los 3,500 visitantes habituales a m\u00e1s de 15,000.<\/p>\n<\/p>\n<p>&nbsp;<\/p>\n<p style=\"text-align: justify;\" data-sourcepos=\"15:1-15:308\">&#8220;Estamos muy emocionados de celebrar este aniversario y mostrar al mundo todo lo que Bernal tiene para ofrecer&#8221;, expres\u00f3 el presidente municipal de Ezequiel Montes, Iv\u00e1n Res\u00e9ndiz Ram\u00edrez. &#8220;Esperamos que este evento sea una oportunidad para que los visitantes disfruten de nuestra rica cultura y tradiciones&#8221;.<\/p>\n<\/p>\n<p>&nbsp;<\/p>\n<p style=\"text-align: justify;\" data-sourcepos=\"17:1-17:263\">La directora de Turismo, Ivonne Cabrera, destac\u00f3 la importancia de resaltar la gastronom\u00eda y las tradiciones de Bernal. &#8220;Podemos enaltecer lo que es Bernal en su nombramiento de Pueblo M\u00e1gico, con todo lo que es su gastronom\u00eda, sus tradiciones&#8221;, mencion\u00f3.<\/p>\n<\/p>\n<p>&nbsp;<\/p>\n<p style=\"text-align: justify;\" data-sourcepos=\"19:1-19:214\">Adem\u00e1s de las actividades programadas, el municipio se prepara para recibir a un gran n\u00famero de visitantes durante el equinoccio de primavera, una de las fechas m\u00e1s importantes en el calendario tur\u00edstico de Bernal.<\/p>\n<\/p>\n<p>&nbsp;<\/p>\n<p style=\"text-align: center;\" data-sourcepos=\"19:1-19:214\"><em><strong>\u00a1Informaci\u00f3n que transforma!<\/strong><\/em><\/p>\n","protected":false},"excerpt":{"rendered":"<p>El Pueblo M\u00e1gico de Bernal se prepara para celebrar a lo grande su vig\u00e9simo aniversario. Del 14 al 16 de febrero, este pintoresco rinc\u00f3n de Quer\u00e9taro ser\u00e1 el escenario de una serie de actividades culturales, art\u00edsticas y gastron\u00f3micas que prometen atraer a miles de visitantes.<\/p>\n","protected":false},"author":3,"featured_media":11370,"comment_status":"open","ping_status":"open","sticky":false,"template":"","format":"standard","meta":{"footnotes":""},"categories":[65,58],"tags":[3368,3367,3366,133],"class_list":["post-11369","post","type-post","status-publish","format-standard","has-post-thumbnail","hentry","category-municipios","category-ultima-hora","tag-aniversario","tag-bernal","tag-pueblomagico","tag-queretaro"],"yoast_head":"<!-- This site is optimized with the Yoast SEO plugin v25.0 - https:\/\/yoast.com\/wordpress\/plugins\/seo\/ -->\n<title>Bernal cumple 20 a\u00f1os como Pueblo M\u00e1gico con un fin de semana lleno de actividades | Nexo Informativo Santiago de Quer\u00e9taro<\/title>\n<meta name=\"description\" content=\"Bernal cumple 20 a\u00f1os como Pueblo M\u00e1gico con un fin de semana lleno de actividades\" \/>\n<meta name=\"robots\" content=\"index, follow, max-snippet:-1, max-image-preview:large, max-video-preview:-1\" \/>\n<link rel=\"canonical\" href=\"https:\/\/www.nexoinformativo.mx\/index.php\/2025\/02\/10\/bernal-cumple-20-anos-como-pueblo-magico-con-un-fin-de-semana-lleno-de-actividades\/\" \/>\n<meta property=\"og:locale\" content=\"es_MX\" \/>\n<meta property=\"og:type\" content=\"article\" \/>\n<meta property=\"og:title\" content=\"Bernal cumple 20 a\u00f1os como Pueblo M\u00e1gico con un fin de semana lleno de actividades | Nexo Informativo Santiago de Quer\u00e9taro\" \/>\n<meta property=\"og:description\" content=\"Bernal cumple 20 a\u00f1os como Pueblo M\u00e1gico con un fin de semana lleno de actividades\" \/>\n<meta property=\"og:url\" content=\"https:\/\/www.nexoinformativo.mx\/index.php\/2025\/02\/10\/bernal-cumple-20-anos-como-pueblo-magico-con-un-fin-de-semana-lleno-de-actividades\/\" \/>\n<meta property=\"og:site_name\" content=\"Nexo Informativo Santiago de Quer\u00e9taro\" \/>\n<meta property=\"article:publisher\" content=\"https:\/\/www.facebook.com\/people\/Nexo-Informativo\/61564066885511\/\" \/>\n<meta property=\"article:published_time\" content=\"2025-02-10T12:00:09+00:00\" \/>\n<meta property=\"article:modified_time\" content=\"2025-02-10T22:45:54+00:00\" \/>\n<meta property=\"og:image\" content=\"https:\/\/www.nexoinformativo.mx\/wp-content\/uploads\/2025\/02\/6d2641d8-1c55-4c5d-85d2-531491e021c2-scaled-e1739227522478.jpeg\" \/>\n\t<meta property=\"og:image:width\" content=\"800\" \/>\n\t<meta property=\"og:image:height\" content=\"600\" \/>\n\t<meta property=\"og:image:type\" content=\"image\/jpeg\" \/>\n<meta name=\"author\" content=\"Nexo Informativo\" \/>\n<meta name=\"twitter:card\" content=\"summary_large_image\" \/>\n<meta name=\"twitter:label1\" content=\"Escrito por\" \/>\n\t<meta name=\"twitter:data1\" content=\"Nexo Informativo\" \/>\n\t<meta name=\"twitter:label2\" content=\"Tiempo de lectura\" \/>\n\t<meta name=\"twitter:data2\" content=\"2 minutos\" \/>\n<script type=\"application\/ld+json\" class=\"yoast-schema-graph\">{\"@context\":\"https:\/\/schema.org\",\"@graph\":[{\"@type\":\"Article\",\"@id\":\"https:\/\/www.nexoinformativo.mx\/index.php\/2025\/02\/10\/bernal-cumple-20-anos-como-pueblo-magico-con-un-fin-de-semana-lleno-de-actividades\/#article\",\"isPartOf\":{\"@id\":\"https:\/\/www.nexoinformativo.mx\/index.php\/2025\/02\/10\/bernal-cumple-20-anos-como-pueblo-magico-con-un-fin-de-semana-lleno-de-actividades\/\"},\"author\":{\"name\":\"Nexo Informativo\",\"@id\":\"https:\/\/www.nexoinformativo.mx\/#\/schema\/person\/7749d380ba08c8ca00d7bc76fd907b7d\"},\"headline\":\"Bernal cumple 20 a\u00f1os como Pueblo M\u00e1gico con un fin de semana lleno de actividades\",\"datePublished\":\"2025-02-10T12:00:09+00:00\",\"dateModified\":\"2025-02-10T22:45:54+00:00\",\"mainEntityOfPage\":{\"@id\":\"https:\/\/www.nexoinformativo.mx\/index.php\/2025\/02\/10\/bernal-cumple-20-anos-como-pueblo-magico-con-un-fin-de-semana-lleno-de-actividades\/\"},\"wordCount\":260,\"commentCount\":0,\"publisher\":{\"@id\":\"https:\/\/www.nexoinformativo.mx\/#organization\"},\"image\":{\"@id\":\"https:\/\/www.nexoinformativo.mx\/index.php\/2025\/02\/10\/bernal-cumple-20-anos-como-pueblo-magico-con-un-fin-de-semana-lleno-de-actividades\/#primaryimage\"},\"thumbnailUrl\":\"https:\/\/www.nexoinformativo.mx\/wp-content\/uploads\/2025\/02\/6d2641d8-1c55-4c5d-85d2-531491e021c2-scaled-e1739227522478.jpeg\",\"keywords\":[\"Aniversario\",\"Bernal\",\"PuebloM\u00e1gico\",\"Quer\u00e9taro\"],\"articleSection\":[\"Municipios\",\"\u00daltima Hora\"],\"inLanguage\":\"es\",\"potentialAction\":[{\"@type\":\"CommentAction\",\"name\":\"Comment\",\"target\":[\"https:\/\/www.nexoinformativo.mx\/index.php\/2025\/02\/10\/bernal-cumple-20-anos-como-pueblo-magico-con-un-fin-de-semana-lleno-de-actividades\/#respond\"]}]},{\"@type\":\"WebPage\",\"@id\":\"https:\/\/www.nexoinformativo.mx\/index.php\/2025\/02\/10\/bernal-cumple-20-anos-como-pueblo-magico-con-un-fin-de-semana-lleno-de-actividades\/\",\"url\":\"https:\/\/www.nexoinformativo.mx\/index.php\/2025\/02\/10\/bernal-cumple-20-anos-como-pueblo-magico-con-un-fin-de-semana-lleno-de-actividades\/\",\"name\":\"Bernal cumple 20 a\u00f1os como Pueblo M\u00e1gico con un fin de semana lleno de actividades | Nexo Informativo Santiago de Quer\u00e9taro\",\"isPartOf\":{\"@id\":\"https:\/\/www.nexoinformativo.mx\/#website\"},\"primaryImageOfPage\":{\"@id\":\"https:\/\/www.nexoinformativo.mx\/index.php\/2025\/02\/10\/bernal-cumple-20-anos-como-pueblo-magico-con-un-fin-de-semana-lleno-de-actividades\/#primaryimage\"},\"image\":{\"@id\":\"https:\/\/www.nexoinformativo.mx\/index.php\/2025\/02\/10\/bernal-cumple-20-anos-como-pueblo-magico-con-un-fin-de-semana-lleno-de-actividades\/#primaryimage\"},\"thumbnailUrl\":\"https:\/\/www.nexoinformativo.mx\/wp-content\/uploads\/2025\/02\/6d2641d8-1c55-4c5d-85d2-531491e021c2-scaled-e1739227522478.jpeg\",\"datePublished\":\"2025-02-10T12:00:09+00:00\",\"dateModified\":\"2025-02-10T22:45:54+00:00\",\"description\":\"Bernal cumple 20 a\u00f1os como Pueblo M\u00e1gico con un fin de semana lleno de actividades\",\"breadcrumb\":{\"@id\":\"https:\/\/www.nexoinformativo.mx\/index.php\/2025\/02\/10\/bernal-cumple-20-anos-como-pueblo-magico-con-un-fin-de-semana-lleno-de-actividades\/#breadcrumb\"},\"inLanguage\":\"es\",\"potentialAction\":[{\"@type\":\"ReadAction\",\"target\":[\"https:\/\/www.nexoinformativo.mx\/index.php\/2025\/02\/10\/bernal-cumple-20-anos-como-pueblo-magico-con-un-fin-de-semana-lleno-de-actividades\/\"]}]},{\"@type\":\"ImageObject\",\"inLanguage\":\"es\",\"@id\":\"https:\/\/www.nexoinformativo.mx\/index.php\/2025\/02\/10\/bernal-cumple-20-anos-como-pueblo-magico-con-un-fin-de-semana-lleno-de-actividades\/#primaryimage\",\"url\":\"https:\/\/www.nexoinformativo.mx\/wp-content\/uploads\/2025\/02\/6d2641d8-1c55-4c5d-85d2-531491e021c2-scaled-e1739227522478.jpeg\",\"contentUrl\":\"https:\/\/www.nexoinformativo.mx\/wp-content\/uploads\/2025\/02\/6d2641d8-1c55-4c5d-85d2-531491e021c2-scaled-e1739227522478.jpeg\",\"width\":800,\"height\":600},{\"@type\":\"BreadcrumbList\",\"@id\":\"https:\/\/www.nexoinformativo.mx\/index.php\/2025\/02\/10\/bernal-cumple-20-anos-como-pueblo-magico-con-un-fin-de-semana-lleno-de-actividades\/#breadcrumb\",\"itemListElement\":[{\"@type\":\"ListItem\",\"position\":1,\"name\":\"Inicio\",\"item\":\"https:\/\/www.nexoinformativo.mx\/\"},{\"@type\":\"ListItem\",\"position\":2,\"name\":\"Bernal cumple 20 a\u00f1os como Pueblo M\u00e1gico con un fin de semana lleno de actividades\"}]},{\"@type\":\"WebSite\",\"@id\":\"https:\/\/www.nexoinformativo.mx\/#website\",\"url\":\"https:\/\/www.nexoinformativo.mx\/\",\"name\":\"Nexo Informativo Santiago de Quer\u00e9taro\",\"description\":\"Explora NexoInformativo y convi\u00e9rtete en parte de una comunidad que valora el conocimiento y la verdad. Tu nexoinformativo es tu puente hacia una comprensi\u00f3n m\u00e1s profunda del mundo que te rodea.\",\"publisher\":{\"@id\":\"https:\/\/www.nexoinformativo.mx\/#organization\"},\"potentialAction\":[{\"@type\":\"SearchAction\",\"target\":{\"@type\":\"EntryPoint\",\"urlTemplate\":\"https:\/\/www.nexoinformativo.mx\/?s={search_term_string}\"},\"query-input\":{\"@type\":\"PropertyValueSpecification\",\"valueRequired\":true,\"valueName\":\"search_term_string\"}}],\"inLanguage\":\"es\"},{\"@type\":\"Organization\",\"@id\":\"https:\/\/www.nexoinformativo.mx\/#organization\",\"name\":\"Nexo Informativo Santiago de Quer\u00e9taro\",\"url\":\"https:\/\/www.nexoinformativo.mx\/\",\"logo\":{\"@type\":\"ImageObject\",\"inLanguage\":\"es\",\"@id\":\"https:\/\/www.nexoinformativo.mx\/#\/schema\/logo\/image\/\",\"url\":\"https:\/\/www.nexoinformativo.mx\/wp-content\/uploads\/2024\/07\/nexoi-trasparente-2.png\",\"contentUrl\":\"https:\/\/www.nexoinformativo.mx\/wp-content\/uploads\/2024\/07\/nexoi-trasparente-2.png\",\"width\":816,\"height\":339,\"caption\":\"Nexo Informativo Santiago de Quer\u00e9taro\"},\"image\":{\"@id\":\"https:\/\/www.nexoinformativo.mx\/#\/schema\/logo\/image\/\"},\"sameAs\":[\"https:\/\/www.facebook.com\/people\/Nexo-Informativo\/61564066885511\/\"]},{\"@type\":\"Person\",\"@id\":\"https:\/\/www.nexoinformativo.mx\/#\/schema\/person\/7749d380ba08c8ca00d7bc76fd907b7d\",\"name\":\"Nexo Informativo\",\"image\":{\"@type\":\"ImageObject\",\"inLanguage\":\"es\",\"@id\":\"https:\/\/www.nexoinformativo.mx\/#\/schema\/person\/image\/\",\"url\":\"https:\/\/secure.gravatar.com\/avatar\/dde2928154642a13d95f87ddf1ea9718fe2b46760a005c53e41ff5ad610704e6?s=96&d=mm&r=g\",\"contentUrl\":\"https:\/\/secure.gravatar.com\/avatar\/dde2928154642a13d95f87ddf1ea9718fe2b46760a005c53e41ff5ad610704e6?s=96&d=mm&r=g\",\"caption\":\"Nexo Informativo\"},\"url\":\"https:\/\/www.nexoinformativo.mx\/index.php\/author\/edicion\/\"}]}<\/script>\n<!-- \/ Yoast SEO plugin. -->","yoast_head_json":{"title":"Bernal cumple 20 a\u00f1os como Pueblo M\u00e1gico con un fin de semana lleno de actividades | Nexo Informativo Santiago de Quer\u00e9taro","description":"Bernal cumple 20 a\u00f1os como Pueblo M\u00e1gico con un fin de semana lleno de actividades","robots":{"index":"index","follow":"follow","max-snippet":"max-snippet:-1","max-image-preview":"max-image-preview:large","max-video-preview":"max-video-preview:-1"},"canonical":"https:\/\/www.nexoinformativo.mx\/index.php\/2025\/02\/10\/bernal-cumple-20-anos-como-pueblo-magico-con-un-fin-de-semana-lleno-de-actividades\/","og_locale":"es_MX","og_type":"article","og_title":"Bernal cumple 20 a\u00f1os como Pueblo M\u00e1gico con un fin de semana lleno de actividades | Nexo Informativo Santiago de Quer\u00e9taro","og_description":"Bernal cumple 20 a\u00f1os como Pueblo M\u00e1gico con un fin de semana lleno de actividades","og_url":"https:\/\/www.nexoinformativo.mx\/index.php\/2025\/02\/10\/bernal-cumple-20-anos-como-pueblo-magico-con-un-fin-de-semana-lleno-de-actividades\/","og_site_name":"Nexo Informativo Santiago de Quer\u00e9taro","article_publisher":"https:\/\/www.facebook.com\/people\/Nexo-Informativo\/61564066885511\/","article_published_time":"2025-02-10T12:00:09+00:00","article_modified_time":"2025-02-10T22:45:54+00:00","og_image":[{"width":800,"height":600,"url":"https:\/\/www.nexoinformativo.mx\/wp-content\/uploads\/2025\/02\/6d2641d8-1c55-4c5d-85d2-531491e021c2-scaled-e1739227522478.jpeg","type":"image\/jpeg"}],"author":"Nexo Informativo","twitter_card":"summary_large_image","twitter_misc":{"Escrito por":"Nexo Informativo","Tiempo de lectura":"2 minutos"},"schema":{"@context":"https:\/\/schema.org","@graph":[{"@type":"Article","@id":"https:\/\/www.nexoinformativo.mx\/index.php\/2025\/02\/10\/bernal-cumple-20-anos-como-pueblo-magico-con-un-fin-de-semana-lleno-de-actividades\/#article","isPartOf":{"@id":"https:\/\/www.nexoinformativo.mx\/index.php\/2025\/02\/10\/bernal-cumple-20-anos-como-pueblo-magico-con-un-fin-de-semana-lleno-de-actividades\/"},"author":{"name":"Nexo Informativo","@id":"https:\/\/www.nexoinformativo.mx\/#\/schema\/person\/7749d380ba08c8ca00d7bc76fd907b7d"},"headline":"Bernal cumple 20 a\u00f1os como Pueblo M\u00e1gico con un fin de semana lleno de actividades","datePublished":"2025-02-10T12:00:09+00:00","dateModified":"2025-02-10T22:45:54+00:00","mainEntityOfPage":{"@id":"https:\/\/www.nexoinformativo.mx\/index.php\/2025\/02\/10\/bernal-cumple-20-anos-como-pueblo-magico-con-un-fin-de-semana-lleno-de-actividades\/"},"wordCount":260,"commentCount":0,"publisher":{"@id":"https:\/\/www.nexoinformativo.mx\/#organization"},"image":{"@id":"https:\/\/www.nexoinformativo.mx\/index.php\/2025\/02\/10\/bernal-cumple-20-anos-como-pueblo-magico-con-un-fin-de-semana-lleno-de-actividades\/#primaryimage"},"thumbnailUrl":"https:\/\/www.nexoinformativo.mx\/wp-content\/uploads\/2025\/02\/6d2641d8-1c55-4c5d-85d2-531491e021c2-scaled-e1739227522478.jpeg","keywords":["Aniversario","Bernal","PuebloM\u00e1gico","Quer\u00e9taro"],"articleSection":["Municipios","\u00daltima Hora"],"inLanguage":"es","potentialAction":[{"@type":"CommentAction","name":"Comment","target":["https:\/\/www.nexoinformativo.mx\/index.php\/2025\/02\/10\/bernal-cumple-20-anos-como-pueblo-magico-con-un-fin-de-semana-lleno-de-actividades\/#respond"]}]},{"@type":"WebPage","@id":"https:\/\/www.nexoinformativo.mx\/index.php\/2025\/02\/10\/bernal-cumple-20-anos-como-pueblo-magico-con-un-fin-de-semana-lleno-de-actividades\/","url":"https:\/\/www.nexoinformativo.mx\/index.php\/2025\/02\/10\/bernal-cumple-20-anos-como-pueblo-magico-con-un-fin-de-semana-lleno-de-actividades\/","name":"Bernal cumple 20 a\u00f1os como Pueblo M\u00e1gico con un fin de semana lleno de actividades | Nexo Informativo Santiago de Quer\u00e9taro","isPartOf":{"@id":"https:\/\/www.nexoinformativo.mx\/#website"},"primaryImageOfPage":{"@id":"https:\/\/www.nexoinformativo.mx\/index.php\/2025\/02\/10\/bernal-cumple-20-anos-como-pueblo-magico-con-un-fin-de-semana-lleno-de-actividades\/#primaryimage"},"image":{"@id":"https:\/\/www.nexoinformativo.mx\/index.php\/2025\/02\/10\/bernal-cumple-20-anos-como-pueblo-magico-con-un-fin-de-semana-lleno-de-actividades\/#primaryimage"},"thumbnailUrl":"https:\/\/www.nexoinformativo.mx\/wp-content\/uploads\/2025\/02\/6d2641d8-1c55-4c5d-85d2-531491e021c2-scaled-e1739227522478.jpeg","datePublished":"2025-02-10T12:00:09+00:00","dateModified":"2025-02-10T22:45:54+00:00","description":"Bernal cumple 20 a\u00f1os como Pueblo M\u00e1gico con un fin de semana lleno de actividades","breadcrumb":{"@id":"https:\/\/www.nexoinformativo.mx\/index.php\/2025\/02\/10\/bernal-cumple-20-anos-como-pueblo-magico-con-un-fin-de-semana-lleno-de-actividades\/#breadcrumb"},"inLanguage":"es","potentialAction":[{"@type":"ReadAction","target":["https:\/\/www.nexoinformativo.mx\/index.php\/2025\/02\/10\/bernal-cumple-20-anos-como-pueblo-magico-con-un-fin-de-semana-lleno-de-actividades\/"]}]},{"@type":"ImageObject","inLanguage":"es","@id":"https:\/\/www.nexoinformativo.mx\/index.php\/2025\/02\/10\/bernal-cumple-20-anos-como-pueblo-magico-con-un-fin-de-semana-lleno-de-actividades\/#primaryimage","url":"https:\/\/www.nexoinformativo.mx\/wp-content\/uploads\/2025\/02\/6d2641d8-1c55-4c5d-85d2-531491e021c2-scaled-e1739227522478.jpeg","contentUrl":"https:\/\/www.nexoinformativo.mx\/wp-content\/uploads\/2025\/02\/6d2641d8-1c55-4c5d-85d2-531491e021c2-scaled-e1739227522478.jpeg","width":800,"height":600},{"@type":"BreadcrumbList","@id":"https:\/\/www.nexoinformativo.mx\/index.php\/2025\/02\/10\/bernal-cumple-20-anos-como-pueblo-magico-con-un-fin-de-semana-lleno-de-actividades\/#breadcrumb","itemListElement":[{"@type":"ListItem","position":1,"name":"Inicio","item":"https:\/\/www.nexoinformativo.mx\/"},{"@type":"ListItem","position":2,"name":"Bernal cumple 20 a\u00f1os como Pueblo M\u00e1gico con un fin de semana lleno de actividades"}]},{"@type":"WebSite","@id":"https:\/\/www.nexoinformativo.mx\/#website","url":"https:\/\/www.nexoinformativo.mx\/","name":"Nexo Informativo Santiago de Quer\u00e9taro","description":"Explora NexoInformativo y convi\u00e9rtete en parte de una comunidad que valora el conocimiento y la verdad. Tu nexoinformativo es tu puente hacia una comprensi\u00f3n m\u00e1s profunda del mundo que te rodea.","publisher":{"@id":"https:\/\/www.nexoinformativo.mx\/#organization"},"potentialAction":[{"@type":"SearchAction","target":{"@type":"EntryPoint","urlTemplate":"https:\/\/www.nexoinformativo.mx\/?s={search_term_string}"},"query-input":{"@type":"PropertyValueSpecification","valueRequired":true,"valueName":"search_term_string"}}],"inLanguage":"es"},{"@type":"Organization","@id":"https:\/\/www.nexoinformativo.mx\/#organization","name":"Nexo Informativo Santiago de Quer\u00e9taro","url":"https:\/\/www.nexoinformativo.mx\/","logo":{"@type":"ImageObject","inLanguage":"es","@id":"https:\/\/www.nexoinformativo.mx\/#\/schema\/logo\/image\/","url":"https:\/\/www.nexoinformativo.mx\/wp-content\/uploads\/2024\/07\/nexoi-trasparente-2.png","contentUrl":"https:\/\/www.nexoinformativo.mx\/wp-content\/uploads\/2024\/07\/nexoi-trasparente-2.png","width":816,"height":339,"caption":"Nexo Informativo Santiago de Quer\u00e9taro"},"image":{"@id":"https:\/\/www.nexoinformativo.mx\/#\/schema\/logo\/image\/"},"sameAs":["https:\/\/www.facebook.com\/people\/Nexo-Informativo\/61564066885511\/"]},{"@type":"Person","@id":"https:\/\/www.nexoinformativo.mx\/#\/schema\/person\/7749d380ba08c8ca00d7bc76fd907b7d","name":"Nexo Informativo","image":{"@type":"ImageObject","inLanguage":"es","@id":"https:\/\/www.nexoinformativo.mx\/#\/schema\/person\/image\/","url":"https:\/\/secure.gravatar.com\/avatar\/dde2928154642a13d95f87ddf1ea9718fe2b46760a005c53e41ff5ad610704e6?s=96&d=mm&r=g","contentUrl":"https:\/\/secure.gravatar.com\/avatar\/dde2928154642a13d95f87ddf1ea9718fe2b46760a005c53e41ff5ad610704e6?s=96&d=mm&r=g","caption":"Nexo Informativo"},"url":"https:\/\/www.nexoinformativo.mx\/index.php\/author\/edicion\/"}]}},"_links":{"self":[{"href":"https:\/\/www.nexoinformativo.mx\/index.php\/wp-json\/wp\/v2\/posts\/11369","targetHints":{"allow":["GET"]}}],"collection":[{"href":"https:\/\/www.nexoinformativo.mx\/index.php\/wp-json\/wp\/v2\/posts"}],"about":[{"href":"https:\/\/www.nexoinformativo.mx\/index.php\/wp-json\/wp\/v2\/types\/post"}],"author":[{"embeddable":true,"href":"https:\/\/www.nexoinformativo.mx\/index.php\/wp-json\/wp\/v2\/users\/3"}],"replies":[{"embeddable":true,"href":"https:\/\/www.nexoinformativo.mx\/index.php\/wp-json\/wp\/v2\/comments?post=11369"}],"version-history":[{"count":3,"href":"https:\/\/www.nexoinformativo.mx\/index.php\/wp-json\/wp\/v2\/posts\/11369\/revisions"}],"predecessor-version":[{"id":11373,"href":"https:\/\/www.nexoinformativo.mx\/index.php\/wp-json\/wp\/v2\/posts\/11369\/revisions\/11373"}],"wp:featuredmedia":[{"embeddable":true,"href":"https:\/\/www.nexoinformativo.mx\/index.php\/wp-json\/wp\/v2\/media\/11370"}],"wp:attachment":[{"href":"https:\/\/www.nexoinformativo.mx\/index.php\/wp-json\/wp\/v2\/media?parent=11369"}],"wp:term":[{"taxonomy":"category","embeddable":true,"href":"https:\/\/www.nexoinformativo.mx\/index.php\/wp-json\/wp\/v2\/categories?post=11369"},{"taxonomy":"post_tag","embeddable":true,"href":"https:\/\/www.nexoinformativo.mx\/index.php\/wp-json\/wp\/v2\/tags?post=11369"}],"curies":[{"name":"wp","href":"https:\/\/api.w.org\/{rel}","templated":true}]}}