{"id":11379,"date":"2025-02-10T07:00:11","date_gmt":"2025-02-10T13:00:11","guid":{"rendered":"https:\/\/www.nexoinformativo.mx\/?p=11379"},"modified":"2025-02-10T16:57:20","modified_gmt":"2025-02-10T22:57:20","slug":"cae-en-queretaro-el-gordo-de-zempoala-lider-criminal-responsable-de-la-masacre-de-policias-en-uriangato","status":"publish","type":"post","link":"https:\/\/www.nexoinformativo.mx\/index.php\/2025\/02\/10\/cae-en-queretaro-el-gordo-de-zempoala-lider-criminal-responsable-de-la-masacre-de-policias-en-uriangato\/","title":{"rendered":"Cae en Queretaro &#8220;El Gordo de Zempoala&#8221; l\u00edder criminal responsable de la masacre de polic\u00edas en Uriangato"},"content":{"rendered":"<p style=\"text-align: justify;\" data-sourcepos=\"11:1-11:315\">En un operativo conjunto, las Fiscal\u00edas de Guanajuato y Quer\u00e9taro lograron la detenci\u00f3n de Leonel &#8220;N&#8221;, alias <strong>&#8220;El Gordo de Zempoala&#8221;<\/strong>, se\u00f1alado como el autor intelectual de la masacre de cuatro polic\u00edas estatales ocurrida en Uriangato, Guanajuato, el pasado 16 de diciembre de 2024.<\/p>\n<\/p>\n<p>&nbsp;<\/p>\n<p style=\"text-align: justify;\" data-sourcepos=\"13:1-13:354\">La captura se llev\u00f3 a cabo en la ciudad de Quer\u00e9taro, en cumplimiento de una orden de aprehensi\u00f3n por el delito de homicidio calificado.<\/p>\n<\/p>\n<p>&nbsp;<\/p>\n<p style=\"text-align: justify;\" data-sourcepos=\"13:1-13:354\">&#8220;El Gordo de Zempoala&#8221; era l\u00edder de un grupo criminal con una amplia zona de influencia en la regi\u00f3n Laja-Baj\u00edo y se le atribuyen diversos delitos de alto impacto como homicidios, extorsiones, secuestros y terrorismo.<\/p>\n<\/p>\n<p>&nbsp;<\/p>\n<p style=\"text-align: justify;\" data-sourcepos=\"15:1-15:137\">Con esta detenci\u00f3n, las autoridades buscan desarticular una importante c\u00e9lula criminal y disminuir los \u00edndices de violencia en la regi\u00f3n.<\/p>\n<\/p>\n<p>&nbsp;<\/p>\n<p style=\"text-align: justify;\" data-sourcepos=\"17:1-17:179\">Es importante destacar que, adem\u00e1s de este crimen, el grupo delictivo liderado por &#8220;El Gordo de Zempoala&#8221; fue desarticulado en enero pasado en el municipio de Yuriria, Guanajuato.<\/p>\n<\/p>\n<p>&nbsp;<\/p>\n<p style=\"text-align: justify;\" data-sourcepos=\"19:1-19:183\">La detenci\u00f3n de este peligroso criminal es un duro golpe para el crimen organizado y demuestra la coordinaci\u00f3n entre las distintas corporaciones policiacas para combatir la violencia.<\/p>\n<\/p>\n<p>&nbsp;<\/p>\n<p style=\"text-align: center;\" data-sourcepos=\"19:1-19:183\"><em><strong>\u00a1Informaci\u00f3n que transforma!<\/strong><\/em><\/p>\n","protected":false},"excerpt":{"rendered":"<p>En un operativo conjunto, las Fiscal\u00edas de Guanajuato y Quer\u00e9taro lograron la detenci\u00f3n de Leonel &#8220;N&#8221;, alias &#8220;El Gordo de Zempoala&#8221;, se\u00f1alado como el autor intelectual de la masacre de cuatro polic\u00edas estatales ocurrida en Uriangato, Guanajuato, el pasado 16 de diciembre de 2024.<\/p>\n","protected":false},"author":3,"featured_media":11381,"comment_status":"open","ping_status":"open","sticky":false,"template":"","format":"standard","meta":{"footnotes":""},"categories":[137,58],"tags":[1196,155,1711,133],"class_list":["post-11379","post","type-post","status-publish","format-standard","has-post-thumbnail","hentry","category-sucesos","category-ultima-hora","tag-crimenorganizado","tag-detencion","tag-guanajuato","tag-queretaro"],"yoast_head":"<!-- This site is optimized with the Yoast SEO plugin v25.0 - https:\/\/yoast.com\/wordpress\/plugins\/seo\/ -->\n<title>Cae en Queretaro &quot;El Gordo de Zempoala&quot; l\u00edder criminal responsable de la masacre de polic\u00edas en Uriangato | Nexo Informativo Santiago de Quer\u00e9taro<\/title>\n<meta name=\"description\" content=\"Cae en Queretaro &quot;El Gordo de Zempoala&quot; l\u00edder criminal responsable de la masacre de polic\u00edas en Uriangato\" \/>\n<meta name=\"robots\" content=\"index, follow, max-snippet:-1, max-image-preview:large, max-video-preview:-1\" \/>\n<link rel=\"canonical\" href=\"https:\/\/www.nexoinformativo.mx\/index.php\/2025\/02\/10\/cae-en-queretaro-el-gordo-de-zempoala-lider-criminal-responsable-de-la-masacre-de-policias-en-uriangato\/\" \/>\n<meta property=\"og:locale\" content=\"es_MX\" \/>\n<meta property=\"og:type\" content=\"article\" \/>\n<meta property=\"og:title\" content=\"Cae en Queretaro &quot;El Gordo de Zempoala&quot; l\u00edder criminal responsable de la masacre de polic\u00edas en Uriangato | Nexo Informativo Santiago de Quer\u00e9taro\" \/>\n<meta property=\"og:description\" content=\"Cae en Queretaro &quot;El Gordo de Zempoala&quot; l\u00edder criminal responsable de la masacre de polic\u00edas en Uriangato\" \/>\n<meta property=\"og:url\" content=\"https:\/\/www.nexoinformativo.mx\/index.php\/2025\/02\/10\/cae-en-queretaro-el-gordo-de-zempoala-lider-criminal-responsable-de-la-masacre-de-policias-en-uriangato\/\" \/>\n<meta property=\"og:site_name\" content=\"Nexo Informativo Santiago de Quer\u00e9taro\" \/>\n<meta property=\"article:publisher\" content=\"https:\/\/www.facebook.com\/people\/Nexo-Informativo\/61564066885511\/\" \/>\n<meta property=\"article:published_time\" content=\"2025-02-10T13:00:11+00:00\" \/>\n<meta property=\"article:modified_time\" content=\"2025-02-10T22:57:20+00:00\" \/>\n<meta property=\"og:image\" content=\"https:\/\/www.nexoinformativo.mx\/wp-content\/uploads\/2025\/02\/08e20d49-4439-4da1-a483-aac0a5e6e688-e1739228197527.jpeg\" \/>\n\t<meta property=\"og:image:width\" content=\"800\" \/>\n\t<meta property=\"og:image:height\" content=\"504\" \/>\n\t<meta property=\"og:image:type\" content=\"image\/jpeg\" \/>\n<meta name=\"author\" content=\"Nexo Informativo\" \/>\n<meta name=\"twitter:card\" content=\"summary_large_image\" \/>\n<meta name=\"twitter:label1\" content=\"Escrito por\" \/>\n\t<meta name=\"twitter:data1\" content=\"Nexo Informativo\" \/>\n\t<meta name=\"twitter:label2\" content=\"Tiempo de lectura\" \/>\n\t<meta name=\"twitter:data2\" content=\"2 minutos\" \/>\n<script type=\"application\/ld+json\" class=\"yoast-schema-graph\">{\"@context\":\"https:\/\/schema.org\",\"@graph\":[{\"@type\":\"Article\",\"@id\":\"https:\/\/www.nexoinformativo.mx\/index.php\/2025\/02\/10\/cae-en-queretaro-el-gordo-de-zempoala-lider-criminal-responsable-de-la-masacre-de-policias-en-uriangato\/#article\",\"isPartOf\":{\"@id\":\"https:\/\/www.nexoinformativo.mx\/index.php\/2025\/02\/10\/cae-en-queretaro-el-gordo-de-zempoala-lider-criminal-responsable-de-la-masacre-de-policias-en-uriangato\/\"},\"author\":{\"name\":\"Nexo Informativo\",\"@id\":\"https:\/\/www.nexoinformativo.mx\/#\/schema\/person\/7749d380ba08c8ca00d7bc76fd907b7d\"},\"headline\":\"Cae en Queretaro &#8220;El Gordo de Zempoala&#8221; l\u00edder criminal responsable de la masacre de polic\u00edas en Uriangato\",\"datePublished\":\"2025-02-10T13:00:11+00:00\",\"dateModified\":\"2025-02-10T22:57:20+00:00\",\"mainEntityOfPage\":{\"@id\":\"https:\/\/www.nexoinformativo.mx\/index.php\/2025\/02\/10\/cae-en-queretaro-el-gordo-de-zempoala-lider-criminal-responsable-de-la-masacre-de-policias-en-uriangato\/\"},\"wordCount\":221,\"commentCount\":0,\"publisher\":{\"@id\":\"https:\/\/www.nexoinformativo.mx\/#organization\"},\"image\":{\"@id\":\"https:\/\/www.nexoinformativo.mx\/index.php\/2025\/02\/10\/cae-en-queretaro-el-gordo-de-zempoala-lider-criminal-responsable-de-la-masacre-de-policias-en-uriangato\/#primaryimage\"},\"thumbnailUrl\":\"https:\/\/www.nexoinformativo.mx\/wp-content\/uploads\/2025\/02\/08e20d49-4439-4da1-a483-aac0a5e6e688-e1739228197527.jpeg\",\"keywords\":[\"CrimenOrganizado\",\"Detenci\u00f3n\",\"Guanajuato\",\"Quer\u00e9taro\"],\"articleSection\":[\"Sucesos\",\"\u00daltima Hora\"],\"inLanguage\":\"es\",\"potentialAction\":[{\"@type\":\"CommentAction\",\"name\":\"Comment\",\"target\":[\"https:\/\/www.nexoinformativo.mx\/index.php\/2025\/02\/10\/cae-en-queretaro-el-gordo-de-zempoala-lider-criminal-responsable-de-la-masacre-de-policias-en-uriangato\/#respond\"]}]},{\"@type\":\"WebPage\",\"@id\":\"https:\/\/www.nexoinformativo.mx\/index.php\/2025\/02\/10\/cae-en-queretaro-el-gordo-de-zempoala-lider-criminal-responsable-de-la-masacre-de-policias-en-uriangato\/\",\"url\":\"https:\/\/www.nexoinformativo.mx\/index.php\/2025\/02\/10\/cae-en-queretaro-el-gordo-de-zempoala-lider-criminal-responsable-de-la-masacre-de-policias-en-uriangato\/\",\"name\":\"Cae en Queretaro \\\"El Gordo de Zempoala\\\" l\u00edder criminal responsable de la masacre de polic\u00edas en Uriangato | Nexo Informativo Santiago de Quer\u00e9taro\",\"isPartOf\":{\"@id\":\"https:\/\/www.nexoinformativo.mx\/#website\"},\"primaryImageOfPage\":{\"@id\":\"https:\/\/www.nexoinformativo.mx\/index.php\/2025\/02\/10\/cae-en-queretaro-el-gordo-de-zempoala-lider-criminal-responsable-de-la-masacre-de-policias-en-uriangato\/#primaryimage\"},\"image\":{\"@id\":\"https:\/\/www.nexoinformativo.mx\/index.php\/2025\/02\/10\/cae-en-queretaro-el-gordo-de-zempoala-lider-criminal-responsable-de-la-masacre-de-policias-en-uriangato\/#primaryimage\"},\"thumbnailUrl\":\"https:\/\/www.nexoinformativo.mx\/wp-content\/uploads\/2025\/02\/08e20d49-4439-4da1-a483-aac0a5e6e688-e1739228197527.jpeg\",\"datePublished\":\"2025-02-10T13:00:11+00:00\",\"dateModified\":\"2025-02-10T22:57:20+00:00\",\"description\":\"Cae en Queretaro \\\"El Gordo de Zempoala\\\" l\u00edder criminal responsable de la masacre de polic\u00edas en Uriangato\",\"breadcrumb\":{\"@id\":\"https:\/\/www.nexoinformativo.mx\/index.php\/2025\/02\/10\/cae-en-queretaro-el-gordo-de-zempoala-lider-criminal-responsable-de-la-masacre-de-policias-en-uriangato\/#breadcrumb\"},\"inLanguage\":\"es\",\"potentialAction\":[{\"@type\":\"ReadAction\",\"target\":[\"https:\/\/www.nexoinformativo.mx\/index.php\/2025\/02\/10\/cae-en-queretaro-el-gordo-de-zempoala-lider-criminal-responsable-de-la-masacre-de-policias-en-uriangato\/\"]}]},{\"@type\":\"ImageObject\",\"inLanguage\":\"es\",\"@id\":\"https:\/\/www.nexoinformativo.mx\/index.php\/2025\/02\/10\/cae-en-queretaro-el-gordo-de-zempoala-lider-criminal-responsable-de-la-masacre-de-policias-en-uriangato\/#primaryimage\",\"url\":\"https:\/\/www.nexoinformativo.mx\/wp-content\/uploads\/2025\/02\/08e20d49-4439-4da1-a483-aac0a5e6e688-e1739228197527.jpeg\",\"contentUrl\":\"https:\/\/www.nexoinformativo.mx\/wp-content\/uploads\/2025\/02\/08e20d49-4439-4da1-a483-aac0a5e6e688-e1739228197527.jpeg\",\"width\":800,\"height\":504},{\"@type\":\"BreadcrumbList\",\"@id\":\"https:\/\/www.nexoinformativo.mx\/index.php\/2025\/02\/10\/cae-en-queretaro-el-gordo-de-zempoala-lider-criminal-responsable-de-la-masacre-de-policias-en-uriangato\/#breadcrumb\",\"itemListElement\":[{\"@type\":\"ListItem\",\"position\":1,\"name\":\"Inicio\",\"item\":\"https:\/\/www.nexoinformativo.mx\/\"},{\"@type\":\"ListItem\",\"position\":2,\"name\":\"Cae en Queretaro &#8220;El Gordo de Zempoala&#8221; l\u00edder criminal responsable de la masacre de polic\u00edas en Uriangato\"}]},{\"@type\":\"WebSite\",\"@id\":\"https:\/\/www.nexoinformativo.mx\/#website\",\"url\":\"https:\/\/www.nexoinformativo.mx\/\",\"name\":\"Nexo Informativo Santiago de Quer\u00e9taro\",\"description\":\"Explora NexoInformativo y convi\u00e9rtete en parte de una comunidad que valora el conocimiento y la verdad. Tu nexoinformativo es tu puente hacia una comprensi\u00f3n m\u00e1s profunda del mundo que te rodea.\",\"publisher\":{\"@id\":\"https:\/\/www.nexoinformativo.mx\/#organization\"},\"potentialAction\":[{\"@type\":\"SearchAction\",\"target\":{\"@type\":\"EntryPoint\",\"urlTemplate\":\"https:\/\/www.nexoinformativo.mx\/?s={search_term_string}\"},\"query-input\":{\"@type\":\"PropertyValueSpecification\",\"valueRequired\":true,\"valueName\":\"search_term_string\"}}],\"inLanguage\":\"es\"},{\"@type\":\"Organization\",\"@id\":\"https:\/\/www.nexoinformativo.mx\/#organization\",\"name\":\"Nexo Informativo Santiago de Quer\u00e9taro\",\"url\":\"https:\/\/www.nexoinformativo.mx\/\",\"logo\":{\"@type\":\"ImageObject\",\"inLanguage\":\"es\",\"@id\":\"https:\/\/www.nexoinformativo.mx\/#\/schema\/logo\/image\/\",\"url\":\"https:\/\/www.nexoinformativo.mx\/wp-content\/uploads\/2024\/07\/nexoi-trasparente-2.png\",\"contentUrl\":\"https:\/\/www.nexoinformativo.mx\/wp-content\/uploads\/2024\/07\/nexoi-trasparente-2.png\",\"width\":816,\"height\":339,\"caption\":\"Nexo Informativo Santiago de Quer\u00e9taro\"},\"image\":{\"@id\":\"https:\/\/www.nexoinformativo.mx\/#\/schema\/logo\/image\/\"},\"sameAs\":[\"https:\/\/www.facebook.com\/people\/Nexo-Informativo\/61564066885511\/\"]},{\"@type\":\"Person\",\"@id\":\"https:\/\/www.nexoinformativo.mx\/#\/schema\/person\/7749d380ba08c8ca00d7bc76fd907b7d\",\"name\":\"Nexo Informativo\",\"image\":{\"@type\":\"ImageObject\",\"inLanguage\":\"es\",\"@id\":\"https:\/\/www.nexoinformativo.mx\/#\/schema\/person\/image\/\",\"url\":\"https:\/\/secure.gravatar.com\/avatar\/dde2928154642a13d95f87ddf1ea9718fe2b46760a005c53e41ff5ad610704e6?s=96&d=mm&r=g\",\"contentUrl\":\"https:\/\/secure.gravatar.com\/avatar\/dde2928154642a13d95f87ddf1ea9718fe2b46760a005c53e41ff5ad610704e6?s=96&d=mm&r=g\",\"caption\":\"Nexo Informativo\"},\"url\":\"https:\/\/www.nexoinformativo.mx\/index.php\/author\/edicion\/\"}]}<\/script>\n<!-- \/ Yoast SEO plugin. -->","yoast_head_json":{"title":"Cae en Queretaro \"El Gordo de Zempoala\" l\u00edder criminal responsable de la masacre de polic\u00edas en Uriangato | Nexo Informativo Santiago de Quer\u00e9taro","description":"Cae en Queretaro \"El Gordo de Zempoala\" l\u00edder criminal responsable de la masacre de polic\u00edas en Uriangato","robots":{"index":"index","follow":"follow","max-snippet":"max-snippet:-1","max-image-preview":"max-image-preview:large","max-video-preview":"max-video-preview:-1"},"canonical":"https:\/\/www.nexoinformativo.mx\/index.php\/2025\/02\/10\/cae-en-queretaro-el-gordo-de-zempoala-lider-criminal-responsable-de-la-masacre-de-policias-en-uriangato\/","og_locale":"es_MX","og_type":"article","og_title":"Cae en Queretaro \"El Gordo de Zempoala\" l\u00edder criminal responsable de la masacre de polic\u00edas en Uriangato | Nexo Informativo Santiago de Quer\u00e9taro","og_description":"Cae en Queretaro \"El Gordo de Zempoala\" l\u00edder criminal responsable de la masacre de polic\u00edas en Uriangato","og_url":"https:\/\/www.nexoinformativo.mx\/index.php\/2025\/02\/10\/cae-en-queretaro-el-gordo-de-zempoala-lider-criminal-responsable-de-la-masacre-de-policias-en-uriangato\/","og_site_name":"Nexo Informativo Santiago de Quer\u00e9taro","article_publisher":"https:\/\/www.facebook.com\/people\/Nexo-Informativo\/61564066885511\/","article_published_time":"2025-02-10T13:00:11+00:00","article_modified_time":"2025-02-10T22:57:20+00:00","og_image":[{"width":800,"height":504,"url":"https:\/\/www.nexoinformativo.mx\/wp-content\/uploads\/2025\/02\/08e20d49-4439-4da1-a483-aac0a5e6e688-e1739228197527.jpeg","type":"image\/jpeg"}],"author":"Nexo Informativo","twitter_card":"summary_large_image","twitter_misc":{"Escrito por":"Nexo Informativo","Tiempo de lectura":"2 minutos"},"schema":{"@context":"https:\/\/schema.org","@graph":[{"@type":"Article","@id":"https:\/\/www.nexoinformativo.mx\/index.php\/2025\/02\/10\/cae-en-queretaro-el-gordo-de-zempoala-lider-criminal-responsable-de-la-masacre-de-policias-en-uriangato\/#article","isPartOf":{"@id":"https:\/\/www.nexoinformativo.mx\/index.php\/2025\/02\/10\/cae-en-queretaro-el-gordo-de-zempoala-lider-criminal-responsable-de-la-masacre-de-policias-en-uriangato\/"},"author":{"name":"Nexo Informativo","@id":"https:\/\/www.nexoinformativo.mx\/#\/schema\/person\/7749d380ba08c8ca00d7bc76fd907b7d"},"headline":"Cae en Queretaro &#8220;El Gordo de Zempoala&#8221; l\u00edder criminal responsable de la masacre de polic\u00edas en Uriangato","datePublished":"2025-02-10T13:00:11+00:00","dateModified":"2025-02-10T22:57:20+00:00","mainEntityOfPage":{"@id":"https:\/\/www.nexoinformativo.mx\/index.php\/2025\/02\/10\/cae-en-queretaro-el-gordo-de-zempoala-lider-criminal-responsable-de-la-masacre-de-policias-en-uriangato\/"},"wordCount":221,"commentCount":0,"publisher":{"@id":"https:\/\/www.nexoinformativo.mx\/#organization"},"image":{"@id":"https:\/\/www.nexoinformativo.mx\/index.php\/2025\/02\/10\/cae-en-queretaro-el-gordo-de-zempoala-lider-criminal-responsable-de-la-masacre-de-policias-en-uriangato\/#primaryimage"},"thumbnailUrl":"https:\/\/www.nexoinformativo.mx\/wp-content\/uploads\/2025\/02\/08e20d49-4439-4da1-a483-aac0a5e6e688-e1739228197527.jpeg","keywords":["CrimenOrganizado","Detenci\u00f3n","Guanajuato","Quer\u00e9taro"],"articleSection":["Sucesos","\u00daltima Hora"],"inLanguage":"es","potentialAction":[{"@type":"CommentAction","name":"Comment","target":["https:\/\/www.nexoinformativo.mx\/index.php\/2025\/02\/10\/cae-en-queretaro-el-gordo-de-zempoala-lider-criminal-responsable-de-la-masacre-de-policias-en-uriangato\/#respond"]}]},{"@type":"WebPage","@id":"https:\/\/www.nexoinformativo.mx\/index.php\/2025\/02\/10\/cae-en-queretaro-el-gordo-de-zempoala-lider-criminal-responsable-de-la-masacre-de-policias-en-uriangato\/","url":"https:\/\/www.nexoinformativo.mx\/index.php\/2025\/02\/10\/cae-en-queretaro-el-gordo-de-zempoala-lider-criminal-responsable-de-la-masacre-de-policias-en-uriangato\/","name":"Cae en Queretaro \"El Gordo de Zempoala\" l\u00edder criminal responsable de la masacre de polic\u00edas en Uriangato | Nexo Informativo Santiago de Quer\u00e9taro","isPartOf":{"@id":"https:\/\/www.nexoinformativo.mx\/#website"},"primaryImageOfPage":{"@id":"https:\/\/www.nexoinformativo.mx\/index.php\/2025\/02\/10\/cae-en-queretaro-el-gordo-de-zempoala-lider-criminal-responsable-de-la-masacre-de-policias-en-uriangato\/#primaryimage"},"image":{"@id":"https:\/\/www.nexoinformativo.mx\/index.php\/2025\/02\/10\/cae-en-queretaro-el-gordo-de-zempoala-lider-criminal-responsable-de-la-masacre-de-policias-en-uriangato\/#primaryimage"},"thumbnailUrl":"https:\/\/www.nexoinformativo.mx\/wp-content\/uploads\/2025\/02\/08e20d49-4439-4da1-a483-aac0a5e6e688-e1739228197527.jpeg","datePublished":"2025-02-10T13:00:11+00:00","dateModified":"2025-02-10T22:57:20+00:00","description":"Cae en Queretaro \"El Gordo de Zempoala\" l\u00edder criminal responsable de la masacre de polic\u00edas en Uriangato","breadcrumb":{"@id":"https:\/\/www.nexoinformativo.mx\/index.php\/2025\/02\/10\/cae-en-queretaro-el-gordo-de-zempoala-lider-criminal-responsable-de-la-masacre-de-policias-en-uriangato\/#breadcrumb"},"inLanguage":"es","potentialAction":[{"@type":"ReadAction","target":["https:\/\/www.nexoinformativo.mx\/index.php\/2025\/02\/10\/cae-en-queretaro-el-gordo-de-zempoala-lider-criminal-responsable-de-la-masacre-de-policias-en-uriangato\/"]}]},{"@type":"ImageObject","inLanguage":"es","@id":"https:\/\/www.nexoinformativo.mx\/index.php\/2025\/02\/10\/cae-en-queretaro-el-gordo-de-zempoala-lider-criminal-responsable-de-la-masacre-de-policias-en-uriangato\/#primaryimage","url":"https:\/\/www.nexoinformativo.mx\/wp-content\/uploads\/2025\/02\/08e20d49-4439-4da1-a483-aac0a5e6e688-e1739228197527.jpeg","contentUrl":"https:\/\/www.nexoinformativo.mx\/wp-content\/uploads\/2025\/02\/08e20d49-4439-4da1-a483-aac0a5e6e688-e1739228197527.jpeg","width":800,"height":504},{"@type":"BreadcrumbList","@id":"https:\/\/www.nexoinformativo.mx\/index.php\/2025\/02\/10\/cae-en-queretaro-el-gordo-de-zempoala-lider-criminal-responsable-de-la-masacre-de-policias-en-uriangato\/#breadcrumb","itemListElement":[{"@type":"ListItem","position":1,"name":"Inicio","item":"https:\/\/www.nexoinformativo.mx\/"},{"@type":"ListItem","position":2,"name":"Cae en Queretaro &#8220;El Gordo de Zempoala&#8221; l\u00edder criminal responsable de la masacre de polic\u00edas en Uriangato"}]},{"@type":"WebSite","@id":"https:\/\/www.nexoinformativo.mx\/#website","url":"https:\/\/www.nexoinformativo.mx\/","name":"Nexo Informativo Santiago de Quer\u00e9taro","description":"Explora NexoInformativo y convi\u00e9rtete en parte de una comunidad que valora el conocimiento y la verdad. Tu nexoinformativo es tu puente hacia una comprensi\u00f3n m\u00e1s profunda del mundo que te rodea.","publisher":{"@id":"https:\/\/www.nexoinformativo.mx\/#organization"},"potentialAction":[{"@type":"SearchAction","target":{"@type":"EntryPoint","urlTemplate":"https:\/\/www.nexoinformativo.mx\/?s={search_term_string}"},"query-input":{"@type":"PropertyValueSpecification","valueRequired":true,"valueName":"search_term_string"}}],"inLanguage":"es"},{"@type":"Organization","@id":"https:\/\/www.nexoinformativo.mx\/#organization","name":"Nexo Informativo Santiago de Quer\u00e9taro","url":"https:\/\/www.nexoinformativo.mx\/","logo":{"@type":"ImageObject","inLanguage":"es","@id":"https:\/\/www.nexoinformativo.mx\/#\/schema\/logo\/image\/","url":"https:\/\/www.nexoinformativo.mx\/wp-content\/uploads\/2024\/07\/nexoi-trasparente-2.png","contentUrl":"https:\/\/www.nexoinformativo.mx\/wp-content\/uploads\/2024\/07\/nexoi-trasparente-2.png","width":816,"height":339,"caption":"Nexo Informativo Santiago de Quer\u00e9taro"},"image":{"@id":"https:\/\/www.nexoinformativo.mx\/#\/schema\/logo\/image\/"},"sameAs":["https:\/\/www.facebook.com\/people\/Nexo-Informativo\/61564066885511\/"]},{"@type":"Person","@id":"https:\/\/www.nexoinformativo.mx\/#\/schema\/person\/7749d380ba08c8ca00d7bc76fd907b7d","name":"Nexo Informativo","image":{"@type":"ImageObject","inLanguage":"es","@id":"https:\/\/www.nexoinformativo.mx\/#\/schema\/person\/image\/","url":"https:\/\/secure.gravatar.com\/avatar\/dde2928154642a13d95f87ddf1ea9718fe2b46760a005c53e41ff5ad610704e6?s=96&d=mm&r=g","contentUrl":"https:\/\/secure.gravatar.com\/avatar\/dde2928154642a13d95f87ddf1ea9718fe2b46760a005c53e41ff5ad610704e6?s=96&d=mm&r=g","caption":"Nexo Informativo"},"url":"https:\/\/www.nexoinformativo.mx\/index.php\/author\/edicion\/"}]}},"_links":{"self":[{"href":"https:\/\/www.nexoinformativo.mx\/index.php\/wp-json\/wp\/v2\/posts\/11379","targetHints":{"allow":["GET"]}}],"collection":[{"href":"https:\/\/www.nexoinformativo.mx\/index.php\/wp-json\/wp\/v2\/posts"}],"about":[{"href":"https:\/\/www.nexoinformativo.mx\/index.php\/wp-json\/wp\/v2\/types\/post"}],"author":[{"embeddable":true,"href":"https:\/\/www.nexoinformativo.mx\/index.php\/wp-json\/wp\/v2\/users\/3"}],"replies":[{"embeddable":true,"href":"https:\/\/www.nexoinformativo.mx\/index.php\/wp-json\/wp\/v2\/comments?post=11379"}],"version-history":[{"count":4,"href":"https:\/\/www.nexoinformativo.mx\/index.php\/wp-json\/wp\/v2\/posts\/11379\/revisions"}],"predecessor-version":[{"id":11382,"href":"https:\/\/www.nexoinformativo.mx\/index.php\/wp-json\/wp\/v2\/posts\/11379\/revisions\/11382"}],"wp:featuredmedia":[{"embeddable":true,"href":"https:\/\/www.nexoinformativo.mx\/index.php\/wp-json\/wp\/v2\/media\/11381"}],"wp:attachment":[{"href":"https:\/\/www.nexoinformativo.mx\/index.php\/wp-json\/wp\/v2\/media?parent=11379"}],"wp:term":[{"taxonomy":"category","embeddable":true,"href":"https:\/\/www.nexoinformativo.mx\/index.php\/wp-json\/wp\/v2\/categories?post=11379"},{"taxonomy":"post_tag","embeddable":true,"href":"https:\/\/www.nexoinformativo.mx\/index.php\/wp-json\/wp\/v2\/tags?post=11379"}],"curies":[{"name":"wp","href":"https:\/\/api.w.org\/{rel}","templated":true}]}}