{"id":11390,"date":"2025-02-10T08:00:17","date_gmt":"2025-02-10T14:00:17","guid":{"rendered":"https:\/\/www.nexoinformativo.mx\/?p=11390"},"modified":"2025-02-10T17:13:55","modified_gmt":"2025-02-10T23:13:55","slug":"experto-dice-que-hasta-40-de-la-epilepsia-infantil-se-puede-prevenir","status":"publish","type":"post","link":"https:\/\/www.nexoinformativo.mx\/index.php\/2025\/02\/10\/experto-dice-que-hasta-40-de-la-epilepsia-infantil-se-puede-prevenir\/","title":{"rendered":"Experto dice que hasta 40% de la epilepsia infantil se puede prevenir"},"content":{"rendered":"<p style=\"text-align: justify;\" data-sourcepos=\"11:1-11:363\">El especialista en neuropediatr\u00eda del Hospital Infantil de M\u00e9xico <strong>\u201cFederico G\u00f3mez\u201d<\/strong>, Jos\u00e9 Mariel P\u00e9rez Ram\u00edrez, ha alertado sobre la importancia de la prevenci\u00f3n en la epilepsia infantil.<\/p>\n<\/p>\n<p>&nbsp;<\/p>\n<p style=\"text-align: justify;\" data-sourcepos=\"11:1-11:363\">Seg\u00fan el experto, hasta el 40% de los casos de epilepsia en ni\u00f1os podr\u00edan evitarse con una atenci\u00f3n adecuada durante el embarazo y el nacimiento.<\/p>\n<\/p>\n<p>&nbsp;<\/p>\n<p style=\"text-align: justify;\" data-sourcepos=\"13:1-13:309\">Las causas m\u00e1s comunes de la epilepsia infantil son la hipoxia perinatal, es decir, la falta de ox\u00edgeno durante el parto, as\u00ed como infecciones maternas. Tambi\u00e9n pueden influir factores como el nacimiento prematuro, embarazos en adolescentes y traumatismos craneales.<\/p>\n<\/p>\n<p>&nbsp;<\/p>\n<p style=\"text-align: justify;\" data-sourcepos=\"15:1-15:297\"><strong>&#8220;El adecuado conocimiento, diagn\u00f3stico oportuno y estricto apego al tratamiento farmacol\u00f3gico son clave para controlar la epilepsia&#8221;<\/strong>, afirm\u00f3 el especialista. Asimismo, destac\u00f3 la importancia de la capacitaci\u00f3n de profesionales de la salud para detectar y tratar de manera adecuada esta enfermedad.<\/p>\n<\/p>\n<p>&nbsp;<\/p>\n<p style=\"text-align: justify;\" data-sourcepos=\"17:1-17:362\">El doctor P\u00e9rez Ram\u00edrez hizo un llamado a los padres para que sean constantes en el tratamiento de sus hijos con epilepsia y sigan las indicaciones m\u00e9dicas al pie de la letra.<\/p>\n<\/p>\n<p>&nbsp;<\/p>\n<p style=\"text-align: justify;\" data-sourcepos=\"17:1-17:362\">Adem\u00e1s, recomend\u00f3 a las mujeres embarazadas acudir a controles prenatales regulares y seguir las recomendaciones de su m\u00e9dico para prevenir complicaciones durante el embarazo y el parto.<\/p>\n<\/p>\n<p>&nbsp;<\/p>\n<p style=\"text-align: justify;\" data-sourcepos=\"19:1-19:238\">La epilepsia es una enfermedad neurol\u00f3gica cr\u00f3nica que se caracteriza por la aparici\u00f3n recurrente de convulsiones. Aunque no existe una cura, con un tratamiento adecuado la mayor\u00eda de los ni\u00f1os con epilepsia pueden llevar una vida normal.<\/p>\n<\/p>\n<p>&nbsp;<\/p>\n<p style=\"text-align: center;\" data-sourcepos=\"19:1-19:238\"><em><strong>\u00a1Informaci\u00f3n que transforma!<\/strong><\/em><\/p>\n","protected":false},"excerpt":{"rendered":"<p>El especialista en neuropediatr\u00eda del Hospital Infantil de M\u00e9xico \u201cFederico G\u00f3mez\u201d, Jos\u00e9 Mariel P\u00e9rez Ram\u00edrez, ha alertado sobre la importancia de la prevenci\u00f3n en la epilepsia infantil.<\/p>\n","protected":false},"author":3,"featured_media":11391,"comment_status":"open","ping_status":"open","sticky":false,"template":"","format":"standard","meta":{"footnotes":""},"categories":[88,58],"tags":[3370,3371,806,1587],"class_list":["post-11390","post","type-post","status-publish","format-standard","has-post-thumbnail","hentry","category-nacional","category-ultima-hora","tag-epilepsiainfantil","tag-neurologia","tag-prevencion","tag-saludinfantil"],"yoast_head":"<!-- This site is optimized with the Yoast SEO plugin v25.0 - https:\/\/yoast.com\/wordpress\/plugins\/seo\/ -->\n<title>Experto dice que hasta 40% de la epilepsia infantil se puede prevenir | Nexo Informativo Santiago de Quer\u00e9taro<\/title>\n<meta name=\"description\" content=\"Experto dice que hasta 40% de la epilepsia infantil se puede prevenir\" \/>\n<meta name=\"robots\" content=\"index, follow, max-snippet:-1, max-image-preview:large, max-video-preview:-1\" \/>\n<link rel=\"canonical\" href=\"https:\/\/www.nexoinformativo.mx\/index.php\/2025\/02\/10\/experto-dice-que-hasta-40-de-la-epilepsia-infantil-se-puede-prevenir\/\" \/>\n<meta property=\"og:locale\" content=\"es_MX\" \/>\n<meta property=\"og:type\" content=\"article\" \/>\n<meta property=\"og:title\" content=\"Experto dice que hasta 40% de la epilepsia infantil se puede prevenir | Nexo Informativo Santiago de Quer\u00e9taro\" \/>\n<meta property=\"og:description\" content=\"Experto dice que hasta 40% de la epilepsia infantil se puede prevenir\" \/>\n<meta property=\"og:url\" content=\"https:\/\/www.nexoinformativo.mx\/index.php\/2025\/02\/10\/experto-dice-que-hasta-40-de-la-epilepsia-infantil-se-puede-prevenir\/\" \/>\n<meta property=\"og:site_name\" content=\"Nexo Informativo Santiago de Quer\u00e9taro\" \/>\n<meta property=\"article:publisher\" content=\"https:\/\/www.facebook.com\/people\/Nexo-Informativo\/61564066885511\/\" \/>\n<meta property=\"article:published_time\" content=\"2025-02-10T14:00:17+00:00\" \/>\n<meta property=\"article:modified_time\" content=\"2025-02-10T23:13:55+00:00\" \/>\n<meta property=\"og:image\" content=\"https:\/\/www.nexoinformativo.mx\/wp-content\/uploads\/2025\/02\/IMG_0453.jpeg\" \/>\n\t<meta property=\"og:image:width\" content=\"650\" \/>\n\t<meta property=\"og:image:height\" content=\"344\" \/>\n\t<meta property=\"og:image:type\" content=\"image\/jpeg\" \/>\n<meta name=\"author\" content=\"Nexo Informativo\" \/>\n<meta name=\"twitter:card\" content=\"summary_large_image\" \/>\n<meta name=\"twitter:label1\" content=\"Escrito por\" \/>\n\t<meta name=\"twitter:data1\" content=\"Nexo Informativo\" \/>\n\t<meta name=\"twitter:label2\" content=\"Tiempo de lectura\" \/>\n\t<meta name=\"twitter:data2\" content=\"2 minutos\" \/>\n<script type=\"application\/ld+json\" class=\"yoast-schema-graph\">{\"@context\":\"https:\/\/schema.org\",\"@graph\":[{\"@type\":\"Article\",\"@id\":\"https:\/\/www.nexoinformativo.mx\/index.php\/2025\/02\/10\/experto-dice-que-hasta-40-de-la-epilepsia-infantil-se-puede-prevenir\/#article\",\"isPartOf\":{\"@id\":\"https:\/\/www.nexoinformativo.mx\/index.php\/2025\/02\/10\/experto-dice-que-hasta-40-de-la-epilepsia-infantil-se-puede-prevenir\/\"},\"author\":{\"name\":\"Nexo Informativo\",\"@id\":\"https:\/\/www.nexoinformativo.mx\/#\/schema\/person\/7749d380ba08c8ca00d7bc76fd907b7d\"},\"headline\":\"Experto dice que hasta 40% de la epilepsia infantil se puede prevenir\",\"datePublished\":\"2025-02-10T14:00:17+00:00\",\"dateModified\":\"2025-02-10T23:13:55+00:00\",\"mainEntityOfPage\":{\"@id\":\"https:\/\/www.nexoinformativo.mx\/index.php\/2025\/02\/10\/experto-dice-que-hasta-40-de-la-epilepsia-infantil-se-puede-prevenir\/\"},\"wordCount\":275,\"commentCount\":0,\"publisher\":{\"@id\":\"https:\/\/www.nexoinformativo.mx\/#organization\"},\"image\":{\"@id\":\"https:\/\/www.nexoinformativo.mx\/index.php\/2025\/02\/10\/experto-dice-que-hasta-40-de-la-epilepsia-infantil-se-puede-prevenir\/#primaryimage\"},\"thumbnailUrl\":\"https:\/\/www.nexoinformativo.mx\/wp-content\/uploads\/2025\/02\/IMG_0453.jpeg\",\"keywords\":[\"EpilepsiaInfantil\",\"Neurolog\u00eda\",\"Prevenci\u00f3n\",\"SaludInfantil\"],\"articleSection\":[\"Nacional\",\"\u00daltima Hora\"],\"inLanguage\":\"es\",\"potentialAction\":[{\"@type\":\"CommentAction\",\"name\":\"Comment\",\"target\":[\"https:\/\/www.nexoinformativo.mx\/index.php\/2025\/02\/10\/experto-dice-que-hasta-40-de-la-epilepsia-infantil-se-puede-prevenir\/#respond\"]}]},{\"@type\":\"WebPage\",\"@id\":\"https:\/\/www.nexoinformativo.mx\/index.php\/2025\/02\/10\/experto-dice-que-hasta-40-de-la-epilepsia-infantil-se-puede-prevenir\/\",\"url\":\"https:\/\/www.nexoinformativo.mx\/index.php\/2025\/02\/10\/experto-dice-que-hasta-40-de-la-epilepsia-infantil-se-puede-prevenir\/\",\"name\":\"Experto dice que hasta 40% de la epilepsia infantil se puede prevenir | Nexo Informativo Santiago de Quer\u00e9taro\",\"isPartOf\":{\"@id\":\"https:\/\/www.nexoinformativo.mx\/#website\"},\"primaryImageOfPage\":{\"@id\":\"https:\/\/www.nexoinformativo.mx\/index.php\/2025\/02\/10\/experto-dice-que-hasta-40-de-la-epilepsia-infantil-se-puede-prevenir\/#primaryimage\"},\"image\":{\"@id\":\"https:\/\/www.nexoinformativo.mx\/index.php\/2025\/02\/10\/experto-dice-que-hasta-40-de-la-epilepsia-infantil-se-puede-prevenir\/#primaryimage\"},\"thumbnailUrl\":\"https:\/\/www.nexoinformativo.mx\/wp-content\/uploads\/2025\/02\/IMG_0453.jpeg\",\"datePublished\":\"2025-02-10T14:00:17+00:00\",\"dateModified\":\"2025-02-10T23:13:55+00:00\",\"description\":\"Experto dice que hasta 40% de la epilepsia infantil se puede prevenir\",\"breadcrumb\":{\"@id\":\"https:\/\/www.nexoinformativo.mx\/index.php\/2025\/02\/10\/experto-dice-que-hasta-40-de-la-epilepsia-infantil-se-puede-prevenir\/#breadcrumb\"},\"inLanguage\":\"es\",\"potentialAction\":[{\"@type\":\"ReadAction\",\"target\":[\"https:\/\/www.nexoinformativo.mx\/index.php\/2025\/02\/10\/experto-dice-que-hasta-40-de-la-epilepsia-infantil-se-puede-prevenir\/\"]}]},{\"@type\":\"ImageObject\",\"inLanguage\":\"es\",\"@id\":\"https:\/\/www.nexoinformativo.mx\/index.php\/2025\/02\/10\/experto-dice-que-hasta-40-de-la-epilepsia-infantil-se-puede-prevenir\/#primaryimage\",\"url\":\"https:\/\/www.nexoinformativo.mx\/wp-content\/uploads\/2025\/02\/IMG_0453.jpeg\",\"contentUrl\":\"https:\/\/www.nexoinformativo.mx\/wp-content\/uploads\/2025\/02\/IMG_0453.jpeg\",\"width\":650,\"height\":344},{\"@type\":\"BreadcrumbList\",\"@id\":\"https:\/\/www.nexoinformativo.mx\/index.php\/2025\/02\/10\/experto-dice-que-hasta-40-de-la-epilepsia-infantil-se-puede-prevenir\/#breadcrumb\",\"itemListElement\":[{\"@type\":\"ListItem\",\"position\":1,\"name\":\"Inicio\",\"item\":\"https:\/\/www.nexoinformativo.mx\/\"},{\"@type\":\"ListItem\",\"position\":2,\"name\":\"Experto dice que hasta 40% de la epilepsia infantil se puede prevenir\"}]},{\"@type\":\"WebSite\",\"@id\":\"https:\/\/www.nexoinformativo.mx\/#website\",\"url\":\"https:\/\/www.nexoinformativo.mx\/\",\"name\":\"Nexo Informativo Santiago de Quer\u00e9taro\",\"description\":\"Explora NexoInformativo y convi\u00e9rtete en parte de una comunidad que valora el conocimiento y la verdad. Tu nexoinformativo es tu puente hacia una comprensi\u00f3n m\u00e1s profunda del mundo que te rodea.\",\"publisher\":{\"@id\":\"https:\/\/www.nexoinformativo.mx\/#organization\"},\"potentialAction\":[{\"@type\":\"SearchAction\",\"target\":{\"@type\":\"EntryPoint\",\"urlTemplate\":\"https:\/\/www.nexoinformativo.mx\/?s={search_term_string}\"},\"query-input\":{\"@type\":\"PropertyValueSpecification\",\"valueRequired\":true,\"valueName\":\"search_term_string\"}}],\"inLanguage\":\"es\"},{\"@type\":\"Organization\",\"@id\":\"https:\/\/www.nexoinformativo.mx\/#organization\",\"name\":\"Nexo Informativo Santiago de Quer\u00e9taro\",\"url\":\"https:\/\/www.nexoinformativo.mx\/\",\"logo\":{\"@type\":\"ImageObject\",\"inLanguage\":\"es\",\"@id\":\"https:\/\/www.nexoinformativo.mx\/#\/schema\/logo\/image\/\",\"url\":\"https:\/\/www.nexoinformativo.mx\/wp-content\/uploads\/2024\/07\/nexoi-trasparente-2.png\",\"contentUrl\":\"https:\/\/www.nexoinformativo.mx\/wp-content\/uploads\/2024\/07\/nexoi-trasparente-2.png\",\"width\":816,\"height\":339,\"caption\":\"Nexo Informativo Santiago de Quer\u00e9taro\"},\"image\":{\"@id\":\"https:\/\/www.nexoinformativo.mx\/#\/schema\/logo\/image\/\"},\"sameAs\":[\"https:\/\/www.facebook.com\/people\/Nexo-Informativo\/61564066885511\/\"]},{\"@type\":\"Person\",\"@id\":\"https:\/\/www.nexoinformativo.mx\/#\/schema\/person\/7749d380ba08c8ca00d7bc76fd907b7d\",\"name\":\"Nexo Informativo\",\"image\":{\"@type\":\"ImageObject\",\"inLanguage\":\"es\",\"@id\":\"https:\/\/www.nexoinformativo.mx\/#\/schema\/person\/image\/\",\"url\":\"https:\/\/secure.gravatar.com\/avatar\/dde2928154642a13d95f87ddf1ea9718fe2b46760a005c53e41ff5ad610704e6?s=96&d=mm&r=g\",\"contentUrl\":\"https:\/\/secure.gravatar.com\/avatar\/dde2928154642a13d95f87ddf1ea9718fe2b46760a005c53e41ff5ad610704e6?s=96&d=mm&r=g\",\"caption\":\"Nexo Informativo\"},\"url\":\"https:\/\/www.nexoinformativo.mx\/index.php\/author\/edicion\/\"}]}<\/script>\n<!-- \/ Yoast SEO plugin. -->","yoast_head_json":{"title":"Experto dice que hasta 40% de la epilepsia infantil se puede prevenir | Nexo Informativo Santiago de Quer\u00e9taro","description":"Experto dice que hasta 40% de la epilepsia infantil se puede prevenir","robots":{"index":"index","follow":"follow","max-snippet":"max-snippet:-1","max-image-preview":"max-image-preview:large","max-video-preview":"max-video-preview:-1"},"canonical":"https:\/\/www.nexoinformativo.mx\/index.php\/2025\/02\/10\/experto-dice-que-hasta-40-de-la-epilepsia-infantil-se-puede-prevenir\/","og_locale":"es_MX","og_type":"article","og_title":"Experto dice que hasta 40% de la epilepsia infantil se puede prevenir | Nexo Informativo Santiago de Quer\u00e9taro","og_description":"Experto dice que hasta 40% de la epilepsia infantil se puede prevenir","og_url":"https:\/\/www.nexoinformativo.mx\/index.php\/2025\/02\/10\/experto-dice-que-hasta-40-de-la-epilepsia-infantil-se-puede-prevenir\/","og_site_name":"Nexo Informativo Santiago de Quer\u00e9taro","article_publisher":"https:\/\/www.facebook.com\/people\/Nexo-Informativo\/61564066885511\/","article_published_time":"2025-02-10T14:00:17+00:00","article_modified_time":"2025-02-10T23:13:55+00:00","og_image":[{"width":650,"height":344,"url":"https:\/\/www.nexoinformativo.mx\/wp-content\/uploads\/2025\/02\/IMG_0453.jpeg","type":"image\/jpeg"}],"author":"Nexo Informativo","twitter_card":"summary_large_image","twitter_misc":{"Escrito por":"Nexo Informativo","Tiempo de lectura":"2 minutos"},"schema":{"@context":"https:\/\/schema.org","@graph":[{"@type":"Article","@id":"https:\/\/www.nexoinformativo.mx\/index.php\/2025\/02\/10\/experto-dice-que-hasta-40-de-la-epilepsia-infantil-se-puede-prevenir\/#article","isPartOf":{"@id":"https:\/\/www.nexoinformativo.mx\/index.php\/2025\/02\/10\/experto-dice-que-hasta-40-de-la-epilepsia-infantil-se-puede-prevenir\/"},"author":{"name":"Nexo Informativo","@id":"https:\/\/www.nexoinformativo.mx\/#\/schema\/person\/7749d380ba08c8ca00d7bc76fd907b7d"},"headline":"Experto dice que hasta 40% de la epilepsia infantil se puede prevenir","datePublished":"2025-02-10T14:00:17+00:00","dateModified":"2025-02-10T23:13:55+00:00","mainEntityOfPage":{"@id":"https:\/\/www.nexoinformativo.mx\/index.php\/2025\/02\/10\/experto-dice-que-hasta-40-de-la-epilepsia-infantil-se-puede-prevenir\/"},"wordCount":275,"commentCount":0,"publisher":{"@id":"https:\/\/www.nexoinformativo.mx\/#organization"},"image":{"@id":"https:\/\/www.nexoinformativo.mx\/index.php\/2025\/02\/10\/experto-dice-que-hasta-40-de-la-epilepsia-infantil-se-puede-prevenir\/#primaryimage"},"thumbnailUrl":"https:\/\/www.nexoinformativo.mx\/wp-content\/uploads\/2025\/02\/IMG_0453.jpeg","keywords":["EpilepsiaInfantil","Neurolog\u00eda","Prevenci\u00f3n","SaludInfantil"],"articleSection":["Nacional","\u00daltima Hora"],"inLanguage":"es","potentialAction":[{"@type":"CommentAction","name":"Comment","target":["https:\/\/www.nexoinformativo.mx\/index.php\/2025\/02\/10\/experto-dice-que-hasta-40-de-la-epilepsia-infantil-se-puede-prevenir\/#respond"]}]},{"@type":"WebPage","@id":"https:\/\/www.nexoinformativo.mx\/index.php\/2025\/02\/10\/experto-dice-que-hasta-40-de-la-epilepsia-infantil-se-puede-prevenir\/","url":"https:\/\/www.nexoinformativo.mx\/index.php\/2025\/02\/10\/experto-dice-que-hasta-40-de-la-epilepsia-infantil-se-puede-prevenir\/","name":"Experto dice que hasta 40% de la epilepsia infantil se puede prevenir | Nexo Informativo Santiago de Quer\u00e9taro","isPartOf":{"@id":"https:\/\/www.nexoinformativo.mx\/#website"},"primaryImageOfPage":{"@id":"https:\/\/www.nexoinformativo.mx\/index.php\/2025\/02\/10\/experto-dice-que-hasta-40-de-la-epilepsia-infantil-se-puede-prevenir\/#primaryimage"},"image":{"@id":"https:\/\/www.nexoinformativo.mx\/index.php\/2025\/02\/10\/experto-dice-que-hasta-40-de-la-epilepsia-infantil-se-puede-prevenir\/#primaryimage"},"thumbnailUrl":"https:\/\/www.nexoinformativo.mx\/wp-content\/uploads\/2025\/02\/IMG_0453.jpeg","datePublished":"2025-02-10T14:00:17+00:00","dateModified":"2025-02-10T23:13:55+00:00","description":"Experto dice que hasta 40% de la epilepsia infantil se puede prevenir","breadcrumb":{"@id":"https:\/\/www.nexoinformativo.mx\/index.php\/2025\/02\/10\/experto-dice-que-hasta-40-de-la-epilepsia-infantil-se-puede-prevenir\/#breadcrumb"},"inLanguage":"es","potentialAction":[{"@type":"ReadAction","target":["https:\/\/www.nexoinformativo.mx\/index.php\/2025\/02\/10\/experto-dice-que-hasta-40-de-la-epilepsia-infantil-se-puede-prevenir\/"]}]},{"@type":"ImageObject","inLanguage":"es","@id":"https:\/\/www.nexoinformativo.mx\/index.php\/2025\/02\/10\/experto-dice-que-hasta-40-de-la-epilepsia-infantil-se-puede-prevenir\/#primaryimage","url":"https:\/\/www.nexoinformativo.mx\/wp-content\/uploads\/2025\/02\/IMG_0453.jpeg","contentUrl":"https:\/\/www.nexoinformativo.mx\/wp-content\/uploads\/2025\/02\/IMG_0453.jpeg","width":650,"height":344},{"@type":"BreadcrumbList","@id":"https:\/\/www.nexoinformativo.mx\/index.php\/2025\/02\/10\/experto-dice-que-hasta-40-de-la-epilepsia-infantil-se-puede-prevenir\/#breadcrumb","itemListElement":[{"@type":"ListItem","position":1,"name":"Inicio","item":"https:\/\/www.nexoinformativo.mx\/"},{"@type":"ListItem","position":2,"name":"Experto dice que hasta 40% de la epilepsia infantil se puede prevenir"}]},{"@type":"WebSite","@id":"https:\/\/www.nexoinformativo.mx\/#website","url":"https:\/\/www.nexoinformativo.mx\/","name":"Nexo Informativo Santiago de Quer\u00e9taro","description":"Explora NexoInformativo y convi\u00e9rtete en parte de una comunidad que valora el conocimiento y la verdad. Tu nexoinformativo es tu puente hacia una comprensi\u00f3n m\u00e1s profunda del mundo que te rodea.","publisher":{"@id":"https:\/\/www.nexoinformativo.mx\/#organization"},"potentialAction":[{"@type":"SearchAction","target":{"@type":"EntryPoint","urlTemplate":"https:\/\/www.nexoinformativo.mx\/?s={search_term_string}"},"query-input":{"@type":"PropertyValueSpecification","valueRequired":true,"valueName":"search_term_string"}}],"inLanguage":"es"},{"@type":"Organization","@id":"https:\/\/www.nexoinformativo.mx\/#organization","name":"Nexo Informativo Santiago de Quer\u00e9taro","url":"https:\/\/www.nexoinformativo.mx\/","logo":{"@type":"ImageObject","inLanguage":"es","@id":"https:\/\/www.nexoinformativo.mx\/#\/schema\/logo\/image\/","url":"https:\/\/www.nexoinformativo.mx\/wp-content\/uploads\/2024\/07\/nexoi-trasparente-2.png","contentUrl":"https:\/\/www.nexoinformativo.mx\/wp-content\/uploads\/2024\/07\/nexoi-trasparente-2.png","width":816,"height":339,"caption":"Nexo Informativo Santiago de Quer\u00e9taro"},"image":{"@id":"https:\/\/www.nexoinformativo.mx\/#\/schema\/logo\/image\/"},"sameAs":["https:\/\/www.facebook.com\/people\/Nexo-Informativo\/61564066885511\/"]},{"@type":"Person","@id":"https:\/\/www.nexoinformativo.mx\/#\/schema\/person\/7749d380ba08c8ca00d7bc76fd907b7d","name":"Nexo Informativo","image":{"@type":"ImageObject","inLanguage":"es","@id":"https:\/\/www.nexoinformativo.mx\/#\/schema\/person\/image\/","url":"https:\/\/secure.gravatar.com\/avatar\/dde2928154642a13d95f87ddf1ea9718fe2b46760a005c53e41ff5ad610704e6?s=96&d=mm&r=g","contentUrl":"https:\/\/secure.gravatar.com\/avatar\/dde2928154642a13d95f87ddf1ea9718fe2b46760a005c53e41ff5ad610704e6?s=96&d=mm&r=g","caption":"Nexo Informativo"},"url":"https:\/\/www.nexoinformativo.mx\/index.php\/author\/edicion\/"}]}},"_links":{"self":[{"href":"https:\/\/www.nexoinformativo.mx\/index.php\/wp-json\/wp\/v2\/posts\/11390","targetHints":{"allow":["GET"]}}],"collection":[{"href":"https:\/\/www.nexoinformativo.mx\/index.php\/wp-json\/wp\/v2\/posts"}],"about":[{"href":"https:\/\/www.nexoinformativo.mx\/index.php\/wp-json\/wp\/v2\/types\/post"}],"author":[{"embeddable":true,"href":"https:\/\/www.nexoinformativo.mx\/index.php\/wp-json\/wp\/v2\/users\/3"}],"replies":[{"embeddable":true,"href":"https:\/\/www.nexoinformativo.mx\/index.php\/wp-json\/wp\/v2\/comments?post=11390"}],"version-history":[{"count":3,"href":"https:\/\/www.nexoinformativo.mx\/index.php\/wp-json\/wp\/v2\/posts\/11390\/revisions"}],"predecessor-version":[{"id":11394,"href":"https:\/\/www.nexoinformativo.mx\/index.php\/wp-json\/wp\/v2\/posts\/11390\/revisions\/11394"}],"wp:featuredmedia":[{"embeddable":true,"href":"https:\/\/www.nexoinformativo.mx\/index.php\/wp-json\/wp\/v2\/media\/11391"}],"wp:attachment":[{"href":"https:\/\/www.nexoinformativo.mx\/index.php\/wp-json\/wp\/v2\/media?parent=11390"}],"wp:term":[{"taxonomy":"category","embeddable":true,"href":"https:\/\/www.nexoinformativo.mx\/index.php\/wp-json\/wp\/v2\/categories?post=11390"},{"taxonomy":"post_tag","embeddable":true,"href":"https:\/\/www.nexoinformativo.mx\/index.php\/wp-json\/wp\/v2\/tags?post=11390"}],"curies":[{"name":"wp","href":"https:\/\/api.w.org\/{rel}","templated":true}]}}