{"id":1140,"date":"2024-08-28T11:00:50","date_gmt":"2024-08-28T17:00:50","guid":{"rendered":"https:\/\/www.nexoinformativo.mx\/?p=1140"},"modified":"2024-08-28T13:35:57","modified_gmt":"2024-08-28T19:35:57","slug":"queretaro-recibe-nuevas-inversiones-automotrices-por-11-4-mdd","status":"publish","type":"post","link":"https:\/\/www.nexoinformativo.mx\/index.php\/2024\/08\/28\/queretaro-recibe-nuevas-inversiones-automotrices-por-11-4-mdd\/","title":{"rendered":"Quer\u00e9taro recibe nuevas inversiones automotrices por 11.4 MDD"},"content":{"rendered":"<p style=\"text-align: justify;\">La Asociaci\u00f3n de Distribuidores de Veh\u00edculos Automotores de Quer\u00e9taro (AMDA QRO) anunci\u00f3 la apertura de tres nuevas agencias automotrices en los municipios de Quer\u00e9taro y Corregidora, con una inversi\u00f3n de 11.4 millones de d\u00f3lares. Esta expansi\u00f3n generar\u00e1 150 empleos formales en la regi\u00f3n.<\/p>\n<p>&nbsp;<\/p>\n<p style=\"text-align: justify;\">Las nuevas agencias incluyen una de Ford en la capital de Quer\u00e9taro, y dos m\u00e1s, de Mazda y Changan, en Corregidora. Seg\u00fan la presidenta de AMDA QRO, Laura Rodr\u00edguez Miranda, estas nuevas inversiones comenzar\u00e1n a operar entre septiembre y octubre de este a\u00f1o, sum\u00e1ndose a las 80 agencias automotrices ya registradas en el estado.<\/p>\n<p>&nbsp;<\/p>\n<p style=\"text-align: justify;\">Rodr\u00edguez Miranda destac\u00f3 el crecimiento del sector automotriz en Quer\u00e9taro, que se posiciona como la novena entidad con mayor n\u00famero de ventas de autom\u00f3viles en M\u00e9xico. Durante el periodo de enero a julio de 2024, se comercializaron 20,582 unidades nuevas, lo que representa un incremento del 15.6% en comparaci\u00f3n con el mismo periodo del a\u00f1o anterior, y una participaci\u00f3n del 2.5% en el mercado nacional.<\/p>\n<p>&nbsp;<\/p>\n<p style=\"text-align: justify;\">Del total de ventas, 8,888 fueron autom\u00f3viles, destacando 3,146 autos subcompactos, 4,649 compactos, 1,014 de lujo y 79 deportivos. En el segmento de camiones, se vendieron 11,694 unidades, de las cuales 8,042 fueron de uso m\u00faltiple y 3,652 camiones.<\/p>\n<p>&nbsp;<\/p>\n<p style=\"text-align: justify;\">Rodr\u00edguez Miranda subray\u00f3 que el sector automotriz no solo contribuye a la econom\u00eda local con nuevas inversiones, sino tambi\u00e9n con el ingreso de recursos al gobierno estatal a trav\u00e9s del Impuesto sobre Autom\u00f3viles Nuevos (INSAN). Esta tasa var\u00eda entre el 2% para veh\u00edculos con un precio de 250 mil pesos y el 3.3% para unidades que superan los 350 mil pesos.<\/p>\n<p>&nbsp;<\/p>\n<p>&nbsp;<\/p>\n<p><img loading=\"lazy\" decoding=\"async\" class=\"alignnone size-full wp-image-1141\" src=\"https:\/\/www.nexoinformativo.mx\/wp-content\/uploads\/2024\/08\/PHOTO-2024-08-28-12-27-10-e1724873409342.jpg\" alt=\"\" width=\"800\" height=\"1422\" srcset=\"https:\/\/www.nexoinformativo.mx\/wp-content\/uploads\/2024\/08\/PHOTO-2024-08-28-12-27-10-e1724873409342.jpg 800w, https:\/\/www.nexoinformativo.mx\/wp-content\/uploads\/2024\/08\/PHOTO-2024-08-28-12-27-10-e1724873409342-169x300.jpg 169w, https:\/\/www.nexoinformativo.mx\/wp-content\/uploads\/2024\/08\/PHOTO-2024-08-28-12-27-10-e1724873409342-768x1365.jpg 768w, https:\/\/www.nexoinformativo.mx\/wp-content\/uploads\/2024\/08\/PHOTO-2024-08-28-12-27-10-e1724873409342-576x1024.jpg 576w\" sizes=\"auto, (max-width: 800px) 100vw, 800px\" \/><\/p>\n","protected":false},"excerpt":{"rendered":"<p>La Asociaci\u00f3n de Distribuidores de Veh\u00edculos Automotores de Quer\u00e9taro (AMDA QRO) anunci\u00f3 la apertura de tres nuevas agencias automotrices en los municipios de Quer\u00e9taro y Corregidora, con una inversi\u00f3n de 11.4 millones de d\u00f3lares. Esta expansi\u00f3n generar\u00e1 150 empleos formales en la regi\u00f3n. &nbsp; Las nuevas agencias incluyen una de Ford en la capital de [&hellip;]<\/p>\n","protected":false},"author":3,"featured_media":1142,"comment_status":"open","ping_status":"open","sticky":false,"template":"","format":"standard","meta":{"footnotes":""},"categories":[58],"tags":[279,276,278,277],"class_list":["post-1140","post","type-post","status-publish","format-standard","has-post-thumbnail","hentry","category-ultima-hora","tag-crecimientoeconomico","tag-inversionesenqro","tag-nuevasagencias","tag-sectorautomotriz"],"yoast_head":"<!-- This site is optimized with the Yoast SEO plugin v25.0 - https:\/\/yoast.com\/wordpress\/plugins\/seo\/ -->\n<title>Quer\u00e9taro recibe nuevas inversiones automotrices por 11.4 MDD | Nexo Informativo Santiago de Quer\u00e9taro<\/title>\n<meta name=\"robots\" content=\"index, follow, max-snippet:-1, max-image-preview:large, max-video-preview:-1\" \/>\n<link rel=\"canonical\" href=\"https:\/\/www.nexoinformativo.mx\/index.php\/2024\/08\/28\/queretaro-recibe-nuevas-inversiones-automotrices-por-11-4-mdd\/\" \/>\n<meta property=\"og:locale\" content=\"es_MX\" \/>\n<meta property=\"og:type\" content=\"article\" \/>\n<meta property=\"og:title\" content=\"Quer\u00e9taro recibe nuevas inversiones automotrices por 11.4 MDD | Nexo Informativo Santiago de Quer\u00e9taro\" \/>\n<meta property=\"og:description\" content=\"La Asociaci\u00f3n de Distribuidores de Veh\u00edculos Automotores de Quer\u00e9taro (AMDA QRO) anunci\u00f3 la apertura de tres nuevas agencias automotrices en los municipios de Quer\u00e9taro y Corregidora, con una inversi\u00f3n de 11.4 millones de d\u00f3lares. Esta expansi\u00f3n generar\u00e1 150 empleos formales en la regi\u00f3n. &nbsp; Las nuevas agencias incluyen una de Ford en la capital de [&hellip;]\" \/>\n<meta property=\"og:url\" content=\"https:\/\/www.nexoinformativo.mx\/index.php\/2024\/08\/28\/queretaro-recibe-nuevas-inversiones-automotrices-por-11-4-mdd\/\" \/>\n<meta property=\"og:site_name\" content=\"Nexo Informativo Santiago de Quer\u00e9taro\" \/>\n<meta property=\"article:publisher\" content=\"https:\/\/www.facebook.com\/people\/Nexo-Informativo\/61564066885511\/\" \/>\n<meta property=\"article:published_time\" content=\"2024-08-28T17:00:50+00:00\" \/>\n<meta property=\"article:modified_time\" content=\"2024-08-28T19:35:57+00:00\" \/>\n<meta property=\"og:image\" content=\"https:\/\/www.nexoinformativo.mx\/wp-content\/uploads\/2024\/08\/PHOTO-2024-08-28-12-27-10-3-e1724873455842.jpg\" \/>\n\t<meta property=\"og:image:width\" content=\"800\" \/>\n\t<meta property=\"og:image:height\" content=\"534\" \/>\n\t<meta property=\"og:image:type\" content=\"image\/jpeg\" \/>\n<meta name=\"author\" content=\"Nexo Informativo\" \/>\n<meta name=\"twitter:card\" content=\"summary_large_image\" \/>\n<meta name=\"twitter:label1\" content=\"Escrito por\" \/>\n\t<meta name=\"twitter:data1\" content=\"Nexo Informativo\" \/>\n\t<meta name=\"twitter:label2\" content=\"Tiempo de lectura\" \/>\n\t<meta name=\"twitter:data2\" content=\"1 minuto\" \/>\n<script type=\"application\/ld+json\" class=\"yoast-schema-graph\">{\"@context\":\"https:\/\/schema.org\",\"@graph\":[{\"@type\":\"Article\",\"@id\":\"https:\/\/www.nexoinformativo.mx\/index.php\/2024\/08\/28\/queretaro-recibe-nuevas-inversiones-automotrices-por-11-4-mdd\/#article\",\"isPartOf\":{\"@id\":\"https:\/\/www.nexoinformativo.mx\/index.php\/2024\/08\/28\/queretaro-recibe-nuevas-inversiones-automotrices-por-11-4-mdd\/\"},\"author\":{\"name\":\"Nexo Informativo\",\"@id\":\"https:\/\/www.nexoinformativo.mx\/#\/schema\/person\/7749d380ba08c8ca00d7bc76fd907b7d\"},\"headline\":\"Quer\u00e9taro recibe nuevas inversiones automotrices por 11.4 MDD\",\"datePublished\":\"2024-08-28T17:00:50+00:00\",\"dateModified\":\"2024-08-28T19:35:57+00:00\",\"mainEntityOfPage\":{\"@id\":\"https:\/\/www.nexoinformativo.mx\/index.php\/2024\/08\/28\/queretaro-recibe-nuevas-inversiones-automotrices-por-11-4-mdd\/\"},\"wordCount\":289,\"commentCount\":0,\"publisher\":{\"@id\":\"https:\/\/www.nexoinformativo.mx\/#organization\"},\"image\":{\"@id\":\"https:\/\/www.nexoinformativo.mx\/index.php\/2024\/08\/28\/queretaro-recibe-nuevas-inversiones-automotrices-por-11-4-mdd\/#primaryimage\"},\"thumbnailUrl\":\"https:\/\/www.nexoinformativo.mx\/wp-content\/uploads\/2024\/08\/PHOTO-2024-08-28-12-27-10-3-e1724873455842.jpg\",\"keywords\":[\"CrecimientoEconomico\",\"InversionesEnQro\",\"NuevasAgencias\",\"sectorAutomotriz\"],\"articleSection\":[\"\u00daltima Hora\"],\"inLanguage\":\"es\",\"potentialAction\":[{\"@type\":\"CommentAction\",\"name\":\"Comment\",\"target\":[\"https:\/\/www.nexoinformativo.mx\/index.php\/2024\/08\/28\/queretaro-recibe-nuevas-inversiones-automotrices-por-11-4-mdd\/#respond\"]}]},{\"@type\":\"WebPage\",\"@id\":\"https:\/\/www.nexoinformativo.mx\/index.php\/2024\/08\/28\/queretaro-recibe-nuevas-inversiones-automotrices-por-11-4-mdd\/\",\"url\":\"https:\/\/www.nexoinformativo.mx\/index.php\/2024\/08\/28\/queretaro-recibe-nuevas-inversiones-automotrices-por-11-4-mdd\/\",\"name\":\"Quer\u00e9taro recibe nuevas inversiones automotrices por 11.4 MDD | Nexo Informativo Santiago de Quer\u00e9taro\",\"isPartOf\":{\"@id\":\"https:\/\/www.nexoinformativo.mx\/#website\"},\"primaryImageOfPage\":{\"@id\":\"https:\/\/www.nexoinformativo.mx\/index.php\/2024\/08\/28\/queretaro-recibe-nuevas-inversiones-automotrices-por-11-4-mdd\/#primaryimage\"},\"image\":{\"@id\":\"https:\/\/www.nexoinformativo.mx\/index.php\/2024\/08\/28\/queretaro-recibe-nuevas-inversiones-automotrices-por-11-4-mdd\/#primaryimage\"},\"thumbnailUrl\":\"https:\/\/www.nexoinformativo.mx\/wp-content\/uploads\/2024\/08\/PHOTO-2024-08-28-12-27-10-3-e1724873455842.jpg\",\"datePublished\":\"2024-08-28T17:00:50+00:00\",\"dateModified\":\"2024-08-28T19:35:57+00:00\",\"breadcrumb\":{\"@id\":\"https:\/\/www.nexoinformativo.mx\/index.php\/2024\/08\/28\/queretaro-recibe-nuevas-inversiones-automotrices-por-11-4-mdd\/#breadcrumb\"},\"inLanguage\":\"es\",\"potentialAction\":[{\"@type\":\"ReadAction\",\"target\":[\"https:\/\/www.nexoinformativo.mx\/index.php\/2024\/08\/28\/queretaro-recibe-nuevas-inversiones-automotrices-por-11-4-mdd\/\"]}]},{\"@type\":\"ImageObject\",\"inLanguage\":\"es\",\"@id\":\"https:\/\/www.nexoinformativo.mx\/index.php\/2024\/08\/28\/queretaro-recibe-nuevas-inversiones-automotrices-por-11-4-mdd\/#primaryimage\",\"url\":\"https:\/\/www.nexoinformativo.mx\/wp-content\/uploads\/2024\/08\/PHOTO-2024-08-28-12-27-10-3-e1724873455842.jpg\",\"contentUrl\":\"https:\/\/www.nexoinformativo.mx\/wp-content\/uploads\/2024\/08\/PHOTO-2024-08-28-12-27-10-3-e1724873455842.jpg\",\"width\":800,\"height\":534},{\"@type\":\"BreadcrumbList\",\"@id\":\"https:\/\/www.nexoinformativo.mx\/index.php\/2024\/08\/28\/queretaro-recibe-nuevas-inversiones-automotrices-por-11-4-mdd\/#breadcrumb\",\"itemListElement\":[{\"@type\":\"ListItem\",\"position\":1,\"name\":\"Inicio\",\"item\":\"https:\/\/www.nexoinformativo.mx\/\"},{\"@type\":\"ListItem\",\"position\":2,\"name\":\"Quer\u00e9taro recibe nuevas inversiones automotrices por 11.4 MDD\"}]},{\"@type\":\"WebSite\",\"@id\":\"https:\/\/www.nexoinformativo.mx\/#website\",\"url\":\"https:\/\/www.nexoinformativo.mx\/\",\"name\":\"Nexo Informativo Santiago de Quer\u00e9taro\",\"description\":\"Explora NexoInformativo y convi\u00e9rtete en parte de una comunidad que valora el conocimiento y la verdad. Tu nexoinformativo es tu puente hacia una comprensi\u00f3n m\u00e1s profunda del mundo que te rodea.\",\"publisher\":{\"@id\":\"https:\/\/www.nexoinformativo.mx\/#organization\"},\"potentialAction\":[{\"@type\":\"SearchAction\",\"target\":{\"@type\":\"EntryPoint\",\"urlTemplate\":\"https:\/\/www.nexoinformativo.mx\/?s={search_term_string}\"},\"query-input\":{\"@type\":\"PropertyValueSpecification\",\"valueRequired\":true,\"valueName\":\"search_term_string\"}}],\"inLanguage\":\"es\"},{\"@type\":\"Organization\",\"@id\":\"https:\/\/www.nexoinformativo.mx\/#organization\",\"name\":\"Nexo Informativo Santiago de Quer\u00e9taro\",\"url\":\"https:\/\/www.nexoinformativo.mx\/\",\"logo\":{\"@type\":\"ImageObject\",\"inLanguage\":\"es\",\"@id\":\"https:\/\/www.nexoinformativo.mx\/#\/schema\/logo\/image\/\",\"url\":\"https:\/\/www.nexoinformativo.mx\/wp-content\/uploads\/2024\/07\/nexoi-trasparente-2.png\",\"contentUrl\":\"https:\/\/www.nexoinformativo.mx\/wp-content\/uploads\/2024\/07\/nexoi-trasparente-2.png\",\"width\":816,\"height\":339,\"caption\":\"Nexo Informativo Santiago de Quer\u00e9taro\"},\"image\":{\"@id\":\"https:\/\/www.nexoinformativo.mx\/#\/schema\/logo\/image\/\"},\"sameAs\":[\"https:\/\/www.facebook.com\/people\/Nexo-Informativo\/61564066885511\/\"]},{\"@type\":\"Person\",\"@id\":\"https:\/\/www.nexoinformativo.mx\/#\/schema\/person\/7749d380ba08c8ca00d7bc76fd907b7d\",\"name\":\"Nexo Informativo\",\"image\":{\"@type\":\"ImageObject\",\"inLanguage\":\"es\",\"@id\":\"https:\/\/www.nexoinformativo.mx\/#\/schema\/person\/image\/\",\"url\":\"https:\/\/secure.gravatar.com\/avatar\/dde2928154642a13d95f87ddf1ea9718fe2b46760a005c53e41ff5ad610704e6?s=96&d=mm&r=g\",\"contentUrl\":\"https:\/\/secure.gravatar.com\/avatar\/dde2928154642a13d95f87ddf1ea9718fe2b46760a005c53e41ff5ad610704e6?s=96&d=mm&r=g\",\"caption\":\"Nexo Informativo\"},\"url\":\"https:\/\/www.nexoinformativo.mx\/index.php\/author\/edicion\/\"}]}<\/script>\n<!-- \/ Yoast SEO plugin. -->","yoast_head_json":{"title":"Quer\u00e9taro recibe nuevas inversiones automotrices por 11.4 MDD | Nexo Informativo Santiago de Quer\u00e9taro","robots":{"index":"index","follow":"follow","max-snippet":"max-snippet:-1","max-image-preview":"max-image-preview:large","max-video-preview":"max-video-preview:-1"},"canonical":"https:\/\/www.nexoinformativo.mx\/index.php\/2024\/08\/28\/queretaro-recibe-nuevas-inversiones-automotrices-por-11-4-mdd\/","og_locale":"es_MX","og_type":"article","og_title":"Quer\u00e9taro recibe nuevas inversiones automotrices por 11.4 MDD | Nexo Informativo Santiago de Quer\u00e9taro","og_description":"La Asociaci\u00f3n de Distribuidores de Veh\u00edculos Automotores de Quer\u00e9taro (AMDA QRO) anunci\u00f3 la apertura de tres nuevas agencias automotrices en los municipios de Quer\u00e9taro y Corregidora, con una inversi\u00f3n de 11.4 millones de d\u00f3lares. Esta expansi\u00f3n generar\u00e1 150 empleos formales en la regi\u00f3n. &nbsp; Las nuevas agencias incluyen una de Ford en la capital de [&hellip;]","og_url":"https:\/\/www.nexoinformativo.mx\/index.php\/2024\/08\/28\/queretaro-recibe-nuevas-inversiones-automotrices-por-11-4-mdd\/","og_site_name":"Nexo Informativo Santiago de Quer\u00e9taro","article_publisher":"https:\/\/www.facebook.com\/people\/Nexo-Informativo\/61564066885511\/","article_published_time":"2024-08-28T17:00:50+00:00","article_modified_time":"2024-08-28T19:35:57+00:00","og_image":[{"width":800,"height":534,"url":"https:\/\/www.nexoinformativo.mx\/wp-content\/uploads\/2024\/08\/PHOTO-2024-08-28-12-27-10-3-e1724873455842.jpg","type":"image\/jpeg"}],"author":"Nexo Informativo","twitter_card":"summary_large_image","twitter_misc":{"Escrito por":"Nexo Informativo","Tiempo de lectura":"1 minuto"},"schema":{"@context":"https:\/\/schema.org","@graph":[{"@type":"Article","@id":"https:\/\/www.nexoinformativo.mx\/index.php\/2024\/08\/28\/queretaro-recibe-nuevas-inversiones-automotrices-por-11-4-mdd\/#article","isPartOf":{"@id":"https:\/\/www.nexoinformativo.mx\/index.php\/2024\/08\/28\/queretaro-recibe-nuevas-inversiones-automotrices-por-11-4-mdd\/"},"author":{"name":"Nexo Informativo","@id":"https:\/\/www.nexoinformativo.mx\/#\/schema\/person\/7749d380ba08c8ca00d7bc76fd907b7d"},"headline":"Quer\u00e9taro recibe nuevas inversiones automotrices por 11.4 MDD","datePublished":"2024-08-28T17:00:50+00:00","dateModified":"2024-08-28T19:35:57+00:00","mainEntityOfPage":{"@id":"https:\/\/www.nexoinformativo.mx\/index.php\/2024\/08\/28\/queretaro-recibe-nuevas-inversiones-automotrices-por-11-4-mdd\/"},"wordCount":289,"commentCount":0,"publisher":{"@id":"https:\/\/www.nexoinformativo.mx\/#organization"},"image":{"@id":"https:\/\/www.nexoinformativo.mx\/index.php\/2024\/08\/28\/queretaro-recibe-nuevas-inversiones-automotrices-por-11-4-mdd\/#primaryimage"},"thumbnailUrl":"https:\/\/www.nexoinformativo.mx\/wp-content\/uploads\/2024\/08\/PHOTO-2024-08-28-12-27-10-3-e1724873455842.jpg","keywords":["CrecimientoEconomico","InversionesEnQro","NuevasAgencias","sectorAutomotriz"],"articleSection":["\u00daltima Hora"],"inLanguage":"es","potentialAction":[{"@type":"CommentAction","name":"Comment","target":["https:\/\/www.nexoinformativo.mx\/index.php\/2024\/08\/28\/queretaro-recibe-nuevas-inversiones-automotrices-por-11-4-mdd\/#respond"]}]},{"@type":"WebPage","@id":"https:\/\/www.nexoinformativo.mx\/index.php\/2024\/08\/28\/queretaro-recibe-nuevas-inversiones-automotrices-por-11-4-mdd\/","url":"https:\/\/www.nexoinformativo.mx\/index.php\/2024\/08\/28\/queretaro-recibe-nuevas-inversiones-automotrices-por-11-4-mdd\/","name":"Quer\u00e9taro recibe nuevas inversiones automotrices por 11.4 MDD | Nexo Informativo Santiago de Quer\u00e9taro","isPartOf":{"@id":"https:\/\/www.nexoinformativo.mx\/#website"},"primaryImageOfPage":{"@id":"https:\/\/www.nexoinformativo.mx\/index.php\/2024\/08\/28\/queretaro-recibe-nuevas-inversiones-automotrices-por-11-4-mdd\/#primaryimage"},"image":{"@id":"https:\/\/www.nexoinformativo.mx\/index.php\/2024\/08\/28\/queretaro-recibe-nuevas-inversiones-automotrices-por-11-4-mdd\/#primaryimage"},"thumbnailUrl":"https:\/\/www.nexoinformativo.mx\/wp-content\/uploads\/2024\/08\/PHOTO-2024-08-28-12-27-10-3-e1724873455842.jpg","datePublished":"2024-08-28T17:00:50+00:00","dateModified":"2024-08-28T19:35:57+00:00","breadcrumb":{"@id":"https:\/\/www.nexoinformativo.mx\/index.php\/2024\/08\/28\/queretaro-recibe-nuevas-inversiones-automotrices-por-11-4-mdd\/#breadcrumb"},"inLanguage":"es","potentialAction":[{"@type":"ReadAction","target":["https:\/\/www.nexoinformativo.mx\/index.php\/2024\/08\/28\/queretaro-recibe-nuevas-inversiones-automotrices-por-11-4-mdd\/"]}]},{"@type":"ImageObject","inLanguage":"es","@id":"https:\/\/www.nexoinformativo.mx\/index.php\/2024\/08\/28\/queretaro-recibe-nuevas-inversiones-automotrices-por-11-4-mdd\/#primaryimage","url":"https:\/\/www.nexoinformativo.mx\/wp-content\/uploads\/2024\/08\/PHOTO-2024-08-28-12-27-10-3-e1724873455842.jpg","contentUrl":"https:\/\/www.nexoinformativo.mx\/wp-content\/uploads\/2024\/08\/PHOTO-2024-08-28-12-27-10-3-e1724873455842.jpg","width":800,"height":534},{"@type":"BreadcrumbList","@id":"https:\/\/www.nexoinformativo.mx\/index.php\/2024\/08\/28\/queretaro-recibe-nuevas-inversiones-automotrices-por-11-4-mdd\/#breadcrumb","itemListElement":[{"@type":"ListItem","position":1,"name":"Inicio","item":"https:\/\/www.nexoinformativo.mx\/"},{"@type":"ListItem","position":2,"name":"Quer\u00e9taro recibe nuevas inversiones automotrices por 11.4 MDD"}]},{"@type":"WebSite","@id":"https:\/\/www.nexoinformativo.mx\/#website","url":"https:\/\/www.nexoinformativo.mx\/","name":"Nexo Informativo Santiago de Quer\u00e9taro","description":"Explora NexoInformativo y convi\u00e9rtete en parte de una comunidad que valora el conocimiento y la verdad. Tu nexoinformativo es tu puente hacia una comprensi\u00f3n m\u00e1s profunda del mundo que te rodea.","publisher":{"@id":"https:\/\/www.nexoinformativo.mx\/#organization"},"potentialAction":[{"@type":"SearchAction","target":{"@type":"EntryPoint","urlTemplate":"https:\/\/www.nexoinformativo.mx\/?s={search_term_string}"},"query-input":{"@type":"PropertyValueSpecification","valueRequired":true,"valueName":"search_term_string"}}],"inLanguage":"es"},{"@type":"Organization","@id":"https:\/\/www.nexoinformativo.mx\/#organization","name":"Nexo Informativo Santiago de Quer\u00e9taro","url":"https:\/\/www.nexoinformativo.mx\/","logo":{"@type":"ImageObject","inLanguage":"es","@id":"https:\/\/www.nexoinformativo.mx\/#\/schema\/logo\/image\/","url":"https:\/\/www.nexoinformativo.mx\/wp-content\/uploads\/2024\/07\/nexoi-trasparente-2.png","contentUrl":"https:\/\/www.nexoinformativo.mx\/wp-content\/uploads\/2024\/07\/nexoi-trasparente-2.png","width":816,"height":339,"caption":"Nexo Informativo Santiago de Quer\u00e9taro"},"image":{"@id":"https:\/\/www.nexoinformativo.mx\/#\/schema\/logo\/image\/"},"sameAs":["https:\/\/www.facebook.com\/people\/Nexo-Informativo\/61564066885511\/"]},{"@type":"Person","@id":"https:\/\/www.nexoinformativo.mx\/#\/schema\/person\/7749d380ba08c8ca00d7bc76fd907b7d","name":"Nexo Informativo","image":{"@type":"ImageObject","inLanguage":"es","@id":"https:\/\/www.nexoinformativo.mx\/#\/schema\/person\/image\/","url":"https:\/\/secure.gravatar.com\/avatar\/dde2928154642a13d95f87ddf1ea9718fe2b46760a005c53e41ff5ad610704e6?s=96&d=mm&r=g","contentUrl":"https:\/\/secure.gravatar.com\/avatar\/dde2928154642a13d95f87ddf1ea9718fe2b46760a005c53e41ff5ad610704e6?s=96&d=mm&r=g","caption":"Nexo Informativo"},"url":"https:\/\/www.nexoinformativo.mx\/index.php\/author\/edicion\/"}]}},"_links":{"self":[{"href":"https:\/\/www.nexoinformativo.mx\/index.php\/wp-json\/wp\/v2\/posts\/1140","targetHints":{"allow":["GET"]}}],"collection":[{"href":"https:\/\/www.nexoinformativo.mx\/index.php\/wp-json\/wp\/v2\/posts"}],"about":[{"href":"https:\/\/www.nexoinformativo.mx\/index.php\/wp-json\/wp\/v2\/types\/post"}],"author":[{"embeddable":true,"href":"https:\/\/www.nexoinformativo.mx\/index.php\/wp-json\/wp\/v2\/users\/3"}],"replies":[{"embeddable":true,"href":"https:\/\/www.nexoinformativo.mx\/index.php\/wp-json\/wp\/v2\/comments?post=1140"}],"version-history":[{"count":3,"href":"https:\/\/www.nexoinformativo.mx\/index.php\/wp-json\/wp\/v2\/posts\/1140\/revisions"}],"predecessor-version":[{"id":1146,"href":"https:\/\/www.nexoinformativo.mx\/index.php\/wp-json\/wp\/v2\/posts\/1140\/revisions\/1146"}],"wp:featuredmedia":[{"embeddable":true,"href":"https:\/\/www.nexoinformativo.mx\/index.php\/wp-json\/wp\/v2\/media\/1142"}],"wp:attachment":[{"href":"https:\/\/www.nexoinformativo.mx\/index.php\/wp-json\/wp\/v2\/media?parent=1140"}],"wp:term":[{"taxonomy":"category","embeddable":true,"href":"https:\/\/www.nexoinformativo.mx\/index.php\/wp-json\/wp\/v2\/categories?post=1140"},{"taxonomy":"post_tag","embeddable":true,"href":"https:\/\/www.nexoinformativo.mx\/index.php\/wp-json\/wp\/v2\/tags?post=1140"}],"curies":[{"name":"wp","href":"https:\/\/api.w.org\/{rel}","templated":true}]}}