{"id":11401,"date":"2025-02-10T10:00:17","date_gmt":"2025-02-10T16:00:17","guid":{"rendered":"https:\/\/www.nexoinformativo.mx\/?p=11401"},"modified":"2025-02-10T17:36:44","modified_gmt":"2025-02-10T23:36:44","slug":"sector-turistico-mexicano-sigue-en-crecimiento-pib-turistico-aumenta-1-2","status":"publish","type":"post","link":"https:\/\/www.nexoinformativo.mx\/index.php\/2025\/02\/10\/sector-turistico-mexicano-sigue-en-crecimiento-pib-turistico-aumenta-1-2\/","title":{"rendered":"Sector tur\u00edstico mexicano sigue en crecimiento PIB tur\u00edstico aumenta 1.2%"},"content":{"rendered":"<p style=\"text-align: justify;\" data-sourcepos=\"11:1-11:369\">El sector tur\u00edstico mexicano contin\u00faa mostrando signos de recuperaci\u00f3n y crecimiento. De acuerdo con los \u00faltimos datos del <strong>Instituto Nacional de Estad\u00edstica y Geograf\u00eda<\/strong> (INEGI), el Producto Interno Bruto (PIB) Tur\u00edstico registr\u00f3 un aumento del 1.2% durante el tercer trimestre de 2024 en comparaci\u00f3n con el mismo periodo del a\u00f1o anterior.<\/p>\n<\/p>\n<p>&nbsp;<\/p>\n<p style=\"text-align: justify;\" data-sourcepos=\"13:1-13:306\">Este crecimiento se debe en gran medida al incremento en la llegada de turistas internacionales, que alcanz\u00f3 los 20 millones 520 mil visitantes v\u00eda a\u00e9rea durante todo el a\u00f1o, lo que representa un aumento del 5.5% respecto al 2023. Estados Unidos y Canad\u00e1 contin\u00faan siendo los principales mercados emisores.<\/p>\n<\/p>\n<p>&nbsp;<\/p>\n<p style=\"text-align: justify;\" data-sourcepos=\"15:1-15:270\">La secretaria de Turismo, Josefina Rodr\u00edguez Zamora, destac\u00f3 que este crecimiento se debe a las diversas estrategias implementadas por el gobierno para promover a M\u00e9xico como destino tur\u00edstico, as\u00ed como a la recuperaci\u00f3n gradual de la actividad econ\u00f3mica a nivel global.<\/p>\n<\/p>\n<p>&nbsp;<\/p>\n<p style=\"text-align: justify;\" data-sourcepos=\"17:1-17:247\">Adem\u00e1s del crecimiento en la llegada de turistas, el consumo tur\u00edstico interno tambi\u00e9n registr\u00f3 un aumento del 0.6%. Esto demuestra que los mexicanos tambi\u00e9n est\u00e1n optando por viajar dentro del pa\u00eds y disfrutar de sus diversos destinos tur\u00edsticos.<\/p>\n<\/p>\n<p>&nbsp;<\/p>\n<p style=\"text-align: justify;\" data-sourcepos=\"19:1-19:145\">Estos resultados son una buena noticia para el sector tur\u00edstico mexicano, que representa una importante fuente de ingresos y empleo para el pa\u00eds.<\/p>\n<\/p>\n<p>&nbsp;<\/p>\n<p style=\"text-align: center;\" data-sourcepos=\"19:1-19:145\"><em><strong>\u00a1Informaci\u00f3n que transforma!<\/strong><\/em><\/p>\n","protected":false},"excerpt":{"rendered":"<p>El sector tur\u00edstico mexicano contin\u00faa mostrando signos de recuperaci\u00f3n y crecimiento. De acuerdo con los \u00faltimos datos del Instituto Nacional de Estad\u00edstica y Geograf\u00eda (INEGI), el Producto Interno Bruto (PIB) Tur\u00edstico registr\u00f3 un aumento del 1.2% durante el tercer trimestre de 2024 en comparaci\u00f3n con el mismo periodo del a\u00f1o anterior.<\/p>\n","protected":false},"author":3,"featured_media":11402,"comment_status":"open","ping_status":"open","sticky":false,"template":"","format":"standard","meta":{"footnotes":""},"categories":[5,88,58],"tags":[1610,2314,1686,2809],"class_list":["post-11401","post","type-post","status-publish","format-standard","has-post-thumbnail","hentry","category-economia","category-nacional","category-ultima-hora","tag-mexico","tag-pib","tag-turismo","tag-viajes"],"yoast_head":"<!-- This site is optimized with the Yoast SEO plugin v25.0 - https:\/\/yoast.com\/wordpress\/plugins\/seo\/ -->\n<title>Sector tur\u00edstico mexicano sigue en crecimiento PIB tur\u00edstico aumenta 1.2% | Nexo Informativo Santiago de Quer\u00e9taro<\/title>\n<meta name=\"description\" content=\"Sector tur\u00edstico mexicano sigue en crecimiento PIB tur\u00edstico aumenta 1.2%\" \/>\n<meta name=\"robots\" content=\"index, follow, max-snippet:-1, max-image-preview:large, max-video-preview:-1\" \/>\n<link rel=\"canonical\" href=\"https:\/\/www.nexoinformativo.mx\/index.php\/2025\/02\/10\/sector-turistico-mexicano-sigue-en-crecimiento-pib-turistico-aumenta-1-2\/\" \/>\n<meta property=\"og:locale\" content=\"es_MX\" \/>\n<meta property=\"og:type\" content=\"article\" \/>\n<meta property=\"og:title\" content=\"Sector tur\u00edstico mexicano sigue en crecimiento PIB tur\u00edstico aumenta 1.2% | Nexo Informativo Santiago de Quer\u00e9taro\" \/>\n<meta property=\"og:description\" content=\"Sector tur\u00edstico mexicano sigue en crecimiento PIB tur\u00edstico aumenta 1.2%\" \/>\n<meta property=\"og:url\" content=\"https:\/\/www.nexoinformativo.mx\/index.php\/2025\/02\/10\/sector-turistico-mexicano-sigue-en-crecimiento-pib-turistico-aumenta-1-2\/\" \/>\n<meta property=\"og:site_name\" content=\"Nexo Informativo Santiago de Quer\u00e9taro\" \/>\n<meta property=\"article:publisher\" content=\"https:\/\/www.facebook.com\/people\/Nexo-Informativo\/61564066885511\/\" \/>\n<meta property=\"article:published_time\" content=\"2025-02-10T16:00:17+00:00\" \/>\n<meta property=\"article:modified_time\" content=\"2025-02-10T23:36:44+00:00\" \/>\n<meta property=\"og:image\" content=\"https:\/\/www.nexoinformativo.mx\/wp-content\/uploads\/2025\/02\/IMG_0455-e1739230543452.jpeg\" \/>\n\t<meta property=\"og:image:width\" content=\"800\" \/>\n\t<meta property=\"og:image:height\" content=\"533\" \/>\n\t<meta property=\"og:image:type\" content=\"image\/jpeg\" \/>\n<meta name=\"author\" content=\"Nexo Informativo\" \/>\n<meta name=\"twitter:card\" content=\"summary_large_image\" \/>\n<meta name=\"twitter:label1\" content=\"Escrito por\" \/>\n\t<meta name=\"twitter:data1\" content=\"Nexo Informativo\" \/>\n\t<meta name=\"twitter:label2\" content=\"Tiempo de lectura\" \/>\n\t<meta name=\"twitter:data2\" content=\"2 minutos\" \/>\n<script type=\"application\/ld+json\" class=\"yoast-schema-graph\">{\"@context\":\"https:\/\/schema.org\",\"@graph\":[{\"@type\":\"Article\",\"@id\":\"https:\/\/www.nexoinformativo.mx\/index.php\/2025\/02\/10\/sector-turistico-mexicano-sigue-en-crecimiento-pib-turistico-aumenta-1-2\/#article\",\"isPartOf\":{\"@id\":\"https:\/\/www.nexoinformativo.mx\/index.php\/2025\/02\/10\/sector-turistico-mexicano-sigue-en-crecimiento-pib-turistico-aumenta-1-2\/\"},\"author\":{\"name\":\"Nexo Informativo\",\"@id\":\"https:\/\/www.nexoinformativo.mx\/#\/schema\/person\/7749d380ba08c8ca00d7bc76fd907b7d\"},\"headline\":\"Sector tur\u00edstico mexicano sigue en crecimiento PIB tur\u00edstico aumenta 1.2%\",\"datePublished\":\"2025-02-10T16:00:17+00:00\",\"dateModified\":\"2025-02-10T23:36:44+00:00\",\"mainEntityOfPage\":{\"@id\":\"https:\/\/www.nexoinformativo.mx\/index.php\/2025\/02\/10\/sector-turistico-mexicano-sigue-en-crecimiento-pib-turistico-aumenta-1-2\/\"},\"wordCount\":241,\"commentCount\":0,\"publisher\":{\"@id\":\"https:\/\/www.nexoinformativo.mx\/#organization\"},\"image\":{\"@id\":\"https:\/\/www.nexoinformativo.mx\/index.php\/2025\/02\/10\/sector-turistico-mexicano-sigue-en-crecimiento-pib-turistico-aumenta-1-2\/#primaryimage\"},\"thumbnailUrl\":\"https:\/\/www.nexoinformativo.mx\/wp-content\/uploads\/2025\/02\/IMG_0455-e1739230543452.jpeg\",\"keywords\":[\"M\u00e9xico\",\"PIB\",\"Turismo\",\"Viajes\"],\"articleSection\":[\"Econom\u00eda\",\"Nacional\",\"\u00daltima Hora\"],\"inLanguage\":\"es\",\"potentialAction\":[{\"@type\":\"CommentAction\",\"name\":\"Comment\",\"target\":[\"https:\/\/www.nexoinformativo.mx\/index.php\/2025\/02\/10\/sector-turistico-mexicano-sigue-en-crecimiento-pib-turistico-aumenta-1-2\/#respond\"]}]},{\"@type\":\"WebPage\",\"@id\":\"https:\/\/www.nexoinformativo.mx\/index.php\/2025\/02\/10\/sector-turistico-mexicano-sigue-en-crecimiento-pib-turistico-aumenta-1-2\/\",\"url\":\"https:\/\/www.nexoinformativo.mx\/index.php\/2025\/02\/10\/sector-turistico-mexicano-sigue-en-crecimiento-pib-turistico-aumenta-1-2\/\",\"name\":\"Sector tur\u00edstico mexicano sigue en crecimiento PIB tur\u00edstico aumenta 1.2% | Nexo Informativo Santiago de Quer\u00e9taro\",\"isPartOf\":{\"@id\":\"https:\/\/www.nexoinformativo.mx\/#website\"},\"primaryImageOfPage\":{\"@id\":\"https:\/\/www.nexoinformativo.mx\/index.php\/2025\/02\/10\/sector-turistico-mexicano-sigue-en-crecimiento-pib-turistico-aumenta-1-2\/#primaryimage\"},\"image\":{\"@id\":\"https:\/\/www.nexoinformativo.mx\/index.php\/2025\/02\/10\/sector-turistico-mexicano-sigue-en-crecimiento-pib-turistico-aumenta-1-2\/#primaryimage\"},\"thumbnailUrl\":\"https:\/\/www.nexoinformativo.mx\/wp-content\/uploads\/2025\/02\/IMG_0455-e1739230543452.jpeg\",\"datePublished\":\"2025-02-10T16:00:17+00:00\",\"dateModified\":\"2025-02-10T23:36:44+00:00\",\"description\":\"Sector tur\u00edstico mexicano sigue en crecimiento PIB tur\u00edstico aumenta 1.2%\",\"breadcrumb\":{\"@id\":\"https:\/\/www.nexoinformativo.mx\/index.php\/2025\/02\/10\/sector-turistico-mexicano-sigue-en-crecimiento-pib-turistico-aumenta-1-2\/#breadcrumb\"},\"inLanguage\":\"es\",\"potentialAction\":[{\"@type\":\"ReadAction\",\"target\":[\"https:\/\/www.nexoinformativo.mx\/index.php\/2025\/02\/10\/sector-turistico-mexicano-sigue-en-crecimiento-pib-turistico-aumenta-1-2\/\"]}]},{\"@type\":\"ImageObject\",\"inLanguage\":\"es\",\"@id\":\"https:\/\/www.nexoinformativo.mx\/index.php\/2025\/02\/10\/sector-turistico-mexicano-sigue-en-crecimiento-pib-turistico-aumenta-1-2\/#primaryimage\",\"url\":\"https:\/\/www.nexoinformativo.mx\/wp-content\/uploads\/2025\/02\/IMG_0455-e1739230543452.jpeg\",\"contentUrl\":\"https:\/\/www.nexoinformativo.mx\/wp-content\/uploads\/2025\/02\/IMG_0455-e1739230543452.jpeg\",\"width\":800,\"height\":533},{\"@type\":\"BreadcrumbList\",\"@id\":\"https:\/\/www.nexoinformativo.mx\/index.php\/2025\/02\/10\/sector-turistico-mexicano-sigue-en-crecimiento-pib-turistico-aumenta-1-2\/#breadcrumb\",\"itemListElement\":[{\"@type\":\"ListItem\",\"position\":1,\"name\":\"Inicio\",\"item\":\"https:\/\/www.nexoinformativo.mx\/\"},{\"@type\":\"ListItem\",\"position\":2,\"name\":\"Sector tur\u00edstico mexicano sigue en crecimiento PIB tur\u00edstico aumenta 1.2%\"}]},{\"@type\":\"WebSite\",\"@id\":\"https:\/\/www.nexoinformativo.mx\/#website\",\"url\":\"https:\/\/www.nexoinformativo.mx\/\",\"name\":\"Nexo Informativo Santiago de Quer\u00e9taro\",\"description\":\"Explora NexoInformativo y convi\u00e9rtete en parte de una comunidad que valora el conocimiento y la verdad. Tu nexoinformativo es tu puente hacia una comprensi\u00f3n m\u00e1s profunda del mundo que te rodea.\",\"publisher\":{\"@id\":\"https:\/\/www.nexoinformativo.mx\/#organization\"},\"potentialAction\":[{\"@type\":\"SearchAction\",\"target\":{\"@type\":\"EntryPoint\",\"urlTemplate\":\"https:\/\/www.nexoinformativo.mx\/?s={search_term_string}\"},\"query-input\":{\"@type\":\"PropertyValueSpecification\",\"valueRequired\":true,\"valueName\":\"search_term_string\"}}],\"inLanguage\":\"es\"},{\"@type\":\"Organization\",\"@id\":\"https:\/\/www.nexoinformativo.mx\/#organization\",\"name\":\"Nexo Informativo Santiago de Quer\u00e9taro\",\"url\":\"https:\/\/www.nexoinformativo.mx\/\",\"logo\":{\"@type\":\"ImageObject\",\"inLanguage\":\"es\",\"@id\":\"https:\/\/www.nexoinformativo.mx\/#\/schema\/logo\/image\/\",\"url\":\"https:\/\/www.nexoinformativo.mx\/wp-content\/uploads\/2024\/07\/nexoi-trasparente-2.png\",\"contentUrl\":\"https:\/\/www.nexoinformativo.mx\/wp-content\/uploads\/2024\/07\/nexoi-trasparente-2.png\",\"width\":816,\"height\":339,\"caption\":\"Nexo Informativo Santiago de Quer\u00e9taro\"},\"image\":{\"@id\":\"https:\/\/www.nexoinformativo.mx\/#\/schema\/logo\/image\/\"},\"sameAs\":[\"https:\/\/www.facebook.com\/people\/Nexo-Informativo\/61564066885511\/\"]},{\"@type\":\"Person\",\"@id\":\"https:\/\/www.nexoinformativo.mx\/#\/schema\/person\/7749d380ba08c8ca00d7bc76fd907b7d\",\"name\":\"Nexo Informativo\",\"image\":{\"@type\":\"ImageObject\",\"inLanguage\":\"es\",\"@id\":\"https:\/\/www.nexoinformativo.mx\/#\/schema\/person\/image\/\",\"url\":\"https:\/\/secure.gravatar.com\/avatar\/dde2928154642a13d95f87ddf1ea9718fe2b46760a005c53e41ff5ad610704e6?s=96&d=mm&r=g\",\"contentUrl\":\"https:\/\/secure.gravatar.com\/avatar\/dde2928154642a13d95f87ddf1ea9718fe2b46760a005c53e41ff5ad610704e6?s=96&d=mm&r=g\",\"caption\":\"Nexo Informativo\"},\"url\":\"https:\/\/www.nexoinformativo.mx\/index.php\/author\/edicion\/\"}]}<\/script>\n<!-- \/ Yoast SEO plugin. -->","yoast_head_json":{"title":"Sector tur\u00edstico mexicano sigue en crecimiento PIB tur\u00edstico aumenta 1.2% | Nexo Informativo Santiago de Quer\u00e9taro","description":"Sector tur\u00edstico mexicano sigue en crecimiento PIB tur\u00edstico aumenta 1.2%","robots":{"index":"index","follow":"follow","max-snippet":"max-snippet:-1","max-image-preview":"max-image-preview:large","max-video-preview":"max-video-preview:-1"},"canonical":"https:\/\/www.nexoinformativo.mx\/index.php\/2025\/02\/10\/sector-turistico-mexicano-sigue-en-crecimiento-pib-turistico-aumenta-1-2\/","og_locale":"es_MX","og_type":"article","og_title":"Sector tur\u00edstico mexicano sigue en crecimiento PIB tur\u00edstico aumenta 1.2% | Nexo Informativo Santiago de Quer\u00e9taro","og_description":"Sector tur\u00edstico mexicano sigue en crecimiento PIB tur\u00edstico aumenta 1.2%","og_url":"https:\/\/www.nexoinformativo.mx\/index.php\/2025\/02\/10\/sector-turistico-mexicano-sigue-en-crecimiento-pib-turistico-aumenta-1-2\/","og_site_name":"Nexo Informativo Santiago de Quer\u00e9taro","article_publisher":"https:\/\/www.facebook.com\/people\/Nexo-Informativo\/61564066885511\/","article_published_time":"2025-02-10T16:00:17+00:00","article_modified_time":"2025-02-10T23:36:44+00:00","og_image":[{"width":800,"height":533,"url":"https:\/\/www.nexoinformativo.mx\/wp-content\/uploads\/2025\/02\/IMG_0455-e1739230543452.jpeg","type":"image\/jpeg"}],"author":"Nexo Informativo","twitter_card":"summary_large_image","twitter_misc":{"Escrito por":"Nexo Informativo","Tiempo de lectura":"2 minutos"},"schema":{"@context":"https:\/\/schema.org","@graph":[{"@type":"Article","@id":"https:\/\/www.nexoinformativo.mx\/index.php\/2025\/02\/10\/sector-turistico-mexicano-sigue-en-crecimiento-pib-turistico-aumenta-1-2\/#article","isPartOf":{"@id":"https:\/\/www.nexoinformativo.mx\/index.php\/2025\/02\/10\/sector-turistico-mexicano-sigue-en-crecimiento-pib-turistico-aumenta-1-2\/"},"author":{"name":"Nexo Informativo","@id":"https:\/\/www.nexoinformativo.mx\/#\/schema\/person\/7749d380ba08c8ca00d7bc76fd907b7d"},"headline":"Sector tur\u00edstico mexicano sigue en crecimiento PIB tur\u00edstico aumenta 1.2%","datePublished":"2025-02-10T16:00:17+00:00","dateModified":"2025-02-10T23:36:44+00:00","mainEntityOfPage":{"@id":"https:\/\/www.nexoinformativo.mx\/index.php\/2025\/02\/10\/sector-turistico-mexicano-sigue-en-crecimiento-pib-turistico-aumenta-1-2\/"},"wordCount":241,"commentCount":0,"publisher":{"@id":"https:\/\/www.nexoinformativo.mx\/#organization"},"image":{"@id":"https:\/\/www.nexoinformativo.mx\/index.php\/2025\/02\/10\/sector-turistico-mexicano-sigue-en-crecimiento-pib-turistico-aumenta-1-2\/#primaryimage"},"thumbnailUrl":"https:\/\/www.nexoinformativo.mx\/wp-content\/uploads\/2025\/02\/IMG_0455-e1739230543452.jpeg","keywords":["M\u00e9xico","PIB","Turismo","Viajes"],"articleSection":["Econom\u00eda","Nacional","\u00daltima Hora"],"inLanguage":"es","potentialAction":[{"@type":"CommentAction","name":"Comment","target":["https:\/\/www.nexoinformativo.mx\/index.php\/2025\/02\/10\/sector-turistico-mexicano-sigue-en-crecimiento-pib-turistico-aumenta-1-2\/#respond"]}]},{"@type":"WebPage","@id":"https:\/\/www.nexoinformativo.mx\/index.php\/2025\/02\/10\/sector-turistico-mexicano-sigue-en-crecimiento-pib-turistico-aumenta-1-2\/","url":"https:\/\/www.nexoinformativo.mx\/index.php\/2025\/02\/10\/sector-turistico-mexicano-sigue-en-crecimiento-pib-turistico-aumenta-1-2\/","name":"Sector tur\u00edstico mexicano sigue en crecimiento PIB tur\u00edstico aumenta 1.2% | Nexo Informativo Santiago de Quer\u00e9taro","isPartOf":{"@id":"https:\/\/www.nexoinformativo.mx\/#website"},"primaryImageOfPage":{"@id":"https:\/\/www.nexoinformativo.mx\/index.php\/2025\/02\/10\/sector-turistico-mexicano-sigue-en-crecimiento-pib-turistico-aumenta-1-2\/#primaryimage"},"image":{"@id":"https:\/\/www.nexoinformativo.mx\/index.php\/2025\/02\/10\/sector-turistico-mexicano-sigue-en-crecimiento-pib-turistico-aumenta-1-2\/#primaryimage"},"thumbnailUrl":"https:\/\/www.nexoinformativo.mx\/wp-content\/uploads\/2025\/02\/IMG_0455-e1739230543452.jpeg","datePublished":"2025-02-10T16:00:17+00:00","dateModified":"2025-02-10T23:36:44+00:00","description":"Sector tur\u00edstico mexicano sigue en crecimiento PIB tur\u00edstico aumenta 1.2%","breadcrumb":{"@id":"https:\/\/www.nexoinformativo.mx\/index.php\/2025\/02\/10\/sector-turistico-mexicano-sigue-en-crecimiento-pib-turistico-aumenta-1-2\/#breadcrumb"},"inLanguage":"es","potentialAction":[{"@type":"ReadAction","target":["https:\/\/www.nexoinformativo.mx\/index.php\/2025\/02\/10\/sector-turistico-mexicano-sigue-en-crecimiento-pib-turistico-aumenta-1-2\/"]}]},{"@type":"ImageObject","inLanguage":"es","@id":"https:\/\/www.nexoinformativo.mx\/index.php\/2025\/02\/10\/sector-turistico-mexicano-sigue-en-crecimiento-pib-turistico-aumenta-1-2\/#primaryimage","url":"https:\/\/www.nexoinformativo.mx\/wp-content\/uploads\/2025\/02\/IMG_0455-e1739230543452.jpeg","contentUrl":"https:\/\/www.nexoinformativo.mx\/wp-content\/uploads\/2025\/02\/IMG_0455-e1739230543452.jpeg","width":800,"height":533},{"@type":"BreadcrumbList","@id":"https:\/\/www.nexoinformativo.mx\/index.php\/2025\/02\/10\/sector-turistico-mexicano-sigue-en-crecimiento-pib-turistico-aumenta-1-2\/#breadcrumb","itemListElement":[{"@type":"ListItem","position":1,"name":"Inicio","item":"https:\/\/www.nexoinformativo.mx\/"},{"@type":"ListItem","position":2,"name":"Sector tur\u00edstico mexicano sigue en crecimiento PIB tur\u00edstico aumenta 1.2%"}]},{"@type":"WebSite","@id":"https:\/\/www.nexoinformativo.mx\/#website","url":"https:\/\/www.nexoinformativo.mx\/","name":"Nexo Informativo Santiago de Quer\u00e9taro","description":"Explora NexoInformativo y convi\u00e9rtete en parte de una comunidad que valora el conocimiento y la verdad. Tu nexoinformativo es tu puente hacia una comprensi\u00f3n m\u00e1s profunda del mundo que te rodea.","publisher":{"@id":"https:\/\/www.nexoinformativo.mx\/#organization"},"potentialAction":[{"@type":"SearchAction","target":{"@type":"EntryPoint","urlTemplate":"https:\/\/www.nexoinformativo.mx\/?s={search_term_string}"},"query-input":{"@type":"PropertyValueSpecification","valueRequired":true,"valueName":"search_term_string"}}],"inLanguage":"es"},{"@type":"Organization","@id":"https:\/\/www.nexoinformativo.mx\/#organization","name":"Nexo Informativo Santiago de Quer\u00e9taro","url":"https:\/\/www.nexoinformativo.mx\/","logo":{"@type":"ImageObject","inLanguage":"es","@id":"https:\/\/www.nexoinformativo.mx\/#\/schema\/logo\/image\/","url":"https:\/\/www.nexoinformativo.mx\/wp-content\/uploads\/2024\/07\/nexoi-trasparente-2.png","contentUrl":"https:\/\/www.nexoinformativo.mx\/wp-content\/uploads\/2024\/07\/nexoi-trasparente-2.png","width":816,"height":339,"caption":"Nexo Informativo Santiago de Quer\u00e9taro"},"image":{"@id":"https:\/\/www.nexoinformativo.mx\/#\/schema\/logo\/image\/"},"sameAs":["https:\/\/www.facebook.com\/people\/Nexo-Informativo\/61564066885511\/"]},{"@type":"Person","@id":"https:\/\/www.nexoinformativo.mx\/#\/schema\/person\/7749d380ba08c8ca00d7bc76fd907b7d","name":"Nexo Informativo","image":{"@type":"ImageObject","inLanguage":"es","@id":"https:\/\/www.nexoinformativo.mx\/#\/schema\/person\/image\/","url":"https:\/\/secure.gravatar.com\/avatar\/dde2928154642a13d95f87ddf1ea9718fe2b46760a005c53e41ff5ad610704e6?s=96&d=mm&r=g","contentUrl":"https:\/\/secure.gravatar.com\/avatar\/dde2928154642a13d95f87ddf1ea9718fe2b46760a005c53e41ff5ad610704e6?s=96&d=mm&r=g","caption":"Nexo Informativo"},"url":"https:\/\/www.nexoinformativo.mx\/index.php\/author\/edicion\/"}]}},"_links":{"self":[{"href":"https:\/\/www.nexoinformativo.mx\/index.php\/wp-json\/wp\/v2\/posts\/11401","targetHints":{"allow":["GET"]}}],"collection":[{"href":"https:\/\/www.nexoinformativo.mx\/index.php\/wp-json\/wp\/v2\/posts"}],"about":[{"href":"https:\/\/www.nexoinformativo.mx\/index.php\/wp-json\/wp\/v2\/types\/post"}],"author":[{"embeddable":true,"href":"https:\/\/www.nexoinformativo.mx\/index.php\/wp-json\/wp\/v2\/users\/3"}],"replies":[{"embeddable":true,"href":"https:\/\/www.nexoinformativo.mx\/index.php\/wp-json\/wp\/v2\/comments?post=11401"}],"version-history":[{"count":3,"href":"https:\/\/www.nexoinformativo.mx\/index.php\/wp-json\/wp\/v2\/posts\/11401\/revisions"}],"predecessor-version":[{"id":11405,"href":"https:\/\/www.nexoinformativo.mx\/index.php\/wp-json\/wp\/v2\/posts\/11401\/revisions\/11405"}],"wp:featuredmedia":[{"embeddable":true,"href":"https:\/\/www.nexoinformativo.mx\/index.php\/wp-json\/wp\/v2\/media\/11402"}],"wp:attachment":[{"href":"https:\/\/www.nexoinformativo.mx\/index.php\/wp-json\/wp\/v2\/media?parent=11401"}],"wp:term":[{"taxonomy":"category","embeddable":true,"href":"https:\/\/www.nexoinformativo.mx\/index.php\/wp-json\/wp\/v2\/categories?post=11401"},{"taxonomy":"post_tag","embeddable":true,"href":"https:\/\/www.nexoinformativo.mx\/index.php\/wp-json\/wp\/v2\/tags?post=11401"}],"curies":[{"name":"wp","href":"https:\/\/api.w.org\/{rel}","templated":true}]}}