{"id":11433,"date":"2025-02-11T06:00:53","date_gmt":"2025-02-11T12:00:53","guid":{"rendered":"https:\/\/www.nexoinformativo.mx\/?p=11433"},"modified":"2025-02-11T08:25:59","modified_gmt":"2025-02-11T14:25:59","slug":"gobierno-impulsa-la-vivienda-con-52-mil-nuevas-casas-y-reformas-al-infonavit","status":"publish","type":"post","link":"https:\/\/www.nexoinformativo.mx\/index.php\/2025\/02\/11\/gobierno-impulsa-la-vivienda-con-52-mil-nuevas-casas-y-reformas-al-infonavit\/","title":{"rendered":"Gobierno impulsa la vivienda con 52 mil nuevas casas y reformas al Infonavit"},"content":{"rendered":"<p style=\"text-align: justify;\">El gobierno de M\u00e9xico, a trav\u00e9s de la Secretar\u00eda de Desarrollo Agrario, Territorial y Urbano (Sedatu) y el <strong>Instituto del Fondo Nacional de la Vivienda para los Trabajadores<\/strong> (Infonavit), un anunci\u00f3 un ambicioso plan para construir m\u00e1s de 52 mil nuevas viviendas en 25 estados del pa\u00eds durante los primeros tres meses del a\u00f1o.<\/p>\n<\/p>\n<p>&nbsp;<\/p>\n<p style=\"text-align: justify;\" data-sourcepos=\"13:1-13:200\">Esta iniciativa, enmarcada en el Programa Nacional de Vivienda para el Bienestar, generar\u00e1 m\u00e1s de 235 mil empleos directos y 353 mil indirectos, contribuyendo as\u00ed a la reactivaci\u00f3n econ\u00f3mica del pa\u00eds.<\/p>\n<\/p>\n<p>&nbsp;<\/p>\n<p style=\"text-align: justify;\" data-sourcepos=\"15:1-15:343\">Adem\u00e1s de la construcci\u00f3n de nuevas viviendas, el gobierno federal ha realizado importantes reformas al Infonavit para garantizar la transparencia y la protecci\u00f3n de los derechos de los trabajadores.<\/p>\n<\/p>\n<p>&nbsp;<\/p>\n<p style=\"text-align: justify;\" data-sourcepos=\"15:1-15:343\">Con estas reformas, los trabajadores podr\u00e1n tener mayor control sobre sus cr\u00e9ditos y asegurar que sus recursos se utilicen de manera eficiente.<\/p>\n<\/p>\n<p>&nbsp;<\/p>\n<p style=\"text-align: justify;\" data-sourcepos=\"17:1-17:264\">La presidenta Claudia Sheinbaum destac\u00f3 la importancia de estas acciones para garantizar el derecho a una vivienda digna para todas las familias mexicanas.<strong> &#8220;Ahora las y los trabajadores pueden saber que sus fondos son auditables, va a haber transparencia&#8221;<\/strong>, afirm\u00f3.<\/p>\n<\/p>\n<p>&nbsp;<\/p>\n<p style=\"text-align: justify;\" data-sourcepos=\"21:1-21:325\">El director del Infonavit, Octavio Romero Oropeza, inform\u00f3 que se han identificado 123 predios en 29 entidades federativas para la construcci\u00f3n de m\u00e1s de 61 mil viviendas.<\/p>\n<\/p>\n<p>&nbsp;<\/p>\n<p style=\"text-align: justify;\" data-sourcepos=\"21:1-21:325\">Adem\u00e1s, anunci\u00f3 que se han implementado nuevas medidas para proteger a los derechohabientes y garantizar la transparencia en el otorgamiento de cr\u00e9ditos.<\/p>\n<\/p>\n<p>&nbsp;<\/p>\n<p style=\"text-align: justify;\" data-sourcepos=\"21:1-21:325\">El gobierno de M\u00e9xico reafirma su compromiso con el desarrollo de una pol\u00edtica de vivienda social que beneficie a las familias mexicanas y contribuya a la reactivaci\u00f3n econ\u00f3mica del pa\u00eds.<\/p>\n<\/p>\n<p>&nbsp;<\/p>\n<p style=\"text-align: center;\" data-sourcepos=\"21:1-21:325\"><em><strong>\u00a1Informaci\u00f3n que transforma!<\/strong><\/em><\/p>\n","protected":false},"excerpt":{"rendered":"<p>El gobierno de M\u00e9xico, a trav\u00e9s de la Secretar\u00eda de Desarrollo Agrario, Territorial y Urbano (Sedatu) y el Instituto del Fondo Nacional de la Vivienda para los Trabajadores (Infonavit), un anunci\u00f3 un ambicioso plan para construir m\u00e1s de 52 mil nuevas viviendas en 25 estados del pa\u00eds durante los primeros tres meses del a\u00f1o.\u00a0 \u00a0<\/p>\n","protected":false},"author":3,"featured_media":11436,"comment_status":"open","ping_status":"open","sticky":false,"template":"","format":"standard","meta":{"footnotes":""},"categories":[88,58],"tags":[3041,176,1610,2737],"class_list":["post-11433","post","type-post","status-publish","format-standard","has-post-thumbnail","hentry","category-nacional","category-ultima-hora","tag-construccion","tag-infonavit","tag-mexico","tag-vivienda"],"yoast_head":"<!-- This site is optimized with the Yoast SEO plugin v25.0 - https:\/\/yoast.com\/wordpress\/plugins\/seo\/ -->\n<title>Gobierno impulsa la vivienda con 52 mil nuevas casas y reformas al Infonavit | Nexo Informativo Santiago de Quer\u00e9taro<\/title>\n<meta name=\"description\" content=\"Gobierno impulsa la vivienda con 52 mil nuevas casas y reformas al Infonavit\" \/>\n<meta name=\"robots\" content=\"index, follow, max-snippet:-1, max-image-preview:large, max-video-preview:-1\" \/>\n<link rel=\"canonical\" href=\"https:\/\/www.nexoinformativo.mx\/index.php\/2025\/02\/11\/gobierno-impulsa-la-vivienda-con-52-mil-nuevas-casas-y-reformas-al-infonavit\/\" \/>\n<meta property=\"og:locale\" content=\"es_MX\" \/>\n<meta property=\"og:type\" content=\"article\" \/>\n<meta property=\"og:title\" content=\"Gobierno impulsa la vivienda con 52 mil nuevas casas y reformas al Infonavit | Nexo Informativo Santiago de Quer\u00e9taro\" \/>\n<meta property=\"og:description\" content=\"Gobierno impulsa la vivienda con 52 mil nuevas casas y reformas al Infonavit\" \/>\n<meta property=\"og:url\" content=\"https:\/\/www.nexoinformativo.mx\/index.php\/2025\/02\/11\/gobierno-impulsa-la-vivienda-con-52-mil-nuevas-casas-y-reformas-al-infonavit\/\" \/>\n<meta property=\"og:site_name\" content=\"Nexo Informativo Santiago de Quer\u00e9taro\" \/>\n<meta property=\"article:publisher\" content=\"https:\/\/www.facebook.com\/people\/Nexo-Informativo\/61564066885511\/\" \/>\n<meta property=\"article:published_time\" content=\"2025-02-11T12:00:53+00:00\" \/>\n<meta property=\"article:modified_time\" content=\"2025-02-11T14:25:59+00:00\" \/>\n<meta property=\"og:image\" content=\"https:\/\/www.nexoinformativo.mx\/wp-content\/uploads\/2025\/02\/IMG_0463.jpeg\" \/>\n\t<meta property=\"og:image:width\" content=\"650\" \/>\n\t<meta property=\"og:image:height\" content=\"380\" \/>\n\t<meta property=\"og:image:type\" content=\"image\/jpeg\" \/>\n<meta name=\"author\" content=\"Nexo Informativo\" \/>\n<meta name=\"twitter:card\" content=\"summary_large_image\" \/>\n<meta name=\"twitter:label1\" content=\"Escrito por\" \/>\n\t<meta name=\"twitter:data1\" content=\"Nexo Informativo\" \/>\n\t<meta name=\"twitter:label2\" content=\"Tiempo de lectura\" \/>\n\t<meta name=\"twitter:data2\" content=\"2 minutos\" \/>\n<script type=\"application\/ld+json\" class=\"yoast-schema-graph\">{\"@context\":\"https:\/\/schema.org\",\"@graph\":[{\"@type\":\"Article\",\"@id\":\"https:\/\/www.nexoinformativo.mx\/index.php\/2025\/02\/11\/gobierno-impulsa-la-vivienda-con-52-mil-nuevas-casas-y-reformas-al-infonavit\/#article\",\"isPartOf\":{\"@id\":\"https:\/\/www.nexoinformativo.mx\/index.php\/2025\/02\/11\/gobierno-impulsa-la-vivienda-con-52-mil-nuevas-casas-y-reformas-al-infonavit\/\"},\"author\":{\"name\":\"Nexo Informativo\",\"@id\":\"https:\/\/www.nexoinformativo.mx\/#\/schema\/person\/7749d380ba08c8ca00d7bc76fd907b7d\"},\"headline\":\"Gobierno impulsa la vivienda con 52 mil nuevas casas y reformas al Infonavit\",\"datePublished\":\"2025-02-11T12:00:53+00:00\",\"dateModified\":\"2025-02-11T14:25:59+00:00\",\"mainEntityOfPage\":{\"@id\":\"https:\/\/www.nexoinformativo.mx\/index.php\/2025\/02\/11\/gobierno-impulsa-la-vivienda-con-52-mil-nuevas-casas-y-reformas-al-infonavit\/\"},\"wordCount\":296,\"commentCount\":0,\"publisher\":{\"@id\":\"https:\/\/www.nexoinformativo.mx\/#organization\"},\"image\":{\"@id\":\"https:\/\/www.nexoinformativo.mx\/index.php\/2025\/02\/11\/gobierno-impulsa-la-vivienda-con-52-mil-nuevas-casas-y-reformas-al-infonavit\/#primaryimage\"},\"thumbnailUrl\":\"https:\/\/www.nexoinformativo.mx\/wp-content\/uploads\/2025\/02\/IMG_0463.jpeg\",\"keywords\":[\"Construcci\u00f3n\",\"Infonavit\",\"M\u00e9xico\",\"Vivienda\"],\"articleSection\":[\"Nacional\",\"\u00daltima Hora\"],\"inLanguage\":\"es\",\"potentialAction\":[{\"@type\":\"CommentAction\",\"name\":\"Comment\",\"target\":[\"https:\/\/www.nexoinformativo.mx\/index.php\/2025\/02\/11\/gobierno-impulsa-la-vivienda-con-52-mil-nuevas-casas-y-reformas-al-infonavit\/#respond\"]}]},{\"@type\":\"WebPage\",\"@id\":\"https:\/\/www.nexoinformativo.mx\/index.php\/2025\/02\/11\/gobierno-impulsa-la-vivienda-con-52-mil-nuevas-casas-y-reformas-al-infonavit\/\",\"url\":\"https:\/\/www.nexoinformativo.mx\/index.php\/2025\/02\/11\/gobierno-impulsa-la-vivienda-con-52-mil-nuevas-casas-y-reformas-al-infonavit\/\",\"name\":\"Gobierno impulsa la vivienda con 52 mil nuevas casas y reformas al Infonavit | Nexo Informativo Santiago de Quer\u00e9taro\",\"isPartOf\":{\"@id\":\"https:\/\/www.nexoinformativo.mx\/#website\"},\"primaryImageOfPage\":{\"@id\":\"https:\/\/www.nexoinformativo.mx\/index.php\/2025\/02\/11\/gobierno-impulsa-la-vivienda-con-52-mil-nuevas-casas-y-reformas-al-infonavit\/#primaryimage\"},\"image\":{\"@id\":\"https:\/\/www.nexoinformativo.mx\/index.php\/2025\/02\/11\/gobierno-impulsa-la-vivienda-con-52-mil-nuevas-casas-y-reformas-al-infonavit\/#primaryimage\"},\"thumbnailUrl\":\"https:\/\/www.nexoinformativo.mx\/wp-content\/uploads\/2025\/02\/IMG_0463.jpeg\",\"datePublished\":\"2025-02-11T12:00:53+00:00\",\"dateModified\":\"2025-02-11T14:25:59+00:00\",\"description\":\"Gobierno impulsa la vivienda con 52 mil nuevas casas y reformas al Infonavit\",\"breadcrumb\":{\"@id\":\"https:\/\/www.nexoinformativo.mx\/index.php\/2025\/02\/11\/gobierno-impulsa-la-vivienda-con-52-mil-nuevas-casas-y-reformas-al-infonavit\/#breadcrumb\"},\"inLanguage\":\"es\",\"potentialAction\":[{\"@type\":\"ReadAction\",\"target\":[\"https:\/\/www.nexoinformativo.mx\/index.php\/2025\/02\/11\/gobierno-impulsa-la-vivienda-con-52-mil-nuevas-casas-y-reformas-al-infonavit\/\"]}]},{\"@type\":\"ImageObject\",\"inLanguage\":\"es\",\"@id\":\"https:\/\/www.nexoinformativo.mx\/index.php\/2025\/02\/11\/gobierno-impulsa-la-vivienda-con-52-mil-nuevas-casas-y-reformas-al-infonavit\/#primaryimage\",\"url\":\"https:\/\/www.nexoinformativo.mx\/wp-content\/uploads\/2025\/02\/IMG_0463.jpeg\",\"contentUrl\":\"https:\/\/www.nexoinformativo.mx\/wp-content\/uploads\/2025\/02\/IMG_0463.jpeg\",\"width\":650,\"height\":380},{\"@type\":\"BreadcrumbList\",\"@id\":\"https:\/\/www.nexoinformativo.mx\/index.php\/2025\/02\/11\/gobierno-impulsa-la-vivienda-con-52-mil-nuevas-casas-y-reformas-al-infonavit\/#breadcrumb\",\"itemListElement\":[{\"@type\":\"ListItem\",\"position\":1,\"name\":\"Inicio\",\"item\":\"https:\/\/www.nexoinformativo.mx\/\"},{\"@type\":\"ListItem\",\"position\":2,\"name\":\"Gobierno impulsa la vivienda con 52 mil nuevas casas y reformas al Infonavit\"}]},{\"@type\":\"WebSite\",\"@id\":\"https:\/\/www.nexoinformativo.mx\/#website\",\"url\":\"https:\/\/www.nexoinformativo.mx\/\",\"name\":\"Nexo Informativo Santiago de Quer\u00e9taro\",\"description\":\"Explora NexoInformativo y convi\u00e9rtete en parte de una comunidad que valora el conocimiento y la verdad. Tu nexoinformativo es tu puente hacia una comprensi\u00f3n m\u00e1s profunda del mundo que te rodea.\",\"publisher\":{\"@id\":\"https:\/\/www.nexoinformativo.mx\/#organization\"},\"potentialAction\":[{\"@type\":\"SearchAction\",\"target\":{\"@type\":\"EntryPoint\",\"urlTemplate\":\"https:\/\/www.nexoinformativo.mx\/?s={search_term_string}\"},\"query-input\":{\"@type\":\"PropertyValueSpecification\",\"valueRequired\":true,\"valueName\":\"search_term_string\"}}],\"inLanguage\":\"es\"},{\"@type\":\"Organization\",\"@id\":\"https:\/\/www.nexoinformativo.mx\/#organization\",\"name\":\"Nexo Informativo Santiago de Quer\u00e9taro\",\"url\":\"https:\/\/www.nexoinformativo.mx\/\",\"logo\":{\"@type\":\"ImageObject\",\"inLanguage\":\"es\",\"@id\":\"https:\/\/www.nexoinformativo.mx\/#\/schema\/logo\/image\/\",\"url\":\"https:\/\/www.nexoinformativo.mx\/wp-content\/uploads\/2024\/07\/nexoi-trasparente-2.png\",\"contentUrl\":\"https:\/\/www.nexoinformativo.mx\/wp-content\/uploads\/2024\/07\/nexoi-trasparente-2.png\",\"width\":816,\"height\":339,\"caption\":\"Nexo Informativo Santiago de Quer\u00e9taro\"},\"image\":{\"@id\":\"https:\/\/www.nexoinformativo.mx\/#\/schema\/logo\/image\/\"},\"sameAs\":[\"https:\/\/www.facebook.com\/people\/Nexo-Informativo\/61564066885511\/\"]},{\"@type\":\"Person\",\"@id\":\"https:\/\/www.nexoinformativo.mx\/#\/schema\/person\/7749d380ba08c8ca00d7bc76fd907b7d\",\"name\":\"Nexo Informativo\",\"image\":{\"@type\":\"ImageObject\",\"inLanguage\":\"es\",\"@id\":\"https:\/\/www.nexoinformativo.mx\/#\/schema\/person\/image\/\",\"url\":\"https:\/\/secure.gravatar.com\/avatar\/dde2928154642a13d95f87ddf1ea9718fe2b46760a005c53e41ff5ad610704e6?s=96&d=mm&r=g\",\"contentUrl\":\"https:\/\/secure.gravatar.com\/avatar\/dde2928154642a13d95f87ddf1ea9718fe2b46760a005c53e41ff5ad610704e6?s=96&d=mm&r=g\",\"caption\":\"Nexo Informativo\"},\"url\":\"https:\/\/www.nexoinformativo.mx\/index.php\/author\/edicion\/\"}]}<\/script>\n<!-- \/ Yoast SEO plugin. -->","yoast_head_json":{"title":"Gobierno impulsa la vivienda con 52 mil nuevas casas y reformas al Infonavit | Nexo Informativo Santiago de Quer\u00e9taro","description":"Gobierno impulsa la vivienda con 52 mil nuevas casas y reformas al Infonavit","robots":{"index":"index","follow":"follow","max-snippet":"max-snippet:-1","max-image-preview":"max-image-preview:large","max-video-preview":"max-video-preview:-1"},"canonical":"https:\/\/www.nexoinformativo.mx\/index.php\/2025\/02\/11\/gobierno-impulsa-la-vivienda-con-52-mil-nuevas-casas-y-reformas-al-infonavit\/","og_locale":"es_MX","og_type":"article","og_title":"Gobierno impulsa la vivienda con 52 mil nuevas casas y reformas al Infonavit | Nexo Informativo Santiago de Quer\u00e9taro","og_description":"Gobierno impulsa la vivienda con 52 mil nuevas casas y reformas al Infonavit","og_url":"https:\/\/www.nexoinformativo.mx\/index.php\/2025\/02\/11\/gobierno-impulsa-la-vivienda-con-52-mil-nuevas-casas-y-reformas-al-infonavit\/","og_site_name":"Nexo Informativo Santiago de Quer\u00e9taro","article_publisher":"https:\/\/www.facebook.com\/people\/Nexo-Informativo\/61564066885511\/","article_published_time":"2025-02-11T12:00:53+00:00","article_modified_time":"2025-02-11T14:25:59+00:00","og_image":[{"width":650,"height":380,"url":"https:\/\/www.nexoinformativo.mx\/wp-content\/uploads\/2025\/02\/IMG_0463.jpeg","type":"image\/jpeg"}],"author":"Nexo Informativo","twitter_card":"summary_large_image","twitter_misc":{"Escrito por":"Nexo Informativo","Tiempo de lectura":"2 minutos"},"schema":{"@context":"https:\/\/schema.org","@graph":[{"@type":"Article","@id":"https:\/\/www.nexoinformativo.mx\/index.php\/2025\/02\/11\/gobierno-impulsa-la-vivienda-con-52-mil-nuevas-casas-y-reformas-al-infonavit\/#article","isPartOf":{"@id":"https:\/\/www.nexoinformativo.mx\/index.php\/2025\/02\/11\/gobierno-impulsa-la-vivienda-con-52-mil-nuevas-casas-y-reformas-al-infonavit\/"},"author":{"name":"Nexo Informativo","@id":"https:\/\/www.nexoinformativo.mx\/#\/schema\/person\/7749d380ba08c8ca00d7bc76fd907b7d"},"headline":"Gobierno impulsa la vivienda con 52 mil nuevas casas y reformas al Infonavit","datePublished":"2025-02-11T12:00:53+00:00","dateModified":"2025-02-11T14:25:59+00:00","mainEntityOfPage":{"@id":"https:\/\/www.nexoinformativo.mx\/index.php\/2025\/02\/11\/gobierno-impulsa-la-vivienda-con-52-mil-nuevas-casas-y-reformas-al-infonavit\/"},"wordCount":296,"commentCount":0,"publisher":{"@id":"https:\/\/www.nexoinformativo.mx\/#organization"},"image":{"@id":"https:\/\/www.nexoinformativo.mx\/index.php\/2025\/02\/11\/gobierno-impulsa-la-vivienda-con-52-mil-nuevas-casas-y-reformas-al-infonavit\/#primaryimage"},"thumbnailUrl":"https:\/\/www.nexoinformativo.mx\/wp-content\/uploads\/2025\/02\/IMG_0463.jpeg","keywords":["Construcci\u00f3n","Infonavit","M\u00e9xico","Vivienda"],"articleSection":["Nacional","\u00daltima Hora"],"inLanguage":"es","potentialAction":[{"@type":"CommentAction","name":"Comment","target":["https:\/\/www.nexoinformativo.mx\/index.php\/2025\/02\/11\/gobierno-impulsa-la-vivienda-con-52-mil-nuevas-casas-y-reformas-al-infonavit\/#respond"]}]},{"@type":"WebPage","@id":"https:\/\/www.nexoinformativo.mx\/index.php\/2025\/02\/11\/gobierno-impulsa-la-vivienda-con-52-mil-nuevas-casas-y-reformas-al-infonavit\/","url":"https:\/\/www.nexoinformativo.mx\/index.php\/2025\/02\/11\/gobierno-impulsa-la-vivienda-con-52-mil-nuevas-casas-y-reformas-al-infonavit\/","name":"Gobierno impulsa la vivienda con 52 mil nuevas casas y reformas al Infonavit | Nexo Informativo Santiago de Quer\u00e9taro","isPartOf":{"@id":"https:\/\/www.nexoinformativo.mx\/#website"},"primaryImageOfPage":{"@id":"https:\/\/www.nexoinformativo.mx\/index.php\/2025\/02\/11\/gobierno-impulsa-la-vivienda-con-52-mil-nuevas-casas-y-reformas-al-infonavit\/#primaryimage"},"image":{"@id":"https:\/\/www.nexoinformativo.mx\/index.php\/2025\/02\/11\/gobierno-impulsa-la-vivienda-con-52-mil-nuevas-casas-y-reformas-al-infonavit\/#primaryimage"},"thumbnailUrl":"https:\/\/www.nexoinformativo.mx\/wp-content\/uploads\/2025\/02\/IMG_0463.jpeg","datePublished":"2025-02-11T12:00:53+00:00","dateModified":"2025-02-11T14:25:59+00:00","description":"Gobierno impulsa la vivienda con 52 mil nuevas casas y reformas al Infonavit","breadcrumb":{"@id":"https:\/\/www.nexoinformativo.mx\/index.php\/2025\/02\/11\/gobierno-impulsa-la-vivienda-con-52-mil-nuevas-casas-y-reformas-al-infonavit\/#breadcrumb"},"inLanguage":"es","potentialAction":[{"@type":"ReadAction","target":["https:\/\/www.nexoinformativo.mx\/index.php\/2025\/02\/11\/gobierno-impulsa-la-vivienda-con-52-mil-nuevas-casas-y-reformas-al-infonavit\/"]}]},{"@type":"ImageObject","inLanguage":"es","@id":"https:\/\/www.nexoinformativo.mx\/index.php\/2025\/02\/11\/gobierno-impulsa-la-vivienda-con-52-mil-nuevas-casas-y-reformas-al-infonavit\/#primaryimage","url":"https:\/\/www.nexoinformativo.mx\/wp-content\/uploads\/2025\/02\/IMG_0463.jpeg","contentUrl":"https:\/\/www.nexoinformativo.mx\/wp-content\/uploads\/2025\/02\/IMG_0463.jpeg","width":650,"height":380},{"@type":"BreadcrumbList","@id":"https:\/\/www.nexoinformativo.mx\/index.php\/2025\/02\/11\/gobierno-impulsa-la-vivienda-con-52-mil-nuevas-casas-y-reformas-al-infonavit\/#breadcrumb","itemListElement":[{"@type":"ListItem","position":1,"name":"Inicio","item":"https:\/\/www.nexoinformativo.mx\/"},{"@type":"ListItem","position":2,"name":"Gobierno impulsa la vivienda con 52 mil nuevas casas y reformas al Infonavit"}]},{"@type":"WebSite","@id":"https:\/\/www.nexoinformativo.mx\/#website","url":"https:\/\/www.nexoinformativo.mx\/","name":"Nexo Informativo Santiago de Quer\u00e9taro","description":"Explora NexoInformativo y convi\u00e9rtete en parte de una comunidad que valora el conocimiento y la verdad. Tu nexoinformativo es tu puente hacia una comprensi\u00f3n m\u00e1s profunda del mundo que te rodea.","publisher":{"@id":"https:\/\/www.nexoinformativo.mx\/#organization"},"potentialAction":[{"@type":"SearchAction","target":{"@type":"EntryPoint","urlTemplate":"https:\/\/www.nexoinformativo.mx\/?s={search_term_string}"},"query-input":{"@type":"PropertyValueSpecification","valueRequired":true,"valueName":"search_term_string"}}],"inLanguage":"es"},{"@type":"Organization","@id":"https:\/\/www.nexoinformativo.mx\/#organization","name":"Nexo Informativo Santiago de Quer\u00e9taro","url":"https:\/\/www.nexoinformativo.mx\/","logo":{"@type":"ImageObject","inLanguage":"es","@id":"https:\/\/www.nexoinformativo.mx\/#\/schema\/logo\/image\/","url":"https:\/\/www.nexoinformativo.mx\/wp-content\/uploads\/2024\/07\/nexoi-trasparente-2.png","contentUrl":"https:\/\/www.nexoinformativo.mx\/wp-content\/uploads\/2024\/07\/nexoi-trasparente-2.png","width":816,"height":339,"caption":"Nexo Informativo Santiago de Quer\u00e9taro"},"image":{"@id":"https:\/\/www.nexoinformativo.mx\/#\/schema\/logo\/image\/"},"sameAs":["https:\/\/www.facebook.com\/people\/Nexo-Informativo\/61564066885511\/"]},{"@type":"Person","@id":"https:\/\/www.nexoinformativo.mx\/#\/schema\/person\/7749d380ba08c8ca00d7bc76fd907b7d","name":"Nexo Informativo","image":{"@type":"ImageObject","inLanguage":"es","@id":"https:\/\/www.nexoinformativo.mx\/#\/schema\/person\/image\/","url":"https:\/\/secure.gravatar.com\/avatar\/dde2928154642a13d95f87ddf1ea9718fe2b46760a005c53e41ff5ad610704e6?s=96&d=mm&r=g","contentUrl":"https:\/\/secure.gravatar.com\/avatar\/dde2928154642a13d95f87ddf1ea9718fe2b46760a005c53e41ff5ad610704e6?s=96&d=mm&r=g","caption":"Nexo Informativo"},"url":"https:\/\/www.nexoinformativo.mx\/index.php\/author\/edicion\/"}]}},"_links":{"self":[{"href":"https:\/\/www.nexoinformativo.mx\/index.php\/wp-json\/wp\/v2\/posts\/11433","targetHints":{"allow":["GET"]}}],"collection":[{"href":"https:\/\/www.nexoinformativo.mx\/index.php\/wp-json\/wp\/v2\/posts"}],"about":[{"href":"https:\/\/www.nexoinformativo.mx\/index.php\/wp-json\/wp\/v2\/types\/post"}],"author":[{"embeddable":true,"href":"https:\/\/www.nexoinformativo.mx\/index.php\/wp-json\/wp\/v2\/users\/3"}],"replies":[{"embeddable":true,"href":"https:\/\/www.nexoinformativo.mx\/index.php\/wp-json\/wp\/v2\/comments?post=11433"}],"version-history":[{"count":4,"href":"https:\/\/www.nexoinformativo.mx\/index.php\/wp-json\/wp\/v2\/posts\/11433\/revisions"}],"predecessor-version":[{"id":11435,"href":"https:\/\/www.nexoinformativo.mx\/index.php\/wp-json\/wp\/v2\/posts\/11433\/revisions\/11435"}],"wp:featuredmedia":[{"embeddable":true,"href":"https:\/\/www.nexoinformativo.mx\/index.php\/wp-json\/wp\/v2\/media\/11436"}],"wp:attachment":[{"href":"https:\/\/www.nexoinformativo.mx\/index.php\/wp-json\/wp\/v2\/media?parent=11433"}],"wp:term":[{"taxonomy":"category","embeddable":true,"href":"https:\/\/www.nexoinformativo.mx\/index.php\/wp-json\/wp\/v2\/categories?post=11433"},{"taxonomy":"post_tag","embeddable":true,"href":"https:\/\/www.nexoinformativo.mx\/index.php\/wp-json\/wp\/v2\/tags?post=11433"}],"curies":[{"name":"wp","href":"https:\/\/api.w.org\/{rel}","templated":true}]}}