{"id":11439,"date":"2025-02-11T06:30:13","date_gmt":"2025-02-11T12:30:13","guid":{"rendered":"https:\/\/www.nexoinformativo.mx\/?p=11439"},"modified":"2025-02-11T08:34:42","modified_gmt":"2025-02-11T14:34:42","slug":"sheinbaum-inaugura-base-aerea-militar-no-20-y-conmemora-110-aniversario-de-la-fuerza-aerea","status":"publish","type":"post","link":"https:\/\/www.nexoinformativo.mx\/index.php\/2025\/02\/11\/sheinbaum-inaugura-base-aerea-militar-no-20-y-conmemora-110-aniversario-de-la-fuerza-aerea\/","title":{"rendered":"Sheinbaum inaugura Base A\u00e9rea Militar No. 20 y conmemora 110 Aniversario de la Fuerza A\u00e9rea"},"content":{"rendered":"<p style=\"text-align: justify;\">En Quintana Roo, la presidenta Claudia Sheinbaum conmemor\u00f3 el 110 aniversario de la Fuerza A\u00e9rea Mexicana e inaugur\u00f3 la Base A\u00e9rea Militar No. 20.<\/p>\n<\/p>\n<p>&nbsp;<\/p>\n<p style=\"text-align: justify;\">Durante la ceremonia, Sheinbaum destac\u00f3 el compromiso, patriotismo, sacrificio y lealtad de la Fuerza A\u00e9rea Mexicana, calific\u00e1ndola como un pilar de la defensa nacional y del pa\u00eds.<\/p>\n<\/p>\n<p>&nbsp;<\/p>\n<p style=\"text-align: justify;\">Sheinbaum devel\u00f3 la placa de las instalaciones de la Base A\u00e9rea Militar No. 20, que servir\u00e1 para proteger y vigilar el espacio a\u00e9reo nacional, as\u00ed como atender necesidades del pueblo de M\u00e9xico.<\/p>\n<\/p>\n<p>&nbsp;<\/p>\n<p style=\"text-align: justify;\">Resalt\u00f3 que las Fuerzas Armadas y la Fuerza A\u00e9rea Mexicana acompa\u00f1an lealmente al pueblo y cumplen en la defensa de la soberan\u00eda, la integridad y la independencia del pa\u00eds.<\/p>\n<\/p>\n<p>&nbsp;<\/p>\n<p style=\"text-align: justify;\">La presidenta subray\u00f3 la lealtad de las Fuerzas Armadas en tareas de seguridad p\u00fablica y atenci\u00f3n a la poblaci\u00f3n en casos de desastres. Record\u00f3 que la Fuerza A\u00e9rea Mexicana se origin\u00f3 en la Revoluci\u00f3n Mexicana y ha continuado desarroll\u00e1ndose, desempe\u00f1ando un papel fundamental en la defensa del territorio y apoyo a la seguridad p\u00fablica.<\/p>\n<\/p>\n<p>&nbsp;<\/p>\n<p style=\"text-align: justify;\">Durante la ceremonia, Sheinbaum reconoci\u00f3 el papel de la Fuerza A\u00e9rea en operaciones de erradicaci\u00f3n, reconocimiento a\u00e9reo y auxilio a la poblaci\u00f3n civil, destacando su compromiso con la seguridad y desarrollo nacional.<\/p>\n<\/p>\n<p>&nbsp;<\/p>\n<p style=\"text-align: center;\"><em><strong>\u00a1Informaci\u00f3n que transforma!<\/strong><\/em><\/p>\n","protected":false},"excerpt":{"rendered":"<p>En Quintana Roo, la presidenta Claudia Sheinbaum conmemor\u00f3 el 110 aniversario de la Fuerza A\u00e9rea Mexicana e inaugur\u00f3 la Base A\u00e9rea Militar No. 20.<\/p>\n","protected":false},"author":3,"featured_media":11441,"comment_status":"open","ping_status":"open","sticky":false,"template":"","format":"standard","meta":{"footnotes":""},"categories":[88,58],"tags":[3378,967,3379,3377],"class_list":["post-11439","post","type-post","status-publish","format-standard","has-post-thumbnail","hentry","category-nacional","category-ultima-hora","tag-baseaereatulum","tag-claudiasheinbaum","tag-defensanacional","tag-fuerzaaereamexicana"],"yoast_head":"<!-- This site is optimized with the Yoast SEO plugin v25.0 - https:\/\/yoast.com\/wordpress\/plugins\/seo\/ -->\n<title>Sheinbaum inaugura Base A\u00e9rea Militar No. 20 y conmemora 110 Aniversario de la Fuerza A\u00e9rea | Nexo Informativo Santiago de Quer\u00e9taro<\/title>\n<meta name=\"description\" content=\"Sheinbaum inaugura Base A\u00e9rea Militar No. 20 y conmemora 110 Aniversario de la Fuerza A\u00e9rea\" \/>\n<meta name=\"robots\" content=\"index, follow, max-snippet:-1, max-image-preview:large, max-video-preview:-1\" \/>\n<link rel=\"canonical\" href=\"https:\/\/www.nexoinformativo.mx\/index.php\/2025\/02\/11\/sheinbaum-inaugura-base-aerea-militar-no-20-y-conmemora-110-aniversario-de-la-fuerza-aerea\/\" \/>\n<meta property=\"og:locale\" content=\"es_MX\" \/>\n<meta property=\"og:type\" content=\"article\" \/>\n<meta property=\"og:title\" content=\"Sheinbaum inaugura Base A\u00e9rea Militar No. 20 y conmemora 110 Aniversario de la Fuerza A\u00e9rea | Nexo Informativo Santiago de Quer\u00e9taro\" \/>\n<meta property=\"og:description\" content=\"Sheinbaum inaugura Base A\u00e9rea Militar No. 20 y conmemora 110 Aniversario de la Fuerza A\u00e9rea\" \/>\n<meta property=\"og:url\" content=\"https:\/\/www.nexoinformativo.mx\/index.php\/2025\/02\/11\/sheinbaum-inaugura-base-aerea-militar-no-20-y-conmemora-110-aniversario-de-la-fuerza-aerea\/\" \/>\n<meta property=\"og:site_name\" content=\"Nexo Informativo Santiago de Quer\u00e9taro\" \/>\n<meta property=\"article:publisher\" content=\"https:\/\/www.facebook.com\/people\/Nexo-Informativo\/61564066885511\/\" \/>\n<meta property=\"article:published_time\" content=\"2025-02-11T12:30:13+00:00\" \/>\n<meta property=\"article:modified_time\" content=\"2025-02-11T14:34:42+00:00\" \/>\n<meta property=\"og:image\" content=\"https:\/\/www.nexoinformativo.mx\/wp-content\/uploads\/2025\/02\/IMG_0464.jpg\" \/>\n\t<meta property=\"og:image:width\" content=\"650\" \/>\n\t<meta property=\"og:image:height\" content=\"380\" \/>\n\t<meta property=\"og:image:type\" content=\"image\/jpeg\" \/>\n<meta name=\"author\" content=\"Nexo Informativo\" \/>\n<meta name=\"twitter:card\" content=\"summary_large_image\" \/>\n<meta name=\"twitter:label1\" content=\"Escrito por\" \/>\n\t<meta name=\"twitter:data1\" content=\"Nexo Informativo\" \/>\n\t<meta name=\"twitter:label2\" content=\"Tiempo de lectura\" \/>\n\t<meta name=\"twitter:data2\" content=\"2 minutos\" \/>\n<script type=\"application\/ld+json\" class=\"yoast-schema-graph\">{\"@context\":\"https:\/\/schema.org\",\"@graph\":[{\"@type\":\"Article\",\"@id\":\"https:\/\/www.nexoinformativo.mx\/index.php\/2025\/02\/11\/sheinbaum-inaugura-base-aerea-militar-no-20-y-conmemora-110-aniversario-de-la-fuerza-aerea\/#article\",\"isPartOf\":{\"@id\":\"https:\/\/www.nexoinformativo.mx\/index.php\/2025\/02\/11\/sheinbaum-inaugura-base-aerea-militar-no-20-y-conmemora-110-aniversario-de-la-fuerza-aerea\/\"},\"author\":{\"name\":\"Nexo Informativo\",\"@id\":\"https:\/\/www.nexoinformativo.mx\/#\/schema\/person\/7749d380ba08c8ca00d7bc76fd907b7d\"},\"headline\":\"Sheinbaum inaugura Base A\u00e9rea Militar No. 20 y conmemora 110 Aniversario de la Fuerza A\u00e9rea\",\"datePublished\":\"2025-02-11T12:30:13+00:00\",\"dateModified\":\"2025-02-11T14:34:42+00:00\",\"mainEntityOfPage\":{\"@id\":\"https:\/\/www.nexoinformativo.mx\/index.php\/2025\/02\/11\/sheinbaum-inaugura-base-aerea-militar-no-20-y-conmemora-110-aniversario-de-la-fuerza-aerea\/\"},\"wordCount\":244,\"commentCount\":0,\"publisher\":{\"@id\":\"https:\/\/www.nexoinformativo.mx\/#organization\"},\"image\":{\"@id\":\"https:\/\/www.nexoinformativo.mx\/index.php\/2025\/02\/11\/sheinbaum-inaugura-base-aerea-militar-no-20-y-conmemora-110-aniversario-de-la-fuerza-aerea\/#primaryimage\"},\"thumbnailUrl\":\"https:\/\/www.nexoinformativo.mx\/wp-content\/uploads\/2025\/02\/IMG_0464.jpg\",\"keywords\":[\"BaseA\u00e9reaTulum\",\"ClaudiaSheinbaum\",\"DefensaNacional\",\"FuerzaA\u00e9reaMexicana\"],\"articleSection\":[\"Nacional\",\"\u00daltima Hora\"],\"inLanguage\":\"es\",\"potentialAction\":[{\"@type\":\"CommentAction\",\"name\":\"Comment\",\"target\":[\"https:\/\/www.nexoinformativo.mx\/index.php\/2025\/02\/11\/sheinbaum-inaugura-base-aerea-militar-no-20-y-conmemora-110-aniversario-de-la-fuerza-aerea\/#respond\"]}]},{\"@type\":\"WebPage\",\"@id\":\"https:\/\/www.nexoinformativo.mx\/index.php\/2025\/02\/11\/sheinbaum-inaugura-base-aerea-militar-no-20-y-conmemora-110-aniversario-de-la-fuerza-aerea\/\",\"url\":\"https:\/\/www.nexoinformativo.mx\/index.php\/2025\/02\/11\/sheinbaum-inaugura-base-aerea-militar-no-20-y-conmemora-110-aniversario-de-la-fuerza-aerea\/\",\"name\":\"Sheinbaum inaugura Base A\u00e9rea Militar No. 20 y conmemora 110 Aniversario de la Fuerza A\u00e9rea | Nexo Informativo Santiago de Quer\u00e9taro\",\"isPartOf\":{\"@id\":\"https:\/\/www.nexoinformativo.mx\/#website\"},\"primaryImageOfPage\":{\"@id\":\"https:\/\/www.nexoinformativo.mx\/index.php\/2025\/02\/11\/sheinbaum-inaugura-base-aerea-militar-no-20-y-conmemora-110-aniversario-de-la-fuerza-aerea\/#primaryimage\"},\"image\":{\"@id\":\"https:\/\/www.nexoinformativo.mx\/index.php\/2025\/02\/11\/sheinbaum-inaugura-base-aerea-militar-no-20-y-conmemora-110-aniversario-de-la-fuerza-aerea\/#primaryimage\"},\"thumbnailUrl\":\"https:\/\/www.nexoinformativo.mx\/wp-content\/uploads\/2025\/02\/IMG_0464.jpg\",\"datePublished\":\"2025-02-11T12:30:13+00:00\",\"dateModified\":\"2025-02-11T14:34:42+00:00\",\"description\":\"Sheinbaum inaugura Base A\u00e9rea Militar No. 20 y conmemora 110 Aniversario de la Fuerza A\u00e9rea\",\"breadcrumb\":{\"@id\":\"https:\/\/www.nexoinformativo.mx\/index.php\/2025\/02\/11\/sheinbaum-inaugura-base-aerea-militar-no-20-y-conmemora-110-aniversario-de-la-fuerza-aerea\/#breadcrumb\"},\"inLanguage\":\"es\",\"potentialAction\":[{\"@type\":\"ReadAction\",\"target\":[\"https:\/\/www.nexoinformativo.mx\/index.php\/2025\/02\/11\/sheinbaum-inaugura-base-aerea-militar-no-20-y-conmemora-110-aniversario-de-la-fuerza-aerea\/\"]}]},{\"@type\":\"ImageObject\",\"inLanguage\":\"es\",\"@id\":\"https:\/\/www.nexoinformativo.mx\/index.php\/2025\/02\/11\/sheinbaum-inaugura-base-aerea-militar-no-20-y-conmemora-110-aniversario-de-la-fuerza-aerea\/#primaryimage\",\"url\":\"https:\/\/www.nexoinformativo.mx\/wp-content\/uploads\/2025\/02\/IMG_0464.jpg\",\"contentUrl\":\"https:\/\/www.nexoinformativo.mx\/wp-content\/uploads\/2025\/02\/IMG_0464.jpg\",\"width\":650,\"height\":380},{\"@type\":\"BreadcrumbList\",\"@id\":\"https:\/\/www.nexoinformativo.mx\/index.php\/2025\/02\/11\/sheinbaum-inaugura-base-aerea-militar-no-20-y-conmemora-110-aniversario-de-la-fuerza-aerea\/#breadcrumb\",\"itemListElement\":[{\"@type\":\"ListItem\",\"position\":1,\"name\":\"Inicio\",\"item\":\"https:\/\/www.nexoinformativo.mx\/\"},{\"@type\":\"ListItem\",\"position\":2,\"name\":\"Sheinbaum inaugura Base A\u00e9rea Militar No. 20 y conmemora 110 Aniversario de la Fuerza A\u00e9rea\"}]},{\"@type\":\"WebSite\",\"@id\":\"https:\/\/www.nexoinformativo.mx\/#website\",\"url\":\"https:\/\/www.nexoinformativo.mx\/\",\"name\":\"Nexo Informativo Santiago de Quer\u00e9taro\",\"description\":\"Explora NexoInformativo y convi\u00e9rtete en parte de una comunidad que valora el conocimiento y la verdad. Tu nexoinformativo es tu puente hacia una comprensi\u00f3n m\u00e1s profunda del mundo que te rodea.\",\"publisher\":{\"@id\":\"https:\/\/www.nexoinformativo.mx\/#organization\"},\"potentialAction\":[{\"@type\":\"SearchAction\",\"target\":{\"@type\":\"EntryPoint\",\"urlTemplate\":\"https:\/\/www.nexoinformativo.mx\/?s={search_term_string}\"},\"query-input\":{\"@type\":\"PropertyValueSpecification\",\"valueRequired\":true,\"valueName\":\"search_term_string\"}}],\"inLanguage\":\"es\"},{\"@type\":\"Organization\",\"@id\":\"https:\/\/www.nexoinformativo.mx\/#organization\",\"name\":\"Nexo Informativo Santiago de Quer\u00e9taro\",\"url\":\"https:\/\/www.nexoinformativo.mx\/\",\"logo\":{\"@type\":\"ImageObject\",\"inLanguage\":\"es\",\"@id\":\"https:\/\/www.nexoinformativo.mx\/#\/schema\/logo\/image\/\",\"url\":\"https:\/\/www.nexoinformativo.mx\/wp-content\/uploads\/2024\/07\/nexoi-trasparente-2.png\",\"contentUrl\":\"https:\/\/www.nexoinformativo.mx\/wp-content\/uploads\/2024\/07\/nexoi-trasparente-2.png\",\"width\":816,\"height\":339,\"caption\":\"Nexo Informativo Santiago de Quer\u00e9taro\"},\"image\":{\"@id\":\"https:\/\/www.nexoinformativo.mx\/#\/schema\/logo\/image\/\"},\"sameAs\":[\"https:\/\/www.facebook.com\/people\/Nexo-Informativo\/61564066885511\/\"]},{\"@type\":\"Person\",\"@id\":\"https:\/\/www.nexoinformativo.mx\/#\/schema\/person\/7749d380ba08c8ca00d7bc76fd907b7d\",\"name\":\"Nexo Informativo\",\"image\":{\"@type\":\"ImageObject\",\"inLanguage\":\"es\",\"@id\":\"https:\/\/www.nexoinformativo.mx\/#\/schema\/person\/image\/\",\"url\":\"https:\/\/secure.gravatar.com\/avatar\/dde2928154642a13d95f87ddf1ea9718fe2b46760a005c53e41ff5ad610704e6?s=96&d=mm&r=g\",\"contentUrl\":\"https:\/\/secure.gravatar.com\/avatar\/dde2928154642a13d95f87ddf1ea9718fe2b46760a005c53e41ff5ad610704e6?s=96&d=mm&r=g\",\"caption\":\"Nexo Informativo\"},\"url\":\"https:\/\/www.nexoinformativo.mx\/index.php\/author\/edicion\/\"}]}<\/script>\n<!-- \/ Yoast SEO plugin. -->","yoast_head_json":{"title":"Sheinbaum inaugura Base A\u00e9rea Militar No. 20 y conmemora 110 Aniversario de la Fuerza A\u00e9rea | Nexo Informativo Santiago de Quer\u00e9taro","description":"Sheinbaum inaugura Base A\u00e9rea Militar No. 20 y conmemora 110 Aniversario de la Fuerza A\u00e9rea","robots":{"index":"index","follow":"follow","max-snippet":"max-snippet:-1","max-image-preview":"max-image-preview:large","max-video-preview":"max-video-preview:-1"},"canonical":"https:\/\/www.nexoinformativo.mx\/index.php\/2025\/02\/11\/sheinbaum-inaugura-base-aerea-militar-no-20-y-conmemora-110-aniversario-de-la-fuerza-aerea\/","og_locale":"es_MX","og_type":"article","og_title":"Sheinbaum inaugura Base A\u00e9rea Militar No. 20 y conmemora 110 Aniversario de la Fuerza A\u00e9rea | Nexo Informativo Santiago de Quer\u00e9taro","og_description":"Sheinbaum inaugura Base A\u00e9rea Militar No. 20 y conmemora 110 Aniversario de la Fuerza A\u00e9rea","og_url":"https:\/\/www.nexoinformativo.mx\/index.php\/2025\/02\/11\/sheinbaum-inaugura-base-aerea-militar-no-20-y-conmemora-110-aniversario-de-la-fuerza-aerea\/","og_site_name":"Nexo Informativo Santiago de Quer\u00e9taro","article_publisher":"https:\/\/www.facebook.com\/people\/Nexo-Informativo\/61564066885511\/","article_published_time":"2025-02-11T12:30:13+00:00","article_modified_time":"2025-02-11T14:34:42+00:00","og_image":[{"width":650,"height":380,"url":"https:\/\/www.nexoinformativo.mx\/wp-content\/uploads\/2025\/02\/IMG_0464.jpg","type":"image\/jpeg"}],"author":"Nexo Informativo","twitter_card":"summary_large_image","twitter_misc":{"Escrito por":"Nexo Informativo","Tiempo de lectura":"2 minutos"},"schema":{"@context":"https:\/\/schema.org","@graph":[{"@type":"Article","@id":"https:\/\/www.nexoinformativo.mx\/index.php\/2025\/02\/11\/sheinbaum-inaugura-base-aerea-militar-no-20-y-conmemora-110-aniversario-de-la-fuerza-aerea\/#article","isPartOf":{"@id":"https:\/\/www.nexoinformativo.mx\/index.php\/2025\/02\/11\/sheinbaum-inaugura-base-aerea-militar-no-20-y-conmemora-110-aniversario-de-la-fuerza-aerea\/"},"author":{"name":"Nexo Informativo","@id":"https:\/\/www.nexoinformativo.mx\/#\/schema\/person\/7749d380ba08c8ca00d7bc76fd907b7d"},"headline":"Sheinbaum inaugura Base A\u00e9rea Militar No. 20 y conmemora 110 Aniversario de la Fuerza A\u00e9rea","datePublished":"2025-02-11T12:30:13+00:00","dateModified":"2025-02-11T14:34:42+00:00","mainEntityOfPage":{"@id":"https:\/\/www.nexoinformativo.mx\/index.php\/2025\/02\/11\/sheinbaum-inaugura-base-aerea-militar-no-20-y-conmemora-110-aniversario-de-la-fuerza-aerea\/"},"wordCount":244,"commentCount":0,"publisher":{"@id":"https:\/\/www.nexoinformativo.mx\/#organization"},"image":{"@id":"https:\/\/www.nexoinformativo.mx\/index.php\/2025\/02\/11\/sheinbaum-inaugura-base-aerea-militar-no-20-y-conmemora-110-aniversario-de-la-fuerza-aerea\/#primaryimage"},"thumbnailUrl":"https:\/\/www.nexoinformativo.mx\/wp-content\/uploads\/2025\/02\/IMG_0464.jpg","keywords":["BaseA\u00e9reaTulum","ClaudiaSheinbaum","DefensaNacional","FuerzaA\u00e9reaMexicana"],"articleSection":["Nacional","\u00daltima Hora"],"inLanguage":"es","potentialAction":[{"@type":"CommentAction","name":"Comment","target":["https:\/\/www.nexoinformativo.mx\/index.php\/2025\/02\/11\/sheinbaum-inaugura-base-aerea-militar-no-20-y-conmemora-110-aniversario-de-la-fuerza-aerea\/#respond"]}]},{"@type":"WebPage","@id":"https:\/\/www.nexoinformativo.mx\/index.php\/2025\/02\/11\/sheinbaum-inaugura-base-aerea-militar-no-20-y-conmemora-110-aniversario-de-la-fuerza-aerea\/","url":"https:\/\/www.nexoinformativo.mx\/index.php\/2025\/02\/11\/sheinbaum-inaugura-base-aerea-militar-no-20-y-conmemora-110-aniversario-de-la-fuerza-aerea\/","name":"Sheinbaum inaugura Base A\u00e9rea Militar No. 20 y conmemora 110 Aniversario de la Fuerza A\u00e9rea | Nexo Informativo Santiago de Quer\u00e9taro","isPartOf":{"@id":"https:\/\/www.nexoinformativo.mx\/#website"},"primaryImageOfPage":{"@id":"https:\/\/www.nexoinformativo.mx\/index.php\/2025\/02\/11\/sheinbaum-inaugura-base-aerea-militar-no-20-y-conmemora-110-aniversario-de-la-fuerza-aerea\/#primaryimage"},"image":{"@id":"https:\/\/www.nexoinformativo.mx\/index.php\/2025\/02\/11\/sheinbaum-inaugura-base-aerea-militar-no-20-y-conmemora-110-aniversario-de-la-fuerza-aerea\/#primaryimage"},"thumbnailUrl":"https:\/\/www.nexoinformativo.mx\/wp-content\/uploads\/2025\/02\/IMG_0464.jpg","datePublished":"2025-02-11T12:30:13+00:00","dateModified":"2025-02-11T14:34:42+00:00","description":"Sheinbaum inaugura Base A\u00e9rea Militar No. 20 y conmemora 110 Aniversario de la Fuerza A\u00e9rea","breadcrumb":{"@id":"https:\/\/www.nexoinformativo.mx\/index.php\/2025\/02\/11\/sheinbaum-inaugura-base-aerea-militar-no-20-y-conmemora-110-aniversario-de-la-fuerza-aerea\/#breadcrumb"},"inLanguage":"es","potentialAction":[{"@type":"ReadAction","target":["https:\/\/www.nexoinformativo.mx\/index.php\/2025\/02\/11\/sheinbaum-inaugura-base-aerea-militar-no-20-y-conmemora-110-aniversario-de-la-fuerza-aerea\/"]}]},{"@type":"ImageObject","inLanguage":"es","@id":"https:\/\/www.nexoinformativo.mx\/index.php\/2025\/02\/11\/sheinbaum-inaugura-base-aerea-militar-no-20-y-conmemora-110-aniversario-de-la-fuerza-aerea\/#primaryimage","url":"https:\/\/www.nexoinformativo.mx\/wp-content\/uploads\/2025\/02\/IMG_0464.jpg","contentUrl":"https:\/\/www.nexoinformativo.mx\/wp-content\/uploads\/2025\/02\/IMG_0464.jpg","width":650,"height":380},{"@type":"BreadcrumbList","@id":"https:\/\/www.nexoinformativo.mx\/index.php\/2025\/02\/11\/sheinbaum-inaugura-base-aerea-militar-no-20-y-conmemora-110-aniversario-de-la-fuerza-aerea\/#breadcrumb","itemListElement":[{"@type":"ListItem","position":1,"name":"Inicio","item":"https:\/\/www.nexoinformativo.mx\/"},{"@type":"ListItem","position":2,"name":"Sheinbaum inaugura Base A\u00e9rea Militar No. 20 y conmemora 110 Aniversario de la Fuerza A\u00e9rea"}]},{"@type":"WebSite","@id":"https:\/\/www.nexoinformativo.mx\/#website","url":"https:\/\/www.nexoinformativo.mx\/","name":"Nexo Informativo Santiago de Quer\u00e9taro","description":"Explora NexoInformativo y convi\u00e9rtete en parte de una comunidad que valora el conocimiento y la verdad. Tu nexoinformativo es tu puente hacia una comprensi\u00f3n m\u00e1s profunda del mundo que te rodea.","publisher":{"@id":"https:\/\/www.nexoinformativo.mx\/#organization"},"potentialAction":[{"@type":"SearchAction","target":{"@type":"EntryPoint","urlTemplate":"https:\/\/www.nexoinformativo.mx\/?s={search_term_string}"},"query-input":{"@type":"PropertyValueSpecification","valueRequired":true,"valueName":"search_term_string"}}],"inLanguage":"es"},{"@type":"Organization","@id":"https:\/\/www.nexoinformativo.mx\/#organization","name":"Nexo Informativo Santiago de Quer\u00e9taro","url":"https:\/\/www.nexoinformativo.mx\/","logo":{"@type":"ImageObject","inLanguage":"es","@id":"https:\/\/www.nexoinformativo.mx\/#\/schema\/logo\/image\/","url":"https:\/\/www.nexoinformativo.mx\/wp-content\/uploads\/2024\/07\/nexoi-trasparente-2.png","contentUrl":"https:\/\/www.nexoinformativo.mx\/wp-content\/uploads\/2024\/07\/nexoi-trasparente-2.png","width":816,"height":339,"caption":"Nexo Informativo Santiago de Quer\u00e9taro"},"image":{"@id":"https:\/\/www.nexoinformativo.mx\/#\/schema\/logo\/image\/"},"sameAs":["https:\/\/www.facebook.com\/people\/Nexo-Informativo\/61564066885511\/"]},{"@type":"Person","@id":"https:\/\/www.nexoinformativo.mx\/#\/schema\/person\/7749d380ba08c8ca00d7bc76fd907b7d","name":"Nexo Informativo","image":{"@type":"ImageObject","inLanguage":"es","@id":"https:\/\/www.nexoinformativo.mx\/#\/schema\/person\/image\/","url":"https:\/\/secure.gravatar.com\/avatar\/dde2928154642a13d95f87ddf1ea9718fe2b46760a005c53e41ff5ad610704e6?s=96&d=mm&r=g","contentUrl":"https:\/\/secure.gravatar.com\/avatar\/dde2928154642a13d95f87ddf1ea9718fe2b46760a005c53e41ff5ad610704e6?s=96&d=mm&r=g","caption":"Nexo Informativo"},"url":"https:\/\/www.nexoinformativo.mx\/index.php\/author\/edicion\/"}]}},"_links":{"self":[{"href":"https:\/\/www.nexoinformativo.mx\/index.php\/wp-json\/wp\/v2\/posts\/11439","targetHints":{"allow":["GET"]}}],"collection":[{"href":"https:\/\/www.nexoinformativo.mx\/index.php\/wp-json\/wp\/v2\/posts"}],"about":[{"href":"https:\/\/www.nexoinformativo.mx\/index.php\/wp-json\/wp\/v2\/types\/post"}],"author":[{"embeddable":true,"href":"https:\/\/www.nexoinformativo.mx\/index.php\/wp-json\/wp\/v2\/users\/3"}],"replies":[{"embeddable":true,"href":"https:\/\/www.nexoinformativo.mx\/index.php\/wp-json\/wp\/v2\/comments?post=11439"}],"version-history":[{"count":3,"href":"https:\/\/www.nexoinformativo.mx\/index.php\/wp-json\/wp\/v2\/posts\/11439\/revisions"}],"predecessor-version":[{"id":11444,"href":"https:\/\/www.nexoinformativo.mx\/index.php\/wp-json\/wp\/v2\/posts\/11439\/revisions\/11444"}],"wp:featuredmedia":[{"embeddable":true,"href":"https:\/\/www.nexoinformativo.mx\/index.php\/wp-json\/wp\/v2\/media\/11441"}],"wp:attachment":[{"href":"https:\/\/www.nexoinformativo.mx\/index.php\/wp-json\/wp\/v2\/media?parent=11439"}],"wp:term":[{"taxonomy":"category","embeddable":true,"href":"https:\/\/www.nexoinformativo.mx\/index.php\/wp-json\/wp\/v2\/categories?post=11439"},{"taxonomy":"post_tag","embeddable":true,"href":"https:\/\/www.nexoinformativo.mx\/index.php\/wp-json\/wp\/v2\/tags?post=11439"}],"curies":[{"name":"wp","href":"https:\/\/api.w.org\/{rel}","templated":true}]}}