{"id":11445,"date":"2025-02-11T07:00:54","date_gmt":"2025-02-11T13:00:54","guid":{"rendered":"https:\/\/www.nexoinformativo.mx\/?p=11445"},"modified":"2025-02-11T08:39:04","modified_gmt":"2025-02-11T14:39:04","slug":"gobierno-de-queretaro-impulsa-el-campo-productores-de-san-joaquin-reciben-apoyo-para-fortalecer-sus-cultivos","status":"publish","type":"post","link":"https:\/\/www.nexoinformativo.mx\/index.php\/2025\/02\/11\/gobierno-de-queretaro-impulsa-el-campo-productores-de-san-joaquin-reciben-apoyo-para-fortalecer-sus-cultivos\/","title":{"rendered":"Gobierno de Quer\u00e9taro impulsa el campo productores de San Joaqu\u00edn reciben apoyo para fortalecer sus cultivos"},"content":{"rendered":"<p style=\"text-align: justify;\" data-sourcepos=\"11:1-11:317\">Con el objetivo de fortalecer el sector agropecuario y mejorar la producci\u00f3n en el municipio, el gobierno del estado de Quer\u00e9taro, a trav\u00e9s de la Secretar\u00eda de Desarrollo Agropecuario (SEDEA), entreg\u00f3 apoyos econ\u00f3micos por m\u00e1s de seis millones de pesos a 295 productores de San Joaqu\u00edn.<\/p>\n<\/p>\n<p>&nbsp;<\/p>\n<p style=\"text-align: justify;\" data-sourcepos=\"13:1-13:290\">Los recursos, provenientes de una inversi\u00f3n tripartita entre el gobierno estatal, municipal y los propios productores, ser\u00e1n destinados a la adquisici\u00f3n de implementos agr\u00edcolas, fertilizantes, semillas y otros insumos necesarios para mejorar la productividad de las unidades de producci\u00f3n.<\/p>\n<\/p>\n<p>&nbsp;<\/p>\n<p style=\"text-align: justify;\" data-sourcepos=\"15:1-15:380\">El secretario de Desarrollo Agropecuario, Rosendo Anaya, destac\u00f3 que estos apoyos son parte de una estrategia integral para impulsar el desarrollo del sector rural y garantizar la seguridad alimentaria.<\/p>\n<\/p>\n<p>&nbsp;<\/p>\n<p style=\"text-align: justify;\" data-sourcepos=\"15:1-15:380\"><strong>&#8220;El Gobernador lo que me ha dicho es que, hay que estar con el productor en las buenas y en las malas&#8221;<\/strong>, afirm\u00f3 Anaya, subrayando el compromiso del gobierno estatal con el campo.<\/p>\n<\/p>\n<p>&nbsp;<\/p>\n<p style=\"text-align: justify;\" data-sourcepos=\"17:1-17:381\">Los beneficiarios, por su parte, expresaron su agradecimiento por estos apoyos, los cuales les permitir\u00e1n mejorar sus cultivos y aumentar sus ingresos.<\/p>\n<\/p>\n<p>&nbsp;<\/p>\n<p style=\"text-align: justify;\" data-sourcepos=\"17:1-17:381\"><strong>&#8220;Agradecer, volver a reiterar el agradecimiento a nuestras autoridades aqu\u00ed presentes y el granito de arena que nosotros le ponemos tambi\u00e9n&#8221;,<\/strong> expres\u00f3 Concepci\u00f3n Cabrera, en representaci\u00f3n de los productores beneficiados.<\/p>\n<\/p>\n<p>&nbsp;<\/p>\n<p style=\"text-align: justify;\" data-sourcepos=\"19:1-19:197\">Con esta entrega de apoyos, el gobierno de Quer\u00e9taro reafirma su compromiso con el desarrollo del sector agropecuario y demuestra su sensibilidad ante las necesidades de los productores del estado.<\/p>\n<\/p>\n<p>&nbsp;<\/p>\n<p style=\"text-align: center;\" data-sourcepos=\"19:1-19:197\"><em><strong>\u00a1Informaci\u00f3n que transforma!<\/strong><\/em><\/p>\n","protected":false},"excerpt":{"rendered":"<p>Con el objetivo de fortalecer el sector agropecuario y mejorar la producci\u00f3n en el municipio, el gobierno del estado de Quer\u00e9taro, a trav\u00e9s de la Secretar\u00eda de Desarrollo Agropecuario (SEDEA), entreg\u00f3 apoyos econ\u00f3micos por m\u00e1s de seis millones de pesos a 295 productores de San Joaqu\u00edn.<\/p>\n","protected":false},"author":3,"featured_media":11448,"comment_status":"open","ping_status":"open","sticky":false,"template":"","format":"standard","meta":{"footnotes":""},"categories":[50,65,58],"tags":[3380,3381,3382,133],"class_list":["post-11445","post","type-post","status-publish","format-standard","has-post-thumbnail","hentry","category-espectaculos","category-municipios","category-ultima-hora","tag-agropecuario","tag-apoyos","tag-campo","tag-queretaro"],"yoast_head":"<!-- This site is optimized with the Yoast SEO plugin v25.0 - https:\/\/yoast.com\/wordpress\/plugins\/seo\/ -->\n<title>Gobierno de Quer\u00e9taro impulsa el campo productores de San Joaqu\u00edn reciben apoyo para fortalecer sus cultivos | Nexo Informativo Santiago de Quer\u00e9taro<\/title>\n<meta name=\"description\" content=\"Gobierno de Quer\u00e9taro impulsa el campo productores de San Joaqu\u00edn reciben apoyo para fortalecer sus cultivos\" \/>\n<meta name=\"robots\" content=\"index, follow, max-snippet:-1, max-image-preview:large, max-video-preview:-1\" \/>\n<link rel=\"canonical\" href=\"https:\/\/www.nexoinformativo.mx\/index.php\/2025\/02\/11\/gobierno-de-queretaro-impulsa-el-campo-productores-de-san-joaquin-reciben-apoyo-para-fortalecer-sus-cultivos\/\" \/>\n<meta property=\"og:locale\" content=\"es_MX\" \/>\n<meta property=\"og:type\" content=\"article\" \/>\n<meta property=\"og:title\" content=\"Gobierno de Quer\u00e9taro impulsa el campo productores de San Joaqu\u00edn reciben apoyo para fortalecer sus cultivos | Nexo Informativo Santiago de Quer\u00e9taro\" \/>\n<meta property=\"og:description\" content=\"Gobierno de Quer\u00e9taro impulsa el campo productores de San Joaqu\u00edn reciben apoyo para fortalecer sus cultivos\" \/>\n<meta property=\"og:url\" content=\"https:\/\/www.nexoinformativo.mx\/index.php\/2025\/02\/11\/gobierno-de-queretaro-impulsa-el-campo-productores-de-san-joaquin-reciben-apoyo-para-fortalecer-sus-cultivos\/\" \/>\n<meta property=\"og:site_name\" content=\"Nexo Informativo Santiago de Quer\u00e9taro\" \/>\n<meta property=\"article:publisher\" content=\"https:\/\/www.facebook.com\/people\/Nexo-Informativo\/61564066885511\/\" \/>\n<meta property=\"article:published_time\" content=\"2025-02-11T13:00:54+00:00\" \/>\n<meta property=\"article:modified_time\" content=\"2025-02-11T14:39:04+00:00\" \/>\n<meta property=\"og:image\" content=\"https:\/\/www.nexoinformativo.mx\/wp-content\/uploads\/2025\/02\/IMG_0466-e1739284738441.jpeg\" \/>\n\t<meta property=\"og:image:width\" content=\"800\" \/>\n\t<meta property=\"og:image:height\" content=\"533\" \/>\n\t<meta property=\"og:image:type\" content=\"image\/jpeg\" \/>\n<meta name=\"author\" content=\"Nexo Informativo\" \/>\n<meta name=\"twitter:card\" content=\"summary_large_image\" \/>\n<meta name=\"twitter:label1\" content=\"Escrito por\" \/>\n\t<meta name=\"twitter:data1\" content=\"Nexo Informativo\" \/>\n\t<meta name=\"twitter:label2\" content=\"Tiempo de lectura\" \/>\n\t<meta name=\"twitter:data2\" content=\"2 minutos\" \/>\n<script type=\"application\/ld+json\" class=\"yoast-schema-graph\">{\"@context\":\"https:\/\/schema.org\",\"@graph\":[{\"@type\":\"Article\",\"@id\":\"https:\/\/www.nexoinformativo.mx\/index.php\/2025\/02\/11\/gobierno-de-queretaro-impulsa-el-campo-productores-de-san-joaquin-reciben-apoyo-para-fortalecer-sus-cultivos\/#article\",\"isPartOf\":{\"@id\":\"https:\/\/www.nexoinformativo.mx\/index.php\/2025\/02\/11\/gobierno-de-queretaro-impulsa-el-campo-productores-de-san-joaquin-reciben-apoyo-para-fortalecer-sus-cultivos\/\"},\"author\":{\"name\":\"Nexo Informativo\",\"@id\":\"https:\/\/www.nexoinformativo.mx\/#\/schema\/person\/7749d380ba08c8ca00d7bc76fd907b7d\"},\"headline\":\"Gobierno de Quer\u00e9taro impulsa el campo productores de San Joaqu\u00edn reciben apoyo para fortalecer sus cultivos\",\"datePublished\":\"2025-02-11T13:00:54+00:00\",\"dateModified\":\"2025-02-11T14:39:04+00:00\",\"mainEntityOfPage\":{\"@id\":\"https:\/\/www.nexoinformativo.mx\/index.php\/2025\/02\/11\/gobierno-de-queretaro-impulsa-el-campo-productores-de-san-joaquin-reciben-apoyo-para-fortalecer-sus-cultivos\/\"},\"wordCount\":274,\"commentCount\":0,\"publisher\":{\"@id\":\"https:\/\/www.nexoinformativo.mx\/#organization\"},\"image\":{\"@id\":\"https:\/\/www.nexoinformativo.mx\/index.php\/2025\/02\/11\/gobierno-de-queretaro-impulsa-el-campo-productores-de-san-joaquin-reciben-apoyo-para-fortalecer-sus-cultivos\/#primaryimage\"},\"thumbnailUrl\":\"https:\/\/www.nexoinformativo.mx\/wp-content\/uploads\/2025\/02\/IMG_0466-e1739284738441.jpeg\",\"keywords\":[\"Agropecuario\",\"Apoyos\",\"Campo\",\"Quer\u00e9taro\"],\"articleSection\":[\"Espect\u00e1culos\",\"Municipios\",\"\u00daltima Hora\"],\"inLanguage\":\"es\",\"potentialAction\":[{\"@type\":\"CommentAction\",\"name\":\"Comment\",\"target\":[\"https:\/\/www.nexoinformativo.mx\/index.php\/2025\/02\/11\/gobierno-de-queretaro-impulsa-el-campo-productores-de-san-joaquin-reciben-apoyo-para-fortalecer-sus-cultivos\/#respond\"]}]},{\"@type\":\"WebPage\",\"@id\":\"https:\/\/www.nexoinformativo.mx\/index.php\/2025\/02\/11\/gobierno-de-queretaro-impulsa-el-campo-productores-de-san-joaquin-reciben-apoyo-para-fortalecer-sus-cultivos\/\",\"url\":\"https:\/\/www.nexoinformativo.mx\/index.php\/2025\/02\/11\/gobierno-de-queretaro-impulsa-el-campo-productores-de-san-joaquin-reciben-apoyo-para-fortalecer-sus-cultivos\/\",\"name\":\"Gobierno de Quer\u00e9taro impulsa el campo productores de San Joaqu\u00edn reciben apoyo para fortalecer sus cultivos | Nexo Informativo Santiago de Quer\u00e9taro\",\"isPartOf\":{\"@id\":\"https:\/\/www.nexoinformativo.mx\/#website\"},\"primaryImageOfPage\":{\"@id\":\"https:\/\/www.nexoinformativo.mx\/index.php\/2025\/02\/11\/gobierno-de-queretaro-impulsa-el-campo-productores-de-san-joaquin-reciben-apoyo-para-fortalecer-sus-cultivos\/#primaryimage\"},\"image\":{\"@id\":\"https:\/\/www.nexoinformativo.mx\/index.php\/2025\/02\/11\/gobierno-de-queretaro-impulsa-el-campo-productores-de-san-joaquin-reciben-apoyo-para-fortalecer-sus-cultivos\/#primaryimage\"},\"thumbnailUrl\":\"https:\/\/www.nexoinformativo.mx\/wp-content\/uploads\/2025\/02\/IMG_0466-e1739284738441.jpeg\",\"datePublished\":\"2025-02-11T13:00:54+00:00\",\"dateModified\":\"2025-02-11T14:39:04+00:00\",\"description\":\"Gobierno de Quer\u00e9taro impulsa el campo productores de San Joaqu\u00edn reciben apoyo para fortalecer sus cultivos\",\"breadcrumb\":{\"@id\":\"https:\/\/www.nexoinformativo.mx\/index.php\/2025\/02\/11\/gobierno-de-queretaro-impulsa-el-campo-productores-de-san-joaquin-reciben-apoyo-para-fortalecer-sus-cultivos\/#breadcrumb\"},\"inLanguage\":\"es\",\"potentialAction\":[{\"@type\":\"ReadAction\",\"target\":[\"https:\/\/www.nexoinformativo.mx\/index.php\/2025\/02\/11\/gobierno-de-queretaro-impulsa-el-campo-productores-de-san-joaquin-reciben-apoyo-para-fortalecer-sus-cultivos\/\"]}]},{\"@type\":\"ImageObject\",\"inLanguage\":\"es\",\"@id\":\"https:\/\/www.nexoinformativo.mx\/index.php\/2025\/02\/11\/gobierno-de-queretaro-impulsa-el-campo-productores-de-san-joaquin-reciben-apoyo-para-fortalecer-sus-cultivos\/#primaryimage\",\"url\":\"https:\/\/www.nexoinformativo.mx\/wp-content\/uploads\/2025\/02\/IMG_0466-e1739284738441.jpeg\",\"contentUrl\":\"https:\/\/www.nexoinformativo.mx\/wp-content\/uploads\/2025\/02\/IMG_0466-e1739284738441.jpeg\",\"width\":800,\"height\":533},{\"@type\":\"BreadcrumbList\",\"@id\":\"https:\/\/www.nexoinformativo.mx\/index.php\/2025\/02\/11\/gobierno-de-queretaro-impulsa-el-campo-productores-de-san-joaquin-reciben-apoyo-para-fortalecer-sus-cultivos\/#breadcrumb\",\"itemListElement\":[{\"@type\":\"ListItem\",\"position\":1,\"name\":\"Inicio\",\"item\":\"https:\/\/www.nexoinformativo.mx\/\"},{\"@type\":\"ListItem\",\"position\":2,\"name\":\"Gobierno de Quer\u00e9taro impulsa el campo productores de San Joaqu\u00edn reciben apoyo para fortalecer sus cultivos\"}]},{\"@type\":\"WebSite\",\"@id\":\"https:\/\/www.nexoinformativo.mx\/#website\",\"url\":\"https:\/\/www.nexoinformativo.mx\/\",\"name\":\"Nexo Informativo Santiago de Quer\u00e9taro\",\"description\":\"Explora NexoInformativo y convi\u00e9rtete en parte de una comunidad que valora el conocimiento y la verdad. Tu nexoinformativo es tu puente hacia una comprensi\u00f3n m\u00e1s profunda del mundo que te rodea.\",\"publisher\":{\"@id\":\"https:\/\/www.nexoinformativo.mx\/#organization\"},\"potentialAction\":[{\"@type\":\"SearchAction\",\"target\":{\"@type\":\"EntryPoint\",\"urlTemplate\":\"https:\/\/www.nexoinformativo.mx\/?s={search_term_string}\"},\"query-input\":{\"@type\":\"PropertyValueSpecification\",\"valueRequired\":true,\"valueName\":\"search_term_string\"}}],\"inLanguage\":\"es\"},{\"@type\":\"Organization\",\"@id\":\"https:\/\/www.nexoinformativo.mx\/#organization\",\"name\":\"Nexo Informativo Santiago de Quer\u00e9taro\",\"url\":\"https:\/\/www.nexoinformativo.mx\/\",\"logo\":{\"@type\":\"ImageObject\",\"inLanguage\":\"es\",\"@id\":\"https:\/\/www.nexoinformativo.mx\/#\/schema\/logo\/image\/\",\"url\":\"https:\/\/www.nexoinformativo.mx\/wp-content\/uploads\/2024\/07\/nexoi-trasparente-2.png\",\"contentUrl\":\"https:\/\/www.nexoinformativo.mx\/wp-content\/uploads\/2024\/07\/nexoi-trasparente-2.png\",\"width\":816,\"height\":339,\"caption\":\"Nexo Informativo Santiago de Quer\u00e9taro\"},\"image\":{\"@id\":\"https:\/\/www.nexoinformativo.mx\/#\/schema\/logo\/image\/\"},\"sameAs\":[\"https:\/\/www.facebook.com\/people\/Nexo-Informativo\/61564066885511\/\"]},{\"@type\":\"Person\",\"@id\":\"https:\/\/www.nexoinformativo.mx\/#\/schema\/person\/7749d380ba08c8ca00d7bc76fd907b7d\",\"name\":\"Nexo Informativo\",\"image\":{\"@type\":\"ImageObject\",\"inLanguage\":\"es\",\"@id\":\"https:\/\/www.nexoinformativo.mx\/#\/schema\/person\/image\/\",\"url\":\"https:\/\/secure.gravatar.com\/avatar\/dde2928154642a13d95f87ddf1ea9718fe2b46760a005c53e41ff5ad610704e6?s=96&d=mm&r=g\",\"contentUrl\":\"https:\/\/secure.gravatar.com\/avatar\/dde2928154642a13d95f87ddf1ea9718fe2b46760a005c53e41ff5ad610704e6?s=96&d=mm&r=g\",\"caption\":\"Nexo Informativo\"},\"url\":\"https:\/\/www.nexoinformativo.mx\/index.php\/author\/edicion\/\"}]}<\/script>\n<!-- \/ Yoast SEO plugin. -->","yoast_head_json":{"title":"Gobierno de Quer\u00e9taro impulsa el campo productores de San Joaqu\u00edn reciben apoyo para fortalecer sus cultivos | Nexo Informativo Santiago de Quer\u00e9taro","description":"Gobierno de Quer\u00e9taro impulsa el campo productores de San Joaqu\u00edn reciben apoyo para fortalecer sus cultivos","robots":{"index":"index","follow":"follow","max-snippet":"max-snippet:-1","max-image-preview":"max-image-preview:large","max-video-preview":"max-video-preview:-1"},"canonical":"https:\/\/www.nexoinformativo.mx\/index.php\/2025\/02\/11\/gobierno-de-queretaro-impulsa-el-campo-productores-de-san-joaquin-reciben-apoyo-para-fortalecer-sus-cultivos\/","og_locale":"es_MX","og_type":"article","og_title":"Gobierno de Quer\u00e9taro impulsa el campo productores de San Joaqu\u00edn reciben apoyo para fortalecer sus cultivos | Nexo Informativo Santiago de Quer\u00e9taro","og_description":"Gobierno de Quer\u00e9taro impulsa el campo productores de San Joaqu\u00edn reciben apoyo para fortalecer sus cultivos","og_url":"https:\/\/www.nexoinformativo.mx\/index.php\/2025\/02\/11\/gobierno-de-queretaro-impulsa-el-campo-productores-de-san-joaquin-reciben-apoyo-para-fortalecer-sus-cultivos\/","og_site_name":"Nexo Informativo Santiago de Quer\u00e9taro","article_publisher":"https:\/\/www.facebook.com\/people\/Nexo-Informativo\/61564066885511\/","article_published_time":"2025-02-11T13:00:54+00:00","article_modified_time":"2025-02-11T14:39:04+00:00","og_image":[{"width":800,"height":533,"url":"https:\/\/www.nexoinformativo.mx\/wp-content\/uploads\/2025\/02\/IMG_0466-e1739284738441.jpeg","type":"image\/jpeg"}],"author":"Nexo Informativo","twitter_card":"summary_large_image","twitter_misc":{"Escrito por":"Nexo Informativo","Tiempo de lectura":"2 minutos"},"schema":{"@context":"https:\/\/schema.org","@graph":[{"@type":"Article","@id":"https:\/\/www.nexoinformativo.mx\/index.php\/2025\/02\/11\/gobierno-de-queretaro-impulsa-el-campo-productores-de-san-joaquin-reciben-apoyo-para-fortalecer-sus-cultivos\/#article","isPartOf":{"@id":"https:\/\/www.nexoinformativo.mx\/index.php\/2025\/02\/11\/gobierno-de-queretaro-impulsa-el-campo-productores-de-san-joaquin-reciben-apoyo-para-fortalecer-sus-cultivos\/"},"author":{"name":"Nexo Informativo","@id":"https:\/\/www.nexoinformativo.mx\/#\/schema\/person\/7749d380ba08c8ca00d7bc76fd907b7d"},"headline":"Gobierno de Quer\u00e9taro impulsa el campo productores de San Joaqu\u00edn reciben apoyo para fortalecer sus cultivos","datePublished":"2025-02-11T13:00:54+00:00","dateModified":"2025-02-11T14:39:04+00:00","mainEntityOfPage":{"@id":"https:\/\/www.nexoinformativo.mx\/index.php\/2025\/02\/11\/gobierno-de-queretaro-impulsa-el-campo-productores-de-san-joaquin-reciben-apoyo-para-fortalecer-sus-cultivos\/"},"wordCount":274,"commentCount":0,"publisher":{"@id":"https:\/\/www.nexoinformativo.mx\/#organization"},"image":{"@id":"https:\/\/www.nexoinformativo.mx\/index.php\/2025\/02\/11\/gobierno-de-queretaro-impulsa-el-campo-productores-de-san-joaquin-reciben-apoyo-para-fortalecer-sus-cultivos\/#primaryimage"},"thumbnailUrl":"https:\/\/www.nexoinformativo.mx\/wp-content\/uploads\/2025\/02\/IMG_0466-e1739284738441.jpeg","keywords":["Agropecuario","Apoyos","Campo","Quer\u00e9taro"],"articleSection":["Espect\u00e1culos","Municipios","\u00daltima Hora"],"inLanguage":"es","potentialAction":[{"@type":"CommentAction","name":"Comment","target":["https:\/\/www.nexoinformativo.mx\/index.php\/2025\/02\/11\/gobierno-de-queretaro-impulsa-el-campo-productores-de-san-joaquin-reciben-apoyo-para-fortalecer-sus-cultivos\/#respond"]}]},{"@type":"WebPage","@id":"https:\/\/www.nexoinformativo.mx\/index.php\/2025\/02\/11\/gobierno-de-queretaro-impulsa-el-campo-productores-de-san-joaquin-reciben-apoyo-para-fortalecer-sus-cultivos\/","url":"https:\/\/www.nexoinformativo.mx\/index.php\/2025\/02\/11\/gobierno-de-queretaro-impulsa-el-campo-productores-de-san-joaquin-reciben-apoyo-para-fortalecer-sus-cultivos\/","name":"Gobierno de Quer\u00e9taro impulsa el campo productores de San Joaqu\u00edn reciben apoyo para fortalecer sus cultivos | Nexo Informativo Santiago de Quer\u00e9taro","isPartOf":{"@id":"https:\/\/www.nexoinformativo.mx\/#website"},"primaryImageOfPage":{"@id":"https:\/\/www.nexoinformativo.mx\/index.php\/2025\/02\/11\/gobierno-de-queretaro-impulsa-el-campo-productores-de-san-joaquin-reciben-apoyo-para-fortalecer-sus-cultivos\/#primaryimage"},"image":{"@id":"https:\/\/www.nexoinformativo.mx\/index.php\/2025\/02\/11\/gobierno-de-queretaro-impulsa-el-campo-productores-de-san-joaquin-reciben-apoyo-para-fortalecer-sus-cultivos\/#primaryimage"},"thumbnailUrl":"https:\/\/www.nexoinformativo.mx\/wp-content\/uploads\/2025\/02\/IMG_0466-e1739284738441.jpeg","datePublished":"2025-02-11T13:00:54+00:00","dateModified":"2025-02-11T14:39:04+00:00","description":"Gobierno de Quer\u00e9taro impulsa el campo productores de San Joaqu\u00edn reciben apoyo para fortalecer sus cultivos","breadcrumb":{"@id":"https:\/\/www.nexoinformativo.mx\/index.php\/2025\/02\/11\/gobierno-de-queretaro-impulsa-el-campo-productores-de-san-joaquin-reciben-apoyo-para-fortalecer-sus-cultivos\/#breadcrumb"},"inLanguage":"es","potentialAction":[{"@type":"ReadAction","target":["https:\/\/www.nexoinformativo.mx\/index.php\/2025\/02\/11\/gobierno-de-queretaro-impulsa-el-campo-productores-de-san-joaquin-reciben-apoyo-para-fortalecer-sus-cultivos\/"]}]},{"@type":"ImageObject","inLanguage":"es","@id":"https:\/\/www.nexoinformativo.mx\/index.php\/2025\/02\/11\/gobierno-de-queretaro-impulsa-el-campo-productores-de-san-joaquin-reciben-apoyo-para-fortalecer-sus-cultivos\/#primaryimage","url":"https:\/\/www.nexoinformativo.mx\/wp-content\/uploads\/2025\/02\/IMG_0466-e1739284738441.jpeg","contentUrl":"https:\/\/www.nexoinformativo.mx\/wp-content\/uploads\/2025\/02\/IMG_0466-e1739284738441.jpeg","width":800,"height":533},{"@type":"BreadcrumbList","@id":"https:\/\/www.nexoinformativo.mx\/index.php\/2025\/02\/11\/gobierno-de-queretaro-impulsa-el-campo-productores-de-san-joaquin-reciben-apoyo-para-fortalecer-sus-cultivos\/#breadcrumb","itemListElement":[{"@type":"ListItem","position":1,"name":"Inicio","item":"https:\/\/www.nexoinformativo.mx\/"},{"@type":"ListItem","position":2,"name":"Gobierno de Quer\u00e9taro impulsa el campo productores de San Joaqu\u00edn reciben apoyo para fortalecer sus cultivos"}]},{"@type":"WebSite","@id":"https:\/\/www.nexoinformativo.mx\/#website","url":"https:\/\/www.nexoinformativo.mx\/","name":"Nexo Informativo Santiago de Quer\u00e9taro","description":"Explora NexoInformativo y convi\u00e9rtete en parte de una comunidad que valora el conocimiento y la verdad. Tu nexoinformativo es tu puente hacia una comprensi\u00f3n m\u00e1s profunda del mundo que te rodea.","publisher":{"@id":"https:\/\/www.nexoinformativo.mx\/#organization"},"potentialAction":[{"@type":"SearchAction","target":{"@type":"EntryPoint","urlTemplate":"https:\/\/www.nexoinformativo.mx\/?s={search_term_string}"},"query-input":{"@type":"PropertyValueSpecification","valueRequired":true,"valueName":"search_term_string"}}],"inLanguage":"es"},{"@type":"Organization","@id":"https:\/\/www.nexoinformativo.mx\/#organization","name":"Nexo Informativo Santiago de Quer\u00e9taro","url":"https:\/\/www.nexoinformativo.mx\/","logo":{"@type":"ImageObject","inLanguage":"es","@id":"https:\/\/www.nexoinformativo.mx\/#\/schema\/logo\/image\/","url":"https:\/\/www.nexoinformativo.mx\/wp-content\/uploads\/2024\/07\/nexoi-trasparente-2.png","contentUrl":"https:\/\/www.nexoinformativo.mx\/wp-content\/uploads\/2024\/07\/nexoi-trasparente-2.png","width":816,"height":339,"caption":"Nexo Informativo Santiago de Quer\u00e9taro"},"image":{"@id":"https:\/\/www.nexoinformativo.mx\/#\/schema\/logo\/image\/"},"sameAs":["https:\/\/www.facebook.com\/people\/Nexo-Informativo\/61564066885511\/"]},{"@type":"Person","@id":"https:\/\/www.nexoinformativo.mx\/#\/schema\/person\/7749d380ba08c8ca00d7bc76fd907b7d","name":"Nexo Informativo","image":{"@type":"ImageObject","inLanguage":"es","@id":"https:\/\/www.nexoinformativo.mx\/#\/schema\/person\/image\/","url":"https:\/\/secure.gravatar.com\/avatar\/dde2928154642a13d95f87ddf1ea9718fe2b46760a005c53e41ff5ad610704e6?s=96&d=mm&r=g","contentUrl":"https:\/\/secure.gravatar.com\/avatar\/dde2928154642a13d95f87ddf1ea9718fe2b46760a005c53e41ff5ad610704e6?s=96&d=mm&r=g","caption":"Nexo Informativo"},"url":"https:\/\/www.nexoinformativo.mx\/index.php\/author\/edicion\/"}]}},"_links":{"self":[{"href":"https:\/\/www.nexoinformativo.mx\/index.php\/wp-json\/wp\/v2\/posts\/11445","targetHints":{"allow":["GET"]}}],"collection":[{"href":"https:\/\/www.nexoinformativo.mx\/index.php\/wp-json\/wp\/v2\/posts"}],"about":[{"href":"https:\/\/www.nexoinformativo.mx\/index.php\/wp-json\/wp\/v2\/types\/post"}],"author":[{"embeddable":true,"href":"https:\/\/www.nexoinformativo.mx\/index.php\/wp-json\/wp\/v2\/users\/3"}],"replies":[{"embeddable":true,"href":"https:\/\/www.nexoinformativo.mx\/index.php\/wp-json\/wp\/v2\/comments?post=11445"}],"version-history":[{"count":3,"href":"https:\/\/www.nexoinformativo.mx\/index.php\/wp-json\/wp\/v2\/posts\/11445\/revisions"}],"predecessor-version":[{"id":11447,"href":"https:\/\/www.nexoinformativo.mx\/index.php\/wp-json\/wp\/v2\/posts\/11445\/revisions\/11447"}],"wp:featuredmedia":[{"embeddable":true,"href":"https:\/\/www.nexoinformativo.mx\/index.php\/wp-json\/wp\/v2\/media\/11448"}],"wp:attachment":[{"href":"https:\/\/www.nexoinformativo.mx\/index.php\/wp-json\/wp\/v2\/media?parent=11445"}],"wp:term":[{"taxonomy":"category","embeddable":true,"href":"https:\/\/www.nexoinformativo.mx\/index.php\/wp-json\/wp\/v2\/categories?post=11445"},{"taxonomy":"post_tag","embeddable":true,"href":"https:\/\/www.nexoinformativo.mx\/index.php\/wp-json\/wp\/v2\/tags?post=11445"}],"curies":[{"name":"wp","href":"https:\/\/api.w.org\/{rel}","templated":true}]}}