{"id":11450,"date":"2025-02-11T07:30:18","date_gmt":"2025-02-11T13:30:18","guid":{"rendered":"https:\/\/www.nexoinformativo.mx\/?p=11450"},"modified":"2025-02-11T08:43:35","modified_gmt":"2025-02-11T14:43:35","slug":"ceceq-y-legislatura-de-queretaro-unen-fuerzas-por-la-educacion-y-cultura","status":"publish","type":"post","link":"https:\/\/www.nexoinformativo.mx\/index.php\/2025\/02\/11\/ceceq-y-legislatura-de-queretaro-unen-fuerzas-por-la-educacion-y-cultura\/","title":{"rendered":"CECEQ y Legislatura de Quer\u00e9taro unen fuerzas por la educaci\u00f3n y cultura"},"content":{"rendered":"<p style=\"text-align: justify;\" data-sourcepos=\"11:1-11:271\">El Centro Educativo y Cultural del Estado de Quer\u00e9taro (CECEQ) y la LXI Legislatura del Estado de Quer\u00e9taro firmaron un convenio de colaboraci\u00f3n con el objetivo de fortalecer la educaci\u00f3n, la difusi\u00f3n cultural y el desarrollo social en la entidad.<\/p>\n<\/p>\n<p>&nbsp;<\/p>\n<p style=\"text-align: justify;\" data-sourcepos=\"13:1-13:208\">Esta alianza estrat\u00e9gica permitir\u00e1 impulsar acciones conjuntas que beneficien a diversos sectores de la poblaci\u00f3n, facilitando el acceso a oportunidades de aprendizaje y fomentando la participaci\u00f3n ciudadana.<\/p>\n<\/p>\n<p>&nbsp;<\/p>\n<p style=\"text-align: justify;\" data-sourcepos=\"15:1-15:245\">La directora general del CECEQ, Ana Eugenia Pati\u00f1o, y la presidenta de la Mesa Directiva de la Legislatura, Laura Andrea Tovar Saavedra, destacaron la importancia de este convenio para enriquecer la oferta cultural y educativa del estado.<\/p>\n<\/p>\n<p>&nbsp;<\/p>\n<p style=\"text-align: justify;\" data-sourcepos=\"17:1-17:255\"><strong>&#8220;A trav\u00e9s de este acuerdo, se establece la cooperaci\u00f3n entre ambas instituciones para impulsar acciones en materia de educaci\u00f3n, extensi\u00f3n y difusi\u00f3n de la cultura, as\u00ed como el desarrollo de proyectos orientados al bienestar social&#8221;<\/strong>, se\u00f1al\u00f3 Pati\u00f1o.<\/p>\n<\/p>\n<p>&nbsp;<\/p>\n<p style=\"text-align: justify;\" data-sourcepos=\"19:1-19:212\">Por su parte, Tovar Saavedra resalt\u00f3 que esta alianza permitir\u00e1 consolidar estrategias conjuntas que fortalezcan la formaci\u00f3n ciudadana y fomenten actividades educativas y culturales accesibles para la comunidad.<\/p>\n<\/p>\n<p>&nbsp;<\/p>\n<p style=\"text-align: justify;\" data-sourcepos=\"21:1-21:237\">El CECEQ, con una afluencia mensual promedio de cuarenta mil visitantes, se ha consolidado como un espacio de referencia para la cultura y la educaci\u00f3n en Quer\u00e9taro. Con este convenio, se espera ampliar a\u00fan m\u00e1s su impacto en la sociedad.<\/p>\n<\/p>\n<p>&nbsp;<\/p>\n<p style=\"text-align: center;\" data-sourcepos=\"21:1-21:237\"><em><strong>\u00a1Informaci\u00f3n que transforma!<\/strong><\/em><\/p>\n","protected":false},"excerpt":{"rendered":"<p>El Centro Educativo y Cultural del Estado de Quer\u00e9taro (CECEQ) y la LXI Legislatura del Estado de Quer\u00e9taro firmaron un convenio de colaboraci\u00f3n con el objetivo de fortalecer la educaci\u00f3n, la difusi\u00f3n cultural y el desarrollo social en la entidad.<\/p>\n","protected":false},"author":3,"featured_media":11451,"comment_status":"open","ping_status":"open","sticky":false,"template":"","format":"standard","meta":{"footnotes":""},"categories":[42,58],"tags":[3383,123,173,133],"class_list":["post-11450","post","type-post","status-publish","format-standard","has-post-thumbnail","hentry","category-estado","category-ultima-hora","tag-ceceq","tag-cultura","tag-educacion","tag-queretaro"],"yoast_head":"<!-- This site is optimized with the Yoast SEO plugin v25.0 - https:\/\/yoast.com\/wordpress\/plugins\/seo\/ -->\n<title>CECEQ y Legislatura de Quer\u00e9taro unen fuerzas por la educaci\u00f3n y cultura | Nexo Informativo Santiago de Quer\u00e9taro<\/title>\n<meta name=\"description\" content=\"CECEQ y Legislatura de Quer\u00e9taro unen fuerzas por la educaci\u00f3n y cultura\" \/>\n<meta name=\"robots\" content=\"index, follow, max-snippet:-1, max-image-preview:large, max-video-preview:-1\" \/>\n<link rel=\"canonical\" href=\"https:\/\/www.nexoinformativo.mx\/index.php\/2025\/02\/11\/ceceq-y-legislatura-de-queretaro-unen-fuerzas-por-la-educacion-y-cultura\/\" \/>\n<meta property=\"og:locale\" content=\"es_MX\" \/>\n<meta property=\"og:type\" content=\"article\" \/>\n<meta property=\"og:title\" content=\"CECEQ y Legislatura de Quer\u00e9taro unen fuerzas por la educaci\u00f3n y cultura | Nexo Informativo Santiago de Quer\u00e9taro\" \/>\n<meta property=\"og:description\" content=\"CECEQ y Legislatura de Quer\u00e9taro unen fuerzas por la educaci\u00f3n y cultura\" \/>\n<meta property=\"og:url\" content=\"https:\/\/www.nexoinformativo.mx\/index.php\/2025\/02\/11\/ceceq-y-legislatura-de-queretaro-unen-fuerzas-por-la-educacion-y-cultura\/\" \/>\n<meta property=\"og:site_name\" content=\"Nexo Informativo Santiago de Quer\u00e9taro\" \/>\n<meta property=\"article:publisher\" content=\"https:\/\/www.facebook.com\/people\/Nexo-Informativo\/61564066885511\/\" \/>\n<meta property=\"article:published_time\" content=\"2025-02-11T13:30:18+00:00\" \/>\n<meta property=\"article:modified_time\" content=\"2025-02-11T14:43:35+00:00\" \/>\n<meta property=\"og:image\" content=\"https:\/\/www.nexoinformativo.mx\/wp-content\/uploads\/2025\/02\/7b448f3c-596e-4b16-a5e3-200381e51916-e1739284976318.jpeg\" \/>\n\t<meta property=\"og:image:width\" content=\"800\" \/>\n\t<meta property=\"og:image:height\" content=\"533\" \/>\n\t<meta property=\"og:image:type\" content=\"image\/jpeg\" \/>\n<meta name=\"author\" content=\"Nexo Informativo\" \/>\n<meta name=\"twitter:card\" content=\"summary_large_image\" \/>\n<meta name=\"twitter:label1\" content=\"Escrito por\" \/>\n\t<meta name=\"twitter:data1\" content=\"Nexo Informativo\" \/>\n\t<meta name=\"twitter:label2\" content=\"Tiempo de lectura\" \/>\n\t<meta name=\"twitter:data2\" content=\"2 minutos\" \/>\n<script type=\"application\/ld+json\" class=\"yoast-schema-graph\">{\"@context\":\"https:\/\/schema.org\",\"@graph\":[{\"@type\":\"Article\",\"@id\":\"https:\/\/www.nexoinformativo.mx\/index.php\/2025\/02\/11\/ceceq-y-legislatura-de-queretaro-unen-fuerzas-por-la-educacion-y-cultura\/#article\",\"isPartOf\":{\"@id\":\"https:\/\/www.nexoinformativo.mx\/index.php\/2025\/02\/11\/ceceq-y-legislatura-de-queretaro-unen-fuerzas-por-la-educacion-y-cultura\/\"},\"author\":{\"name\":\"Nexo Informativo\",\"@id\":\"https:\/\/www.nexoinformativo.mx\/#\/schema\/person\/7749d380ba08c8ca00d7bc76fd907b7d\"},\"headline\":\"CECEQ y Legislatura de Quer\u00e9taro unen fuerzas por la educaci\u00f3n y cultura\",\"datePublished\":\"2025-02-11T13:30:18+00:00\",\"dateModified\":\"2025-02-11T14:43:35+00:00\",\"mainEntityOfPage\":{\"@id\":\"https:\/\/www.nexoinformativo.mx\/index.php\/2025\/02\/11\/ceceq-y-legislatura-de-queretaro-unen-fuerzas-por-la-educacion-y-cultura\/\"},\"wordCount\":254,\"commentCount\":0,\"publisher\":{\"@id\":\"https:\/\/www.nexoinformativo.mx\/#organization\"},\"image\":{\"@id\":\"https:\/\/www.nexoinformativo.mx\/index.php\/2025\/02\/11\/ceceq-y-legislatura-de-queretaro-unen-fuerzas-por-la-educacion-y-cultura\/#primaryimage\"},\"thumbnailUrl\":\"https:\/\/www.nexoinformativo.mx\/wp-content\/uploads\/2025\/02\/7b448f3c-596e-4b16-a5e3-200381e51916-e1739284976318.jpeg\",\"keywords\":[\"CECEQ\",\"Cultura\",\"educacion\",\"Quer\u00e9taro\"],\"articleSection\":[\"Estado\",\"\u00daltima Hora\"],\"inLanguage\":\"es\",\"potentialAction\":[{\"@type\":\"CommentAction\",\"name\":\"Comment\",\"target\":[\"https:\/\/www.nexoinformativo.mx\/index.php\/2025\/02\/11\/ceceq-y-legislatura-de-queretaro-unen-fuerzas-por-la-educacion-y-cultura\/#respond\"]}]},{\"@type\":\"WebPage\",\"@id\":\"https:\/\/www.nexoinformativo.mx\/index.php\/2025\/02\/11\/ceceq-y-legislatura-de-queretaro-unen-fuerzas-por-la-educacion-y-cultura\/\",\"url\":\"https:\/\/www.nexoinformativo.mx\/index.php\/2025\/02\/11\/ceceq-y-legislatura-de-queretaro-unen-fuerzas-por-la-educacion-y-cultura\/\",\"name\":\"CECEQ y Legislatura de Quer\u00e9taro unen fuerzas por la educaci\u00f3n y cultura | Nexo Informativo Santiago de Quer\u00e9taro\",\"isPartOf\":{\"@id\":\"https:\/\/www.nexoinformativo.mx\/#website\"},\"primaryImageOfPage\":{\"@id\":\"https:\/\/www.nexoinformativo.mx\/index.php\/2025\/02\/11\/ceceq-y-legislatura-de-queretaro-unen-fuerzas-por-la-educacion-y-cultura\/#primaryimage\"},\"image\":{\"@id\":\"https:\/\/www.nexoinformativo.mx\/index.php\/2025\/02\/11\/ceceq-y-legislatura-de-queretaro-unen-fuerzas-por-la-educacion-y-cultura\/#primaryimage\"},\"thumbnailUrl\":\"https:\/\/www.nexoinformativo.mx\/wp-content\/uploads\/2025\/02\/7b448f3c-596e-4b16-a5e3-200381e51916-e1739284976318.jpeg\",\"datePublished\":\"2025-02-11T13:30:18+00:00\",\"dateModified\":\"2025-02-11T14:43:35+00:00\",\"description\":\"CECEQ y Legislatura de Quer\u00e9taro unen fuerzas por la educaci\u00f3n y cultura\",\"breadcrumb\":{\"@id\":\"https:\/\/www.nexoinformativo.mx\/index.php\/2025\/02\/11\/ceceq-y-legislatura-de-queretaro-unen-fuerzas-por-la-educacion-y-cultura\/#breadcrumb\"},\"inLanguage\":\"es\",\"potentialAction\":[{\"@type\":\"ReadAction\",\"target\":[\"https:\/\/www.nexoinformativo.mx\/index.php\/2025\/02\/11\/ceceq-y-legislatura-de-queretaro-unen-fuerzas-por-la-educacion-y-cultura\/\"]}]},{\"@type\":\"ImageObject\",\"inLanguage\":\"es\",\"@id\":\"https:\/\/www.nexoinformativo.mx\/index.php\/2025\/02\/11\/ceceq-y-legislatura-de-queretaro-unen-fuerzas-por-la-educacion-y-cultura\/#primaryimage\",\"url\":\"https:\/\/www.nexoinformativo.mx\/wp-content\/uploads\/2025\/02\/7b448f3c-596e-4b16-a5e3-200381e51916-e1739284976318.jpeg\",\"contentUrl\":\"https:\/\/www.nexoinformativo.mx\/wp-content\/uploads\/2025\/02\/7b448f3c-596e-4b16-a5e3-200381e51916-e1739284976318.jpeg\",\"width\":800,\"height\":533},{\"@type\":\"BreadcrumbList\",\"@id\":\"https:\/\/www.nexoinformativo.mx\/index.php\/2025\/02\/11\/ceceq-y-legislatura-de-queretaro-unen-fuerzas-por-la-educacion-y-cultura\/#breadcrumb\",\"itemListElement\":[{\"@type\":\"ListItem\",\"position\":1,\"name\":\"Inicio\",\"item\":\"https:\/\/www.nexoinformativo.mx\/\"},{\"@type\":\"ListItem\",\"position\":2,\"name\":\"CECEQ y Legislatura de Quer\u00e9taro unen fuerzas por la educaci\u00f3n y cultura\"}]},{\"@type\":\"WebSite\",\"@id\":\"https:\/\/www.nexoinformativo.mx\/#website\",\"url\":\"https:\/\/www.nexoinformativo.mx\/\",\"name\":\"Nexo Informativo Santiago de Quer\u00e9taro\",\"description\":\"Explora NexoInformativo y convi\u00e9rtete en parte de una comunidad que valora el conocimiento y la verdad. Tu nexoinformativo es tu puente hacia una comprensi\u00f3n m\u00e1s profunda del mundo que te rodea.\",\"publisher\":{\"@id\":\"https:\/\/www.nexoinformativo.mx\/#organization\"},\"potentialAction\":[{\"@type\":\"SearchAction\",\"target\":{\"@type\":\"EntryPoint\",\"urlTemplate\":\"https:\/\/www.nexoinformativo.mx\/?s={search_term_string}\"},\"query-input\":{\"@type\":\"PropertyValueSpecification\",\"valueRequired\":true,\"valueName\":\"search_term_string\"}}],\"inLanguage\":\"es\"},{\"@type\":\"Organization\",\"@id\":\"https:\/\/www.nexoinformativo.mx\/#organization\",\"name\":\"Nexo Informativo Santiago de Quer\u00e9taro\",\"url\":\"https:\/\/www.nexoinformativo.mx\/\",\"logo\":{\"@type\":\"ImageObject\",\"inLanguage\":\"es\",\"@id\":\"https:\/\/www.nexoinformativo.mx\/#\/schema\/logo\/image\/\",\"url\":\"https:\/\/www.nexoinformativo.mx\/wp-content\/uploads\/2024\/07\/nexoi-trasparente-2.png\",\"contentUrl\":\"https:\/\/www.nexoinformativo.mx\/wp-content\/uploads\/2024\/07\/nexoi-trasparente-2.png\",\"width\":816,\"height\":339,\"caption\":\"Nexo Informativo Santiago de Quer\u00e9taro\"},\"image\":{\"@id\":\"https:\/\/www.nexoinformativo.mx\/#\/schema\/logo\/image\/\"},\"sameAs\":[\"https:\/\/www.facebook.com\/people\/Nexo-Informativo\/61564066885511\/\"]},{\"@type\":\"Person\",\"@id\":\"https:\/\/www.nexoinformativo.mx\/#\/schema\/person\/7749d380ba08c8ca00d7bc76fd907b7d\",\"name\":\"Nexo Informativo\",\"image\":{\"@type\":\"ImageObject\",\"inLanguage\":\"es\",\"@id\":\"https:\/\/www.nexoinformativo.mx\/#\/schema\/person\/image\/\",\"url\":\"https:\/\/secure.gravatar.com\/avatar\/dde2928154642a13d95f87ddf1ea9718fe2b46760a005c53e41ff5ad610704e6?s=96&d=mm&r=g\",\"contentUrl\":\"https:\/\/secure.gravatar.com\/avatar\/dde2928154642a13d95f87ddf1ea9718fe2b46760a005c53e41ff5ad610704e6?s=96&d=mm&r=g\",\"caption\":\"Nexo Informativo\"},\"url\":\"https:\/\/www.nexoinformativo.mx\/index.php\/author\/edicion\/\"}]}<\/script>\n<!-- \/ Yoast SEO plugin. -->","yoast_head_json":{"title":"CECEQ y Legislatura de Quer\u00e9taro unen fuerzas por la educaci\u00f3n y cultura | Nexo Informativo Santiago de Quer\u00e9taro","description":"CECEQ y Legislatura de Quer\u00e9taro unen fuerzas por la educaci\u00f3n y cultura","robots":{"index":"index","follow":"follow","max-snippet":"max-snippet:-1","max-image-preview":"max-image-preview:large","max-video-preview":"max-video-preview:-1"},"canonical":"https:\/\/www.nexoinformativo.mx\/index.php\/2025\/02\/11\/ceceq-y-legislatura-de-queretaro-unen-fuerzas-por-la-educacion-y-cultura\/","og_locale":"es_MX","og_type":"article","og_title":"CECEQ y Legislatura de Quer\u00e9taro unen fuerzas por la educaci\u00f3n y cultura | Nexo Informativo Santiago de Quer\u00e9taro","og_description":"CECEQ y Legislatura de Quer\u00e9taro unen fuerzas por la educaci\u00f3n y cultura","og_url":"https:\/\/www.nexoinformativo.mx\/index.php\/2025\/02\/11\/ceceq-y-legislatura-de-queretaro-unen-fuerzas-por-la-educacion-y-cultura\/","og_site_name":"Nexo Informativo Santiago de Quer\u00e9taro","article_publisher":"https:\/\/www.facebook.com\/people\/Nexo-Informativo\/61564066885511\/","article_published_time":"2025-02-11T13:30:18+00:00","article_modified_time":"2025-02-11T14:43:35+00:00","og_image":[{"width":800,"height":533,"url":"https:\/\/www.nexoinformativo.mx\/wp-content\/uploads\/2025\/02\/7b448f3c-596e-4b16-a5e3-200381e51916-e1739284976318.jpeg","type":"image\/jpeg"}],"author":"Nexo Informativo","twitter_card":"summary_large_image","twitter_misc":{"Escrito por":"Nexo Informativo","Tiempo de lectura":"2 minutos"},"schema":{"@context":"https:\/\/schema.org","@graph":[{"@type":"Article","@id":"https:\/\/www.nexoinformativo.mx\/index.php\/2025\/02\/11\/ceceq-y-legislatura-de-queretaro-unen-fuerzas-por-la-educacion-y-cultura\/#article","isPartOf":{"@id":"https:\/\/www.nexoinformativo.mx\/index.php\/2025\/02\/11\/ceceq-y-legislatura-de-queretaro-unen-fuerzas-por-la-educacion-y-cultura\/"},"author":{"name":"Nexo Informativo","@id":"https:\/\/www.nexoinformativo.mx\/#\/schema\/person\/7749d380ba08c8ca00d7bc76fd907b7d"},"headline":"CECEQ y Legislatura de Quer\u00e9taro unen fuerzas por la educaci\u00f3n y cultura","datePublished":"2025-02-11T13:30:18+00:00","dateModified":"2025-02-11T14:43:35+00:00","mainEntityOfPage":{"@id":"https:\/\/www.nexoinformativo.mx\/index.php\/2025\/02\/11\/ceceq-y-legislatura-de-queretaro-unen-fuerzas-por-la-educacion-y-cultura\/"},"wordCount":254,"commentCount":0,"publisher":{"@id":"https:\/\/www.nexoinformativo.mx\/#organization"},"image":{"@id":"https:\/\/www.nexoinformativo.mx\/index.php\/2025\/02\/11\/ceceq-y-legislatura-de-queretaro-unen-fuerzas-por-la-educacion-y-cultura\/#primaryimage"},"thumbnailUrl":"https:\/\/www.nexoinformativo.mx\/wp-content\/uploads\/2025\/02\/7b448f3c-596e-4b16-a5e3-200381e51916-e1739284976318.jpeg","keywords":["CECEQ","Cultura","educacion","Quer\u00e9taro"],"articleSection":["Estado","\u00daltima Hora"],"inLanguage":"es","potentialAction":[{"@type":"CommentAction","name":"Comment","target":["https:\/\/www.nexoinformativo.mx\/index.php\/2025\/02\/11\/ceceq-y-legislatura-de-queretaro-unen-fuerzas-por-la-educacion-y-cultura\/#respond"]}]},{"@type":"WebPage","@id":"https:\/\/www.nexoinformativo.mx\/index.php\/2025\/02\/11\/ceceq-y-legislatura-de-queretaro-unen-fuerzas-por-la-educacion-y-cultura\/","url":"https:\/\/www.nexoinformativo.mx\/index.php\/2025\/02\/11\/ceceq-y-legislatura-de-queretaro-unen-fuerzas-por-la-educacion-y-cultura\/","name":"CECEQ y Legislatura de Quer\u00e9taro unen fuerzas por la educaci\u00f3n y cultura | Nexo Informativo Santiago de Quer\u00e9taro","isPartOf":{"@id":"https:\/\/www.nexoinformativo.mx\/#website"},"primaryImageOfPage":{"@id":"https:\/\/www.nexoinformativo.mx\/index.php\/2025\/02\/11\/ceceq-y-legislatura-de-queretaro-unen-fuerzas-por-la-educacion-y-cultura\/#primaryimage"},"image":{"@id":"https:\/\/www.nexoinformativo.mx\/index.php\/2025\/02\/11\/ceceq-y-legislatura-de-queretaro-unen-fuerzas-por-la-educacion-y-cultura\/#primaryimage"},"thumbnailUrl":"https:\/\/www.nexoinformativo.mx\/wp-content\/uploads\/2025\/02\/7b448f3c-596e-4b16-a5e3-200381e51916-e1739284976318.jpeg","datePublished":"2025-02-11T13:30:18+00:00","dateModified":"2025-02-11T14:43:35+00:00","description":"CECEQ y Legislatura de Quer\u00e9taro unen fuerzas por la educaci\u00f3n y cultura","breadcrumb":{"@id":"https:\/\/www.nexoinformativo.mx\/index.php\/2025\/02\/11\/ceceq-y-legislatura-de-queretaro-unen-fuerzas-por-la-educacion-y-cultura\/#breadcrumb"},"inLanguage":"es","potentialAction":[{"@type":"ReadAction","target":["https:\/\/www.nexoinformativo.mx\/index.php\/2025\/02\/11\/ceceq-y-legislatura-de-queretaro-unen-fuerzas-por-la-educacion-y-cultura\/"]}]},{"@type":"ImageObject","inLanguage":"es","@id":"https:\/\/www.nexoinformativo.mx\/index.php\/2025\/02\/11\/ceceq-y-legislatura-de-queretaro-unen-fuerzas-por-la-educacion-y-cultura\/#primaryimage","url":"https:\/\/www.nexoinformativo.mx\/wp-content\/uploads\/2025\/02\/7b448f3c-596e-4b16-a5e3-200381e51916-e1739284976318.jpeg","contentUrl":"https:\/\/www.nexoinformativo.mx\/wp-content\/uploads\/2025\/02\/7b448f3c-596e-4b16-a5e3-200381e51916-e1739284976318.jpeg","width":800,"height":533},{"@type":"BreadcrumbList","@id":"https:\/\/www.nexoinformativo.mx\/index.php\/2025\/02\/11\/ceceq-y-legislatura-de-queretaro-unen-fuerzas-por-la-educacion-y-cultura\/#breadcrumb","itemListElement":[{"@type":"ListItem","position":1,"name":"Inicio","item":"https:\/\/www.nexoinformativo.mx\/"},{"@type":"ListItem","position":2,"name":"CECEQ y Legislatura de Quer\u00e9taro unen fuerzas por la educaci\u00f3n y cultura"}]},{"@type":"WebSite","@id":"https:\/\/www.nexoinformativo.mx\/#website","url":"https:\/\/www.nexoinformativo.mx\/","name":"Nexo Informativo Santiago de Quer\u00e9taro","description":"Explora NexoInformativo y convi\u00e9rtete en parte de una comunidad que valora el conocimiento y la verdad. Tu nexoinformativo es tu puente hacia una comprensi\u00f3n m\u00e1s profunda del mundo que te rodea.","publisher":{"@id":"https:\/\/www.nexoinformativo.mx\/#organization"},"potentialAction":[{"@type":"SearchAction","target":{"@type":"EntryPoint","urlTemplate":"https:\/\/www.nexoinformativo.mx\/?s={search_term_string}"},"query-input":{"@type":"PropertyValueSpecification","valueRequired":true,"valueName":"search_term_string"}}],"inLanguage":"es"},{"@type":"Organization","@id":"https:\/\/www.nexoinformativo.mx\/#organization","name":"Nexo Informativo Santiago de Quer\u00e9taro","url":"https:\/\/www.nexoinformativo.mx\/","logo":{"@type":"ImageObject","inLanguage":"es","@id":"https:\/\/www.nexoinformativo.mx\/#\/schema\/logo\/image\/","url":"https:\/\/www.nexoinformativo.mx\/wp-content\/uploads\/2024\/07\/nexoi-trasparente-2.png","contentUrl":"https:\/\/www.nexoinformativo.mx\/wp-content\/uploads\/2024\/07\/nexoi-trasparente-2.png","width":816,"height":339,"caption":"Nexo Informativo Santiago de Quer\u00e9taro"},"image":{"@id":"https:\/\/www.nexoinformativo.mx\/#\/schema\/logo\/image\/"},"sameAs":["https:\/\/www.facebook.com\/people\/Nexo-Informativo\/61564066885511\/"]},{"@type":"Person","@id":"https:\/\/www.nexoinformativo.mx\/#\/schema\/person\/7749d380ba08c8ca00d7bc76fd907b7d","name":"Nexo Informativo","image":{"@type":"ImageObject","inLanguage":"es","@id":"https:\/\/www.nexoinformativo.mx\/#\/schema\/person\/image\/","url":"https:\/\/secure.gravatar.com\/avatar\/dde2928154642a13d95f87ddf1ea9718fe2b46760a005c53e41ff5ad610704e6?s=96&d=mm&r=g","contentUrl":"https:\/\/secure.gravatar.com\/avatar\/dde2928154642a13d95f87ddf1ea9718fe2b46760a005c53e41ff5ad610704e6?s=96&d=mm&r=g","caption":"Nexo Informativo"},"url":"https:\/\/www.nexoinformativo.mx\/index.php\/author\/edicion\/"}]}},"_links":{"self":[{"href":"https:\/\/www.nexoinformativo.mx\/index.php\/wp-json\/wp\/v2\/posts\/11450","targetHints":{"allow":["GET"]}}],"collection":[{"href":"https:\/\/www.nexoinformativo.mx\/index.php\/wp-json\/wp\/v2\/posts"}],"about":[{"href":"https:\/\/www.nexoinformativo.mx\/index.php\/wp-json\/wp\/v2\/types\/post"}],"author":[{"embeddable":true,"href":"https:\/\/www.nexoinformativo.mx\/index.php\/wp-json\/wp\/v2\/users\/3"}],"replies":[{"embeddable":true,"href":"https:\/\/www.nexoinformativo.mx\/index.php\/wp-json\/wp\/v2\/comments?post=11450"}],"version-history":[{"count":3,"href":"https:\/\/www.nexoinformativo.mx\/index.php\/wp-json\/wp\/v2\/posts\/11450\/revisions"}],"predecessor-version":[{"id":11454,"href":"https:\/\/www.nexoinformativo.mx\/index.php\/wp-json\/wp\/v2\/posts\/11450\/revisions\/11454"}],"wp:featuredmedia":[{"embeddable":true,"href":"https:\/\/www.nexoinformativo.mx\/index.php\/wp-json\/wp\/v2\/media\/11451"}],"wp:attachment":[{"href":"https:\/\/www.nexoinformativo.mx\/index.php\/wp-json\/wp\/v2\/media?parent=11450"}],"wp:term":[{"taxonomy":"category","embeddable":true,"href":"https:\/\/www.nexoinformativo.mx\/index.php\/wp-json\/wp\/v2\/categories?post=11450"},{"taxonomy":"post_tag","embeddable":true,"href":"https:\/\/www.nexoinformativo.mx\/index.php\/wp-json\/wp\/v2\/tags?post=11450"}],"curies":[{"name":"wp","href":"https:\/\/api.w.org\/{rel}","templated":true}]}}