{"id":11455,"date":"2025-02-11T08:00:31","date_gmt":"2025-02-11T14:00:31","guid":{"rendered":"https:\/\/www.nexoinformativo.mx\/?p=11455"},"modified":"2025-02-11T08:49:52","modified_gmt":"2025-02-11T14:49:52","slug":"marco-del-prete-impulsa-el-desarrollo-economico-de-la-sierra-gorda-con-nuevos-apoyos","status":"publish","type":"post","link":"https:\/\/www.nexoinformativo.mx\/index.php\/2025\/02\/11\/marco-del-prete-impulsa-el-desarrollo-economico-de-la-sierra-gorda-con-nuevos-apoyos\/","title":{"rendered":"Marco del Prete impulsa el desarrollo econ\u00f3mico de la Sierra Gorda con nuevos apoyos"},"content":{"rendered":"<p style=\"text-align: justify;\" data-sourcepos=\"11:1-11:485\">El titular de la Secretar\u00eda de Desarrollo Sustentable (SEDESU), Marco Antonio Del Prete, realiz\u00f3 una gira por la Sierra Gorda para entregar 49 certificados de apoyo del Subprograma para el Fortalecimiento Regional (PROFORE) a beneficiarios de Jalpan de Serra, Pinal de Amoles y Arroyo Seco.<\/p>\n<p>&nbsp;<\/p>\n<p style=\"text-align: justify;\" data-sourcepos=\"11:1-11:485\">Estos apoyos, que suman un mill\u00f3n 132 mil 60 pesos, buscan fortalecer las capacidades de negocios locales y fomentar el desarrollo econ\u00f3mico de la regi\u00f3n.<\/p>\n<p>&nbsp;<\/p>\n<p style=\"text-align: justify;\" data-sourcepos=\"13:1-13:218\">Los recursos otorgados a trav\u00e9s del PROFORE han permitido a los beneficiarios mejorar sus negocios en diversos sectores como la herrer\u00eda, abarrotes, alimentos, ecoturismo, servicios de impresi\u00f3n y talleres artesanales.<\/p>\n<p>&nbsp;<\/p>\n<p style=\"text-align: justify;\" data-sourcepos=\"15:1-15:328\"><strong>&#8220;Con la entrega de estos certificados buscamos reconocer a las personas que aplicaron para un proyecto y que ahora son un caso de \u00e9xito&#8221;<\/strong>, se\u00f1al\u00f3 Del Prete.<\/p>\n<\/p>\n<p>&nbsp;<\/p>\n<p style=\"text-align: justify;\" data-sourcepos=\"15:1-15:328\">El funcionario destac\u00f3 que estos apoyos no solo benefician a los emprendedores, sino que tambi\u00e9n generan empleos y contribuyen al desarrollo econ\u00f3mico de la regi\u00f3n.<\/p>\n<p>&nbsp;<\/p>\n<p style=\"text-align: justify;\" data-sourcepos=\"17:1-17:346\">La Sierra Gorda es una regi\u00f3n con un gran potencial econ\u00f3mico y tur\u00edstico, y estos apoyos son una muestra del compromiso del gobierno estatal por impulsar su desarrollo.<\/p>\n<p>&nbsp;<\/p>\n<p style=\"text-align: justify;\" data-sourcepos=\"17:1-17:346\">Al fortalecer las capacidades de los negocios locales, se contribuye a mejorar la calidad de vida de los habitantes de la regi\u00f3n y a preservar su patrimonio natural y cultural.<\/p>\n<p>&nbsp;<\/p>\n<p style=\"text-align: center;\" data-sourcepos=\"17:1-17:346\"><em><strong>\u00a1Informaci\u00f3n que transforma!<\/strong><\/em><\/p>\n","protected":false},"excerpt":{"rendered":"<p>El titular de la Secretar\u00eda de Desarrollo Sustentable (SEDESU), Marco Antonio Del Prete, realiz\u00f3 una gira por la Sierra Gorda para entregar 49 certificados de apoyo del Subprograma para el Fortalecimiento Regional (PROFORE) a beneficiarios de Jalpan de Serra, Pinal de Amoles y Arroyo Seco.<\/p>\n","protected":false},"author":3,"featured_media":11456,"comment_status":"open","ping_status":"open","sticky":false,"template":"","format":"standard","meta":{"footnotes":""},"categories":[65,58],"tags":[352,3384,133,1545],"class_list":["post-11455","post","type-post","status-publish","format-standard","has-post-thumbnail","hentry","category-municipios","category-ultima-hora","tag-desarrolloeconomico","tag-profore","tag-queretaro","tag-sierragorda"],"yoast_head":"<!-- This site is optimized with the Yoast SEO plugin v25.0 - https:\/\/yoast.com\/wordpress\/plugins\/seo\/ -->\n<title>Marco del Prete impulsa el desarrollo econ\u00f3mico de la Sierra Gorda con nuevos apoyos | Nexo Informativo Santiago de Quer\u00e9taro<\/title>\n<meta name=\"description\" content=\"Marco del Prete impulsa el desarrollo econ\u00f3mico de la Sierra Gorda con nuevos apoyos\" \/>\n<meta name=\"robots\" content=\"index, follow, max-snippet:-1, max-image-preview:large, max-video-preview:-1\" \/>\n<link rel=\"canonical\" href=\"https:\/\/www.nexoinformativo.mx\/index.php\/2025\/02\/11\/marco-del-prete-impulsa-el-desarrollo-economico-de-la-sierra-gorda-con-nuevos-apoyos\/\" \/>\n<meta property=\"og:locale\" content=\"es_MX\" \/>\n<meta property=\"og:type\" content=\"article\" \/>\n<meta property=\"og:title\" content=\"Marco del Prete impulsa el desarrollo econ\u00f3mico de la Sierra Gorda con nuevos apoyos | Nexo Informativo Santiago de Quer\u00e9taro\" \/>\n<meta property=\"og:description\" content=\"Marco del Prete impulsa el desarrollo econ\u00f3mico de la Sierra Gorda con nuevos apoyos\" \/>\n<meta property=\"og:url\" content=\"https:\/\/www.nexoinformativo.mx\/index.php\/2025\/02\/11\/marco-del-prete-impulsa-el-desarrollo-economico-de-la-sierra-gorda-con-nuevos-apoyos\/\" \/>\n<meta property=\"og:site_name\" content=\"Nexo Informativo Santiago de Quer\u00e9taro\" \/>\n<meta property=\"article:publisher\" content=\"https:\/\/www.facebook.com\/people\/Nexo-Informativo\/61564066885511\/\" \/>\n<meta property=\"article:published_time\" content=\"2025-02-11T14:00:31+00:00\" \/>\n<meta property=\"article:modified_time\" content=\"2025-02-11T14:49:52+00:00\" \/>\n<meta property=\"og:image\" content=\"https:\/\/www.nexoinformativo.mx\/wp-content\/uploads\/2025\/02\/db24bbb7-fc91-4ff7-be54-6016da95c31f-e1739285333130.jpeg\" \/>\n\t<meta property=\"og:image:width\" content=\"800\" \/>\n\t<meta property=\"og:image:height\" content=\"450\" \/>\n\t<meta property=\"og:image:type\" content=\"image\/jpeg\" \/>\n<meta name=\"author\" content=\"Nexo Informativo\" \/>\n<meta name=\"twitter:card\" content=\"summary_large_image\" \/>\n<meta name=\"twitter:label1\" content=\"Escrito por\" \/>\n\t<meta name=\"twitter:data1\" content=\"Nexo Informativo\" \/>\n\t<meta name=\"twitter:label2\" content=\"Tiempo de lectura\" \/>\n\t<meta name=\"twitter:data2\" content=\"2 minutos\" \/>\n<script type=\"application\/ld+json\" class=\"yoast-schema-graph\">{\"@context\":\"https:\/\/schema.org\",\"@graph\":[{\"@type\":\"Article\",\"@id\":\"https:\/\/www.nexoinformativo.mx\/index.php\/2025\/02\/11\/marco-del-prete-impulsa-el-desarrollo-economico-de-la-sierra-gorda-con-nuevos-apoyos\/#article\",\"isPartOf\":{\"@id\":\"https:\/\/www.nexoinformativo.mx\/index.php\/2025\/02\/11\/marco-del-prete-impulsa-el-desarrollo-economico-de-la-sierra-gorda-con-nuevos-apoyos\/\"},\"author\":{\"name\":\"Nexo Informativo\",\"@id\":\"https:\/\/www.nexoinformativo.mx\/#\/schema\/person\/7749d380ba08c8ca00d7bc76fd907b7d\"},\"headline\":\"Marco del Prete impulsa el desarrollo econ\u00f3mico de la Sierra Gorda con nuevos apoyos\",\"datePublished\":\"2025-02-11T14:00:31+00:00\",\"dateModified\":\"2025-02-11T14:49:52+00:00\",\"mainEntityOfPage\":{\"@id\":\"https:\/\/www.nexoinformativo.mx\/index.php\/2025\/02\/11\/marco-del-prete-impulsa-el-desarrollo-economico-de-la-sierra-gorda-con-nuevos-apoyos\/\"},\"wordCount\":248,\"commentCount\":0,\"publisher\":{\"@id\":\"https:\/\/www.nexoinformativo.mx\/#organization\"},\"image\":{\"@id\":\"https:\/\/www.nexoinformativo.mx\/index.php\/2025\/02\/11\/marco-del-prete-impulsa-el-desarrollo-economico-de-la-sierra-gorda-con-nuevos-apoyos\/#primaryimage\"},\"thumbnailUrl\":\"https:\/\/www.nexoinformativo.mx\/wp-content\/uploads\/2025\/02\/db24bbb7-fc91-4ff7-be54-6016da95c31f-e1739285333130.jpeg\",\"keywords\":[\"DesarrolloEcon\u00f3mico\",\"PROFORE\",\"Quer\u00e9taro\",\"SierraGorda\"],\"articleSection\":[\"Municipios\",\"\u00daltima Hora\"],\"inLanguage\":\"es\",\"potentialAction\":[{\"@type\":\"CommentAction\",\"name\":\"Comment\",\"target\":[\"https:\/\/www.nexoinformativo.mx\/index.php\/2025\/02\/11\/marco-del-prete-impulsa-el-desarrollo-economico-de-la-sierra-gorda-con-nuevos-apoyos\/#respond\"]}]},{\"@type\":\"WebPage\",\"@id\":\"https:\/\/www.nexoinformativo.mx\/index.php\/2025\/02\/11\/marco-del-prete-impulsa-el-desarrollo-economico-de-la-sierra-gorda-con-nuevos-apoyos\/\",\"url\":\"https:\/\/www.nexoinformativo.mx\/index.php\/2025\/02\/11\/marco-del-prete-impulsa-el-desarrollo-economico-de-la-sierra-gorda-con-nuevos-apoyos\/\",\"name\":\"Marco del Prete impulsa el desarrollo econ\u00f3mico de la Sierra Gorda con nuevos apoyos | Nexo Informativo Santiago de Quer\u00e9taro\",\"isPartOf\":{\"@id\":\"https:\/\/www.nexoinformativo.mx\/#website\"},\"primaryImageOfPage\":{\"@id\":\"https:\/\/www.nexoinformativo.mx\/index.php\/2025\/02\/11\/marco-del-prete-impulsa-el-desarrollo-economico-de-la-sierra-gorda-con-nuevos-apoyos\/#primaryimage\"},\"image\":{\"@id\":\"https:\/\/www.nexoinformativo.mx\/index.php\/2025\/02\/11\/marco-del-prete-impulsa-el-desarrollo-economico-de-la-sierra-gorda-con-nuevos-apoyos\/#primaryimage\"},\"thumbnailUrl\":\"https:\/\/www.nexoinformativo.mx\/wp-content\/uploads\/2025\/02\/db24bbb7-fc91-4ff7-be54-6016da95c31f-e1739285333130.jpeg\",\"datePublished\":\"2025-02-11T14:00:31+00:00\",\"dateModified\":\"2025-02-11T14:49:52+00:00\",\"description\":\"Marco del Prete impulsa el desarrollo econ\u00f3mico de la Sierra Gorda con nuevos apoyos\",\"breadcrumb\":{\"@id\":\"https:\/\/www.nexoinformativo.mx\/index.php\/2025\/02\/11\/marco-del-prete-impulsa-el-desarrollo-economico-de-la-sierra-gorda-con-nuevos-apoyos\/#breadcrumb\"},\"inLanguage\":\"es\",\"potentialAction\":[{\"@type\":\"ReadAction\",\"target\":[\"https:\/\/www.nexoinformativo.mx\/index.php\/2025\/02\/11\/marco-del-prete-impulsa-el-desarrollo-economico-de-la-sierra-gorda-con-nuevos-apoyos\/\"]}]},{\"@type\":\"ImageObject\",\"inLanguage\":\"es\",\"@id\":\"https:\/\/www.nexoinformativo.mx\/index.php\/2025\/02\/11\/marco-del-prete-impulsa-el-desarrollo-economico-de-la-sierra-gorda-con-nuevos-apoyos\/#primaryimage\",\"url\":\"https:\/\/www.nexoinformativo.mx\/wp-content\/uploads\/2025\/02\/db24bbb7-fc91-4ff7-be54-6016da95c31f-e1739285333130.jpeg\",\"contentUrl\":\"https:\/\/www.nexoinformativo.mx\/wp-content\/uploads\/2025\/02\/db24bbb7-fc91-4ff7-be54-6016da95c31f-e1739285333130.jpeg\",\"width\":800,\"height\":450},{\"@type\":\"BreadcrumbList\",\"@id\":\"https:\/\/www.nexoinformativo.mx\/index.php\/2025\/02\/11\/marco-del-prete-impulsa-el-desarrollo-economico-de-la-sierra-gorda-con-nuevos-apoyos\/#breadcrumb\",\"itemListElement\":[{\"@type\":\"ListItem\",\"position\":1,\"name\":\"Inicio\",\"item\":\"https:\/\/www.nexoinformativo.mx\/\"},{\"@type\":\"ListItem\",\"position\":2,\"name\":\"Marco del Prete impulsa el desarrollo econ\u00f3mico de la Sierra Gorda con nuevos apoyos\"}]},{\"@type\":\"WebSite\",\"@id\":\"https:\/\/www.nexoinformativo.mx\/#website\",\"url\":\"https:\/\/www.nexoinformativo.mx\/\",\"name\":\"Nexo Informativo Santiago de Quer\u00e9taro\",\"description\":\"Explora NexoInformativo y convi\u00e9rtete en parte de una comunidad que valora el conocimiento y la verdad. Tu nexoinformativo es tu puente hacia una comprensi\u00f3n m\u00e1s profunda del mundo que te rodea.\",\"publisher\":{\"@id\":\"https:\/\/www.nexoinformativo.mx\/#organization\"},\"potentialAction\":[{\"@type\":\"SearchAction\",\"target\":{\"@type\":\"EntryPoint\",\"urlTemplate\":\"https:\/\/www.nexoinformativo.mx\/?s={search_term_string}\"},\"query-input\":{\"@type\":\"PropertyValueSpecification\",\"valueRequired\":true,\"valueName\":\"search_term_string\"}}],\"inLanguage\":\"es\"},{\"@type\":\"Organization\",\"@id\":\"https:\/\/www.nexoinformativo.mx\/#organization\",\"name\":\"Nexo Informativo Santiago de Quer\u00e9taro\",\"url\":\"https:\/\/www.nexoinformativo.mx\/\",\"logo\":{\"@type\":\"ImageObject\",\"inLanguage\":\"es\",\"@id\":\"https:\/\/www.nexoinformativo.mx\/#\/schema\/logo\/image\/\",\"url\":\"https:\/\/www.nexoinformativo.mx\/wp-content\/uploads\/2024\/07\/nexoi-trasparente-2.png\",\"contentUrl\":\"https:\/\/www.nexoinformativo.mx\/wp-content\/uploads\/2024\/07\/nexoi-trasparente-2.png\",\"width\":816,\"height\":339,\"caption\":\"Nexo Informativo Santiago de Quer\u00e9taro\"},\"image\":{\"@id\":\"https:\/\/www.nexoinformativo.mx\/#\/schema\/logo\/image\/\"},\"sameAs\":[\"https:\/\/www.facebook.com\/people\/Nexo-Informativo\/61564066885511\/\"]},{\"@type\":\"Person\",\"@id\":\"https:\/\/www.nexoinformativo.mx\/#\/schema\/person\/7749d380ba08c8ca00d7bc76fd907b7d\",\"name\":\"Nexo Informativo\",\"image\":{\"@type\":\"ImageObject\",\"inLanguage\":\"es\",\"@id\":\"https:\/\/www.nexoinformativo.mx\/#\/schema\/person\/image\/\",\"url\":\"https:\/\/secure.gravatar.com\/avatar\/dde2928154642a13d95f87ddf1ea9718fe2b46760a005c53e41ff5ad610704e6?s=96&d=mm&r=g\",\"contentUrl\":\"https:\/\/secure.gravatar.com\/avatar\/dde2928154642a13d95f87ddf1ea9718fe2b46760a005c53e41ff5ad610704e6?s=96&d=mm&r=g\",\"caption\":\"Nexo Informativo\"},\"url\":\"https:\/\/www.nexoinformativo.mx\/index.php\/author\/edicion\/\"}]}<\/script>\n<!-- \/ Yoast SEO plugin. -->","yoast_head_json":{"title":"Marco del Prete impulsa el desarrollo econ\u00f3mico de la Sierra Gorda con nuevos apoyos | Nexo Informativo Santiago de Quer\u00e9taro","description":"Marco del Prete impulsa el desarrollo econ\u00f3mico de la Sierra Gorda con nuevos apoyos","robots":{"index":"index","follow":"follow","max-snippet":"max-snippet:-1","max-image-preview":"max-image-preview:large","max-video-preview":"max-video-preview:-1"},"canonical":"https:\/\/www.nexoinformativo.mx\/index.php\/2025\/02\/11\/marco-del-prete-impulsa-el-desarrollo-economico-de-la-sierra-gorda-con-nuevos-apoyos\/","og_locale":"es_MX","og_type":"article","og_title":"Marco del Prete impulsa el desarrollo econ\u00f3mico de la Sierra Gorda con nuevos apoyos | Nexo Informativo Santiago de Quer\u00e9taro","og_description":"Marco del Prete impulsa el desarrollo econ\u00f3mico de la Sierra Gorda con nuevos apoyos","og_url":"https:\/\/www.nexoinformativo.mx\/index.php\/2025\/02\/11\/marco-del-prete-impulsa-el-desarrollo-economico-de-la-sierra-gorda-con-nuevos-apoyos\/","og_site_name":"Nexo Informativo Santiago de Quer\u00e9taro","article_publisher":"https:\/\/www.facebook.com\/people\/Nexo-Informativo\/61564066885511\/","article_published_time":"2025-02-11T14:00:31+00:00","article_modified_time":"2025-02-11T14:49:52+00:00","og_image":[{"width":800,"height":450,"url":"https:\/\/www.nexoinformativo.mx\/wp-content\/uploads\/2025\/02\/db24bbb7-fc91-4ff7-be54-6016da95c31f-e1739285333130.jpeg","type":"image\/jpeg"}],"author":"Nexo Informativo","twitter_card":"summary_large_image","twitter_misc":{"Escrito por":"Nexo Informativo","Tiempo de lectura":"2 minutos"},"schema":{"@context":"https:\/\/schema.org","@graph":[{"@type":"Article","@id":"https:\/\/www.nexoinformativo.mx\/index.php\/2025\/02\/11\/marco-del-prete-impulsa-el-desarrollo-economico-de-la-sierra-gorda-con-nuevos-apoyos\/#article","isPartOf":{"@id":"https:\/\/www.nexoinformativo.mx\/index.php\/2025\/02\/11\/marco-del-prete-impulsa-el-desarrollo-economico-de-la-sierra-gorda-con-nuevos-apoyos\/"},"author":{"name":"Nexo Informativo","@id":"https:\/\/www.nexoinformativo.mx\/#\/schema\/person\/7749d380ba08c8ca00d7bc76fd907b7d"},"headline":"Marco del Prete impulsa el desarrollo econ\u00f3mico de la Sierra Gorda con nuevos apoyos","datePublished":"2025-02-11T14:00:31+00:00","dateModified":"2025-02-11T14:49:52+00:00","mainEntityOfPage":{"@id":"https:\/\/www.nexoinformativo.mx\/index.php\/2025\/02\/11\/marco-del-prete-impulsa-el-desarrollo-economico-de-la-sierra-gorda-con-nuevos-apoyos\/"},"wordCount":248,"commentCount":0,"publisher":{"@id":"https:\/\/www.nexoinformativo.mx\/#organization"},"image":{"@id":"https:\/\/www.nexoinformativo.mx\/index.php\/2025\/02\/11\/marco-del-prete-impulsa-el-desarrollo-economico-de-la-sierra-gorda-con-nuevos-apoyos\/#primaryimage"},"thumbnailUrl":"https:\/\/www.nexoinformativo.mx\/wp-content\/uploads\/2025\/02\/db24bbb7-fc91-4ff7-be54-6016da95c31f-e1739285333130.jpeg","keywords":["DesarrolloEcon\u00f3mico","PROFORE","Quer\u00e9taro","SierraGorda"],"articleSection":["Municipios","\u00daltima Hora"],"inLanguage":"es","potentialAction":[{"@type":"CommentAction","name":"Comment","target":["https:\/\/www.nexoinformativo.mx\/index.php\/2025\/02\/11\/marco-del-prete-impulsa-el-desarrollo-economico-de-la-sierra-gorda-con-nuevos-apoyos\/#respond"]}]},{"@type":"WebPage","@id":"https:\/\/www.nexoinformativo.mx\/index.php\/2025\/02\/11\/marco-del-prete-impulsa-el-desarrollo-economico-de-la-sierra-gorda-con-nuevos-apoyos\/","url":"https:\/\/www.nexoinformativo.mx\/index.php\/2025\/02\/11\/marco-del-prete-impulsa-el-desarrollo-economico-de-la-sierra-gorda-con-nuevos-apoyos\/","name":"Marco del Prete impulsa el desarrollo econ\u00f3mico de la Sierra Gorda con nuevos apoyos | Nexo Informativo Santiago de Quer\u00e9taro","isPartOf":{"@id":"https:\/\/www.nexoinformativo.mx\/#website"},"primaryImageOfPage":{"@id":"https:\/\/www.nexoinformativo.mx\/index.php\/2025\/02\/11\/marco-del-prete-impulsa-el-desarrollo-economico-de-la-sierra-gorda-con-nuevos-apoyos\/#primaryimage"},"image":{"@id":"https:\/\/www.nexoinformativo.mx\/index.php\/2025\/02\/11\/marco-del-prete-impulsa-el-desarrollo-economico-de-la-sierra-gorda-con-nuevos-apoyos\/#primaryimage"},"thumbnailUrl":"https:\/\/www.nexoinformativo.mx\/wp-content\/uploads\/2025\/02\/db24bbb7-fc91-4ff7-be54-6016da95c31f-e1739285333130.jpeg","datePublished":"2025-02-11T14:00:31+00:00","dateModified":"2025-02-11T14:49:52+00:00","description":"Marco del Prete impulsa el desarrollo econ\u00f3mico de la Sierra Gorda con nuevos apoyos","breadcrumb":{"@id":"https:\/\/www.nexoinformativo.mx\/index.php\/2025\/02\/11\/marco-del-prete-impulsa-el-desarrollo-economico-de-la-sierra-gorda-con-nuevos-apoyos\/#breadcrumb"},"inLanguage":"es","potentialAction":[{"@type":"ReadAction","target":["https:\/\/www.nexoinformativo.mx\/index.php\/2025\/02\/11\/marco-del-prete-impulsa-el-desarrollo-economico-de-la-sierra-gorda-con-nuevos-apoyos\/"]}]},{"@type":"ImageObject","inLanguage":"es","@id":"https:\/\/www.nexoinformativo.mx\/index.php\/2025\/02\/11\/marco-del-prete-impulsa-el-desarrollo-economico-de-la-sierra-gorda-con-nuevos-apoyos\/#primaryimage","url":"https:\/\/www.nexoinformativo.mx\/wp-content\/uploads\/2025\/02\/db24bbb7-fc91-4ff7-be54-6016da95c31f-e1739285333130.jpeg","contentUrl":"https:\/\/www.nexoinformativo.mx\/wp-content\/uploads\/2025\/02\/db24bbb7-fc91-4ff7-be54-6016da95c31f-e1739285333130.jpeg","width":800,"height":450},{"@type":"BreadcrumbList","@id":"https:\/\/www.nexoinformativo.mx\/index.php\/2025\/02\/11\/marco-del-prete-impulsa-el-desarrollo-economico-de-la-sierra-gorda-con-nuevos-apoyos\/#breadcrumb","itemListElement":[{"@type":"ListItem","position":1,"name":"Inicio","item":"https:\/\/www.nexoinformativo.mx\/"},{"@type":"ListItem","position":2,"name":"Marco del Prete impulsa el desarrollo econ\u00f3mico de la Sierra Gorda con nuevos apoyos"}]},{"@type":"WebSite","@id":"https:\/\/www.nexoinformativo.mx\/#website","url":"https:\/\/www.nexoinformativo.mx\/","name":"Nexo Informativo Santiago de Quer\u00e9taro","description":"Explora NexoInformativo y convi\u00e9rtete en parte de una comunidad que valora el conocimiento y la verdad. Tu nexoinformativo es tu puente hacia una comprensi\u00f3n m\u00e1s profunda del mundo que te rodea.","publisher":{"@id":"https:\/\/www.nexoinformativo.mx\/#organization"},"potentialAction":[{"@type":"SearchAction","target":{"@type":"EntryPoint","urlTemplate":"https:\/\/www.nexoinformativo.mx\/?s={search_term_string}"},"query-input":{"@type":"PropertyValueSpecification","valueRequired":true,"valueName":"search_term_string"}}],"inLanguage":"es"},{"@type":"Organization","@id":"https:\/\/www.nexoinformativo.mx\/#organization","name":"Nexo Informativo Santiago de Quer\u00e9taro","url":"https:\/\/www.nexoinformativo.mx\/","logo":{"@type":"ImageObject","inLanguage":"es","@id":"https:\/\/www.nexoinformativo.mx\/#\/schema\/logo\/image\/","url":"https:\/\/www.nexoinformativo.mx\/wp-content\/uploads\/2024\/07\/nexoi-trasparente-2.png","contentUrl":"https:\/\/www.nexoinformativo.mx\/wp-content\/uploads\/2024\/07\/nexoi-trasparente-2.png","width":816,"height":339,"caption":"Nexo Informativo Santiago de Quer\u00e9taro"},"image":{"@id":"https:\/\/www.nexoinformativo.mx\/#\/schema\/logo\/image\/"},"sameAs":["https:\/\/www.facebook.com\/people\/Nexo-Informativo\/61564066885511\/"]},{"@type":"Person","@id":"https:\/\/www.nexoinformativo.mx\/#\/schema\/person\/7749d380ba08c8ca00d7bc76fd907b7d","name":"Nexo Informativo","image":{"@type":"ImageObject","inLanguage":"es","@id":"https:\/\/www.nexoinformativo.mx\/#\/schema\/person\/image\/","url":"https:\/\/secure.gravatar.com\/avatar\/dde2928154642a13d95f87ddf1ea9718fe2b46760a005c53e41ff5ad610704e6?s=96&d=mm&r=g","contentUrl":"https:\/\/secure.gravatar.com\/avatar\/dde2928154642a13d95f87ddf1ea9718fe2b46760a005c53e41ff5ad610704e6?s=96&d=mm&r=g","caption":"Nexo Informativo"},"url":"https:\/\/www.nexoinformativo.mx\/index.php\/author\/edicion\/"}]}},"_links":{"self":[{"href":"https:\/\/www.nexoinformativo.mx\/index.php\/wp-json\/wp\/v2\/posts\/11455","targetHints":{"allow":["GET"]}}],"collection":[{"href":"https:\/\/www.nexoinformativo.mx\/index.php\/wp-json\/wp\/v2\/posts"}],"about":[{"href":"https:\/\/www.nexoinformativo.mx\/index.php\/wp-json\/wp\/v2\/types\/post"}],"author":[{"embeddable":true,"href":"https:\/\/www.nexoinformativo.mx\/index.php\/wp-json\/wp\/v2\/users\/3"}],"replies":[{"embeddable":true,"href":"https:\/\/www.nexoinformativo.mx\/index.php\/wp-json\/wp\/v2\/comments?post=11455"}],"version-history":[{"count":3,"href":"https:\/\/www.nexoinformativo.mx\/index.php\/wp-json\/wp\/v2\/posts\/11455\/revisions"}],"predecessor-version":[{"id":11460,"href":"https:\/\/www.nexoinformativo.mx\/index.php\/wp-json\/wp\/v2\/posts\/11455\/revisions\/11460"}],"wp:featuredmedia":[{"embeddable":true,"href":"https:\/\/www.nexoinformativo.mx\/index.php\/wp-json\/wp\/v2\/media\/11456"}],"wp:attachment":[{"href":"https:\/\/www.nexoinformativo.mx\/index.php\/wp-json\/wp\/v2\/media?parent=11455"}],"wp:term":[{"taxonomy":"category","embeddable":true,"href":"https:\/\/www.nexoinformativo.mx\/index.php\/wp-json\/wp\/v2\/categories?post=11455"},{"taxonomy":"post_tag","embeddable":true,"href":"https:\/\/www.nexoinformativo.mx\/index.php\/wp-json\/wp\/v2\/tags?post=11455"}],"curies":[{"name":"wp","href":"https:\/\/api.w.org\/{rel}","templated":true}]}}