{"id":1147,"date":"2024-08-28T13:00:20","date_gmt":"2024-08-28T19:00:20","guid":{"rendered":"https:\/\/www.nexoinformativo.mx\/?p=1147"},"modified":"2024-08-28T14:17:12","modified_gmt":"2024-08-28T20:17:12","slug":"grupo-de-teatro-comicos-de-la-legua-celebran-su-65-aniversario-con-presentaciones-especiales","status":"publish","type":"post","link":"https:\/\/www.nexoinformativo.mx\/index.php\/2024\/08\/28\/grupo-de-teatro-comicos-de-la-legua-celebran-su-65-aniversario-con-presentaciones-especiales\/","title":{"rendered":"Grupo de teatro C\u00f3micos de la Legua celebran su 65 aniversario con presentaciones especiales"},"content":{"rendered":"<p style=\"text-align: justify;\">El Grupo de Teatro C\u00f3micos de la Legua, el m\u00e1s antiguo de Am\u00e9rica Latina, celebra su 65 aniversario con una serie de presentaciones teatrales del 1 al 5 de septiembre en diversos espacios emblem\u00e1ticos de Quer\u00e9taro. Las funciones destacar\u00e1n el legado cultural de este grupo, precursor del teatro en la ciudad, y contar\u00e1n con la participaci\u00f3n de m\u00e1s de 75 actores.<\/p>\n<p>&nbsp;<\/p>\n<p style=\"text-align: justify;\">Las actividades se llevar\u00e1n a cabo en varias sedes: del 1 al 4 de septiembre, las presentaciones se realizar\u00e1n en el Mes\u00f3n de C\u00f3micos de la Legua (Guillermo Prieto 7, Centro Hist\u00f3rico), con entrada gratuita y cupo limitado. La recepci\u00f3n ser\u00e1 a las 20:00 horas, y las funciones comenzar\u00e1n a las 20:30 horas.<\/p>\n<p>&nbsp;<\/p>\n<p><img loading=\"lazy\" decoding=\"async\" class=\"alignnone size-full wp-image-1149\" src=\"https:\/\/www.nexoinformativo.mx\/wp-content\/uploads\/2024\/08\/PHOTO-2024-08-28-12-27-32-3-e1724875085306.jpg\" alt=\"\" width=\"800\" height=\"600\" srcset=\"https:\/\/www.nexoinformativo.mx\/wp-content\/uploads\/2024\/08\/PHOTO-2024-08-28-12-27-32-3-e1724875085306.jpg 800w, https:\/\/www.nexoinformativo.mx\/wp-content\/uploads\/2024\/08\/PHOTO-2024-08-28-12-27-32-3-e1724875085306-300x225.jpg 300w, https:\/\/www.nexoinformativo.mx\/wp-content\/uploads\/2024\/08\/PHOTO-2024-08-28-12-27-32-3-e1724875085306-768x576.jpg 768w\" sizes=\"auto, (max-width: 800px) 100vw, 800px\" \/><\/p>\n<p>&nbsp;<\/p>\n<p style=\"text-align: justify;\">El jueves 5 de septiembre, en el atrio del Templo de Santa Rosa de Viterbo, se celebrar\u00e1 la funci\u00f3n conmemorativa a las 20:00 horas, continuando con una tradici\u00f3n que ha marcado al grupo por d\u00e9cadas. Adem\u00e1s, del 2 al 4 de septiembre, habr\u00e1 presentaciones a las 19:00 horas en Plaza de Armas, gracias al apoyo de la Secretar\u00eda de Turismo del Gobierno del Estado.<\/p>\n<p>&nbsp;<\/p>\n<p style=\"text-align: justify;\">Durante esta semana de celebraci\u00f3n, el p\u00fablico podr\u00e1 disfrutar de obras cl\u00e1sicas del teatro espa\u00f1ol, como \u201cLa Fablilla del Secreto Bien Guardado\u201d de Alejandro Casona, \u201cTierra de Jauja\u201d de Lope de Rueda, y \u201cEl Juez de los Divorcios\u201d de Miguel de Cervantes, entre otras. El 5 de septiembre, se presentar\u00e1n \u201cLa Guarda Cuidadosa\u201d de Miguel de Cervantes y \u201cFarsa y Justicia del Se\u00f1or Corregidor\u201d de Alejandro Casona, acompa\u00f1adas de la recitaci\u00f3n de romances.<\/p>\n<p>&nbsp;<\/p>\n<p><img loading=\"lazy\" decoding=\"async\" class=\"alignnone size-full wp-image-1150\" src=\"https:\/\/www.nexoinformativo.mx\/wp-content\/uploads\/2024\/08\/PHOTO-2024-08-28-12-27-33-e1724875130497.jpg\" alt=\"\" width=\"800\" height=\"600\" srcset=\"https:\/\/www.nexoinformativo.mx\/wp-content\/uploads\/2024\/08\/PHOTO-2024-08-28-12-27-33-e1724875130497.jpg 800w, https:\/\/www.nexoinformativo.mx\/wp-content\/uploads\/2024\/08\/PHOTO-2024-08-28-12-27-33-e1724875130497-300x225.jpg 300w, https:\/\/www.nexoinformativo.mx\/wp-content\/uploads\/2024\/08\/PHOTO-2024-08-28-12-27-33-e1724875130497-768x576.jpg 768w\" sizes=\"auto, (max-width: 800px) 100vw, 800px\" \/><\/p>\n<p>&nbsp;<\/p>\n<p style=\"text-align: justify;\">La direcci\u00f3n art\u00edstica est\u00e1 a cargo de reconocidos directores del grupo, como Carlos Baca, V\u00edctor Mendoza, V\u00edctor Sasia, Daniel Alejandre, Lupita Pizano e Ismael Mart\u00ednez, bajo la supervisi\u00f3n de Paty Murillo Soto, directora general de los C\u00f3micos de la Legua.<\/p>\n<p>&nbsp;<\/p>\n<p style=\"text-align: justify;\">El Grupo invita a todas las familias queretanas a unirse a esta celebraci\u00f3n cultural y disfrutar de una semana dedicada al teatro con el grupo m\u00e1s representativo de Quer\u00e9taro.<\/p>\n<p>&nbsp;<\/p>\n<p><img loading=\"lazy\" decoding=\"async\" class=\"alignnone size-full wp-image-1151\" src=\"https:\/\/www.nexoinformativo.mx\/wp-content\/uploads\/2024\/08\/PHOTO-2024-08-28-12-27-32-4-e1724875197559.jpg\" alt=\"\" width=\"800\" height=\"600\" srcset=\"https:\/\/www.nexoinformativo.mx\/wp-content\/uploads\/2024\/08\/PHOTO-2024-08-28-12-27-32-4-e1724875197559.jpg 800w, https:\/\/www.nexoinformativo.mx\/wp-content\/uploads\/2024\/08\/PHOTO-2024-08-28-12-27-32-4-e1724875197559-300x225.jpg 300w, https:\/\/www.nexoinformativo.mx\/wp-content\/uploads\/2024\/08\/PHOTO-2024-08-28-12-27-32-4-e1724875197559-768x576.jpg 768w\" sizes=\"auto, (max-width: 800px) 100vw, 800px\" \/><\/p>\n","protected":false},"excerpt":{"rendered":"<p>El Grupo de Teatro C\u00f3micos de la Legua, el m\u00e1s antiguo de Am\u00e9rica Latina, celebra su 65 aniversario con una serie de presentaciones teatrales del 1 al 5 de septiembre en diversos espacios emblem\u00e1ticos de Quer\u00e9taro. Las funciones destacar\u00e1n el legado cultural de este grupo, precursor del teatro en la ciudad, y contar\u00e1n con la [&hellip;]<\/p>\n","protected":false},"author":3,"featured_media":1148,"comment_status":"open","ping_status":"open","sticky":false,"template":"","format":"standard","meta":{"footnotes":""},"categories":[50],"tags":[280,282,283,281],"class_list":["post-1147","post","type-post","status-publish","format-standard","has-post-thumbnail","hentry","category-espectaculos","tag-comicosdelalegua","tag-culturaytradicion","tag-semanadelteatro","tag-teatroenqueretaro"],"yoast_head":"<!-- This site is optimized with the Yoast SEO plugin v25.0 - https:\/\/yoast.com\/wordpress\/plugins\/seo\/ -->\n<title>Grupo de teatro C\u00f3micos de la Legua celebran su 65 aniversario con presentaciones especiales | Nexo Informativo Santiago de Quer\u00e9taro<\/title>\n<meta name=\"robots\" content=\"index, follow, max-snippet:-1, max-image-preview:large, max-video-preview:-1\" \/>\n<link rel=\"canonical\" href=\"https:\/\/www.nexoinformativo.mx\/index.php\/2024\/08\/28\/grupo-de-teatro-comicos-de-la-legua-celebran-su-65-aniversario-con-presentaciones-especiales\/\" \/>\n<meta property=\"og:locale\" content=\"es_MX\" \/>\n<meta property=\"og:type\" content=\"article\" \/>\n<meta property=\"og:title\" content=\"Grupo de teatro C\u00f3micos de la Legua celebran su 65 aniversario con presentaciones especiales | Nexo Informativo Santiago de Quer\u00e9taro\" \/>\n<meta property=\"og:description\" content=\"El Grupo de Teatro C\u00f3micos de la Legua, el m\u00e1s antiguo de Am\u00e9rica Latina, celebra su 65 aniversario con una serie de presentaciones teatrales del 1 al 5 de septiembre en diversos espacios emblem\u00e1ticos de Quer\u00e9taro. Las funciones destacar\u00e1n el legado cultural de este grupo, precursor del teatro en la ciudad, y contar\u00e1n con la [&hellip;]\" \/>\n<meta property=\"og:url\" content=\"https:\/\/www.nexoinformativo.mx\/index.php\/2024\/08\/28\/grupo-de-teatro-comicos-de-la-legua-celebran-su-65-aniversario-con-presentaciones-especiales\/\" \/>\n<meta property=\"og:site_name\" content=\"Nexo Informativo Santiago de Quer\u00e9taro\" \/>\n<meta property=\"article:publisher\" content=\"https:\/\/www.facebook.com\/people\/Nexo-Informativo\/61564066885511\/\" \/>\n<meta property=\"article:published_time\" content=\"2024-08-28T19:00:20+00:00\" \/>\n<meta property=\"article:modified_time\" content=\"2024-08-28T20:17:12+00:00\" \/>\n<meta property=\"og:image\" content=\"https:\/\/www.nexoinformativo.mx\/wp-content\/uploads\/2024\/08\/PHOTO-2024-08-28-12-27-32-e1724875032301.jpg\" \/>\n\t<meta property=\"og:image:width\" content=\"800\" \/>\n\t<meta property=\"og:image:height\" content=\"1350\" \/>\n\t<meta property=\"og:image:type\" content=\"image\/jpeg\" \/>\n<meta name=\"author\" content=\"Nexo Informativo\" \/>\n<meta name=\"twitter:card\" content=\"summary_large_image\" \/>\n<meta name=\"twitter:label1\" content=\"Escrito por\" \/>\n\t<meta name=\"twitter:data1\" content=\"Nexo Informativo\" \/>\n\t<meta name=\"twitter:label2\" content=\"Tiempo de lectura\" \/>\n\t<meta name=\"twitter:data2\" content=\"2 minutos\" \/>\n<script type=\"application\/ld+json\" class=\"yoast-schema-graph\">{\"@context\":\"https:\/\/schema.org\",\"@graph\":[{\"@type\":\"Article\",\"@id\":\"https:\/\/www.nexoinformativo.mx\/index.php\/2024\/08\/28\/grupo-de-teatro-comicos-de-la-legua-celebran-su-65-aniversario-con-presentaciones-especiales\/#article\",\"isPartOf\":{\"@id\":\"https:\/\/www.nexoinformativo.mx\/index.php\/2024\/08\/28\/grupo-de-teatro-comicos-de-la-legua-celebran-su-65-aniversario-con-presentaciones-especiales\/\"},\"author\":{\"name\":\"Nexo Informativo\",\"@id\":\"https:\/\/www.nexoinformativo.mx\/#\/schema\/person\/7749d380ba08c8ca00d7bc76fd907b7d\"},\"headline\":\"Grupo de teatro C\u00f3micos de la Legua celebran su 65 aniversario con presentaciones especiales\",\"datePublished\":\"2024-08-28T19:00:20+00:00\",\"dateModified\":\"2024-08-28T20:17:12+00:00\",\"mainEntityOfPage\":{\"@id\":\"https:\/\/www.nexoinformativo.mx\/index.php\/2024\/08\/28\/grupo-de-teatro-comicos-de-la-legua-celebran-su-65-aniversario-con-presentaciones-especiales\/\"},\"wordCount\":366,\"commentCount\":0,\"publisher\":{\"@id\":\"https:\/\/www.nexoinformativo.mx\/#organization\"},\"image\":{\"@id\":\"https:\/\/www.nexoinformativo.mx\/index.php\/2024\/08\/28\/grupo-de-teatro-comicos-de-la-legua-celebran-su-65-aniversario-con-presentaciones-especiales\/#primaryimage\"},\"thumbnailUrl\":\"https:\/\/www.nexoinformativo.mx\/wp-content\/uploads\/2024\/08\/PHOTO-2024-08-28-12-27-32-e1724875032301.jpg\",\"keywords\":[\"ComicosDeLaLegua\",\"CulturayTradicion\",\"SemanadelTeatro\",\"TeatroenQueretaro\"],\"articleSection\":[\"Espect\u00e1culos\"],\"inLanguage\":\"es\",\"potentialAction\":[{\"@type\":\"CommentAction\",\"name\":\"Comment\",\"target\":[\"https:\/\/www.nexoinformativo.mx\/index.php\/2024\/08\/28\/grupo-de-teatro-comicos-de-la-legua-celebran-su-65-aniversario-con-presentaciones-especiales\/#respond\"]}]},{\"@type\":\"WebPage\",\"@id\":\"https:\/\/www.nexoinformativo.mx\/index.php\/2024\/08\/28\/grupo-de-teatro-comicos-de-la-legua-celebran-su-65-aniversario-con-presentaciones-especiales\/\",\"url\":\"https:\/\/www.nexoinformativo.mx\/index.php\/2024\/08\/28\/grupo-de-teatro-comicos-de-la-legua-celebran-su-65-aniversario-con-presentaciones-especiales\/\",\"name\":\"Grupo de teatro C\u00f3micos de la Legua celebran su 65 aniversario con presentaciones especiales | Nexo Informativo Santiago de Quer\u00e9taro\",\"isPartOf\":{\"@id\":\"https:\/\/www.nexoinformativo.mx\/#website\"},\"primaryImageOfPage\":{\"@id\":\"https:\/\/www.nexoinformativo.mx\/index.php\/2024\/08\/28\/grupo-de-teatro-comicos-de-la-legua-celebran-su-65-aniversario-con-presentaciones-especiales\/#primaryimage\"},\"image\":{\"@id\":\"https:\/\/www.nexoinformativo.mx\/index.php\/2024\/08\/28\/grupo-de-teatro-comicos-de-la-legua-celebran-su-65-aniversario-con-presentaciones-especiales\/#primaryimage\"},\"thumbnailUrl\":\"https:\/\/www.nexoinformativo.mx\/wp-content\/uploads\/2024\/08\/PHOTO-2024-08-28-12-27-32-e1724875032301.jpg\",\"datePublished\":\"2024-08-28T19:00:20+00:00\",\"dateModified\":\"2024-08-28T20:17:12+00:00\",\"breadcrumb\":{\"@id\":\"https:\/\/www.nexoinformativo.mx\/index.php\/2024\/08\/28\/grupo-de-teatro-comicos-de-la-legua-celebran-su-65-aniversario-con-presentaciones-especiales\/#breadcrumb\"},\"inLanguage\":\"es\",\"potentialAction\":[{\"@type\":\"ReadAction\",\"target\":[\"https:\/\/www.nexoinformativo.mx\/index.php\/2024\/08\/28\/grupo-de-teatro-comicos-de-la-legua-celebran-su-65-aniversario-con-presentaciones-especiales\/\"]}]},{\"@type\":\"ImageObject\",\"inLanguage\":\"es\",\"@id\":\"https:\/\/www.nexoinformativo.mx\/index.php\/2024\/08\/28\/grupo-de-teatro-comicos-de-la-legua-celebran-su-65-aniversario-con-presentaciones-especiales\/#primaryimage\",\"url\":\"https:\/\/www.nexoinformativo.mx\/wp-content\/uploads\/2024\/08\/PHOTO-2024-08-28-12-27-32-e1724875032301.jpg\",\"contentUrl\":\"https:\/\/www.nexoinformativo.mx\/wp-content\/uploads\/2024\/08\/PHOTO-2024-08-28-12-27-32-e1724875032301.jpg\",\"width\":800,\"height\":1350},{\"@type\":\"BreadcrumbList\",\"@id\":\"https:\/\/www.nexoinformativo.mx\/index.php\/2024\/08\/28\/grupo-de-teatro-comicos-de-la-legua-celebran-su-65-aniversario-con-presentaciones-especiales\/#breadcrumb\",\"itemListElement\":[{\"@type\":\"ListItem\",\"position\":1,\"name\":\"Inicio\",\"item\":\"https:\/\/www.nexoinformativo.mx\/\"},{\"@type\":\"ListItem\",\"position\":2,\"name\":\"Grupo de teatro C\u00f3micos de la Legua celebran su 65 aniversario con presentaciones especiales\"}]},{\"@type\":\"WebSite\",\"@id\":\"https:\/\/www.nexoinformativo.mx\/#website\",\"url\":\"https:\/\/www.nexoinformativo.mx\/\",\"name\":\"Nexo Informativo Santiago de Quer\u00e9taro\",\"description\":\"Explora NexoInformativo y convi\u00e9rtete en parte de una comunidad que valora el conocimiento y la verdad. Tu nexoinformativo es tu puente hacia una comprensi\u00f3n m\u00e1s profunda del mundo que te rodea.\",\"publisher\":{\"@id\":\"https:\/\/www.nexoinformativo.mx\/#organization\"},\"potentialAction\":[{\"@type\":\"SearchAction\",\"target\":{\"@type\":\"EntryPoint\",\"urlTemplate\":\"https:\/\/www.nexoinformativo.mx\/?s={search_term_string}\"},\"query-input\":{\"@type\":\"PropertyValueSpecification\",\"valueRequired\":true,\"valueName\":\"search_term_string\"}}],\"inLanguage\":\"es\"},{\"@type\":\"Organization\",\"@id\":\"https:\/\/www.nexoinformativo.mx\/#organization\",\"name\":\"Nexo Informativo Santiago de Quer\u00e9taro\",\"url\":\"https:\/\/www.nexoinformativo.mx\/\",\"logo\":{\"@type\":\"ImageObject\",\"inLanguage\":\"es\",\"@id\":\"https:\/\/www.nexoinformativo.mx\/#\/schema\/logo\/image\/\",\"url\":\"https:\/\/www.nexoinformativo.mx\/wp-content\/uploads\/2024\/07\/nexoi-trasparente-2.png\",\"contentUrl\":\"https:\/\/www.nexoinformativo.mx\/wp-content\/uploads\/2024\/07\/nexoi-trasparente-2.png\",\"width\":816,\"height\":339,\"caption\":\"Nexo Informativo Santiago de Quer\u00e9taro\"},\"image\":{\"@id\":\"https:\/\/www.nexoinformativo.mx\/#\/schema\/logo\/image\/\"},\"sameAs\":[\"https:\/\/www.facebook.com\/people\/Nexo-Informativo\/61564066885511\/\"]},{\"@type\":\"Person\",\"@id\":\"https:\/\/www.nexoinformativo.mx\/#\/schema\/person\/7749d380ba08c8ca00d7bc76fd907b7d\",\"name\":\"Nexo Informativo\",\"image\":{\"@type\":\"ImageObject\",\"inLanguage\":\"es\",\"@id\":\"https:\/\/www.nexoinformativo.mx\/#\/schema\/person\/image\/\",\"url\":\"https:\/\/secure.gravatar.com\/avatar\/dde2928154642a13d95f87ddf1ea9718fe2b46760a005c53e41ff5ad610704e6?s=96&d=mm&r=g\",\"contentUrl\":\"https:\/\/secure.gravatar.com\/avatar\/dde2928154642a13d95f87ddf1ea9718fe2b46760a005c53e41ff5ad610704e6?s=96&d=mm&r=g\",\"caption\":\"Nexo Informativo\"},\"url\":\"https:\/\/www.nexoinformativo.mx\/index.php\/author\/edicion\/\"}]}<\/script>\n<!-- \/ Yoast SEO plugin. -->","yoast_head_json":{"title":"Grupo de teatro C\u00f3micos de la Legua celebran su 65 aniversario con presentaciones especiales | Nexo Informativo Santiago de Quer\u00e9taro","robots":{"index":"index","follow":"follow","max-snippet":"max-snippet:-1","max-image-preview":"max-image-preview:large","max-video-preview":"max-video-preview:-1"},"canonical":"https:\/\/www.nexoinformativo.mx\/index.php\/2024\/08\/28\/grupo-de-teatro-comicos-de-la-legua-celebran-su-65-aniversario-con-presentaciones-especiales\/","og_locale":"es_MX","og_type":"article","og_title":"Grupo de teatro C\u00f3micos de la Legua celebran su 65 aniversario con presentaciones especiales | Nexo Informativo Santiago de Quer\u00e9taro","og_description":"El Grupo de Teatro C\u00f3micos de la Legua, el m\u00e1s antiguo de Am\u00e9rica Latina, celebra su 65 aniversario con una serie de presentaciones teatrales del 1 al 5 de septiembre en diversos espacios emblem\u00e1ticos de Quer\u00e9taro. Las funciones destacar\u00e1n el legado cultural de este grupo, precursor del teatro en la ciudad, y contar\u00e1n con la [&hellip;]","og_url":"https:\/\/www.nexoinformativo.mx\/index.php\/2024\/08\/28\/grupo-de-teatro-comicos-de-la-legua-celebran-su-65-aniversario-con-presentaciones-especiales\/","og_site_name":"Nexo Informativo Santiago de Quer\u00e9taro","article_publisher":"https:\/\/www.facebook.com\/people\/Nexo-Informativo\/61564066885511\/","article_published_time":"2024-08-28T19:00:20+00:00","article_modified_time":"2024-08-28T20:17:12+00:00","og_image":[{"width":800,"height":1350,"url":"https:\/\/www.nexoinformativo.mx\/wp-content\/uploads\/2024\/08\/PHOTO-2024-08-28-12-27-32-e1724875032301.jpg","type":"image\/jpeg"}],"author":"Nexo Informativo","twitter_card":"summary_large_image","twitter_misc":{"Escrito por":"Nexo Informativo","Tiempo de lectura":"2 minutos"},"schema":{"@context":"https:\/\/schema.org","@graph":[{"@type":"Article","@id":"https:\/\/www.nexoinformativo.mx\/index.php\/2024\/08\/28\/grupo-de-teatro-comicos-de-la-legua-celebran-su-65-aniversario-con-presentaciones-especiales\/#article","isPartOf":{"@id":"https:\/\/www.nexoinformativo.mx\/index.php\/2024\/08\/28\/grupo-de-teatro-comicos-de-la-legua-celebran-su-65-aniversario-con-presentaciones-especiales\/"},"author":{"name":"Nexo Informativo","@id":"https:\/\/www.nexoinformativo.mx\/#\/schema\/person\/7749d380ba08c8ca00d7bc76fd907b7d"},"headline":"Grupo de teatro C\u00f3micos de la Legua celebran su 65 aniversario con presentaciones especiales","datePublished":"2024-08-28T19:00:20+00:00","dateModified":"2024-08-28T20:17:12+00:00","mainEntityOfPage":{"@id":"https:\/\/www.nexoinformativo.mx\/index.php\/2024\/08\/28\/grupo-de-teatro-comicos-de-la-legua-celebran-su-65-aniversario-con-presentaciones-especiales\/"},"wordCount":366,"commentCount":0,"publisher":{"@id":"https:\/\/www.nexoinformativo.mx\/#organization"},"image":{"@id":"https:\/\/www.nexoinformativo.mx\/index.php\/2024\/08\/28\/grupo-de-teatro-comicos-de-la-legua-celebran-su-65-aniversario-con-presentaciones-especiales\/#primaryimage"},"thumbnailUrl":"https:\/\/www.nexoinformativo.mx\/wp-content\/uploads\/2024\/08\/PHOTO-2024-08-28-12-27-32-e1724875032301.jpg","keywords":["ComicosDeLaLegua","CulturayTradicion","SemanadelTeatro","TeatroenQueretaro"],"articleSection":["Espect\u00e1culos"],"inLanguage":"es","potentialAction":[{"@type":"CommentAction","name":"Comment","target":["https:\/\/www.nexoinformativo.mx\/index.php\/2024\/08\/28\/grupo-de-teatro-comicos-de-la-legua-celebran-su-65-aniversario-con-presentaciones-especiales\/#respond"]}]},{"@type":"WebPage","@id":"https:\/\/www.nexoinformativo.mx\/index.php\/2024\/08\/28\/grupo-de-teatro-comicos-de-la-legua-celebran-su-65-aniversario-con-presentaciones-especiales\/","url":"https:\/\/www.nexoinformativo.mx\/index.php\/2024\/08\/28\/grupo-de-teatro-comicos-de-la-legua-celebran-su-65-aniversario-con-presentaciones-especiales\/","name":"Grupo de teatro C\u00f3micos de la Legua celebran su 65 aniversario con presentaciones especiales | Nexo Informativo Santiago de Quer\u00e9taro","isPartOf":{"@id":"https:\/\/www.nexoinformativo.mx\/#website"},"primaryImageOfPage":{"@id":"https:\/\/www.nexoinformativo.mx\/index.php\/2024\/08\/28\/grupo-de-teatro-comicos-de-la-legua-celebran-su-65-aniversario-con-presentaciones-especiales\/#primaryimage"},"image":{"@id":"https:\/\/www.nexoinformativo.mx\/index.php\/2024\/08\/28\/grupo-de-teatro-comicos-de-la-legua-celebran-su-65-aniversario-con-presentaciones-especiales\/#primaryimage"},"thumbnailUrl":"https:\/\/www.nexoinformativo.mx\/wp-content\/uploads\/2024\/08\/PHOTO-2024-08-28-12-27-32-e1724875032301.jpg","datePublished":"2024-08-28T19:00:20+00:00","dateModified":"2024-08-28T20:17:12+00:00","breadcrumb":{"@id":"https:\/\/www.nexoinformativo.mx\/index.php\/2024\/08\/28\/grupo-de-teatro-comicos-de-la-legua-celebran-su-65-aniversario-con-presentaciones-especiales\/#breadcrumb"},"inLanguage":"es","potentialAction":[{"@type":"ReadAction","target":["https:\/\/www.nexoinformativo.mx\/index.php\/2024\/08\/28\/grupo-de-teatro-comicos-de-la-legua-celebran-su-65-aniversario-con-presentaciones-especiales\/"]}]},{"@type":"ImageObject","inLanguage":"es","@id":"https:\/\/www.nexoinformativo.mx\/index.php\/2024\/08\/28\/grupo-de-teatro-comicos-de-la-legua-celebran-su-65-aniversario-con-presentaciones-especiales\/#primaryimage","url":"https:\/\/www.nexoinformativo.mx\/wp-content\/uploads\/2024\/08\/PHOTO-2024-08-28-12-27-32-e1724875032301.jpg","contentUrl":"https:\/\/www.nexoinformativo.mx\/wp-content\/uploads\/2024\/08\/PHOTO-2024-08-28-12-27-32-e1724875032301.jpg","width":800,"height":1350},{"@type":"BreadcrumbList","@id":"https:\/\/www.nexoinformativo.mx\/index.php\/2024\/08\/28\/grupo-de-teatro-comicos-de-la-legua-celebran-su-65-aniversario-con-presentaciones-especiales\/#breadcrumb","itemListElement":[{"@type":"ListItem","position":1,"name":"Inicio","item":"https:\/\/www.nexoinformativo.mx\/"},{"@type":"ListItem","position":2,"name":"Grupo de teatro C\u00f3micos de la Legua celebran su 65 aniversario con presentaciones especiales"}]},{"@type":"WebSite","@id":"https:\/\/www.nexoinformativo.mx\/#website","url":"https:\/\/www.nexoinformativo.mx\/","name":"Nexo Informativo Santiago de Quer\u00e9taro","description":"Explora NexoInformativo y convi\u00e9rtete en parte de una comunidad que valora el conocimiento y la verdad. Tu nexoinformativo es tu puente hacia una comprensi\u00f3n m\u00e1s profunda del mundo que te rodea.","publisher":{"@id":"https:\/\/www.nexoinformativo.mx\/#organization"},"potentialAction":[{"@type":"SearchAction","target":{"@type":"EntryPoint","urlTemplate":"https:\/\/www.nexoinformativo.mx\/?s={search_term_string}"},"query-input":{"@type":"PropertyValueSpecification","valueRequired":true,"valueName":"search_term_string"}}],"inLanguage":"es"},{"@type":"Organization","@id":"https:\/\/www.nexoinformativo.mx\/#organization","name":"Nexo Informativo Santiago de Quer\u00e9taro","url":"https:\/\/www.nexoinformativo.mx\/","logo":{"@type":"ImageObject","inLanguage":"es","@id":"https:\/\/www.nexoinformativo.mx\/#\/schema\/logo\/image\/","url":"https:\/\/www.nexoinformativo.mx\/wp-content\/uploads\/2024\/07\/nexoi-trasparente-2.png","contentUrl":"https:\/\/www.nexoinformativo.mx\/wp-content\/uploads\/2024\/07\/nexoi-trasparente-2.png","width":816,"height":339,"caption":"Nexo Informativo Santiago de Quer\u00e9taro"},"image":{"@id":"https:\/\/www.nexoinformativo.mx\/#\/schema\/logo\/image\/"},"sameAs":["https:\/\/www.facebook.com\/people\/Nexo-Informativo\/61564066885511\/"]},{"@type":"Person","@id":"https:\/\/www.nexoinformativo.mx\/#\/schema\/person\/7749d380ba08c8ca00d7bc76fd907b7d","name":"Nexo Informativo","image":{"@type":"ImageObject","inLanguage":"es","@id":"https:\/\/www.nexoinformativo.mx\/#\/schema\/person\/image\/","url":"https:\/\/secure.gravatar.com\/avatar\/dde2928154642a13d95f87ddf1ea9718fe2b46760a005c53e41ff5ad610704e6?s=96&d=mm&r=g","contentUrl":"https:\/\/secure.gravatar.com\/avatar\/dde2928154642a13d95f87ddf1ea9718fe2b46760a005c53e41ff5ad610704e6?s=96&d=mm&r=g","caption":"Nexo Informativo"},"url":"https:\/\/www.nexoinformativo.mx\/index.php\/author\/edicion\/"}]}},"_links":{"self":[{"href":"https:\/\/www.nexoinformativo.mx\/index.php\/wp-json\/wp\/v2\/posts\/1147","targetHints":{"allow":["GET"]}}],"collection":[{"href":"https:\/\/www.nexoinformativo.mx\/index.php\/wp-json\/wp\/v2\/posts"}],"about":[{"href":"https:\/\/www.nexoinformativo.mx\/index.php\/wp-json\/wp\/v2\/types\/post"}],"author":[{"embeddable":true,"href":"https:\/\/www.nexoinformativo.mx\/index.php\/wp-json\/wp\/v2\/users\/3"}],"replies":[{"embeddable":true,"href":"https:\/\/www.nexoinformativo.mx\/index.php\/wp-json\/wp\/v2\/comments?post=1147"}],"version-history":[{"count":6,"href":"https:\/\/www.nexoinformativo.mx\/index.php\/wp-json\/wp\/v2\/posts\/1147\/revisions"}],"predecessor-version":[{"id":1153,"href":"https:\/\/www.nexoinformativo.mx\/index.php\/wp-json\/wp\/v2\/posts\/1147\/revisions\/1153"}],"wp:featuredmedia":[{"embeddable":true,"href":"https:\/\/www.nexoinformativo.mx\/index.php\/wp-json\/wp\/v2\/media\/1148"}],"wp:attachment":[{"href":"https:\/\/www.nexoinformativo.mx\/index.php\/wp-json\/wp\/v2\/media?parent=1147"}],"wp:term":[{"taxonomy":"category","embeddable":true,"href":"https:\/\/www.nexoinformativo.mx\/index.php\/wp-json\/wp\/v2\/categories?post=1147"},{"taxonomy":"post_tag","embeddable":true,"href":"https:\/\/www.nexoinformativo.mx\/index.php\/wp-json\/wp\/v2\/tags?post=1147"}],"curies":[{"name":"wp","href":"https:\/\/api.w.org\/{rel}","templated":true}]}}