{"id":11488,"date":"2025-02-11T13:00:40","date_gmt":"2025-02-11T19:00:40","guid":{"rendered":"https:\/\/www.nexoinformativo.mx\/?p=11488"},"modified":"2025-02-11T20:44:58","modified_gmt":"2025-02-12T02:44:58","slug":"programa-bacheton-supera-expectativas-mas-de-29-mil-km-de-carreteras-reparadas","status":"publish","type":"post","link":"https:\/\/www.nexoinformativo.mx\/index.php\/2025\/02\/11\/programa-bacheton-supera-expectativas-mas-de-29-mil-km-de-carreteras-reparadas\/","title":{"rendered":"Programa Bachet\u00f3n supera expectativas con m\u00e1s de 29 mil km de carreteras reparadas"},"content":{"rendered":"<p style=\"text-align: justify;\" data-sourcepos=\"11:1-11:355\">La Secretar\u00eda de Infraestructura, Comunicaciones y Transportes (SICT) inform\u00f3 que el Programa Bachet\u00f3n ha logrado un avance significativo en la reparaci\u00f3n de la red carretera federal libre de peaje. A la fecha, se han atendido m\u00e1s de 29 mil kil\u00f3metros de carreteras, lo que representa un avance del 66% del total programado.<\/p>\n<p>&nbsp;<\/p>\n<p style=\"text-align: justify;\" data-sourcepos=\"13:1-13:298\">Este programa, que busca mejorar las condiciones de las carreteras federales, ha permitido reparar m\u00e1s de 187 mil baches en una superficie de 828 mil 400 metros cuadrados. Para estas labores se han utilizado 133 mil 400 toneladas de mezcla asf\u00e1ltica y se han movilizado m\u00e1s de mil 600 trabajadores.<\/p>\n<p>&nbsp;<\/p>\n<p style=\"text-align: justify;\" data-sourcepos=\"15:1-15:183\">Nayarit es el estado que ha concluido al 100% los trabajos de bacheo, mientras que otras entidades como Colima, Guerrero, Tabasco y Aguascalientes presentan avances superiores al 80%.<\/p>\n<p>&nbsp;<\/p>\n<p style=\"text-align: justify;\" data-sourcepos=\"17:1-17:209\">&#8220;Los resultados del Programa Bachet\u00f3n son muy positivos y demuestran el compromiso del gobierno federal por mejorar las condiciones de las carreteras del pa\u00eds&#8221;, se\u00f1al\u00f3 (nombre del funcionario correspondiente).<\/p>\n<p>&nbsp;<\/p>\n<p style=\"text-align: justify;\" data-sourcepos=\"19:1-19:168\">Adem\u00e1s del bacheo, la SICT tambi\u00e9n ha realizado trabajos de conservaci\u00f3n peri\u00f3dica en m\u00e1s de 184 kil\u00f3metros de carreteras, lo que ha beneficiado a millones de usuarios.<\/p>\n<p>&nbsp;<\/p>\n<p style=\"text-align: center;\" data-sourcepos=\"19:1-19:168\"><em><strong>\u00a1Informaci\u00f3n que transforma!<\/strong><\/em><\/p>\n","protected":false},"excerpt":{"rendered":"<p>La Secretar\u00eda de Infraestructura, Comunicaciones y Transportes (SICT) inform\u00f3 que el Programa Bachet\u00f3n ha logrado un avance significativo en la reparaci\u00f3n de la red carretera federal libre de peaje. A la fecha, se han atendido m\u00e1s de 29 mil kil\u00f3metros de carreteras, lo que representa un avance del 66% del total programado.<\/p>\n","protected":false},"author":3,"featured_media":11489,"comment_status":"open","ping_status":"open","sticky":false,"template":"","format":"standard","meta":{"footnotes":""},"categories":[88,58],"tags":[3390,2918,734,1610],"class_list":["post-11488","post","type-post","status-publish","format-standard","has-post-thumbnail","hentry","category-nacional","category-ultima-hora","tag-bacheo","tag-carreteras","tag-infraestructura","tag-mexico"],"yoast_head":"<!-- This site is optimized with the Yoast SEO plugin v25.0 - https:\/\/yoast.com\/wordpress\/plugins\/seo\/ -->\n<title>Programa Bachet\u00f3n supera expectativas con m\u00e1s de 29 mil km de carreteras reparadas | Nexo Informativo Santiago de Quer\u00e9taro<\/title>\n<meta name=\"description\" content=\"Programa Bachet\u00f3n supera expectativas con m\u00e1s de 29 mil km de carreteras reparadas\" \/>\n<meta name=\"robots\" content=\"index, follow, max-snippet:-1, max-image-preview:large, max-video-preview:-1\" \/>\n<link rel=\"canonical\" href=\"https:\/\/www.nexoinformativo.mx\/index.php\/2025\/02\/11\/programa-bacheton-supera-expectativas-mas-de-29-mil-km-de-carreteras-reparadas\/\" \/>\n<meta property=\"og:locale\" content=\"es_MX\" \/>\n<meta property=\"og:type\" content=\"article\" \/>\n<meta property=\"og:title\" content=\"Programa Bachet\u00f3n supera expectativas con m\u00e1s de 29 mil km de carreteras reparadas | Nexo Informativo Santiago de Quer\u00e9taro\" \/>\n<meta property=\"og:description\" content=\"Programa Bachet\u00f3n supera expectativas con m\u00e1s de 29 mil km de carreteras reparadas\" \/>\n<meta property=\"og:url\" content=\"https:\/\/www.nexoinformativo.mx\/index.php\/2025\/02\/11\/programa-bacheton-supera-expectativas-mas-de-29-mil-km-de-carreteras-reparadas\/\" \/>\n<meta property=\"og:site_name\" content=\"Nexo Informativo Santiago de Quer\u00e9taro\" \/>\n<meta property=\"article:publisher\" content=\"https:\/\/www.facebook.com\/people\/Nexo-Informativo\/61564066885511\/\" \/>\n<meta property=\"article:published_time\" content=\"2025-02-11T19:00:40+00:00\" \/>\n<meta property=\"article:modified_time\" content=\"2025-02-12T02:44:58+00:00\" \/>\n<meta property=\"og:image\" content=\"https:\/\/www.nexoinformativo.mx\/wp-content\/uploads\/2025\/02\/IMG_0502.jpeg\" \/>\n\t<meta property=\"og:image:width\" content=\"754\" \/>\n\t<meta property=\"og:image:height\" content=\"416\" \/>\n\t<meta property=\"og:image:type\" content=\"image\/jpeg\" \/>\n<meta name=\"author\" content=\"Nexo Informativo\" \/>\n<meta name=\"twitter:card\" content=\"summary_large_image\" \/>\n<meta name=\"twitter:label1\" content=\"Escrito por\" \/>\n\t<meta name=\"twitter:data1\" content=\"Nexo Informativo\" \/>\n\t<meta name=\"twitter:label2\" content=\"Tiempo de lectura\" \/>\n\t<meta name=\"twitter:data2\" content=\"2 minutos\" \/>\n<script type=\"application\/ld+json\" class=\"yoast-schema-graph\">{\"@context\":\"https:\/\/schema.org\",\"@graph\":[{\"@type\":\"Article\",\"@id\":\"https:\/\/www.nexoinformativo.mx\/index.php\/2025\/02\/11\/programa-bacheton-supera-expectativas-mas-de-29-mil-km-de-carreteras-reparadas\/#article\",\"isPartOf\":{\"@id\":\"https:\/\/www.nexoinformativo.mx\/index.php\/2025\/02\/11\/programa-bacheton-supera-expectativas-mas-de-29-mil-km-de-carreteras-reparadas\/\"},\"author\":{\"name\":\"Nexo Informativo\",\"@id\":\"https:\/\/www.nexoinformativo.mx\/#\/schema\/person\/7749d380ba08c8ca00d7bc76fd907b7d\"},\"headline\":\"Programa Bachet\u00f3n supera expectativas con m\u00e1s de 29 mil km de carreteras reparadas\",\"datePublished\":\"2025-02-11T19:00:40+00:00\",\"dateModified\":\"2025-02-12T02:44:58+00:00\",\"mainEntityOfPage\":{\"@id\":\"https:\/\/www.nexoinformativo.mx\/index.php\/2025\/02\/11\/programa-bacheton-supera-expectativas-mas-de-29-mil-km-de-carreteras-reparadas\/\"},\"wordCount\":215,\"commentCount\":0,\"publisher\":{\"@id\":\"https:\/\/www.nexoinformativo.mx\/#organization\"},\"image\":{\"@id\":\"https:\/\/www.nexoinformativo.mx\/index.php\/2025\/02\/11\/programa-bacheton-supera-expectativas-mas-de-29-mil-km-de-carreteras-reparadas\/#primaryimage\"},\"thumbnailUrl\":\"https:\/\/www.nexoinformativo.mx\/wp-content\/uploads\/2025\/02\/IMG_0502.jpeg\",\"keywords\":[\"Bacheo\",\"Carreteras\",\"Infraestructura\",\"M\u00e9xico\"],\"articleSection\":[\"Nacional\",\"\u00daltima Hora\"],\"inLanguage\":\"es\",\"potentialAction\":[{\"@type\":\"CommentAction\",\"name\":\"Comment\",\"target\":[\"https:\/\/www.nexoinformativo.mx\/index.php\/2025\/02\/11\/programa-bacheton-supera-expectativas-mas-de-29-mil-km-de-carreteras-reparadas\/#respond\"]}]},{\"@type\":\"WebPage\",\"@id\":\"https:\/\/www.nexoinformativo.mx\/index.php\/2025\/02\/11\/programa-bacheton-supera-expectativas-mas-de-29-mil-km-de-carreteras-reparadas\/\",\"url\":\"https:\/\/www.nexoinformativo.mx\/index.php\/2025\/02\/11\/programa-bacheton-supera-expectativas-mas-de-29-mil-km-de-carreteras-reparadas\/\",\"name\":\"Programa Bachet\u00f3n supera expectativas con m\u00e1s de 29 mil km de carreteras reparadas | Nexo Informativo Santiago de Quer\u00e9taro\",\"isPartOf\":{\"@id\":\"https:\/\/www.nexoinformativo.mx\/#website\"},\"primaryImageOfPage\":{\"@id\":\"https:\/\/www.nexoinformativo.mx\/index.php\/2025\/02\/11\/programa-bacheton-supera-expectativas-mas-de-29-mil-km-de-carreteras-reparadas\/#primaryimage\"},\"image\":{\"@id\":\"https:\/\/www.nexoinformativo.mx\/index.php\/2025\/02\/11\/programa-bacheton-supera-expectativas-mas-de-29-mil-km-de-carreteras-reparadas\/#primaryimage\"},\"thumbnailUrl\":\"https:\/\/www.nexoinformativo.mx\/wp-content\/uploads\/2025\/02\/IMG_0502.jpeg\",\"datePublished\":\"2025-02-11T19:00:40+00:00\",\"dateModified\":\"2025-02-12T02:44:58+00:00\",\"description\":\"Programa Bachet\u00f3n supera expectativas con m\u00e1s de 29 mil km de carreteras reparadas\",\"breadcrumb\":{\"@id\":\"https:\/\/www.nexoinformativo.mx\/index.php\/2025\/02\/11\/programa-bacheton-supera-expectativas-mas-de-29-mil-km-de-carreteras-reparadas\/#breadcrumb\"},\"inLanguage\":\"es\",\"potentialAction\":[{\"@type\":\"ReadAction\",\"target\":[\"https:\/\/www.nexoinformativo.mx\/index.php\/2025\/02\/11\/programa-bacheton-supera-expectativas-mas-de-29-mil-km-de-carreteras-reparadas\/\"]}]},{\"@type\":\"ImageObject\",\"inLanguage\":\"es\",\"@id\":\"https:\/\/www.nexoinformativo.mx\/index.php\/2025\/02\/11\/programa-bacheton-supera-expectativas-mas-de-29-mil-km-de-carreteras-reparadas\/#primaryimage\",\"url\":\"https:\/\/www.nexoinformativo.mx\/wp-content\/uploads\/2025\/02\/IMG_0502.jpeg\",\"contentUrl\":\"https:\/\/www.nexoinformativo.mx\/wp-content\/uploads\/2025\/02\/IMG_0502.jpeg\",\"width\":754,\"height\":416},{\"@type\":\"BreadcrumbList\",\"@id\":\"https:\/\/www.nexoinformativo.mx\/index.php\/2025\/02\/11\/programa-bacheton-supera-expectativas-mas-de-29-mil-km-de-carreteras-reparadas\/#breadcrumb\",\"itemListElement\":[{\"@type\":\"ListItem\",\"position\":1,\"name\":\"Inicio\",\"item\":\"https:\/\/www.nexoinformativo.mx\/\"},{\"@type\":\"ListItem\",\"position\":2,\"name\":\"Programa Bachet\u00f3n supera expectativas con m\u00e1s de 29 mil km de carreteras reparadas\"}]},{\"@type\":\"WebSite\",\"@id\":\"https:\/\/www.nexoinformativo.mx\/#website\",\"url\":\"https:\/\/www.nexoinformativo.mx\/\",\"name\":\"Nexo Informativo Santiago de Quer\u00e9taro\",\"description\":\"Explora NexoInformativo y convi\u00e9rtete en parte de una comunidad que valora el conocimiento y la verdad. Tu nexoinformativo es tu puente hacia una comprensi\u00f3n m\u00e1s profunda del mundo que te rodea.\",\"publisher\":{\"@id\":\"https:\/\/www.nexoinformativo.mx\/#organization\"},\"potentialAction\":[{\"@type\":\"SearchAction\",\"target\":{\"@type\":\"EntryPoint\",\"urlTemplate\":\"https:\/\/www.nexoinformativo.mx\/?s={search_term_string}\"},\"query-input\":{\"@type\":\"PropertyValueSpecification\",\"valueRequired\":true,\"valueName\":\"search_term_string\"}}],\"inLanguage\":\"es\"},{\"@type\":\"Organization\",\"@id\":\"https:\/\/www.nexoinformativo.mx\/#organization\",\"name\":\"Nexo Informativo Santiago de Quer\u00e9taro\",\"url\":\"https:\/\/www.nexoinformativo.mx\/\",\"logo\":{\"@type\":\"ImageObject\",\"inLanguage\":\"es\",\"@id\":\"https:\/\/www.nexoinformativo.mx\/#\/schema\/logo\/image\/\",\"url\":\"https:\/\/www.nexoinformativo.mx\/wp-content\/uploads\/2024\/07\/nexoi-trasparente-2.png\",\"contentUrl\":\"https:\/\/www.nexoinformativo.mx\/wp-content\/uploads\/2024\/07\/nexoi-trasparente-2.png\",\"width\":816,\"height\":339,\"caption\":\"Nexo Informativo Santiago de Quer\u00e9taro\"},\"image\":{\"@id\":\"https:\/\/www.nexoinformativo.mx\/#\/schema\/logo\/image\/\"},\"sameAs\":[\"https:\/\/www.facebook.com\/people\/Nexo-Informativo\/61564066885511\/\"]},{\"@type\":\"Person\",\"@id\":\"https:\/\/www.nexoinformativo.mx\/#\/schema\/person\/7749d380ba08c8ca00d7bc76fd907b7d\",\"name\":\"Nexo Informativo\",\"image\":{\"@type\":\"ImageObject\",\"inLanguage\":\"es\",\"@id\":\"https:\/\/www.nexoinformativo.mx\/#\/schema\/person\/image\/\",\"url\":\"https:\/\/secure.gravatar.com\/avatar\/dde2928154642a13d95f87ddf1ea9718fe2b46760a005c53e41ff5ad610704e6?s=96&d=mm&r=g\",\"contentUrl\":\"https:\/\/secure.gravatar.com\/avatar\/dde2928154642a13d95f87ddf1ea9718fe2b46760a005c53e41ff5ad610704e6?s=96&d=mm&r=g\",\"caption\":\"Nexo Informativo\"},\"url\":\"https:\/\/www.nexoinformativo.mx\/index.php\/author\/edicion\/\"}]}<\/script>\n<!-- \/ Yoast SEO plugin. -->","yoast_head_json":{"title":"Programa Bachet\u00f3n supera expectativas con m\u00e1s de 29 mil km de carreteras reparadas | Nexo Informativo Santiago de Quer\u00e9taro","description":"Programa Bachet\u00f3n supera expectativas con m\u00e1s de 29 mil km de carreteras reparadas","robots":{"index":"index","follow":"follow","max-snippet":"max-snippet:-1","max-image-preview":"max-image-preview:large","max-video-preview":"max-video-preview:-1"},"canonical":"https:\/\/www.nexoinformativo.mx\/index.php\/2025\/02\/11\/programa-bacheton-supera-expectativas-mas-de-29-mil-km-de-carreteras-reparadas\/","og_locale":"es_MX","og_type":"article","og_title":"Programa Bachet\u00f3n supera expectativas con m\u00e1s de 29 mil km de carreteras reparadas | Nexo Informativo Santiago de Quer\u00e9taro","og_description":"Programa Bachet\u00f3n supera expectativas con m\u00e1s de 29 mil km de carreteras reparadas","og_url":"https:\/\/www.nexoinformativo.mx\/index.php\/2025\/02\/11\/programa-bacheton-supera-expectativas-mas-de-29-mil-km-de-carreteras-reparadas\/","og_site_name":"Nexo Informativo Santiago de Quer\u00e9taro","article_publisher":"https:\/\/www.facebook.com\/people\/Nexo-Informativo\/61564066885511\/","article_published_time":"2025-02-11T19:00:40+00:00","article_modified_time":"2025-02-12T02:44:58+00:00","og_image":[{"width":754,"height":416,"url":"https:\/\/www.nexoinformativo.mx\/wp-content\/uploads\/2025\/02\/IMG_0502.jpeg","type":"image\/jpeg"}],"author":"Nexo Informativo","twitter_card":"summary_large_image","twitter_misc":{"Escrito por":"Nexo Informativo","Tiempo de lectura":"2 minutos"},"schema":{"@context":"https:\/\/schema.org","@graph":[{"@type":"Article","@id":"https:\/\/www.nexoinformativo.mx\/index.php\/2025\/02\/11\/programa-bacheton-supera-expectativas-mas-de-29-mil-km-de-carreteras-reparadas\/#article","isPartOf":{"@id":"https:\/\/www.nexoinformativo.mx\/index.php\/2025\/02\/11\/programa-bacheton-supera-expectativas-mas-de-29-mil-km-de-carreteras-reparadas\/"},"author":{"name":"Nexo Informativo","@id":"https:\/\/www.nexoinformativo.mx\/#\/schema\/person\/7749d380ba08c8ca00d7bc76fd907b7d"},"headline":"Programa Bachet\u00f3n supera expectativas con m\u00e1s de 29 mil km de carreteras reparadas","datePublished":"2025-02-11T19:00:40+00:00","dateModified":"2025-02-12T02:44:58+00:00","mainEntityOfPage":{"@id":"https:\/\/www.nexoinformativo.mx\/index.php\/2025\/02\/11\/programa-bacheton-supera-expectativas-mas-de-29-mil-km-de-carreteras-reparadas\/"},"wordCount":215,"commentCount":0,"publisher":{"@id":"https:\/\/www.nexoinformativo.mx\/#organization"},"image":{"@id":"https:\/\/www.nexoinformativo.mx\/index.php\/2025\/02\/11\/programa-bacheton-supera-expectativas-mas-de-29-mil-km-de-carreteras-reparadas\/#primaryimage"},"thumbnailUrl":"https:\/\/www.nexoinformativo.mx\/wp-content\/uploads\/2025\/02\/IMG_0502.jpeg","keywords":["Bacheo","Carreteras","Infraestructura","M\u00e9xico"],"articleSection":["Nacional","\u00daltima Hora"],"inLanguage":"es","potentialAction":[{"@type":"CommentAction","name":"Comment","target":["https:\/\/www.nexoinformativo.mx\/index.php\/2025\/02\/11\/programa-bacheton-supera-expectativas-mas-de-29-mil-km-de-carreteras-reparadas\/#respond"]}]},{"@type":"WebPage","@id":"https:\/\/www.nexoinformativo.mx\/index.php\/2025\/02\/11\/programa-bacheton-supera-expectativas-mas-de-29-mil-km-de-carreteras-reparadas\/","url":"https:\/\/www.nexoinformativo.mx\/index.php\/2025\/02\/11\/programa-bacheton-supera-expectativas-mas-de-29-mil-km-de-carreteras-reparadas\/","name":"Programa Bachet\u00f3n supera expectativas con m\u00e1s de 29 mil km de carreteras reparadas | Nexo Informativo Santiago de Quer\u00e9taro","isPartOf":{"@id":"https:\/\/www.nexoinformativo.mx\/#website"},"primaryImageOfPage":{"@id":"https:\/\/www.nexoinformativo.mx\/index.php\/2025\/02\/11\/programa-bacheton-supera-expectativas-mas-de-29-mil-km-de-carreteras-reparadas\/#primaryimage"},"image":{"@id":"https:\/\/www.nexoinformativo.mx\/index.php\/2025\/02\/11\/programa-bacheton-supera-expectativas-mas-de-29-mil-km-de-carreteras-reparadas\/#primaryimage"},"thumbnailUrl":"https:\/\/www.nexoinformativo.mx\/wp-content\/uploads\/2025\/02\/IMG_0502.jpeg","datePublished":"2025-02-11T19:00:40+00:00","dateModified":"2025-02-12T02:44:58+00:00","description":"Programa Bachet\u00f3n supera expectativas con m\u00e1s de 29 mil km de carreteras reparadas","breadcrumb":{"@id":"https:\/\/www.nexoinformativo.mx\/index.php\/2025\/02\/11\/programa-bacheton-supera-expectativas-mas-de-29-mil-km-de-carreteras-reparadas\/#breadcrumb"},"inLanguage":"es","potentialAction":[{"@type":"ReadAction","target":["https:\/\/www.nexoinformativo.mx\/index.php\/2025\/02\/11\/programa-bacheton-supera-expectativas-mas-de-29-mil-km-de-carreteras-reparadas\/"]}]},{"@type":"ImageObject","inLanguage":"es","@id":"https:\/\/www.nexoinformativo.mx\/index.php\/2025\/02\/11\/programa-bacheton-supera-expectativas-mas-de-29-mil-km-de-carreteras-reparadas\/#primaryimage","url":"https:\/\/www.nexoinformativo.mx\/wp-content\/uploads\/2025\/02\/IMG_0502.jpeg","contentUrl":"https:\/\/www.nexoinformativo.mx\/wp-content\/uploads\/2025\/02\/IMG_0502.jpeg","width":754,"height":416},{"@type":"BreadcrumbList","@id":"https:\/\/www.nexoinformativo.mx\/index.php\/2025\/02\/11\/programa-bacheton-supera-expectativas-mas-de-29-mil-km-de-carreteras-reparadas\/#breadcrumb","itemListElement":[{"@type":"ListItem","position":1,"name":"Inicio","item":"https:\/\/www.nexoinformativo.mx\/"},{"@type":"ListItem","position":2,"name":"Programa Bachet\u00f3n supera expectativas con m\u00e1s de 29 mil km de carreteras reparadas"}]},{"@type":"WebSite","@id":"https:\/\/www.nexoinformativo.mx\/#website","url":"https:\/\/www.nexoinformativo.mx\/","name":"Nexo Informativo Santiago de Quer\u00e9taro","description":"Explora NexoInformativo y convi\u00e9rtete en parte de una comunidad que valora el conocimiento y la verdad. Tu nexoinformativo es tu puente hacia una comprensi\u00f3n m\u00e1s profunda del mundo que te rodea.","publisher":{"@id":"https:\/\/www.nexoinformativo.mx\/#organization"},"potentialAction":[{"@type":"SearchAction","target":{"@type":"EntryPoint","urlTemplate":"https:\/\/www.nexoinformativo.mx\/?s={search_term_string}"},"query-input":{"@type":"PropertyValueSpecification","valueRequired":true,"valueName":"search_term_string"}}],"inLanguage":"es"},{"@type":"Organization","@id":"https:\/\/www.nexoinformativo.mx\/#organization","name":"Nexo Informativo Santiago de Quer\u00e9taro","url":"https:\/\/www.nexoinformativo.mx\/","logo":{"@type":"ImageObject","inLanguage":"es","@id":"https:\/\/www.nexoinformativo.mx\/#\/schema\/logo\/image\/","url":"https:\/\/www.nexoinformativo.mx\/wp-content\/uploads\/2024\/07\/nexoi-trasparente-2.png","contentUrl":"https:\/\/www.nexoinformativo.mx\/wp-content\/uploads\/2024\/07\/nexoi-trasparente-2.png","width":816,"height":339,"caption":"Nexo Informativo Santiago de Quer\u00e9taro"},"image":{"@id":"https:\/\/www.nexoinformativo.mx\/#\/schema\/logo\/image\/"},"sameAs":["https:\/\/www.facebook.com\/people\/Nexo-Informativo\/61564066885511\/"]},{"@type":"Person","@id":"https:\/\/www.nexoinformativo.mx\/#\/schema\/person\/7749d380ba08c8ca00d7bc76fd907b7d","name":"Nexo Informativo","image":{"@type":"ImageObject","inLanguage":"es","@id":"https:\/\/www.nexoinformativo.mx\/#\/schema\/person\/image\/","url":"https:\/\/secure.gravatar.com\/avatar\/dde2928154642a13d95f87ddf1ea9718fe2b46760a005c53e41ff5ad610704e6?s=96&d=mm&r=g","contentUrl":"https:\/\/secure.gravatar.com\/avatar\/dde2928154642a13d95f87ddf1ea9718fe2b46760a005c53e41ff5ad610704e6?s=96&d=mm&r=g","caption":"Nexo Informativo"},"url":"https:\/\/www.nexoinformativo.mx\/index.php\/author\/edicion\/"}]}},"_links":{"self":[{"href":"https:\/\/www.nexoinformativo.mx\/index.php\/wp-json\/wp\/v2\/posts\/11488","targetHints":{"allow":["GET"]}}],"collection":[{"href":"https:\/\/www.nexoinformativo.mx\/index.php\/wp-json\/wp\/v2\/posts"}],"about":[{"href":"https:\/\/www.nexoinformativo.mx\/index.php\/wp-json\/wp\/v2\/types\/post"}],"author":[{"embeddable":true,"href":"https:\/\/www.nexoinformativo.mx\/index.php\/wp-json\/wp\/v2\/users\/3"}],"replies":[{"embeddable":true,"href":"https:\/\/www.nexoinformativo.mx\/index.php\/wp-json\/wp\/v2\/comments?post=11488"}],"version-history":[{"count":4,"href":"https:\/\/www.nexoinformativo.mx\/index.php\/wp-json\/wp\/v2\/posts\/11488\/revisions"}],"predecessor-version":[{"id":11492,"href":"https:\/\/www.nexoinformativo.mx\/index.php\/wp-json\/wp\/v2\/posts\/11488\/revisions\/11492"}],"wp:featuredmedia":[{"embeddable":true,"href":"https:\/\/www.nexoinformativo.mx\/index.php\/wp-json\/wp\/v2\/media\/11489"}],"wp:attachment":[{"href":"https:\/\/www.nexoinformativo.mx\/index.php\/wp-json\/wp\/v2\/media?parent=11488"}],"wp:term":[{"taxonomy":"category","embeddable":true,"href":"https:\/\/www.nexoinformativo.mx\/index.php\/wp-json\/wp\/v2\/categories?post=11488"},{"taxonomy":"post_tag","embeddable":true,"href":"https:\/\/www.nexoinformativo.mx\/index.php\/wp-json\/wp\/v2\/tags?post=11488"}],"curies":[{"name":"wp","href":"https:\/\/api.w.org\/{rel}","templated":true}]}}