{"id":11501,"date":"2025-02-11T15:00:56","date_gmt":"2025-02-11T21:00:56","guid":{"rendered":"https:\/\/www.nexoinformativo.mx\/?p=11501"},"modified":"2025-02-11T20:54:37","modified_gmt":"2025-02-12T02:54:37","slug":"inicia-construccion-de-ciudad-marques-un-mega-proyecto-que-generara-miles-de-empleos","status":"publish","type":"post","link":"https:\/\/www.nexoinformativo.mx\/index.php\/2025\/02\/11\/inicia-construccion-de-ciudad-marques-un-mega-proyecto-que-generara-miles-de-empleos\/","title":{"rendered":"Inicia construcci\u00f3n de Ciudad Marqu\u00e9s un mega proyecto que generar\u00e1 miles de empleos"},"content":{"rendered":"<p style=\"text-align: justify;\" data-sourcepos=\"11:1-11:260\">Con una inversi\u00f3n de m\u00e1s de 40 mil millones de pesos, este d\u00eda se dio el arranque oficial de la construcci\u00f3n del Parque Industrial Ciudad Marqu\u00e9s, un ambicioso proyecto que promete transformar la regi\u00f3n y generar miles de empleos.<\/p>\n<\/p>\n<p>&nbsp;<\/p>\n<p style=\"text-align: justify;\" data-sourcepos=\"13:1-13:289\">Desarrollado por Frisa Parques Industriales, este megaproyecto integra espacios industriales, comerciales, residenciales y educativos en un solo lugar. En su primera etapa, se colocar\u00e1 la primera piedra del primer edificio industrial que ser\u00e1 ocupado por la empresa EOI Electronics M\u00e9xico.<\/p>\n<\/p>\n<p>&nbsp;<\/p>\n<p style=\"text-align: justify;\" data-sourcepos=\"15:1-15:206\"><strong>&#8220;Ciudad Marqu\u00e9s es un proyecto que va m\u00e1s all\u00e1 de un parque industrial. Es un nuevo centro de desarrollo que ofrecer\u00e1 oportunidades para vivir, trabajar y crecer&#8221;<\/strong>, se\u00f1al\u00f3 Carlos Rivera, CEO de Frisa.<\/p>\n<\/p>\n<p>&nbsp;<\/p>\n<p style=\"text-align: justify;\" data-sourcepos=\"17:1-17:374\">El desarrollo industrial, con una extensi\u00f3n de 130 hect\u00e1reas, contar\u00e1 con una infraestructura moderna y servicios de calidad, lo que lo convertir\u00e1 en un destino atractivo para empresas nacionales e internacionales.<\/p>\n<\/p>\n<p>&nbsp;<\/p>\n<p style=\"text-align: justify;\" data-sourcepos=\"17:1-17:374\">Por su parte, el desarrollo residencial ofrecer\u00e1 18 mil viviendas, mientras que el \u00e1rea comercial contar\u00e1 con 120 mil metros cuadrados de espacios arrendables.<\/p>\n<\/p>\n<p>&nbsp;<\/p>\n<p style=\"text-align: justify;\" data-sourcepos=\"19:1-19:202\">Este proyecto no solo generar\u00e1 empleos directos, sino que tambi\u00e9n impulsar\u00e1 la econom\u00eda local y regional. Se estima que a mediano y largo plazo, Ciudad Marqu\u00e9s podr\u00e1 generar alrededor de 20 mil empleos.<\/p>\n<\/p>\n<p>&nbsp;<\/p>\n<p style=\"text-align: justify;\" data-sourcepos=\"21:1-21:316\">El gobierno estatal ha mostrado su apoyo a este proyecto, reconociendo su potencial para atraer inversiones y generar desarrollo econ\u00f3mico.<\/p>\n<\/p>\n<p>&nbsp;<\/p>\n<p style=\"text-align: justify;\" data-sourcepos=\"21:1-21:316\">El secretario de Desarrollo Sustentable, Marco Del Prete, destac\u00f3 la importancia de crear las condiciones adecuadas para que las empresas puedan invertir y crecer en Quer\u00e9taro.<\/p>\n<\/p>\n<p>&nbsp;<\/p>\n<p style=\"text-align: justify;\" data-sourcepos=\"23:1-23:252\">Este megaproyecto representa una apuesta por el futuro y un compromiso con el desarrollo econ\u00f3mico y social de la regi\u00f3n.<\/p>\n<\/p>\n<p>&nbsp;<\/p>\n<p style=\"text-align: center;\" data-sourcepos=\"23:1-23:252\"><em><strong>\u00a1Informaci\u00f3n que transforma!<\/strong><\/em><\/p>\n","protected":false},"excerpt":{"rendered":"<p>Con una inversi\u00f3n de m\u00e1s de 40 mil millones de pesos, este d\u00eda se dio el arranque oficial de la construcci\u00f3n del Parque Industrial Ciudad Marqu\u00e9s, un ambicioso proyecto que promete transformar la regi\u00f3n y generar miles de empleos.<\/p>\n","protected":false},"author":3,"featured_media":11502,"comment_status":"open","ping_status":"open","sticky":false,"template":"","format":"standard","meta":{"footnotes":""},"categories":[65,58],"tags":[3391,1377,142,133],"class_list":["post-11501","post","type-post","status-publish","format-standard","has-post-thumbnail","hentry","category-municipios","category-ultima-hora","tag-ciudadmarques","tag-desarrolloindustrial","tag-inversion","tag-queretaro"],"yoast_head":"<!-- This site is optimized with the Yoast SEO plugin v25.0 - https:\/\/yoast.com\/wordpress\/plugins\/seo\/ -->\n<title>Inicia construcci\u00f3n de Ciudad Marqu\u00e9s un mega proyecto que generar\u00e1 miles de empleos | Nexo Informativo Santiago de Quer\u00e9taro<\/title>\n<meta name=\"description\" content=\"Inicia construcci\u00f3n de Ciudad Marqu\u00e9s un mega proyecto que generar\u00e1 miles de empleos\" \/>\n<meta name=\"robots\" content=\"index, follow, max-snippet:-1, max-image-preview:large, max-video-preview:-1\" \/>\n<link rel=\"canonical\" href=\"https:\/\/www.nexoinformativo.mx\/index.php\/2025\/02\/11\/inicia-construccion-de-ciudad-marques-un-mega-proyecto-que-generara-miles-de-empleos\/\" \/>\n<meta property=\"og:locale\" content=\"es_MX\" \/>\n<meta property=\"og:type\" content=\"article\" \/>\n<meta property=\"og:title\" content=\"Inicia construcci\u00f3n de Ciudad Marqu\u00e9s un mega proyecto que generar\u00e1 miles de empleos | Nexo Informativo Santiago de Quer\u00e9taro\" \/>\n<meta property=\"og:description\" content=\"Inicia construcci\u00f3n de Ciudad Marqu\u00e9s un mega proyecto que generar\u00e1 miles de empleos\" \/>\n<meta property=\"og:url\" content=\"https:\/\/www.nexoinformativo.mx\/index.php\/2025\/02\/11\/inicia-construccion-de-ciudad-marques-un-mega-proyecto-que-generara-miles-de-empleos\/\" \/>\n<meta property=\"og:site_name\" content=\"Nexo Informativo Santiago de Quer\u00e9taro\" \/>\n<meta property=\"article:publisher\" content=\"https:\/\/www.facebook.com\/people\/Nexo-Informativo\/61564066885511\/\" \/>\n<meta property=\"article:published_time\" content=\"2025-02-11T21:00:56+00:00\" \/>\n<meta property=\"article:modified_time\" content=\"2025-02-12T02:54:37+00:00\" \/>\n<meta property=\"og:image\" content=\"https:\/\/www.nexoinformativo.mx\/wp-content\/uploads\/2025\/02\/6b8a64a7-c8c5-4fc5-8b1d-bd6d360dfc0e-e1739328822437.jpeg\" \/>\n\t<meta property=\"og:image:width\" content=\"800\" \/>\n\t<meta property=\"og:image:height\" content=\"600\" \/>\n\t<meta property=\"og:image:type\" content=\"image\/jpeg\" \/>\n<meta name=\"author\" content=\"Nexo Informativo\" \/>\n<meta name=\"twitter:card\" content=\"summary_large_image\" \/>\n<meta name=\"twitter:label1\" content=\"Escrito por\" \/>\n\t<meta name=\"twitter:data1\" content=\"Nexo Informativo\" \/>\n\t<meta name=\"twitter:label2\" content=\"Tiempo de lectura\" \/>\n\t<meta name=\"twitter:data2\" content=\"2 minutos\" \/>\n<script type=\"application\/ld+json\" class=\"yoast-schema-graph\">{\"@context\":\"https:\/\/schema.org\",\"@graph\":[{\"@type\":\"Article\",\"@id\":\"https:\/\/www.nexoinformativo.mx\/index.php\/2025\/02\/11\/inicia-construccion-de-ciudad-marques-un-mega-proyecto-que-generara-miles-de-empleos\/#article\",\"isPartOf\":{\"@id\":\"https:\/\/www.nexoinformativo.mx\/index.php\/2025\/02\/11\/inicia-construccion-de-ciudad-marques-un-mega-proyecto-que-generara-miles-de-empleos\/\"},\"author\":{\"name\":\"Nexo Informativo\",\"@id\":\"https:\/\/www.nexoinformativo.mx\/#\/schema\/person\/7749d380ba08c8ca00d7bc76fd907b7d\"},\"headline\":\"Inicia construcci\u00f3n de Ciudad Marqu\u00e9s un mega proyecto que generar\u00e1 miles de empleos\",\"datePublished\":\"2025-02-11T21:00:56+00:00\",\"dateModified\":\"2025-02-12T02:54:37+00:00\",\"mainEntityOfPage\":{\"@id\":\"https:\/\/www.nexoinformativo.mx\/index.php\/2025\/02\/11\/inicia-construccion-de-ciudad-marques-un-mega-proyecto-que-generara-miles-de-empleos\/\"},\"wordCount\":308,\"commentCount\":0,\"publisher\":{\"@id\":\"https:\/\/www.nexoinformativo.mx\/#organization\"},\"image\":{\"@id\":\"https:\/\/www.nexoinformativo.mx\/index.php\/2025\/02\/11\/inicia-construccion-de-ciudad-marques-un-mega-proyecto-que-generara-miles-de-empleos\/#primaryimage\"},\"thumbnailUrl\":\"https:\/\/www.nexoinformativo.mx\/wp-content\/uploads\/2025\/02\/6b8a64a7-c8c5-4fc5-8b1d-bd6d360dfc0e-e1739328822437.jpeg\",\"keywords\":[\"CiudadMarqu\u00e9s\",\"DesarrolloIndustrial\",\"Inversi\u00f3n\",\"Quer\u00e9taro\"],\"articleSection\":[\"Municipios\",\"\u00daltima Hora\"],\"inLanguage\":\"es\",\"potentialAction\":[{\"@type\":\"CommentAction\",\"name\":\"Comment\",\"target\":[\"https:\/\/www.nexoinformativo.mx\/index.php\/2025\/02\/11\/inicia-construccion-de-ciudad-marques-un-mega-proyecto-que-generara-miles-de-empleos\/#respond\"]}]},{\"@type\":\"WebPage\",\"@id\":\"https:\/\/www.nexoinformativo.mx\/index.php\/2025\/02\/11\/inicia-construccion-de-ciudad-marques-un-mega-proyecto-que-generara-miles-de-empleos\/\",\"url\":\"https:\/\/www.nexoinformativo.mx\/index.php\/2025\/02\/11\/inicia-construccion-de-ciudad-marques-un-mega-proyecto-que-generara-miles-de-empleos\/\",\"name\":\"Inicia construcci\u00f3n de Ciudad Marqu\u00e9s un mega proyecto que generar\u00e1 miles de empleos | Nexo Informativo Santiago de Quer\u00e9taro\",\"isPartOf\":{\"@id\":\"https:\/\/www.nexoinformativo.mx\/#website\"},\"primaryImageOfPage\":{\"@id\":\"https:\/\/www.nexoinformativo.mx\/index.php\/2025\/02\/11\/inicia-construccion-de-ciudad-marques-un-mega-proyecto-que-generara-miles-de-empleos\/#primaryimage\"},\"image\":{\"@id\":\"https:\/\/www.nexoinformativo.mx\/index.php\/2025\/02\/11\/inicia-construccion-de-ciudad-marques-un-mega-proyecto-que-generara-miles-de-empleos\/#primaryimage\"},\"thumbnailUrl\":\"https:\/\/www.nexoinformativo.mx\/wp-content\/uploads\/2025\/02\/6b8a64a7-c8c5-4fc5-8b1d-bd6d360dfc0e-e1739328822437.jpeg\",\"datePublished\":\"2025-02-11T21:00:56+00:00\",\"dateModified\":\"2025-02-12T02:54:37+00:00\",\"description\":\"Inicia construcci\u00f3n de Ciudad Marqu\u00e9s un mega proyecto que generar\u00e1 miles de empleos\",\"breadcrumb\":{\"@id\":\"https:\/\/www.nexoinformativo.mx\/index.php\/2025\/02\/11\/inicia-construccion-de-ciudad-marques-un-mega-proyecto-que-generara-miles-de-empleos\/#breadcrumb\"},\"inLanguage\":\"es\",\"potentialAction\":[{\"@type\":\"ReadAction\",\"target\":[\"https:\/\/www.nexoinformativo.mx\/index.php\/2025\/02\/11\/inicia-construccion-de-ciudad-marques-un-mega-proyecto-que-generara-miles-de-empleos\/\"]}]},{\"@type\":\"ImageObject\",\"inLanguage\":\"es\",\"@id\":\"https:\/\/www.nexoinformativo.mx\/index.php\/2025\/02\/11\/inicia-construccion-de-ciudad-marques-un-mega-proyecto-que-generara-miles-de-empleos\/#primaryimage\",\"url\":\"https:\/\/www.nexoinformativo.mx\/wp-content\/uploads\/2025\/02\/6b8a64a7-c8c5-4fc5-8b1d-bd6d360dfc0e-e1739328822437.jpeg\",\"contentUrl\":\"https:\/\/www.nexoinformativo.mx\/wp-content\/uploads\/2025\/02\/6b8a64a7-c8c5-4fc5-8b1d-bd6d360dfc0e-e1739328822437.jpeg\",\"width\":800,\"height\":600},{\"@type\":\"BreadcrumbList\",\"@id\":\"https:\/\/www.nexoinformativo.mx\/index.php\/2025\/02\/11\/inicia-construccion-de-ciudad-marques-un-mega-proyecto-que-generara-miles-de-empleos\/#breadcrumb\",\"itemListElement\":[{\"@type\":\"ListItem\",\"position\":1,\"name\":\"Inicio\",\"item\":\"https:\/\/www.nexoinformativo.mx\/\"},{\"@type\":\"ListItem\",\"position\":2,\"name\":\"Inicia construcci\u00f3n de Ciudad Marqu\u00e9s un mega proyecto que generar\u00e1 miles de empleos\"}]},{\"@type\":\"WebSite\",\"@id\":\"https:\/\/www.nexoinformativo.mx\/#website\",\"url\":\"https:\/\/www.nexoinformativo.mx\/\",\"name\":\"Nexo Informativo Santiago de Quer\u00e9taro\",\"description\":\"Explora NexoInformativo y convi\u00e9rtete en parte de una comunidad que valora el conocimiento y la verdad. Tu nexoinformativo es tu puente hacia una comprensi\u00f3n m\u00e1s profunda del mundo que te rodea.\",\"publisher\":{\"@id\":\"https:\/\/www.nexoinformativo.mx\/#organization\"},\"potentialAction\":[{\"@type\":\"SearchAction\",\"target\":{\"@type\":\"EntryPoint\",\"urlTemplate\":\"https:\/\/www.nexoinformativo.mx\/?s={search_term_string}\"},\"query-input\":{\"@type\":\"PropertyValueSpecification\",\"valueRequired\":true,\"valueName\":\"search_term_string\"}}],\"inLanguage\":\"es\"},{\"@type\":\"Organization\",\"@id\":\"https:\/\/www.nexoinformativo.mx\/#organization\",\"name\":\"Nexo Informativo Santiago de Quer\u00e9taro\",\"url\":\"https:\/\/www.nexoinformativo.mx\/\",\"logo\":{\"@type\":\"ImageObject\",\"inLanguage\":\"es\",\"@id\":\"https:\/\/www.nexoinformativo.mx\/#\/schema\/logo\/image\/\",\"url\":\"https:\/\/www.nexoinformativo.mx\/wp-content\/uploads\/2024\/07\/nexoi-trasparente-2.png\",\"contentUrl\":\"https:\/\/www.nexoinformativo.mx\/wp-content\/uploads\/2024\/07\/nexoi-trasparente-2.png\",\"width\":816,\"height\":339,\"caption\":\"Nexo Informativo Santiago de Quer\u00e9taro\"},\"image\":{\"@id\":\"https:\/\/www.nexoinformativo.mx\/#\/schema\/logo\/image\/\"},\"sameAs\":[\"https:\/\/www.facebook.com\/people\/Nexo-Informativo\/61564066885511\/\"]},{\"@type\":\"Person\",\"@id\":\"https:\/\/www.nexoinformativo.mx\/#\/schema\/person\/7749d380ba08c8ca00d7bc76fd907b7d\",\"name\":\"Nexo Informativo\",\"image\":{\"@type\":\"ImageObject\",\"inLanguage\":\"es\",\"@id\":\"https:\/\/www.nexoinformativo.mx\/#\/schema\/person\/image\/\",\"url\":\"https:\/\/secure.gravatar.com\/avatar\/dde2928154642a13d95f87ddf1ea9718fe2b46760a005c53e41ff5ad610704e6?s=96&d=mm&r=g\",\"contentUrl\":\"https:\/\/secure.gravatar.com\/avatar\/dde2928154642a13d95f87ddf1ea9718fe2b46760a005c53e41ff5ad610704e6?s=96&d=mm&r=g\",\"caption\":\"Nexo Informativo\"},\"url\":\"https:\/\/www.nexoinformativo.mx\/index.php\/author\/edicion\/\"}]}<\/script>\n<!-- \/ Yoast SEO plugin. -->","yoast_head_json":{"title":"Inicia construcci\u00f3n de Ciudad Marqu\u00e9s un mega proyecto que generar\u00e1 miles de empleos | Nexo Informativo Santiago de Quer\u00e9taro","description":"Inicia construcci\u00f3n de Ciudad Marqu\u00e9s un mega proyecto que generar\u00e1 miles de empleos","robots":{"index":"index","follow":"follow","max-snippet":"max-snippet:-1","max-image-preview":"max-image-preview:large","max-video-preview":"max-video-preview:-1"},"canonical":"https:\/\/www.nexoinformativo.mx\/index.php\/2025\/02\/11\/inicia-construccion-de-ciudad-marques-un-mega-proyecto-que-generara-miles-de-empleos\/","og_locale":"es_MX","og_type":"article","og_title":"Inicia construcci\u00f3n de Ciudad Marqu\u00e9s un mega proyecto que generar\u00e1 miles de empleos | Nexo Informativo Santiago de Quer\u00e9taro","og_description":"Inicia construcci\u00f3n de Ciudad Marqu\u00e9s un mega proyecto que generar\u00e1 miles de empleos","og_url":"https:\/\/www.nexoinformativo.mx\/index.php\/2025\/02\/11\/inicia-construccion-de-ciudad-marques-un-mega-proyecto-que-generara-miles-de-empleos\/","og_site_name":"Nexo Informativo Santiago de Quer\u00e9taro","article_publisher":"https:\/\/www.facebook.com\/people\/Nexo-Informativo\/61564066885511\/","article_published_time":"2025-02-11T21:00:56+00:00","article_modified_time":"2025-02-12T02:54:37+00:00","og_image":[{"width":800,"height":600,"url":"https:\/\/www.nexoinformativo.mx\/wp-content\/uploads\/2025\/02\/6b8a64a7-c8c5-4fc5-8b1d-bd6d360dfc0e-e1739328822437.jpeg","type":"image\/jpeg"}],"author":"Nexo Informativo","twitter_card":"summary_large_image","twitter_misc":{"Escrito por":"Nexo Informativo","Tiempo de lectura":"2 minutos"},"schema":{"@context":"https:\/\/schema.org","@graph":[{"@type":"Article","@id":"https:\/\/www.nexoinformativo.mx\/index.php\/2025\/02\/11\/inicia-construccion-de-ciudad-marques-un-mega-proyecto-que-generara-miles-de-empleos\/#article","isPartOf":{"@id":"https:\/\/www.nexoinformativo.mx\/index.php\/2025\/02\/11\/inicia-construccion-de-ciudad-marques-un-mega-proyecto-que-generara-miles-de-empleos\/"},"author":{"name":"Nexo Informativo","@id":"https:\/\/www.nexoinformativo.mx\/#\/schema\/person\/7749d380ba08c8ca00d7bc76fd907b7d"},"headline":"Inicia construcci\u00f3n de Ciudad Marqu\u00e9s un mega proyecto que generar\u00e1 miles de empleos","datePublished":"2025-02-11T21:00:56+00:00","dateModified":"2025-02-12T02:54:37+00:00","mainEntityOfPage":{"@id":"https:\/\/www.nexoinformativo.mx\/index.php\/2025\/02\/11\/inicia-construccion-de-ciudad-marques-un-mega-proyecto-que-generara-miles-de-empleos\/"},"wordCount":308,"commentCount":0,"publisher":{"@id":"https:\/\/www.nexoinformativo.mx\/#organization"},"image":{"@id":"https:\/\/www.nexoinformativo.mx\/index.php\/2025\/02\/11\/inicia-construccion-de-ciudad-marques-un-mega-proyecto-que-generara-miles-de-empleos\/#primaryimage"},"thumbnailUrl":"https:\/\/www.nexoinformativo.mx\/wp-content\/uploads\/2025\/02\/6b8a64a7-c8c5-4fc5-8b1d-bd6d360dfc0e-e1739328822437.jpeg","keywords":["CiudadMarqu\u00e9s","DesarrolloIndustrial","Inversi\u00f3n","Quer\u00e9taro"],"articleSection":["Municipios","\u00daltima Hora"],"inLanguage":"es","potentialAction":[{"@type":"CommentAction","name":"Comment","target":["https:\/\/www.nexoinformativo.mx\/index.php\/2025\/02\/11\/inicia-construccion-de-ciudad-marques-un-mega-proyecto-que-generara-miles-de-empleos\/#respond"]}]},{"@type":"WebPage","@id":"https:\/\/www.nexoinformativo.mx\/index.php\/2025\/02\/11\/inicia-construccion-de-ciudad-marques-un-mega-proyecto-que-generara-miles-de-empleos\/","url":"https:\/\/www.nexoinformativo.mx\/index.php\/2025\/02\/11\/inicia-construccion-de-ciudad-marques-un-mega-proyecto-que-generara-miles-de-empleos\/","name":"Inicia construcci\u00f3n de Ciudad Marqu\u00e9s un mega proyecto que generar\u00e1 miles de empleos | Nexo Informativo Santiago de Quer\u00e9taro","isPartOf":{"@id":"https:\/\/www.nexoinformativo.mx\/#website"},"primaryImageOfPage":{"@id":"https:\/\/www.nexoinformativo.mx\/index.php\/2025\/02\/11\/inicia-construccion-de-ciudad-marques-un-mega-proyecto-que-generara-miles-de-empleos\/#primaryimage"},"image":{"@id":"https:\/\/www.nexoinformativo.mx\/index.php\/2025\/02\/11\/inicia-construccion-de-ciudad-marques-un-mega-proyecto-que-generara-miles-de-empleos\/#primaryimage"},"thumbnailUrl":"https:\/\/www.nexoinformativo.mx\/wp-content\/uploads\/2025\/02\/6b8a64a7-c8c5-4fc5-8b1d-bd6d360dfc0e-e1739328822437.jpeg","datePublished":"2025-02-11T21:00:56+00:00","dateModified":"2025-02-12T02:54:37+00:00","description":"Inicia construcci\u00f3n de Ciudad Marqu\u00e9s un mega proyecto que generar\u00e1 miles de empleos","breadcrumb":{"@id":"https:\/\/www.nexoinformativo.mx\/index.php\/2025\/02\/11\/inicia-construccion-de-ciudad-marques-un-mega-proyecto-que-generara-miles-de-empleos\/#breadcrumb"},"inLanguage":"es","potentialAction":[{"@type":"ReadAction","target":["https:\/\/www.nexoinformativo.mx\/index.php\/2025\/02\/11\/inicia-construccion-de-ciudad-marques-un-mega-proyecto-que-generara-miles-de-empleos\/"]}]},{"@type":"ImageObject","inLanguage":"es","@id":"https:\/\/www.nexoinformativo.mx\/index.php\/2025\/02\/11\/inicia-construccion-de-ciudad-marques-un-mega-proyecto-que-generara-miles-de-empleos\/#primaryimage","url":"https:\/\/www.nexoinformativo.mx\/wp-content\/uploads\/2025\/02\/6b8a64a7-c8c5-4fc5-8b1d-bd6d360dfc0e-e1739328822437.jpeg","contentUrl":"https:\/\/www.nexoinformativo.mx\/wp-content\/uploads\/2025\/02\/6b8a64a7-c8c5-4fc5-8b1d-bd6d360dfc0e-e1739328822437.jpeg","width":800,"height":600},{"@type":"BreadcrumbList","@id":"https:\/\/www.nexoinformativo.mx\/index.php\/2025\/02\/11\/inicia-construccion-de-ciudad-marques-un-mega-proyecto-que-generara-miles-de-empleos\/#breadcrumb","itemListElement":[{"@type":"ListItem","position":1,"name":"Inicio","item":"https:\/\/www.nexoinformativo.mx\/"},{"@type":"ListItem","position":2,"name":"Inicia construcci\u00f3n de Ciudad Marqu\u00e9s un mega proyecto que generar\u00e1 miles de empleos"}]},{"@type":"WebSite","@id":"https:\/\/www.nexoinformativo.mx\/#website","url":"https:\/\/www.nexoinformativo.mx\/","name":"Nexo Informativo Santiago de Quer\u00e9taro","description":"Explora NexoInformativo y convi\u00e9rtete en parte de una comunidad que valora el conocimiento y la verdad. Tu nexoinformativo es tu puente hacia una comprensi\u00f3n m\u00e1s profunda del mundo que te rodea.","publisher":{"@id":"https:\/\/www.nexoinformativo.mx\/#organization"},"potentialAction":[{"@type":"SearchAction","target":{"@type":"EntryPoint","urlTemplate":"https:\/\/www.nexoinformativo.mx\/?s={search_term_string}"},"query-input":{"@type":"PropertyValueSpecification","valueRequired":true,"valueName":"search_term_string"}}],"inLanguage":"es"},{"@type":"Organization","@id":"https:\/\/www.nexoinformativo.mx\/#organization","name":"Nexo Informativo Santiago de Quer\u00e9taro","url":"https:\/\/www.nexoinformativo.mx\/","logo":{"@type":"ImageObject","inLanguage":"es","@id":"https:\/\/www.nexoinformativo.mx\/#\/schema\/logo\/image\/","url":"https:\/\/www.nexoinformativo.mx\/wp-content\/uploads\/2024\/07\/nexoi-trasparente-2.png","contentUrl":"https:\/\/www.nexoinformativo.mx\/wp-content\/uploads\/2024\/07\/nexoi-trasparente-2.png","width":816,"height":339,"caption":"Nexo Informativo Santiago de Quer\u00e9taro"},"image":{"@id":"https:\/\/www.nexoinformativo.mx\/#\/schema\/logo\/image\/"},"sameAs":["https:\/\/www.facebook.com\/people\/Nexo-Informativo\/61564066885511\/"]},{"@type":"Person","@id":"https:\/\/www.nexoinformativo.mx\/#\/schema\/person\/7749d380ba08c8ca00d7bc76fd907b7d","name":"Nexo Informativo","image":{"@type":"ImageObject","inLanguage":"es","@id":"https:\/\/www.nexoinformativo.mx\/#\/schema\/person\/image\/","url":"https:\/\/secure.gravatar.com\/avatar\/dde2928154642a13d95f87ddf1ea9718fe2b46760a005c53e41ff5ad610704e6?s=96&d=mm&r=g","contentUrl":"https:\/\/secure.gravatar.com\/avatar\/dde2928154642a13d95f87ddf1ea9718fe2b46760a005c53e41ff5ad610704e6?s=96&d=mm&r=g","caption":"Nexo Informativo"},"url":"https:\/\/www.nexoinformativo.mx\/index.php\/author\/edicion\/"}]}},"_links":{"self":[{"href":"https:\/\/www.nexoinformativo.mx\/index.php\/wp-json\/wp\/v2\/posts\/11501","targetHints":{"allow":["GET"]}}],"collection":[{"href":"https:\/\/www.nexoinformativo.mx\/index.php\/wp-json\/wp\/v2\/posts"}],"about":[{"href":"https:\/\/www.nexoinformativo.mx\/index.php\/wp-json\/wp\/v2\/types\/post"}],"author":[{"embeddable":true,"href":"https:\/\/www.nexoinformativo.mx\/index.php\/wp-json\/wp\/v2\/users\/3"}],"replies":[{"embeddable":true,"href":"https:\/\/www.nexoinformativo.mx\/index.php\/wp-json\/wp\/v2\/comments?post=11501"}],"version-history":[{"count":3,"href":"https:\/\/www.nexoinformativo.mx\/index.php\/wp-json\/wp\/v2\/posts\/11501\/revisions"}],"predecessor-version":[{"id":11505,"href":"https:\/\/www.nexoinformativo.mx\/index.php\/wp-json\/wp\/v2\/posts\/11501\/revisions\/11505"}],"wp:featuredmedia":[{"embeddable":true,"href":"https:\/\/www.nexoinformativo.mx\/index.php\/wp-json\/wp\/v2\/media\/11502"}],"wp:attachment":[{"href":"https:\/\/www.nexoinformativo.mx\/index.php\/wp-json\/wp\/v2\/media?parent=11501"}],"wp:term":[{"taxonomy":"category","embeddable":true,"href":"https:\/\/www.nexoinformativo.mx\/index.php\/wp-json\/wp\/v2\/categories?post=11501"},{"taxonomy":"post_tag","embeddable":true,"href":"https:\/\/www.nexoinformativo.mx\/index.php\/wp-json\/wp\/v2\/tags?post=11501"}],"curies":[{"name":"wp","href":"https:\/\/api.w.org\/{rel}","templated":true}]}}