{"id":11506,"date":"2025-02-12T06:30:33","date_gmt":"2025-02-12T12:30:33","guid":{"rendered":"https:\/\/www.nexoinformativo.mx\/?p=11506"},"modified":"2025-02-12T11:40:03","modified_gmt":"2025-02-12T17:40:03","slug":"queretaro-reconoce-el-papel-de-la-mujer-y-la-nina-en-la-ciencia","status":"publish","type":"post","link":"https:\/\/www.nexoinformativo.mx\/index.php\/2025\/02\/12\/queretaro-reconoce-el-papel-de-la-mujer-y-la-nina-en-la-ciencia\/","title":{"rendered":"Quer\u00e9taro reconoce el papel de la Mujer y la Ni\u00f1a en la Ciencia"},"content":{"rendered":"<p style=\"text-align: justify;\" data-sourcepos=\"11:1-11:336\"><strong>La Secretar\u00eda de Salud del estado de Quer\u00e9taro<\/strong> (SESA) se uni\u00f3 a la conmemoraci\u00f3n del D\u00eda Internacional de la Mujer y la Ni\u00f1a en la Ciencia, resaltando la importancia de la participaci\u00f3n femenina en estos campos y reconociendo el trabajo de las mujeres cient\u00edficas que han dejado huella a lo largo de la historia.<\/p>\n<\/p>\n<p>&nbsp;<\/p>\n<p style=\"text-align: justify;\" data-sourcepos=\"13:1-13:248\">Este d\u00eda, establecido por la Organizaci\u00f3n de las Naciones Unidas desde 2015, busca visibilizar el papel fundamental que desempe\u00f1an las mujeres en la ciencia y fomentar su participaci\u00f3n en \u00e1reas como la medicina, la biotecnolog\u00eda y la investigaci\u00f3n.<\/p>\n<\/p>\n<p>&nbsp;<\/p>\n<p style=\"text-align: justify;\" data-sourcepos=\"15:1-15:281\">La SESA reafirm\u00f3 su compromiso con la promoci\u00f3n de la equidad de g\u00e9nero en el \u00e1mbito cient\u00edfico y sanitario, y destac\u00f3 la importancia de impulsar pol\u00edticas y programas que fomenten el acceso de ni\u00f1as y j\u00f3venes a la educaci\u00f3n en ciencia, tecnolog\u00eda, ingenier\u00eda y matem\u00e1ticas (STEM).<\/p>\n<\/p>\n<p>&nbsp;<\/p>\n<p style=\"text-align: justify;\" data-sourcepos=\"17:1-17:205\"><strong>&#8220;Es fundamental seguir rompiendo estereotipos y brindar oportunidades para que m\u00e1s mujeres puedan desarrollarse en el campo de la ciencia y la tecnolog\u00eda&#8221;.<\/strong><\/p>\n<\/p>\n<p>&nbsp;<\/p>\n<p style=\"text-align: justify;\" data-sourcepos=\"19:1-19:250\">A lo largo de la historia, numerosas mujeres han realizado importantes contribuciones a la ciencia, como Matilde Petra Montoya, la primera m\u00e9dica titulada en M\u00e9xico, y Gertrude Elion, galardonada con el Premio Nobel de Fisiolog\u00eda y Medicina.<\/p>\n<\/p>\n<p>&nbsp;<\/p>\n<p style=\"text-align: justify;\" data-sourcepos=\"21:1-21:145\">La SESA invita a la sociedad a reconocer y valorar el trabajo de las mujeres cient\u00edficas, y a fomentar vocaciones cient\u00edficas en ni\u00f1as y j\u00f3venes.<\/p>\n<\/p>\n<p>&nbsp;<\/p>\n<p style=\"text-align: center;\" data-sourcepos=\"21:1-21:145\"><em><strong>\u00a1Informaci\u00f3n que transforma!<\/strong><\/em><\/p>\n","protected":false},"excerpt":{"rendered":"<p>La Secretar\u00eda de Salud del estado de Quer\u00e9taro (SESA) se uni\u00f3 a la conmemoraci\u00f3n del D\u00eda Internacional de la Mujer y la Ni\u00f1a en la Ciencia, resaltando la importancia de la participaci\u00f3n femenina en estos campos y reconociendo el trabajo de las mujeres cient\u00edficas que han dejado huella a lo largo de la historia.<\/p>\n","protected":false},"author":3,"featured_media":11507,"comment_status":"open","ping_status":"open","sticky":false,"template":"","format":"standard","meta":{"footnotes":""},"categories":[42,58],"tags":[3392,3393,133,3394],"class_list":["post-11506","post","type-post","status-publish","format-standard","has-post-thumbnail","hentry","category-estado","category-ultima-hora","tag-diadelamujerylaninaenlaciencia","tag-mujeresenlaciencia","tag-queretaro","tag-stem"],"yoast_head":"<!-- This site is optimized with the Yoast SEO plugin v25.0 - https:\/\/yoast.com\/wordpress\/plugins\/seo\/ -->\n<title>Quer\u00e9taro reconoce el papel de la Mujer y la Ni\u00f1a en la Ciencia | Nexo Informativo Santiago de Quer\u00e9taro<\/title>\n<meta name=\"description\" content=\"Quer\u00e9taro reconoce el papel de la Mujer y la Ni\u00f1a en la Ciencia\" \/>\n<meta name=\"robots\" content=\"index, follow, max-snippet:-1, max-image-preview:large, max-video-preview:-1\" \/>\n<link rel=\"canonical\" href=\"https:\/\/www.nexoinformativo.mx\/index.php\/2025\/02\/12\/queretaro-reconoce-el-papel-de-la-mujer-y-la-nina-en-la-ciencia\/\" \/>\n<meta property=\"og:locale\" content=\"es_MX\" \/>\n<meta property=\"og:type\" content=\"article\" \/>\n<meta property=\"og:title\" content=\"Quer\u00e9taro reconoce el papel de la Mujer y la Ni\u00f1a en la Ciencia | Nexo Informativo Santiago de Quer\u00e9taro\" \/>\n<meta property=\"og:description\" content=\"Quer\u00e9taro reconoce el papel de la Mujer y la Ni\u00f1a en la Ciencia\" \/>\n<meta property=\"og:url\" content=\"https:\/\/www.nexoinformativo.mx\/index.php\/2025\/02\/12\/queretaro-reconoce-el-papel-de-la-mujer-y-la-nina-en-la-ciencia\/\" \/>\n<meta property=\"og:site_name\" content=\"Nexo Informativo Santiago de Quer\u00e9taro\" \/>\n<meta property=\"article:publisher\" content=\"https:\/\/www.facebook.com\/people\/Nexo-Informativo\/61564066885511\/\" \/>\n<meta property=\"article:published_time\" content=\"2025-02-12T12:30:33+00:00\" \/>\n<meta property=\"article:modified_time\" content=\"2025-02-12T17:40:03+00:00\" \/>\n<meta property=\"og:image\" content=\"https:\/\/www.nexoinformativo.mx\/wp-content\/uploads\/2025\/02\/4f45c81e-70b1-4336-938b-e6d5c362f183-e1739381958638.jpeg\" \/>\n\t<meta property=\"og:image:width\" content=\"800\" \/>\n\t<meta property=\"og:image:height\" content=\"800\" \/>\n\t<meta property=\"og:image:type\" content=\"image\/jpeg\" \/>\n<meta name=\"author\" content=\"Nexo Informativo\" \/>\n<meta name=\"twitter:card\" content=\"summary_large_image\" \/>\n<meta name=\"twitter:label1\" content=\"Escrito por\" \/>\n\t<meta name=\"twitter:data1\" content=\"Nexo Informativo\" \/>\n\t<meta name=\"twitter:label2\" content=\"Tiempo de lectura\" \/>\n\t<meta name=\"twitter:data2\" content=\"2 minutos\" \/>\n<script type=\"application\/ld+json\" class=\"yoast-schema-graph\">{\"@context\":\"https:\/\/schema.org\",\"@graph\":[{\"@type\":\"Article\",\"@id\":\"https:\/\/www.nexoinformativo.mx\/index.php\/2025\/02\/12\/queretaro-reconoce-el-papel-de-la-mujer-y-la-nina-en-la-ciencia\/#article\",\"isPartOf\":{\"@id\":\"https:\/\/www.nexoinformativo.mx\/index.php\/2025\/02\/12\/queretaro-reconoce-el-papel-de-la-mujer-y-la-nina-en-la-ciencia\/\"},\"author\":{\"name\":\"Nexo Informativo\",\"@id\":\"https:\/\/www.nexoinformativo.mx\/#\/schema\/person\/7749d380ba08c8ca00d7bc76fd907b7d\"},\"headline\":\"Quer\u00e9taro reconoce el papel de la Mujer y la Ni\u00f1a en la Ciencia\",\"datePublished\":\"2025-02-12T12:30:33+00:00\",\"dateModified\":\"2025-02-12T17:40:03+00:00\",\"mainEntityOfPage\":{\"@id\":\"https:\/\/www.nexoinformativo.mx\/index.php\/2025\/02\/12\/queretaro-reconoce-el-papel-de-la-mujer-y-la-nina-en-la-ciencia\/\"},\"wordCount\":279,\"commentCount\":0,\"publisher\":{\"@id\":\"https:\/\/www.nexoinformativo.mx\/#organization\"},\"image\":{\"@id\":\"https:\/\/www.nexoinformativo.mx\/index.php\/2025\/02\/12\/queretaro-reconoce-el-papel-de-la-mujer-y-la-nina-en-la-ciencia\/#primaryimage\"},\"thumbnailUrl\":\"https:\/\/www.nexoinformativo.mx\/wp-content\/uploads\/2025\/02\/4f45c81e-70b1-4336-938b-e6d5c362f183-e1739381958638.jpeg\",\"keywords\":[\"D\u00edaDeLaMujerYLaNi\u00f1aEnLaCiencia\",\"MujeresEnLaCiencia\",\"Quer\u00e9taro\",\"STEM\"],\"articleSection\":[\"Estado\",\"\u00daltima Hora\"],\"inLanguage\":\"es\",\"potentialAction\":[{\"@type\":\"CommentAction\",\"name\":\"Comment\",\"target\":[\"https:\/\/www.nexoinformativo.mx\/index.php\/2025\/02\/12\/queretaro-reconoce-el-papel-de-la-mujer-y-la-nina-en-la-ciencia\/#respond\"]}]},{\"@type\":\"WebPage\",\"@id\":\"https:\/\/www.nexoinformativo.mx\/index.php\/2025\/02\/12\/queretaro-reconoce-el-papel-de-la-mujer-y-la-nina-en-la-ciencia\/\",\"url\":\"https:\/\/www.nexoinformativo.mx\/index.php\/2025\/02\/12\/queretaro-reconoce-el-papel-de-la-mujer-y-la-nina-en-la-ciencia\/\",\"name\":\"Quer\u00e9taro reconoce el papel de la Mujer y la Ni\u00f1a en la Ciencia | Nexo Informativo Santiago de Quer\u00e9taro\",\"isPartOf\":{\"@id\":\"https:\/\/www.nexoinformativo.mx\/#website\"},\"primaryImageOfPage\":{\"@id\":\"https:\/\/www.nexoinformativo.mx\/index.php\/2025\/02\/12\/queretaro-reconoce-el-papel-de-la-mujer-y-la-nina-en-la-ciencia\/#primaryimage\"},\"image\":{\"@id\":\"https:\/\/www.nexoinformativo.mx\/index.php\/2025\/02\/12\/queretaro-reconoce-el-papel-de-la-mujer-y-la-nina-en-la-ciencia\/#primaryimage\"},\"thumbnailUrl\":\"https:\/\/www.nexoinformativo.mx\/wp-content\/uploads\/2025\/02\/4f45c81e-70b1-4336-938b-e6d5c362f183-e1739381958638.jpeg\",\"datePublished\":\"2025-02-12T12:30:33+00:00\",\"dateModified\":\"2025-02-12T17:40:03+00:00\",\"description\":\"Quer\u00e9taro reconoce el papel de la Mujer y la Ni\u00f1a en la Ciencia\",\"breadcrumb\":{\"@id\":\"https:\/\/www.nexoinformativo.mx\/index.php\/2025\/02\/12\/queretaro-reconoce-el-papel-de-la-mujer-y-la-nina-en-la-ciencia\/#breadcrumb\"},\"inLanguage\":\"es\",\"potentialAction\":[{\"@type\":\"ReadAction\",\"target\":[\"https:\/\/www.nexoinformativo.mx\/index.php\/2025\/02\/12\/queretaro-reconoce-el-papel-de-la-mujer-y-la-nina-en-la-ciencia\/\"]}]},{\"@type\":\"ImageObject\",\"inLanguage\":\"es\",\"@id\":\"https:\/\/www.nexoinformativo.mx\/index.php\/2025\/02\/12\/queretaro-reconoce-el-papel-de-la-mujer-y-la-nina-en-la-ciencia\/#primaryimage\",\"url\":\"https:\/\/www.nexoinformativo.mx\/wp-content\/uploads\/2025\/02\/4f45c81e-70b1-4336-938b-e6d5c362f183-e1739381958638.jpeg\",\"contentUrl\":\"https:\/\/www.nexoinformativo.mx\/wp-content\/uploads\/2025\/02\/4f45c81e-70b1-4336-938b-e6d5c362f183-e1739381958638.jpeg\",\"width\":800,\"height\":800},{\"@type\":\"BreadcrumbList\",\"@id\":\"https:\/\/www.nexoinformativo.mx\/index.php\/2025\/02\/12\/queretaro-reconoce-el-papel-de-la-mujer-y-la-nina-en-la-ciencia\/#breadcrumb\",\"itemListElement\":[{\"@type\":\"ListItem\",\"position\":1,\"name\":\"Inicio\",\"item\":\"https:\/\/www.nexoinformativo.mx\/\"},{\"@type\":\"ListItem\",\"position\":2,\"name\":\"Quer\u00e9taro reconoce el papel de la Mujer y la Ni\u00f1a en la Ciencia\"}]},{\"@type\":\"WebSite\",\"@id\":\"https:\/\/www.nexoinformativo.mx\/#website\",\"url\":\"https:\/\/www.nexoinformativo.mx\/\",\"name\":\"Nexo Informativo Santiago de Quer\u00e9taro\",\"description\":\"Explora NexoInformativo y convi\u00e9rtete en parte de una comunidad que valora el conocimiento y la verdad. Tu nexoinformativo es tu puente hacia una comprensi\u00f3n m\u00e1s profunda del mundo que te rodea.\",\"publisher\":{\"@id\":\"https:\/\/www.nexoinformativo.mx\/#organization\"},\"potentialAction\":[{\"@type\":\"SearchAction\",\"target\":{\"@type\":\"EntryPoint\",\"urlTemplate\":\"https:\/\/www.nexoinformativo.mx\/?s={search_term_string}\"},\"query-input\":{\"@type\":\"PropertyValueSpecification\",\"valueRequired\":true,\"valueName\":\"search_term_string\"}}],\"inLanguage\":\"es\"},{\"@type\":\"Organization\",\"@id\":\"https:\/\/www.nexoinformativo.mx\/#organization\",\"name\":\"Nexo Informativo Santiago de Quer\u00e9taro\",\"url\":\"https:\/\/www.nexoinformativo.mx\/\",\"logo\":{\"@type\":\"ImageObject\",\"inLanguage\":\"es\",\"@id\":\"https:\/\/www.nexoinformativo.mx\/#\/schema\/logo\/image\/\",\"url\":\"https:\/\/www.nexoinformativo.mx\/wp-content\/uploads\/2024\/07\/nexoi-trasparente-2.png\",\"contentUrl\":\"https:\/\/www.nexoinformativo.mx\/wp-content\/uploads\/2024\/07\/nexoi-trasparente-2.png\",\"width\":816,\"height\":339,\"caption\":\"Nexo Informativo Santiago de Quer\u00e9taro\"},\"image\":{\"@id\":\"https:\/\/www.nexoinformativo.mx\/#\/schema\/logo\/image\/\"},\"sameAs\":[\"https:\/\/www.facebook.com\/people\/Nexo-Informativo\/61564066885511\/\"]},{\"@type\":\"Person\",\"@id\":\"https:\/\/www.nexoinformativo.mx\/#\/schema\/person\/7749d380ba08c8ca00d7bc76fd907b7d\",\"name\":\"Nexo Informativo\",\"image\":{\"@type\":\"ImageObject\",\"inLanguage\":\"es\",\"@id\":\"https:\/\/www.nexoinformativo.mx\/#\/schema\/person\/image\/\",\"url\":\"https:\/\/secure.gravatar.com\/avatar\/dde2928154642a13d95f87ddf1ea9718fe2b46760a005c53e41ff5ad610704e6?s=96&d=mm&r=g\",\"contentUrl\":\"https:\/\/secure.gravatar.com\/avatar\/dde2928154642a13d95f87ddf1ea9718fe2b46760a005c53e41ff5ad610704e6?s=96&d=mm&r=g\",\"caption\":\"Nexo Informativo\"},\"url\":\"https:\/\/www.nexoinformativo.mx\/index.php\/author\/edicion\/\"}]}<\/script>\n<!-- \/ Yoast SEO plugin. -->","yoast_head_json":{"title":"Quer\u00e9taro reconoce el papel de la Mujer y la Ni\u00f1a en la Ciencia | Nexo Informativo Santiago de Quer\u00e9taro","description":"Quer\u00e9taro reconoce el papel de la Mujer y la Ni\u00f1a en la Ciencia","robots":{"index":"index","follow":"follow","max-snippet":"max-snippet:-1","max-image-preview":"max-image-preview:large","max-video-preview":"max-video-preview:-1"},"canonical":"https:\/\/www.nexoinformativo.mx\/index.php\/2025\/02\/12\/queretaro-reconoce-el-papel-de-la-mujer-y-la-nina-en-la-ciencia\/","og_locale":"es_MX","og_type":"article","og_title":"Quer\u00e9taro reconoce el papel de la Mujer y la Ni\u00f1a en la Ciencia | Nexo Informativo Santiago de Quer\u00e9taro","og_description":"Quer\u00e9taro reconoce el papel de la Mujer y la Ni\u00f1a en la Ciencia","og_url":"https:\/\/www.nexoinformativo.mx\/index.php\/2025\/02\/12\/queretaro-reconoce-el-papel-de-la-mujer-y-la-nina-en-la-ciencia\/","og_site_name":"Nexo Informativo Santiago de Quer\u00e9taro","article_publisher":"https:\/\/www.facebook.com\/people\/Nexo-Informativo\/61564066885511\/","article_published_time":"2025-02-12T12:30:33+00:00","article_modified_time":"2025-02-12T17:40:03+00:00","og_image":[{"width":800,"height":800,"url":"https:\/\/www.nexoinformativo.mx\/wp-content\/uploads\/2025\/02\/4f45c81e-70b1-4336-938b-e6d5c362f183-e1739381958638.jpeg","type":"image\/jpeg"}],"author":"Nexo Informativo","twitter_card":"summary_large_image","twitter_misc":{"Escrito por":"Nexo Informativo","Tiempo de lectura":"2 minutos"},"schema":{"@context":"https:\/\/schema.org","@graph":[{"@type":"Article","@id":"https:\/\/www.nexoinformativo.mx\/index.php\/2025\/02\/12\/queretaro-reconoce-el-papel-de-la-mujer-y-la-nina-en-la-ciencia\/#article","isPartOf":{"@id":"https:\/\/www.nexoinformativo.mx\/index.php\/2025\/02\/12\/queretaro-reconoce-el-papel-de-la-mujer-y-la-nina-en-la-ciencia\/"},"author":{"name":"Nexo Informativo","@id":"https:\/\/www.nexoinformativo.mx\/#\/schema\/person\/7749d380ba08c8ca00d7bc76fd907b7d"},"headline":"Quer\u00e9taro reconoce el papel de la Mujer y la Ni\u00f1a en la Ciencia","datePublished":"2025-02-12T12:30:33+00:00","dateModified":"2025-02-12T17:40:03+00:00","mainEntityOfPage":{"@id":"https:\/\/www.nexoinformativo.mx\/index.php\/2025\/02\/12\/queretaro-reconoce-el-papel-de-la-mujer-y-la-nina-en-la-ciencia\/"},"wordCount":279,"commentCount":0,"publisher":{"@id":"https:\/\/www.nexoinformativo.mx\/#organization"},"image":{"@id":"https:\/\/www.nexoinformativo.mx\/index.php\/2025\/02\/12\/queretaro-reconoce-el-papel-de-la-mujer-y-la-nina-en-la-ciencia\/#primaryimage"},"thumbnailUrl":"https:\/\/www.nexoinformativo.mx\/wp-content\/uploads\/2025\/02\/4f45c81e-70b1-4336-938b-e6d5c362f183-e1739381958638.jpeg","keywords":["D\u00edaDeLaMujerYLaNi\u00f1aEnLaCiencia","MujeresEnLaCiencia","Quer\u00e9taro","STEM"],"articleSection":["Estado","\u00daltima Hora"],"inLanguage":"es","potentialAction":[{"@type":"CommentAction","name":"Comment","target":["https:\/\/www.nexoinformativo.mx\/index.php\/2025\/02\/12\/queretaro-reconoce-el-papel-de-la-mujer-y-la-nina-en-la-ciencia\/#respond"]}]},{"@type":"WebPage","@id":"https:\/\/www.nexoinformativo.mx\/index.php\/2025\/02\/12\/queretaro-reconoce-el-papel-de-la-mujer-y-la-nina-en-la-ciencia\/","url":"https:\/\/www.nexoinformativo.mx\/index.php\/2025\/02\/12\/queretaro-reconoce-el-papel-de-la-mujer-y-la-nina-en-la-ciencia\/","name":"Quer\u00e9taro reconoce el papel de la Mujer y la Ni\u00f1a en la Ciencia | Nexo Informativo Santiago de Quer\u00e9taro","isPartOf":{"@id":"https:\/\/www.nexoinformativo.mx\/#website"},"primaryImageOfPage":{"@id":"https:\/\/www.nexoinformativo.mx\/index.php\/2025\/02\/12\/queretaro-reconoce-el-papel-de-la-mujer-y-la-nina-en-la-ciencia\/#primaryimage"},"image":{"@id":"https:\/\/www.nexoinformativo.mx\/index.php\/2025\/02\/12\/queretaro-reconoce-el-papel-de-la-mujer-y-la-nina-en-la-ciencia\/#primaryimage"},"thumbnailUrl":"https:\/\/www.nexoinformativo.mx\/wp-content\/uploads\/2025\/02\/4f45c81e-70b1-4336-938b-e6d5c362f183-e1739381958638.jpeg","datePublished":"2025-02-12T12:30:33+00:00","dateModified":"2025-02-12T17:40:03+00:00","description":"Quer\u00e9taro reconoce el papel de la Mujer y la Ni\u00f1a en la Ciencia","breadcrumb":{"@id":"https:\/\/www.nexoinformativo.mx\/index.php\/2025\/02\/12\/queretaro-reconoce-el-papel-de-la-mujer-y-la-nina-en-la-ciencia\/#breadcrumb"},"inLanguage":"es","potentialAction":[{"@type":"ReadAction","target":["https:\/\/www.nexoinformativo.mx\/index.php\/2025\/02\/12\/queretaro-reconoce-el-papel-de-la-mujer-y-la-nina-en-la-ciencia\/"]}]},{"@type":"ImageObject","inLanguage":"es","@id":"https:\/\/www.nexoinformativo.mx\/index.php\/2025\/02\/12\/queretaro-reconoce-el-papel-de-la-mujer-y-la-nina-en-la-ciencia\/#primaryimage","url":"https:\/\/www.nexoinformativo.mx\/wp-content\/uploads\/2025\/02\/4f45c81e-70b1-4336-938b-e6d5c362f183-e1739381958638.jpeg","contentUrl":"https:\/\/www.nexoinformativo.mx\/wp-content\/uploads\/2025\/02\/4f45c81e-70b1-4336-938b-e6d5c362f183-e1739381958638.jpeg","width":800,"height":800},{"@type":"BreadcrumbList","@id":"https:\/\/www.nexoinformativo.mx\/index.php\/2025\/02\/12\/queretaro-reconoce-el-papel-de-la-mujer-y-la-nina-en-la-ciencia\/#breadcrumb","itemListElement":[{"@type":"ListItem","position":1,"name":"Inicio","item":"https:\/\/www.nexoinformativo.mx\/"},{"@type":"ListItem","position":2,"name":"Quer\u00e9taro reconoce el papel de la Mujer y la Ni\u00f1a en la Ciencia"}]},{"@type":"WebSite","@id":"https:\/\/www.nexoinformativo.mx\/#website","url":"https:\/\/www.nexoinformativo.mx\/","name":"Nexo Informativo Santiago de Quer\u00e9taro","description":"Explora NexoInformativo y convi\u00e9rtete en parte de una comunidad que valora el conocimiento y la verdad. Tu nexoinformativo es tu puente hacia una comprensi\u00f3n m\u00e1s profunda del mundo que te rodea.","publisher":{"@id":"https:\/\/www.nexoinformativo.mx\/#organization"},"potentialAction":[{"@type":"SearchAction","target":{"@type":"EntryPoint","urlTemplate":"https:\/\/www.nexoinformativo.mx\/?s={search_term_string}"},"query-input":{"@type":"PropertyValueSpecification","valueRequired":true,"valueName":"search_term_string"}}],"inLanguage":"es"},{"@type":"Organization","@id":"https:\/\/www.nexoinformativo.mx\/#organization","name":"Nexo Informativo Santiago de Quer\u00e9taro","url":"https:\/\/www.nexoinformativo.mx\/","logo":{"@type":"ImageObject","inLanguage":"es","@id":"https:\/\/www.nexoinformativo.mx\/#\/schema\/logo\/image\/","url":"https:\/\/www.nexoinformativo.mx\/wp-content\/uploads\/2024\/07\/nexoi-trasparente-2.png","contentUrl":"https:\/\/www.nexoinformativo.mx\/wp-content\/uploads\/2024\/07\/nexoi-trasparente-2.png","width":816,"height":339,"caption":"Nexo Informativo Santiago de Quer\u00e9taro"},"image":{"@id":"https:\/\/www.nexoinformativo.mx\/#\/schema\/logo\/image\/"},"sameAs":["https:\/\/www.facebook.com\/people\/Nexo-Informativo\/61564066885511\/"]},{"@type":"Person","@id":"https:\/\/www.nexoinformativo.mx\/#\/schema\/person\/7749d380ba08c8ca00d7bc76fd907b7d","name":"Nexo Informativo","image":{"@type":"ImageObject","inLanguage":"es","@id":"https:\/\/www.nexoinformativo.mx\/#\/schema\/person\/image\/","url":"https:\/\/secure.gravatar.com\/avatar\/dde2928154642a13d95f87ddf1ea9718fe2b46760a005c53e41ff5ad610704e6?s=96&d=mm&r=g","contentUrl":"https:\/\/secure.gravatar.com\/avatar\/dde2928154642a13d95f87ddf1ea9718fe2b46760a005c53e41ff5ad610704e6?s=96&d=mm&r=g","caption":"Nexo Informativo"},"url":"https:\/\/www.nexoinformativo.mx\/index.php\/author\/edicion\/"}]}},"_links":{"self":[{"href":"https:\/\/www.nexoinformativo.mx\/index.php\/wp-json\/wp\/v2\/posts\/11506","targetHints":{"allow":["GET"]}}],"collection":[{"href":"https:\/\/www.nexoinformativo.mx\/index.php\/wp-json\/wp\/v2\/posts"}],"about":[{"href":"https:\/\/www.nexoinformativo.mx\/index.php\/wp-json\/wp\/v2\/types\/post"}],"author":[{"embeddable":true,"href":"https:\/\/www.nexoinformativo.mx\/index.php\/wp-json\/wp\/v2\/users\/3"}],"replies":[{"embeddable":true,"href":"https:\/\/www.nexoinformativo.mx\/index.php\/wp-json\/wp\/v2\/comments?post=11506"}],"version-history":[{"count":3,"href":"https:\/\/www.nexoinformativo.mx\/index.php\/wp-json\/wp\/v2\/posts\/11506\/revisions"}],"predecessor-version":[{"id":11510,"href":"https:\/\/www.nexoinformativo.mx\/index.php\/wp-json\/wp\/v2\/posts\/11506\/revisions\/11510"}],"wp:featuredmedia":[{"embeddable":true,"href":"https:\/\/www.nexoinformativo.mx\/index.php\/wp-json\/wp\/v2\/media\/11507"}],"wp:attachment":[{"href":"https:\/\/www.nexoinformativo.mx\/index.php\/wp-json\/wp\/v2\/media?parent=11506"}],"wp:term":[{"taxonomy":"category","embeddable":true,"href":"https:\/\/www.nexoinformativo.mx\/index.php\/wp-json\/wp\/v2\/categories?post=11506"},{"taxonomy":"post_tag","embeddable":true,"href":"https:\/\/www.nexoinformativo.mx\/index.php\/wp-json\/wp\/v2\/tags?post=11506"}],"curies":[{"name":"wp","href":"https:\/\/api.w.org\/{rel}","templated":true}]}}