{"id":11511,"date":"2025-02-12T07:00:15","date_gmt":"2025-02-12T13:00:15","guid":{"rendered":"https:\/\/www.nexoinformativo.mx\/?p=11511"},"modified":"2025-02-12T11:44:49","modified_gmt":"2025-02-12T17:44:49","slug":"huimilpan-mejora-su-calidad-de-vida-con-programa-de-vivienda-digna","status":"publish","type":"post","link":"https:\/\/www.nexoinformativo.mx\/index.php\/2025\/02\/12\/huimilpan-mejora-su-calidad-de-vida-con-programa-de-vivienda-digna\/","title":{"rendered":"Huimilpan mejora su calidad de vida con programa de vivienda digna"},"content":{"rendered":"<p style=\"text-align: justify;\" data-sourcepos=\"11:1-11:345\">El secretario de Desarrollo Social del Estado de Quer\u00e9taro, Luis Nava, visit\u00f3 el municipio de Huimilpan para entregar apoyos del programa Vivienda Digna a familias en situaci\u00f3n de vulnerabilidad. Este programa busca mejorar las condiciones de vida de los habitantes, brindando acceso a una vivienda digna y adecuada.<\/p>\n<p>&nbsp;<\/p>\n<p style=\"text-align: justify;\" data-sourcepos=\"13:1-13:312\">En la comunidad de Tepuzas, el secretario Nava entreg\u00f3 cuartos adicionales a diversas familias, ampliando as\u00ed sus espacios habitables y mejorando su calidad de vida. Estas acciones forman parte de un proyecto m\u00e1s amplio que contempla la construcci\u00f3n de ocho viviendas en beneficio de madres solteras y sus hijos.<\/p>\n<p>&nbsp;<\/p>\n<p style=\"text-align: justify;\" data-sourcepos=\"15:1-15:224\"><strong>&#8220;Este programa es para que las personas puedan mejorar sus condiciones de vida&#8221;,<\/strong> afirm\u00f3 Nava. Las familias beneficiadas viv\u00edan anteriormente en condiciones precarias, con techos de l\u00e1mina de asbesto y espacios insuficientes.<\/p>\n<p>&nbsp;<\/p>\n<p style=\"text-align: justify;\" data-sourcepos=\"17:1-17:339\">Adem\u00e1s de la entrega de cuartos adicionales, el secretario Nava tambi\u00e9n supervis\u00f3 los avances de la obra de pavimentaci\u00f3n en la comunidad de Paniagua, un proyecto que beneficiar\u00e1 a 488 habitantes.<\/p>\n<\/p>\n<p>&nbsp;<\/p>\n<p style=\"text-align: justify;\" data-sourcepos=\"17:1-17:339\">Esta obra incluye la pavimentaci\u00f3n de m\u00e1s de mil metros cuadrados de calles, la instalaci\u00f3n de guarniciones y la mejora del alumbrado p\u00fablico.<\/p>\n<p>&nbsp;<\/p>\n<p style=\"text-align: justify;\" data-sourcepos=\"19:1-19:316\">Estas acciones son muestra del compromiso del gobierno estatal por mejorar las condiciones de vida de los habitantes de las zonas m\u00e1s vulnerables del estado. Al mejorar el acceso a una vivienda digna y a servicios b\u00e1sicos, se contribuye a mejorar la calidad de vida de las familias y a fomentar el desarrollo social.<\/p>\n<p>&nbsp;<\/p>\n<p style=\"text-align: center;\" data-sourcepos=\"19:1-19:316\"><em><strong>\u00a1Informaci\u00f3n que transforma!<\/strong><\/em><\/p>\n","protected":false},"excerpt":{"rendered":"<p>El secretario de Desarrollo Social del Estado de Quer\u00e9taro, Luis Nava, visit\u00f3 el municipio de Huimilpan para entregar apoyos del programa Vivienda Digna a familias en situaci\u00f3n de vulnerabilidad.<\/p>\n","protected":false},"author":3,"featured_media":11512,"comment_status":"open","ping_status":"open","sticky":false,"template":"","format":"standard","meta":{"footnotes":""},"categories":[65,58],"tags":[455,217,133,1150],"class_list":["post-11511","post","type-post","status-publish","format-standard","has-post-thumbnail","hentry","category-municipios","category-ultima-hora","tag-desarrollosocial","tag-huimilpan","tag-queretaro","tag-viviendadigna"],"yoast_head":"<!-- This site is optimized with the Yoast SEO plugin v25.0 - https:\/\/yoast.com\/wordpress\/plugins\/seo\/ -->\n<title>Huimilpan mejora su calidad de vida con programa de vivienda digna | Nexo Informativo Santiago de Quer\u00e9taro<\/title>\n<meta name=\"description\" content=\"Huimilpan mejora su calidad de vida con programa de vivienda digna\" \/>\n<meta name=\"robots\" content=\"index, follow, max-snippet:-1, max-image-preview:large, max-video-preview:-1\" \/>\n<link rel=\"canonical\" href=\"https:\/\/www.nexoinformativo.mx\/index.php\/2025\/02\/12\/huimilpan-mejora-su-calidad-de-vida-con-programa-de-vivienda-digna\/\" \/>\n<meta property=\"og:locale\" content=\"es_MX\" \/>\n<meta property=\"og:type\" content=\"article\" \/>\n<meta property=\"og:title\" content=\"Huimilpan mejora su calidad de vida con programa de vivienda digna | Nexo Informativo Santiago de Quer\u00e9taro\" \/>\n<meta property=\"og:description\" content=\"Huimilpan mejora su calidad de vida con programa de vivienda digna\" \/>\n<meta property=\"og:url\" content=\"https:\/\/www.nexoinformativo.mx\/index.php\/2025\/02\/12\/huimilpan-mejora-su-calidad-de-vida-con-programa-de-vivienda-digna\/\" \/>\n<meta property=\"og:site_name\" content=\"Nexo Informativo Santiago de Quer\u00e9taro\" \/>\n<meta property=\"article:publisher\" content=\"https:\/\/www.facebook.com\/people\/Nexo-Informativo\/61564066885511\/\" \/>\n<meta property=\"article:published_time\" content=\"2025-02-12T13:00:15+00:00\" \/>\n<meta property=\"article:modified_time\" content=\"2025-02-12T17:44:49+00:00\" \/>\n<meta property=\"og:image\" content=\"https:\/\/www.nexoinformativo.mx\/wp-content\/uploads\/2025\/02\/0f799f22-2f49-4b8e-b17f-5bed014d3387-e1739382220681.jpeg\" \/>\n\t<meta property=\"og:image:width\" content=\"800\" \/>\n\t<meta property=\"og:image:height\" content=\"533\" \/>\n\t<meta property=\"og:image:type\" content=\"image\/jpeg\" \/>\n<meta name=\"author\" content=\"Nexo Informativo\" \/>\n<meta name=\"twitter:card\" content=\"summary_large_image\" \/>\n<meta name=\"twitter:label1\" content=\"Escrito por\" \/>\n\t<meta name=\"twitter:data1\" content=\"Nexo Informativo\" \/>\n\t<meta name=\"twitter:label2\" content=\"Tiempo de lectura\" \/>\n\t<meta name=\"twitter:data2\" content=\"2 minutos\" \/>\n<script type=\"application\/ld+json\" class=\"yoast-schema-graph\">{\"@context\":\"https:\/\/schema.org\",\"@graph\":[{\"@type\":\"Article\",\"@id\":\"https:\/\/www.nexoinformativo.mx\/index.php\/2025\/02\/12\/huimilpan-mejora-su-calidad-de-vida-con-programa-de-vivienda-digna\/#article\",\"isPartOf\":{\"@id\":\"https:\/\/www.nexoinformativo.mx\/index.php\/2025\/02\/12\/huimilpan-mejora-su-calidad-de-vida-con-programa-de-vivienda-digna\/\"},\"author\":{\"name\":\"Nexo Informativo\",\"@id\":\"https:\/\/www.nexoinformativo.mx\/#\/schema\/person\/7749d380ba08c8ca00d7bc76fd907b7d\"},\"headline\":\"Huimilpan mejora su calidad de vida con programa de vivienda digna\",\"datePublished\":\"2025-02-12T13:00:15+00:00\",\"dateModified\":\"2025-02-12T17:44:49+00:00\",\"mainEntityOfPage\":{\"@id\":\"https:\/\/www.nexoinformativo.mx\/index.php\/2025\/02\/12\/huimilpan-mejora-su-calidad-de-vida-con-programa-de-vivienda-digna\/\"},\"wordCount\":272,\"commentCount\":0,\"publisher\":{\"@id\":\"https:\/\/www.nexoinformativo.mx\/#organization\"},\"image\":{\"@id\":\"https:\/\/www.nexoinformativo.mx\/index.php\/2025\/02\/12\/huimilpan-mejora-su-calidad-de-vida-con-programa-de-vivienda-digna\/#primaryimage\"},\"thumbnailUrl\":\"https:\/\/www.nexoinformativo.mx\/wp-content\/uploads\/2025\/02\/0f799f22-2f49-4b8e-b17f-5bed014d3387-e1739382220681.jpeg\",\"keywords\":[\"DesarrolloSocial\",\"Huimilpan\",\"Quer\u00e9taro\",\"ViviendaDigna\"],\"articleSection\":[\"Municipios\",\"\u00daltima Hora\"],\"inLanguage\":\"es\",\"potentialAction\":[{\"@type\":\"CommentAction\",\"name\":\"Comment\",\"target\":[\"https:\/\/www.nexoinformativo.mx\/index.php\/2025\/02\/12\/huimilpan-mejora-su-calidad-de-vida-con-programa-de-vivienda-digna\/#respond\"]}]},{\"@type\":\"WebPage\",\"@id\":\"https:\/\/www.nexoinformativo.mx\/index.php\/2025\/02\/12\/huimilpan-mejora-su-calidad-de-vida-con-programa-de-vivienda-digna\/\",\"url\":\"https:\/\/www.nexoinformativo.mx\/index.php\/2025\/02\/12\/huimilpan-mejora-su-calidad-de-vida-con-programa-de-vivienda-digna\/\",\"name\":\"Huimilpan mejora su calidad de vida con programa de vivienda digna | Nexo Informativo Santiago de Quer\u00e9taro\",\"isPartOf\":{\"@id\":\"https:\/\/www.nexoinformativo.mx\/#website\"},\"primaryImageOfPage\":{\"@id\":\"https:\/\/www.nexoinformativo.mx\/index.php\/2025\/02\/12\/huimilpan-mejora-su-calidad-de-vida-con-programa-de-vivienda-digna\/#primaryimage\"},\"image\":{\"@id\":\"https:\/\/www.nexoinformativo.mx\/index.php\/2025\/02\/12\/huimilpan-mejora-su-calidad-de-vida-con-programa-de-vivienda-digna\/#primaryimage\"},\"thumbnailUrl\":\"https:\/\/www.nexoinformativo.mx\/wp-content\/uploads\/2025\/02\/0f799f22-2f49-4b8e-b17f-5bed014d3387-e1739382220681.jpeg\",\"datePublished\":\"2025-02-12T13:00:15+00:00\",\"dateModified\":\"2025-02-12T17:44:49+00:00\",\"description\":\"Huimilpan mejora su calidad de vida con programa de vivienda digna\",\"breadcrumb\":{\"@id\":\"https:\/\/www.nexoinformativo.mx\/index.php\/2025\/02\/12\/huimilpan-mejora-su-calidad-de-vida-con-programa-de-vivienda-digna\/#breadcrumb\"},\"inLanguage\":\"es\",\"potentialAction\":[{\"@type\":\"ReadAction\",\"target\":[\"https:\/\/www.nexoinformativo.mx\/index.php\/2025\/02\/12\/huimilpan-mejora-su-calidad-de-vida-con-programa-de-vivienda-digna\/\"]}]},{\"@type\":\"ImageObject\",\"inLanguage\":\"es\",\"@id\":\"https:\/\/www.nexoinformativo.mx\/index.php\/2025\/02\/12\/huimilpan-mejora-su-calidad-de-vida-con-programa-de-vivienda-digna\/#primaryimage\",\"url\":\"https:\/\/www.nexoinformativo.mx\/wp-content\/uploads\/2025\/02\/0f799f22-2f49-4b8e-b17f-5bed014d3387-e1739382220681.jpeg\",\"contentUrl\":\"https:\/\/www.nexoinformativo.mx\/wp-content\/uploads\/2025\/02\/0f799f22-2f49-4b8e-b17f-5bed014d3387-e1739382220681.jpeg\",\"width\":800,\"height\":533},{\"@type\":\"BreadcrumbList\",\"@id\":\"https:\/\/www.nexoinformativo.mx\/index.php\/2025\/02\/12\/huimilpan-mejora-su-calidad-de-vida-con-programa-de-vivienda-digna\/#breadcrumb\",\"itemListElement\":[{\"@type\":\"ListItem\",\"position\":1,\"name\":\"Inicio\",\"item\":\"https:\/\/www.nexoinformativo.mx\/\"},{\"@type\":\"ListItem\",\"position\":2,\"name\":\"Huimilpan mejora su calidad de vida con programa de vivienda digna\"}]},{\"@type\":\"WebSite\",\"@id\":\"https:\/\/www.nexoinformativo.mx\/#website\",\"url\":\"https:\/\/www.nexoinformativo.mx\/\",\"name\":\"Nexo Informativo Santiago de Quer\u00e9taro\",\"description\":\"Explora NexoInformativo y convi\u00e9rtete en parte de una comunidad que valora el conocimiento y la verdad. Tu nexoinformativo es tu puente hacia una comprensi\u00f3n m\u00e1s profunda del mundo que te rodea.\",\"publisher\":{\"@id\":\"https:\/\/www.nexoinformativo.mx\/#organization\"},\"potentialAction\":[{\"@type\":\"SearchAction\",\"target\":{\"@type\":\"EntryPoint\",\"urlTemplate\":\"https:\/\/www.nexoinformativo.mx\/?s={search_term_string}\"},\"query-input\":{\"@type\":\"PropertyValueSpecification\",\"valueRequired\":true,\"valueName\":\"search_term_string\"}}],\"inLanguage\":\"es\"},{\"@type\":\"Organization\",\"@id\":\"https:\/\/www.nexoinformativo.mx\/#organization\",\"name\":\"Nexo Informativo Santiago de Quer\u00e9taro\",\"url\":\"https:\/\/www.nexoinformativo.mx\/\",\"logo\":{\"@type\":\"ImageObject\",\"inLanguage\":\"es\",\"@id\":\"https:\/\/www.nexoinformativo.mx\/#\/schema\/logo\/image\/\",\"url\":\"https:\/\/www.nexoinformativo.mx\/wp-content\/uploads\/2024\/07\/nexoi-trasparente-2.png\",\"contentUrl\":\"https:\/\/www.nexoinformativo.mx\/wp-content\/uploads\/2024\/07\/nexoi-trasparente-2.png\",\"width\":816,\"height\":339,\"caption\":\"Nexo Informativo Santiago de Quer\u00e9taro\"},\"image\":{\"@id\":\"https:\/\/www.nexoinformativo.mx\/#\/schema\/logo\/image\/\"},\"sameAs\":[\"https:\/\/www.facebook.com\/people\/Nexo-Informativo\/61564066885511\/\"]},{\"@type\":\"Person\",\"@id\":\"https:\/\/www.nexoinformativo.mx\/#\/schema\/person\/7749d380ba08c8ca00d7bc76fd907b7d\",\"name\":\"Nexo Informativo\",\"image\":{\"@type\":\"ImageObject\",\"inLanguage\":\"es\",\"@id\":\"https:\/\/www.nexoinformativo.mx\/#\/schema\/person\/image\/\",\"url\":\"https:\/\/secure.gravatar.com\/avatar\/dde2928154642a13d95f87ddf1ea9718fe2b46760a005c53e41ff5ad610704e6?s=96&d=mm&r=g\",\"contentUrl\":\"https:\/\/secure.gravatar.com\/avatar\/dde2928154642a13d95f87ddf1ea9718fe2b46760a005c53e41ff5ad610704e6?s=96&d=mm&r=g\",\"caption\":\"Nexo Informativo\"},\"url\":\"https:\/\/www.nexoinformativo.mx\/index.php\/author\/edicion\/\"}]}<\/script>\n<!-- \/ Yoast SEO plugin. -->","yoast_head_json":{"title":"Huimilpan mejora su calidad de vida con programa de vivienda digna | Nexo Informativo Santiago de Quer\u00e9taro","description":"Huimilpan mejora su calidad de vida con programa de vivienda digna","robots":{"index":"index","follow":"follow","max-snippet":"max-snippet:-1","max-image-preview":"max-image-preview:large","max-video-preview":"max-video-preview:-1"},"canonical":"https:\/\/www.nexoinformativo.mx\/index.php\/2025\/02\/12\/huimilpan-mejora-su-calidad-de-vida-con-programa-de-vivienda-digna\/","og_locale":"es_MX","og_type":"article","og_title":"Huimilpan mejora su calidad de vida con programa de vivienda digna | Nexo Informativo Santiago de Quer\u00e9taro","og_description":"Huimilpan mejora su calidad de vida con programa de vivienda digna","og_url":"https:\/\/www.nexoinformativo.mx\/index.php\/2025\/02\/12\/huimilpan-mejora-su-calidad-de-vida-con-programa-de-vivienda-digna\/","og_site_name":"Nexo Informativo Santiago de Quer\u00e9taro","article_publisher":"https:\/\/www.facebook.com\/people\/Nexo-Informativo\/61564066885511\/","article_published_time":"2025-02-12T13:00:15+00:00","article_modified_time":"2025-02-12T17:44:49+00:00","og_image":[{"width":800,"height":533,"url":"https:\/\/www.nexoinformativo.mx\/wp-content\/uploads\/2025\/02\/0f799f22-2f49-4b8e-b17f-5bed014d3387-e1739382220681.jpeg","type":"image\/jpeg"}],"author":"Nexo Informativo","twitter_card":"summary_large_image","twitter_misc":{"Escrito por":"Nexo Informativo","Tiempo de lectura":"2 minutos"},"schema":{"@context":"https:\/\/schema.org","@graph":[{"@type":"Article","@id":"https:\/\/www.nexoinformativo.mx\/index.php\/2025\/02\/12\/huimilpan-mejora-su-calidad-de-vida-con-programa-de-vivienda-digna\/#article","isPartOf":{"@id":"https:\/\/www.nexoinformativo.mx\/index.php\/2025\/02\/12\/huimilpan-mejora-su-calidad-de-vida-con-programa-de-vivienda-digna\/"},"author":{"name":"Nexo Informativo","@id":"https:\/\/www.nexoinformativo.mx\/#\/schema\/person\/7749d380ba08c8ca00d7bc76fd907b7d"},"headline":"Huimilpan mejora su calidad de vida con programa de vivienda digna","datePublished":"2025-02-12T13:00:15+00:00","dateModified":"2025-02-12T17:44:49+00:00","mainEntityOfPage":{"@id":"https:\/\/www.nexoinformativo.mx\/index.php\/2025\/02\/12\/huimilpan-mejora-su-calidad-de-vida-con-programa-de-vivienda-digna\/"},"wordCount":272,"commentCount":0,"publisher":{"@id":"https:\/\/www.nexoinformativo.mx\/#organization"},"image":{"@id":"https:\/\/www.nexoinformativo.mx\/index.php\/2025\/02\/12\/huimilpan-mejora-su-calidad-de-vida-con-programa-de-vivienda-digna\/#primaryimage"},"thumbnailUrl":"https:\/\/www.nexoinformativo.mx\/wp-content\/uploads\/2025\/02\/0f799f22-2f49-4b8e-b17f-5bed014d3387-e1739382220681.jpeg","keywords":["DesarrolloSocial","Huimilpan","Quer\u00e9taro","ViviendaDigna"],"articleSection":["Municipios","\u00daltima Hora"],"inLanguage":"es","potentialAction":[{"@type":"CommentAction","name":"Comment","target":["https:\/\/www.nexoinformativo.mx\/index.php\/2025\/02\/12\/huimilpan-mejora-su-calidad-de-vida-con-programa-de-vivienda-digna\/#respond"]}]},{"@type":"WebPage","@id":"https:\/\/www.nexoinformativo.mx\/index.php\/2025\/02\/12\/huimilpan-mejora-su-calidad-de-vida-con-programa-de-vivienda-digna\/","url":"https:\/\/www.nexoinformativo.mx\/index.php\/2025\/02\/12\/huimilpan-mejora-su-calidad-de-vida-con-programa-de-vivienda-digna\/","name":"Huimilpan mejora su calidad de vida con programa de vivienda digna | Nexo Informativo Santiago de Quer\u00e9taro","isPartOf":{"@id":"https:\/\/www.nexoinformativo.mx\/#website"},"primaryImageOfPage":{"@id":"https:\/\/www.nexoinformativo.mx\/index.php\/2025\/02\/12\/huimilpan-mejora-su-calidad-de-vida-con-programa-de-vivienda-digna\/#primaryimage"},"image":{"@id":"https:\/\/www.nexoinformativo.mx\/index.php\/2025\/02\/12\/huimilpan-mejora-su-calidad-de-vida-con-programa-de-vivienda-digna\/#primaryimage"},"thumbnailUrl":"https:\/\/www.nexoinformativo.mx\/wp-content\/uploads\/2025\/02\/0f799f22-2f49-4b8e-b17f-5bed014d3387-e1739382220681.jpeg","datePublished":"2025-02-12T13:00:15+00:00","dateModified":"2025-02-12T17:44:49+00:00","description":"Huimilpan mejora su calidad de vida con programa de vivienda digna","breadcrumb":{"@id":"https:\/\/www.nexoinformativo.mx\/index.php\/2025\/02\/12\/huimilpan-mejora-su-calidad-de-vida-con-programa-de-vivienda-digna\/#breadcrumb"},"inLanguage":"es","potentialAction":[{"@type":"ReadAction","target":["https:\/\/www.nexoinformativo.mx\/index.php\/2025\/02\/12\/huimilpan-mejora-su-calidad-de-vida-con-programa-de-vivienda-digna\/"]}]},{"@type":"ImageObject","inLanguage":"es","@id":"https:\/\/www.nexoinformativo.mx\/index.php\/2025\/02\/12\/huimilpan-mejora-su-calidad-de-vida-con-programa-de-vivienda-digna\/#primaryimage","url":"https:\/\/www.nexoinformativo.mx\/wp-content\/uploads\/2025\/02\/0f799f22-2f49-4b8e-b17f-5bed014d3387-e1739382220681.jpeg","contentUrl":"https:\/\/www.nexoinformativo.mx\/wp-content\/uploads\/2025\/02\/0f799f22-2f49-4b8e-b17f-5bed014d3387-e1739382220681.jpeg","width":800,"height":533},{"@type":"BreadcrumbList","@id":"https:\/\/www.nexoinformativo.mx\/index.php\/2025\/02\/12\/huimilpan-mejora-su-calidad-de-vida-con-programa-de-vivienda-digna\/#breadcrumb","itemListElement":[{"@type":"ListItem","position":1,"name":"Inicio","item":"https:\/\/www.nexoinformativo.mx\/"},{"@type":"ListItem","position":2,"name":"Huimilpan mejora su calidad de vida con programa de vivienda digna"}]},{"@type":"WebSite","@id":"https:\/\/www.nexoinformativo.mx\/#website","url":"https:\/\/www.nexoinformativo.mx\/","name":"Nexo Informativo Santiago de Quer\u00e9taro","description":"Explora NexoInformativo y convi\u00e9rtete en parte de una comunidad que valora el conocimiento y la verdad. Tu nexoinformativo es tu puente hacia una comprensi\u00f3n m\u00e1s profunda del mundo que te rodea.","publisher":{"@id":"https:\/\/www.nexoinformativo.mx\/#organization"},"potentialAction":[{"@type":"SearchAction","target":{"@type":"EntryPoint","urlTemplate":"https:\/\/www.nexoinformativo.mx\/?s={search_term_string}"},"query-input":{"@type":"PropertyValueSpecification","valueRequired":true,"valueName":"search_term_string"}}],"inLanguage":"es"},{"@type":"Organization","@id":"https:\/\/www.nexoinformativo.mx\/#organization","name":"Nexo Informativo Santiago de Quer\u00e9taro","url":"https:\/\/www.nexoinformativo.mx\/","logo":{"@type":"ImageObject","inLanguage":"es","@id":"https:\/\/www.nexoinformativo.mx\/#\/schema\/logo\/image\/","url":"https:\/\/www.nexoinformativo.mx\/wp-content\/uploads\/2024\/07\/nexoi-trasparente-2.png","contentUrl":"https:\/\/www.nexoinformativo.mx\/wp-content\/uploads\/2024\/07\/nexoi-trasparente-2.png","width":816,"height":339,"caption":"Nexo Informativo Santiago de Quer\u00e9taro"},"image":{"@id":"https:\/\/www.nexoinformativo.mx\/#\/schema\/logo\/image\/"},"sameAs":["https:\/\/www.facebook.com\/people\/Nexo-Informativo\/61564066885511\/"]},{"@type":"Person","@id":"https:\/\/www.nexoinformativo.mx\/#\/schema\/person\/7749d380ba08c8ca00d7bc76fd907b7d","name":"Nexo Informativo","image":{"@type":"ImageObject","inLanguage":"es","@id":"https:\/\/www.nexoinformativo.mx\/#\/schema\/person\/image\/","url":"https:\/\/secure.gravatar.com\/avatar\/dde2928154642a13d95f87ddf1ea9718fe2b46760a005c53e41ff5ad610704e6?s=96&d=mm&r=g","contentUrl":"https:\/\/secure.gravatar.com\/avatar\/dde2928154642a13d95f87ddf1ea9718fe2b46760a005c53e41ff5ad610704e6?s=96&d=mm&r=g","caption":"Nexo Informativo"},"url":"https:\/\/www.nexoinformativo.mx\/index.php\/author\/edicion\/"}]}},"_links":{"self":[{"href":"https:\/\/www.nexoinformativo.mx\/index.php\/wp-json\/wp\/v2\/posts\/11511","targetHints":{"allow":["GET"]}}],"collection":[{"href":"https:\/\/www.nexoinformativo.mx\/index.php\/wp-json\/wp\/v2\/posts"}],"about":[{"href":"https:\/\/www.nexoinformativo.mx\/index.php\/wp-json\/wp\/v2\/types\/post"}],"author":[{"embeddable":true,"href":"https:\/\/www.nexoinformativo.mx\/index.php\/wp-json\/wp\/v2\/users\/3"}],"replies":[{"embeddable":true,"href":"https:\/\/www.nexoinformativo.mx\/index.php\/wp-json\/wp\/v2\/comments?post=11511"}],"version-history":[{"count":5,"href":"https:\/\/www.nexoinformativo.mx\/index.php\/wp-json\/wp\/v2\/posts\/11511\/revisions"}],"predecessor-version":[{"id":11516,"href":"https:\/\/www.nexoinformativo.mx\/index.php\/wp-json\/wp\/v2\/posts\/11511\/revisions\/11516"}],"wp:featuredmedia":[{"embeddable":true,"href":"https:\/\/www.nexoinformativo.mx\/index.php\/wp-json\/wp\/v2\/media\/11512"}],"wp:attachment":[{"href":"https:\/\/www.nexoinformativo.mx\/index.php\/wp-json\/wp\/v2\/media?parent=11511"}],"wp:term":[{"taxonomy":"category","embeddable":true,"href":"https:\/\/www.nexoinformativo.mx\/index.php\/wp-json\/wp\/v2\/categories?post=11511"},{"taxonomy":"post_tag","embeddable":true,"href":"https:\/\/www.nexoinformativo.mx\/index.php\/wp-json\/wp\/v2\/tags?post=11511"}],"curies":[{"name":"wp","href":"https:\/\/api.w.org\/{rel}","templated":true}]}}