{"id":11530,"date":"2025-02-12T10:00:34","date_gmt":"2025-02-12T16:00:34","guid":{"rendered":"https:\/\/www.nexoinformativo.mx\/?p=11530"},"modified":"2025-02-12T11:59:21","modified_gmt":"2025-02-12T17:59:21","slug":"queretaro-y-san-antonio-estrechan-lazos-para-impulsar-la-innovacion-y-el-emprendimiento","status":"publish","type":"post","link":"https:\/\/www.nexoinformativo.mx\/index.php\/2025\/02\/12\/queretaro-y-san-antonio-estrechan-lazos-para-impulsar-la-innovacion-y-el-emprendimiento\/","title":{"rendered":"Quer\u00e9taro y San Antonio estrechan lazos para impulsar la innovaci\u00f3n y el emprendimiento"},"content":{"rendered":"<p style=\"text-align: justify;\" data-sourcepos=\"11:1-11:269\">El presidente municipal de Quer\u00e9taro, Felifer Mac\u00edas, realiz\u00f3 una gira de trabajo por San Antonio, Texas, con el objetivo de fortalecer los lazos entre ambas ciudades y promover el desarrollo econ\u00f3mico, la innovaci\u00f3n y el emprendimiento.<\/p>\n<p>&nbsp;<\/p>\n<p style=\"text-align: justify;\" data-sourcepos=\"13:1-13:214\">Como resultado de esta visita, se firm\u00f3 un acuerdo de hermanamiento entre Quer\u00e9taro y San Antonio, que permitir\u00e1 impulsar la cooperaci\u00f3n en diversas \u00e1reas como turismo, inversi\u00f3n, desarrollo tecnol\u00f3gico y cultura.<\/p>\n<p>&nbsp;<\/p>\n<p style=\"text-align: justify;\" data-sourcepos=\"15:1-15:203\"><strong>&#8220;Nuestra voluntad es construir puentes en lugar de barreras&#8221;<\/strong>, afirm\u00f3 Felifer Mac\u00edas. El alcalde destac\u00f3 la importancia de este hermanamiento para generar oportunidades de crecimiento para ambas ciudades.<\/p>\n<p>&nbsp;<\/p>\n<p style=\"text-align: justify;\" data-sourcepos=\"17:1-17:297\">Durante su estancia en San Antonio, el alcalde se reuni\u00f3 con l\u00edderes empresariales y representantes de organizaciones como Greater:SATX, Geekdom, Alamo Angels y The Texas International Business Accelerator, con el objetivo de atraer inversiones y fortalecer el ecosistema emprendedor de Quer\u00e9taro.<\/p>\n<p>&nbsp;<\/p>\n<p style=\"text-align: justify;\" data-sourcepos=\"19:1-19:275\">Uno de los proyectos clave que se busca impulsar con esta alianza es el Centro de Innovaci\u00f3n y Tecnolog\u00eda Creativa, BLOQUE. A trav\u00e9s de este centro, se busca generar empleo, fomentar la formaci\u00f3n de j\u00f3venes emprendedores y fortalecer el ecosistema de innovaci\u00f3n en Quer\u00e9taro.<\/p>\n<p>&nbsp;<\/p>\n<p style=\"text-align: justify;\" data-sourcepos=\"21:1-21:204\">Este hermanamiento representa un paso importante para ambas ciudades, que se comprometen a trabajar de manera conjunta para impulsar el desarrollo econ\u00f3mico y mejorar la calidad de vida de sus habitantes.<\/p>\n<p>&nbsp;<\/p>\n<p style=\"text-align: center;\" data-sourcepos=\"21:1-21:204\"><em><strong>\u00a1Informaci\u00f3n que transforma!<\/strong><\/em><\/p>\n","protected":false},"excerpt":{"rendered":"<p>El presidente municipal de Quer\u00e9taro, Felifer Mac\u00edas, realiz\u00f3 una gira de trabajo por San Antonio, Texas, con el objetivo de fortalecer los lazos entre ambas ciudades y promover el desarrollo econ\u00f3mico, la innovaci\u00f3n y el emprendimiento.<\/p>\n","protected":false},"author":3,"featured_media":11534,"comment_status":"open","ping_status":"open","sticky":false,"template":"","format":"standard","meta":{"footnotes":""},"categories":[65,58],"tags":[126,3395,133,2688],"class_list":["post-11530","post","type-post","status-publish","format-standard","has-post-thumbnail","hentry","category-municipios","category-ultima-hora","tag-emprendimiento","tag-hermanamiento","tag-queretaro","tag-sanantonio"],"yoast_head":"<!-- This site is optimized with the Yoast SEO plugin v25.0 - https:\/\/yoast.com\/wordpress\/plugins\/seo\/ -->\n<title>Quer\u00e9taro y San Antonio estrechan lazos para impulsar la innovaci\u00f3n y el emprendimiento | Nexo Informativo Santiago de Quer\u00e9taro<\/title>\n<meta name=\"description\" content=\"Quer\u00e9taro y San Antonio estrechan lazos para impulsar la innovaci\u00f3n y el emprendimiento\" \/>\n<meta name=\"robots\" content=\"index, follow, max-snippet:-1, max-image-preview:large, max-video-preview:-1\" \/>\n<link rel=\"canonical\" href=\"https:\/\/www.nexoinformativo.mx\/index.php\/2025\/02\/12\/queretaro-y-san-antonio-estrechan-lazos-para-impulsar-la-innovacion-y-el-emprendimiento\/\" \/>\n<meta property=\"og:locale\" content=\"es_MX\" \/>\n<meta property=\"og:type\" content=\"article\" \/>\n<meta property=\"og:title\" content=\"Quer\u00e9taro y San Antonio estrechan lazos para impulsar la innovaci\u00f3n y el emprendimiento | Nexo Informativo Santiago de Quer\u00e9taro\" \/>\n<meta property=\"og:description\" content=\"Quer\u00e9taro y San Antonio estrechan lazos para impulsar la innovaci\u00f3n y el emprendimiento\" \/>\n<meta property=\"og:url\" content=\"https:\/\/www.nexoinformativo.mx\/index.php\/2025\/02\/12\/queretaro-y-san-antonio-estrechan-lazos-para-impulsar-la-innovacion-y-el-emprendimiento\/\" \/>\n<meta property=\"og:site_name\" content=\"Nexo Informativo Santiago de Quer\u00e9taro\" \/>\n<meta property=\"article:publisher\" content=\"https:\/\/www.facebook.com\/people\/Nexo-Informativo\/61564066885511\/\" \/>\n<meta property=\"article:published_time\" content=\"2025-02-12T16:00:34+00:00\" \/>\n<meta property=\"article:modified_time\" content=\"2025-02-12T17:59:21+00:00\" \/>\n<meta property=\"og:image\" content=\"https:\/\/www.nexoinformativo.mx\/wp-content\/uploads\/2025\/02\/9ebfadea-174d-48ef-8105-cad092b6de4d-e1739383155335.jpeg\" \/>\n\t<meta property=\"og:image:width\" content=\"800\" \/>\n\t<meta property=\"og:image:height\" content=\"533\" \/>\n\t<meta property=\"og:image:type\" content=\"image\/jpeg\" \/>\n<meta name=\"author\" content=\"Nexo Informativo\" \/>\n<meta name=\"twitter:card\" content=\"summary_large_image\" \/>\n<meta name=\"twitter:label1\" content=\"Escrito por\" \/>\n\t<meta name=\"twitter:data1\" content=\"Nexo Informativo\" \/>\n\t<meta name=\"twitter:label2\" content=\"Tiempo de lectura\" \/>\n\t<meta name=\"twitter:data2\" content=\"2 minutos\" \/>\n<script type=\"application\/ld+json\" class=\"yoast-schema-graph\">{\"@context\":\"https:\/\/schema.org\",\"@graph\":[{\"@type\":\"Article\",\"@id\":\"https:\/\/www.nexoinformativo.mx\/index.php\/2025\/02\/12\/queretaro-y-san-antonio-estrechan-lazos-para-impulsar-la-innovacion-y-el-emprendimiento\/#article\",\"isPartOf\":{\"@id\":\"https:\/\/www.nexoinformativo.mx\/index.php\/2025\/02\/12\/queretaro-y-san-antonio-estrechan-lazos-para-impulsar-la-innovacion-y-el-emprendimiento\/\"},\"author\":{\"name\":\"Nexo Informativo\",\"@id\":\"https:\/\/www.nexoinformativo.mx\/#\/schema\/person\/7749d380ba08c8ca00d7bc76fd907b7d\"},\"headline\":\"Quer\u00e9taro y San Antonio estrechan lazos para impulsar la innovaci\u00f3n y el emprendimiento\",\"datePublished\":\"2025-02-12T16:00:34+00:00\",\"dateModified\":\"2025-02-12T17:59:21+00:00\",\"mainEntityOfPage\":{\"@id\":\"https:\/\/www.nexoinformativo.mx\/index.php\/2025\/02\/12\/queretaro-y-san-antonio-estrechan-lazos-para-impulsar-la-innovacion-y-el-emprendimiento\/\"},\"wordCount\":256,\"commentCount\":0,\"publisher\":{\"@id\":\"https:\/\/www.nexoinformativo.mx\/#organization\"},\"image\":{\"@id\":\"https:\/\/www.nexoinformativo.mx\/index.php\/2025\/02\/12\/queretaro-y-san-antonio-estrechan-lazos-para-impulsar-la-innovacion-y-el-emprendimiento\/#primaryimage\"},\"thumbnailUrl\":\"https:\/\/www.nexoinformativo.mx\/wp-content\/uploads\/2025\/02\/9ebfadea-174d-48ef-8105-cad092b6de4d-e1739383155335.jpeg\",\"keywords\":[\"emprendimiento\",\"Hermanamiento\",\"Quer\u00e9taro\",\"SanAntonio\"],\"articleSection\":[\"Municipios\",\"\u00daltima Hora\"],\"inLanguage\":\"es\",\"potentialAction\":[{\"@type\":\"CommentAction\",\"name\":\"Comment\",\"target\":[\"https:\/\/www.nexoinformativo.mx\/index.php\/2025\/02\/12\/queretaro-y-san-antonio-estrechan-lazos-para-impulsar-la-innovacion-y-el-emprendimiento\/#respond\"]}]},{\"@type\":\"WebPage\",\"@id\":\"https:\/\/www.nexoinformativo.mx\/index.php\/2025\/02\/12\/queretaro-y-san-antonio-estrechan-lazos-para-impulsar-la-innovacion-y-el-emprendimiento\/\",\"url\":\"https:\/\/www.nexoinformativo.mx\/index.php\/2025\/02\/12\/queretaro-y-san-antonio-estrechan-lazos-para-impulsar-la-innovacion-y-el-emprendimiento\/\",\"name\":\"Quer\u00e9taro y San Antonio estrechan lazos para impulsar la innovaci\u00f3n y el emprendimiento | Nexo Informativo Santiago de Quer\u00e9taro\",\"isPartOf\":{\"@id\":\"https:\/\/www.nexoinformativo.mx\/#website\"},\"primaryImageOfPage\":{\"@id\":\"https:\/\/www.nexoinformativo.mx\/index.php\/2025\/02\/12\/queretaro-y-san-antonio-estrechan-lazos-para-impulsar-la-innovacion-y-el-emprendimiento\/#primaryimage\"},\"image\":{\"@id\":\"https:\/\/www.nexoinformativo.mx\/index.php\/2025\/02\/12\/queretaro-y-san-antonio-estrechan-lazos-para-impulsar-la-innovacion-y-el-emprendimiento\/#primaryimage\"},\"thumbnailUrl\":\"https:\/\/www.nexoinformativo.mx\/wp-content\/uploads\/2025\/02\/9ebfadea-174d-48ef-8105-cad092b6de4d-e1739383155335.jpeg\",\"datePublished\":\"2025-02-12T16:00:34+00:00\",\"dateModified\":\"2025-02-12T17:59:21+00:00\",\"description\":\"Quer\u00e9taro y San Antonio estrechan lazos para impulsar la innovaci\u00f3n y el emprendimiento\",\"breadcrumb\":{\"@id\":\"https:\/\/www.nexoinformativo.mx\/index.php\/2025\/02\/12\/queretaro-y-san-antonio-estrechan-lazos-para-impulsar-la-innovacion-y-el-emprendimiento\/#breadcrumb\"},\"inLanguage\":\"es\",\"potentialAction\":[{\"@type\":\"ReadAction\",\"target\":[\"https:\/\/www.nexoinformativo.mx\/index.php\/2025\/02\/12\/queretaro-y-san-antonio-estrechan-lazos-para-impulsar-la-innovacion-y-el-emprendimiento\/\"]}]},{\"@type\":\"ImageObject\",\"inLanguage\":\"es\",\"@id\":\"https:\/\/www.nexoinformativo.mx\/index.php\/2025\/02\/12\/queretaro-y-san-antonio-estrechan-lazos-para-impulsar-la-innovacion-y-el-emprendimiento\/#primaryimage\",\"url\":\"https:\/\/www.nexoinformativo.mx\/wp-content\/uploads\/2025\/02\/9ebfadea-174d-48ef-8105-cad092b6de4d-e1739383155335.jpeg\",\"contentUrl\":\"https:\/\/www.nexoinformativo.mx\/wp-content\/uploads\/2025\/02\/9ebfadea-174d-48ef-8105-cad092b6de4d-e1739383155335.jpeg\",\"width\":800,\"height\":533},{\"@type\":\"BreadcrumbList\",\"@id\":\"https:\/\/www.nexoinformativo.mx\/index.php\/2025\/02\/12\/queretaro-y-san-antonio-estrechan-lazos-para-impulsar-la-innovacion-y-el-emprendimiento\/#breadcrumb\",\"itemListElement\":[{\"@type\":\"ListItem\",\"position\":1,\"name\":\"Inicio\",\"item\":\"https:\/\/www.nexoinformativo.mx\/\"},{\"@type\":\"ListItem\",\"position\":2,\"name\":\"Quer\u00e9taro y San Antonio estrechan lazos para impulsar la innovaci\u00f3n y el emprendimiento\"}]},{\"@type\":\"WebSite\",\"@id\":\"https:\/\/www.nexoinformativo.mx\/#website\",\"url\":\"https:\/\/www.nexoinformativo.mx\/\",\"name\":\"Nexo Informativo Santiago de Quer\u00e9taro\",\"description\":\"Explora NexoInformativo y convi\u00e9rtete en parte de una comunidad que valora el conocimiento y la verdad. Tu nexoinformativo es tu puente hacia una comprensi\u00f3n m\u00e1s profunda del mundo que te rodea.\",\"publisher\":{\"@id\":\"https:\/\/www.nexoinformativo.mx\/#organization\"},\"potentialAction\":[{\"@type\":\"SearchAction\",\"target\":{\"@type\":\"EntryPoint\",\"urlTemplate\":\"https:\/\/www.nexoinformativo.mx\/?s={search_term_string}\"},\"query-input\":{\"@type\":\"PropertyValueSpecification\",\"valueRequired\":true,\"valueName\":\"search_term_string\"}}],\"inLanguage\":\"es\"},{\"@type\":\"Organization\",\"@id\":\"https:\/\/www.nexoinformativo.mx\/#organization\",\"name\":\"Nexo Informativo Santiago de Quer\u00e9taro\",\"url\":\"https:\/\/www.nexoinformativo.mx\/\",\"logo\":{\"@type\":\"ImageObject\",\"inLanguage\":\"es\",\"@id\":\"https:\/\/www.nexoinformativo.mx\/#\/schema\/logo\/image\/\",\"url\":\"https:\/\/www.nexoinformativo.mx\/wp-content\/uploads\/2024\/07\/nexoi-trasparente-2.png\",\"contentUrl\":\"https:\/\/www.nexoinformativo.mx\/wp-content\/uploads\/2024\/07\/nexoi-trasparente-2.png\",\"width\":816,\"height\":339,\"caption\":\"Nexo Informativo Santiago de Quer\u00e9taro\"},\"image\":{\"@id\":\"https:\/\/www.nexoinformativo.mx\/#\/schema\/logo\/image\/\"},\"sameAs\":[\"https:\/\/www.facebook.com\/people\/Nexo-Informativo\/61564066885511\/\"]},{\"@type\":\"Person\",\"@id\":\"https:\/\/www.nexoinformativo.mx\/#\/schema\/person\/7749d380ba08c8ca00d7bc76fd907b7d\",\"name\":\"Nexo Informativo\",\"image\":{\"@type\":\"ImageObject\",\"inLanguage\":\"es\",\"@id\":\"https:\/\/www.nexoinformativo.mx\/#\/schema\/person\/image\/\",\"url\":\"https:\/\/secure.gravatar.com\/avatar\/dde2928154642a13d95f87ddf1ea9718fe2b46760a005c53e41ff5ad610704e6?s=96&d=mm&r=g\",\"contentUrl\":\"https:\/\/secure.gravatar.com\/avatar\/dde2928154642a13d95f87ddf1ea9718fe2b46760a005c53e41ff5ad610704e6?s=96&d=mm&r=g\",\"caption\":\"Nexo Informativo\"},\"url\":\"https:\/\/www.nexoinformativo.mx\/index.php\/author\/edicion\/\"}]}<\/script>\n<!-- \/ Yoast SEO plugin. -->","yoast_head_json":{"title":"Quer\u00e9taro y San Antonio estrechan lazos para impulsar la innovaci\u00f3n y el emprendimiento | Nexo Informativo Santiago de Quer\u00e9taro","description":"Quer\u00e9taro y San Antonio estrechan lazos para impulsar la innovaci\u00f3n y el emprendimiento","robots":{"index":"index","follow":"follow","max-snippet":"max-snippet:-1","max-image-preview":"max-image-preview:large","max-video-preview":"max-video-preview:-1"},"canonical":"https:\/\/www.nexoinformativo.mx\/index.php\/2025\/02\/12\/queretaro-y-san-antonio-estrechan-lazos-para-impulsar-la-innovacion-y-el-emprendimiento\/","og_locale":"es_MX","og_type":"article","og_title":"Quer\u00e9taro y San Antonio estrechan lazos para impulsar la innovaci\u00f3n y el emprendimiento | Nexo Informativo Santiago de Quer\u00e9taro","og_description":"Quer\u00e9taro y San Antonio estrechan lazos para impulsar la innovaci\u00f3n y el emprendimiento","og_url":"https:\/\/www.nexoinformativo.mx\/index.php\/2025\/02\/12\/queretaro-y-san-antonio-estrechan-lazos-para-impulsar-la-innovacion-y-el-emprendimiento\/","og_site_name":"Nexo Informativo Santiago de Quer\u00e9taro","article_publisher":"https:\/\/www.facebook.com\/people\/Nexo-Informativo\/61564066885511\/","article_published_time":"2025-02-12T16:00:34+00:00","article_modified_time":"2025-02-12T17:59:21+00:00","og_image":[{"width":800,"height":533,"url":"https:\/\/www.nexoinformativo.mx\/wp-content\/uploads\/2025\/02\/9ebfadea-174d-48ef-8105-cad092b6de4d-e1739383155335.jpeg","type":"image\/jpeg"}],"author":"Nexo Informativo","twitter_card":"summary_large_image","twitter_misc":{"Escrito por":"Nexo Informativo","Tiempo de lectura":"2 minutos"},"schema":{"@context":"https:\/\/schema.org","@graph":[{"@type":"Article","@id":"https:\/\/www.nexoinformativo.mx\/index.php\/2025\/02\/12\/queretaro-y-san-antonio-estrechan-lazos-para-impulsar-la-innovacion-y-el-emprendimiento\/#article","isPartOf":{"@id":"https:\/\/www.nexoinformativo.mx\/index.php\/2025\/02\/12\/queretaro-y-san-antonio-estrechan-lazos-para-impulsar-la-innovacion-y-el-emprendimiento\/"},"author":{"name":"Nexo Informativo","@id":"https:\/\/www.nexoinformativo.mx\/#\/schema\/person\/7749d380ba08c8ca00d7bc76fd907b7d"},"headline":"Quer\u00e9taro y San Antonio estrechan lazos para impulsar la innovaci\u00f3n y el emprendimiento","datePublished":"2025-02-12T16:00:34+00:00","dateModified":"2025-02-12T17:59:21+00:00","mainEntityOfPage":{"@id":"https:\/\/www.nexoinformativo.mx\/index.php\/2025\/02\/12\/queretaro-y-san-antonio-estrechan-lazos-para-impulsar-la-innovacion-y-el-emprendimiento\/"},"wordCount":256,"commentCount":0,"publisher":{"@id":"https:\/\/www.nexoinformativo.mx\/#organization"},"image":{"@id":"https:\/\/www.nexoinformativo.mx\/index.php\/2025\/02\/12\/queretaro-y-san-antonio-estrechan-lazos-para-impulsar-la-innovacion-y-el-emprendimiento\/#primaryimage"},"thumbnailUrl":"https:\/\/www.nexoinformativo.mx\/wp-content\/uploads\/2025\/02\/9ebfadea-174d-48ef-8105-cad092b6de4d-e1739383155335.jpeg","keywords":["emprendimiento","Hermanamiento","Quer\u00e9taro","SanAntonio"],"articleSection":["Municipios","\u00daltima Hora"],"inLanguage":"es","potentialAction":[{"@type":"CommentAction","name":"Comment","target":["https:\/\/www.nexoinformativo.mx\/index.php\/2025\/02\/12\/queretaro-y-san-antonio-estrechan-lazos-para-impulsar-la-innovacion-y-el-emprendimiento\/#respond"]}]},{"@type":"WebPage","@id":"https:\/\/www.nexoinformativo.mx\/index.php\/2025\/02\/12\/queretaro-y-san-antonio-estrechan-lazos-para-impulsar-la-innovacion-y-el-emprendimiento\/","url":"https:\/\/www.nexoinformativo.mx\/index.php\/2025\/02\/12\/queretaro-y-san-antonio-estrechan-lazos-para-impulsar-la-innovacion-y-el-emprendimiento\/","name":"Quer\u00e9taro y San Antonio estrechan lazos para impulsar la innovaci\u00f3n y el emprendimiento | Nexo Informativo Santiago de Quer\u00e9taro","isPartOf":{"@id":"https:\/\/www.nexoinformativo.mx\/#website"},"primaryImageOfPage":{"@id":"https:\/\/www.nexoinformativo.mx\/index.php\/2025\/02\/12\/queretaro-y-san-antonio-estrechan-lazos-para-impulsar-la-innovacion-y-el-emprendimiento\/#primaryimage"},"image":{"@id":"https:\/\/www.nexoinformativo.mx\/index.php\/2025\/02\/12\/queretaro-y-san-antonio-estrechan-lazos-para-impulsar-la-innovacion-y-el-emprendimiento\/#primaryimage"},"thumbnailUrl":"https:\/\/www.nexoinformativo.mx\/wp-content\/uploads\/2025\/02\/9ebfadea-174d-48ef-8105-cad092b6de4d-e1739383155335.jpeg","datePublished":"2025-02-12T16:00:34+00:00","dateModified":"2025-02-12T17:59:21+00:00","description":"Quer\u00e9taro y San Antonio estrechan lazos para impulsar la innovaci\u00f3n y el emprendimiento","breadcrumb":{"@id":"https:\/\/www.nexoinformativo.mx\/index.php\/2025\/02\/12\/queretaro-y-san-antonio-estrechan-lazos-para-impulsar-la-innovacion-y-el-emprendimiento\/#breadcrumb"},"inLanguage":"es","potentialAction":[{"@type":"ReadAction","target":["https:\/\/www.nexoinformativo.mx\/index.php\/2025\/02\/12\/queretaro-y-san-antonio-estrechan-lazos-para-impulsar-la-innovacion-y-el-emprendimiento\/"]}]},{"@type":"ImageObject","inLanguage":"es","@id":"https:\/\/www.nexoinformativo.mx\/index.php\/2025\/02\/12\/queretaro-y-san-antonio-estrechan-lazos-para-impulsar-la-innovacion-y-el-emprendimiento\/#primaryimage","url":"https:\/\/www.nexoinformativo.mx\/wp-content\/uploads\/2025\/02\/9ebfadea-174d-48ef-8105-cad092b6de4d-e1739383155335.jpeg","contentUrl":"https:\/\/www.nexoinformativo.mx\/wp-content\/uploads\/2025\/02\/9ebfadea-174d-48ef-8105-cad092b6de4d-e1739383155335.jpeg","width":800,"height":533},{"@type":"BreadcrumbList","@id":"https:\/\/www.nexoinformativo.mx\/index.php\/2025\/02\/12\/queretaro-y-san-antonio-estrechan-lazos-para-impulsar-la-innovacion-y-el-emprendimiento\/#breadcrumb","itemListElement":[{"@type":"ListItem","position":1,"name":"Inicio","item":"https:\/\/www.nexoinformativo.mx\/"},{"@type":"ListItem","position":2,"name":"Quer\u00e9taro y San Antonio estrechan lazos para impulsar la innovaci\u00f3n y el emprendimiento"}]},{"@type":"WebSite","@id":"https:\/\/www.nexoinformativo.mx\/#website","url":"https:\/\/www.nexoinformativo.mx\/","name":"Nexo Informativo Santiago de Quer\u00e9taro","description":"Explora NexoInformativo y convi\u00e9rtete en parte de una comunidad que valora el conocimiento y la verdad. Tu nexoinformativo es tu puente hacia una comprensi\u00f3n m\u00e1s profunda del mundo que te rodea.","publisher":{"@id":"https:\/\/www.nexoinformativo.mx\/#organization"},"potentialAction":[{"@type":"SearchAction","target":{"@type":"EntryPoint","urlTemplate":"https:\/\/www.nexoinformativo.mx\/?s={search_term_string}"},"query-input":{"@type":"PropertyValueSpecification","valueRequired":true,"valueName":"search_term_string"}}],"inLanguage":"es"},{"@type":"Organization","@id":"https:\/\/www.nexoinformativo.mx\/#organization","name":"Nexo Informativo Santiago de Quer\u00e9taro","url":"https:\/\/www.nexoinformativo.mx\/","logo":{"@type":"ImageObject","inLanguage":"es","@id":"https:\/\/www.nexoinformativo.mx\/#\/schema\/logo\/image\/","url":"https:\/\/www.nexoinformativo.mx\/wp-content\/uploads\/2024\/07\/nexoi-trasparente-2.png","contentUrl":"https:\/\/www.nexoinformativo.mx\/wp-content\/uploads\/2024\/07\/nexoi-trasparente-2.png","width":816,"height":339,"caption":"Nexo Informativo Santiago de Quer\u00e9taro"},"image":{"@id":"https:\/\/www.nexoinformativo.mx\/#\/schema\/logo\/image\/"},"sameAs":["https:\/\/www.facebook.com\/people\/Nexo-Informativo\/61564066885511\/"]},{"@type":"Person","@id":"https:\/\/www.nexoinformativo.mx\/#\/schema\/person\/7749d380ba08c8ca00d7bc76fd907b7d","name":"Nexo Informativo","image":{"@type":"ImageObject","inLanguage":"es","@id":"https:\/\/www.nexoinformativo.mx\/#\/schema\/person\/image\/","url":"https:\/\/secure.gravatar.com\/avatar\/dde2928154642a13d95f87ddf1ea9718fe2b46760a005c53e41ff5ad610704e6?s=96&d=mm&r=g","contentUrl":"https:\/\/secure.gravatar.com\/avatar\/dde2928154642a13d95f87ddf1ea9718fe2b46760a005c53e41ff5ad610704e6?s=96&d=mm&r=g","caption":"Nexo Informativo"},"url":"https:\/\/www.nexoinformativo.mx\/index.php\/author\/edicion\/"}]}},"_links":{"self":[{"href":"https:\/\/www.nexoinformativo.mx\/index.php\/wp-json\/wp\/v2\/posts\/11530","targetHints":{"allow":["GET"]}}],"collection":[{"href":"https:\/\/www.nexoinformativo.mx\/index.php\/wp-json\/wp\/v2\/posts"}],"about":[{"href":"https:\/\/www.nexoinformativo.mx\/index.php\/wp-json\/wp\/v2\/types\/post"}],"author":[{"embeddable":true,"href":"https:\/\/www.nexoinformativo.mx\/index.php\/wp-json\/wp\/v2\/users\/3"}],"replies":[{"embeddable":true,"href":"https:\/\/www.nexoinformativo.mx\/index.php\/wp-json\/wp\/v2\/comments?post=11530"}],"version-history":[{"count":4,"href":"https:\/\/www.nexoinformativo.mx\/index.php\/wp-json\/wp\/v2\/posts\/11530\/revisions"}],"predecessor-version":[{"id":11533,"href":"https:\/\/www.nexoinformativo.mx\/index.php\/wp-json\/wp\/v2\/posts\/11530\/revisions\/11533"}],"wp:featuredmedia":[{"embeddable":true,"href":"https:\/\/www.nexoinformativo.mx\/index.php\/wp-json\/wp\/v2\/media\/11534"}],"wp:attachment":[{"href":"https:\/\/www.nexoinformativo.mx\/index.php\/wp-json\/wp\/v2\/media?parent=11530"}],"wp:term":[{"taxonomy":"category","embeddable":true,"href":"https:\/\/www.nexoinformativo.mx\/index.php\/wp-json\/wp\/v2\/categories?post=11530"},{"taxonomy":"post_tag","embeddable":true,"href":"https:\/\/www.nexoinformativo.mx\/index.php\/wp-json\/wp\/v2\/tags?post=11530"}],"curies":[{"name":"wp","href":"https:\/\/api.w.org\/{rel}","templated":true}]}}