{"id":11575,"date":"2025-02-13T07:00:47","date_gmt":"2025-02-13T13:00:47","guid":{"rendered":"https:\/\/www.nexoinformativo.mx\/?p=11575"},"modified":"2025-02-13T08:21:08","modified_gmt":"2025-02-13T14:21:08","slug":"sectur-queretaro-fortalece-la-industria-turistica-con-millonaria-inversion","status":"publish","type":"post","link":"https:\/\/www.nexoinformativo.mx\/index.php\/2025\/02\/13\/sectur-queretaro-fortalece-la-industria-turistica-con-millonaria-inversion\/","title":{"rendered":"SECTUR Quer\u00e9taro fortalece la industria tur\u00edstica con millonaria inversi\u00f3n"},"content":{"rendered":"<p style=\"text-align: justify;\" data-sourcepos=\"11:1-11:228\">Con el objetivo de fortalecer el sector tur\u00edstico y generar m\u00e1s oportunidades de empleo, la Secretar\u00eda de Turismo del estado de Quer\u00e9taro entreg\u00f3 apoyos a 14 proyectos tur\u00edsticos en diferentes municipios.<\/p>\n<\/p>\n<p>&nbsp;<\/p>\n<p style=\"text-align: justify;\" data-sourcepos=\"13:1-13:271\">La titular de la SECTUR, Adriana Vega V\u00e1zquez, encabez\u00f3 la ceremonia de entrega de estos recursos, los cuales se destinar\u00e1n a mejorar la infraestructura tur\u00edstica, ampliar la oferta de servicios y promover los destinos queretanos a nivel nacional e internacional.<\/p>\n<\/p>\n<p>&nbsp;<\/p>\n<p style=\"text-align: justify;\" data-sourcepos=\"15:1-15:210\"><strong>&#8220;El turismo es un motor clave para la econom\u00eda de nuestro estado&#8221;<\/strong>, afirm\u00f3 Vega V\u00e1zquez. &#8220;Con estos apoyos, buscamos fortalecer el sector tur\u00edstico y generar m\u00e1s oportunidades para nuestras comunidades&#8221;.<\/p>\n<\/p>\n<p>&nbsp;<\/p>\n<p style=\"text-align: justify;\" data-sourcepos=\"17:1-17:283\">Los proyectos beneficiados se encuentran en municipios como Pinal de Amoles, Jalpan de Serra, San Joaqu\u00edn, Amealco de Bonfil, Col\u00f3n, El Marqu\u00e9s, Ezequiel Montes, Santiago de Quer\u00e9taro y Corregidora. Las inversiones se destinar\u00e1n a infraestructura, equipamiento y promoci\u00f3n tur\u00edstica.<\/p>\n<\/p>\n<p>&nbsp;<\/p>\n<p style=\"text-align: justify;\" data-sourcepos=\"19:1-19:192\">La SECTUR refrenda su compromiso de trabajar de la mano con municipios, empresarios y prestadores de servicios tur\u00edsticos para consolidar a Quer\u00e9taro como un destino tur\u00edstico de primer nivel.<\/p>\n<\/p>\n<p>&nbsp;<\/p>\n<p style=\"text-align: center;\" data-sourcepos=\"19:1-19:192\"><em><strong>\u00a1Informaci\u00f3n que transforma!<\/strong><\/em><\/p>\n","protected":false},"excerpt":{"rendered":"<p>Con el objetivo de fortalecer el sector tur\u00edstico y generar m\u00e1s oportunidades de empleo, la Secretar\u00eda de Turismo del estado de Quer\u00e9taro entreg\u00f3 apoyos a 14 proyectos tur\u00edsticos en diferentes municipios.<\/p>\n","protected":false},"author":3,"featured_media":11576,"comment_status":"open","ping_status":"open","sticky":false,"template":"","format":"standard","meta":{"footnotes":""},"categories":[5,42,58],"tags":[2339,142,133,992],"class_list":["post-11575","post","type-post","status-publish","format-standard","has-post-thumbnail","hentry","category-economia","category-estado","category-ultima-hora","tag-desarrolloturistico","tag-inversion","tag-queretaro","tag-turismoqueretaro"],"yoast_head":"<!-- This site is optimized with the Yoast SEO plugin v25.0 - https:\/\/yoast.com\/wordpress\/plugins\/seo\/ -->\n<title>SECTUR Quer\u00e9taro fortalece la industria tur\u00edstica con millonaria inversi\u00f3n | Nexo Informativo Santiago de Quer\u00e9taro<\/title>\n<meta name=\"description\" content=\"SECTUR Quer\u00e9taro fortalece la industria tur\u00edstica con millonaria inversi\u00f3n\" \/>\n<meta name=\"robots\" content=\"index, follow, max-snippet:-1, max-image-preview:large, max-video-preview:-1\" \/>\n<link rel=\"canonical\" href=\"https:\/\/www.nexoinformativo.mx\/index.php\/2025\/02\/13\/sectur-queretaro-fortalece-la-industria-turistica-con-millonaria-inversion\/\" \/>\n<meta property=\"og:locale\" content=\"es_MX\" \/>\n<meta property=\"og:type\" content=\"article\" \/>\n<meta property=\"og:title\" content=\"SECTUR Quer\u00e9taro fortalece la industria tur\u00edstica con millonaria inversi\u00f3n | Nexo Informativo Santiago de Quer\u00e9taro\" \/>\n<meta property=\"og:description\" content=\"SECTUR Quer\u00e9taro fortalece la industria tur\u00edstica con millonaria inversi\u00f3n\" \/>\n<meta property=\"og:url\" content=\"https:\/\/www.nexoinformativo.mx\/index.php\/2025\/02\/13\/sectur-queretaro-fortalece-la-industria-turistica-con-millonaria-inversion\/\" \/>\n<meta property=\"og:site_name\" content=\"Nexo Informativo Santiago de Quer\u00e9taro\" \/>\n<meta property=\"article:publisher\" content=\"https:\/\/www.facebook.com\/people\/Nexo-Informativo\/61564066885511\/\" \/>\n<meta property=\"article:published_time\" content=\"2025-02-13T13:00:47+00:00\" \/>\n<meta property=\"article:modified_time\" content=\"2025-02-13T14:21:08+00:00\" \/>\n<meta property=\"og:image\" content=\"https:\/\/www.nexoinformativo.mx\/wp-content\/uploads\/2025\/02\/db6a6fd0-6ceb-448a-9f3a-3e3cf0e6faa1-e1739456422341.jpg\" \/>\n\t<meta property=\"og:image:width\" content=\"800\" \/>\n\t<meta property=\"og:image:height\" content=\"449\" \/>\n\t<meta property=\"og:image:type\" content=\"image\/jpeg\" \/>\n<meta name=\"author\" content=\"Nexo Informativo\" \/>\n<meta name=\"twitter:card\" content=\"summary_large_image\" \/>\n<meta name=\"twitter:label1\" content=\"Escrito por\" \/>\n\t<meta name=\"twitter:data1\" content=\"Nexo Informativo\" \/>\n\t<meta name=\"twitter:label2\" content=\"Tiempo de lectura\" \/>\n\t<meta name=\"twitter:data2\" content=\"1 minuto\" \/>\n<script type=\"application\/ld+json\" class=\"yoast-schema-graph\">{\"@context\":\"https:\/\/schema.org\",\"@graph\":[{\"@type\":\"Article\",\"@id\":\"https:\/\/www.nexoinformativo.mx\/index.php\/2025\/02\/13\/sectur-queretaro-fortalece-la-industria-turistica-con-millonaria-inversion\/#article\",\"isPartOf\":{\"@id\":\"https:\/\/www.nexoinformativo.mx\/index.php\/2025\/02\/13\/sectur-queretaro-fortalece-la-industria-turistica-con-millonaria-inversion\/\"},\"author\":{\"name\":\"Nexo Informativo\",\"@id\":\"https:\/\/www.nexoinformativo.mx\/#\/schema\/person\/7749d380ba08c8ca00d7bc76fd907b7d\"},\"headline\":\"SECTUR Quer\u00e9taro fortalece la industria tur\u00edstica con millonaria inversi\u00f3n\",\"datePublished\":\"2025-02-13T13:00:47+00:00\",\"dateModified\":\"2025-02-13T14:21:08+00:00\",\"mainEntityOfPage\":{\"@id\":\"https:\/\/www.nexoinformativo.mx\/index.php\/2025\/02\/13\/sectur-queretaro-fortalece-la-industria-turistica-con-millonaria-inversion\/\"},\"wordCount\":211,\"commentCount\":0,\"publisher\":{\"@id\":\"https:\/\/www.nexoinformativo.mx\/#organization\"},\"image\":{\"@id\":\"https:\/\/www.nexoinformativo.mx\/index.php\/2025\/02\/13\/sectur-queretaro-fortalece-la-industria-turistica-con-millonaria-inversion\/#primaryimage\"},\"thumbnailUrl\":\"https:\/\/www.nexoinformativo.mx\/wp-content\/uploads\/2025\/02\/db6a6fd0-6ceb-448a-9f3a-3e3cf0e6faa1-e1739456422341.jpg\",\"keywords\":[\"DesarrolloTur\u00edstico\",\"Inversi\u00f3n\",\"Quer\u00e9taro\",\"TurismoQuer\u00e9taro\"],\"articleSection\":[\"Econom\u00eda\",\"Estado\",\"\u00daltima Hora\"],\"inLanguage\":\"es\",\"potentialAction\":[{\"@type\":\"CommentAction\",\"name\":\"Comment\",\"target\":[\"https:\/\/www.nexoinformativo.mx\/index.php\/2025\/02\/13\/sectur-queretaro-fortalece-la-industria-turistica-con-millonaria-inversion\/#respond\"]}]},{\"@type\":\"WebPage\",\"@id\":\"https:\/\/www.nexoinformativo.mx\/index.php\/2025\/02\/13\/sectur-queretaro-fortalece-la-industria-turistica-con-millonaria-inversion\/\",\"url\":\"https:\/\/www.nexoinformativo.mx\/index.php\/2025\/02\/13\/sectur-queretaro-fortalece-la-industria-turistica-con-millonaria-inversion\/\",\"name\":\"SECTUR Quer\u00e9taro fortalece la industria tur\u00edstica con millonaria inversi\u00f3n | Nexo Informativo Santiago de Quer\u00e9taro\",\"isPartOf\":{\"@id\":\"https:\/\/www.nexoinformativo.mx\/#website\"},\"primaryImageOfPage\":{\"@id\":\"https:\/\/www.nexoinformativo.mx\/index.php\/2025\/02\/13\/sectur-queretaro-fortalece-la-industria-turistica-con-millonaria-inversion\/#primaryimage\"},\"image\":{\"@id\":\"https:\/\/www.nexoinformativo.mx\/index.php\/2025\/02\/13\/sectur-queretaro-fortalece-la-industria-turistica-con-millonaria-inversion\/#primaryimage\"},\"thumbnailUrl\":\"https:\/\/www.nexoinformativo.mx\/wp-content\/uploads\/2025\/02\/db6a6fd0-6ceb-448a-9f3a-3e3cf0e6faa1-e1739456422341.jpg\",\"datePublished\":\"2025-02-13T13:00:47+00:00\",\"dateModified\":\"2025-02-13T14:21:08+00:00\",\"description\":\"SECTUR Quer\u00e9taro fortalece la industria tur\u00edstica con millonaria inversi\u00f3n\",\"breadcrumb\":{\"@id\":\"https:\/\/www.nexoinformativo.mx\/index.php\/2025\/02\/13\/sectur-queretaro-fortalece-la-industria-turistica-con-millonaria-inversion\/#breadcrumb\"},\"inLanguage\":\"es\",\"potentialAction\":[{\"@type\":\"ReadAction\",\"target\":[\"https:\/\/www.nexoinformativo.mx\/index.php\/2025\/02\/13\/sectur-queretaro-fortalece-la-industria-turistica-con-millonaria-inversion\/\"]}]},{\"@type\":\"ImageObject\",\"inLanguage\":\"es\",\"@id\":\"https:\/\/www.nexoinformativo.mx\/index.php\/2025\/02\/13\/sectur-queretaro-fortalece-la-industria-turistica-con-millonaria-inversion\/#primaryimage\",\"url\":\"https:\/\/www.nexoinformativo.mx\/wp-content\/uploads\/2025\/02\/db6a6fd0-6ceb-448a-9f3a-3e3cf0e6faa1-e1739456422341.jpg\",\"contentUrl\":\"https:\/\/www.nexoinformativo.mx\/wp-content\/uploads\/2025\/02\/db6a6fd0-6ceb-448a-9f3a-3e3cf0e6faa1-e1739456422341.jpg\",\"width\":800,\"height\":449},{\"@type\":\"BreadcrumbList\",\"@id\":\"https:\/\/www.nexoinformativo.mx\/index.php\/2025\/02\/13\/sectur-queretaro-fortalece-la-industria-turistica-con-millonaria-inversion\/#breadcrumb\",\"itemListElement\":[{\"@type\":\"ListItem\",\"position\":1,\"name\":\"Inicio\",\"item\":\"https:\/\/www.nexoinformativo.mx\/\"},{\"@type\":\"ListItem\",\"position\":2,\"name\":\"SECTUR Quer\u00e9taro fortalece la industria tur\u00edstica con millonaria inversi\u00f3n\"}]},{\"@type\":\"WebSite\",\"@id\":\"https:\/\/www.nexoinformativo.mx\/#website\",\"url\":\"https:\/\/www.nexoinformativo.mx\/\",\"name\":\"Nexo Informativo Santiago de Quer\u00e9taro\",\"description\":\"Explora NexoInformativo y convi\u00e9rtete en parte de una comunidad que valora el conocimiento y la verdad. Tu nexoinformativo es tu puente hacia una comprensi\u00f3n m\u00e1s profunda del mundo que te rodea.\",\"publisher\":{\"@id\":\"https:\/\/www.nexoinformativo.mx\/#organization\"},\"potentialAction\":[{\"@type\":\"SearchAction\",\"target\":{\"@type\":\"EntryPoint\",\"urlTemplate\":\"https:\/\/www.nexoinformativo.mx\/?s={search_term_string}\"},\"query-input\":{\"@type\":\"PropertyValueSpecification\",\"valueRequired\":true,\"valueName\":\"search_term_string\"}}],\"inLanguage\":\"es\"},{\"@type\":\"Organization\",\"@id\":\"https:\/\/www.nexoinformativo.mx\/#organization\",\"name\":\"Nexo Informativo Santiago de Quer\u00e9taro\",\"url\":\"https:\/\/www.nexoinformativo.mx\/\",\"logo\":{\"@type\":\"ImageObject\",\"inLanguage\":\"es\",\"@id\":\"https:\/\/www.nexoinformativo.mx\/#\/schema\/logo\/image\/\",\"url\":\"https:\/\/www.nexoinformativo.mx\/wp-content\/uploads\/2024\/07\/nexoi-trasparente-2.png\",\"contentUrl\":\"https:\/\/www.nexoinformativo.mx\/wp-content\/uploads\/2024\/07\/nexoi-trasparente-2.png\",\"width\":816,\"height\":339,\"caption\":\"Nexo Informativo Santiago de Quer\u00e9taro\"},\"image\":{\"@id\":\"https:\/\/www.nexoinformativo.mx\/#\/schema\/logo\/image\/\"},\"sameAs\":[\"https:\/\/www.facebook.com\/people\/Nexo-Informativo\/61564066885511\/\"]},{\"@type\":\"Person\",\"@id\":\"https:\/\/www.nexoinformativo.mx\/#\/schema\/person\/7749d380ba08c8ca00d7bc76fd907b7d\",\"name\":\"Nexo Informativo\",\"image\":{\"@type\":\"ImageObject\",\"inLanguage\":\"es\",\"@id\":\"https:\/\/www.nexoinformativo.mx\/#\/schema\/person\/image\/\",\"url\":\"https:\/\/secure.gravatar.com\/avatar\/dde2928154642a13d95f87ddf1ea9718fe2b46760a005c53e41ff5ad610704e6?s=96&d=mm&r=g\",\"contentUrl\":\"https:\/\/secure.gravatar.com\/avatar\/dde2928154642a13d95f87ddf1ea9718fe2b46760a005c53e41ff5ad610704e6?s=96&d=mm&r=g\",\"caption\":\"Nexo Informativo\"},\"url\":\"https:\/\/www.nexoinformativo.mx\/index.php\/author\/edicion\/\"}]}<\/script>\n<!-- \/ Yoast SEO plugin. -->","yoast_head_json":{"title":"SECTUR Quer\u00e9taro fortalece la industria tur\u00edstica con millonaria inversi\u00f3n | Nexo Informativo Santiago de Quer\u00e9taro","description":"SECTUR Quer\u00e9taro fortalece la industria tur\u00edstica con millonaria inversi\u00f3n","robots":{"index":"index","follow":"follow","max-snippet":"max-snippet:-1","max-image-preview":"max-image-preview:large","max-video-preview":"max-video-preview:-1"},"canonical":"https:\/\/www.nexoinformativo.mx\/index.php\/2025\/02\/13\/sectur-queretaro-fortalece-la-industria-turistica-con-millonaria-inversion\/","og_locale":"es_MX","og_type":"article","og_title":"SECTUR Quer\u00e9taro fortalece la industria tur\u00edstica con millonaria inversi\u00f3n | Nexo Informativo Santiago de Quer\u00e9taro","og_description":"SECTUR Quer\u00e9taro fortalece la industria tur\u00edstica con millonaria inversi\u00f3n","og_url":"https:\/\/www.nexoinformativo.mx\/index.php\/2025\/02\/13\/sectur-queretaro-fortalece-la-industria-turistica-con-millonaria-inversion\/","og_site_name":"Nexo Informativo Santiago de Quer\u00e9taro","article_publisher":"https:\/\/www.facebook.com\/people\/Nexo-Informativo\/61564066885511\/","article_published_time":"2025-02-13T13:00:47+00:00","article_modified_time":"2025-02-13T14:21:08+00:00","og_image":[{"width":800,"height":449,"url":"https:\/\/www.nexoinformativo.mx\/wp-content\/uploads\/2025\/02\/db6a6fd0-6ceb-448a-9f3a-3e3cf0e6faa1-e1739456422341.jpg","type":"image\/jpeg"}],"author":"Nexo Informativo","twitter_card":"summary_large_image","twitter_misc":{"Escrito por":"Nexo Informativo","Tiempo de lectura":"1 minuto"},"schema":{"@context":"https:\/\/schema.org","@graph":[{"@type":"Article","@id":"https:\/\/www.nexoinformativo.mx\/index.php\/2025\/02\/13\/sectur-queretaro-fortalece-la-industria-turistica-con-millonaria-inversion\/#article","isPartOf":{"@id":"https:\/\/www.nexoinformativo.mx\/index.php\/2025\/02\/13\/sectur-queretaro-fortalece-la-industria-turistica-con-millonaria-inversion\/"},"author":{"name":"Nexo Informativo","@id":"https:\/\/www.nexoinformativo.mx\/#\/schema\/person\/7749d380ba08c8ca00d7bc76fd907b7d"},"headline":"SECTUR Quer\u00e9taro fortalece la industria tur\u00edstica con millonaria inversi\u00f3n","datePublished":"2025-02-13T13:00:47+00:00","dateModified":"2025-02-13T14:21:08+00:00","mainEntityOfPage":{"@id":"https:\/\/www.nexoinformativo.mx\/index.php\/2025\/02\/13\/sectur-queretaro-fortalece-la-industria-turistica-con-millonaria-inversion\/"},"wordCount":211,"commentCount":0,"publisher":{"@id":"https:\/\/www.nexoinformativo.mx\/#organization"},"image":{"@id":"https:\/\/www.nexoinformativo.mx\/index.php\/2025\/02\/13\/sectur-queretaro-fortalece-la-industria-turistica-con-millonaria-inversion\/#primaryimage"},"thumbnailUrl":"https:\/\/www.nexoinformativo.mx\/wp-content\/uploads\/2025\/02\/db6a6fd0-6ceb-448a-9f3a-3e3cf0e6faa1-e1739456422341.jpg","keywords":["DesarrolloTur\u00edstico","Inversi\u00f3n","Quer\u00e9taro","TurismoQuer\u00e9taro"],"articleSection":["Econom\u00eda","Estado","\u00daltima Hora"],"inLanguage":"es","potentialAction":[{"@type":"CommentAction","name":"Comment","target":["https:\/\/www.nexoinformativo.mx\/index.php\/2025\/02\/13\/sectur-queretaro-fortalece-la-industria-turistica-con-millonaria-inversion\/#respond"]}]},{"@type":"WebPage","@id":"https:\/\/www.nexoinformativo.mx\/index.php\/2025\/02\/13\/sectur-queretaro-fortalece-la-industria-turistica-con-millonaria-inversion\/","url":"https:\/\/www.nexoinformativo.mx\/index.php\/2025\/02\/13\/sectur-queretaro-fortalece-la-industria-turistica-con-millonaria-inversion\/","name":"SECTUR Quer\u00e9taro fortalece la industria tur\u00edstica con millonaria inversi\u00f3n | Nexo Informativo Santiago de Quer\u00e9taro","isPartOf":{"@id":"https:\/\/www.nexoinformativo.mx\/#website"},"primaryImageOfPage":{"@id":"https:\/\/www.nexoinformativo.mx\/index.php\/2025\/02\/13\/sectur-queretaro-fortalece-la-industria-turistica-con-millonaria-inversion\/#primaryimage"},"image":{"@id":"https:\/\/www.nexoinformativo.mx\/index.php\/2025\/02\/13\/sectur-queretaro-fortalece-la-industria-turistica-con-millonaria-inversion\/#primaryimage"},"thumbnailUrl":"https:\/\/www.nexoinformativo.mx\/wp-content\/uploads\/2025\/02\/db6a6fd0-6ceb-448a-9f3a-3e3cf0e6faa1-e1739456422341.jpg","datePublished":"2025-02-13T13:00:47+00:00","dateModified":"2025-02-13T14:21:08+00:00","description":"SECTUR Quer\u00e9taro fortalece la industria tur\u00edstica con millonaria inversi\u00f3n","breadcrumb":{"@id":"https:\/\/www.nexoinformativo.mx\/index.php\/2025\/02\/13\/sectur-queretaro-fortalece-la-industria-turistica-con-millonaria-inversion\/#breadcrumb"},"inLanguage":"es","potentialAction":[{"@type":"ReadAction","target":["https:\/\/www.nexoinformativo.mx\/index.php\/2025\/02\/13\/sectur-queretaro-fortalece-la-industria-turistica-con-millonaria-inversion\/"]}]},{"@type":"ImageObject","inLanguage":"es","@id":"https:\/\/www.nexoinformativo.mx\/index.php\/2025\/02\/13\/sectur-queretaro-fortalece-la-industria-turistica-con-millonaria-inversion\/#primaryimage","url":"https:\/\/www.nexoinformativo.mx\/wp-content\/uploads\/2025\/02\/db6a6fd0-6ceb-448a-9f3a-3e3cf0e6faa1-e1739456422341.jpg","contentUrl":"https:\/\/www.nexoinformativo.mx\/wp-content\/uploads\/2025\/02\/db6a6fd0-6ceb-448a-9f3a-3e3cf0e6faa1-e1739456422341.jpg","width":800,"height":449},{"@type":"BreadcrumbList","@id":"https:\/\/www.nexoinformativo.mx\/index.php\/2025\/02\/13\/sectur-queretaro-fortalece-la-industria-turistica-con-millonaria-inversion\/#breadcrumb","itemListElement":[{"@type":"ListItem","position":1,"name":"Inicio","item":"https:\/\/www.nexoinformativo.mx\/"},{"@type":"ListItem","position":2,"name":"SECTUR Quer\u00e9taro fortalece la industria tur\u00edstica con millonaria inversi\u00f3n"}]},{"@type":"WebSite","@id":"https:\/\/www.nexoinformativo.mx\/#website","url":"https:\/\/www.nexoinformativo.mx\/","name":"Nexo Informativo Santiago de Quer\u00e9taro","description":"Explora NexoInformativo y convi\u00e9rtete en parte de una comunidad que valora el conocimiento y la verdad. Tu nexoinformativo es tu puente hacia una comprensi\u00f3n m\u00e1s profunda del mundo que te rodea.","publisher":{"@id":"https:\/\/www.nexoinformativo.mx\/#organization"},"potentialAction":[{"@type":"SearchAction","target":{"@type":"EntryPoint","urlTemplate":"https:\/\/www.nexoinformativo.mx\/?s={search_term_string}"},"query-input":{"@type":"PropertyValueSpecification","valueRequired":true,"valueName":"search_term_string"}}],"inLanguage":"es"},{"@type":"Organization","@id":"https:\/\/www.nexoinformativo.mx\/#organization","name":"Nexo Informativo Santiago de Quer\u00e9taro","url":"https:\/\/www.nexoinformativo.mx\/","logo":{"@type":"ImageObject","inLanguage":"es","@id":"https:\/\/www.nexoinformativo.mx\/#\/schema\/logo\/image\/","url":"https:\/\/www.nexoinformativo.mx\/wp-content\/uploads\/2024\/07\/nexoi-trasparente-2.png","contentUrl":"https:\/\/www.nexoinformativo.mx\/wp-content\/uploads\/2024\/07\/nexoi-trasparente-2.png","width":816,"height":339,"caption":"Nexo Informativo Santiago de Quer\u00e9taro"},"image":{"@id":"https:\/\/www.nexoinformativo.mx\/#\/schema\/logo\/image\/"},"sameAs":["https:\/\/www.facebook.com\/people\/Nexo-Informativo\/61564066885511\/"]},{"@type":"Person","@id":"https:\/\/www.nexoinformativo.mx\/#\/schema\/person\/7749d380ba08c8ca00d7bc76fd907b7d","name":"Nexo Informativo","image":{"@type":"ImageObject","inLanguage":"es","@id":"https:\/\/www.nexoinformativo.mx\/#\/schema\/person\/image\/","url":"https:\/\/secure.gravatar.com\/avatar\/dde2928154642a13d95f87ddf1ea9718fe2b46760a005c53e41ff5ad610704e6?s=96&d=mm&r=g","contentUrl":"https:\/\/secure.gravatar.com\/avatar\/dde2928154642a13d95f87ddf1ea9718fe2b46760a005c53e41ff5ad610704e6?s=96&d=mm&r=g","caption":"Nexo Informativo"},"url":"https:\/\/www.nexoinformativo.mx\/index.php\/author\/edicion\/"}]}},"_links":{"self":[{"href":"https:\/\/www.nexoinformativo.mx\/index.php\/wp-json\/wp\/v2\/posts\/11575","targetHints":{"allow":["GET"]}}],"collection":[{"href":"https:\/\/www.nexoinformativo.mx\/index.php\/wp-json\/wp\/v2\/posts"}],"about":[{"href":"https:\/\/www.nexoinformativo.mx\/index.php\/wp-json\/wp\/v2\/types\/post"}],"author":[{"embeddable":true,"href":"https:\/\/www.nexoinformativo.mx\/index.php\/wp-json\/wp\/v2\/users\/3"}],"replies":[{"embeddable":true,"href":"https:\/\/www.nexoinformativo.mx\/index.php\/wp-json\/wp\/v2\/comments?post=11575"}],"version-history":[{"count":3,"href":"https:\/\/www.nexoinformativo.mx\/index.php\/wp-json\/wp\/v2\/posts\/11575\/revisions"}],"predecessor-version":[{"id":11579,"href":"https:\/\/www.nexoinformativo.mx\/index.php\/wp-json\/wp\/v2\/posts\/11575\/revisions\/11579"}],"wp:featuredmedia":[{"embeddable":true,"href":"https:\/\/www.nexoinformativo.mx\/index.php\/wp-json\/wp\/v2\/media\/11576"}],"wp:attachment":[{"href":"https:\/\/www.nexoinformativo.mx\/index.php\/wp-json\/wp\/v2\/media?parent=11575"}],"wp:term":[{"taxonomy":"category","embeddable":true,"href":"https:\/\/www.nexoinformativo.mx\/index.php\/wp-json\/wp\/v2\/categories?post=11575"},{"taxonomy":"post_tag","embeddable":true,"href":"https:\/\/www.nexoinformativo.mx\/index.php\/wp-json\/wp\/v2\/tags?post=11575"}],"curies":[{"name":"wp","href":"https:\/\/api.w.org\/{rel}","templated":true}]}}