{"id":1158,"date":"2024-08-28T14:00:35","date_gmt":"2024-08-28T20:00:35","guid":{"rendered":"https:\/\/www.nexoinformativo.mx\/?p=1158"},"modified":"2024-08-28T14:39:41","modified_gmt":"2024-08-28T20:39:41","slug":"rescatan-a-perro-en-situacion-de-maltrato-en-colonia-satelite","status":"publish","type":"post","link":"https:\/\/www.nexoinformativo.mx\/index.php\/2024\/08\/28\/rescatan-a-perro-en-situacion-de-maltrato-en-colonia-satelite\/","title":{"rendered":"Rescatan a perro en situaci\u00f3n de maltrato en Colonia Sat\u00e9lite"},"content":{"rendered":"<p style=\"text-align: justify;\">Las autoridades de protecci\u00f3n animal de Quer\u00e9taro rescataron a un perro de raza pitbull en estado avanzado de desnutrici\u00f3n y deshidrataci\u00f3n tras una denuncia en redes sociales sobre maltrato animal. El canino fue encontrado en la azotea de un domicilio en la Colonia Sat\u00e9lite, expuesto a la intemperie sin acceso a alimentos o agua.<\/p>\n<p>&nbsp;<\/p>\n<p style=\"text-align: justify;\">El operativo de rescate cont\u00f3 con la colaboraci\u00f3n de la Guardia Municipal, quienes facilitaron la inspecci\u00f3n del lugar. El perro fue asegurado y trasladado a un centro veterinario, donde actualmente recibe atenci\u00f3n m\u00e9dica para su recuperaci\u00f3n.<\/p>\n<p>&nbsp;<\/p>\n<p style=\"text-align: justify;\">El presunto due\u00f1o del animal fue llevado al Juzgado C\u00edvico, donde se le impuso una sanci\u00f3n de 60 UMAs (5,785.20 pesos mexicanos) o 18 horas de trabajo comunitario, eligiendo cumplir con la segunda opci\u00f3n.<\/p>\n<p>&nbsp;<\/p>\n<p style=\"text-align: justify;\">Las autoridades hacen un llamado a la ciudadan\u00eda para reportar cualquier caso de maltrato animal y recordar la importancia de garantizar el bienestar de las mascotas.<\/p>\n","protected":false},"excerpt":{"rendered":"<p>Las autoridades de protecci\u00f3n animal de Quer\u00e9taro rescataron a un perro de raza pitbull en estado avanzado de desnutrici\u00f3n y deshidrataci\u00f3n tras una denuncia en redes sociales sobre maltrato animal. El canino fue encontrado en la azotea de un domicilio en la Colonia Sat\u00e9lite, expuesto a la intemperie sin acceso a alimentos o agua. &nbsp; [&hellip;]<\/p>\n","protected":false},"author":3,"featured_media":1159,"comment_status":"open","ping_status":"open","sticky":false,"template":"","format":"standard","meta":{"footnotes":""},"categories":[58],"tags":[287,286,284,285],"class_list":["post-1158","post","type-post","status-publish","format-standard","has-post-thumbnail","hentry","category-ultima-hora","tag-denunciaelmaltrato","tag-justiciaparaanimales","tag-noalmaltratoanimal","tag-proteccionanimalqueretaro"],"yoast_head":"<!-- This site is optimized with the Yoast SEO plugin v25.0 - https:\/\/yoast.com\/wordpress\/plugins\/seo\/ -->\n<title>Rescatan a perro en situaci\u00f3n de maltrato en Colonia Sat\u00e9lite | Nexo Informativo Santiago de Quer\u00e9taro<\/title>\n<meta name=\"robots\" content=\"index, follow, max-snippet:-1, max-image-preview:large, max-video-preview:-1\" \/>\n<link rel=\"canonical\" href=\"https:\/\/www.nexoinformativo.mx\/index.php\/2024\/08\/28\/rescatan-a-perro-en-situacion-de-maltrato-en-colonia-satelite\/\" \/>\n<meta property=\"og:locale\" content=\"es_MX\" \/>\n<meta property=\"og:type\" content=\"article\" \/>\n<meta property=\"og:title\" content=\"Rescatan a perro en situaci\u00f3n de maltrato en Colonia Sat\u00e9lite | Nexo Informativo Santiago de Quer\u00e9taro\" \/>\n<meta property=\"og:description\" content=\"Las autoridades de protecci\u00f3n animal de Quer\u00e9taro rescataron a un perro de raza pitbull en estado avanzado de desnutrici\u00f3n y deshidrataci\u00f3n tras una denuncia en redes sociales sobre maltrato animal. El canino fue encontrado en la azotea de un domicilio en la Colonia Sat\u00e9lite, expuesto a la intemperie sin acceso a alimentos o agua. &nbsp; [&hellip;]\" \/>\n<meta property=\"og:url\" content=\"https:\/\/www.nexoinformativo.mx\/index.php\/2024\/08\/28\/rescatan-a-perro-en-situacion-de-maltrato-en-colonia-satelite\/\" \/>\n<meta property=\"og:site_name\" content=\"Nexo Informativo Santiago de Quer\u00e9taro\" \/>\n<meta property=\"article:publisher\" content=\"https:\/\/www.facebook.com\/people\/Nexo-Informativo\/61564066885511\/\" \/>\n<meta property=\"article:published_time\" content=\"2024-08-28T20:00:35+00:00\" \/>\n<meta property=\"article:modified_time\" content=\"2024-08-28T20:39:41+00:00\" \/>\n<meta property=\"og:image\" content=\"https:\/\/www.nexoinformativo.mx\/wp-content\/uploads\/2024\/08\/PHOTO-2024-08-28-13-32-13.jpg\" \/>\n\t<meta property=\"og:image:width\" content=\"510\" \/>\n\t<meta property=\"og:image:height\" content=\"680\" \/>\n\t<meta property=\"og:image:type\" content=\"image\/jpeg\" \/>\n<meta name=\"author\" content=\"Nexo Informativo\" \/>\n<meta name=\"twitter:card\" content=\"summary_large_image\" \/>\n<meta name=\"twitter:label1\" content=\"Escrito por\" \/>\n\t<meta name=\"twitter:data1\" content=\"Nexo Informativo\" \/>\n\t<meta name=\"twitter:label2\" content=\"Tiempo de lectura\" \/>\n\t<meta name=\"twitter:data2\" content=\"1 minuto\" \/>\n<script type=\"application\/ld+json\" class=\"yoast-schema-graph\">{\"@context\":\"https:\/\/schema.org\",\"@graph\":[{\"@type\":\"Article\",\"@id\":\"https:\/\/www.nexoinformativo.mx\/index.php\/2024\/08\/28\/rescatan-a-perro-en-situacion-de-maltrato-en-colonia-satelite\/#article\",\"isPartOf\":{\"@id\":\"https:\/\/www.nexoinformativo.mx\/index.php\/2024\/08\/28\/rescatan-a-perro-en-situacion-de-maltrato-en-colonia-satelite\/\"},\"author\":{\"name\":\"Nexo Informativo\",\"@id\":\"https:\/\/www.nexoinformativo.mx\/#\/schema\/person\/7749d380ba08c8ca00d7bc76fd907b7d\"},\"headline\":\"Rescatan a perro en situaci\u00f3n de maltrato en Colonia Sat\u00e9lite\",\"datePublished\":\"2024-08-28T20:00:35+00:00\",\"dateModified\":\"2024-08-28T20:39:41+00:00\",\"mainEntityOfPage\":{\"@id\":\"https:\/\/www.nexoinformativo.mx\/index.php\/2024\/08\/28\/rescatan-a-perro-en-situacion-de-maltrato-en-colonia-satelite\/\"},\"wordCount\":177,\"commentCount\":0,\"publisher\":{\"@id\":\"https:\/\/www.nexoinformativo.mx\/#organization\"},\"image\":{\"@id\":\"https:\/\/www.nexoinformativo.mx\/index.php\/2024\/08\/28\/rescatan-a-perro-en-situacion-de-maltrato-en-colonia-satelite\/#primaryimage\"},\"thumbnailUrl\":\"https:\/\/www.nexoinformativo.mx\/wp-content\/uploads\/2024\/08\/PHOTO-2024-08-28-13-32-13.jpg\",\"keywords\":[\"DenunciaelMaltrato\",\"JusticiaParaAnimales\",\"NOalMaltratoAnimal\",\"ProteccionAnimalQueretaro\"],\"articleSection\":[\"\u00daltima Hora\"],\"inLanguage\":\"es\",\"potentialAction\":[{\"@type\":\"CommentAction\",\"name\":\"Comment\",\"target\":[\"https:\/\/www.nexoinformativo.mx\/index.php\/2024\/08\/28\/rescatan-a-perro-en-situacion-de-maltrato-en-colonia-satelite\/#respond\"]}]},{\"@type\":\"WebPage\",\"@id\":\"https:\/\/www.nexoinformativo.mx\/index.php\/2024\/08\/28\/rescatan-a-perro-en-situacion-de-maltrato-en-colonia-satelite\/\",\"url\":\"https:\/\/www.nexoinformativo.mx\/index.php\/2024\/08\/28\/rescatan-a-perro-en-situacion-de-maltrato-en-colonia-satelite\/\",\"name\":\"Rescatan a perro en situaci\u00f3n de maltrato en Colonia Sat\u00e9lite | Nexo Informativo Santiago de Quer\u00e9taro\",\"isPartOf\":{\"@id\":\"https:\/\/www.nexoinformativo.mx\/#website\"},\"primaryImageOfPage\":{\"@id\":\"https:\/\/www.nexoinformativo.mx\/index.php\/2024\/08\/28\/rescatan-a-perro-en-situacion-de-maltrato-en-colonia-satelite\/#primaryimage\"},\"image\":{\"@id\":\"https:\/\/www.nexoinformativo.mx\/index.php\/2024\/08\/28\/rescatan-a-perro-en-situacion-de-maltrato-en-colonia-satelite\/#primaryimage\"},\"thumbnailUrl\":\"https:\/\/www.nexoinformativo.mx\/wp-content\/uploads\/2024\/08\/PHOTO-2024-08-28-13-32-13.jpg\",\"datePublished\":\"2024-08-28T20:00:35+00:00\",\"dateModified\":\"2024-08-28T20:39:41+00:00\",\"breadcrumb\":{\"@id\":\"https:\/\/www.nexoinformativo.mx\/index.php\/2024\/08\/28\/rescatan-a-perro-en-situacion-de-maltrato-en-colonia-satelite\/#breadcrumb\"},\"inLanguage\":\"es\",\"potentialAction\":[{\"@type\":\"ReadAction\",\"target\":[\"https:\/\/www.nexoinformativo.mx\/index.php\/2024\/08\/28\/rescatan-a-perro-en-situacion-de-maltrato-en-colonia-satelite\/\"]}]},{\"@type\":\"ImageObject\",\"inLanguage\":\"es\",\"@id\":\"https:\/\/www.nexoinformativo.mx\/index.php\/2024\/08\/28\/rescatan-a-perro-en-situacion-de-maltrato-en-colonia-satelite\/#primaryimage\",\"url\":\"https:\/\/www.nexoinformativo.mx\/wp-content\/uploads\/2024\/08\/PHOTO-2024-08-28-13-32-13.jpg\",\"contentUrl\":\"https:\/\/www.nexoinformativo.mx\/wp-content\/uploads\/2024\/08\/PHOTO-2024-08-28-13-32-13.jpg\",\"width\":510,\"height\":680},{\"@type\":\"BreadcrumbList\",\"@id\":\"https:\/\/www.nexoinformativo.mx\/index.php\/2024\/08\/28\/rescatan-a-perro-en-situacion-de-maltrato-en-colonia-satelite\/#breadcrumb\",\"itemListElement\":[{\"@type\":\"ListItem\",\"position\":1,\"name\":\"Inicio\",\"item\":\"https:\/\/www.nexoinformativo.mx\/\"},{\"@type\":\"ListItem\",\"position\":2,\"name\":\"Rescatan a perro en situaci\u00f3n de maltrato en Colonia Sat\u00e9lite\"}]},{\"@type\":\"WebSite\",\"@id\":\"https:\/\/www.nexoinformativo.mx\/#website\",\"url\":\"https:\/\/www.nexoinformativo.mx\/\",\"name\":\"Nexo Informativo Santiago de Quer\u00e9taro\",\"description\":\"Explora NexoInformativo y convi\u00e9rtete en parte de una comunidad que valora el conocimiento y la verdad. Tu nexoinformativo es tu puente hacia una comprensi\u00f3n m\u00e1s profunda del mundo que te rodea.\",\"publisher\":{\"@id\":\"https:\/\/www.nexoinformativo.mx\/#organization\"},\"potentialAction\":[{\"@type\":\"SearchAction\",\"target\":{\"@type\":\"EntryPoint\",\"urlTemplate\":\"https:\/\/www.nexoinformativo.mx\/?s={search_term_string}\"},\"query-input\":{\"@type\":\"PropertyValueSpecification\",\"valueRequired\":true,\"valueName\":\"search_term_string\"}}],\"inLanguage\":\"es\"},{\"@type\":\"Organization\",\"@id\":\"https:\/\/www.nexoinformativo.mx\/#organization\",\"name\":\"Nexo Informativo Santiago de Quer\u00e9taro\",\"url\":\"https:\/\/www.nexoinformativo.mx\/\",\"logo\":{\"@type\":\"ImageObject\",\"inLanguage\":\"es\",\"@id\":\"https:\/\/www.nexoinformativo.mx\/#\/schema\/logo\/image\/\",\"url\":\"https:\/\/www.nexoinformativo.mx\/wp-content\/uploads\/2024\/07\/nexoi-trasparente-2.png\",\"contentUrl\":\"https:\/\/www.nexoinformativo.mx\/wp-content\/uploads\/2024\/07\/nexoi-trasparente-2.png\",\"width\":816,\"height\":339,\"caption\":\"Nexo Informativo Santiago de Quer\u00e9taro\"},\"image\":{\"@id\":\"https:\/\/www.nexoinformativo.mx\/#\/schema\/logo\/image\/\"},\"sameAs\":[\"https:\/\/www.facebook.com\/people\/Nexo-Informativo\/61564066885511\/\"]},{\"@type\":\"Person\",\"@id\":\"https:\/\/www.nexoinformativo.mx\/#\/schema\/person\/7749d380ba08c8ca00d7bc76fd907b7d\",\"name\":\"Nexo Informativo\",\"image\":{\"@type\":\"ImageObject\",\"inLanguage\":\"es\",\"@id\":\"https:\/\/www.nexoinformativo.mx\/#\/schema\/person\/image\/\",\"url\":\"https:\/\/secure.gravatar.com\/avatar\/dde2928154642a13d95f87ddf1ea9718fe2b46760a005c53e41ff5ad610704e6?s=96&d=mm&r=g\",\"contentUrl\":\"https:\/\/secure.gravatar.com\/avatar\/dde2928154642a13d95f87ddf1ea9718fe2b46760a005c53e41ff5ad610704e6?s=96&d=mm&r=g\",\"caption\":\"Nexo Informativo\"},\"url\":\"https:\/\/www.nexoinformativo.mx\/index.php\/author\/edicion\/\"}]}<\/script>\n<!-- \/ Yoast SEO plugin. -->","yoast_head_json":{"title":"Rescatan a perro en situaci\u00f3n de maltrato en Colonia Sat\u00e9lite | Nexo Informativo Santiago de Quer\u00e9taro","robots":{"index":"index","follow":"follow","max-snippet":"max-snippet:-1","max-image-preview":"max-image-preview:large","max-video-preview":"max-video-preview:-1"},"canonical":"https:\/\/www.nexoinformativo.mx\/index.php\/2024\/08\/28\/rescatan-a-perro-en-situacion-de-maltrato-en-colonia-satelite\/","og_locale":"es_MX","og_type":"article","og_title":"Rescatan a perro en situaci\u00f3n de maltrato en Colonia Sat\u00e9lite | Nexo Informativo Santiago de Quer\u00e9taro","og_description":"Las autoridades de protecci\u00f3n animal de Quer\u00e9taro rescataron a un perro de raza pitbull en estado avanzado de desnutrici\u00f3n y deshidrataci\u00f3n tras una denuncia en redes sociales sobre maltrato animal. El canino fue encontrado en la azotea de un domicilio en la Colonia Sat\u00e9lite, expuesto a la intemperie sin acceso a alimentos o agua. &nbsp; [&hellip;]","og_url":"https:\/\/www.nexoinformativo.mx\/index.php\/2024\/08\/28\/rescatan-a-perro-en-situacion-de-maltrato-en-colonia-satelite\/","og_site_name":"Nexo Informativo Santiago de Quer\u00e9taro","article_publisher":"https:\/\/www.facebook.com\/people\/Nexo-Informativo\/61564066885511\/","article_published_time":"2024-08-28T20:00:35+00:00","article_modified_time":"2024-08-28T20:39:41+00:00","og_image":[{"width":510,"height":680,"url":"https:\/\/www.nexoinformativo.mx\/wp-content\/uploads\/2024\/08\/PHOTO-2024-08-28-13-32-13.jpg","type":"image\/jpeg"}],"author":"Nexo Informativo","twitter_card":"summary_large_image","twitter_misc":{"Escrito por":"Nexo Informativo","Tiempo de lectura":"1 minuto"},"schema":{"@context":"https:\/\/schema.org","@graph":[{"@type":"Article","@id":"https:\/\/www.nexoinformativo.mx\/index.php\/2024\/08\/28\/rescatan-a-perro-en-situacion-de-maltrato-en-colonia-satelite\/#article","isPartOf":{"@id":"https:\/\/www.nexoinformativo.mx\/index.php\/2024\/08\/28\/rescatan-a-perro-en-situacion-de-maltrato-en-colonia-satelite\/"},"author":{"name":"Nexo Informativo","@id":"https:\/\/www.nexoinformativo.mx\/#\/schema\/person\/7749d380ba08c8ca00d7bc76fd907b7d"},"headline":"Rescatan a perro en situaci\u00f3n de maltrato en Colonia Sat\u00e9lite","datePublished":"2024-08-28T20:00:35+00:00","dateModified":"2024-08-28T20:39:41+00:00","mainEntityOfPage":{"@id":"https:\/\/www.nexoinformativo.mx\/index.php\/2024\/08\/28\/rescatan-a-perro-en-situacion-de-maltrato-en-colonia-satelite\/"},"wordCount":177,"commentCount":0,"publisher":{"@id":"https:\/\/www.nexoinformativo.mx\/#organization"},"image":{"@id":"https:\/\/www.nexoinformativo.mx\/index.php\/2024\/08\/28\/rescatan-a-perro-en-situacion-de-maltrato-en-colonia-satelite\/#primaryimage"},"thumbnailUrl":"https:\/\/www.nexoinformativo.mx\/wp-content\/uploads\/2024\/08\/PHOTO-2024-08-28-13-32-13.jpg","keywords":["DenunciaelMaltrato","JusticiaParaAnimales","NOalMaltratoAnimal","ProteccionAnimalQueretaro"],"articleSection":["\u00daltima Hora"],"inLanguage":"es","potentialAction":[{"@type":"CommentAction","name":"Comment","target":["https:\/\/www.nexoinformativo.mx\/index.php\/2024\/08\/28\/rescatan-a-perro-en-situacion-de-maltrato-en-colonia-satelite\/#respond"]}]},{"@type":"WebPage","@id":"https:\/\/www.nexoinformativo.mx\/index.php\/2024\/08\/28\/rescatan-a-perro-en-situacion-de-maltrato-en-colonia-satelite\/","url":"https:\/\/www.nexoinformativo.mx\/index.php\/2024\/08\/28\/rescatan-a-perro-en-situacion-de-maltrato-en-colonia-satelite\/","name":"Rescatan a perro en situaci\u00f3n de maltrato en Colonia Sat\u00e9lite | Nexo Informativo Santiago de Quer\u00e9taro","isPartOf":{"@id":"https:\/\/www.nexoinformativo.mx\/#website"},"primaryImageOfPage":{"@id":"https:\/\/www.nexoinformativo.mx\/index.php\/2024\/08\/28\/rescatan-a-perro-en-situacion-de-maltrato-en-colonia-satelite\/#primaryimage"},"image":{"@id":"https:\/\/www.nexoinformativo.mx\/index.php\/2024\/08\/28\/rescatan-a-perro-en-situacion-de-maltrato-en-colonia-satelite\/#primaryimage"},"thumbnailUrl":"https:\/\/www.nexoinformativo.mx\/wp-content\/uploads\/2024\/08\/PHOTO-2024-08-28-13-32-13.jpg","datePublished":"2024-08-28T20:00:35+00:00","dateModified":"2024-08-28T20:39:41+00:00","breadcrumb":{"@id":"https:\/\/www.nexoinformativo.mx\/index.php\/2024\/08\/28\/rescatan-a-perro-en-situacion-de-maltrato-en-colonia-satelite\/#breadcrumb"},"inLanguage":"es","potentialAction":[{"@type":"ReadAction","target":["https:\/\/www.nexoinformativo.mx\/index.php\/2024\/08\/28\/rescatan-a-perro-en-situacion-de-maltrato-en-colonia-satelite\/"]}]},{"@type":"ImageObject","inLanguage":"es","@id":"https:\/\/www.nexoinformativo.mx\/index.php\/2024\/08\/28\/rescatan-a-perro-en-situacion-de-maltrato-en-colonia-satelite\/#primaryimage","url":"https:\/\/www.nexoinformativo.mx\/wp-content\/uploads\/2024\/08\/PHOTO-2024-08-28-13-32-13.jpg","contentUrl":"https:\/\/www.nexoinformativo.mx\/wp-content\/uploads\/2024\/08\/PHOTO-2024-08-28-13-32-13.jpg","width":510,"height":680},{"@type":"BreadcrumbList","@id":"https:\/\/www.nexoinformativo.mx\/index.php\/2024\/08\/28\/rescatan-a-perro-en-situacion-de-maltrato-en-colonia-satelite\/#breadcrumb","itemListElement":[{"@type":"ListItem","position":1,"name":"Inicio","item":"https:\/\/www.nexoinformativo.mx\/"},{"@type":"ListItem","position":2,"name":"Rescatan a perro en situaci\u00f3n de maltrato en Colonia Sat\u00e9lite"}]},{"@type":"WebSite","@id":"https:\/\/www.nexoinformativo.mx\/#website","url":"https:\/\/www.nexoinformativo.mx\/","name":"Nexo Informativo Santiago de Quer\u00e9taro","description":"Explora NexoInformativo y convi\u00e9rtete en parte de una comunidad que valora el conocimiento y la verdad. Tu nexoinformativo es tu puente hacia una comprensi\u00f3n m\u00e1s profunda del mundo que te rodea.","publisher":{"@id":"https:\/\/www.nexoinformativo.mx\/#organization"},"potentialAction":[{"@type":"SearchAction","target":{"@type":"EntryPoint","urlTemplate":"https:\/\/www.nexoinformativo.mx\/?s={search_term_string}"},"query-input":{"@type":"PropertyValueSpecification","valueRequired":true,"valueName":"search_term_string"}}],"inLanguage":"es"},{"@type":"Organization","@id":"https:\/\/www.nexoinformativo.mx\/#organization","name":"Nexo Informativo Santiago de Quer\u00e9taro","url":"https:\/\/www.nexoinformativo.mx\/","logo":{"@type":"ImageObject","inLanguage":"es","@id":"https:\/\/www.nexoinformativo.mx\/#\/schema\/logo\/image\/","url":"https:\/\/www.nexoinformativo.mx\/wp-content\/uploads\/2024\/07\/nexoi-trasparente-2.png","contentUrl":"https:\/\/www.nexoinformativo.mx\/wp-content\/uploads\/2024\/07\/nexoi-trasparente-2.png","width":816,"height":339,"caption":"Nexo Informativo Santiago de Quer\u00e9taro"},"image":{"@id":"https:\/\/www.nexoinformativo.mx\/#\/schema\/logo\/image\/"},"sameAs":["https:\/\/www.facebook.com\/people\/Nexo-Informativo\/61564066885511\/"]},{"@type":"Person","@id":"https:\/\/www.nexoinformativo.mx\/#\/schema\/person\/7749d380ba08c8ca00d7bc76fd907b7d","name":"Nexo Informativo","image":{"@type":"ImageObject","inLanguage":"es","@id":"https:\/\/www.nexoinformativo.mx\/#\/schema\/person\/image\/","url":"https:\/\/secure.gravatar.com\/avatar\/dde2928154642a13d95f87ddf1ea9718fe2b46760a005c53e41ff5ad610704e6?s=96&d=mm&r=g","contentUrl":"https:\/\/secure.gravatar.com\/avatar\/dde2928154642a13d95f87ddf1ea9718fe2b46760a005c53e41ff5ad610704e6?s=96&d=mm&r=g","caption":"Nexo Informativo"},"url":"https:\/\/www.nexoinformativo.mx\/index.php\/author\/edicion\/"}]}},"_links":{"self":[{"href":"https:\/\/www.nexoinformativo.mx\/index.php\/wp-json\/wp\/v2\/posts\/1158","targetHints":{"allow":["GET"]}}],"collection":[{"href":"https:\/\/www.nexoinformativo.mx\/index.php\/wp-json\/wp\/v2\/posts"}],"about":[{"href":"https:\/\/www.nexoinformativo.mx\/index.php\/wp-json\/wp\/v2\/types\/post"}],"author":[{"embeddable":true,"href":"https:\/\/www.nexoinformativo.mx\/index.php\/wp-json\/wp\/v2\/users\/3"}],"replies":[{"embeddable":true,"href":"https:\/\/www.nexoinformativo.mx\/index.php\/wp-json\/wp\/v2\/comments?post=1158"}],"version-history":[{"count":2,"href":"https:\/\/www.nexoinformativo.mx\/index.php\/wp-json\/wp\/v2\/posts\/1158\/revisions"}],"predecessor-version":[{"id":1168,"href":"https:\/\/www.nexoinformativo.mx\/index.php\/wp-json\/wp\/v2\/posts\/1158\/revisions\/1168"}],"wp:featuredmedia":[{"embeddable":true,"href":"https:\/\/www.nexoinformativo.mx\/index.php\/wp-json\/wp\/v2\/media\/1159"}],"wp:attachment":[{"href":"https:\/\/www.nexoinformativo.mx\/index.php\/wp-json\/wp\/v2\/media?parent=1158"}],"wp:term":[{"taxonomy":"category","embeddable":true,"href":"https:\/\/www.nexoinformativo.mx\/index.php\/wp-json\/wp\/v2\/categories?post=1158"},{"taxonomy":"post_tag","embeddable":true,"href":"https:\/\/www.nexoinformativo.mx\/index.php\/wp-json\/wp\/v2\/tags?post=1158"}],"curies":[{"name":"wp","href":"https:\/\/api.w.org\/{rel}","templated":true}]}}