{"id":11596,"date":"2025-02-13T09:30:41","date_gmt":"2025-02-13T15:30:41","guid":{"rendered":"https:\/\/www.nexoinformativo.mx\/?p=11596"},"modified":"2025-02-13T12:44:50","modified_gmt":"2025-02-13T18:44:50","slug":"chepe-guerrero-inaugura-base-de-operaciones-para-mejorar-respuesta-ante-emergencias","status":"publish","type":"post","link":"https:\/\/www.nexoinformativo.mx\/index.php\/2025\/02\/13\/chepe-guerrero-inaugura-base-de-operaciones-para-mejorar-respuesta-ante-emergencias\/","title":{"rendered":"Chepe Guerrero inaugura base de operaciones para mejorar respuesta ante emergencias"},"content":{"rendered":"<p style=\"text-align: justify;\">El presidente municipal de Corregidora, Chepe Guerrero, inaugur\u00f3 la primera Base de Operaciones de Protecci\u00f3n Civil en el fraccionamiento Cumbres 1 del Roble, atendiendo as\u00ed las necesidades de seguridad de una de las zonas con mayor crecimiento poblacional del municipio.<\/p>\n<\/p>\n<p>&nbsp;<\/p>\n<p style=\"text-align: justify;\" data-sourcepos=\"13:1-13:253\">Esta nueva base, ubicada estrat\u00e9gicamente en Cumbres del Roble, permitir\u00e1 reducir los tiempos de respuesta ante emergencias y fortalecer la percepci\u00f3n de seguridad de los habitantes de la zona, que representa el 36% de la poblaci\u00f3n total de Corregidora.<\/p>\n<\/p>\n<p>&nbsp;<\/p>\n<p style=\"text-align: justify;\" data-sourcepos=\"15:1-15:262\">La base cuenta con instalaciones modernas y equipamiento especializado para atender diversas situaciones de emergencia, como incendios, accidentes y rescates. Adem\u00e1s, contar\u00e1 con personal capacitado para brindar una atenci\u00f3n eficiente y oportuna a la ciudadan\u00eda.<\/p>\n<\/p>\n<p>&nbsp;<\/p>\n<p style=\"text-align: justify;\" data-sourcepos=\"17:1-17:228\">&#8220;Esta base es mucho m\u00e1s que un espacio f\u00edsico; es el reflejo del esfuerzo y el trabajo conjunto. Representa seguridad y bienestar para nuestras familias&#8221;, destac\u00f3 Cristina Fern\u00e1ndez de Cevallos, secretaria de Gobierno Municipal.<\/p>\n<\/p>\n<p>&nbsp;<\/p>\n<p style=\"text-align: justify;\" data-sourcepos=\"19:1-19:205\">Por su parte, Omar Lugo Aguilar, director municipal de Protecci\u00f3n Civil, explic\u00f3 que esta nueva base permitir\u00e1 una atenci\u00f3n m\u00e1s oportuna en la zona, garantizando una mayor cobertura en toda la demarcaci\u00f3n.<\/p>\n<\/p>\n<p>&nbsp;<\/p>\n<p style=\"text-align: justify;\" data-sourcepos=\"21:1-21:339\">Chepe Guerrero reconoci\u00f3 el trabajo y la vocaci\u00f3n de servicio de los elementos de Protecci\u00f3n Civil y Seguridad P\u00fablica, quienes se encuentran en la primera l\u00ednea de respuesta ante cualquier emergencia. <strong>&#8220;Estamos comprometidos para que, A Paso Firme, Corregidora siga avanzando en materia de seguridad y protecci\u00f3n civil&#8221;<\/strong>, afirm\u00f3 el alcalde.<\/p>\n<\/p>\n<p>&nbsp;<\/p>\n<p style=\"text-align: center;\" data-sourcepos=\"21:1-21:339\"><em><strong>\u00a1Informaci\u00f3n que transforma!<\/strong><\/em><\/p>\n","protected":false},"excerpt":{"rendered":"<p>El presidente municipal de Corregidora, Chepe Guerrero, inaugur\u00f3 la primera Base de Operaciones de Protecci\u00f3n Civil en el fraccionamiento Cumbres 1 del Roble, atendiendo as\u00ed las necesidades de seguridad de una de las zonas con mayor crecimiento poblacional del municipio.<\/p>\n","protected":false},"author":3,"featured_media":11597,"comment_status":"open","ping_status":"open","sticky":false,"template":"","format":"standard","meta":{"footnotes":""},"categories":[65,58],"tags":[233,717,154,157],"class_list":["post-11596","post","type-post","status-publish","format-standard","has-post-thumbnail","hentry","category-municipios","category-ultima-hora","tag-corregidora","tag-emergencias","tag-proteccioncivil","tag-seguridadciudadana"],"yoast_head":"<!-- This site is optimized with the Yoast SEO plugin v25.0 - https:\/\/yoast.com\/wordpress\/plugins\/seo\/ -->\n<title>Chepe Guerrero inaugura base de operaciones para mejorar respuesta ante emergencias | Nexo Informativo Santiago de Quer\u00e9taro<\/title>\n<meta name=\"description\" content=\"Chepe Guerrero inaugura base de operaciones para mejorar respuesta ante emergencias\" \/>\n<meta name=\"robots\" content=\"index, follow, max-snippet:-1, max-image-preview:large, max-video-preview:-1\" \/>\n<link rel=\"canonical\" href=\"https:\/\/www.nexoinformativo.mx\/index.php\/2025\/02\/13\/chepe-guerrero-inaugura-base-de-operaciones-para-mejorar-respuesta-ante-emergencias\/\" \/>\n<meta property=\"og:locale\" content=\"es_MX\" \/>\n<meta property=\"og:type\" content=\"article\" \/>\n<meta property=\"og:title\" content=\"Chepe Guerrero inaugura base de operaciones para mejorar respuesta ante emergencias | Nexo Informativo Santiago de Quer\u00e9taro\" \/>\n<meta property=\"og:description\" content=\"Chepe Guerrero inaugura base de operaciones para mejorar respuesta ante emergencias\" \/>\n<meta property=\"og:url\" content=\"https:\/\/www.nexoinformativo.mx\/index.php\/2025\/02\/13\/chepe-guerrero-inaugura-base-de-operaciones-para-mejorar-respuesta-ante-emergencias\/\" \/>\n<meta property=\"og:site_name\" content=\"Nexo Informativo Santiago de Quer\u00e9taro\" \/>\n<meta property=\"article:publisher\" content=\"https:\/\/www.facebook.com\/people\/Nexo-Informativo\/61564066885511\/\" \/>\n<meta property=\"article:published_time\" content=\"2025-02-13T15:30:41+00:00\" \/>\n<meta property=\"article:modified_time\" content=\"2025-02-13T18:44:50+00:00\" \/>\n<meta property=\"og:image\" content=\"https:\/\/www.nexoinformativo.mx\/wp-content\/uploads\/2025\/02\/d0b39bf3-5094-4435-80a8-c1f22ee50a0c-e1739472202431.jpg\" \/>\n\t<meta property=\"og:image:width\" content=\"800\" \/>\n\t<meta property=\"og:image:height\" content=\"533\" \/>\n\t<meta property=\"og:image:type\" content=\"image\/jpeg\" \/>\n<meta name=\"author\" content=\"Nexo Informativo\" \/>\n<meta name=\"twitter:card\" content=\"summary_large_image\" \/>\n<meta name=\"twitter:label1\" content=\"Escrito por\" \/>\n\t<meta name=\"twitter:data1\" content=\"Nexo Informativo\" \/>\n\t<meta name=\"twitter:label2\" content=\"Tiempo de lectura\" \/>\n\t<meta name=\"twitter:data2\" content=\"2 minutos\" \/>\n<script type=\"application\/ld+json\" class=\"yoast-schema-graph\">{\"@context\":\"https:\/\/schema.org\",\"@graph\":[{\"@type\":\"Article\",\"@id\":\"https:\/\/www.nexoinformativo.mx\/index.php\/2025\/02\/13\/chepe-guerrero-inaugura-base-de-operaciones-para-mejorar-respuesta-ante-emergencias\/#article\",\"isPartOf\":{\"@id\":\"https:\/\/www.nexoinformativo.mx\/index.php\/2025\/02\/13\/chepe-guerrero-inaugura-base-de-operaciones-para-mejorar-respuesta-ante-emergencias\/\"},\"author\":{\"name\":\"Nexo Informativo\",\"@id\":\"https:\/\/www.nexoinformativo.mx\/#\/schema\/person\/7749d380ba08c8ca00d7bc76fd907b7d\"},\"headline\":\"Chepe Guerrero inaugura base de operaciones para mejorar respuesta ante emergencias\",\"datePublished\":\"2025-02-13T15:30:41+00:00\",\"dateModified\":\"2025-02-13T18:44:50+00:00\",\"mainEntityOfPage\":{\"@id\":\"https:\/\/www.nexoinformativo.mx\/index.php\/2025\/02\/13\/chepe-guerrero-inaugura-base-de-operaciones-para-mejorar-respuesta-ante-emergencias\/\"},\"wordCount\":269,\"commentCount\":0,\"publisher\":{\"@id\":\"https:\/\/www.nexoinformativo.mx\/#organization\"},\"image\":{\"@id\":\"https:\/\/www.nexoinformativo.mx\/index.php\/2025\/02\/13\/chepe-guerrero-inaugura-base-de-operaciones-para-mejorar-respuesta-ante-emergencias\/#primaryimage\"},\"thumbnailUrl\":\"https:\/\/www.nexoinformativo.mx\/wp-content\/uploads\/2025\/02\/d0b39bf3-5094-4435-80a8-c1f22ee50a0c-e1739472202431.jpg\",\"keywords\":[\"Corregidora\",\"Emergencias\",\"proteccioncivil\",\"SeguridadCiudadana\"],\"articleSection\":[\"Municipios\",\"\u00daltima Hora\"],\"inLanguage\":\"es\",\"potentialAction\":[{\"@type\":\"CommentAction\",\"name\":\"Comment\",\"target\":[\"https:\/\/www.nexoinformativo.mx\/index.php\/2025\/02\/13\/chepe-guerrero-inaugura-base-de-operaciones-para-mejorar-respuesta-ante-emergencias\/#respond\"]}]},{\"@type\":\"WebPage\",\"@id\":\"https:\/\/www.nexoinformativo.mx\/index.php\/2025\/02\/13\/chepe-guerrero-inaugura-base-de-operaciones-para-mejorar-respuesta-ante-emergencias\/\",\"url\":\"https:\/\/www.nexoinformativo.mx\/index.php\/2025\/02\/13\/chepe-guerrero-inaugura-base-de-operaciones-para-mejorar-respuesta-ante-emergencias\/\",\"name\":\"Chepe Guerrero inaugura base de operaciones para mejorar respuesta ante emergencias | Nexo Informativo Santiago de Quer\u00e9taro\",\"isPartOf\":{\"@id\":\"https:\/\/www.nexoinformativo.mx\/#website\"},\"primaryImageOfPage\":{\"@id\":\"https:\/\/www.nexoinformativo.mx\/index.php\/2025\/02\/13\/chepe-guerrero-inaugura-base-de-operaciones-para-mejorar-respuesta-ante-emergencias\/#primaryimage\"},\"image\":{\"@id\":\"https:\/\/www.nexoinformativo.mx\/index.php\/2025\/02\/13\/chepe-guerrero-inaugura-base-de-operaciones-para-mejorar-respuesta-ante-emergencias\/#primaryimage\"},\"thumbnailUrl\":\"https:\/\/www.nexoinformativo.mx\/wp-content\/uploads\/2025\/02\/d0b39bf3-5094-4435-80a8-c1f22ee50a0c-e1739472202431.jpg\",\"datePublished\":\"2025-02-13T15:30:41+00:00\",\"dateModified\":\"2025-02-13T18:44:50+00:00\",\"description\":\"Chepe Guerrero inaugura base de operaciones para mejorar respuesta ante emergencias\",\"breadcrumb\":{\"@id\":\"https:\/\/www.nexoinformativo.mx\/index.php\/2025\/02\/13\/chepe-guerrero-inaugura-base-de-operaciones-para-mejorar-respuesta-ante-emergencias\/#breadcrumb\"},\"inLanguage\":\"es\",\"potentialAction\":[{\"@type\":\"ReadAction\",\"target\":[\"https:\/\/www.nexoinformativo.mx\/index.php\/2025\/02\/13\/chepe-guerrero-inaugura-base-de-operaciones-para-mejorar-respuesta-ante-emergencias\/\"]}]},{\"@type\":\"ImageObject\",\"inLanguage\":\"es\",\"@id\":\"https:\/\/www.nexoinformativo.mx\/index.php\/2025\/02\/13\/chepe-guerrero-inaugura-base-de-operaciones-para-mejorar-respuesta-ante-emergencias\/#primaryimage\",\"url\":\"https:\/\/www.nexoinformativo.mx\/wp-content\/uploads\/2025\/02\/d0b39bf3-5094-4435-80a8-c1f22ee50a0c-e1739472202431.jpg\",\"contentUrl\":\"https:\/\/www.nexoinformativo.mx\/wp-content\/uploads\/2025\/02\/d0b39bf3-5094-4435-80a8-c1f22ee50a0c-e1739472202431.jpg\",\"width\":800,\"height\":533},{\"@type\":\"BreadcrumbList\",\"@id\":\"https:\/\/www.nexoinformativo.mx\/index.php\/2025\/02\/13\/chepe-guerrero-inaugura-base-de-operaciones-para-mejorar-respuesta-ante-emergencias\/#breadcrumb\",\"itemListElement\":[{\"@type\":\"ListItem\",\"position\":1,\"name\":\"Inicio\",\"item\":\"https:\/\/www.nexoinformativo.mx\/\"},{\"@type\":\"ListItem\",\"position\":2,\"name\":\"Chepe Guerrero inaugura base de operaciones para mejorar respuesta ante emergencias\"}]},{\"@type\":\"WebSite\",\"@id\":\"https:\/\/www.nexoinformativo.mx\/#website\",\"url\":\"https:\/\/www.nexoinformativo.mx\/\",\"name\":\"Nexo Informativo Santiago de Quer\u00e9taro\",\"description\":\"Explora NexoInformativo y convi\u00e9rtete en parte de una comunidad que valora el conocimiento y la verdad. Tu nexoinformativo es tu puente hacia una comprensi\u00f3n m\u00e1s profunda del mundo que te rodea.\",\"publisher\":{\"@id\":\"https:\/\/www.nexoinformativo.mx\/#organization\"},\"potentialAction\":[{\"@type\":\"SearchAction\",\"target\":{\"@type\":\"EntryPoint\",\"urlTemplate\":\"https:\/\/www.nexoinformativo.mx\/?s={search_term_string}\"},\"query-input\":{\"@type\":\"PropertyValueSpecification\",\"valueRequired\":true,\"valueName\":\"search_term_string\"}}],\"inLanguage\":\"es\"},{\"@type\":\"Organization\",\"@id\":\"https:\/\/www.nexoinformativo.mx\/#organization\",\"name\":\"Nexo Informativo Santiago de Quer\u00e9taro\",\"url\":\"https:\/\/www.nexoinformativo.mx\/\",\"logo\":{\"@type\":\"ImageObject\",\"inLanguage\":\"es\",\"@id\":\"https:\/\/www.nexoinformativo.mx\/#\/schema\/logo\/image\/\",\"url\":\"https:\/\/www.nexoinformativo.mx\/wp-content\/uploads\/2024\/07\/nexoi-trasparente-2.png\",\"contentUrl\":\"https:\/\/www.nexoinformativo.mx\/wp-content\/uploads\/2024\/07\/nexoi-trasparente-2.png\",\"width\":816,\"height\":339,\"caption\":\"Nexo Informativo Santiago de Quer\u00e9taro\"},\"image\":{\"@id\":\"https:\/\/www.nexoinformativo.mx\/#\/schema\/logo\/image\/\"},\"sameAs\":[\"https:\/\/www.facebook.com\/people\/Nexo-Informativo\/61564066885511\/\"]},{\"@type\":\"Person\",\"@id\":\"https:\/\/www.nexoinformativo.mx\/#\/schema\/person\/7749d380ba08c8ca00d7bc76fd907b7d\",\"name\":\"Nexo Informativo\",\"image\":{\"@type\":\"ImageObject\",\"inLanguage\":\"es\",\"@id\":\"https:\/\/www.nexoinformativo.mx\/#\/schema\/person\/image\/\",\"url\":\"https:\/\/secure.gravatar.com\/avatar\/dde2928154642a13d95f87ddf1ea9718fe2b46760a005c53e41ff5ad610704e6?s=96&d=mm&r=g\",\"contentUrl\":\"https:\/\/secure.gravatar.com\/avatar\/dde2928154642a13d95f87ddf1ea9718fe2b46760a005c53e41ff5ad610704e6?s=96&d=mm&r=g\",\"caption\":\"Nexo Informativo\"},\"url\":\"https:\/\/www.nexoinformativo.mx\/index.php\/author\/edicion\/\"}]}<\/script>\n<!-- \/ Yoast SEO plugin. -->","yoast_head_json":{"title":"Chepe Guerrero inaugura base de operaciones para mejorar respuesta ante emergencias | Nexo Informativo Santiago de Quer\u00e9taro","description":"Chepe Guerrero inaugura base de operaciones para mejorar respuesta ante emergencias","robots":{"index":"index","follow":"follow","max-snippet":"max-snippet:-1","max-image-preview":"max-image-preview:large","max-video-preview":"max-video-preview:-1"},"canonical":"https:\/\/www.nexoinformativo.mx\/index.php\/2025\/02\/13\/chepe-guerrero-inaugura-base-de-operaciones-para-mejorar-respuesta-ante-emergencias\/","og_locale":"es_MX","og_type":"article","og_title":"Chepe Guerrero inaugura base de operaciones para mejorar respuesta ante emergencias | Nexo Informativo Santiago de Quer\u00e9taro","og_description":"Chepe Guerrero inaugura base de operaciones para mejorar respuesta ante emergencias","og_url":"https:\/\/www.nexoinformativo.mx\/index.php\/2025\/02\/13\/chepe-guerrero-inaugura-base-de-operaciones-para-mejorar-respuesta-ante-emergencias\/","og_site_name":"Nexo Informativo Santiago de Quer\u00e9taro","article_publisher":"https:\/\/www.facebook.com\/people\/Nexo-Informativo\/61564066885511\/","article_published_time":"2025-02-13T15:30:41+00:00","article_modified_time":"2025-02-13T18:44:50+00:00","og_image":[{"width":800,"height":533,"url":"https:\/\/www.nexoinformativo.mx\/wp-content\/uploads\/2025\/02\/d0b39bf3-5094-4435-80a8-c1f22ee50a0c-e1739472202431.jpg","type":"image\/jpeg"}],"author":"Nexo Informativo","twitter_card":"summary_large_image","twitter_misc":{"Escrito por":"Nexo Informativo","Tiempo de lectura":"2 minutos"},"schema":{"@context":"https:\/\/schema.org","@graph":[{"@type":"Article","@id":"https:\/\/www.nexoinformativo.mx\/index.php\/2025\/02\/13\/chepe-guerrero-inaugura-base-de-operaciones-para-mejorar-respuesta-ante-emergencias\/#article","isPartOf":{"@id":"https:\/\/www.nexoinformativo.mx\/index.php\/2025\/02\/13\/chepe-guerrero-inaugura-base-de-operaciones-para-mejorar-respuesta-ante-emergencias\/"},"author":{"name":"Nexo Informativo","@id":"https:\/\/www.nexoinformativo.mx\/#\/schema\/person\/7749d380ba08c8ca00d7bc76fd907b7d"},"headline":"Chepe Guerrero inaugura base de operaciones para mejorar respuesta ante emergencias","datePublished":"2025-02-13T15:30:41+00:00","dateModified":"2025-02-13T18:44:50+00:00","mainEntityOfPage":{"@id":"https:\/\/www.nexoinformativo.mx\/index.php\/2025\/02\/13\/chepe-guerrero-inaugura-base-de-operaciones-para-mejorar-respuesta-ante-emergencias\/"},"wordCount":269,"commentCount":0,"publisher":{"@id":"https:\/\/www.nexoinformativo.mx\/#organization"},"image":{"@id":"https:\/\/www.nexoinformativo.mx\/index.php\/2025\/02\/13\/chepe-guerrero-inaugura-base-de-operaciones-para-mejorar-respuesta-ante-emergencias\/#primaryimage"},"thumbnailUrl":"https:\/\/www.nexoinformativo.mx\/wp-content\/uploads\/2025\/02\/d0b39bf3-5094-4435-80a8-c1f22ee50a0c-e1739472202431.jpg","keywords":["Corregidora","Emergencias","proteccioncivil","SeguridadCiudadana"],"articleSection":["Municipios","\u00daltima Hora"],"inLanguage":"es","potentialAction":[{"@type":"CommentAction","name":"Comment","target":["https:\/\/www.nexoinformativo.mx\/index.php\/2025\/02\/13\/chepe-guerrero-inaugura-base-de-operaciones-para-mejorar-respuesta-ante-emergencias\/#respond"]}]},{"@type":"WebPage","@id":"https:\/\/www.nexoinformativo.mx\/index.php\/2025\/02\/13\/chepe-guerrero-inaugura-base-de-operaciones-para-mejorar-respuesta-ante-emergencias\/","url":"https:\/\/www.nexoinformativo.mx\/index.php\/2025\/02\/13\/chepe-guerrero-inaugura-base-de-operaciones-para-mejorar-respuesta-ante-emergencias\/","name":"Chepe Guerrero inaugura base de operaciones para mejorar respuesta ante emergencias | Nexo Informativo Santiago de Quer\u00e9taro","isPartOf":{"@id":"https:\/\/www.nexoinformativo.mx\/#website"},"primaryImageOfPage":{"@id":"https:\/\/www.nexoinformativo.mx\/index.php\/2025\/02\/13\/chepe-guerrero-inaugura-base-de-operaciones-para-mejorar-respuesta-ante-emergencias\/#primaryimage"},"image":{"@id":"https:\/\/www.nexoinformativo.mx\/index.php\/2025\/02\/13\/chepe-guerrero-inaugura-base-de-operaciones-para-mejorar-respuesta-ante-emergencias\/#primaryimage"},"thumbnailUrl":"https:\/\/www.nexoinformativo.mx\/wp-content\/uploads\/2025\/02\/d0b39bf3-5094-4435-80a8-c1f22ee50a0c-e1739472202431.jpg","datePublished":"2025-02-13T15:30:41+00:00","dateModified":"2025-02-13T18:44:50+00:00","description":"Chepe Guerrero inaugura base de operaciones para mejorar respuesta ante emergencias","breadcrumb":{"@id":"https:\/\/www.nexoinformativo.mx\/index.php\/2025\/02\/13\/chepe-guerrero-inaugura-base-de-operaciones-para-mejorar-respuesta-ante-emergencias\/#breadcrumb"},"inLanguage":"es","potentialAction":[{"@type":"ReadAction","target":["https:\/\/www.nexoinformativo.mx\/index.php\/2025\/02\/13\/chepe-guerrero-inaugura-base-de-operaciones-para-mejorar-respuesta-ante-emergencias\/"]}]},{"@type":"ImageObject","inLanguage":"es","@id":"https:\/\/www.nexoinformativo.mx\/index.php\/2025\/02\/13\/chepe-guerrero-inaugura-base-de-operaciones-para-mejorar-respuesta-ante-emergencias\/#primaryimage","url":"https:\/\/www.nexoinformativo.mx\/wp-content\/uploads\/2025\/02\/d0b39bf3-5094-4435-80a8-c1f22ee50a0c-e1739472202431.jpg","contentUrl":"https:\/\/www.nexoinformativo.mx\/wp-content\/uploads\/2025\/02\/d0b39bf3-5094-4435-80a8-c1f22ee50a0c-e1739472202431.jpg","width":800,"height":533},{"@type":"BreadcrumbList","@id":"https:\/\/www.nexoinformativo.mx\/index.php\/2025\/02\/13\/chepe-guerrero-inaugura-base-de-operaciones-para-mejorar-respuesta-ante-emergencias\/#breadcrumb","itemListElement":[{"@type":"ListItem","position":1,"name":"Inicio","item":"https:\/\/www.nexoinformativo.mx\/"},{"@type":"ListItem","position":2,"name":"Chepe Guerrero inaugura base de operaciones para mejorar respuesta ante emergencias"}]},{"@type":"WebSite","@id":"https:\/\/www.nexoinformativo.mx\/#website","url":"https:\/\/www.nexoinformativo.mx\/","name":"Nexo Informativo Santiago de Quer\u00e9taro","description":"Explora NexoInformativo y convi\u00e9rtete en parte de una comunidad que valora el conocimiento y la verdad. Tu nexoinformativo es tu puente hacia una comprensi\u00f3n m\u00e1s profunda del mundo que te rodea.","publisher":{"@id":"https:\/\/www.nexoinformativo.mx\/#organization"},"potentialAction":[{"@type":"SearchAction","target":{"@type":"EntryPoint","urlTemplate":"https:\/\/www.nexoinformativo.mx\/?s={search_term_string}"},"query-input":{"@type":"PropertyValueSpecification","valueRequired":true,"valueName":"search_term_string"}}],"inLanguage":"es"},{"@type":"Organization","@id":"https:\/\/www.nexoinformativo.mx\/#organization","name":"Nexo Informativo Santiago de Quer\u00e9taro","url":"https:\/\/www.nexoinformativo.mx\/","logo":{"@type":"ImageObject","inLanguage":"es","@id":"https:\/\/www.nexoinformativo.mx\/#\/schema\/logo\/image\/","url":"https:\/\/www.nexoinformativo.mx\/wp-content\/uploads\/2024\/07\/nexoi-trasparente-2.png","contentUrl":"https:\/\/www.nexoinformativo.mx\/wp-content\/uploads\/2024\/07\/nexoi-trasparente-2.png","width":816,"height":339,"caption":"Nexo Informativo Santiago de Quer\u00e9taro"},"image":{"@id":"https:\/\/www.nexoinformativo.mx\/#\/schema\/logo\/image\/"},"sameAs":["https:\/\/www.facebook.com\/people\/Nexo-Informativo\/61564066885511\/"]},{"@type":"Person","@id":"https:\/\/www.nexoinformativo.mx\/#\/schema\/person\/7749d380ba08c8ca00d7bc76fd907b7d","name":"Nexo Informativo","image":{"@type":"ImageObject","inLanguage":"es","@id":"https:\/\/www.nexoinformativo.mx\/#\/schema\/person\/image\/","url":"https:\/\/secure.gravatar.com\/avatar\/dde2928154642a13d95f87ddf1ea9718fe2b46760a005c53e41ff5ad610704e6?s=96&d=mm&r=g","contentUrl":"https:\/\/secure.gravatar.com\/avatar\/dde2928154642a13d95f87ddf1ea9718fe2b46760a005c53e41ff5ad610704e6?s=96&d=mm&r=g","caption":"Nexo Informativo"},"url":"https:\/\/www.nexoinformativo.mx\/index.php\/author\/edicion\/"}]}},"_links":{"self":[{"href":"https:\/\/www.nexoinformativo.mx\/index.php\/wp-json\/wp\/v2\/posts\/11596","targetHints":{"allow":["GET"]}}],"collection":[{"href":"https:\/\/www.nexoinformativo.mx\/index.php\/wp-json\/wp\/v2\/posts"}],"about":[{"href":"https:\/\/www.nexoinformativo.mx\/index.php\/wp-json\/wp\/v2\/types\/post"}],"author":[{"embeddable":true,"href":"https:\/\/www.nexoinformativo.mx\/index.php\/wp-json\/wp\/v2\/users\/3"}],"replies":[{"embeddable":true,"href":"https:\/\/www.nexoinformativo.mx\/index.php\/wp-json\/wp\/v2\/comments?post=11596"}],"version-history":[{"count":3,"href":"https:\/\/www.nexoinformativo.mx\/index.php\/wp-json\/wp\/v2\/posts\/11596\/revisions"}],"predecessor-version":[{"id":11600,"href":"https:\/\/www.nexoinformativo.mx\/index.php\/wp-json\/wp\/v2\/posts\/11596\/revisions\/11600"}],"wp:featuredmedia":[{"embeddable":true,"href":"https:\/\/www.nexoinformativo.mx\/index.php\/wp-json\/wp\/v2\/media\/11597"}],"wp:attachment":[{"href":"https:\/\/www.nexoinformativo.mx\/index.php\/wp-json\/wp\/v2\/media?parent=11596"}],"wp:term":[{"taxonomy":"category","embeddable":true,"href":"https:\/\/www.nexoinformativo.mx\/index.php\/wp-json\/wp\/v2\/categories?post=11596"},{"taxonomy":"post_tag","embeddable":true,"href":"https:\/\/www.nexoinformativo.mx\/index.php\/wp-json\/wp\/v2\/tags?post=11596"}],"curies":[{"name":"wp","href":"https:\/\/api.w.org\/{rel}","templated":true}]}}