{"id":11601,"date":"2025-02-13T10:00:25","date_gmt":"2025-02-13T16:00:25","guid":{"rendered":"https:\/\/www.nexoinformativo.mx\/?p=11601"},"modified":"2025-02-13T12:53:16","modified_gmt":"2025-02-13T18:53:16","slug":"tren-mexico-queretaro-y-queretaro-irapuato-en-marcha","status":"publish","type":"post","link":"https:\/\/www.nexoinformativo.mx\/index.php\/2025\/02\/13\/tren-mexico-queretaro-y-queretaro-irapuato-en-marcha\/","title":{"rendered":"Tren M\u00e9xico-Quer\u00e9taro y Quer\u00e9taro-Irapuato en marcha"},"content":{"rendered":"<p style=\"text-align: justify;\" data-sourcepos=\"11:1-11:347\">La presidenta Claudia Sheinbaum, anunci\u00f3 que en abril iniciar\u00e1 la construcci\u00f3n del tren M\u00e9xico-Quer\u00e9taro y en julio la del tren Quer\u00e9taro-Irapuato. Esta importante noticia representa un avance significativo en la movilidad del pa\u00eds y fortalecer\u00e1 la conectividad entre estas importantes ciudades.<\/p>\n<p>&nbsp;<\/p>\n<p style=\"text-align: justify;\" data-sourcepos=\"13:1-13:244\">El director de la Agencia Reguladora de Transporte Ferroviario, Andr\u00e9s Lajous, detall\u00f3 que ya se han realizado estudios de preinversi\u00f3n, ambientales y t\u00e9cnicos para ambos proyectos. Adem\u00e1s, se han definido las estaciones y el trazo de las v\u00edas.<\/p>\n<p>&nbsp;<\/p>\n<p style=\"text-align: justify;\" data-sourcepos=\"15:1-15:230\">En el caso del tren M\u00e9xico-Quer\u00e9taro, las estaciones estar\u00e1n ubicadas en Buenavista, Tula, San Juan del R\u00edo y Quer\u00e9taro. Mientras que en el tramo Quer\u00e9taro-Irapuato, las estaciones ser\u00e1n en Quer\u00e9taro, Celaya, Salamanca e Irapuato.<\/p>\n<p>&nbsp;<\/p>\n<p style=\"text-align: justify;\" data-sourcepos=\"17:1-17:242\">&#8220;Se est\u00e1n haciendo los estudios de demanda que tambi\u00e9n nos permitir\u00e1 definir los paraderos a los que hac\u00eda referencia, es decir, aquellas poblaciones en donde es necesario poner un paradero porque hay una poblaci\u00f3n a atender&#8221;, explic\u00f3 Lajous.<\/p>\n<p>&nbsp;<\/p>\n<p style=\"text-align: justify;\" data-sourcepos=\"19:1-19:254\">Estos proyectos ferroviarios no solo beneficiar\u00e1n a los habitantes de las ciudades involucradas, sino que tambi\u00e9n impulsar\u00e1n el desarrollo econ\u00f3mico y tur\u00edstico de la regi\u00f3n. Adem\u00e1s, representar\u00e1n una alternativa de transporte m\u00e1s eficiente y sostenible.<\/p>\n<p>&nbsp;<\/p>\n<p style=\"text-align: justify;\" data-sourcepos=\"21:1-21:165\">Con estas obras, el gobierno mexicano demuestra su compromiso con la modernizaci\u00f3n de la infraestructura del pa\u00eds y con mejorar la calidad de vida de los ciudadanos.<\/p>\n<p>&nbsp;<\/p>\n<p style=\"text-align: center;\" data-sourcepos=\"21:1-21:165\"><em><strong>\u00a1Informaci\u00f3n que transforma!<\/strong><\/em><\/p>\n","protected":false},"excerpt":{"rendered":"<p>La presidenta Claudia Sheinbaum, anunci\u00f3 que en abril iniciar\u00e1 la construcci\u00f3n del tren M\u00e9xico-Quer\u00e9taro y en julio la del tren Quer\u00e9taro-Irapuato. Esta importante noticia representa un avance significativo en la movilidad del pa\u00eds y fortalecer\u00e1 la conectividad entre estas importantes ciudades.<\/p>\n","protected":false},"author":3,"featured_media":11605,"comment_status":"open","ping_status":"open","sticky":false,"template":"","format":"standard","meta":{"footnotes":""},"categories":[42,58],"tags":[734,1610,133,2858],"class_list":["post-11601","post","type-post","status-publish","format-standard","has-post-thumbnail","hentry","category-estado","category-ultima-hora","tag-infraestructura","tag-mexico","tag-queretaro","tag-tren"],"yoast_head":"<!-- This site is optimized with the Yoast SEO plugin v25.0 - https:\/\/yoast.com\/wordpress\/plugins\/seo\/ -->\n<title>Tren M\u00e9xico-Quer\u00e9taro y Quer\u00e9taro-Irapuato en marcha | Nexo Informativo Santiago de Quer\u00e9taro<\/title>\n<meta name=\"description\" content=\"Tren M\u00e9xico-Quer\u00e9taro y Quer\u00e9taro-Irapuato en marcha\" \/>\n<meta name=\"robots\" content=\"index, follow, max-snippet:-1, max-image-preview:large, max-video-preview:-1\" \/>\n<link rel=\"canonical\" href=\"https:\/\/www.nexoinformativo.mx\/index.php\/2025\/02\/13\/tren-mexico-queretaro-y-queretaro-irapuato-en-marcha\/\" \/>\n<meta property=\"og:locale\" content=\"es_MX\" \/>\n<meta property=\"og:type\" content=\"article\" \/>\n<meta property=\"og:title\" content=\"Tren M\u00e9xico-Quer\u00e9taro y Quer\u00e9taro-Irapuato en marcha | Nexo Informativo Santiago de Quer\u00e9taro\" \/>\n<meta property=\"og:description\" content=\"Tren M\u00e9xico-Quer\u00e9taro y Quer\u00e9taro-Irapuato en marcha\" \/>\n<meta property=\"og:url\" content=\"https:\/\/www.nexoinformativo.mx\/index.php\/2025\/02\/13\/tren-mexico-queretaro-y-queretaro-irapuato-en-marcha\/\" \/>\n<meta property=\"og:site_name\" content=\"Nexo Informativo Santiago de Quer\u00e9taro\" \/>\n<meta property=\"article:publisher\" content=\"https:\/\/www.facebook.com\/people\/Nexo-Informativo\/61564066885511\/\" \/>\n<meta property=\"article:published_time\" content=\"2025-02-13T16:00:25+00:00\" \/>\n<meta property=\"article:modified_time\" content=\"2025-02-13T18:53:16+00:00\" \/>\n<meta property=\"og:image\" content=\"https:\/\/www.nexoinformativo.mx\/wp-content\/uploads\/2025\/02\/PHOTO-2025-02-13-12-22-06-e1739472789477.jpg\" \/>\n\t<meta property=\"og:image:width\" content=\"800\" \/>\n\t<meta property=\"og:image:height\" content=\"533\" \/>\n\t<meta property=\"og:image:type\" content=\"image\/jpeg\" \/>\n<meta name=\"author\" content=\"Nexo Informativo\" \/>\n<meta name=\"twitter:card\" content=\"summary_large_image\" \/>\n<meta name=\"twitter:label1\" content=\"Escrito por\" \/>\n\t<meta name=\"twitter:data1\" content=\"Nexo Informativo\" \/>\n\t<meta name=\"twitter:label2\" content=\"Tiempo de lectura\" \/>\n\t<meta name=\"twitter:data2\" content=\"2 minutos\" \/>\n<script type=\"application\/ld+json\" class=\"yoast-schema-graph\">{\"@context\":\"https:\/\/schema.org\",\"@graph\":[{\"@type\":\"Article\",\"@id\":\"https:\/\/www.nexoinformativo.mx\/index.php\/2025\/02\/13\/tren-mexico-queretaro-y-queretaro-irapuato-en-marcha\/#article\",\"isPartOf\":{\"@id\":\"https:\/\/www.nexoinformativo.mx\/index.php\/2025\/02\/13\/tren-mexico-queretaro-y-queretaro-irapuato-en-marcha\/\"},\"author\":{\"name\":\"Nexo Informativo\",\"@id\":\"https:\/\/www.nexoinformativo.mx\/#\/schema\/person\/7749d380ba08c8ca00d7bc76fd907b7d\"},\"headline\":\"Tren M\u00e9xico-Quer\u00e9taro y Quer\u00e9taro-Irapuato en marcha\",\"datePublished\":\"2025-02-13T16:00:25+00:00\",\"dateModified\":\"2025-02-13T18:53:16+00:00\",\"mainEntityOfPage\":{\"@id\":\"https:\/\/www.nexoinformativo.mx\/index.php\/2025\/02\/13\/tren-mexico-queretaro-y-queretaro-irapuato-en-marcha\/\"},\"wordCount\":265,\"commentCount\":0,\"publisher\":{\"@id\":\"https:\/\/www.nexoinformativo.mx\/#organization\"},\"image\":{\"@id\":\"https:\/\/www.nexoinformativo.mx\/index.php\/2025\/02\/13\/tren-mexico-queretaro-y-queretaro-irapuato-en-marcha\/#primaryimage\"},\"thumbnailUrl\":\"https:\/\/www.nexoinformativo.mx\/wp-content\/uploads\/2025\/02\/PHOTO-2025-02-13-12-22-06-e1739472789477.jpg\",\"keywords\":[\"Infraestructura\",\"M\u00e9xico\",\"Quer\u00e9taro\",\"Tren\"],\"articleSection\":[\"Estado\",\"\u00daltima Hora\"],\"inLanguage\":\"es\",\"potentialAction\":[{\"@type\":\"CommentAction\",\"name\":\"Comment\",\"target\":[\"https:\/\/www.nexoinformativo.mx\/index.php\/2025\/02\/13\/tren-mexico-queretaro-y-queretaro-irapuato-en-marcha\/#respond\"]}]},{\"@type\":\"WebPage\",\"@id\":\"https:\/\/www.nexoinformativo.mx\/index.php\/2025\/02\/13\/tren-mexico-queretaro-y-queretaro-irapuato-en-marcha\/\",\"url\":\"https:\/\/www.nexoinformativo.mx\/index.php\/2025\/02\/13\/tren-mexico-queretaro-y-queretaro-irapuato-en-marcha\/\",\"name\":\"Tren M\u00e9xico-Quer\u00e9taro y Quer\u00e9taro-Irapuato en marcha | Nexo Informativo Santiago de Quer\u00e9taro\",\"isPartOf\":{\"@id\":\"https:\/\/www.nexoinformativo.mx\/#website\"},\"primaryImageOfPage\":{\"@id\":\"https:\/\/www.nexoinformativo.mx\/index.php\/2025\/02\/13\/tren-mexico-queretaro-y-queretaro-irapuato-en-marcha\/#primaryimage\"},\"image\":{\"@id\":\"https:\/\/www.nexoinformativo.mx\/index.php\/2025\/02\/13\/tren-mexico-queretaro-y-queretaro-irapuato-en-marcha\/#primaryimage\"},\"thumbnailUrl\":\"https:\/\/www.nexoinformativo.mx\/wp-content\/uploads\/2025\/02\/PHOTO-2025-02-13-12-22-06-e1739472789477.jpg\",\"datePublished\":\"2025-02-13T16:00:25+00:00\",\"dateModified\":\"2025-02-13T18:53:16+00:00\",\"description\":\"Tren M\u00e9xico-Quer\u00e9taro y Quer\u00e9taro-Irapuato en marcha\",\"breadcrumb\":{\"@id\":\"https:\/\/www.nexoinformativo.mx\/index.php\/2025\/02\/13\/tren-mexico-queretaro-y-queretaro-irapuato-en-marcha\/#breadcrumb\"},\"inLanguage\":\"es\",\"potentialAction\":[{\"@type\":\"ReadAction\",\"target\":[\"https:\/\/www.nexoinformativo.mx\/index.php\/2025\/02\/13\/tren-mexico-queretaro-y-queretaro-irapuato-en-marcha\/\"]}]},{\"@type\":\"ImageObject\",\"inLanguage\":\"es\",\"@id\":\"https:\/\/www.nexoinformativo.mx\/index.php\/2025\/02\/13\/tren-mexico-queretaro-y-queretaro-irapuato-en-marcha\/#primaryimage\",\"url\":\"https:\/\/www.nexoinformativo.mx\/wp-content\/uploads\/2025\/02\/PHOTO-2025-02-13-12-22-06-e1739472789477.jpg\",\"contentUrl\":\"https:\/\/www.nexoinformativo.mx\/wp-content\/uploads\/2025\/02\/PHOTO-2025-02-13-12-22-06-e1739472789477.jpg\",\"width\":800,\"height\":533},{\"@type\":\"BreadcrumbList\",\"@id\":\"https:\/\/www.nexoinformativo.mx\/index.php\/2025\/02\/13\/tren-mexico-queretaro-y-queretaro-irapuato-en-marcha\/#breadcrumb\",\"itemListElement\":[{\"@type\":\"ListItem\",\"position\":1,\"name\":\"Inicio\",\"item\":\"https:\/\/www.nexoinformativo.mx\/\"},{\"@type\":\"ListItem\",\"position\":2,\"name\":\"Tren M\u00e9xico-Quer\u00e9taro y Quer\u00e9taro-Irapuato en marcha\"}]},{\"@type\":\"WebSite\",\"@id\":\"https:\/\/www.nexoinformativo.mx\/#website\",\"url\":\"https:\/\/www.nexoinformativo.mx\/\",\"name\":\"Nexo Informativo Santiago de Quer\u00e9taro\",\"description\":\"Explora NexoInformativo y convi\u00e9rtete en parte de una comunidad que valora el conocimiento y la verdad. Tu nexoinformativo es tu puente hacia una comprensi\u00f3n m\u00e1s profunda del mundo que te rodea.\",\"publisher\":{\"@id\":\"https:\/\/www.nexoinformativo.mx\/#organization\"},\"potentialAction\":[{\"@type\":\"SearchAction\",\"target\":{\"@type\":\"EntryPoint\",\"urlTemplate\":\"https:\/\/www.nexoinformativo.mx\/?s={search_term_string}\"},\"query-input\":{\"@type\":\"PropertyValueSpecification\",\"valueRequired\":true,\"valueName\":\"search_term_string\"}}],\"inLanguage\":\"es\"},{\"@type\":\"Organization\",\"@id\":\"https:\/\/www.nexoinformativo.mx\/#organization\",\"name\":\"Nexo Informativo Santiago de Quer\u00e9taro\",\"url\":\"https:\/\/www.nexoinformativo.mx\/\",\"logo\":{\"@type\":\"ImageObject\",\"inLanguage\":\"es\",\"@id\":\"https:\/\/www.nexoinformativo.mx\/#\/schema\/logo\/image\/\",\"url\":\"https:\/\/www.nexoinformativo.mx\/wp-content\/uploads\/2024\/07\/nexoi-trasparente-2.png\",\"contentUrl\":\"https:\/\/www.nexoinformativo.mx\/wp-content\/uploads\/2024\/07\/nexoi-trasparente-2.png\",\"width\":816,\"height\":339,\"caption\":\"Nexo Informativo Santiago de Quer\u00e9taro\"},\"image\":{\"@id\":\"https:\/\/www.nexoinformativo.mx\/#\/schema\/logo\/image\/\"},\"sameAs\":[\"https:\/\/www.facebook.com\/people\/Nexo-Informativo\/61564066885511\/\"]},{\"@type\":\"Person\",\"@id\":\"https:\/\/www.nexoinformativo.mx\/#\/schema\/person\/7749d380ba08c8ca00d7bc76fd907b7d\",\"name\":\"Nexo Informativo\",\"image\":{\"@type\":\"ImageObject\",\"inLanguage\":\"es\",\"@id\":\"https:\/\/www.nexoinformativo.mx\/#\/schema\/person\/image\/\",\"url\":\"https:\/\/secure.gravatar.com\/avatar\/dde2928154642a13d95f87ddf1ea9718fe2b46760a005c53e41ff5ad610704e6?s=96&d=mm&r=g\",\"contentUrl\":\"https:\/\/secure.gravatar.com\/avatar\/dde2928154642a13d95f87ddf1ea9718fe2b46760a005c53e41ff5ad610704e6?s=96&d=mm&r=g\",\"caption\":\"Nexo Informativo\"},\"url\":\"https:\/\/www.nexoinformativo.mx\/index.php\/author\/edicion\/\"}]}<\/script>\n<!-- \/ Yoast SEO plugin. -->","yoast_head_json":{"title":"Tren M\u00e9xico-Quer\u00e9taro y Quer\u00e9taro-Irapuato en marcha | Nexo Informativo Santiago de Quer\u00e9taro","description":"Tren M\u00e9xico-Quer\u00e9taro y Quer\u00e9taro-Irapuato en marcha","robots":{"index":"index","follow":"follow","max-snippet":"max-snippet:-1","max-image-preview":"max-image-preview:large","max-video-preview":"max-video-preview:-1"},"canonical":"https:\/\/www.nexoinformativo.mx\/index.php\/2025\/02\/13\/tren-mexico-queretaro-y-queretaro-irapuato-en-marcha\/","og_locale":"es_MX","og_type":"article","og_title":"Tren M\u00e9xico-Quer\u00e9taro y Quer\u00e9taro-Irapuato en marcha | Nexo Informativo Santiago de Quer\u00e9taro","og_description":"Tren M\u00e9xico-Quer\u00e9taro y Quer\u00e9taro-Irapuato en marcha","og_url":"https:\/\/www.nexoinformativo.mx\/index.php\/2025\/02\/13\/tren-mexico-queretaro-y-queretaro-irapuato-en-marcha\/","og_site_name":"Nexo Informativo Santiago de Quer\u00e9taro","article_publisher":"https:\/\/www.facebook.com\/people\/Nexo-Informativo\/61564066885511\/","article_published_time":"2025-02-13T16:00:25+00:00","article_modified_time":"2025-02-13T18:53:16+00:00","og_image":[{"width":800,"height":533,"url":"https:\/\/www.nexoinformativo.mx\/wp-content\/uploads\/2025\/02\/PHOTO-2025-02-13-12-22-06-e1739472789477.jpg","type":"image\/jpeg"}],"author":"Nexo Informativo","twitter_card":"summary_large_image","twitter_misc":{"Escrito por":"Nexo Informativo","Tiempo de lectura":"2 minutos"},"schema":{"@context":"https:\/\/schema.org","@graph":[{"@type":"Article","@id":"https:\/\/www.nexoinformativo.mx\/index.php\/2025\/02\/13\/tren-mexico-queretaro-y-queretaro-irapuato-en-marcha\/#article","isPartOf":{"@id":"https:\/\/www.nexoinformativo.mx\/index.php\/2025\/02\/13\/tren-mexico-queretaro-y-queretaro-irapuato-en-marcha\/"},"author":{"name":"Nexo Informativo","@id":"https:\/\/www.nexoinformativo.mx\/#\/schema\/person\/7749d380ba08c8ca00d7bc76fd907b7d"},"headline":"Tren M\u00e9xico-Quer\u00e9taro y Quer\u00e9taro-Irapuato en marcha","datePublished":"2025-02-13T16:00:25+00:00","dateModified":"2025-02-13T18:53:16+00:00","mainEntityOfPage":{"@id":"https:\/\/www.nexoinformativo.mx\/index.php\/2025\/02\/13\/tren-mexico-queretaro-y-queretaro-irapuato-en-marcha\/"},"wordCount":265,"commentCount":0,"publisher":{"@id":"https:\/\/www.nexoinformativo.mx\/#organization"},"image":{"@id":"https:\/\/www.nexoinformativo.mx\/index.php\/2025\/02\/13\/tren-mexico-queretaro-y-queretaro-irapuato-en-marcha\/#primaryimage"},"thumbnailUrl":"https:\/\/www.nexoinformativo.mx\/wp-content\/uploads\/2025\/02\/PHOTO-2025-02-13-12-22-06-e1739472789477.jpg","keywords":["Infraestructura","M\u00e9xico","Quer\u00e9taro","Tren"],"articleSection":["Estado","\u00daltima Hora"],"inLanguage":"es","potentialAction":[{"@type":"CommentAction","name":"Comment","target":["https:\/\/www.nexoinformativo.mx\/index.php\/2025\/02\/13\/tren-mexico-queretaro-y-queretaro-irapuato-en-marcha\/#respond"]}]},{"@type":"WebPage","@id":"https:\/\/www.nexoinformativo.mx\/index.php\/2025\/02\/13\/tren-mexico-queretaro-y-queretaro-irapuato-en-marcha\/","url":"https:\/\/www.nexoinformativo.mx\/index.php\/2025\/02\/13\/tren-mexico-queretaro-y-queretaro-irapuato-en-marcha\/","name":"Tren M\u00e9xico-Quer\u00e9taro y Quer\u00e9taro-Irapuato en marcha | Nexo Informativo Santiago de Quer\u00e9taro","isPartOf":{"@id":"https:\/\/www.nexoinformativo.mx\/#website"},"primaryImageOfPage":{"@id":"https:\/\/www.nexoinformativo.mx\/index.php\/2025\/02\/13\/tren-mexico-queretaro-y-queretaro-irapuato-en-marcha\/#primaryimage"},"image":{"@id":"https:\/\/www.nexoinformativo.mx\/index.php\/2025\/02\/13\/tren-mexico-queretaro-y-queretaro-irapuato-en-marcha\/#primaryimage"},"thumbnailUrl":"https:\/\/www.nexoinformativo.mx\/wp-content\/uploads\/2025\/02\/PHOTO-2025-02-13-12-22-06-e1739472789477.jpg","datePublished":"2025-02-13T16:00:25+00:00","dateModified":"2025-02-13T18:53:16+00:00","description":"Tren M\u00e9xico-Quer\u00e9taro y Quer\u00e9taro-Irapuato en marcha","breadcrumb":{"@id":"https:\/\/www.nexoinformativo.mx\/index.php\/2025\/02\/13\/tren-mexico-queretaro-y-queretaro-irapuato-en-marcha\/#breadcrumb"},"inLanguage":"es","potentialAction":[{"@type":"ReadAction","target":["https:\/\/www.nexoinformativo.mx\/index.php\/2025\/02\/13\/tren-mexico-queretaro-y-queretaro-irapuato-en-marcha\/"]}]},{"@type":"ImageObject","inLanguage":"es","@id":"https:\/\/www.nexoinformativo.mx\/index.php\/2025\/02\/13\/tren-mexico-queretaro-y-queretaro-irapuato-en-marcha\/#primaryimage","url":"https:\/\/www.nexoinformativo.mx\/wp-content\/uploads\/2025\/02\/PHOTO-2025-02-13-12-22-06-e1739472789477.jpg","contentUrl":"https:\/\/www.nexoinformativo.mx\/wp-content\/uploads\/2025\/02\/PHOTO-2025-02-13-12-22-06-e1739472789477.jpg","width":800,"height":533},{"@type":"BreadcrumbList","@id":"https:\/\/www.nexoinformativo.mx\/index.php\/2025\/02\/13\/tren-mexico-queretaro-y-queretaro-irapuato-en-marcha\/#breadcrumb","itemListElement":[{"@type":"ListItem","position":1,"name":"Inicio","item":"https:\/\/www.nexoinformativo.mx\/"},{"@type":"ListItem","position":2,"name":"Tren M\u00e9xico-Quer\u00e9taro y Quer\u00e9taro-Irapuato en marcha"}]},{"@type":"WebSite","@id":"https:\/\/www.nexoinformativo.mx\/#website","url":"https:\/\/www.nexoinformativo.mx\/","name":"Nexo Informativo Santiago de Quer\u00e9taro","description":"Explora NexoInformativo y convi\u00e9rtete en parte de una comunidad que valora el conocimiento y la verdad. Tu nexoinformativo es tu puente hacia una comprensi\u00f3n m\u00e1s profunda del mundo que te rodea.","publisher":{"@id":"https:\/\/www.nexoinformativo.mx\/#organization"},"potentialAction":[{"@type":"SearchAction","target":{"@type":"EntryPoint","urlTemplate":"https:\/\/www.nexoinformativo.mx\/?s={search_term_string}"},"query-input":{"@type":"PropertyValueSpecification","valueRequired":true,"valueName":"search_term_string"}}],"inLanguage":"es"},{"@type":"Organization","@id":"https:\/\/www.nexoinformativo.mx\/#organization","name":"Nexo Informativo Santiago de Quer\u00e9taro","url":"https:\/\/www.nexoinformativo.mx\/","logo":{"@type":"ImageObject","inLanguage":"es","@id":"https:\/\/www.nexoinformativo.mx\/#\/schema\/logo\/image\/","url":"https:\/\/www.nexoinformativo.mx\/wp-content\/uploads\/2024\/07\/nexoi-trasparente-2.png","contentUrl":"https:\/\/www.nexoinformativo.mx\/wp-content\/uploads\/2024\/07\/nexoi-trasparente-2.png","width":816,"height":339,"caption":"Nexo Informativo Santiago de Quer\u00e9taro"},"image":{"@id":"https:\/\/www.nexoinformativo.mx\/#\/schema\/logo\/image\/"},"sameAs":["https:\/\/www.facebook.com\/people\/Nexo-Informativo\/61564066885511\/"]},{"@type":"Person","@id":"https:\/\/www.nexoinformativo.mx\/#\/schema\/person\/7749d380ba08c8ca00d7bc76fd907b7d","name":"Nexo Informativo","image":{"@type":"ImageObject","inLanguage":"es","@id":"https:\/\/www.nexoinformativo.mx\/#\/schema\/person\/image\/","url":"https:\/\/secure.gravatar.com\/avatar\/dde2928154642a13d95f87ddf1ea9718fe2b46760a005c53e41ff5ad610704e6?s=96&d=mm&r=g","contentUrl":"https:\/\/secure.gravatar.com\/avatar\/dde2928154642a13d95f87ddf1ea9718fe2b46760a005c53e41ff5ad610704e6?s=96&d=mm&r=g","caption":"Nexo Informativo"},"url":"https:\/\/www.nexoinformativo.mx\/index.php\/author\/edicion\/"}]}},"_links":{"self":[{"href":"https:\/\/www.nexoinformativo.mx\/index.php\/wp-json\/wp\/v2\/posts\/11601","targetHints":{"allow":["GET"]}}],"collection":[{"href":"https:\/\/www.nexoinformativo.mx\/index.php\/wp-json\/wp\/v2\/posts"}],"about":[{"href":"https:\/\/www.nexoinformativo.mx\/index.php\/wp-json\/wp\/v2\/types\/post"}],"author":[{"embeddable":true,"href":"https:\/\/www.nexoinformativo.mx\/index.php\/wp-json\/wp\/v2\/users\/3"}],"replies":[{"embeddable":true,"href":"https:\/\/www.nexoinformativo.mx\/index.php\/wp-json\/wp\/v2\/comments?post=11601"}],"version-history":[{"count":4,"href":"https:\/\/www.nexoinformativo.mx\/index.php\/wp-json\/wp\/v2\/posts\/11601\/revisions"}],"predecessor-version":[{"id":11604,"href":"https:\/\/www.nexoinformativo.mx\/index.php\/wp-json\/wp\/v2\/posts\/11601\/revisions\/11604"}],"wp:featuredmedia":[{"embeddable":true,"href":"https:\/\/www.nexoinformativo.mx\/index.php\/wp-json\/wp\/v2\/media\/11605"}],"wp:attachment":[{"href":"https:\/\/www.nexoinformativo.mx\/index.php\/wp-json\/wp\/v2\/media?parent=11601"}],"wp:term":[{"taxonomy":"category","embeddable":true,"href":"https:\/\/www.nexoinformativo.mx\/index.php\/wp-json\/wp\/v2\/categories?post=11601"},{"taxonomy":"post_tag","embeddable":true,"href":"https:\/\/www.nexoinformativo.mx\/index.php\/wp-json\/wp\/v2\/tags?post=11601"}],"curies":[{"name":"wp","href":"https:\/\/api.w.org\/{rel}","templated":true}]}}