{"id":11607,"date":"2025-02-13T12:00:27","date_gmt":"2025-02-13T18:00:27","guid":{"rendered":"https:\/\/www.nexoinformativo.mx\/?p=11607"},"modified":"2025-02-13T16:55:47","modified_gmt":"2025-02-13T22:55:47","slug":"mauricio-kuri-entrega-nuevas-instalaciones-para-el-centro-penitenciario-no-3-de-san-juan-del-rio","status":"publish","type":"post","link":"https:\/\/www.nexoinformativo.mx\/index.php\/2025\/02\/13\/mauricio-kuri-entrega-nuevas-instalaciones-para-el-centro-penitenciario-no-3-de-san-juan-del-rio\/","title":{"rendered":"Mauricio Kuri entrega nuevas instalaciones para el Centro Penitenciario No. 3 de San Juan del R\u00edo"},"content":{"rendered":"<p style=\"text-align: justify;\" data-sourcepos=\"11:1-11:423\">El gobernador de Quer\u00e9taro, Mauricio Kuri, encabez\u00f3 la inauguraci\u00f3n de nuevas instalaciones y equipamiento en el Centro Penitenciario No. 3 de San Juan del R\u00edo, con una inversi\u00f3n de 123.8 millones de pesos.<\/p>\n<p>&nbsp;<\/p>\n<p style=\"text-align: justify;\" data-sourcepos=\"11:1-11:423\">Esta obra representa un paso importante en la modernizaci\u00f3n del sistema penitenciario del estado y garantiza un trato digno y justo a las personas privadas de su libertad.<\/p>\n<p>&nbsp;<\/p>\n<p style=\"text-align: justify;\" data-sourcepos=\"13:1-13:411\">Las principales mejoras incluyen la construcci\u00f3n de dos modernas salas de oralidad penal, equipadas con tecnolog\u00eda de punta para garantizar la transparencia y eficiencia de los procesos judiciales.<\/p>\n<\/p>\n<p>&nbsp;<\/p>\n<p style=\"text-align: justify;\" data-sourcepos=\"13:1-13:411\">Adem\u00e1s, se remodelaron las oficinas administrativas, se construy\u00f3 un gimnasio para el personal y se realizaron diversas adecuaciones para mejorar las condiciones de seguridad y salubridad del centro penitenciario.<\/p>\n<p>&nbsp;<\/p>\n<p style=\"text-align: justify;\" data-sourcepos=\"15:1-15:326\">&#8220;Con estas nuevas instalaciones, se act\u00faa preventivamente inhibiendo los riesgos, tambi\u00e9n se optimiza la administraci\u00f3n de los recursos humanos del personal penitenciario, se fortalecen las capacidades operativas, y se hace valer el debido proceso a las personas sometidas a proceso penal&#8221;, afirm\u00f3 el gobernador Mauricio Kuri.<\/p>\n<p>&nbsp;<\/p>\n<p style=\"text-align: justify;\" data-sourcepos=\"17:1-17:204\">El mandatario estatal destac\u00f3 que esta inversi\u00f3n es parte de un programa integral de justicia que contempla la construcci\u00f3n de 19 obras en todo el estado, con una inversi\u00f3n total de 782 millones de pesos.<\/p>\n<p>&nbsp;<\/p>\n<p style=\"text-align: justify;\" data-sourcepos=\"19:1-19:206\">El evento tambi\u00e9n sirvi\u00f3 para reconocer a 105 funcionarios penitenciarios por su labor y trayectoria. Adem\u00e1s, se destac\u00f3 la jubilaci\u00f3n de dos oficiales caninos que han prestado servicio durante varios a\u00f1os.<\/p>\n<p>&nbsp;<\/p>\n<p style=\"text-align: justify;\" data-sourcepos=\"21:1-21:172\">Con estas mejoras, el Centro Penitenciario No. 3 de San Juan del R\u00edo se consolida como un referente en materia de reinserci\u00f3n social y cumplimiento de los derechos humanos.<\/p>\n<p>&nbsp;<\/p>\n<p style=\"text-align: center;\" data-sourcepos=\"21:1-21:172\"><em><strong>\u00a1Informaci\u00f3n que transforma!<\/strong><\/em><\/p>\n","protected":false},"excerpt":{"rendered":"<p>El gobernador de Quer\u00e9taro, Mauricio Kuri, encabez\u00f3 la inauguraci\u00f3n de nuevas instalaciones y equipamiento en el Centro Penitenciario No. 3 de San Juan del R\u00edo, con una inversi\u00f3n de 123.8 millones de pesos.<\/p>\n","protected":false},"author":3,"featured_media":11608,"comment_status":"open","ping_status":"open","sticky":false,"template":"","format":"standard","meta":{"footnotes":""},"categories":[65,58],"tags":[480,133,131,1506],"class_list":["post-11607","post","type-post","status-publish","format-standard","has-post-thumbnail","hentry","category-municipios","category-ultima-hora","tag-justicia","tag-queretaro","tag-seguridad","tag-sistemapenitenciario"],"yoast_head":"<!-- This site is optimized with the Yoast SEO plugin v25.0 - https:\/\/yoast.com\/wordpress\/plugins\/seo\/ -->\n<title>Mauricio Kuri entrega nuevas instalaciones para el Centro Penitenciario No. 3 de San Juan del R\u00edo | Nexo Informativo Santiago de Quer\u00e9taro<\/title>\n<meta name=\"description\" content=\"Mauricio Kuri entrega nuevas instalaciones para el Centro Penitenciario No. 3 de San Juan del R\u00edo\" \/>\n<meta name=\"robots\" content=\"index, follow, max-snippet:-1, max-image-preview:large, max-video-preview:-1\" \/>\n<link rel=\"canonical\" href=\"https:\/\/www.nexoinformativo.mx\/index.php\/2025\/02\/13\/mauricio-kuri-entrega-nuevas-instalaciones-para-el-centro-penitenciario-no-3-de-san-juan-del-rio\/\" \/>\n<meta property=\"og:locale\" content=\"es_MX\" \/>\n<meta property=\"og:type\" content=\"article\" \/>\n<meta property=\"og:title\" content=\"Mauricio Kuri entrega nuevas instalaciones para el Centro Penitenciario No. 3 de San Juan del R\u00edo | Nexo Informativo Santiago de Quer\u00e9taro\" \/>\n<meta property=\"og:description\" content=\"Mauricio Kuri entrega nuevas instalaciones para el Centro Penitenciario No. 3 de San Juan del R\u00edo\" \/>\n<meta property=\"og:url\" content=\"https:\/\/www.nexoinformativo.mx\/index.php\/2025\/02\/13\/mauricio-kuri-entrega-nuevas-instalaciones-para-el-centro-penitenciario-no-3-de-san-juan-del-rio\/\" \/>\n<meta property=\"og:site_name\" content=\"Nexo Informativo Santiago de Quer\u00e9taro\" \/>\n<meta property=\"article:publisher\" content=\"https:\/\/www.facebook.com\/people\/Nexo-Informativo\/61564066885511\/\" \/>\n<meta property=\"article:published_time\" content=\"2025-02-13T18:00:27+00:00\" \/>\n<meta property=\"article:modified_time\" content=\"2025-02-13T22:55:47+00:00\" \/>\n<meta property=\"og:image\" content=\"https:\/\/www.nexoinformativo.mx\/wp-content\/uploads\/2025\/02\/PHOTO-2025-02-13-15-19-44-e1739487278775.jpg\" \/>\n\t<meta property=\"og:image:width\" content=\"800\" \/>\n\t<meta property=\"og:image:height\" content=\"532\" \/>\n\t<meta property=\"og:image:type\" content=\"image\/jpeg\" \/>\n<meta name=\"author\" content=\"Nexo Informativo\" \/>\n<meta name=\"twitter:card\" content=\"summary_large_image\" \/>\n<meta name=\"twitter:label1\" content=\"Escrito por\" \/>\n\t<meta name=\"twitter:data1\" content=\"Nexo Informativo\" \/>\n\t<meta name=\"twitter:label2\" content=\"Tiempo de lectura\" \/>\n\t<meta name=\"twitter:data2\" content=\"2 minutos\" \/>\n<script type=\"application\/ld+json\" class=\"yoast-schema-graph\">{\"@context\":\"https:\/\/schema.org\",\"@graph\":[{\"@type\":\"Article\",\"@id\":\"https:\/\/www.nexoinformativo.mx\/index.php\/2025\/02\/13\/mauricio-kuri-entrega-nuevas-instalaciones-para-el-centro-penitenciario-no-3-de-san-juan-del-rio\/#article\",\"isPartOf\":{\"@id\":\"https:\/\/www.nexoinformativo.mx\/index.php\/2025\/02\/13\/mauricio-kuri-entrega-nuevas-instalaciones-para-el-centro-penitenciario-no-3-de-san-juan-del-rio\/\"},\"author\":{\"name\":\"Nexo Informativo\",\"@id\":\"https:\/\/www.nexoinformativo.mx\/#\/schema\/person\/7749d380ba08c8ca00d7bc76fd907b7d\"},\"headline\":\"Mauricio Kuri entrega nuevas instalaciones para el Centro Penitenciario No. 3 de San Juan del R\u00edo\",\"datePublished\":\"2025-02-13T18:00:27+00:00\",\"dateModified\":\"2025-02-13T22:55:47+00:00\",\"mainEntityOfPage\":{\"@id\":\"https:\/\/www.nexoinformativo.mx\/index.php\/2025\/02\/13\/mauricio-kuri-entrega-nuevas-instalaciones-para-el-centro-penitenciario-no-3-de-san-juan-del-rio\/\"},\"wordCount\":301,\"commentCount\":0,\"publisher\":{\"@id\":\"https:\/\/www.nexoinformativo.mx\/#organization\"},\"image\":{\"@id\":\"https:\/\/www.nexoinformativo.mx\/index.php\/2025\/02\/13\/mauricio-kuri-entrega-nuevas-instalaciones-para-el-centro-penitenciario-no-3-de-san-juan-del-rio\/#primaryimage\"},\"thumbnailUrl\":\"https:\/\/www.nexoinformativo.mx\/wp-content\/uploads\/2025\/02\/PHOTO-2025-02-13-15-19-44-e1739487278775.jpg\",\"keywords\":[\"Justicia\",\"Quer\u00e9taro\",\"Seguridad\",\"SistemaPenitenciario\"],\"articleSection\":[\"Municipios\",\"\u00daltima Hora\"],\"inLanguage\":\"es\",\"potentialAction\":[{\"@type\":\"CommentAction\",\"name\":\"Comment\",\"target\":[\"https:\/\/www.nexoinformativo.mx\/index.php\/2025\/02\/13\/mauricio-kuri-entrega-nuevas-instalaciones-para-el-centro-penitenciario-no-3-de-san-juan-del-rio\/#respond\"]}]},{\"@type\":\"WebPage\",\"@id\":\"https:\/\/www.nexoinformativo.mx\/index.php\/2025\/02\/13\/mauricio-kuri-entrega-nuevas-instalaciones-para-el-centro-penitenciario-no-3-de-san-juan-del-rio\/\",\"url\":\"https:\/\/www.nexoinformativo.mx\/index.php\/2025\/02\/13\/mauricio-kuri-entrega-nuevas-instalaciones-para-el-centro-penitenciario-no-3-de-san-juan-del-rio\/\",\"name\":\"Mauricio Kuri entrega nuevas instalaciones para el Centro Penitenciario No. 3 de San Juan del R\u00edo | Nexo Informativo Santiago de Quer\u00e9taro\",\"isPartOf\":{\"@id\":\"https:\/\/www.nexoinformativo.mx\/#website\"},\"primaryImageOfPage\":{\"@id\":\"https:\/\/www.nexoinformativo.mx\/index.php\/2025\/02\/13\/mauricio-kuri-entrega-nuevas-instalaciones-para-el-centro-penitenciario-no-3-de-san-juan-del-rio\/#primaryimage\"},\"image\":{\"@id\":\"https:\/\/www.nexoinformativo.mx\/index.php\/2025\/02\/13\/mauricio-kuri-entrega-nuevas-instalaciones-para-el-centro-penitenciario-no-3-de-san-juan-del-rio\/#primaryimage\"},\"thumbnailUrl\":\"https:\/\/www.nexoinformativo.mx\/wp-content\/uploads\/2025\/02\/PHOTO-2025-02-13-15-19-44-e1739487278775.jpg\",\"datePublished\":\"2025-02-13T18:00:27+00:00\",\"dateModified\":\"2025-02-13T22:55:47+00:00\",\"description\":\"Mauricio Kuri entrega nuevas instalaciones para el Centro Penitenciario No. 3 de San Juan del R\u00edo\",\"breadcrumb\":{\"@id\":\"https:\/\/www.nexoinformativo.mx\/index.php\/2025\/02\/13\/mauricio-kuri-entrega-nuevas-instalaciones-para-el-centro-penitenciario-no-3-de-san-juan-del-rio\/#breadcrumb\"},\"inLanguage\":\"es\",\"potentialAction\":[{\"@type\":\"ReadAction\",\"target\":[\"https:\/\/www.nexoinformativo.mx\/index.php\/2025\/02\/13\/mauricio-kuri-entrega-nuevas-instalaciones-para-el-centro-penitenciario-no-3-de-san-juan-del-rio\/\"]}]},{\"@type\":\"ImageObject\",\"inLanguage\":\"es\",\"@id\":\"https:\/\/www.nexoinformativo.mx\/index.php\/2025\/02\/13\/mauricio-kuri-entrega-nuevas-instalaciones-para-el-centro-penitenciario-no-3-de-san-juan-del-rio\/#primaryimage\",\"url\":\"https:\/\/www.nexoinformativo.mx\/wp-content\/uploads\/2025\/02\/PHOTO-2025-02-13-15-19-44-e1739487278775.jpg\",\"contentUrl\":\"https:\/\/www.nexoinformativo.mx\/wp-content\/uploads\/2025\/02\/PHOTO-2025-02-13-15-19-44-e1739487278775.jpg\",\"width\":800,\"height\":532},{\"@type\":\"BreadcrumbList\",\"@id\":\"https:\/\/www.nexoinformativo.mx\/index.php\/2025\/02\/13\/mauricio-kuri-entrega-nuevas-instalaciones-para-el-centro-penitenciario-no-3-de-san-juan-del-rio\/#breadcrumb\",\"itemListElement\":[{\"@type\":\"ListItem\",\"position\":1,\"name\":\"Inicio\",\"item\":\"https:\/\/www.nexoinformativo.mx\/\"},{\"@type\":\"ListItem\",\"position\":2,\"name\":\"Mauricio Kuri entrega nuevas instalaciones para el Centro Penitenciario No. 3 de San Juan del R\u00edo\"}]},{\"@type\":\"WebSite\",\"@id\":\"https:\/\/www.nexoinformativo.mx\/#website\",\"url\":\"https:\/\/www.nexoinformativo.mx\/\",\"name\":\"Nexo Informativo Santiago de Quer\u00e9taro\",\"description\":\"Explora NexoInformativo y convi\u00e9rtete en parte de una comunidad que valora el conocimiento y la verdad. Tu nexoinformativo es tu puente hacia una comprensi\u00f3n m\u00e1s profunda del mundo que te rodea.\",\"publisher\":{\"@id\":\"https:\/\/www.nexoinformativo.mx\/#organization\"},\"potentialAction\":[{\"@type\":\"SearchAction\",\"target\":{\"@type\":\"EntryPoint\",\"urlTemplate\":\"https:\/\/www.nexoinformativo.mx\/?s={search_term_string}\"},\"query-input\":{\"@type\":\"PropertyValueSpecification\",\"valueRequired\":true,\"valueName\":\"search_term_string\"}}],\"inLanguage\":\"es\"},{\"@type\":\"Organization\",\"@id\":\"https:\/\/www.nexoinformativo.mx\/#organization\",\"name\":\"Nexo Informativo Santiago de Quer\u00e9taro\",\"url\":\"https:\/\/www.nexoinformativo.mx\/\",\"logo\":{\"@type\":\"ImageObject\",\"inLanguage\":\"es\",\"@id\":\"https:\/\/www.nexoinformativo.mx\/#\/schema\/logo\/image\/\",\"url\":\"https:\/\/www.nexoinformativo.mx\/wp-content\/uploads\/2024\/07\/nexoi-trasparente-2.png\",\"contentUrl\":\"https:\/\/www.nexoinformativo.mx\/wp-content\/uploads\/2024\/07\/nexoi-trasparente-2.png\",\"width\":816,\"height\":339,\"caption\":\"Nexo Informativo Santiago de Quer\u00e9taro\"},\"image\":{\"@id\":\"https:\/\/www.nexoinformativo.mx\/#\/schema\/logo\/image\/\"},\"sameAs\":[\"https:\/\/www.facebook.com\/people\/Nexo-Informativo\/61564066885511\/\"]},{\"@type\":\"Person\",\"@id\":\"https:\/\/www.nexoinformativo.mx\/#\/schema\/person\/7749d380ba08c8ca00d7bc76fd907b7d\",\"name\":\"Nexo Informativo\",\"image\":{\"@type\":\"ImageObject\",\"inLanguage\":\"es\",\"@id\":\"https:\/\/www.nexoinformativo.mx\/#\/schema\/person\/image\/\",\"url\":\"https:\/\/secure.gravatar.com\/avatar\/dde2928154642a13d95f87ddf1ea9718fe2b46760a005c53e41ff5ad610704e6?s=96&d=mm&r=g\",\"contentUrl\":\"https:\/\/secure.gravatar.com\/avatar\/dde2928154642a13d95f87ddf1ea9718fe2b46760a005c53e41ff5ad610704e6?s=96&d=mm&r=g\",\"caption\":\"Nexo Informativo\"},\"url\":\"https:\/\/www.nexoinformativo.mx\/index.php\/author\/edicion\/\"}]}<\/script>\n<!-- \/ Yoast SEO plugin. -->","yoast_head_json":{"title":"Mauricio Kuri entrega nuevas instalaciones para el Centro Penitenciario No. 3 de San Juan del R\u00edo | Nexo Informativo Santiago de Quer\u00e9taro","description":"Mauricio Kuri entrega nuevas instalaciones para el Centro Penitenciario No. 3 de San Juan del R\u00edo","robots":{"index":"index","follow":"follow","max-snippet":"max-snippet:-1","max-image-preview":"max-image-preview:large","max-video-preview":"max-video-preview:-1"},"canonical":"https:\/\/www.nexoinformativo.mx\/index.php\/2025\/02\/13\/mauricio-kuri-entrega-nuevas-instalaciones-para-el-centro-penitenciario-no-3-de-san-juan-del-rio\/","og_locale":"es_MX","og_type":"article","og_title":"Mauricio Kuri entrega nuevas instalaciones para el Centro Penitenciario No. 3 de San Juan del R\u00edo | Nexo Informativo Santiago de Quer\u00e9taro","og_description":"Mauricio Kuri entrega nuevas instalaciones para el Centro Penitenciario No. 3 de San Juan del R\u00edo","og_url":"https:\/\/www.nexoinformativo.mx\/index.php\/2025\/02\/13\/mauricio-kuri-entrega-nuevas-instalaciones-para-el-centro-penitenciario-no-3-de-san-juan-del-rio\/","og_site_name":"Nexo Informativo Santiago de Quer\u00e9taro","article_publisher":"https:\/\/www.facebook.com\/people\/Nexo-Informativo\/61564066885511\/","article_published_time":"2025-02-13T18:00:27+00:00","article_modified_time":"2025-02-13T22:55:47+00:00","og_image":[{"width":800,"height":532,"url":"https:\/\/www.nexoinformativo.mx\/wp-content\/uploads\/2025\/02\/PHOTO-2025-02-13-15-19-44-e1739487278775.jpg","type":"image\/jpeg"}],"author":"Nexo Informativo","twitter_card":"summary_large_image","twitter_misc":{"Escrito por":"Nexo Informativo","Tiempo de lectura":"2 minutos"},"schema":{"@context":"https:\/\/schema.org","@graph":[{"@type":"Article","@id":"https:\/\/www.nexoinformativo.mx\/index.php\/2025\/02\/13\/mauricio-kuri-entrega-nuevas-instalaciones-para-el-centro-penitenciario-no-3-de-san-juan-del-rio\/#article","isPartOf":{"@id":"https:\/\/www.nexoinformativo.mx\/index.php\/2025\/02\/13\/mauricio-kuri-entrega-nuevas-instalaciones-para-el-centro-penitenciario-no-3-de-san-juan-del-rio\/"},"author":{"name":"Nexo Informativo","@id":"https:\/\/www.nexoinformativo.mx\/#\/schema\/person\/7749d380ba08c8ca00d7bc76fd907b7d"},"headline":"Mauricio Kuri entrega nuevas instalaciones para el Centro Penitenciario No. 3 de San Juan del R\u00edo","datePublished":"2025-02-13T18:00:27+00:00","dateModified":"2025-02-13T22:55:47+00:00","mainEntityOfPage":{"@id":"https:\/\/www.nexoinformativo.mx\/index.php\/2025\/02\/13\/mauricio-kuri-entrega-nuevas-instalaciones-para-el-centro-penitenciario-no-3-de-san-juan-del-rio\/"},"wordCount":301,"commentCount":0,"publisher":{"@id":"https:\/\/www.nexoinformativo.mx\/#organization"},"image":{"@id":"https:\/\/www.nexoinformativo.mx\/index.php\/2025\/02\/13\/mauricio-kuri-entrega-nuevas-instalaciones-para-el-centro-penitenciario-no-3-de-san-juan-del-rio\/#primaryimage"},"thumbnailUrl":"https:\/\/www.nexoinformativo.mx\/wp-content\/uploads\/2025\/02\/PHOTO-2025-02-13-15-19-44-e1739487278775.jpg","keywords":["Justicia","Quer\u00e9taro","Seguridad","SistemaPenitenciario"],"articleSection":["Municipios","\u00daltima Hora"],"inLanguage":"es","potentialAction":[{"@type":"CommentAction","name":"Comment","target":["https:\/\/www.nexoinformativo.mx\/index.php\/2025\/02\/13\/mauricio-kuri-entrega-nuevas-instalaciones-para-el-centro-penitenciario-no-3-de-san-juan-del-rio\/#respond"]}]},{"@type":"WebPage","@id":"https:\/\/www.nexoinformativo.mx\/index.php\/2025\/02\/13\/mauricio-kuri-entrega-nuevas-instalaciones-para-el-centro-penitenciario-no-3-de-san-juan-del-rio\/","url":"https:\/\/www.nexoinformativo.mx\/index.php\/2025\/02\/13\/mauricio-kuri-entrega-nuevas-instalaciones-para-el-centro-penitenciario-no-3-de-san-juan-del-rio\/","name":"Mauricio Kuri entrega nuevas instalaciones para el Centro Penitenciario No. 3 de San Juan del R\u00edo | Nexo Informativo Santiago de Quer\u00e9taro","isPartOf":{"@id":"https:\/\/www.nexoinformativo.mx\/#website"},"primaryImageOfPage":{"@id":"https:\/\/www.nexoinformativo.mx\/index.php\/2025\/02\/13\/mauricio-kuri-entrega-nuevas-instalaciones-para-el-centro-penitenciario-no-3-de-san-juan-del-rio\/#primaryimage"},"image":{"@id":"https:\/\/www.nexoinformativo.mx\/index.php\/2025\/02\/13\/mauricio-kuri-entrega-nuevas-instalaciones-para-el-centro-penitenciario-no-3-de-san-juan-del-rio\/#primaryimage"},"thumbnailUrl":"https:\/\/www.nexoinformativo.mx\/wp-content\/uploads\/2025\/02\/PHOTO-2025-02-13-15-19-44-e1739487278775.jpg","datePublished":"2025-02-13T18:00:27+00:00","dateModified":"2025-02-13T22:55:47+00:00","description":"Mauricio Kuri entrega nuevas instalaciones para el Centro Penitenciario No. 3 de San Juan del R\u00edo","breadcrumb":{"@id":"https:\/\/www.nexoinformativo.mx\/index.php\/2025\/02\/13\/mauricio-kuri-entrega-nuevas-instalaciones-para-el-centro-penitenciario-no-3-de-san-juan-del-rio\/#breadcrumb"},"inLanguage":"es","potentialAction":[{"@type":"ReadAction","target":["https:\/\/www.nexoinformativo.mx\/index.php\/2025\/02\/13\/mauricio-kuri-entrega-nuevas-instalaciones-para-el-centro-penitenciario-no-3-de-san-juan-del-rio\/"]}]},{"@type":"ImageObject","inLanguage":"es","@id":"https:\/\/www.nexoinformativo.mx\/index.php\/2025\/02\/13\/mauricio-kuri-entrega-nuevas-instalaciones-para-el-centro-penitenciario-no-3-de-san-juan-del-rio\/#primaryimage","url":"https:\/\/www.nexoinformativo.mx\/wp-content\/uploads\/2025\/02\/PHOTO-2025-02-13-15-19-44-e1739487278775.jpg","contentUrl":"https:\/\/www.nexoinformativo.mx\/wp-content\/uploads\/2025\/02\/PHOTO-2025-02-13-15-19-44-e1739487278775.jpg","width":800,"height":532},{"@type":"BreadcrumbList","@id":"https:\/\/www.nexoinformativo.mx\/index.php\/2025\/02\/13\/mauricio-kuri-entrega-nuevas-instalaciones-para-el-centro-penitenciario-no-3-de-san-juan-del-rio\/#breadcrumb","itemListElement":[{"@type":"ListItem","position":1,"name":"Inicio","item":"https:\/\/www.nexoinformativo.mx\/"},{"@type":"ListItem","position":2,"name":"Mauricio Kuri entrega nuevas instalaciones para el Centro Penitenciario No. 3 de San Juan del R\u00edo"}]},{"@type":"WebSite","@id":"https:\/\/www.nexoinformativo.mx\/#website","url":"https:\/\/www.nexoinformativo.mx\/","name":"Nexo Informativo Santiago de Quer\u00e9taro","description":"Explora NexoInformativo y convi\u00e9rtete en parte de una comunidad que valora el conocimiento y la verdad. Tu nexoinformativo es tu puente hacia una comprensi\u00f3n m\u00e1s profunda del mundo que te rodea.","publisher":{"@id":"https:\/\/www.nexoinformativo.mx\/#organization"},"potentialAction":[{"@type":"SearchAction","target":{"@type":"EntryPoint","urlTemplate":"https:\/\/www.nexoinformativo.mx\/?s={search_term_string}"},"query-input":{"@type":"PropertyValueSpecification","valueRequired":true,"valueName":"search_term_string"}}],"inLanguage":"es"},{"@type":"Organization","@id":"https:\/\/www.nexoinformativo.mx\/#organization","name":"Nexo Informativo Santiago de Quer\u00e9taro","url":"https:\/\/www.nexoinformativo.mx\/","logo":{"@type":"ImageObject","inLanguage":"es","@id":"https:\/\/www.nexoinformativo.mx\/#\/schema\/logo\/image\/","url":"https:\/\/www.nexoinformativo.mx\/wp-content\/uploads\/2024\/07\/nexoi-trasparente-2.png","contentUrl":"https:\/\/www.nexoinformativo.mx\/wp-content\/uploads\/2024\/07\/nexoi-trasparente-2.png","width":816,"height":339,"caption":"Nexo Informativo Santiago de Quer\u00e9taro"},"image":{"@id":"https:\/\/www.nexoinformativo.mx\/#\/schema\/logo\/image\/"},"sameAs":["https:\/\/www.facebook.com\/people\/Nexo-Informativo\/61564066885511\/"]},{"@type":"Person","@id":"https:\/\/www.nexoinformativo.mx\/#\/schema\/person\/7749d380ba08c8ca00d7bc76fd907b7d","name":"Nexo Informativo","image":{"@type":"ImageObject","inLanguage":"es","@id":"https:\/\/www.nexoinformativo.mx\/#\/schema\/person\/image\/","url":"https:\/\/secure.gravatar.com\/avatar\/dde2928154642a13d95f87ddf1ea9718fe2b46760a005c53e41ff5ad610704e6?s=96&d=mm&r=g","contentUrl":"https:\/\/secure.gravatar.com\/avatar\/dde2928154642a13d95f87ddf1ea9718fe2b46760a005c53e41ff5ad610704e6?s=96&d=mm&r=g","caption":"Nexo Informativo"},"url":"https:\/\/www.nexoinformativo.mx\/index.php\/author\/edicion\/"}]}},"_links":{"self":[{"href":"https:\/\/www.nexoinformativo.mx\/index.php\/wp-json\/wp\/v2\/posts\/11607","targetHints":{"allow":["GET"]}}],"collection":[{"href":"https:\/\/www.nexoinformativo.mx\/index.php\/wp-json\/wp\/v2\/posts"}],"about":[{"href":"https:\/\/www.nexoinformativo.mx\/index.php\/wp-json\/wp\/v2\/types\/post"}],"author":[{"embeddable":true,"href":"https:\/\/www.nexoinformativo.mx\/index.php\/wp-json\/wp\/v2\/users\/3"}],"replies":[{"embeddable":true,"href":"https:\/\/www.nexoinformativo.mx\/index.php\/wp-json\/wp\/v2\/comments?post=11607"}],"version-history":[{"count":4,"href":"https:\/\/www.nexoinformativo.mx\/index.php\/wp-json\/wp\/v2\/posts\/11607\/revisions"}],"predecessor-version":[{"id":11612,"href":"https:\/\/www.nexoinformativo.mx\/index.php\/wp-json\/wp\/v2\/posts\/11607\/revisions\/11612"}],"wp:featuredmedia":[{"embeddable":true,"href":"https:\/\/www.nexoinformativo.mx\/index.php\/wp-json\/wp\/v2\/media\/11608"}],"wp:attachment":[{"href":"https:\/\/www.nexoinformativo.mx\/index.php\/wp-json\/wp\/v2\/media?parent=11607"}],"wp:term":[{"taxonomy":"category","embeddable":true,"href":"https:\/\/www.nexoinformativo.mx\/index.php\/wp-json\/wp\/v2\/categories?post=11607"},{"taxonomy":"post_tag","embeddable":true,"href":"https:\/\/www.nexoinformativo.mx\/index.php\/wp-json\/wp\/v2\/tags?post=11607"}],"curies":[{"name":"wp","href":"https:\/\/api.w.org\/{rel}","templated":true}]}}