{"id":11618,"date":"2025-02-13T14:00:12","date_gmt":"2025-02-13T20:00:12","guid":{"rendered":"https:\/\/www.nexoinformativo.mx\/?p=11618"},"modified":"2025-02-13T17:04:35","modified_gmt":"2025-02-13T23:04:35","slug":"pinal-de-amoles-se-prepara-para-la-cumbre-del-huapango-34a-edicion-del-concurso","status":"publish","type":"post","link":"https:\/\/www.nexoinformativo.mx\/index.php\/2025\/02\/13\/pinal-de-amoles-se-prepara-para-la-cumbre-del-huapango-34a-edicion-del-concurso\/","title":{"rendered":"Pinal de Amoles se prepara para la Cumbre del Huapango 34\u00aa edici\u00f3n del concurso"},"content":{"rendered":"<p style=\"text-align: justify;\" data-sourcepos=\"11:1-11:458\">El pr\u00f3ximo 14 y 15 de marzo, Pinal de Amoles se convertir\u00e1 en la capital del huapango con la celebraci\u00f3n de su 34\u00ba Concurso Nacional de Baile de Huapango.<\/p>\n<\/p>\n<p>&nbsp;<\/p>\n<p style=\"text-align: justify;\" data-sourcepos=\"11:1-11:458\">Este evento, considerado la <strong>&#8220;Cumbre del Huapango&#8221;<\/strong>, reunir\u00e1 a cientos de parejas de bailarines de diferentes estados de la Rep\u00fablica Mexicana, quienes competir\u00e1n por atractivos premios y el honor de ser reconocidos como los mejores exponentes de esta danza tradicional.<\/p>\n<\/p>\n<p>&nbsp;<\/p>\n<p style=\"text-align: justify;\" data-sourcepos=\"13:1-13:274\">La secretaria de Cultura del estado, Ana Paola L\u00f3pez Birlain, destac\u00f3 la importancia de este evento para preservar y promover las tradiciones culturales de Quer\u00e9taro. <strong>&#8220;El huapango es parte fundamental de nuestra identidad y es nuestro deber impulsarlo y protegerlo&#8221;<\/strong>, afirm\u00f3.<\/p>\n<\/p>\n<p>&nbsp;<\/p>\n<p style=\"text-align: justify;\" data-sourcepos=\"15:1-15:251\">Por su parte, la presidenta municipal de Pinal de Amoles, Guadalupe Ram\u00edrez Plaza, inform\u00f3 que se espera la participaci\u00f3n de m\u00e1s de 650 parejas y la asistencia de miles de visitantes, lo que generar\u00e1 una derrama econ\u00f3mica importante para el municipio.<\/p>\n<\/p>\n<p>&nbsp;<\/p>\n<p style=\"text-align: justify;\" data-sourcepos=\"17:1-17:303\">El concurso contar\u00e1 con diversas categor\u00edas, desde infantiles hasta adultos, y se premiar\u00e1n los mejores exponentes de los diferentes estilos de huapango. Adem\u00e1s, se llevar\u00e1 a cabo un mercado gastron\u00f3mico y artesanal, donde los visitantes podr\u00e1n disfrutar de la rica gastronom\u00eda y artesan\u00eda de la regi\u00f3n.<\/p>\n<\/p>\n<p>&nbsp;<\/p>\n<p style=\"text-align: justify;\" data-sourcepos=\"19:1-19:182\"><strong>&#8220;El huapango es m\u00e1s que una danza, es una forma de vida&#8221;<\/strong>, expres\u00f3 la presidenta municipal. &#8220;Con este evento, celebramos nuestras ra\u00edces y fortalecemos nuestra identidad como pueblo&#8221;.<\/p>\n<\/p>\n<p>&nbsp;<\/p>\n<p style=\"text-align: center;\" data-sourcepos=\"19:1-19:182\"><em><strong>\u00a1Informaci\u00f3n que transforma!<\/strong><\/em><\/p>\n","protected":false},"excerpt":{"rendered":"<p>El pr\u00f3ximo 14 y 15 de marzo, Pinal de Amoles se convertir\u00e1 en la capital del huapango con la celebraci\u00f3n de su 34\u00ba Concurso Nacional de Baile de Huapango.<\/p>\n","protected":false},"author":3,"featured_media":11620,"comment_status":"open","ping_status":"open","sticky":false,"template":"","format":"standard","meta":{"footnotes":""},"categories":[50,65,58],"tags":[1538,3407,601,133],"class_list":["post-11618","post","type-post","status-publish","format-standard","has-post-thumbnail","hentry","category-espectaculos","category-municipios","category-ultima-hora","tag-culturamexicana","tag-huapango","tag-pinaldeamoles","tag-queretaro"],"yoast_head":"<!-- This site is optimized with the Yoast SEO plugin v25.0 - https:\/\/yoast.com\/wordpress\/plugins\/seo\/ -->\n<title>Pinal de Amoles se prepara para la Cumbre del Huapango 34\u00aa edici\u00f3n del concurso | Nexo Informativo Santiago de Quer\u00e9taro<\/title>\n<meta name=\"description\" content=\"Pinal de Amoles se prepara para la Cumbre del Huapango 34\u00aa edici\u00f3n del concurso\" \/>\n<meta name=\"robots\" content=\"index, follow, max-snippet:-1, max-image-preview:large, max-video-preview:-1\" \/>\n<link rel=\"canonical\" href=\"https:\/\/www.nexoinformativo.mx\/index.php\/2025\/02\/13\/pinal-de-amoles-se-prepara-para-la-cumbre-del-huapango-34a-edicion-del-concurso\/\" \/>\n<meta property=\"og:locale\" content=\"es_MX\" \/>\n<meta property=\"og:type\" content=\"article\" \/>\n<meta property=\"og:title\" content=\"Pinal de Amoles se prepara para la Cumbre del Huapango 34\u00aa edici\u00f3n del concurso | Nexo Informativo Santiago de Quer\u00e9taro\" \/>\n<meta property=\"og:description\" content=\"Pinal de Amoles se prepara para la Cumbre del Huapango 34\u00aa edici\u00f3n del concurso\" \/>\n<meta property=\"og:url\" content=\"https:\/\/www.nexoinformativo.mx\/index.php\/2025\/02\/13\/pinal-de-amoles-se-prepara-para-la-cumbre-del-huapango-34a-edicion-del-concurso\/\" \/>\n<meta property=\"og:site_name\" content=\"Nexo Informativo Santiago de Quer\u00e9taro\" \/>\n<meta property=\"article:publisher\" content=\"https:\/\/www.facebook.com\/people\/Nexo-Informativo\/61564066885511\/\" \/>\n<meta property=\"article:published_time\" content=\"2025-02-13T20:00:12+00:00\" \/>\n<meta property=\"article:modified_time\" content=\"2025-02-13T23:04:35+00:00\" \/>\n<meta property=\"og:image\" content=\"https:\/\/www.nexoinformativo.mx\/wp-content\/uploads\/2025\/02\/PHOTO-2025-02-13-16-40-12-e1739487845874.jpg\" \/>\n\t<meta property=\"og:image:width\" content=\"800\" \/>\n\t<meta property=\"og:image:height\" content=\"448\" \/>\n\t<meta property=\"og:image:type\" content=\"image\/jpeg\" \/>\n<meta name=\"author\" content=\"Nexo Informativo\" \/>\n<meta name=\"twitter:card\" content=\"summary_large_image\" \/>\n<meta name=\"twitter:label1\" content=\"Escrito por\" \/>\n\t<meta name=\"twitter:data1\" content=\"Nexo Informativo\" \/>\n\t<meta name=\"twitter:label2\" content=\"Tiempo de lectura\" \/>\n\t<meta name=\"twitter:data2\" content=\"2 minutos\" \/>\n<script type=\"application\/ld+json\" class=\"yoast-schema-graph\">{\"@context\":\"https:\/\/schema.org\",\"@graph\":[{\"@type\":\"Article\",\"@id\":\"https:\/\/www.nexoinformativo.mx\/index.php\/2025\/02\/13\/pinal-de-amoles-se-prepara-para-la-cumbre-del-huapango-34a-edicion-del-concurso\/#article\",\"isPartOf\":{\"@id\":\"https:\/\/www.nexoinformativo.mx\/index.php\/2025\/02\/13\/pinal-de-amoles-se-prepara-para-la-cumbre-del-huapango-34a-edicion-del-concurso\/\"},\"author\":{\"name\":\"Nexo Informativo\",\"@id\":\"https:\/\/www.nexoinformativo.mx\/#\/schema\/person\/7749d380ba08c8ca00d7bc76fd907b7d\"},\"headline\":\"Pinal de Amoles se prepara para la Cumbre del Huapango 34\u00aa edici\u00f3n del concurso\",\"datePublished\":\"2025-02-13T20:00:12+00:00\",\"dateModified\":\"2025-02-13T23:04:35+00:00\",\"mainEntityOfPage\":{\"@id\":\"https:\/\/www.nexoinformativo.mx\/index.php\/2025\/02\/13\/pinal-de-amoles-se-prepara-para-la-cumbre-del-huapango-34a-edicion-del-concurso\/\"},\"wordCount\":265,\"commentCount\":0,\"publisher\":{\"@id\":\"https:\/\/www.nexoinformativo.mx\/#organization\"},\"image\":{\"@id\":\"https:\/\/www.nexoinformativo.mx\/index.php\/2025\/02\/13\/pinal-de-amoles-se-prepara-para-la-cumbre-del-huapango-34a-edicion-del-concurso\/#primaryimage\"},\"thumbnailUrl\":\"https:\/\/www.nexoinformativo.mx\/wp-content\/uploads\/2025\/02\/PHOTO-2025-02-13-16-40-12-e1739487845874.jpg\",\"keywords\":[\"CulturaMexicana\",\"Huapango\",\"PinalDeAmoles\",\"Quer\u00e9taro\"],\"articleSection\":[\"Espect\u00e1culos\",\"Municipios\",\"\u00daltima Hora\"],\"inLanguage\":\"es\",\"potentialAction\":[{\"@type\":\"CommentAction\",\"name\":\"Comment\",\"target\":[\"https:\/\/www.nexoinformativo.mx\/index.php\/2025\/02\/13\/pinal-de-amoles-se-prepara-para-la-cumbre-del-huapango-34a-edicion-del-concurso\/#respond\"]}]},{\"@type\":\"WebPage\",\"@id\":\"https:\/\/www.nexoinformativo.mx\/index.php\/2025\/02\/13\/pinal-de-amoles-se-prepara-para-la-cumbre-del-huapango-34a-edicion-del-concurso\/\",\"url\":\"https:\/\/www.nexoinformativo.mx\/index.php\/2025\/02\/13\/pinal-de-amoles-se-prepara-para-la-cumbre-del-huapango-34a-edicion-del-concurso\/\",\"name\":\"Pinal de Amoles se prepara para la Cumbre del Huapango 34\u00aa edici\u00f3n del concurso | Nexo Informativo Santiago de Quer\u00e9taro\",\"isPartOf\":{\"@id\":\"https:\/\/www.nexoinformativo.mx\/#website\"},\"primaryImageOfPage\":{\"@id\":\"https:\/\/www.nexoinformativo.mx\/index.php\/2025\/02\/13\/pinal-de-amoles-se-prepara-para-la-cumbre-del-huapango-34a-edicion-del-concurso\/#primaryimage\"},\"image\":{\"@id\":\"https:\/\/www.nexoinformativo.mx\/index.php\/2025\/02\/13\/pinal-de-amoles-se-prepara-para-la-cumbre-del-huapango-34a-edicion-del-concurso\/#primaryimage\"},\"thumbnailUrl\":\"https:\/\/www.nexoinformativo.mx\/wp-content\/uploads\/2025\/02\/PHOTO-2025-02-13-16-40-12-e1739487845874.jpg\",\"datePublished\":\"2025-02-13T20:00:12+00:00\",\"dateModified\":\"2025-02-13T23:04:35+00:00\",\"description\":\"Pinal de Amoles se prepara para la Cumbre del Huapango 34\u00aa edici\u00f3n del concurso\",\"breadcrumb\":{\"@id\":\"https:\/\/www.nexoinformativo.mx\/index.php\/2025\/02\/13\/pinal-de-amoles-se-prepara-para-la-cumbre-del-huapango-34a-edicion-del-concurso\/#breadcrumb\"},\"inLanguage\":\"es\",\"potentialAction\":[{\"@type\":\"ReadAction\",\"target\":[\"https:\/\/www.nexoinformativo.mx\/index.php\/2025\/02\/13\/pinal-de-amoles-se-prepara-para-la-cumbre-del-huapango-34a-edicion-del-concurso\/\"]}]},{\"@type\":\"ImageObject\",\"inLanguage\":\"es\",\"@id\":\"https:\/\/www.nexoinformativo.mx\/index.php\/2025\/02\/13\/pinal-de-amoles-se-prepara-para-la-cumbre-del-huapango-34a-edicion-del-concurso\/#primaryimage\",\"url\":\"https:\/\/www.nexoinformativo.mx\/wp-content\/uploads\/2025\/02\/PHOTO-2025-02-13-16-40-12-e1739487845874.jpg\",\"contentUrl\":\"https:\/\/www.nexoinformativo.mx\/wp-content\/uploads\/2025\/02\/PHOTO-2025-02-13-16-40-12-e1739487845874.jpg\",\"width\":800,\"height\":448},{\"@type\":\"BreadcrumbList\",\"@id\":\"https:\/\/www.nexoinformativo.mx\/index.php\/2025\/02\/13\/pinal-de-amoles-se-prepara-para-la-cumbre-del-huapango-34a-edicion-del-concurso\/#breadcrumb\",\"itemListElement\":[{\"@type\":\"ListItem\",\"position\":1,\"name\":\"Inicio\",\"item\":\"https:\/\/www.nexoinformativo.mx\/\"},{\"@type\":\"ListItem\",\"position\":2,\"name\":\"Pinal de Amoles se prepara para la Cumbre del Huapango 34\u00aa edici\u00f3n del concurso\"}]},{\"@type\":\"WebSite\",\"@id\":\"https:\/\/www.nexoinformativo.mx\/#website\",\"url\":\"https:\/\/www.nexoinformativo.mx\/\",\"name\":\"Nexo Informativo Santiago de Quer\u00e9taro\",\"description\":\"Explora NexoInformativo y convi\u00e9rtete en parte de una comunidad que valora el conocimiento y la verdad. Tu nexoinformativo es tu puente hacia una comprensi\u00f3n m\u00e1s profunda del mundo que te rodea.\",\"publisher\":{\"@id\":\"https:\/\/www.nexoinformativo.mx\/#organization\"},\"potentialAction\":[{\"@type\":\"SearchAction\",\"target\":{\"@type\":\"EntryPoint\",\"urlTemplate\":\"https:\/\/www.nexoinformativo.mx\/?s={search_term_string}\"},\"query-input\":{\"@type\":\"PropertyValueSpecification\",\"valueRequired\":true,\"valueName\":\"search_term_string\"}}],\"inLanguage\":\"es\"},{\"@type\":\"Organization\",\"@id\":\"https:\/\/www.nexoinformativo.mx\/#organization\",\"name\":\"Nexo Informativo Santiago de Quer\u00e9taro\",\"url\":\"https:\/\/www.nexoinformativo.mx\/\",\"logo\":{\"@type\":\"ImageObject\",\"inLanguage\":\"es\",\"@id\":\"https:\/\/www.nexoinformativo.mx\/#\/schema\/logo\/image\/\",\"url\":\"https:\/\/www.nexoinformativo.mx\/wp-content\/uploads\/2024\/07\/nexoi-trasparente-2.png\",\"contentUrl\":\"https:\/\/www.nexoinformativo.mx\/wp-content\/uploads\/2024\/07\/nexoi-trasparente-2.png\",\"width\":816,\"height\":339,\"caption\":\"Nexo Informativo Santiago de Quer\u00e9taro\"},\"image\":{\"@id\":\"https:\/\/www.nexoinformativo.mx\/#\/schema\/logo\/image\/\"},\"sameAs\":[\"https:\/\/www.facebook.com\/people\/Nexo-Informativo\/61564066885511\/\"]},{\"@type\":\"Person\",\"@id\":\"https:\/\/www.nexoinformativo.mx\/#\/schema\/person\/7749d380ba08c8ca00d7bc76fd907b7d\",\"name\":\"Nexo Informativo\",\"image\":{\"@type\":\"ImageObject\",\"inLanguage\":\"es\",\"@id\":\"https:\/\/www.nexoinformativo.mx\/#\/schema\/person\/image\/\",\"url\":\"https:\/\/secure.gravatar.com\/avatar\/dde2928154642a13d95f87ddf1ea9718fe2b46760a005c53e41ff5ad610704e6?s=96&d=mm&r=g\",\"contentUrl\":\"https:\/\/secure.gravatar.com\/avatar\/dde2928154642a13d95f87ddf1ea9718fe2b46760a005c53e41ff5ad610704e6?s=96&d=mm&r=g\",\"caption\":\"Nexo Informativo\"},\"url\":\"https:\/\/www.nexoinformativo.mx\/index.php\/author\/edicion\/\"}]}<\/script>\n<!-- \/ Yoast SEO plugin. -->","yoast_head_json":{"title":"Pinal de Amoles se prepara para la Cumbre del Huapango 34\u00aa edici\u00f3n del concurso | Nexo Informativo Santiago de Quer\u00e9taro","description":"Pinal de Amoles se prepara para la Cumbre del Huapango 34\u00aa edici\u00f3n del concurso","robots":{"index":"index","follow":"follow","max-snippet":"max-snippet:-1","max-image-preview":"max-image-preview:large","max-video-preview":"max-video-preview:-1"},"canonical":"https:\/\/www.nexoinformativo.mx\/index.php\/2025\/02\/13\/pinal-de-amoles-se-prepara-para-la-cumbre-del-huapango-34a-edicion-del-concurso\/","og_locale":"es_MX","og_type":"article","og_title":"Pinal de Amoles se prepara para la Cumbre del Huapango 34\u00aa edici\u00f3n del concurso | Nexo Informativo Santiago de Quer\u00e9taro","og_description":"Pinal de Amoles se prepara para la Cumbre del Huapango 34\u00aa edici\u00f3n del concurso","og_url":"https:\/\/www.nexoinformativo.mx\/index.php\/2025\/02\/13\/pinal-de-amoles-se-prepara-para-la-cumbre-del-huapango-34a-edicion-del-concurso\/","og_site_name":"Nexo Informativo Santiago de Quer\u00e9taro","article_publisher":"https:\/\/www.facebook.com\/people\/Nexo-Informativo\/61564066885511\/","article_published_time":"2025-02-13T20:00:12+00:00","article_modified_time":"2025-02-13T23:04:35+00:00","og_image":[{"width":800,"height":448,"url":"https:\/\/www.nexoinformativo.mx\/wp-content\/uploads\/2025\/02\/PHOTO-2025-02-13-16-40-12-e1739487845874.jpg","type":"image\/jpeg"}],"author":"Nexo Informativo","twitter_card":"summary_large_image","twitter_misc":{"Escrito por":"Nexo Informativo","Tiempo de lectura":"2 minutos"},"schema":{"@context":"https:\/\/schema.org","@graph":[{"@type":"Article","@id":"https:\/\/www.nexoinformativo.mx\/index.php\/2025\/02\/13\/pinal-de-amoles-se-prepara-para-la-cumbre-del-huapango-34a-edicion-del-concurso\/#article","isPartOf":{"@id":"https:\/\/www.nexoinformativo.mx\/index.php\/2025\/02\/13\/pinal-de-amoles-se-prepara-para-la-cumbre-del-huapango-34a-edicion-del-concurso\/"},"author":{"name":"Nexo Informativo","@id":"https:\/\/www.nexoinformativo.mx\/#\/schema\/person\/7749d380ba08c8ca00d7bc76fd907b7d"},"headline":"Pinal de Amoles se prepara para la Cumbre del Huapango 34\u00aa edici\u00f3n del concurso","datePublished":"2025-02-13T20:00:12+00:00","dateModified":"2025-02-13T23:04:35+00:00","mainEntityOfPage":{"@id":"https:\/\/www.nexoinformativo.mx\/index.php\/2025\/02\/13\/pinal-de-amoles-se-prepara-para-la-cumbre-del-huapango-34a-edicion-del-concurso\/"},"wordCount":265,"commentCount":0,"publisher":{"@id":"https:\/\/www.nexoinformativo.mx\/#organization"},"image":{"@id":"https:\/\/www.nexoinformativo.mx\/index.php\/2025\/02\/13\/pinal-de-amoles-se-prepara-para-la-cumbre-del-huapango-34a-edicion-del-concurso\/#primaryimage"},"thumbnailUrl":"https:\/\/www.nexoinformativo.mx\/wp-content\/uploads\/2025\/02\/PHOTO-2025-02-13-16-40-12-e1739487845874.jpg","keywords":["CulturaMexicana","Huapango","PinalDeAmoles","Quer\u00e9taro"],"articleSection":["Espect\u00e1culos","Municipios","\u00daltima Hora"],"inLanguage":"es","potentialAction":[{"@type":"CommentAction","name":"Comment","target":["https:\/\/www.nexoinformativo.mx\/index.php\/2025\/02\/13\/pinal-de-amoles-se-prepara-para-la-cumbre-del-huapango-34a-edicion-del-concurso\/#respond"]}]},{"@type":"WebPage","@id":"https:\/\/www.nexoinformativo.mx\/index.php\/2025\/02\/13\/pinal-de-amoles-se-prepara-para-la-cumbre-del-huapango-34a-edicion-del-concurso\/","url":"https:\/\/www.nexoinformativo.mx\/index.php\/2025\/02\/13\/pinal-de-amoles-se-prepara-para-la-cumbre-del-huapango-34a-edicion-del-concurso\/","name":"Pinal de Amoles se prepara para la Cumbre del Huapango 34\u00aa edici\u00f3n del concurso | Nexo Informativo Santiago de Quer\u00e9taro","isPartOf":{"@id":"https:\/\/www.nexoinformativo.mx\/#website"},"primaryImageOfPage":{"@id":"https:\/\/www.nexoinformativo.mx\/index.php\/2025\/02\/13\/pinal-de-amoles-se-prepara-para-la-cumbre-del-huapango-34a-edicion-del-concurso\/#primaryimage"},"image":{"@id":"https:\/\/www.nexoinformativo.mx\/index.php\/2025\/02\/13\/pinal-de-amoles-se-prepara-para-la-cumbre-del-huapango-34a-edicion-del-concurso\/#primaryimage"},"thumbnailUrl":"https:\/\/www.nexoinformativo.mx\/wp-content\/uploads\/2025\/02\/PHOTO-2025-02-13-16-40-12-e1739487845874.jpg","datePublished":"2025-02-13T20:00:12+00:00","dateModified":"2025-02-13T23:04:35+00:00","description":"Pinal de Amoles se prepara para la Cumbre del Huapango 34\u00aa edici\u00f3n del concurso","breadcrumb":{"@id":"https:\/\/www.nexoinformativo.mx\/index.php\/2025\/02\/13\/pinal-de-amoles-se-prepara-para-la-cumbre-del-huapango-34a-edicion-del-concurso\/#breadcrumb"},"inLanguage":"es","potentialAction":[{"@type":"ReadAction","target":["https:\/\/www.nexoinformativo.mx\/index.php\/2025\/02\/13\/pinal-de-amoles-se-prepara-para-la-cumbre-del-huapango-34a-edicion-del-concurso\/"]}]},{"@type":"ImageObject","inLanguage":"es","@id":"https:\/\/www.nexoinformativo.mx\/index.php\/2025\/02\/13\/pinal-de-amoles-se-prepara-para-la-cumbre-del-huapango-34a-edicion-del-concurso\/#primaryimage","url":"https:\/\/www.nexoinformativo.mx\/wp-content\/uploads\/2025\/02\/PHOTO-2025-02-13-16-40-12-e1739487845874.jpg","contentUrl":"https:\/\/www.nexoinformativo.mx\/wp-content\/uploads\/2025\/02\/PHOTO-2025-02-13-16-40-12-e1739487845874.jpg","width":800,"height":448},{"@type":"BreadcrumbList","@id":"https:\/\/www.nexoinformativo.mx\/index.php\/2025\/02\/13\/pinal-de-amoles-se-prepara-para-la-cumbre-del-huapango-34a-edicion-del-concurso\/#breadcrumb","itemListElement":[{"@type":"ListItem","position":1,"name":"Inicio","item":"https:\/\/www.nexoinformativo.mx\/"},{"@type":"ListItem","position":2,"name":"Pinal de Amoles se prepara para la Cumbre del Huapango 34\u00aa edici\u00f3n del concurso"}]},{"@type":"WebSite","@id":"https:\/\/www.nexoinformativo.mx\/#website","url":"https:\/\/www.nexoinformativo.mx\/","name":"Nexo Informativo Santiago de Quer\u00e9taro","description":"Explora NexoInformativo y convi\u00e9rtete en parte de una comunidad que valora el conocimiento y la verdad. Tu nexoinformativo es tu puente hacia una comprensi\u00f3n m\u00e1s profunda del mundo que te rodea.","publisher":{"@id":"https:\/\/www.nexoinformativo.mx\/#organization"},"potentialAction":[{"@type":"SearchAction","target":{"@type":"EntryPoint","urlTemplate":"https:\/\/www.nexoinformativo.mx\/?s={search_term_string}"},"query-input":{"@type":"PropertyValueSpecification","valueRequired":true,"valueName":"search_term_string"}}],"inLanguage":"es"},{"@type":"Organization","@id":"https:\/\/www.nexoinformativo.mx\/#organization","name":"Nexo Informativo Santiago de Quer\u00e9taro","url":"https:\/\/www.nexoinformativo.mx\/","logo":{"@type":"ImageObject","inLanguage":"es","@id":"https:\/\/www.nexoinformativo.mx\/#\/schema\/logo\/image\/","url":"https:\/\/www.nexoinformativo.mx\/wp-content\/uploads\/2024\/07\/nexoi-trasparente-2.png","contentUrl":"https:\/\/www.nexoinformativo.mx\/wp-content\/uploads\/2024\/07\/nexoi-trasparente-2.png","width":816,"height":339,"caption":"Nexo Informativo Santiago de Quer\u00e9taro"},"image":{"@id":"https:\/\/www.nexoinformativo.mx\/#\/schema\/logo\/image\/"},"sameAs":["https:\/\/www.facebook.com\/people\/Nexo-Informativo\/61564066885511\/"]},{"@type":"Person","@id":"https:\/\/www.nexoinformativo.mx\/#\/schema\/person\/7749d380ba08c8ca00d7bc76fd907b7d","name":"Nexo Informativo","image":{"@type":"ImageObject","inLanguage":"es","@id":"https:\/\/www.nexoinformativo.mx\/#\/schema\/person\/image\/","url":"https:\/\/secure.gravatar.com\/avatar\/dde2928154642a13d95f87ddf1ea9718fe2b46760a005c53e41ff5ad610704e6?s=96&d=mm&r=g","contentUrl":"https:\/\/secure.gravatar.com\/avatar\/dde2928154642a13d95f87ddf1ea9718fe2b46760a005c53e41ff5ad610704e6?s=96&d=mm&r=g","caption":"Nexo Informativo"},"url":"https:\/\/www.nexoinformativo.mx\/index.php\/author\/edicion\/"}]}},"_links":{"self":[{"href":"https:\/\/www.nexoinformativo.mx\/index.php\/wp-json\/wp\/v2\/posts\/11618","targetHints":{"allow":["GET"]}}],"collection":[{"href":"https:\/\/www.nexoinformativo.mx\/index.php\/wp-json\/wp\/v2\/posts"}],"about":[{"href":"https:\/\/www.nexoinformativo.mx\/index.php\/wp-json\/wp\/v2\/types\/post"}],"author":[{"embeddable":true,"href":"https:\/\/www.nexoinformativo.mx\/index.php\/wp-json\/wp\/v2\/users\/3"}],"replies":[{"embeddable":true,"href":"https:\/\/www.nexoinformativo.mx\/index.php\/wp-json\/wp\/v2\/comments?post=11618"}],"version-history":[{"count":3,"href":"https:\/\/www.nexoinformativo.mx\/index.php\/wp-json\/wp\/v2\/posts\/11618\/revisions"}],"predecessor-version":[{"id":11622,"href":"https:\/\/www.nexoinformativo.mx\/index.php\/wp-json\/wp\/v2\/posts\/11618\/revisions\/11622"}],"wp:featuredmedia":[{"embeddable":true,"href":"https:\/\/www.nexoinformativo.mx\/index.php\/wp-json\/wp\/v2\/media\/11620"}],"wp:attachment":[{"href":"https:\/\/www.nexoinformativo.mx\/index.php\/wp-json\/wp\/v2\/media?parent=11618"}],"wp:term":[{"taxonomy":"category","embeddable":true,"href":"https:\/\/www.nexoinformativo.mx\/index.php\/wp-json\/wp\/v2\/categories?post=11618"},{"taxonomy":"post_tag","embeddable":true,"href":"https:\/\/www.nexoinformativo.mx\/index.php\/wp-json\/wp\/v2\/tags?post=11618"}],"curies":[{"name":"wp","href":"https:\/\/api.w.org\/{rel}","templated":true}]}}