{"id":1162,"date":"2024-08-28T13:30:15","date_gmt":"2024-08-28T19:30:15","guid":{"rendered":"https:\/\/www.nexoinformativo.mx\/?p=1162"},"modified":"2024-08-28T14:38:58","modified_gmt":"2024-08-28T20:38:58","slug":"incrementa-9-el-uso-del-transporte-publico-en-queretaro-por-regreso-a-clases","status":"publish","type":"post","link":"https:\/\/www.nexoinformativo.mx\/index.php\/2024\/08\/28\/incrementa-9-el-uso-del-transporte-publico-en-queretaro-por-regreso-a-clases\/","title":{"rendered":"Incrementa 9% el uso del transporte p\u00fablico en Quer\u00e9taro por regreso a clases"},"content":{"rendered":"<p style=\"text-align: justify;\">El regreso a clases ha generado un aumento del 9% en el uso del transporte p\u00fablico en Quer\u00e9taro, seg\u00fan inform\u00f3 Gerardo Cuanalo, director de la Agencia de Movilidad del Estado de Quer\u00e9taro (AMEQ). El lunes se registraron 457 mil ascensos en la zona metropolitana, reflejando un incremento significativo en comparaci\u00f3n con la semana anterior.<\/p>\n<p>&nbsp;<\/p>\n<p style=\"text-align: justify;\">Para responder a esta demanda, la AMEQ ha implementado un monitoreo constante de las rutas con mayor saturaci\u00f3n, permitiendo la reasignaci\u00f3n de autobuses adicionales en las \u00e1reas m\u00e1s necesitadas. <strong>&#8220;Nos fue muy bien el lunes. Con este aumento del 9%, pudimos incrementar tambi\u00e9n el n\u00famero de autobuses en servicio&#8221;<\/strong>, se\u00f1al\u00f3 Cuanalo.<\/p>\n<p>&nbsp;<\/p>\n<p style=\"text-align: justify;\">Actualmente, cerca de 900 autobuses est\u00e1n operando para cubrir las necesidades de transporte de los usuarios en la zona metropolitana de Quer\u00e9taro. Las autoridades continuar\u00e1n evaluando el flujo de pasajeros para asegurar un servicio eficiente y adecuado.<\/p>\n","protected":false},"excerpt":{"rendered":"<p>El regreso a clases ha generado un aumento del 9% en el uso del transporte p\u00fablico en Quer\u00e9taro, seg\u00fan inform\u00f3 Gerardo Cuanalo, director de la Agencia de Movilidad del Estado de Quer\u00e9taro (AMEQ). El lunes se registraron 457 mil ascensos en la zona metropolitana, reflejando un incremento significativo en comparaci\u00f3n con la semana anterior. &nbsp; [&hellip;]<\/p>\n","protected":false},"author":3,"featured_media":1164,"comment_status":"open","ping_status":"open","sticky":false,"template":"","format":"standard","meta":{"footnotes":""},"categories":[58],"tags":[289,291,290,288],"class_list":["post-1162","post","type-post","status-publish","format-standard","has-post-thumbnail","hentry","category-ultima-hora","tag-movilidadsegura","tag-movilidadsostenible","tag-regresoaclases2024","tag-transportepublicoqueretaro"],"yoast_head":"<!-- This site is optimized with the Yoast SEO plugin v25.0 - https:\/\/yoast.com\/wordpress\/plugins\/seo\/ -->\n<title>Incrementa 9% el uso del transporte p\u00fablico en Quer\u00e9taro por regreso a clases | Nexo Informativo Santiago de Quer\u00e9taro<\/title>\n<meta name=\"robots\" content=\"index, follow, max-snippet:-1, max-image-preview:large, max-video-preview:-1\" \/>\n<link rel=\"canonical\" href=\"https:\/\/www.nexoinformativo.mx\/index.php\/2024\/08\/28\/incrementa-9-el-uso-del-transporte-publico-en-queretaro-por-regreso-a-clases\/\" \/>\n<meta property=\"og:locale\" content=\"es_MX\" \/>\n<meta property=\"og:type\" content=\"article\" \/>\n<meta property=\"og:title\" content=\"Incrementa 9% el uso del transporte p\u00fablico en Quer\u00e9taro por regreso a clases | Nexo Informativo Santiago de Quer\u00e9taro\" \/>\n<meta property=\"og:description\" content=\"El regreso a clases ha generado un aumento del 9% en el uso del transporte p\u00fablico en Quer\u00e9taro, seg\u00fan inform\u00f3 Gerardo Cuanalo, director de la Agencia de Movilidad del Estado de Quer\u00e9taro (AMEQ). El lunes se registraron 457 mil ascensos en la zona metropolitana, reflejando un incremento significativo en comparaci\u00f3n con la semana anterior. &nbsp; [&hellip;]\" \/>\n<meta property=\"og:url\" content=\"https:\/\/www.nexoinformativo.mx\/index.php\/2024\/08\/28\/incrementa-9-el-uso-del-transporte-publico-en-queretaro-por-regreso-a-clases\/\" \/>\n<meta property=\"og:site_name\" content=\"Nexo Informativo Santiago de Quer\u00e9taro\" \/>\n<meta property=\"article:publisher\" content=\"https:\/\/www.facebook.com\/people\/Nexo-Informativo\/61564066885511\/\" \/>\n<meta property=\"article:published_time\" content=\"2024-08-28T19:30:15+00:00\" \/>\n<meta property=\"article:modified_time\" content=\"2024-08-28T20:38:58+00:00\" \/>\n<meta property=\"og:image\" content=\"https:\/\/www.nexoinformativo.mx\/wp-content\/uploads\/2024\/08\/PHOTO-2024-08-28-12-27-55-e1724877378546.jpg\" \/>\n\t<meta property=\"og:image:width\" content=\"800\" \/>\n\t<meta property=\"og:image:height\" content=\"1067\" \/>\n\t<meta property=\"og:image:type\" content=\"image\/jpeg\" \/>\n<meta name=\"author\" content=\"Nexo Informativo\" \/>\n<meta name=\"twitter:card\" content=\"summary_large_image\" \/>\n<meta name=\"twitter:label1\" content=\"Escrito por\" \/>\n\t<meta name=\"twitter:data1\" content=\"Nexo Informativo\" \/>\n\t<meta name=\"twitter:label2\" content=\"Tiempo de lectura\" \/>\n\t<meta name=\"twitter:data2\" content=\"1 minuto\" \/>\n<script type=\"application\/ld+json\" class=\"yoast-schema-graph\">{\"@context\":\"https:\/\/schema.org\",\"@graph\":[{\"@type\":\"Article\",\"@id\":\"https:\/\/www.nexoinformativo.mx\/index.php\/2024\/08\/28\/incrementa-9-el-uso-del-transporte-publico-en-queretaro-por-regreso-a-clases\/#article\",\"isPartOf\":{\"@id\":\"https:\/\/www.nexoinformativo.mx\/index.php\/2024\/08\/28\/incrementa-9-el-uso-del-transporte-publico-en-queretaro-por-regreso-a-clases\/\"},\"author\":{\"name\":\"Nexo Informativo\",\"@id\":\"https:\/\/www.nexoinformativo.mx\/#\/schema\/person\/7749d380ba08c8ca00d7bc76fd907b7d\"},\"headline\":\"Incrementa 9% el uso del transporte p\u00fablico en Quer\u00e9taro por regreso a clases\",\"datePublished\":\"2024-08-28T19:30:15+00:00\",\"dateModified\":\"2024-08-28T20:38:58+00:00\",\"mainEntityOfPage\":{\"@id\":\"https:\/\/www.nexoinformativo.mx\/index.php\/2024\/08\/28\/incrementa-9-el-uso-del-transporte-publico-en-queretaro-por-regreso-a-clases\/\"},\"wordCount\":168,\"commentCount\":0,\"publisher\":{\"@id\":\"https:\/\/www.nexoinformativo.mx\/#organization\"},\"image\":{\"@id\":\"https:\/\/www.nexoinformativo.mx\/index.php\/2024\/08\/28\/incrementa-9-el-uso-del-transporte-publico-en-queretaro-por-regreso-a-clases\/#primaryimage\"},\"thumbnailUrl\":\"https:\/\/www.nexoinformativo.mx\/wp-content\/uploads\/2024\/08\/PHOTO-2024-08-28-12-27-55-e1724877378546.jpg\",\"keywords\":[\"MovilidadSegura\",\"MovilidadSostenible\",\"RegresoAClases2024\",\"TransporteP\u00fablicoQuer\u00e9taro\"],\"articleSection\":[\"\u00daltima Hora\"],\"inLanguage\":\"es\",\"potentialAction\":[{\"@type\":\"CommentAction\",\"name\":\"Comment\",\"target\":[\"https:\/\/www.nexoinformativo.mx\/index.php\/2024\/08\/28\/incrementa-9-el-uso-del-transporte-publico-en-queretaro-por-regreso-a-clases\/#respond\"]}]},{\"@type\":\"WebPage\",\"@id\":\"https:\/\/www.nexoinformativo.mx\/index.php\/2024\/08\/28\/incrementa-9-el-uso-del-transporte-publico-en-queretaro-por-regreso-a-clases\/\",\"url\":\"https:\/\/www.nexoinformativo.mx\/index.php\/2024\/08\/28\/incrementa-9-el-uso-del-transporte-publico-en-queretaro-por-regreso-a-clases\/\",\"name\":\"Incrementa 9% el uso del transporte p\u00fablico en Quer\u00e9taro por regreso a clases | Nexo Informativo Santiago de Quer\u00e9taro\",\"isPartOf\":{\"@id\":\"https:\/\/www.nexoinformativo.mx\/#website\"},\"primaryImageOfPage\":{\"@id\":\"https:\/\/www.nexoinformativo.mx\/index.php\/2024\/08\/28\/incrementa-9-el-uso-del-transporte-publico-en-queretaro-por-regreso-a-clases\/#primaryimage\"},\"image\":{\"@id\":\"https:\/\/www.nexoinformativo.mx\/index.php\/2024\/08\/28\/incrementa-9-el-uso-del-transporte-publico-en-queretaro-por-regreso-a-clases\/#primaryimage\"},\"thumbnailUrl\":\"https:\/\/www.nexoinformativo.mx\/wp-content\/uploads\/2024\/08\/PHOTO-2024-08-28-12-27-55-e1724877378546.jpg\",\"datePublished\":\"2024-08-28T19:30:15+00:00\",\"dateModified\":\"2024-08-28T20:38:58+00:00\",\"breadcrumb\":{\"@id\":\"https:\/\/www.nexoinformativo.mx\/index.php\/2024\/08\/28\/incrementa-9-el-uso-del-transporte-publico-en-queretaro-por-regreso-a-clases\/#breadcrumb\"},\"inLanguage\":\"es\",\"potentialAction\":[{\"@type\":\"ReadAction\",\"target\":[\"https:\/\/www.nexoinformativo.mx\/index.php\/2024\/08\/28\/incrementa-9-el-uso-del-transporte-publico-en-queretaro-por-regreso-a-clases\/\"]}]},{\"@type\":\"ImageObject\",\"inLanguage\":\"es\",\"@id\":\"https:\/\/www.nexoinformativo.mx\/index.php\/2024\/08\/28\/incrementa-9-el-uso-del-transporte-publico-en-queretaro-por-regreso-a-clases\/#primaryimage\",\"url\":\"https:\/\/www.nexoinformativo.mx\/wp-content\/uploads\/2024\/08\/PHOTO-2024-08-28-12-27-55-e1724877378546.jpg\",\"contentUrl\":\"https:\/\/www.nexoinformativo.mx\/wp-content\/uploads\/2024\/08\/PHOTO-2024-08-28-12-27-55-e1724877378546.jpg\",\"width\":800,\"height\":1067},{\"@type\":\"BreadcrumbList\",\"@id\":\"https:\/\/www.nexoinformativo.mx\/index.php\/2024\/08\/28\/incrementa-9-el-uso-del-transporte-publico-en-queretaro-por-regreso-a-clases\/#breadcrumb\",\"itemListElement\":[{\"@type\":\"ListItem\",\"position\":1,\"name\":\"Inicio\",\"item\":\"https:\/\/www.nexoinformativo.mx\/\"},{\"@type\":\"ListItem\",\"position\":2,\"name\":\"Incrementa 9% el uso del transporte p\u00fablico en Quer\u00e9taro por regreso a clases\"}]},{\"@type\":\"WebSite\",\"@id\":\"https:\/\/www.nexoinformativo.mx\/#website\",\"url\":\"https:\/\/www.nexoinformativo.mx\/\",\"name\":\"Nexo Informativo Santiago de Quer\u00e9taro\",\"description\":\"Explora NexoInformativo y convi\u00e9rtete en parte de una comunidad que valora el conocimiento y la verdad. Tu nexoinformativo es tu puente hacia una comprensi\u00f3n m\u00e1s profunda del mundo que te rodea.\",\"publisher\":{\"@id\":\"https:\/\/www.nexoinformativo.mx\/#organization\"},\"potentialAction\":[{\"@type\":\"SearchAction\",\"target\":{\"@type\":\"EntryPoint\",\"urlTemplate\":\"https:\/\/www.nexoinformativo.mx\/?s={search_term_string}\"},\"query-input\":{\"@type\":\"PropertyValueSpecification\",\"valueRequired\":true,\"valueName\":\"search_term_string\"}}],\"inLanguage\":\"es\"},{\"@type\":\"Organization\",\"@id\":\"https:\/\/www.nexoinformativo.mx\/#organization\",\"name\":\"Nexo Informativo Santiago de Quer\u00e9taro\",\"url\":\"https:\/\/www.nexoinformativo.mx\/\",\"logo\":{\"@type\":\"ImageObject\",\"inLanguage\":\"es\",\"@id\":\"https:\/\/www.nexoinformativo.mx\/#\/schema\/logo\/image\/\",\"url\":\"https:\/\/www.nexoinformativo.mx\/wp-content\/uploads\/2024\/07\/nexoi-trasparente-2.png\",\"contentUrl\":\"https:\/\/www.nexoinformativo.mx\/wp-content\/uploads\/2024\/07\/nexoi-trasparente-2.png\",\"width\":816,\"height\":339,\"caption\":\"Nexo Informativo Santiago de Quer\u00e9taro\"},\"image\":{\"@id\":\"https:\/\/www.nexoinformativo.mx\/#\/schema\/logo\/image\/\"},\"sameAs\":[\"https:\/\/www.facebook.com\/people\/Nexo-Informativo\/61564066885511\/\"]},{\"@type\":\"Person\",\"@id\":\"https:\/\/www.nexoinformativo.mx\/#\/schema\/person\/7749d380ba08c8ca00d7bc76fd907b7d\",\"name\":\"Nexo Informativo\",\"image\":{\"@type\":\"ImageObject\",\"inLanguage\":\"es\",\"@id\":\"https:\/\/www.nexoinformativo.mx\/#\/schema\/person\/image\/\",\"url\":\"https:\/\/secure.gravatar.com\/avatar\/dde2928154642a13d95f87ddf1ea9718fe2b46760a005c53e41ff5ad610704e6?s=96&d=mm&r=g\",\"contentUrl\":\"https:\/\/secure.gravatar.com\/avatar\/dde2928154642a13d95f87ddf1ea9718fe2b46760a005c53e41ff5ad610704e6?s=96&d=mm&r=g\",\"caption\":\"Nexo Informativo\"},\"url\":\"https:\/\/www.nexoinformativo.mx\/index.php\/author\/edicion\/\"}]}<\/script>\n<!-- \/ Yoast SEO plugin. -->","yoast_head_json":{"title":"Incrementa 9% el uso del transporte p\u00fablico en Quer\u00e9taro por regreso a clases | Nexo Informativo Santiago de Quer\u00e9taro","robots":{"index":"index","follow":"follow","max-snippet":"max-snippet:-1","max-image-preview":"max-image-preview:large","max-video-preview":"max-video-preview:-1"},"canonical":"https:\/\/www.nexoinformativo.mx\/index.php\/2024\/08\/28\/incrementa-9-el-uso-del-transporte-publico-en-queretaro-por-regreso-a-clases\/","og_locale":"es_MX","og_type":"article","og_title":"Incrementa 9% el uso del transporte p\u00fablico en Quer\u00e9taro por regreso a clases | Nexo Informativo Santiago de Quer\u00e9taro","og_description":"El regreso a clases ha generado un aumento del 9% en el uso del transporte p\u00fablico en Quer\u00e9taro, seg\u00fan inform\u00f3 Gerardo Cuanalo, director de la Agencia de Movilidad del Estado de Quer\u00e9taro (AMEQ). El lunes se registraron 457 mil ascensos en la zona metropolitana, reflejando un incremento significativo en comparaci\u00f3n con la semana anterior. &nbsp; [&hellip;]","og_url":"https:\/\/www.nexoinformativo.mx\/index.php\/2024\/08\/28\/incrementa-9-el-uso-del-transporte-publico-en-queretaro-por-regreso-a-clases\/","og_site_name":"Nexo Informativo Santiago de Quer\u00e9taro","article_publisher":"https:\/\/www.facebook.com\/people\/Nexo-Informativo\/61564066885511\/","article_published_time":"2024-08-28T19:30:15+00:00","article_modified_time":"2024-08-28T20:38:58+00:00","og_image":[{"width":800,"height":1067,"url":"https:\/\/www.nexoinformativo.mx\/wp-content\/uploads\/2024\/08\/PHOTO-2024-08-28-12-27-55-e1724877378546.jpg","type":"image\/jpeg"}],"author":"Nexo Informativo","twitter_card":"summary_large_image","twitter_misc":{"Escrito por":"Nexo Informativo","Tiempo de lectura":"1 minuto"},"schema":{"@context":"https:\/\/schema.org","@graph":[{"@type":"Article","@id":"https:\/\/www.nexoinformativo.mx\/index.php\/2024\/08\/28\/incrementa-9-el-uso-del-transporte-publico-en-queretaro-por-regreso-a-clases\/#article","isPartOf":{"@id":"https:\/\/www.nexoinformativo.mx\/index.php\/2024\/08\/28\/incrementa-9-el-uso-del-transporte-publico-en-queretaro-por-regreso-a-clases\/"},"author":{"name":"Nexo Informativo","@id":"https:\/\/www.nexoinformativo.mx\/#\/schema\/person\/7749d380ba08c8ca00d7bc76fd907b7d"},"headline":"Incrementa 9% el uso del transporte p\u00fablico en Quer\u00e9taro por regreso a clases","datePublished":"2024-08-28T19:30:15+00:00","dateModified":"2024-08-28T20:38:58+00:00","mainEntityOfPage":{"@id":"https:\/\/www.nexoinformativo.mx\/index.php\/2024\/08\/28\/incrementa-9-el-uso-del-transporte-publico-en-queretaro-por-regreso-a-clases\/"},"wordCount":168,"commentCount":0,"publisher":{"@id":"https:\/\/www.nexoinformativo.mx\/#organization"},"image":{"@id":"https:\/\/www.nexoinformativo.mx\/index.php\/2024\/08\/28\/incrementa-9-el-uso-del-transporte-publico-en-queretaro-por-regreso-a-clases\/#primaryimage"},"thumbnailUrl":"https:\/\/www.nexoinformativo.mx\/wp-content\/uploads\/2024\/08\/PHOTO-2024-08-28-12-27-55-e1724877378546.jpg","keywords":["MovilidadSegura","MovilidadSostenible","RegresoAClases2024","TransporteP\u00fablicoQuer\u00e9taro"],"articleSection":["\u00daltima Hora"],"inLanguage":"es","potentialAction":[{"@type":"CommentAction","name":"Comment","target":["https:\/\/www.nexoinformativo.mx\/index.php\/2024\/08\/28\/incrementa-9-el-uso-del-transporte-publico-en-queretaro-por-regreso-a-clases\/#respond"]}]},{"@type":"WebPage","@id":"https:\/\/www.nexoinformativo.mx\/index.php\/2024\/08\/28\/incrementa-9-el-uso-del-transporte-publico-en-queretaro-por-regreso-a-clases\/","url":"https:\/\/www.nexoinformativo.mx\/index.php\/2024\/08\/28\/incrementa-9-el-uso-del-transporte-publico-en-queretaro-por-regreso-a-clases\/","name":"Incrementa 9% el uso del transporte p\u00fablico en Quer\u00e9taro por regreso a clases | Nexo Informativo Santiago de Quer\u00e9taro","isPartOf":{"@id":"https:\/\/www.nexoinformativo.mx\/#website"},"primaryImageOfPage":{"@id":"https:\/\/www.nexoinformativo.mx\/index.php\/2024\/08\/28\/incrementa-9-el-uso-del-transporte-publico-en-queretaro-por-regreso-a-clases\/#primaryimage"},"image":{"@id":"https:\/\/www.nexoinformativo.mx\/index.php\/2024\/08\/28\/incrementa-9-el-uso-del-transporte-publico-en-queretaro-por-regreso-a-clases\/#primaryimage"},"thumbnailUrl":"https:\/\/www.nexoinformativo.mx\/wp-content\/uploads\/2024\/08\/PHOTO-2024-08-28-12-27-55-e1724877378546.jpg","datePublished":"2024-08-28T19:30:15+00:00","dateModified":"2024-08-28T20:38:58+00:00","breadcrumb":{"@id":"https:\/\/www.nexoinformativo.mx\/index.php\/2024\/08\/28\/incrementa-9-el-uso-del-transporte-publico-en-queretaro-por-regreso-a-clases\/#breadcrumb"},"inLanguage":"es","potentialAction":[{"@type":"ReadAction","target":["https:\/\/www.nexoinformativo.mx\/index.php\/2024\/08\/28\/incrementa-9-el-uso-del-transporte-publico-en-queretaro-por-regreso-a-clases\/"]}]},{"@type":"ImageObject","inLanguage":"es","@id":"https:\/\/www.nexoinformativo.mx\/index.php\/2024\/08\/28\/incrementa-9-el-uso-del-transporte-publico-en-queretaro-por-regreso-a-clases\/#primaryimage","url":"https:\/\/www.nexoinformativo.mx\/wp-content\/uploads\/2024\/08\/PHOTO-2024-08-28-12-27-55-e1724877378546.jpg","contentUrl":"https:\/\/www.nexoinformativo.mx\/wp-content\/uploads\/2024\/08\/PHOTO-2024-08-28-12-27-55-e1724877378546.jpg","width":800,"height":1067},{"@type":"BreadcrumbList","@id":"https:\/\/www.nexoinformativo.mx\/index.php\/2024\/08\/28\/incrementa-9-el-uso-del-transporte-publico-en-queretaro-por-regreso-a-clases\/#breadcrumb","itemListElement":[{"@type":"ListItem","position":1,"name":"Inicio","item":"https:\/\/www.nexoinformativo.mx\/"},{"@type":"ListItem","position":2,"name":"Incrementa 9% el uso del transporte p\u00fablico en Quer\u00e9taro por regreso a clases"}]},{"@type":"WebSite","@id":"https:\/\/www.nexoinformativo.mx\/#website","url":"https:\/\/www.nexoinformativo.mx\/","name":"Nexo Informativo Santiago de Quer\u00e9taro","description":"Explora NexoInformativo y convi\u00e9rtete en parte de una comunidad que valora el conocimiento y la verdad. Tu nexoinformativo es tu puente hacia una comprensi\u00f3n m\u00e1s profunda del mundo que te rodea.","publisher":{"@id":"https:\/\/www.nexoinformativo.mx\/#organization"},"potentialAction":[{"@type":"SearchAction","target":{"@type":"EntryPoint","urlTemplate":"https:\/\/www.nexoinformativo.mx\/?s={search_term_string}"},"query-input":{"@type":"PropertyValueSpecification","valueRequired":true,"valueName":"search_term_string"}}],"inLanguage":"es"},{"@type":"Organization","@id":"https:\/\/www.nexoinformativo.mx\/#organization","name":"Nexo Informativo Santiago de Quer\u00e9taro","url":"https:\/\/www.nexoinformativo.mx\/","logo":{"@type":"ImageObject","inLanguage":"es","@id":"https:\/\/www.nexoinformativo.mx\/#\/schema\/logo\/image\/","url":"https:\/\/www.nexoinformativo.mx\/wp-content\/uploads\/2024\/07\/nexoi-trasparente-2.png","contentUrl":"https:\/\/www.nexoinformativo.mx\/wp-content\/uploads\/2024\/07\/nexoi-trasparente-2.png","width":816,"height":339,"caption":"Nexo Informativo Santiago de Quer\u00e9taro"},"image":{"@id":"https:\/\/www.nexoinformativo.mx\/#\/schema\/logo\/image\/"},"sameAs":["https:\/\/www.facebook.com\/people\/Nexo-Informativo\/61564066885511\/"]},{"@type":"Person","@id":"https:\/\/www.nexoinformativo.mx\/#\/schema\/person\/7749d380ba08c8ca00d7bc76fd907b7d","name":"Nexo Informativo","image":{"@type":"ImageObject","inLanguage":"es","@id":"https:\/\/www.nexoinformativo.mx\/#\/schema\/person\/image\/","url":"https:\/\/secure.gravatar.com\/avatar\/dde2928154642a13d95f87ddf1ea9718fe2b46760a005c53e41ff5ad610704e6?s=96&d=mm&r=g","contentUrl":"https:\/\/secure.gravatar.com\/avatar\/dde2928154642a13d95f87ddf1ea9718fe2b46760a005c53e41ff5ad610704e6?s=96&d=mm&r=g","caption":"Nexo Informativo"},"url":"https:\/\/www.nexoinformativo.mx\/index.php\/author\/edicion\/"}]}},"_links":{"self":[{"href":"https:\/\/www.nexoinformativo.mx\/index.php\/wp-json\/wp\/v2\/posts\/1162","targetHints":{"allow":["GET"]}}],"collection":[{"href":"https:\/\/www.nexoinformativo.mx\/index.php\/wp-json\/wp\/v2\/posts"}],"about":[{"href":"https:\/\/www.nexoinformativo.mx\/index.php\/wp-json\/wp\/v2\/types\/post"}],"author":[{"embeddable":true,"href":"https:\/\/www.nexoinformativo.mx\/index.php\/wp-json\/wp\/v2\/users\/3"}],"replies":[{"embeddable":true,"href":"https:\/\/www.nexoinformativo.mx\/index.php\/wp-json\/wp\/v2\/comments?post=1162"}],"version-history":[{"count":4,"href":"https:\/\/www.nexoinformativo.mx\/index.php\/wp-json\/wp\/v2\/posts\/1162\/revisions"}],"predecessor-version":[{"id":1165,"href":"https:\/\/www.nexoinformativo.mx\/index.php\/wp-json\/wp\/v2\/posts\/1162\/revisions\/1165"}],"wp:featuredmedia":[{"embeddable":true,"href":"https:\/\/www.nexoinformativo.mx\/index.php\/wp-json\/wp\/v2\/media\/1164"}],"wp:attachment":[{"href":"https:\/\/www.nexoinformativo.mx\/index.php\/wp-json\/wp\/v2\/media?parent=1162"}],"wp:term":[{"taxonomy":"category","embeddable":true,"href":"https:\/\/www.nexoinformativo.mx\/index.php\/wp-json\/wp\/v2\/categories?post=1162"},{"taxonomy":"post_tag","embeddable":true,"href":"https:\/\/www.nexoinformativo.mx\/index.php\/wp-json\/wp\/v2\/tags?post=1162"}],"curies":[{"name":"wp","href":"https:\/\/api.w.org\/{rel}","templated":true}]}}