{"id":11623,"date":"2025-02-13T15:00:59","date_gmt":"2025-02-13T21:00:59","guid":{"rendered":"https:\/\/www.nexoinformativo.mx\/?p=11623"},"modified":"2025-02-13T17:14:13","modified_gmt":"2025-02-13T23:14:13","slug":"car-herrera-recibe-donativos-de-juguetes-para-ninos-vulnerables","status":"publish","type":"post","link":"https:\/\/www.nexoinformativo.mx\/index.php\/2025\/02\/13\/car-herrera-recibe-donativos-de-juguetes-para-ninos-vulnerables\/","title":{"rendered":"Car Herrera recibe donativos de juguetes para ni\u00f1os vulnerables"},"content":{"rendered":"<p style=\"text-align: justify;\" data-sourcepos=\"11:1-11:389\">Con el objetivo de llevar alegr\u00eda a ni\u00f1as y ni\u00f1os en situaci\u00f3n vulnerable, la presidenta del Patronato del Sistema Estatal DIF, Car Herrera, recibi\u00f3 975 juguetes donados por la ciudadan\u00eda a trav\u00e9s de la campa\u00f1a <strong>&#8220;Kil\u00f3metro del Juguete&#8221;<\/strong>, organizada por Respuesta Radiof\u00f3nica y el Centro Educativo y Cultural del Estado de Quer\u00e9taro (CECEQ) Manuel G\u00f3mez Mor\u00edn.<\/p>\n<p>&nbsp;<\/p>\n<p style=\"text-align: justify;\" data-sourcepos=\"13:1-13:272\"><strong>&#8220;Aqu\u00ed estamos uniendo corazones por los ni\u00f1os y las ni\u00f1as, para que reciban un juguete y tengan un momento de alegr\u00eda y felicidad&#8221;<\/strong>, expres\u00f3 Car Herrera. La presidenta del DIF agradeci\u00f3 a todos los participantes por su generosidad y compromiso con los m\u00e1s peque\u00f1os.<\/p>\n<p>&nbsp;<\/p>\n<p style=\"text-align: justify;\" data-sourcepos=\"15:1-15:301\">La iniciativa, que ha tenido una gran respuesta por parte de la comunidad, busca brindar a los ni\u00f1os momentos de felicidad y diversi\u00f3n, contribuyendo as\u00ed a su desarrollo integral. Los juguetes recolectados ser\u00e1n distribuidos entre diversas instituciones que atienden a menores en situaci\u00f3n vulnerable.<\/p>\n<p>&nbsp;<\/p>\n<p style=\"text-align: justify;\" data-sourcepos=\"17:1-17:269\">Jos\u00e9 Luis Rodr\u00edguez, director general de Respuesta Radiof\u00f3nica, destac\u00f3 la importancia de unir esfuerzos para apoyar a los ni\u00f1os m\u00e1s necesitados. <strong>&#8220;La participaci\u00f3n de la gente fue sensacional y una vez m\u00e1s se confirma que los queretanos tienen un gran coraz\u00f3n&#8221;<\/strong>, afirm\u00f3.<\/p>\n<p>&nbsp;<\/p>\n<p style=\"text-align: justify;\" data-sourcepos=\"19:1-19:180\">Con esta acci\u00f3n, se demuestra que la uni\u00f3n de esfuerzos entre la sociedad civil, el gobierno y los medios de comunicaci\u00f3n puede generar un impacto positivo en la vida de los ni\u00f1os.<\/p>\n<p>&nbsp;<\/p>\n<p style=\"text-align: center;\" data-sourcepos=\"19:1-19:180\"><em><strong>\u00a1Informaci\u00f3n que transforma!<\/strong><\/em><\/p>\n","protected":false},"excerpt":{"rendered":"<p>Con el objetivo de llevar alegr\u00eda a ni\u00f1as y ni\u00f1os en situaci\u00f3n vulnerable, la presidenta del Patronato del Sistema Estatal DIF, Car Herrera, recibi\u00f3 975 juguetes donados por la ciudadan\u00eda a trav\u00e9s de la campa\u00f1a &#8220;Kil\u00f3metro del Juguete&#8221;, organizada por Respuesta Radiof\u00f3nica y el Centro Educativo y Cultural del Estado de Quer\u00e9taro (CECEQ) Manuel G\u00f3mez Mor\u00edn.<\/p>\n","protected":false},"author":3,"featured_media":11628,"comment_status":"open","ping_status":"open","sticky":false,"template":"","format":"standard","meta":{"footnotes":""},"categories":[42,58],"tags":[3408,3397,133,1599],"class_list":["post-11623","post","type-post","status-publish","format-standard","has-post-thumbnail","hentry","category-estado","category-ultima-hora","tag-donaciondejuguetes","tag-ninos","tag-queretaro","tag-solidaridad"],"yoast_head":"<!-- This site is optimized with the Yoast SEO plugin v25.0 - https:\/\/yoast.com\/wordpress\/plugins\/seo\/ -->\n<title>Car Herrera recibe donativos de juguetes para ni\u00f1os vulnerables | Nexo Informativo Santiago de Quer\u00e9taro<\/title>\n<meta name=\"description\" content=\"Car Herrera recibe donativos de juguetes para ni\u00f1os vulnerables\" \/>\n<meta name=\"robots\" content=\"index, follow, max-snippet:-1, max-image-preview:large, max-video-preview:-1\" \/>\n<link rel=\"canonical\" href=\"https:\/\/www.nexoinformativo.mx\/index.php\/2025\/02\/13\/car-herrera-recibe-donativos-de-juguetes-para-ninos-vulnerables\/\" \/>\n<meta property=\"og:locale\" content=\"es_MX\" \/>\n<meta property=\"og:type\" content=\"article\" \/>\n<meta property=\"og:title\" content=\"Car Herrera recibe donativos de juguetes para ni\u00f1os vulnerables | Nexo Informativo Santiago de Quer\u00e9taro\" \/>\n<meta property=\"og:description\" content=\"Car Herrera recibe donativos de juguetes para ni\u00f1os vulnerables\" \/>\n<meta property=\"og:url\" content=\"https:\/\/www.nexoinformativo.mx\/index.php\/2025\/02\/13\/car-herrera-recibe-donativos-de-juguetes-para-ninos-vulnerables\/\" \/>\n<meta property=\"og:site_name\" content=\"Nexo Informativo Santiago de Quer\u00e9taro\" \/>\n<meta property=\"article:publisher\" content=\"https:\/\/www.facebook.com\/people\/Nexo-Informativo\/61564066885511\/\" \/>\n<meta property=\"article:published_time\" content=\"2025-02-13T21:00:59+00:00\" \/>\n<meta property=\"article:modified_time\" content=\"2025-02-13T23:14:13+00:00\" \/>\n<meta property=\"og:image\" content=\"https:\/\/www.nexoinformativo.mx\/wp-content\/uploads\/2025\/02\/PHOTO-2025-02-13-16-43-39-e1739488447293.jpg\" \/>\n\t<meta property=\"og:image:width\" content=\"800\" \/>\n\t<meta property=\"og:image:height\" content=\"533\" \/>\n\t<meta property=\"og:image:type\" content=\"image\/jpeg\" \/>\n<meta name=\"author\" content=\"Nexo Informativo\" \/>\n<meta name=\"twitter:card\" content=\"summary_large_image\" \/>\n<meta name=\"twitter:label1\" content=\"Escrito por\" \/>\n\t<meta name=\"twitter:data1\" content=\"Nexo Informativo\" \/>\n\t<meta name=\"twitter:label2\" content=\"Tiempo de lectura\" \/>\n\t<meta name=\"twitter:data2\" content=\"2 minutos\" \/>\n<script type=\"application\/ld+json\" class=\"yoast-schema-graph\">{\"@context\":\"https:\/\/schema.org\",\"@graph\":[{\"@type\":\"Article\",\"@id\":\"https:\/\/www.nexoinformativo.mx\/index.php\/2025\/02\/13\/car-herrera-recibe-donativos-de-juguetes-para-ninos-vulnerables\/#article\",\"isPartOf\":{\"@id\":\"https:\/\/www.nexoinformativo.mx\/index.php\/2025\/02\/13\/car-herrera-recibe-donativos-de-juguetes-para-ninos-vulnerables\/\"},\"author\":{\"name\":\"Nexo Informativo\",\"@id\":\"https:\/\/www.nexoinformativo.mx\/#\/schema\/person\/7749d380ba08c8ca00d7bc76fd907b7d\"},\"headline\":\"Car Herrera recibe donativos de juguetes para ni\u00f1os vulnerables\",\"datePublished\":\"2025-02-13T21:00:59+00:00\",\"dateModified\":\"2025-02-13T23:14:13+00:00\",\"mainEntityOfPage\":{\"@id\":\"https:\/\/www.nexoinformativo.mx\/index.php\/2025\/02\/13\/car-herrera-recibe-donativos-de-juguetes-para-ninos-vulnerables\/\"},\"wordCount\":268,\"commentCount\":0,\"publisher\":{\"@id\":\"https:\/\/www.nexoinformativo.mx\/#organization\"},\"image\":{\"@id\":\"https:\/\/www.nexoinformativo.mx\/index.php\/2025\/02\/13\/car-herrera-recibe-donativos-de-juguetes-para-ninos-vulnerables\/#primaryimage\"},\"thumbnailUrl\":\"https:\/\/www.nexoinformativo.mx\/wp-content\/uploads\/2025\/02\/PHOTO-2025-02-13-16-43-39-e1739488447293.jpg\",\"keywords\":[\"Donaci\u00f3nDeJuguetes\",\"Ni\u00f1os\",\"Quer\u00e9taro\",\"Solidaridad\"],\"articleSection\":[\"Estado\",\"\u00daltima Hora\"],\"inLanguage\":\"es\",\"potentialAction\":[{\"@type\":\"CommentAction\",\"name\":\"Comment\",\"target\":[\"https:\/\/www.nexoinformativo.mx\/index.php\/2025\/02\/13\/car-herrera-recibe-donativos-de-juguetes-para-ninos-vulnerables\/#respond\"]}]},{\"@type\":\"WebPage\",\"@id\":\"https:\/\/www.nexoinformativo.mx\/index.php\/2025\/02\/13\/car-herrera-recibe-donativos-de-juguetes-para-ninos-vulnerables\/\",\"url\":\"https:\/\/www.nexoinformativo.mx\/index.php\/2025\/02\/13\/car-herrera-recibe-donativos-de-juguetes-para-ninos-vulnerables\/\",\"name\":\"Car Herrera recibe donativos de juguetes para ni\u00f1os vulnerables | Nexo Informativo Santiago de Quer\u00e9taro\",\"isPartOf\":{\"@id\":\"https:\/\/www.nexoinformativo.mx\/#website\"},\"primaryImageOfPage\":{\"@id\":\"https:\/\/www.nexoinformativo.mx\/index.php\/2025\/02\/13\/car-herrera-recibe-donativos-de-juguetes-para-ninos-vulnerables\/#primaryimage\"},\"image\":{\"@id\":\"https:\/\/www.nexoinformativo.mx\/index.php\/2025\/02\/13\/car-herrera-recibe-donativos-de-juguetes-para-ninos-vulnerables\/#primaryimage\"},\"thumbnailUrl\":\"https:\/\/www.nexoinformativo.mx\/wp-content\/uploads\/2025\/02\/PHOTO-2025-02-13-16-43-39-e1739488447293.jpg\",\"datePublished\":\"2025-02-13T21:00:59+00:00\",\"dateModified\":\"2025-02-13T23:14:13+00:00\",\"description\":\"Car Herrera recibe donativos de juguetes para ni\u00f1os vulnerables\",\"breadcrumb\":{\"@id\":\"https:\/\/www.nexoinformativo.mx\/index.php\/2025\/02\/13\/car-herrera-recibe-donativos-de-juguetes-para-ninos-vulnerables\/#breadcrumb\"},\"inLanguage\":\"es\",\"potentialAction\":[{\"@type\":\"ReadAction\",\"target\":[\"https:\/\/www.nexoinformativo.mx\/index.php\/2025\/02\/13\/car-herrera-recibe-donativos-de-juguetes-para-ninos-vulnerables\/\"]}]},{\"@type\":\"ImageObject\",\"inLanguage\":\"es\",\"@id\":\"https:\/\/www.nexoinformativo.mx\/index.php\/2025\/02\/13\/car-herrera-recibe-donativos-de-juguetes-para-ninos-vulnerables\/#primaryimage\",\"url\":\"https:\/\/www.nexoinformativo.mx\/wp-content\/uploads\/2025\/02\/PHOTO-2025-02-13-16-43-39-e1739488447293.jpg\",\"contentUrl\":\"https:\/\/www.nexoinformativo.mx\/wp-content\/uploads\/2025\/02\/PHOTO-2025-02-13-16-43-39-e1739488447293.jpg\",\"width\":800,\"height\":533},{\"@type\":\"BreadcrumbList\",\"@id\":\"https:\/\/www.nexoinformativo.mx\/index.php\/2025\/02\/13\/car-herrera-recibe-donativos-de-juguetes-para-ninos-vulnerables\/#breadcrumb\",\"itemListElement\":[{\"@type\":\"ListItem\",\"position\":1,\"name\":\"Inicio\",\"item\":\"https:\/\/www.nexoinformativo.mx\/\"},{\"@type\":\"ListItem\",\"position\":2,\"name\":\"Car Herrera recibe donativos de juguetes para ni\u00f1os vulnerables\"}]},{\"@type\":\"WebSite\",\"@id\":\"https:\/\/www.nexoinformativo.mx\/#website\",\"url\":\"https:\/\/www.nexoinformativo.mx\/\",\"name\":\"Nexo Informativo Santiago de Quer\u00e9taro\",\"description\":\"Explora NexoInformativo y convi\u00e9rtete en parte de una comunidad que valora el conocimiento y la verdad. Tu nexoinformativo es tu puente hacia una comprensi\u00f3n m\u00e1s profunda del mundo que te rodea.\",\"publisher\":{\"@id\":\"https:\/\/www.nexoinformativo.mx\/#organization\"},\"potentialAction\":[{\"@type\":\"SearchAction\",\"target\":{\"@type\":\"EntryPoint\",\"urlTemplate\":\"https:\/\/www.nexoinformativo.mx\/?s={search_term_string}\"},\"query-input\":{\"@type\":\"PropertyValueSpecification\",\"valueRequired\":true,\"valueName\":\"search_term_string\"}}],\"inLanguage\":\"es\"},{\"@type\":\"Organization\",\"@id\":\"https:\/\/www.nexoinformativo.mx\/#organization\",\"name\":\"Nexo Informativo Santiago de Quer\u00e9taro\",\"url\":\"https:\/\/www.nexoinformativo.mx\/\",\"logo\":{\"@type\":\"ImageObject\",\"inLanguage\":\"es\",\"@id\":\"https:\/\/www.nexoinformativo.mx\/#\/schema\/logo\/image\/\",\"url\":\"https:\/\/www.nexoinformativo.mx\/wp-content\/uploads\/2024\/07\/nexoi-trasparente-2.png\",\"contentUrl\":\"https:\/\/www.nexoinformativo.mx\/wp-content\/uploads\/2024\/07\/nexoi-trasparente-2.png\",\"width\":816,\"height\":339,\"caption\":\"Nexo Informativo Santiago de Quer\u00e9taro\"},\"image\":{\"@id\":\"https:\/\/www.nexoinformativo.mx\/#\/schema\/logo\/image\/\"},\"sameAs\":[\"https:\/\/www.facebook.com\/people\/Nexo-Informativo\/61564066885511\/\"]},{\"@type\":\"Person\",\"@id\":\"https:\/\/www.nexoinformativo.mx\/#\/schema\/person\/7749d380ba08c8ca00d7bc76fd907b7d\",\"name\":\"Nexo Informativo\",\"image\":{\"@type\":\"ImageObject\",\"inLanguage\":\"es\",\"@id\":\"https:\/\/www.nexoinformativo.mx\/#\/schema\/person\/image\/\",\"url\":\"https:\/\/secure.gravatar.com\/avatar\/dde2928154642a13d95f87ddf1ea9718fe2b46760a005c53e41ff5ad610704e6?s=96&d=mm&r=g\",\"contentUrl\":\"https:\/\/secure.gravatar.com\/avatar\/dde2928154642a13d95f87ddf1ea9718fe2b46760a005c53e41ff5ad610704e6?s=96&d=mm&r=g\",\"caption\":\"Nexo Informativo\"},\"url\":\"https:\/\/www.nexoinformativo.mx\/index.php\/author\/edicion\/\"}]}<\/script>\n<!-- \/ Yoast SEO plugin. -->","yoast_head_json":{"title":"Car Herrera recibe donativos de juguetes para ni\u00f1os vulnerables | Nexo Informativo Santiago de Quer\u00e9taro","description":"Car Herrera recibe donativos de juguetes para ni\u00f1os vulnerables","robots":{"index":"index","follow":"follow","max-snippet":"max-snippet:-1","max-image-preview":"max-image-preview:large","max-video-preview":"max-video-preview:-1"},"canonical":"https:\/\/www.nexoinformativo.mx\/index.php\/2025\/02\/13\/car-herrera-recibe-donativos-de-juguetes-para-ninos-vulnerables\/","og_locale":"es_MX","og_type":"article","og_title":"Car Herrera recibe donativos de juguetes para ni\u00f1os vulnerables | Nexo Informativo Santiago de Quer\u00e9taro","og_description":"Car Herrera recibe donativos de juguetes para ni\u00f1os vulnerables","og_url":"https:\/\/www.nexoinformativo.mx\/index.php\/2025\/02\/13\/car-herrera-recibe-donativos-de-juguetes-para-ninos-vulnerables\/","og_site_name":"Nexo Informativo Santiago de Quer\u00e9taro","article_publisher":"https:\/\/www.facebook.com\/people\/Nexo-Informativo\/61564066885511\/","article_published_time":"2025-02-13T21:00:59+00:00","article_modified_time":"2025-02-13T23:14:13+00:00","og_image":[{"width":800,"height":533,"url":"https:\/\/www.nexoinformativo.mx\/wp-content\/uploads\/2025\/02\/PHOTO-2025-02-13-16-43-39-e1739488447293.jpg","type":"image\/jpeg"}],"author":"Nexo Informativo","twitter_card":"summary_large_image","twitter_misc":{"Escrito por":"Nexo Informativo","Tiempo de lectura":"2 minutos"},"schema":{"@context":"https:\/\/schema.org","@graph":[{"@type":"Article","@id":"https:\/\/www.nexoinformativo.mx\/index.php\/2025\/02\/13\/car-herrera-recibe-donativos-de-juguetes-para-ninos-vulnerables\/#article","isPartOf":{"@id":"https:\/\/www.nexoinformativo.mx\/index.php\/2025\/02\/13\/car-herrera-recibe-donativos-de-juguetes-para-ninos-vulnerables\/"},"author":{"name":"Nexo Informativo","@id":"https:\/\/www.nexoinformativo.mx\/#\/schema\/person\/7749d380ba08c8ca00d7bc76fd907b7d"},"headline":"Car Herrera recibe donativos de juguetes para ni\u00f1os vulnerables","datePublished":"2025-02-13T21:00:59+00:00","dateModified":"2025-02-13T23:14:13+00:00","mainEntityOfPage":{"@id":"https:\/\/www.nexoinformativo.mx\/index.php\/2025\/02\/13\/car-herrera-recibe-donativos-de-juguetes-para-ninos-vulnerables\/"},"wordCount":268,"commentCount":0,"publisher":{"@id":"https:\/\/www.nexoinformativo.mx\/#organization"},"image":{"@id":"https:\/\/www.nexoinformativo.mx\/index.php\/2025\/02\/13\/car-herrera-recibe-donativos-de-juguetes-para-ninos-vulnerables\/#primaryimage"},"thumbnailUrl":"https:\/\/www.nexoinformativo.mx\/wp-content\/uploads\/2025\/02\/PHOTO-2025-02-13-16-43-39-e1739488447293.jpg","keywords":["Donaci\u00f3nDeJuguetes","Ni\u00f1os","Quer\u00e9taro","Solidaridad"],"articleSection":["Estado","\u00daltima Hora"],"inLanguage":"es","potentialAction":[{"@type":"CommentAction","name":"Comment","target":["https:\/\/www.nexoinformativo.mx\/index.php\/2025\/02\/13\/car-herrera-recibe-donativos-de-juguetes-para-ninos-vulnerables\/#respond"]}]},{"@type":"WebPage","@id":"https:\/\/www.nexoinformativo.mx\/index.php\/2025\/02\/13\/car-herrera-recibe-donativos-de-juguetes-para-ninos-vulnerables\/","url":"https:\/\/www.nexoinformativo.mx\/index.php\/2025\/02\/13\/car-herrera-recibe-donativos-de-juguetes-para-ninos-vulnerables\/","name":"Car Herrera recibe donativos de juguetes para ni\u00f1os vulnerables | Nexo Informativo Santiago de Quer\u00e9taro","isPartOf":{"@id":"https:\/\/www.nexoinformativo.mx\/#website"},"primaryImageOfPage":{"@id":"https:\/\/www.nexoinformativo.mx\/index.php\/2025\/02\/13\/car-herrera-recibe-donativos-de-juguetes-para-ninos-vulnerables\/#primaryimage"},"image":{"@id":"https:\/\/www.nexoinformativo.mx\/index.php\/2025\/02\/13\/car-herrera-recibe-donativos-de-juguetes-para-ninos-vulnerables\/#primaryimage"},"thumbnailUrl":"https:\/\/www.nexoinformativo.mx\/wp-content\/uploads\/2025\/02\/PHOTO-2025-02-13-16-43-39-e1739488447293.jpg","datePublished":"2025-02-13T21:00:59+00:00","dateModified":"2025-02-13T23:14:13+00:00","description":"Car Herrera recibe donativos de juguetes para ni\u00f1os vulnerables","breadcrumb":{"@id":"https:\/\/www.nexoinformativo.mx\/index.php\/2025\/02\/13\/car-herrera-recibe-donativos-de-juguetes-para-ninos-vulnerables\/#breadcrumb"},"inLanguage":"es","potentialAction":[{"@type":"ReadAction","target":["https:\/\/www.nexoinformativo.mx\/index.php\/2025\/02\/13\/car-herrera-recibe-donativos-de-juguetes-para-ninos-vulnerables\/"]}]},{"@type":"ImageObject","inLanguage":"es","@id":"https:\/\/www.nexoinformativo.mx\/index.php\/2025\/02\/13\/car-herrera-recibe-donativos-de-juguetes-para-ninos-vulnerables\/#primaryimage","url":"https:\/\/www.nexoinformativo.mx\/wp-content\/uploads\/2025\/02\/PHOTO-2025-02-13-16-43-39-e1739488447293.jpg","contentUrl":"https:\/\/www.nexoinformativo.mx\/wp-content\/uploads\/2025\/02\/PHOTO-2025-02-13-16-43-39-e1739488447293.jpg","width":800,"height":533},{"@type":"BreadcrumbList","@id":"https:\/\/www.nexoinformativo.mx\/index.php\/2025\/02\/13\/car-herrera-recibe-donativos-de-juguetes-para-ninos-vulnerables\/#breadcrumb","itemListElement":[{"@type":"ListItem","position":1,"name":"Inicio","item":"https:\/\/www.nexoinformativo.mx\/"},{"@type":"ListItem","position":2,"name":"Car Herrera recibe donativos de juguetes para ni\u00f1os vulnerables"}]},{"@type":"WebSite","@id":"https:\/\/www.nexoinformativo.mx\/#website","url":"https:\/\/www.nexoinformativo.mx\/","name":"Nexo Informativo Santiago de Quer\u00e9taro","description":"Explora NexoInformativo y convi\u00e9rtete en parte de una comunidad que valora el conocimiento y la verdad. Tu nexoinformativo es tu puente hacia una comprensi\u00f3n m\u00e1s profunda del mundo que te rodea.","publisher":{"@id":"https:\/\/www.nexoinformativo.mx\/#organization"},"potentialAction":[{"@type":"SearchAction","target":{"@type":"EntryPoint","urlTemplate":"https:\/\/www.nexoinformativo.mx\/?s={search_term_string}"},"query-input":{"@type":"PropertyValueSpecification","valueRequired":true,"valueName":"search_term_string"}}],"inLanguage":"es"},{"@type":"Organization","@id":"https:\/\/www.nexoinformativo.mx\/#organization","name":"Nexo Informativo Santiago de Quer\u00e9taro","url":"https:\/\/www.nexoinformativo.mx\/","logo":{"@type":"ImageObject","inLanguage":"es","@id":"https:\/\/www.nexoinformativo.mx\/#\/schema\/logo\/image\/","url":"https:\/\/www.nexoinformativo.mx\/wp-content\/uploads\/2024\/07\/nexoi-trasparente-2.png","contentUrl":"https:\/\/www.nexoinformativo.mx\/wp-content\/uploads\/2024\/07\/nexoi-trasparente-2.png","width":816,"height":339,"caption":"Nexo Informativo Santiago de Quer\u00e9taro"},"image":{"@id":"https:\/\/www.nexoinformativo.mx\/#\/schema\/logo\/image\/"},"sameAs":["https:\/\/www.facebook.com\/people\/Nexo-Informativo\/61564066885511\/"]},{"@type":"Person","@id":"https:\/\/www.nexoinformativo.mx\/#\/schema\/person\/7749d380ba08c8ca00d7bc76fd907b7d","name":"Nexo Informativo","image":{"@type":"ImageObject","inLanguage":"es","@id":"https:\/\/www.nexoinformativo.mx\/#\/schema\/person\/image\/","url":"https:\/\/secure.gravatar.com\/avatar\/dde2928154642a13d95f87ddf1ea9718fe2b46760a005c53e41ff5ad610704e6?s=96&d=mm&r=g","contentUrl":"https:\/\/secure.gravatar.com\/avatar\/dde2928154642a13d95f87ddf1ea9718fe2b46760a005c53e41ff5ad610704e6?s=96&d=mm&r=g","caption":"Nexo Informativo"},"url":"https:\/\/www.nexoinformativo.mx\/index.php\/author\/edicion\/"}]}},"_links":{"self":[{"href":"https:\/\/www.nexoinformativo.mx\/index.php\/wp-json\/wp\/v2\/posts\/11623","targetHints":{"allow":["GET"]}}],"collection":[{"href":"https:\/\/www.nexoinformativo.mx\/index.php\/wp-json\/wp\/v2\/posts"}],"about":[{"href":"https:\/\/www.nexoinformativo.mx\/index.php\/wp-json\/wp\/v2\/types\/post"}],"author":[{"embeddable":true,"href":"https:\/\/www.nexoinformativo.mx\/index.php\/wp-json\/wp\/v2\/users\/3"}],"replies":[{"embeddable":true,"href":"https:\/\/www.nexoinformativo.mx\/index.php\/wp-json\/wp\/v2\/comments?post=11623"}],"version-history":[{"count":4,"href":"https:\/\/www.nexoinformativo.mx\/index.php\/wp-json\/wp\/v2\/posts\/11623\/revisions"}],"predecessor-version":[{"id":11627,"href":"https:\/\/www.nexoinformativo.mx\/index.php\/wp-json\/wp\/v2\/posts\/11623\/revisions\/11627"}],"wp:featuredmedia":[{"embeddable":true,"href":"https:\/\/www.nexoinformativo.mx\/index.php\/wp-json\/wp\/v2\/media\/11628"}],"wp:attachment":[{"href":"https:\/\/www.nexoinformativo.mx\/index.php\/wp-json\/wp\/v2\/media?parent=11623"}],"wp:term":[{"taxonomy":"category","embeddable":true,"href":"https:\/\/www.nexoinformativo.mx\/index.php\/wp-json\/wp\/v2\/categories?post=11623"},{"taxonomy":"post_tag","embeddable":true,"href":"https:\/\/www.nexoinformativo.mx\/index.php\/wp-json\/wp\/v2\/tags?post=11623"}],"curies":[{"name":"wp","href":"https:\/\/api.w.org\/{rel}","templated":true}]}}