{"id":11629,"date":"2025-02-13T16:00:51","date_gmt":"2025-02-13T22:00:51","guid":{"rendered":"https:\/\/www.nexoinformativo.mx\/?p=11629"},"modified":"2025-02-13T17:23:33","modified_gmt":"2025-02-13T23:23:33","slug":"buenas-noticias-para-el-zoologico-wameru-llega-inversion-privada","status":"publish","type":"post","link":"https:\/\/www.nexoinformativo.mx\/index.php\/2025\/02\/13\/buenas-noticias-para-el-zoologico-wameru-llega-inversion-privada\/","title":{"rendered":"Buenas noticias para el Zool\u00f3gico Wamer\u00fa llega inversi\u00f3n privada"},"content":{"rendered":"<p style=\"text-align: justify;\" data-sourcepos=\"11:1-11:241\">El gobernador del estado, Mauricio Kuri, anunci\u00f3 a trav\u00e9s de sus redes sociales un proyecto de rescate para el Zool\u00f3gico Wamer\u00fa, con el objetivo de mejorar las condiciones de los animales y las instalaciones.<\/p>\n<\/p>\n<p>&nbsp;<\/p>\n<p style=\"text-align: justify;\" data-sourcepos=\"13:1-13:286\">Esta iniciativa, que ser\u00e1 encabezada por el empresario Diego Niembro, contar\u00e1 con una inversi\u00f3n inicial de 80 millones de pesos provenientes del sector privado. Los recursos se destinar\u00e1n a fortalecer la plantilla laboral, mejorar los h\u00e1bitats de los animales y garantizar su bienestar.<\/p>\n<\/p>\n<p>&nbsp;<\/p>\n<p style=\"text-align: justify;\" data-sourcepos=\"15:1-15:184\"><strong>&#8220;Quer\u00e9taro es un estado que avanza con visi\u00f3n de futuro, pero tambi\u00e9n con un profundo respeto por sus ra\u00edces, su gente y todas las formas de vida que nos rodean&#8221;<\/strong>, afirm\u00f3 Kuri Gonz\u00e1lez.<\/p>\n<\/p>\n<p>&nbsp;<\/p>\n<p style=\"text-align: justify;\" data-sourcepos=\"17:1-17:179\">El gobernador destac\u00f3 que este proyecto es resultado de la suma de voluntades y demuestra el compromiso del gobierno estatal con la protecci\u00f3n de los animales y el medio ambiente.<\/p>\n<\/p>\n<p>&nbsp;<\/p>\n<p style=\"text-align: justify;\" data-sourcepos=\"19:1-19:163\">&#8220;Se intervendr\u00e1n los espacios y h\u00e1bitats para garantizar las condiciones adecuadas para las especies y mejorar la experiencia de quienes lo visitan&#8221;, asegur\u00f3 Kuri.<\/p>\n<\/p>\n<p>&nbsp;<\/p>\n<p style=\"text-align: justify;\" data-sourcepos=\"21:1-21:173\">Con esta inversi\u00f3n, el Zool\u00f3gico Wamer\u00fa se convertir\u00e1 en un espacio m\u00e1s seguro y digno para los animales, y en un referente en materia de conservaci\u00f3n y educaci\u00f3n ambiental.<\/p>\n<\/p>\n<p>&nbsp;<\/p>\n<p style=\"text-align: center;\" data-sourcepos=\"21:1-21:173\"><em><strong>\u00a1Informaci\u00f3n que transforma!<\/strong><\/em><\/p>\n","protected":false},"excerpt":{"rendered":"<p>El gobernador del estado, Mauricio Kuri, anunci\u00f3 a trav\u00e9s de sus redes sociales un proyecto de rescate para el Zool\u00f3gico Wamer\u00fa, con el objetivo de mejorar las condiciones de los animales y las instalaciones.<\/p>\n","protected":false},"author":3,"featured_media":11630,"comment_status":"open","ping_status":"open","sticky":false,"template":"","format":"standard","meta":{"footnotes":""},"categories":[65,58],"tags":[142,133,3405,3406],"class_list":["post-11629","post","type-post","status-publish","format-standard","has-post-thumbnail","hentry","category-municipios","category-ultima-hora","tag-inversion","tag-queretaro","tag-wameru","tag-zoologico"],"yoast_head":"<!-- This site is optimized with the Yoast SEO plugin v25.0 - https:\/\/yoast.com\/wordpress\/plugins\/seo\/ -->\n<title>Buenas noticias para el Zool\u00f3gico Wamer\u00fa llega inversi\u00f3n privada | Nexo Informativo Santiago de Quer\u00e9taro<\/title>\n<meta name=\"description\" content=\"Buenas noticias para el Zool\u00f3gico Wamer\u00fa llega inversi\u00f3n privada\" \/>\n<meta name=\"robots\" content=\"index, follow, max-snippet:-1, max-image-preview:large, max-video-preview:-1\" \/>\n<link rel=\"canonical\" href=\"https:\/\/www.nexoinformativo.mx\/index.php\/2025\/02\/13\/buenas-noticias-para-el-zoologico-wameru-llega-inversion-privada\/\" \/>\n<meta property=\"og:locale\" content=\"es_MX\" \/>\n<meta property=\"og:type\" content=\"article\" \/>\n<meta property=\"og:title\" content=\"Buenas noticias para el Zool\u00f3gico Wamer\u00fa llega inversi\u00f3n privada | Nexo Informativo Santiago de Quer\u00e9taro\" \/>\n<meta property=\"og:description\" content=\"Buenas noticias para el Zool\u00f3gico Wamer\u00fa llega inversi\u00f3n privada\" \/>\n<meta property=\"og:url\" content=\"https:\/\/www.nexoinformativo.mx\/index.php\/2025\/02\/13\/buenas-noticias-para-el-zoologico-wameru-llega-inversion-privada\/\" \/>\n<meta property=\"og:site_name\" content=\"Nexo Informativo Santiago de Quer\u00e9taro\" \/>\n<meta property=\"article:publisher\" content=\"https:\/\/www.facebook.com\/people\/Nexo-Informativo\/61564066885511\/\" \/>\n<meta property=\"article:published_time\" content=\"2025-02-13T22:00:51+00:00\" \/>\n<meta property=\"article:modified_time\" content=\"2025-02-13T23:23:33+00:00\" \/>\n<meta property=\"og:image\" content=\"https:\/\/www.nexoinformativo.mx\/wp-content\/uploads\/2025\/02\/PHOTO-2025-02-13-16-58-42.jpg\" \/>\n\t<meta property=\"og:image:width\" content=\"1600\" \/>\n\t<meta property=\"og:image:height\" content=\"1067\" \/>\n\t<meta property=\"og:image:type\" content=\"image\/jpeg\" \/>\n<meta name=\"author\" content=\"Nexo Informativo\" \/>\n<meta name=\"twitter:card\" content=\"summary_large_image\" \/>\n<meta name=\"twitter:label1\" content=\"Escrito por\" \/>\n\t<meta name=\"twitter:data1\" content=\"Nexo Informativo\" \/>\n\t<meta name=\"twitter:label2\" content=\"Tiempo de lectura\" \/>\n\t<meta name=\"twitter:data2\" content=\"2 minutos\" \/>\n<script type=\"application\/ld+json\" class=\"yoast-schema-graph\">{\"@context\":\"https:\/\/schema.org\",\"@graph\":[{\"@type\":\"Article\",\"@id\":\"https:\/\/www.nexoinformativo.mx\/index.php\/2025\/02\/13\/buenas-noticias-para-el-zoologico-wameru-llega-inversion-privada\/#article\",\"isPartOf\":{\"@id\":\"https:\/\/www.nexoinformativo.mx\/index.php\/2025\/02\/13\/buenas-noticias-para-el-zoologico-wameru-llega-inversion-privada\/\"},\"author\":{\"name\":\"Nexo Informativo\",\"@id\":\"https:\/\/www.nexoinformativo.mx\/#\/schema\/person\/7749d380ba08c8ca00d7bc76fd907b7d\"},\"headline\":\"Buenas noticias para el Zool\u00f3gico Wamer\u00fa llega inversi\u00f3n privada\",\"datePublished\":\"2025-02-13T22:00:51+00:00\",\"dateModified\":\"2025-02-13T23:23:33+00:00\",\"mainEntityOfPage\":{\"@id\":\"https:\/\/www.nexoinformativo.mx\/index.php\/2025\/02\/13\/buenas-noticias-para-el-zoologico-wameru-llega-inversion-privada\/\"},\"wordCount\":231,\"commentCount\":0,\"publisher\":{\"@id\":\"https:\/\/www.nexoinformativo.mx\/#organization\"},\"image\":{\"@id\":\"https:\/\/www.nexoinformativo.mx\/index.php\/2025\/02\/13\/buenas-noticias-para-el-zoologico-wameru-llega-inversion-privada\/#primaryimage\"},\"thumbnailUrl\":\"https:\/\/www.nexoinformativo.mx\/wp-content\/uploads\/2025\/02\/PHOTO-2025-02-13-16-58-42.jpg\",\"keywords\":[\"Inversi\u00f3n\",\"Quer\u00e9taro\",\"Wamer\u00fa\",\"Zool\u00f3gico\"],\"articleSection\":[\"Municipios\",\"\u00daltima Hora\"],\"inLanguage\":\"es\",\"potentialAction\":[{\"@type\":\"CommentAction\",\"name\":\"Comment\",\"target\":[\"https:\/\/www.nexoinformativo.mx\/index.php\/2025\/02\/13\/buenas-noticias-para-el-zoologico-wameru-llega-inversion-privada\/#respond\"]}]},{\"@type\":\"WebPage\",\"@id\":\"https:\/\/www.nexoinformativo.mx\/index.php\/2025\/02\/13\/buenas-noticias-para-el-zoologico-wameru-llega-inversion-privada\/\",\"url\":\"https:\/\/www.nexoinformativo.mx\/index.php\/2025\/02\/13\/buenas-noticias-para-el-zoologico-wameru-llega-inversion-privada\/\",\"name\":\"Buenas noticias para el Zool\u00f3gico Wamer\u00fa llega inversi\u00f3n privada | Nexo Informativo Santiago de Quer\u00e9taro\",\"isPartOf\":{\"@id\":\"https:\/\/www.nexoinformativo.mx\/#website\"},\"primaryImageOfPage\":{\"@id\":\"https:\/\/www.nexoinformativo.mx\/index.php\/2025\/02\/13\/buenas-noticias-para-el-zoologico-wameru-llega-inversion-privada\/#primaryimage\"},\"image\":{\"@id\":\"https:\/\/www.nexoinformativo.mx\/index.php\/2025\/02\/13\/buenas-noticias-para-el-zoologico-wameru-llega-inversion-privada\/#primaryimage\"},\"thumbnailUrl\":\"https:\/\/www.nexoinformativo.mx\/wp-content\/uploads\/2025\/02\/PHOTO-2025-02-13-16-58-42.jpg\",\"datePublished\":\"2025-02-13T22:00:51+00:00\",\"dateModified\":\"2025-02-13T23:23:33+00:00\",\"description\":\"Buenas noticias para el Zool\u00f3gico Wamer\u00fa llega inversi\u00f3n privada\",\"breadcrumb\":{\"@id\":\"https:\/\/www.nexoinformativo.mx\/index.php\/2025\/02\/13\/buenas-noticias-para-el-zoologico-wameru-llega-inversion-privada\/#breadcrumb\"},\"inLanguage\":\"es\",\"potentialAction\":[{\"@type\":\"ReadAction\",\"target\":[\"https:\/\/www.nexoinformativo.mx\/index.php\/2025\/02\/13\/buenas-noticias-para-el-zoologico-wameru-llega-inversion-privada\/\"]}]},{\"@type\":\"ImageObject\",\"inLanguage\":\"es\",\"@id\":\"https:\/\/www.nexoinformativo.mx\/index.php\/2025\/02\/13\/buenas-noticias-para-el-zoologico-wameru-llega-inversion-privada\/#primaryimage\",\"url\":\"https:\/\/www.nexoinformativo.mx\/wp-content\/uploads\/2025\/02\/PHOTO-2025-02-13-16-58-42.jpg\",\"contentUrl\":\"https:\/\/www.nexoinformativo.mx\/wp-content\/uploads\/2025\/02\/PHOTO-2025-02-13-16-58-42.jpg\",\"width\":1600,\"height\":1067},{\"@type\":\"BreadcrumbList\",\"@id\":\"https:\/\/www.nexoinformativo.mx\/index.php\/2025\/02\/13\/buenas-noticias-para-el-zoologico-wameru-llega-inversion-privada\/#breadcrumb\",\"itemListElement\":[{\"@type\":\"ListItem\",\"position\":1,\"name\":\"Inicio\",\"item\":\"https:\/\/www.nexoinformativo.mx\/\"},{\"@type\":\"ListItem\",\"position\":2,\"name\":\"Buenas noticias para el Zool\u00f3gico Wamer\u00fa llega inversi\u00f3n privada\"}]},{\"@type\":\"WebSite\",\"@id\":\"https:\/\/www.nexoinformativo.mx\/#website\",\"url\":\"https:\/\/www.nexoinformativo.mx\/\",\"name\":\"Nexo Informativo Santiago de Quer\u00e9taro\",\"description\":\"Explora NexoInformativo y convi\u00e9rtete en parte de una comunidad que valora el conocimiento y la verdad. Tu nexoinformativo es tu puente hacia una comprensi\u00f3n m\u00e1s profunda del mundo que te rodea.\",\"publisher\":{\"@id\":\"https:\/\/www.nexoinformativo.mx\/#organization\"},\"potentialAction\":[{\"@type\":\"SearchAction\",\"target\":{\"@type\":\"EntryPoint\",\"urlTemplate\":\"https:\/\/www.nexoinformativo.mx\/?s={search_term_string}\"},\"query-input\":{\"@type\":\"PropertyValueSpecification\",\"valueRequired\":true,\"valueName\":\"search_term_string\"}}],\"inLanguage\":\"es\"},{\"@type\":\"Organization\",\"@id\":\"https:\/\/www.nexoinformativo.mx\/#organization\",\"name\":\"Nexo Informativo Santiago de Quer\u00e9taro\",\"url\":\"https:\/\/www.nexoinformativo.mx\/\",\"logo\":{\"@type\":\"ImageObject\",\"inLanguage\":\"es\",\"@id\":\"https:\/\/www.nexoinformativo.mx\/#\/schema\/logo\/image\/\",\"url\":\"https:\/\/www.nexoinformativo.mx\/wp-content\/uploads\/2024\/07\/nexoi-trasparente-2.png\",\"contentUrl\":\"https:\/\/www.nexoinformativo.mx\/wp-content\/uploads\/2024\/07\/nexoi-trasparente-2.png\",\"width\":816,\"height\":339,\"caption\":\"Nexo Informativo Santiago de Quer\u00e9taro\"},\"image\":{\"@id\":\"https:\/\/www.nexoinformativo.mx\/#\/schema\/logo\/image\/\"},\"sameAs\":[\"https:\/\/www.facebook.com\/people\/Nexo-Informativo\/61564066885511\/\"]},{\"@type\":\"Person\",\"@id\":\"https:\/\/www.nexoinformativo.mx\/#\/schema\/person\/7749d380ba08c8ca00d7bc76fd907b7d\",\"name\":\"Nexo Informativo\",\"image\":{\"@type\":\"ImageObject\",\"inLanguage\":\"es\",\"@id\":\"https:\/\/www.nexoinformativo.mx\/#\/schema\/person\/image\/\",\"url\":\"https:\/\/secure.gravatar.com\/avatar\/dde2928154642a13d95f87ddf1ea9718fe2b46760a005c53e41ff5ad610704e6?s=96&d=mm&r=g\",\"contentUrl\":\"https:\/\/secure.gravatar.com\/avatar\/dde2928154642a13d95f87ddf1ea9718fe2b46760a005c53e41ff5ad610704e6?s=96&d=mm&r=g\",\"caption\":\"Nexo Informativo\"},\"url\":\"https:\/\/www.nexoinformativo.mx\/index.php\/author\/edicion\/\"}]}<\/script>\n<!-- \/ Yoast SEO plugin. -->","yoast_head_json":{"title":"Buenas noticias para el Zool\u00f3gico Wamer\u00fa llega inversi\u00f3n privada | Nexo Informativo Santiago de Quer\u00e9taro","description":"Buenas noticias para el Zool\u00f3gico Wamer\u00fa llega inversi\u00f3n privada","robots":{"index":"index","follow":"follow","max-snippet":"max-snippet:-1","max-image-preview":"max-image-preview:large","max-video-preview":"max-video-preview:-1"},"canonical":"https:\/\/www.nexoinformativo.mx\/index.php\/2025\/02\/13\/buenas-noticias-para-el-zoologico-wameru-llega-inversion-privada\/","og_locale":"es_MX","og_type":"article","og_title":"Buenas noticias para el Zool\u00f3gico Wamer\u00fa llega inversi\u00f3n privada | Nexo Informativo Santiago de Quer\u00e9taro","og_description":"Buenas noticias para el Zool\u00f3gico Wamer\u00fa llega inversi\u00f3n privada","og_url":"https:\/\/www.nexoinformativo.mx\/index.php\/2025\/02\/13\/buenas-noticias-para-el-zoologico-wameru-llega-inversion-privada\/","og_site_name":"Nexo Informativo Santiago de Quer\u00e9taro","article_publisher":"https:\/\/www.facebook.com\/people\/Nexo-Informativo\/61564066885511\/","article_published_time":"2025-02-13T22:00:51+00:00","article_modified_time":"2025-02-13T23:23:33+00:00","og_image":[{"width":1600,"height":1067,"url":"https:\/\/www.nexoinformativo.mx\/wp-content\/uploads\/2025\/02\/PHOTO-2025-02-13-16-58-42.jpg","type":"image\/jpeg"}],"author":"Nexo Informativo","twitter_card":"summary_large_image","twitter_misc":{"Escrito por":"Nexo Informativo","Tiempo de lectura":"2 minutos"},"schema":{"@context":"https:\/\/schema.org","@graph":[{"@type":"Article","@id":"https:\/\/www.nexoinformativo.mx\/index.php\/2025\/02\/13\/buenas-noticias-para-el-zoologico-wameru-llega-inversion-privada\/#article","isPartOf":{"@id":"https:\/\/www.nexoinformativo.mx\/index.php\/2025\/02\/13\/buenas-noticias-para-el-zoologico-wameru-llega-inversion-privada\/"},"author":{"name":"Nexo Informativo","@id":"https:\/\/www.nexoinformativo.mx\/#\/schema\/person\/7749d380ba08c8ca00d7bc76fd907b7d"},"headline":"Buenas noticias para el Zool\u00f3gico Wamer\u00fa llega inversi\u00f3n privada","datePublished":"2025-02-13T22:00:51+00:00","dateModified":"2025-02-13T23:23:33+00:00","mainEntityOfPage":{"@id":"https:\/\/www.nexoinformativo.mx\/index.php\/2025\/02\/13\/buenas-noticias-para-el-zoologico-wameru-llega-inversion-privada\/"},"wordCount":231,"commentCount":0,"publisher":{"@id":"https:\/\/www.nexoinformativo.mx\/#organization"},"image":{"@id":"https:\/\/www.nexoinformativo.mx\/index.php\/2025\/02\/13\/buenas-noticias-para-el-zoologico-wameru-llega-inversion-privada\/#primaryimage"},"thumbnailUrl":"https:\/\/www.nexoinformativo.mx\/wp-content\/uploads\/2025\/02\/PHOTO-2025-02-13-16-58-42.jpg","keywords":["Inversi\u00f3n","Quer\u00e9taro","Wamer\u00fa","Zool\u00f3gico"],"articleSection":["Municipios","\u00daltima Hora"],"inLanguage":"es","potentialAction":[{"@type":"CommentAction","name":"Comment","target":["https:\/\/www.nexoinformativo.mx\/index.php\/2025\/02\/13\/buenas-noticias-para-el-zoologico-wameru-llega-inversion-privada\/#respond"]}]},{"@type":"WebPage","@id":"https:\/\/www.nexoinformativo.mx\/index.php\/2025\/02\/13\/buenas-noticias-para-el-zoologico-wameru-llega-inversion-privada\/","url":"https:\/\/www.nexoinformativo.mx\/index.php\/2025\/02\/13\/buenas-noticias-para-el-zoologico-wameru-llega-inversion-privada\/","name":"Buenas noticias para el Zool\u00f3gico Wamer\u00fa llega inversi\u00f3n privada | Nexo Informativo Santiago de Quer\u00e9taro","isPartOf":{"@id":"https:\/\/www.nexoinformativo.mx\/#website"},"primaryImageOfPage":{"@id":"https:\/\/www.nexoinformativo.mx\/index.php\/2025\/02\/13\/buenas-noticias-para-el-zoologico-wameru-llega-inversion-privada\/#primaryimage"},"image":{"@id":"https:\/\/www.nexoinformativo.mx\/index.php\/2025\/02\/13\/buenas-noticias-para-el-zoologico-wameru-llega-inversion-privada\/#primaryimage"},"thumbnailUrl":"https:\/\/www.nexoinformativo.mx\/wp-content\/uploads\/2025\/02\/PHOTO-2025-02-13-16-58-42.jpg","datePublished":"2025-02-13T22:00:51+00:00","dateModified":"2025-02-13T23:23:33+00:00","description":"Buenas noticias para el Zool\u00f3gico Wamer\u00fa llega inversi\u00f3n privada","breadcrumb":{"@id":"https:\/\/www.nexoinformativo.mx\/index.php\/2025\/02\/13\/buenas-noticias-para-el-zoologico-wameru-llega-inversion-privada\/#breadcrumb"},"inLanguage":"es","potentialAction":[{"@type":"ReadAction","target":["https:\/\/www.nexoinformativo.mx\/index.php\/2025\/02\/13\/buenas-noticias-para-el-zoologico-wameru-llega-inversion-privada\/"]}]},{"@type":"ImageObject","inLanguage":"es","@id":"https:\/\/www.nexoinformativo.mx\/index.php\/2025\/02\/13\/buenas-noticias-para-el-zoologico-wameru-llega-inversion-privada\/#primaryimage","url":"https:\/\/www.nexoinformativo.mx\/wp-content\/uploads\/2025\/02\/PHOTO-2025-02-13-16-58-42.jpg","contentUrl":"https:\/\/www.nexoinformativo.mx\/wp-content\/uploads\/2025\/02\/PHOTO-2025-02-13-16-58-42.jpg","width":1600,"height":1067},{"@type":"BreadcrumbList","@id":"https:\/\/www.nexoinformativo.mx\/index.php\/2025\/02\/13\/buenas-noticias-para-el-zoologico-wameru-llega-inversion-privada\/#breadcrumb","itemListElement":[{"@type":"ListItem","position":1,"name":"Inicio","item":"https:\/\/www.nexoinformativo.mx\/"},{"@type":"ListItem","position":2,"name":"Buenas noticias para el Zool\u00f3gico Wamer\u00fa llega inversi\u00f3n privada"}]},{"@type":"WebSite","@id":"https:\/\/www.nexoinformativo.mx\/#website","url":"https:\/\/www.nexoinformativo.mx\/","name":"Nexo Informativo Santiago de Quer\u00e9taro","description":"Explora NexoInformativo y convi\u00e9rtete en parte de una comunidad que valora el conocimiento y la verdad. Tu nexoinformativo es tu puente hacia una comprensi\u00f3n m\u00e1s profunda del mundo que te rodea.","publisher":{"@id":"https:\/\/www.nexoinformativo.mx\/#organization"},"potentialAction":[{"@type":"SearchAction","target":{"@type":"EntryPoint","urlTemplate":"https:\/\/www.nexoinformativo.mx\/?s={search_term_string}"},"query-input":{"@type":"PropertyValueSpecification","valueRequired":true,"valueName":"search_term_string"}}],"inLanguage":"es"},{"@type":"Organization","@id":"https:\/\/www.nexoinformativo.mx\/#organization","name":"Nexo Informativo Santiago de Quer\u00e9taro","url":"https:\/\/www.nexoinformativo.mx\/","logo":{"@type":"ImageObject","inLanguage":"es","@id":"https:\/\/www.nexoinformativo.mx\/#\/schema\/logo\/image\/","url":"https:\/\/www.nexoinformativo.mx\/wp-content\/uploads\/2024\/07\/nexoi-trasparente-2.png","contentUrl":"https:\/\/www.nexoinformativo.mx\/wp-content\/uploads\/2024\/07\/nexoi-trasparente-2.png","width":816,"height":339,"caption":"Nexo Informativo Santiago de Quer\u00e9taro"},"image":{"@id":"https:\/\/www.nexoinformativo.mx\/#\/schema\/logo\/image\/"},"sameAs":["https:\/\/www.facebook.com\/people\/Nexo-Informativo\/61564066885511\/"]},{"@type":"Person","@id":"https:\/\/www.nexoinformativo.mx\/#\/schema\/person\/7749d380ba08c8ca00d7bc76fd907b7d","name":"Nexo Informativo","image":{"@type":"ImageObject","inLanguage":"es","@id":"https:\/\/www.nexoinformativo.mx\/#\/schema\/person\/image\/","url":"https:\/\/secure.gravatar.com\/avatar\/dde2928154642a13d95f87ddf1ea9718fe2b46760a005c53e41ff5ad610704e6?s=96&d=mm&r=g","contentUrl":"https:\/\/secure.gravatar.com\/avatar\/dde2928154642a13d95f87ddf1ea9718fe2b46760a005c53e41ff5ad610704e6?s=96&d=mm&r=g","caption":"Nexo Informativo"},"url":"https:\/\/www.nexoinformativo.mx\/index.php\/author\/edicion\/"}]}},"_links":{"self":[{"href":"https:\/\/www.nexoinformativo.mx\/index.php\/wp-json\/wp\/v2\/posts\/11629","targetHints":{"allow":["GET"]}}],"collection":[{"href":"https:\/\/www.nexoinformativo.mx\/index.php\/wp-json\/wp\/v2\/posts"}],"about":[{"href":"https:\/\/www.nexoinformativo.mx\/index.php\/wp-json\/wp\/v2\/types\/post"}],"author":[{"embeddable":true,"href":"https:\/\/www.nexoinformativo.mx\/index.php\/wp-json\/wp\/v2\/users\/3"}],"replies":[{"embeddable":true,"href":"https:\/\/www.nexoinformativo.mx\/index.php\/wp-json\/wp\/v2\/comments?post=11629"}],"version-history":[{"count":3,"href":"https:\/\/www.nexoinformativo.mx\/index.php\/wp-json\/wp\/v2\/posts\/11629\/revisions"}],"predecessor-version":[{"id":11633,"href":"https:\/\/www.nexoinformativo.mx\/index.php\/wp-json\/wp\/v2\/posts\/11629\/revisions\/11633"}],"wp:featuredmedia":[{"embeddable":true,"href":"https:\/\/www.nexoinformativo.mx\/index.php\/wp-json\/wp\/v2\/media\/11630"}],"wp:attachment":[{"href":"https:\/\/www.nexoinformativo.mx\/index.php\/wp-json\/wp\/v2\/media?parent=11629"}],"wp:term":[{"taxonomy":"category","embeddable":true,"href":"https:\/\/www.nexoinformativo.mx\/index.php\/wp-json\/wp\/v2\/categories?post=11629"},{"taxonomy":"post_tag","embeddable":true,"href":"https:\/\/www.nexoinformativo.mx\/index.php\/wp-json\/wp\/v2\/tags?post=11629"}],"curies":[{"name":"wp","href":"https:\/\/api.w.org\/{rel}","templated":true}]}}