{"id":11677,"date":"2025-02-16T14:00:01","date_gmt":"2025-02-16T20:00:01","guid":{"rendered":"https:\/\/www.nexoinformativo.mx\/?p=11677"},"modified":"2025-02-16T20:12:06","modified_gmt":"2025-02-17T02:12:06","slug":"sedesu-entrega-apoyos-para-fortalecer-negocios-y-el-medio-ambiente-en-el-semidesierto-en-toliman-y-penamiller","status":"publish","type":"post","link":"https:\/\/www.nexoinformativo.mx\/index.php\/2025\/02\/16\/sedesu-entrega-apoyos-para-fortalecer-negocios-y-el-medio-ambiente-en-el-semidesierto-en-toliman-y-penamiller\/","title":{"rendered":"SEDESU entrega apoyos para fortalecer negocios y el medio ambiente en el Semidesierto en Tolim\u00e1n y Pe\u00f1amiller"},"content":{"rendered":"<p style=\"text-align: justify;\" data-sourcepos=\"11:1-11:387\">El titular de la Secretar\u00eda de Desarrollo Sustentable (SEDESU), Marco Del Prete, encabez\u00f3 la entrega de dos camiones recolectores de residuos s\u00f3lidos, uno para Tolim\u00e1n y otro para el municipio de Pe\u00f1amiller.<\/p>\n<\/p>\n<p>&nbsp;<\/p>\n<p style=\"text-align: justify;\" data-sourcepos=\"11:1-11:387\">Con esta acci\u00f3n, el gobierno estatal busca fortalecer los servicios p\u00fablicos y promover el cuidado del medio ambiente en estas localidades.<\/p>\n<\/p>\n<p>&nbsp;<\/p>\n<p style=\"text-align: justify;\" data-sourcepos=\"13:1-13:301\">Adem\u00e1s de los camiones recolectores, se entregaron 14 certificados a negocios de Tolim\u00e1n beneficiados por el Subprograma de Fortalecimiento Regional (PROFORE). Estos apoyos permitir\u00e1n a los emprendedores mejorar la calidad de sus productos y servicios, contribuyendo as\u00ed al desarrollo econ\u00f3mico local.<\/p>\n<\/p>\n<p>&nbsp;<\/p>\n<p style=\"text-align: justify;\" data-sourcepos=\"15:1-15:222\"><strong>&#8220;Los queretanos generamos m\u00e1s de un kilo de basura al d\u00eda y queremos fortalecer el servicio de recolecci\u00f3n, adem\u00e1s de impulsar el cuidado del medio ambiente a trav\u00e9s de acciones ciudadanas<\/strong>&#8220;, se\u00f1al\u00f3 el secretario Del Prete.<\/p>\n<\/p>\n<p>&nbsp;<\/p>\n<p style=\"text-align: justify;\" data-sourcepos=\"17:1-17:251\">La presidenta municipal de Pe\u00f1amiller, Ana Karen Jim\u00e9nez Guill\u00e9n, destac\u00f3 la importancia de esta inversi\u00f3n para su municipio, ya que permitir\u00e1 ampliar la cobertura del servicio de recolecci\u00f3n de residuos y mejorar la calidad de vida de los habitantes.<\/p>\n<\/p>\n<p>&nbsp;<\/p>\n<p style=\"text-align: justify;\" data-sourcepos=\"19:1-19:242\">Por su parte, el regidor s\u00edndico de Tolim\u00e1n, Jos\u00e9 Gonzalo Mart\u00ednez Espinoza, agradeci\u00f3 el apoyo del gobierno estatal y asegur\u00f3 que el nuevo cami\u00f3n recolector ser\u00e1 de gran utilidad para brindar un mejor servicio a las comunidades m\u00e1s alejadas.<\/p>\n<\/p>\n<p>&nbsp;<\/p>\n<p style=\"text-align: center;\" data-sourcepos=\"19:1-19:242\"><em><strong>\u00a1Informaci\u00f3n que transforma!<\/strong><\/em><\/p>\n","protected":false},"excerpt":{"rendered":"<p>El titular de la Secretar\u00eda de Desarrollo Sustentable (SEDESU), Marco Del Prete, encabez\u00f3 la entrega de dos camiones recolectores de residuos s\u00f3lidos, uno para Tolim\u00e1n y otro para el municipio de Pe\u00f1amiller.<\/p>\n","protected":false},"author":3,"featured_media":11678,"comment_status":"open","ping_status":"open","sticky":false,"template":"","format":"standard","meta":{"footnotes":""},"categories":[65,58],"tags":[656,133,138,1841],"class_list":["post-11677","post","type-post","status-publish","format-standard","has-post-thumbnail","hentry","category-municipios","category-ultima-hora","tag-medioambiente","tag-queretaro","tag-reciclaje","tag-sustentabilidad"],"yoast_head":"<!-- This site is optimized with the Yoast SEO plugin v25.0 - https:\/\/yoast.com\/wordpress\/plugins\/seo\/ -->\n<title>SEDESU entrega apoyos para fortalecer negocios y el medio ambiente en el Semidesierto en Tolim\u00e1n y Pe\u00f1amiller | Nexo Informativo Santiago de Quer\u00e9taro<\/title>\n<meta name=\"description\" content=\"SEDESU entrega apoyos para fortalecer negocios y el medio ambiente en el Semidesierto en Tolim\u00e1n y Pe\u00f1amiller\" \/>\n<meta name=\"robots\" content=\"index, follow, max-snippet:-1, max-image-preview:large, max-video-preview:-1\" \/>\n<link rel=\"canonical\" href=\"https:\/\/www.nexoinformativo.mx\/index.php\/2025\/02\/16\/sedesu-entrega-apoyos-para-fortalecer-negocios-y-el-medio-ambiente-en-el-semidesierto-en-toliman-y-penamiller\/\" \/>\n<meta property=\"og:locale\" content=\"es_MX\" \/>\n<meta property=\"og:type\" content=\"article\" \/>\n<meta property=\"og:title\" content=\"SEDESU entrega apoyos para fortalecer negocios y el medio ambiente en el Semidesierto en Tolim\u00e1n y Pe\u00f1amiller | Nexo Informativo Santiago de Quer\u00e9taro\" \/>\n<meta property=\"og:description\" content=\"SEDESU entrega apoyos para fortalecer negocios y el medio ambiente en el Semidesierto en Tolim\u00e1n y Pe\u00f1amiller\" \/>\n<meta property=\"og:url\" content=\"https:\/\/www.nexoinformativo.mx\/index.php\/2025\/02\/16\/sedesu-entrega-apoyos-para-fortalecer-negocios-y-el-medio-ambiente-en-el-semidesierto-en-toliman-y-penamiller\/\" \/>\n<meta property=\"og:site_name\" content=\"Nexo Informativo Santiago de Quer\u00e9taro\" \/>\n<meta property=\"article:publisher\" content=\"https:\/\/www.facebook.com\/people\/Nexo-Informativo\/61564066885511\/\" \/>\n<meta property=\"article:published_time\" content=\"2025-02-16T20:00:01+00:00\" \/>\n<meta property=\"article:modified_time\" content=\"2025-02-17T02:12:06+00:00\" \/>\n<meta property=\"og:image\" content=\"https:\/\/www.nexoinformativo.mx\/wp-content\/uploads\/2025\/02\/PHOTO-2025-02-16-19-11-04-e1739758274818.jpg\" \/>\n\t<meta property=\"og:image:width\" content=\"800\" \/>\n\t<meta property=\"og:image:height\" content=\"450\" \/>\n\t<meta property=\"og:image:type\" content=\"image\/jpeg\" \/>\n<meta name=\"author\" content=\"Nexo Informativo\" \/>\n<meta name=\"twitter:card\" content=\"summary_large_image\" \/>\n<meta name=\"twitter:label1\" content=\"Escrito por\" \/>\n\t<meta name=\"twitter:data1\" content=\"Nexo Informativo\" \/>\n\t<meta name=\"twitter:label2\" content=\"Tiempo de lectura\" \/>\n\t<meta name=\"twitter:data2\" content=\"2 minutos\" \/>\n<script type=\"application\/ld+json\" class=\"yoast-schema-graph\">{\"@context\":\"https:\/\/schema.org\",\"@graph\":[{\"@type\":\"Article\",\"@id\":\"https:\/\/www.nexoinformativo.mx\/index.php\/2025\/02\/16\/sedesu-entrega-apoyos-para-fortalecer-negocios-y-el-medio-ambiente-en-el-semidesierto-en-toliman-y-penamiller\/#article\",\"isPartOf\":{\"@id\":\"https:\/\/www.nexoinformativo.mx\/index.php\/2025\/02\/16\/sedesu-entrega-apoyos-para-fortalecer-negocios-y-el-medio-ambiente-en-el-semidesierto-en-toliman-y-penamiller\/\"},\"author\":{\"name\":\"Nexo Informativo\",\"@id\":\"https:\/\/www.nexoinformativo.mx\/#\/schema\/person\/7749d380ba08c8ca00d7bc76fd907b7d\"},\"headline\":\"SEDESU entrega apoyos para fortalecer negocios y el medio ambiente en el Semidesierto en Tolim\u00e1n y Pe\u00f1amiller\",\"datePublished\":\"2025-02-16T20:00:01+00:00\",\"dateModified\":\"2025-02-17T02:12:06+00:00\",\"mainEntityOfPage\":{\"@id\":\"https:\/\/www.nexoinformativo.mx\/index.php\/2025\/02\/16\/sedesu-entrega-apoyos-para-fortalecer-negocios-y-el-medio-ambiente-en-el-semidesierto-en-toliman-y-penamiller\/\"},\"wordCount\":262,\"commentCount\":0,\"publisher\":{\"@id\":\"https:\/\/www.nexoinformativo.mx\/#organization\"},\"image\":{\"@id\":\"https:\/\/www.nexoinformativo.mx\/index.php\/2025\/02\/16\/sedesu-entrega-apoyos-para-fortalecer-negocios-y-el-medio-ambiente-en-el-semidesierto-en-toliman-y-penamiller\/#primaryimage\"},\"thumbnailUrl\":\"https:\/\/www.nexoinformativo.mx\/wp-content\/uploads\/2025\/02\/PHOTO-2025-02-16-19-11-04-e1739758274818.jpg\",\"keywords\":[\"MedioAmbiente\",\"Quer\u00e9taro\",\"reciclaje\",\"Sustentabilidad\"],\"articleSection\":[\"Municipios\",\"\u00daltima Hora\"],\"inLanguage\":\"es\",\"potentialAction\":[{\"@type\":\"CommentAction\",\"name\":\"Comment\",\"target\":[\"https:\/\/www.nexoinformativo.mx\/index.php\/2025\/02\/16\/sedesu-entrega-apoyos-para-fortalecer-negocios-y-el-medio-ambiente-en-el-semidesierto-en-toliman-y-penamiller\/#respond\"]}]},{\"@type\":\"WebPage\",\"@id\":\"https:\/\/www.nexoinformativo.mx\/index.php\/2025\/02\/16\/sedesu-entrega-apoyos-para-fortalecer-negocios-y-el-medio-ambiente-en-el-semidesierto-en-toliman-y-penamiller\/\",\"url\":\"https:\/\/www.nexoinformativo.mx\/index.php\/2025\/02\/16\/sedesu-entrega-apoyos-para-fortalecer-negocios-y-el-medio-ambiente-en-el-semidesierto-en-toliman-y-penamiller\/\",\"name\":\"SEDESU entrega apoyos para fortalecer negocios y el medio ambiente en el Semidesierto en Tolim\u00e1n y Pe\u00f1amiller | Nexo Informativo Santiago de Quer\u00e9taro\",\"isPartOf\":{\"@id\":\"https:\/\/www.nexoinformativo.mx\/#website\"},\"primaryImageOfPage\":{\"@id\":\"https:\/\/www.nexoinformativo.mx\/index.php\/2025\/02\/16\/sedesu-entrega-apoyos-para-fortalecer-negocios-y-el-medio-ambiente-en-el-semidesierto-en-toliman-y-penamiller\/#primaryimage\"},\"image\":{\"@id\":\"https:\/\/www.nexoinformativo.mx\/index.php\/2025\/02\/16\/sedesu-entrega-apoyos-para-fortalecer-negocios-y-el-medio-ambiente-en-el-semidesierto-en-toliman-y-penamiller\/#primaryimage\"},\"thumbnailUrl\":\"https:\/\/www.nexoinformativo.mx\/wp-content\/uploads\/2025\/02\/PHOTO-2025-02-16-19-11-04-e1739758274818.jpg\",\"datePublished\":\"2025-02-16T20:00:01+00:00\",\"dateModified\":\"2025-02-17T02:12:06+00:00\",\"description\":\"SEDESU entrega apoyos para fortalecer negocios y el medio ambiente en el Semidesierto en Tolim\u00e1n y Pe\u00f1amiller\",\"breadcrumb\":{\"@id\":\"https:\/\/www.nexoinformativo.mx\/index.php\/2025\/02\/16\/sedesu-entrega-apoyos-para-fortalecer-negocios-y-el-medio-ambiente-en-el-semidesierto-en-toliman-y-penamiller\/#breadcrumb\"},\"inLanguage\":\"es\",\"potentialAction\":[{\"@type\":\"ReadAction\",\"target\":[\"https:\/\/www.nexoinformativo.mx\/index.php\/2025\/02\/16\/sedesu-entrega-apoyos-para-fortalecer-negocios-y-el-medio-ambiente-en-el-semidesierto-en-toliman-y-penamiller\/\"]}]},{\"@type\":\"ImageObject\",\"inLanguage\":\"es\",\"@id\":\"https:\/\/www.nexoinformativo.mx\/index.php\/2025\/02\/16\/sedesu-entrega-apoyos-para-fortalecer-negocios-y-el-medio-ambiente-en-el-semidesierto-en-toliman-y-penamiller\/#primaryimage\",\"url\":\"https:\/\/www.nexoinformativo.mx\/wp-content\/uploads\/2025\/02\/PHOTO-2025-02-16-19-11-04-e1739758274818.jpg\",\"contentUrl\":\"https:\/\/www.nexoinformativo.mx\/wp-content\/uploads\/2025\/02\/PHOTO-2025-02-16-19-11-04-e1739758274818.jpg\",\"width\":800,\"height\":450},{\"@type\":\"BreadcrumbList\",\"@id\":\"https:\/\/www.nexoinformativo.mx\/index.php\/2025\/02\/16\/sedesu-entrega-apoyos-para-fortalecer-negocios-y-el-medio-ambiente-en-el-semidesierto-en-toliman-y-penamiller\/#breadcrumb\",\"itemListElement\":[{\"@type\":\"ListItem\",\"position\":1,\"name\":\"Inicio\",\"item\":\"https:\/\/www.nexoinformativo.mx\/\"},{\"@type\":\"ListItem\",\"position\":2,\"name\":\"SEDESU entrega apoyos para fortalecer negocios y el medio ambiente en el Semidesierto en Tolim\u00e1n y Pe\u00f1amiller\"}]},{\"@type\":\"WebSite\",\"@id\":\"https:\/\/www.nexoinformativo.mx\/#website\",\"url\":\"https:\/\/www.nexoinformativo.mx\/\",\"name\":\"Nexo Informativo Santiago de Quer\u00e9taro\",\"description\":\"Explora NexoInformativo y convi\u00e9rtete en parte de una comunidad que valora el conocimiento y la verdad. Tu nexoinformativo es tu puente hacia una comprensi\u00f3n m\u00e1s profunda del mundo que te rodea.\",\"publisher\":{\"@id\":\"https:\/\/www.nexoinformativo.mx\/#organization\"},\"potentialAction\":[{\"@type\":\"SearchAction\",\"target\":{\"@type\":\"EntryPoint\",\"urlTemplate\":\"https:\/\/www.nexoinformativo.mx\/?s={search_term_string}\"},\"query-input\":{\"@type\":\"PropertyValueSpecification\",\"valueRequired\":true,\"valueName\":\"search_term_string\"}}],\"inLanguage\":\"es\"},{\"@type\":\"Organization\",\"@id\":\"https:\/\/www.nexoinformativo.mx\/#organization\",\"name\":\"Nexo Informativo Santiago de Quer\u00e9taro\",\"url\":\"https:\/\/www.nexoinformativo.mx\/\",\"logo\":{\"@type\":\"ImageObject\",\"inLanguage\":\"es\",\"@id\":\"https:\/\/www.nexoinformativo.mx\/#\/schema\/logo\/image\/\",\"url\":\"https:\/\/www.nexoinformativo.mx\/wp-content\/uploads\/2024\/07\/nexoi-trasparente-2.png\",\"contentUrl\":\"https:\/\/www.nexoinformativo.mx\/wp-content\/uploads\/2024\/07\/nexoi-trasparente-2.png\",\"width\":816,\"height\":339,\"caption\":\"Nexo Informativo Santiago de Quer\u00e9taro\"},\"image\":{\"@id\":\"https:\/\/www.nexoinformativo.mx\/#\/schema\/logo\/image\/\"},\"sameAs\":[\"https:\/\/www.facebook.com\/people\/Nexo-Informativo\/61564066885511\/\"]},{\"@type\":\"Person\",\"@id\":\"https:\/\/www.nexoinformativo.mx\/#\/schema\/person\/7749d380ba08c8ca00d7bc76fd907b7d\",\"name\":\"Nexo Informativo\",\"image\":{\"@type\":\"ImageObject\",\"inLanguage\":\"es\",\"@id\":\"https:\/\/www.nexoinformativo.mx\/#\/schema\/person\/image\/\",\"url\":\"https:\/\/secure.gravatar.com\/avatar\/dde2928154642a13d95f87ddf1ea9718fe2b46760a005c53e41ff5ad610704e6?s=96&d=mm&r=g\",\"contentUrl\":\"https:\/\/secure.gravatar.com\/avatar\/dde2928154642a13d95f87ddf1ea9718fe2b46760a005c53e41ff5ad610704e6?s=96&d=mm&r=g\",\"caption\":\"Nexo Informativo\"},\"url\":\"https:\/\/www.nexoinformativo.mx\/index.php\/author\/edicion\/\"}]}<\/script>\n<!-- \/ Yoast SEO plugin. -->","yoast_head_json":{"title":"SEDESU entrega apoyos para fortalecer negocios y el medio ambiente en el Semidesierto en Tolim\u00e1n y Pe\u00f1amiller | Nexo Informativo Santiago de Quer\u00e9taro","description":"SEDESU entrega apoyos para fortalecer negocios y el medio ambiente en el Semidesierto en Tolim\u00e1n y Pe\u00f1amiller","robots":{"index":"index","follow":"follow","max-snippet":"max-snippet:-1","max-image-preview":"max-image-preview:large","max-video-preview":"max-video-preview:-1"},"canonical":"https:\/\/www.nexoinformativo.mx\/index.php\/2025\/02\/16\/sedesu-entrega-apoyos-para-fortalecer-negocios-y-el-medio-ambiente-en-el-semidesierto-en-toliman-y-penamiller\/","og_locale":"es_MX","og_type":"article","og_title":"SEDESU entrega apoyos para fortalecer negocios y el medio ambiente en el Semidesierto en Tolim\u00e1n y Pe\u00f1amiller | Nexo Informativo Santiago de Quer\u00e9taro","og_description":"SEDESU entrega apoyos para fortalecer negocios y el medio ambiente en el Semidesierto en Tolim\u00e1n y Pe\u00f1amiller","og_url":"https:\/\/www.nexoinformativo.mx\/index.php\/2025\/02\/16\/sedesu-entrega-apoyos-para-fortalecer-negocios-y-el-medio-ambiente-en-el-semidesierto-en-toliman-y-penamiller\/","og_site_name":"Nexo Informativo Santiago de Quer\u00e9taro","article_publisher":"https:\/\/www.facebook.com\/people\/Nexo-Informativo\/61564066885511\/","article_published_time":"2025-02-16T20:00:01+00:00","article_modified_time":"2025-02-17T02:12:06+00:00","og_image":[{"width":800,"height":450,"url":"https:\/\/www.nexoinformativo.mx\/wp-content\/uploads\/2025\/02\/PHOTO-2025-02-16-19-11-04-e1739758274818.jpg","type":"image\/jpeg"}],"author":"Nexo Informativo","twitter_card":"summary_large_image","twitter_misc":{"Escrito por":"Nexo Informativo","Tiempo de lectura":"2 minutos"},"schema":{"@context":"https:\/\/schema.org","@graph":[{"@type":"Article","@id":"https:\/\/www.nexoinformativo.mx\/index.php\/2025\/02\/16\/sedesu-entrega-apoyos-para-fortalecer-negocios-y-el-medio-ambiente-en-el-semidesierto-en-toliman-y-penamiller\/#article","isPartOf":{"@id":"https:\/\/www.nexoinformativo.mx\/index.php\/2025\/02\/16\/sedesu-entrega-apoyos-para-fortalecer-negocios-y-el-medio-ambiente-en-el-semidesierto-en-toliman-y-penamiller\/"},"author":{"name":"Nexo Informativo","@id":"https:\/\/www.nexoinformativo.mx\/#\/schema\/person\/7749d380ba08c8ca00d7bc76fd907b7d"},"headline":"SEDESU entrega apoyos para fortalecer negocios y el medio ambiente en el Semidesierto en Tolim\u00e1n y Pe\u00f1amiller","datePublished":"2025-02-16T20:00:01+00:00","dateModified":"2025-02-17T02:12:06+00:00","mainEntityOfPage":{"@id":"https:\/\/www.nexoinformativo.mx\/index.php\/2025\/02\/16\/sedesu-entrega-apoyos-para-fortalecer-negocios-y-el-medio-ambiente-en-el-semidesierto-en-toliman-y-penamiller\/"},"wordCount":262,"commentCount":0,"publisher":{"@id":"https:\/\/www.nexoinformativo.mx\/#organization"},"image":{"@id":"https:\/\/www.nexoinformativo.mx\/index.php\/2025\/02\/16\/sedesu-entrega-apoyos-para-fortalecer-negocios-y-el-medio-ambiente-en-el-semidesierto-en-toliman-y-penamiller\/#primaryimage"},"thumbnailUrl":"https:\/\/www.nexoinformativo.mx\/wp-content\/uploads\/2025\/02\/PHOTO-2025-02-16-19-11-04-e1739758274818.jpg","keywords":["MedioAmbiente","Quer\u00e9taro","reciclaje","Sustentabilidad"],"articleSection":["Municipios","\u00daltima Hora"],"inLanguage":"es","potentialAction":[{"@type":"CommentAction","name":"Comment","target":["https:\/\/www.nexoinformativo.mx\/index.php\/2025\/02\/16\/sedesu-entrega-apoyos-para-fortalecer-negocios-y-el-medio-ambiente-en-el-semidesierto-en-toliman-y-penamiller\/#respond"]}]},{"@type":"WebPage","@id":"https:\/\/www.nexoinformativo.mx\/index.php\/2025\/02\/16\/sedesu-entrega-apoyos-para-fortalecer-negocios-y-el-medio-ambiente-en-el-semidesierto-en-toliman-y-penamiller\/","url":"https:\/\/www.nexoinformativo.mx\/index.php\/2025\/02\/16\/sedesu-entrega-apoyos-para-fortalecer-negocios-y-el-medio-ambiente-en-el-semidesierto-en-toliman-y-penamiller\/","name":"SEDESU entrega apoyos para fortalecer negocios y el medio ambiente en el Semidesierto en Tolim\u00e1n y Pe\u00f1amiller | Nexo Informativo Santiago de Quer\u00e9taro","isPartOf":{"@id":"https:\/\/www.nexoinformativo.mx\/#website"},"primaryImageOfPage":{"@id":"https:\/\/www.nexoinformativo.mx\/index.php\/2025\/02\/16\/sedesu-entrega-apoyos-para-fortalecer-negocios-y-el-medio-ambiente-en-el-semidesierto-en-toliman-y-penamiller\/#primaryimage"},"image":{"@id":"https:\/\/www.nexoinformativo.mx\/index.php\/2025\/02\/16\/sedesu-entrega-apoyos-para-fortalecer-negocios-y-el-medio-ambiente-en-el-semidesierto-en-toliman-y-penamiller\/#primaryimage"},"thumbnailUrl":"https:\/\/www.nexoinformativo.mx\/wp-content\/uploads\/2025\/02\/PHOTO-2025-02-16-19-11-04-e1739758274818.jpg","datePublished":"2025-02-16T20:00:01+00:00","dateModified":"2025-02-17T02:12:06+00:00","description":"SEDESU entrega apoyos para fortalecer negocios y el medio ambiente en el Semidesierto en Tolim\u00e1n y Pe\u00f1amiller","breadcrumb":{"@id":"https:\/\/www.nexoinformativo.mx\/index.php\/2025\/02\/16\/sedesu-entrega-apoyos-para-fortalecer-negocios-y-el-medio-ambiente-en-el-semidesierto-en-toliman-y-penamiller\/#breadcrumb"},"inLanguage":"es","potentialAction":[{"@type":"ReadAction","target":["https:\/\/www.nexoinformativo.mx\/index.php\/2025\/02\/16\/sedesu-entrega-apoyos-para-fortalecer-negocios-y-el-medio-ambiente-en-el-semidesierto-en-toliman-y-penamiller\/"]}]},{"@type":"ImageObject","inLanguage":"es","@id":"https:\/\/www.nexoinformativo.mx\/index.php\/2025\/02\/16\/sedesu-entrega-apoyos-para-fortalecer-negocios-y-el-medio-ambiente-en-el-semidesierto-en-toliman-y-penamiller\/#primaryimage","url":"https:\/\/www.nexoinformativo.mx\/wp-content\/uploads\/2025\/02\/PHOTO-2025-02-16-19-11-04-e1739758274818.jpg","contentUrl":"https:\/\/www.nexoinformativo.mx\/wp-content\/uploads\/2025\/02\/PHOTO-2025-02-16-19-11-04-e1739758274818.jpg","width":800,"height":450},{"@type":"BreadcrumbList","@id":"https:\/\/www.nexoinformativo.mx\/index.php\/2025\/02\/16\/sedesu-entrega-apoyos-para-fortalecer-negocios-y-el-medio-ambiente-en-el-semidesierto-en-toliman-y-penamiller\/#breadcrumb","itemListElement":[{"@type":"ListItem","position":1,"name":"Inicio","item":"https:\/\/www.nexoinformativo.mx\/"},{"@type":"ListItem","position":2,"name":"SEDESU entrega apoyos para fortalecer negocios y el medio ambiente en el Semidesierto en Tolim\u00e1n y Pe\u00f1amiller"}]},{"@type":"WebSite","@id":"https:\/\/www.nexoinformativo.mx\/#website","url":"https:\/\/www.nexoinformativo.mx\/","name":"Nexo Informativo Santiago de Quer\u00e9taro","description":"Explora NexoInformativo y convi\u00e9rtete en parte de una comunidad que valora el conocimiento y la verdad. Tu nexoinformativo es tu puente hacia una comprensi\u00f3n m\u00e1s profunda del mundo que te rodea.","publisher":{"@id":"https:\/\/www.nexoinformativo.mx\/#organization"},"potentialAction":[{"@type":"SearchAction","target":{"@type":"EntryPoint","urlTemplate":"https:\/\/www.nexoinformativo.mx\/?s={search_term_string}"},"query-input":{"@type":"PropertyValueSpecification","valueRequired":true,"valueName":"search_term_string"}}],"inLanguage":"es"},{"@type":"Organization","@id":"https:\/\/www.nexoinformativo.mx\/#organization","name":"Nexo Informativo Santiago de Quer\u00e9taro","url":"https:\/\/www.nexoinformativo.mx\/","logo":{"@type":"ImageObject","inLanguage":"es","@id":"https:\/\/www.nexoinformativo.mx\/#\/schema\/logo\/image\/","url":"https:\/\/www.nexoinformativo.mx\/wp-content\/uploads\/2024\/07\/nexoi-trasparente-2.png","contentUrl":"https:\/\/www.nexoinformativo.mx\/wp-content\/uploads\/2024\/07\/nexoi-trasparente-2.png","width":816,"height":339,"caption":"Nexo Informativo Santiago de Quer\u00e9taro"},"image":{"@id":"https:\/\/www.nexoinformativo.mx\/#\/schema\/logo\/image\/"},"sameAs":["https:\/\/www.facebook.com\/people\/Nexo-Informativo\/61564066885511\/"]},{"@type":"Person","@id":"https:\/\/www.nexoinformativo.mx\/#\/schema\/person\/7749d380ba08c8ca00d7bc76fd907b7d","name":"Nexo Informativo","image":{"@type":"ImageObject","inLanguage":"es","@id":"https:\/\/www.nexoinformativo.mx\/#\/schema\/person\/image\/","url":"https:\/\/secure.gravatar.com\/avatar\/dde2928154642a13d95f87ddf1ea9718fe2b46760a005c53e41ff5ad610704e6?s=96&d=mm&r=g","contentUrl":"https:\/\/secure.gravatar.com\/avatar\/dde2928154642a13d95f87ddf1ea9718fe2b46760a005c53e41ff5ad610704e6?s=96&d=mm&r=g","caption":"Nexo Informativo"},"url":"https:\/\/www.nexoinformativo.mx\/index.php\/author\/edicion\/"}]}},"_links":{"self":[{"href":"https:\/\/www.nexoinformativo.mx\/index.php\/wp-json\/wp\/v2\/posts\/11677","targetHints":{"allow":["GET"]}}],"collection":[{"href":"https:\/\/www.nexoinformativo.mx\/index.php\/wp-json\/wp\/v2\/posts"}],"about":[{"href":"https:\/\/www.nexoinformativo.mx\/index.php\/wp-json\/wp\/v2\/types\/post"}],"author":[{"embeddable":true,"href":"https:\/\/www.nexoinformativo.mx\/index.php\/wp-json\/wp\/v2\/users\/3"}],"replies":[{"embeddable":true,"href":"https:\/\/www.nexoinformativo.mx\/index.php\/wp-json\/wp\/v2\/comments?post=11677"}],"version-history":[{"count":3,"href":"https:\/\/www.nexoinformativo.mx\/index.php\/wp-json\/wp\/v2\/posts\/11677\/revisions"}],"predecessor-version":[{"id":11681,"href":"https:\/\/www.nexoinformativo.mx\/index.php\/wp-json\/wp\/v2\/posts\/11677\/revisions\/11681"}],"wp:featuredmedia":[{"embeddable":true,"href":"https:\/\/www.nexoinformativo.mx\/index.php\/wp-json\/wp\/v2\/media\/11678"}],"wp:attachment":[{"href":"https:\/\/www.nexoinformativo.mx\/index.php\/wp-json\/wp\/v2\/media?parent=11677"}],"wp:term":[{"taxonomy":"category","embeddable":true,"href":"https:\/\/www.nexoinformativo.mx\/index.php\/wp-json\/wp\/v2\/categories?post=11677"},{"taxonomy":"post_tag","embeddable":true,"href":"https:\/\/www.nexoinformativo.mx\/index.php\/wp-json\/wp\/v2\/tags?post=11677"}],"curies":[{"name":"wp","href":"https:\/\/api.w.org\/{rel}","templated":true}]}}