{"id":11689,"date":"2025-02-16T19:00:13","date_gmt":"2025-02-17T01:00:13","guid":{"rendered":"https:\/\/www.nexoinformativo.mx\/?p=11689"},"modified":"2025-02-17T08:53:51","modified_gmt":"2025-02-17T14:53:51","slug":"kuri-anuncia-medidas-para-proteger-a-ninas-ninos-y-adolescentes-del-entorno-digital","status":"publish","type":"post","link":"https:\/\/www.nexoinformativo.mx\/index.php\/2025\/02\/16\/kuri-anuncia-medidas-para-proteger-a-ninas-ninos-y-adolescentes-del-entorno-digital\/","title":{"rendered":"Kuri anuncia medidas para proteger a ni\u00f1as, ni\u00f1os y adolescentes del entorno digital"},"content":{"rendered":"<p style=\"text-align: justify;\">El gobernador de Quer\u00e9taro, Mauricio Kuri, anunci\u00f3 esta tarde \u00a0un paquete de medidas destinadas a proteger a ni\u00f1as, ni\u00f1os y adolescentes de los riesgos del entorno digital.<\/p>\n<p>&nbsp;<\/p>\n<p style=\"text-align: justify;\">Las medidas incluyen la <strong>regulaci\u00f3n del acceso a redes sociales, la prohibici\u00f3n del uso de celulares inteligentes en el sistema educativo estatal, el incremento de penas por delitos digitales y la creaci\u00f3n de Zonas J\u00f3venes.<\/strong><\/p>\n<p>&nbsp;<\/p>\n<p style=\"text-align: justify;\">Kuri enviar\u00e1 al Congreso local y federal una iniciativa para prohibir a las empresas de redes sociales otorgar acceso a menores de 14 a\u00f1os y requerir autorizaci\u00f3n parental para usuarios de 15 a 17 a\u00f1os.<\/p>\n<p>&nbsp;<\/p>\n<p style=\"text-align: justify;\">Tambi\u00e9n se propondr\u00e1 restringir el uso de celulares inteligentes en las instituciones educativas de Quer\u00e9taro para fomentar una educaci\u00f3n integral libre de distracciones.<\/p>\n<p>&nbsp;<\/p>\n<p style=\"text-align: justify;\">El gobernador destac\u00f3 la importancia de crear Zonas J\u00f3venes, espacios de convivencia, deporte y cultura, para promover la interacci\u00f3n saludable y el desarrollo personal de los j\u00f3venes. Adem\u00e1s, se incrementar\u00e1n las penas para pederastas y acosadores digitales.<\/p>\n<p>&nbsp;<\/p>\n<p style=\"text-align: justify;\">Hizo un llamado a las familias queretanas para unirse en esta lucha y garantizar que las ni\u00f1as, ni\u00f1os y adolescentes crezcan en un entorno saludable y seguro. Subray\u00f3 que el bienestar de los j\u00f3venes es el bienestar de la sociedad.<\/p>\n<p>&nbsp;<\/p>\n<p style=\"text-align: justify;\">Reconoci\u00f3 que el uso masivo de redes sociales y dispositivos digitales ha tra\u00eddo riesgos para el desarrollo de las nuevas generaciones, destacando un aumento en los casos de ansiedad, depresi\u00f3n e insomnio.<\/p>\n<p>&nbsp;<\/p>\n<p style=\"text-align: justify;\">Afirm\u00f3 que es fundamental abordar estos problemas para asegurar un crecimiento saludable para la juventud queretana.<\/p>\n<p>&nbsp;<\/p>\n<p style=\"text-align: center;\"><em><strong>\u00a1Informaci\u00f3n que transforma!<\/strong><\/em><\/p>\n","protected":false},"excerpt":{"rendered":"<p>El gobernador de Quer\u00e9taro, Mauricio Kuri, anunci\u00f3 esta tarde \u00a0un paquete de medidas destinadas a proteger a ni\u00f1as, ni\u00f1os y adolescentes de los riesgos del entorno digital.<\/p>\n","protected":false},"author":3,"featured_media":11697,"comment_status":"open","ping_status":"open","sticky":false,"template":"","format":"standard","meta":{"footnotes":""},"categories":[42,58],"tags":[3423,3424,661,1716],"class_list":["post-11689","post","type-post","status-publish","format-standard","has-post-thumbnail","hentry","category-estado","category-ultima-hora","tag-entornodigital","tag-juventudsaludable","tag-mauriciokuri","tag-proteccioninfantil"],"yoast_head":"<!-- This site is optimized with the Yoast SEO plugin v25.0 - https:\/\/yoast.com\/wordpress\/plugins\/seo\/ -->\n<title>Kuri anuncia medidas para proteger a ni\u00f1as, ni\u00f1os y adolescentes del entorno digital | Nexo Informativo Santiago de Quer\u00e9taro<\/title>\n<meta name=\"description\" content=\"Kuri anuncia medidas para proteger a ni\u00f1as, ni\u00f1os y adolescentes del entorno digital\" \/>\n<meta name=\"robots\" content=\"index, follow, max-snippet:-1, max-image-preview:large, max-video-preview:-1\" \/>\n<link rel=\"canonical\" href=\"https:\/\/www.nexoinformativo.mx\/index.php\/2025\/02\/16\/kuri-anuncia-medidas-para-proteger-a-ninas-ninos-y-adolescentes-del-entorno-digital\/\" \/>\n<meta property=\"og:locale\" content=\"es_MX\" \/>\n<meta property=\"og:type\" content=\"article\" \/>\n<meta property=\"og:title\" content=\"Kuri anuncia medidas para proteger a ni\u00f1as, ni\u00f1os y adolescentes del entorno digital | Nexo Informativo Santiago de Quer\u00e9taro\" \/>\n<meta property=\"og:description\" content=\"Kuri anuncia medidas para proteger a ni\u00f1as, ni\u00f1os y adolescentes del entorno digital\" \/>\n<meta property=\"og:url\" content=\"https:\/\/www.nexoinformativo.mx\/index.php\/2025\/02\/16\/kuri-anuncia-medidas-para-proteger-a-ninas-ninos-y-adolescentes-del-entorno-digital\/\" \/>\n<meta property=\"og:site_name\" content=\"Nexo Informativo Santiago de Quer\u00e9taro\" \/>\n<meta property=\"article:publisher\" content=\"https:\/\/www.facebook.com\/people\/Nexo-Informativo\/61564066885511\/\" \/>\n<meta property=\"article:published_time\" content=\"2025-02-17T01:00:13+00:00\" \/>\n<meta property=\"article:modified_time\" content=\"2025-02-17T14:53:51+00:00\" \/>\n<meta property=\"og:image\" content=\"https:\/\/www.nexoinformativo.mx\/wp-content\/uploads\/2025\/02\/PHOTO-2025-02-17-08-13-50-e1739804025860.jpg\" \/>\n\t<meta property=\"og:image:width\" content=\"800\" \/>\n\t<meta property=\"og:image:height\" content=\"534\" \/>\n\t<meta property=\"og:image:type\" content=\"image\/jpeg\" \/>\n<meta name=\"author\" content=\"Nexo Informativo\" \/>\n<meta name=\"twitter:card\" content=\"summary_large_image\" \/>\n<meta name=\"twitter:label1\" content=\"Escrito por\" \/>\n\t<meta name=\"twitter:data1\" content=\"Nexo Informativo\" \/>\n\t<meta name=\"twitter:label2\" content=\"Tiempo de lectura\" \/>\n\t<meta name=\"twitter:data2\" content=\"2 minutos\" \/>\n<script type=\"application\/ld+json\" class=\"yoast-schema-graph\">{\"@context\":\"https:\/\/schema.org\",\"@graph\":[{\"@type\":\"Article\",\"@id\":\"https:\/\/www.nexoinformativo.mx\/index.php\/2025\/02\/16\/kuri-anuncia-medidas-para-proteger-a-ninas-ninos-y-adolescentes-del-entorno-digital\/#article\",\"isPartOf\":{\"@id\":\"https:\/\/www.nexoinformativo.mx\/index.php\/2025\/02\/16\/kuri-anuncia-medidas-para-proteger-a-ninas-ninos-y-adolescentes-del-entorno-digital\/\"},\"author\":{\"name\":\"Nexo Informativo\",\"@id\":\"https:\/\/www.nexoinformativo.mx\/#\/schema\/person\/7749d380ba08c8ca00d7bc76fd907b7d\"},\"headline\":\"Kuri anuncia medidas para proteger a ni\u00f1as, ni\u00f1os y adolescentes del entorno digital\",\"datePublished\":\"2025-02-17T01:00:13+00:00\",\"dateModified\":\"2025-02-17T14:53:51+00:00\",\"mainEntityOfPage\":{\"@id\":\"https:\/\/www.nexoinformativo.mx\/index.php\/2025\/02\/16\/kuri-anuncia-medidas-para-proteger-a-ninas-ninos-y-adolescentes-del-entorno-digital\/\"},\"wordCount\":292,\"commentCount\":0,\"publisher\":{\"@id\":\"https:\/\/www.nexoinformativo.mx\/#organization\"},\"image\":{\"@id\":\"https:\/\/www.nexoinformativo.mx\/index.php\/2025\/02\/16\/kuri-anuncia-medidas-para-proteger-a-ninas-ninos-y-adolescentes-del-entorno-digital\/#primaryimage\"},\"thumbnailUrl\":\"https:\/\/www.nexoinformativo.mx\/wp-content\/uploads\/2025\/02\/PHOTO-2025-02-17-08-13-50-e1739804025860.jpg\",\"keywords\":[\"EntornoDigital\",\"JuventudSaludable\",\"MauricioKuri\",\"Protecci\u00f3nInfantil\"],\"articleSection\":[\"Estado\",\"\u00daltima Hora\"],\"inLanguage\":\"es\",\"potentialAction\":[{\"@type\":\"CommentAction\",\"name\":\"Comment\",\"target\":[\"https:\/\/www.nexoinformativo.mx\/index.php\/2025\/02\/16\/kuri-anuncia-medidas-para-proteger-a-ninas-ninos-y-adolescentes-del-entorno-digital\/#respond\"]}]},{\"@type\":\"WebPage\",\"@id\":\"https:\/\/www.nexoinformativo.mx\/index.php\/2025\/02\/16\/kuri-anuncia-medidas-para-proteger-a-ninas-ninos-y-adolescentes-del-entorno-digital\/\",\"url\":\"https:\/\/www.nexoinformativo.mx\/index.php\/2025\/02\/16\/kuri-anuncia-medidas-para-proteger-a-ninas-ninos-y-adolescentes-del-entorno-digital\/\",\"name\":\"Kuri anuncia medidas para proteger a ni\u00f1as, ni\u00f1os y adolescentes del entorno digital | Nexo Informativo Santiago de Quer\u00e9taro\",\"isPartOf\":{\"@id\":\"https:\/\/www.nexoinformativo.mx\/#website\"},\"primaryImageOfPage\":{\"@id\":\"https:\/\/www.nexoinformativo.mx\/index.php\/2025\/02\/16\/kuri-anuncia-medidas-para-proteger-a-ninas-ninos-y-adolescentes-del-entorno-digital\/#primaryimage\"},\"image\":{\"@id\":\"https:\/\/www.nexoinformativo.mx\/index.php\/2025\/02\/16\/kuri-anuncia-medidas-para-proteger-a-ninas-ninos-y-adolescentes-del-entorno-digital\/#primaryimage\"},\"thumbnailUrl\":\"https:\/\/www.nexoinformativo.mx\/wp-content\/uploads\/2025\/02\/PHOTO-2025-02-17-08-13-50-e1739804025860.jpg\",\"datePublished\":\"2025-02-17T01:00:13+00:00\",\"dateModified\":\"2025-02-17T14:53:51+00:00\",\"description\":\"Kuri anuncia medidas para proteger a ni\u00f1as, ni\u00f1os y adolescentes del entorno digital\",\"breadcrumb\":{\"@id\":\"https:\/\/www.nexoinformativo.mx\/index.php\/2025\/02\/16\/kuri-anuncia-medidas-para-proteger-a-ninas-ninos-y-adolescentes-del-entorno-digital\/#breadcrumb\"},\"inLanguage\":\"es\",\"potentialAction\":[{\"@type\":\"ReadAction\",\"target\":[\"https:\/\/www.nexoinformativo.mx\/index.php\/2025\/02\/16\/kuri-anuncia-medidas-para-proteger-a-ninas-ninos-y-adolescentes-del-entorno-digital\/\"]}]},{\"@type\":\"ImageObject\",\"inLanguage\":\"es\",\"@id\":\"https:\/\/www.nexoinformativo.mx\/index.php\/2025\/02\/16\/kuri-anuncia-medidas-para-proteger-a-ninas-ninos-y-adolescentes-del-entorno-digital\/#primaryimage\",\"url\":\"https:\/\/www.nexoinformativo.mx\/wp-content\/uploads\/2025\/02\/PHOTO-2025-02-17-08-13-50-e1739804025860.jpg\",\"contentUrl\":\"https:\/\/www.nexoinformativo.mx\/wp-content\/uploads\/2025\/02\/PHOTO-2025-02-17-08-13-50-e1739804025860.jpg\",\"width\":800,\"height\":534},{\"@type\":\"BreadcrumbList\",\"@id\":\"https:\/\/www.nexoinformativo.mx\/index.php\/2025\/02\/16\/kuri-anuncia-medidas-para-proteger-a-ninas-ninos-y-adolescentes-del-entorno-digital\/#breadcrumb\",\"itemListElement\":[{\"@type\":\"ListItem\",\"position\":1,\"name\":\"Inicio\",\"item\":\"https:\/\/www.nexoinformativo.mx\/\"},{\"@type\":\"ListItem\",\"position\":2,\"name\":\"Kuri anuncia medidas para proteger a ni\u00f1as, ni\u00f1os y adolescentes del entorno digital\"}]},{\"@type\":\"WebSite\",\"@id\":\"https:\/\/www.nexoinformativo.mx\/#website\",\"url\":\"https:\/\/www.nexoinformativo.mx\/\",\"name\":\"Nexo Informativo Santiago de Quer\u00e9taro\",\"description\":\"Explora NexoInformativo y convi\u00e9rtete en parte de una comunidad que valora el conocimiento y la verdad. Tu nexoinformativo es tu puente hacia una comprensi\u00f3n m\u00e1s profunda del mundo que te rodea.\",\"publisher\":{\"@id\":\"https:\/\/www.nexoinformativo.mx\/#organization\"},\"potentialAction\":[{\"@type\":\"SearchAction\",\"target\":{\"@type\":\"EntryPoint\",\"urlTemplate\":\"https:\/\/www.nexoinformativo.mx\/?s={search_term_string}\"},\"query-input\":{\"@type\":\"PropertyValueSpecification\",\"valueRequired\":true,\"valueName\":\"search_term_string\"}}],\"inLanguage\":\"es\"},{\"@type\":\"Organization\",\"@id\":\"https:\/\/www.nexoinformativo.mx\/#organization\",\"name\":\"Nexo Informativo Santiago de Quer\u00e9taro\",\"url\":\"https:\/\/www.nexoinformativo.mx\/\",\"logo\":{\"@type\":\"ImageObject\",\"inLanguage\":\"es\",\"@id\":\"https:\/\/www.nexoinformativo.mx\/#\/schema\/logo\/image\/\",\"url\":\"https:\/\/www.nexoinformativo.mx\/wp-content\/uploads\/2024\/07\/nexoi-trasparente-2.png\",\"contentUrl\":\"https:\/\/www.nexoinformativo.mx\/wp-content\/uploads\/2024\/07\/nexoi-trasparente-2.png\",\"width\":816,\"height\":339,\"caption\":\"Nexo Informativo Santiago de Quer\u00e9taro\"},\"image\":{\"@id\":\"https:\/\/www.nexoinformativo.mx\/#\/schema\/logo\/image\/\"},\"sameAs\":[\"https:\/\/www.facebook.com\/people\/Nexo-Informativo\/61564066885511\/\"]},{\"@type\":\"Person\",\"@id\":\"https:\/\/www.nexoinformativo.mx\/#\/schema\/person\/7749d380ba08c8ca00d7bc76fd907b7d\",\"name\":\"Nexo Informativo\",\"image\":{\"@type\":\"ImageObject\",\"inLanguage\":\"es\",\"@id\":\"https:\/\/www.nexoinformativo.mx\/#\/schema\/person\/image\/\",\"url\":\"https:\/\/secure.gravatar.com\/avatar\/dde2928154642a13d95f87ddf1ea9718fe2b46760a005c53e41ff5ad610704e6?s=96&d=mm&r=g\",\"contentUrl\":\"https:\/\/secure.gravatar.com\/avatar\/dde2928154642a13d95f87ddf1ea9718fe2b46760a005c53e41ff5ad610704e6?s=96&d=mm&r=g\",\"caption\":\"Nexo Informativo\"},\"url\":\"https:\/\/www.nexoinformativo.mx\/index.php\/author\/edicion\/\"}]}<\/script>\n<!-- \/ Yoast SEO plugin. -->","yoast_head_json":{"title":"Kuri anuncia medidas para proteger a ni\u00f1as, ni\u00f1os y adolescentes del entorno digital | Nexo Informativo Santiago de Quer\u00e9taro","description":"Kuri anuncia medidas para proteger a ni\u00f1as, ni\u00f1os y adolescentes del entorno digital","robots":{"index":"index","follow":"follow","max-snippet":"max-snippet:-1","max-image-preview":"max-image-preview:large","max-video-preview":"max-video-preview:-1"},"canonical":"https:\/\/www.nexoinformativo.mx\/index.php\/2025\/02\/16\/kuri-anuncia-medidas-para-proteger-a-ninas-ninos-y-adolescentes-del-entorno-digital\/","og_locale":"es_MX","og_type":"article","og_title":"Kuri anuncia medidas para proteger a ni\u00f1as, ni\u00f1os y adolescentes del entorno digital | Nexo Informativo Santiago de Quer\u00e9taro","og_description":"Kuri anuncia medidas para proteger a ni\u00f1as, ni\u00f1os y adolescentes del entorno digital","og_url":"https:\/\/www.nexoinformativo.mx\/index.php\/2025\/02\/16\/kuri-anuncia-medidas-para-proteger-a-ninas-ninos-y-adolescentes-del-entorno-digital\/","og_site_name":"Nexo Informativo Santiago de Quer\u00e9taro","article_publisher":"https:\/\/www.facebook.com\/people\/Nexo-Informativo\/61564066885511\/","article_published_time":"2025-02-17T01:00:13+00:00","article_modified_time":"2025-02-17T14:53:51+00:00","og_image":[{"width":800,"height":534,"url":"https:\/\/www.nexoinformativo.mx\/wp-content\/uploads\/2025\/02\/PHOTO-2025-02-17-08-13-50-e1739804025860.jpg","type":"image\/jpeg"}],"author":"Nexo Informativo","twitter_card":"summary_large_image","twitter_misc":{"Escrito por":"Nexo Informativo","Tiempo de lectura":"2 minutos"},"schema":{"@context":"https:\/\/schema.org","@graph":[{"@type":"Article","@id":"https:\/\/www.nexoinformativo.mx\/index.php\/2025\/02\/16\/kuri-anuncia-medidas-para-proteger-a-ninas-ninos-y-adolescentes-del-entorno-digital\/#article","isPartOf":{"@id":"https:\/\/www.nexoinformativo.mx\/index.php\/2025\/02\/16\/kuri-anuncia-medidas-para-proteger-a-ninas-ninos-y-adolescentes-del-entorno-digital\/"},"author":{"name":"Nexo Informativo","@id":"https:\/\/www.nexoinformativo.mx\/#\/schema\/person\/7749d380ba08c8ca00d7bc76fd907b7d"},"headline":"Kuri anuncia medidas para proteger a ni\u00f1as, ni\u00f1os y adolescentes del entorno digital","datePublished":"2025-02-17T01:00:13+00:00","dateModified":"2025-02-17T14:53:51+00:00","mainEntityOfPage":{"@id":"https:\/\/www.nexoinformativo.mx\/index.php\/2025\/02\/16\/kuri-anuncia-medidas-para-proteger-a-ninas-ninos-y-adolescentes-del-entorno-digital\/"},"wordCount":292,"commentCount":0,"publisher":{"@id":"https:\/\/www.nexoinformativo.mx\/#organization"},"image":{"@id":"https:\/\/www.nexoinformativo.mx\/index.php\/2025\/02\/16\/kuri-anuncia-medidas-para-proteger-a-ninas-ninos-y-adolescentes-del-entorno-digital\/#primaryimage"},"thumbnailUrl":"https:\/\/www.nexoinformativo.mx\/wp-content\/uploads\/2025\/02\/PHOTO-2025-02-17-08-13-50-e1739804025860.jpg","keywords":["EntornoDigital","JuventudSaludable","MauricioKuri","Protecci\u00f3nInfantil"],"articleSection":["Estado","\u00daltima Hora"],"inLanguage":"es","potentialAction":[{"@type":"CommentAction","name":"Comment","target":["https:\/\/www.nexoinformativo.mx\/index.php\/2025\/02\/16\/kuri-anuncia-medidas-para-proteger-a-ninas-ninos-y-adolescentes-del-entorno-digital\/#respond"]}]},{"@type":"WebPage","@id":"https:\/\/www.nexoinformativo.mx\/index.php\/2025\/02\/16\/kuri-anuncia-medidas-para-proteger-a-ninas-ninos-y-adolescentes-del-entorno-digital\/","url":"https:\/\/www.nexoinformativo.mx\/index.php\/2025\/02\/16\/kuri-anuncia-medidas-para-proteger-a-ninas-ninos-y-adolescentes-del-entorno-digital\/","name":"Kuri anuncia medidas para proteger a ni\u00f1as, ni\u00f1os y adolescentes del entorno digital | Nexo Informativo Santiago de Quer\u00e9taro","isPartOf":{"@id":"https:\/\/www.nexoinformativo.mx\/#website"},"primaryImageOfPage":{"@id":"https:\/\/www.nexoinformativo.mx\/index.php\/2025\/02\/16\/kuri-anuncia-medidas-para-proteger-a-ninas-ninos-y-adolescentes-del-entorno-digital\/#primaryimage"},"image":{"@id":"https:\/\/www.nexoinformativo.mx\/index.php\/2025\/02\/16\/kuri-anuncia-medidas-para-proteger-a-ninas-ninos-y-adolescentes-del-entorno-digital\/#primaryimage"},"thumbnailUrl":"https:\/\/www.nexoinformativo.mx\/wp-content\/uploads\/2025\/02\/PHOTO-2025-02-17-08-13-50-e1739804025860.jpg","datePublished":"2025-02-17T01:00:13+00:00","dateModified":"2025-02-17T14:53:51+00:00","description":"Kuri anuncia medidas para proteger a ni\u00f1as, ni\u00f1os y adolescentes del entorno digital","breadcrumb":{"@id":"https:\/\/www.nexoinformativo.mx\/index.php\/2025\/02\/16\/kuri-anuncia-medidas-para-proteger-a-ninas-ninos-y-adolescentes-del-entorno-digital\/#breadcrumb"},"inLanguage":"es","potentialAction":[{"@type":"ReadAction","target":["https:\/\/www.nexoinformativo.mx\/index.php\/2025\/02\/16\/kuri-anuncia-medidas-para-proteger-a-ninas-ninos-y-adolescentes-del-entorno-digital\/"]}]},{"@type":"ImageObject","inLanguage":"es","@id":"https:\/\/www.nexoinformativo.mx\/index.php\/2025\/02\/16\/kuri-anuncia-medidas-para-proteger-a-ninas-ninos-y-adolescentes-del-entorno-digital\/#primaryimage","url":"https:\/\/www.nexoinformativo.mx\/wp-content\/uploads\/2025\/02\/PHOTO-2025-02-17-08-13-50-e1739804025860.jpg","contentUrl":"https:\/\/www.nexoinformativo.mx\/wp-content\/uploads\/2025\/02\/PHOTO-2025-02-17-08-13-50-e1739804025860.jpg","width":800,"height":534},{"@type":"BreadcrumbList","@id":"https:\/\/www.nexoinformativo.mx\/index.php\/2025\/02\/16\/kuri-anuncia-medidas-para-proteger-a-ninas-ninos-y-adolescentes-del-entorno-digital\/#breadcrumb","itemListElement":[{"@type":"ListItem","position":1,"name":"Inicio","item":"https:\/\/www.nexoinformativo.mx\/"},{"@type":"ListItem","position":2,"name":"Kuri anuncia medidas para proteger a ni\u00f1as, ni\u00f1os y adolescentes del entorno digital"}]},{"@type":"WebSite","@id":"https:\/\/www.nexoinformativo.mx\/#website","url":"https:\/\/www.nexoinformativo.mx\/","name":"Nexo Informativo Santiago de Quer\u00e9taro","description":"Explora NexoInformativo y convi\u00e9rtete en parte de una comunidad que valora el conocimiento y la verdad. Tu nexoinformativo es tu puente hacia una comprensi\u00f3n m\u00e1s profunda del mundo que te rodea.","publisher":{"@id":"https:\/\/www.nexoinformativo.mx\/#organization"},"potentialAction":[{"@type":"SearchAction","target":{"@type":"EntryPoint","urlTemplate":"https:\/\/www.nexoinformativo.mx\/?s={search_term_string}"},"query-input":{"@type":"PropertyValueSpecification","valueRequired":true,"valueName":"search_term_string"}}],"inLanguage":"es"},{"@type":"Organization","@id":"https:\/\/www.nexoinformativo.mx\/#organization","name":"Nexo Informativo Santiago de Quer\u00e9taro","url":"https:\/\/www.nexoinformativo.mx\/","logo":{"@type":"ImageObject","inLanguage":"es","@id":"https:\/\/www.nexoinformativo.mx\/#\/schema\/logo\/image\/","url":"https:\/\/www.nexoinformativo.mx\/wp-content\/uploads\/2024\/07\/nexoi-trasparente-2.png","contentUrl":"https:\/\/www.nexoinformativo.mx\/wp-content\/uploads\/2024\/07\/nexoi-trasparente-2.png","width":816,"height":339,"caption":"Nexo Informativo Santiago de Quer\u00e9taro"},"image":{"@id":"https:\/\/www.nexoinformativo.mx\/#\/schema\/logo\/image\/"},"sameAs":["https:\/\/www.facebook.com\/people\/Nexo-Informativo\/61564066885511\/"]},{"@type":"Person","@id":"https:\/\/www.nexoinformativo.mx\/#\/schema\/person\/7749d380ba08c8ca00d7bc76fd907b7d","name":"Nexo Informativo","image":{"@type":"ImageObject","inLanguage":"es","@id":"https:\/\/www.nexoinformativo.mx\/#\/schema\/person\/image\/","url":"https:\/\/secure.gravatar.com\/avatar\/dde2928154642a13d95f87ddf1ea9718fe2b46760a005c53e41ff5ad610704e6?s=96&d=mm&r=g","contentUrl":"https:\/\/secure.gravatar.com\/avatar\/dde2928154642a13d95f87ddf1ea9718fe2b46760a005c53e41ff5ad610704e6?s=96&d=mm&r=g","caption":"Nexo Informativo"},"url":"https:\/\/www.nexoinformativo.mx\/index.php\/author\/edicion\/"}]}},"_links":{"self":[{"href":"https:\/\/www.nexoinformativo.mx\/index.php\/wp-json\/wp\/v2\/posts\/11689","targetHints":{"allow":["GET"]}}],"collection":[{"href":"https:\/\/www.nexoinformativo.mx\/index.php\/wp-json\/wp\/v2\/posts"}],"about":[{"href":"https:\/\/www.nexoinformativo.mx\/index.php\/wp-json\/wp\/v2\/types\/post"}],"author":[{"embeddable":true,"href":"https:\/\/www.nexoinformativo.mx\/index.php\/wp-json\/wp\/v2\/users\/3"}],"replies":[{"embeddable":true,"href":"https:\/\/www.nexoinformativo.mx\/index.php\/wp-json\/wp\/v2\/comments?post=11689"}],"version-history":[{"count":4,"href":"https:\/\/www.nexoinformativo.mx\/index.php\/wp-json\/wp\/v2\/posts\/11689\/revisions"}],"predecessor-version":[{"id":11698,"href":"https:\/\/www.nexoinformativo.mx\/index.php\/wp-json\/wp\/v2\/posts\/11689\/revisions\/11698"}],"wp:featuredmedia":[{"embeddable":true,"href":"https:\/\/www.nexoinformativo.mx\/index.php\/wp-json\/wp\/v2\/media\/11697"}],"wp:attachment":[{"href":"https:\/\/www.nexoinformativo.mx\/index.php\/wp-json\/wp\/v2\/media?parent=11689"}],"wp:term":[{"taxonomy":"category","embeddable":true,"href":"https:\/\/www.nexoinformativo.mx\/index.php\/wp-json\/wp\/v2\/categories?post=11689"},{"taxonomy":"post_tag","embeddable":true,"href":"https:\/\/www.nexoinformativo.mx\/index.php\/wp-json\/wp\/v2\/tags?post=11689"}],"curies":[{"name":"wp","href":"https:\/\/api.w.org\/{rel}","templated":true}]}}