{"id":11699,"date":"2025-02-17T06:30:19","date_gmt":"2025-02-17T12:30:19","guid":{"rendered":"https:\/\/www.nexoinformativo.mx\/?p=11699"},"modified":"2025-02-17T09:00:25","modified_gmt":"2025-02-17T15:00:25","slug":"marina-y-sea-shepherd-firman-convenio-para-la-proteccion-del-medio-ambiente-marino","status":"publish","type":"post","link":"https:\/\/www.nexoinformativo.mx\/index.php\/2025\/02\/17\/marina-y-sea-shepherd-firman-convenio-para-la-proteccion-del-medio-ambiente-marino\/","title":{"rendered":"Marina y Sea Shepherd Firman convenio para la protecci\u00f3n del medio ambiente marino"},"content":{"rendered":"<p style=\"text-align: justify;\"><strong>La Secretar\u00eda de Marina y la ONG Sea Shepherd Conservation Society<\/strong> firmaron un convenio de colaboraci\u00f3n para proteger el medio ambiente marino y vigilar \u00e1reas naturales protegidas en M\u00e9xico.<\/p>\n<p>&nbsp;<\/p>\n<p style=\"text-align: justify;\">El acuerdo, firmado por el Almirante Raymundo Pedro Morales \u00c1ngeles y Pritam Singh, tiene como objetivo promover acciones conjuntas en las Zonas Marinas Mexicanas, contribuyendo al cumplimiento de leyes nacionales e internacionales relacionadas con la gobernanza oce\u00e1nica y derecho del mar.<\/p>\n<p>&nbsp;<\/p>\n<p style=\"text-align: justify;\">La colaboraci\u00f3n se centrar\u00e1 en la protecci\u00f3n de \u00e1reas como el \u00c1rea de Tolerancia Cero y el \u00c1rea de Refugio de Vaquita Marina en el Alto Golfo de California, as\u00ed como los Parques Nacionales &#8220;Bajos del Norte&#8221; y &#8220;Arrecife Alacranes&#8221; en el Golfo de M\u00e9xico.<\/p>\n<p>&nbsp;<\/p>\n<p style=\"text-align: justify;\">Sea Shepherd proporcionar\u00e1 herramientas de monitoreo y tecnolog\u00eda para la detecci\u00f3n de redes de pesca ilegal. La Secretar\u00eda de Marina, como Autoridad Mar\u00edtima Nacional, colaborar\u00e1 con dependencias e instituciones nacionales y extranjeras para la vigilancia y protecci\u00f3n del medio ambiente marino.<\/p>\n<p>&nbsp;<\/p>\n<p style=\"text-align: justify;\">Personal naval llevar\u00e1 a cabo labores de reconocimiento y vigilancia para preservar \u00e1reas naturales protegidas y especies en peligro de extinci\u00f3n.<\/p>\n<p>&nbsp;<\/p>\n<p style=\"text-align: justify;\">El convenio establece que las acciones conjuntas se realizar\u00e1n de com\u00fan acuerdo y dentro del marco legal nacional. La colaboraci\u00f3n busca fortalecer la protecci\u00f3n de zonas marinas y fomentar el respeto a las leyes nacionales e internacionales en materia de gobernanza oce\u00e1nica.<\/p>\n<p>&nbsp;<\/p>\n<p style=\"text-align: center;\"><em><strong>\u00a1Informaci\u00f3n que transforma!<\/strong><\/em><\/p>\n","protected":false},"excerpt":{"rendered":"<p>La Secretar\u00eda de Marina y la ONG Sea Shepherd Conservation Society firmaron un convenio de colaboraci\u00f3n para proteger el medio ambiente marino y vigilar \u00e1reas naturales protegidas en M\u00e9xico.<\/p>\n","protected":false},"author":3,"featured_media":11703,"comment_status":"open","ping_status":"open","sticky":false,"template":"","format":"standard","meta":{"footnotes":""},"categories":[88,58],"tags":[3427,656,3425,3426],"class_list":["post-11699","post","type-post","status-publish","format-standard","has-post-thumbnail","hentry","category-nacional","category-ultima-hora","tag-marinamexico","tag-medioambiente","tag-proteccionmarina","tag-seashepherd"],"yoast_head":"<!-- This site is optimized with the Yoast SEO plugin v25.0 - https:\/\/yoast.com\/wordpress\/plugins\/seo\/ -->\n<title>Marina y Sea Shepherd Firman convenio para la protecci\u00f3n del medio ambiente marino | Nexo Informativo Santiago de Quer\u00e9taro<\/title>\n<meta name=\"description\" content=\"Marina y Sea Shepherd Firman convenio para la protecci\u00f3n del medio ambiente marino\" \/>\n<meta name=\"robots\" content=\"index, follow, max-snippet:-1, max-image-preview:large, max-video-preview:-1\" \/>\n<link rel=\"canonical\" href=\"https:\/\/www.nexoinformativo.mx\/index.php\/2025\/02\/17\/marina-y-sea-shepherd-firman-convenio-para-la-proteccion-del-medio-ambiente-marino\/\" \/>\n<meta property=\"og:locale\" content=\"es_MX\" \/>\n<meta property=\"og:type\" content=\"article\" \/>\n<meta property=\"og:title\" content=\"Marina y Sea Shepherd Firman convenio para la protecci\u00f3n del medio ambiente marino | Nexo Informativo Santiago de Quer\u00e9taro\" \/>\n<meta property=\"og:description\" content=\"Marina y Sea Shepherd Firman convenio para la protecci\u00f3n del medio ambiente marino\" \/>\n<meta property=\"og:url\" content=\"https:\/\/www.nexoinformativo.mx\/index.php\/2025\/02\/17\/marina-y-sea-shepherd-firman-convenio-para-la-proteccion-del-medio-ambiente-marino\/\" \/>\n<meta property=\"og:site_name\" content=\"Nexo Informativo Santiago de Quer\u00e9taro\" \/>\n<meta property=\"article:publisher\" content=\"https:\/\/www.facebook.com\/people\/Nexo-Informativo\/61564066885511\/\" \/>\n<meta property=\"article:published_time\" content=\"2025-02-17T12:30:19+00:00\" \/>\n<meta property=\"article:modified_time\" content=\"2025-02-17T15:00:25+00:00\" \/>\n<meta property=\"og:image\" content=\"https:\/\/www.nexoinformativo.mx\/wp-content\/uploads\/2025\/02\/IMG_0847.jpg\" \/>\n\t<meta property=\"og:image:width\" content=\"650\" \/>\n\t<meta property=\"og:image:height\" content=\"380\" \/>\n\t<meta property=\"og:image:type\" content=\"image\/jpeg\" \/>\n<meta name=\"author\" content=\"Nexo Informativo\" \/>\n<meta name=\"twitter:card\" content=\"summary_large_image\" \/>\n<meta name=\"twitter:label1\" content=\"Escrito por\" \/>\n\t<meta name=\"twitter:data1\" content=\"Nexo Informativo\" \/>\n\t<meta name=\"twitter:label2\" content=\"Tiempo de lectura\" \/>\n\t<meta name=\"twitter:data2\" content=\"2 minutos\" \/>\n<script type=\"application\/ld+json\" class=\"yoast-schema-graph\">{\"@context\":\"https:\/\/schema.org\",\"@graph\":[{\"@type\":\"Article\",\"@id\":\"https:\/\/www.nexoinformativo.mx\/index.php\/2025\/02\/17\/marina-y-sea-shepherd-firman-convenio-para-la-proteccion-del-medio-ambiente-marino\/#article\",\"isPartOf\":{\"@id\":\"https:\/\/www.nexoinformativo.mx\/index.php\/2025\/02\/17\/marina-y-sea-shepherd-firman-convenio-para-la-proteccion-del-medio-ambiente-marino\/\"},\"author\":{\"name\":\"Nexo Informativo\",\"@id\":\"https:\/\/www.nexoinformativo.mx\/#\/schema\/person\/7749d380ba08c8ca00d7bc76fd907b7d\"},\"headline\":\"Marina y Sea Shepherd Firman convenio para la protecci\u00f3n del medio ambiente marino\",\"datePublished\":\"2025-02-17T12:30:19+00:00\",\"dateModified\":\"2025-02-17T15:00:25+00:00\",\"mainEntityOfPage\":{\"@id\":\"https:\/\/www.nexoinformativo.mx\/index.php\/2025\/02\/17\/marina-y-sea-shepherd-firman-convenio-para-la-proteccion-del-medio-ambiente-marino\/\"},\"wordCount\":261,\"commentCount\":0,\"publisher\":{\"@id\":\"https:\/\/www.nexoinformativo.mx\/#organization\"},\"image\":{\"@id\":\"https:\/\/www.nexoinformativo.mx\/index.php\/2025\/02\/17\/marina-y-sea-shepherd-firman-convenio-para-la-proteccion-del-medio-ambiente-marino\/#primaryimage\"},\"thumbnailUrl\":\"https:\/\/www.nexoinformativo.mx\/wp-content\/uploads\/2025\/02\/IMG_0847.jpg\",\"keywords\":[\"MarinaM\u00e9xico\",\"MedioAmbiente\",\"Protecci\u00f3nMarina\",\"SeaShepherd\"],\"articleSection\":[\"Nacional\",\"\u00daltima Hora\"],\"inLanguage\":\"es\",\"potentialAction\":[{\"@type\":\"CommentAction\",\"name\":\"Comment\",\"target\":[\"https:\/\/www.nexoinformativo.mx\/index.php\/2025\/02\/17\/marina-y-sea-shepherd-firman-convenio-para-la-proteccion-del-medio-ambiente-marino\/#respond\"]}]},{\"@type\":\"WebPage\",\"@id\":\"https:\/\/www.nexoinformativo.mx\/index.php\/2025\/02\/17\/marina-y-sea-shepherd-firman-convenio-para-la-proteccion-del-medio-ambiente-marino\/\",\"url\":\"https:\/\/www.nexoinformativo.mx\/index.php\/2025\/02\/17\/marina-y-sea-shepherd-firman-convenio-para-la-proteccion-del-medio-ambiente-marino\/\",\"name\":\"Marina y Sea Shepherd Firman convenio para la protecci\u00f3n del medio ambiente marino | Nexo Informativo Santiago de Quer\u00e9taro\",\"isPartOf\":{\"@id\":\"https:\/\/www.nexoinformativo.mx\/#website\"},\"primaryImageOfPage\":{\"@id\":\"https:\/\/www.nexoinformativo.mx\/index.php\/2025\/02\/17\/marina-y-sea-shepherd-firman-convenio-para-la-proteccion-del-medio-ambiente-marino\/#primaryimage\"},\"image\":{\"@id\":\"https:\/\/www.nexoinformativo.mx\/index.php\/2025\/02\/17\/marina-y-sea-shepherd-firman-convenio-para-la-proteccion-del-medio-ambiente-marino\/#primaryimage\"},\"thumbnailUrl\":\"https:\/\/www.nexoinformativo.mx\/wp-content\/uploads\/2025\/02\/IMG_0847.jpg\",\"datePublished\":\"2025-02-17T12:30:19+00:00\",\"dateModified\":\"2025-02-17T15:00:25+00:00\",\"description\":\"Marina y Sea Shepherd Firman convenio para la protecci\u00f3n del medio ambiente marino\",\"breadcrumb\":{\"@id\":\"https:\/\/www.nexoinformativo.mx\/index.php\/2025\/02\/17\/marina-y-sea-shepherd-firman-convenio-para-la-proteccion-del-medio-ambiente-marino\/#breadcrumb\"},\"inLanguage\":\"es\",\"potentialAction\":[{\"@type\":\"ReadAction\",\"target\":[\"https:\/\/www.nexoinformativo.mx\/index.php\/2025\/02\/17\/marina-y-sea-shepherd-firman-convenio-para-la-proteccion-del-medio-ambiente-marino\/\"]}]},{\"@type\":\"ImageObject\",\"inLanguage\":\"es\",\"@id\":\"https:\/\/www.nexoinformativo.mx\/index.php\/2025\/02\/17\/marina-y-sea-shepherd-firman-convenio-para-la-proteccion-del-medio-ambiente-marino\/#primaryimage\",\"url\":\"https:\/\/www.nexoinformativo.mx\/wp-content\/uploads\/2025\/02\/IMG_0847.jpg\",\"contentUrl\":\"https:\/\/www.nexoinformativo.mx\/wp-content\/uploads\/2025\/02\/IMG_0847.jpg\",\"width\":650,\"height\":380},{\"@type\":\"BreadcrumbList\",\"@id\":\"https:\/\/www.nexoinformativo.mx\/index.php\/2025\/02\/17\/marina-y-sea-shepherd-firman-convenio-para-la-proteccion-del-medio-ambiente-marino\/#breadcrumb\",\"itemListElement\":[{\"@type\":\"ListItem\",\"position\":1,\"name\":\"Inicio\",\"item\":\"https:\/\/www.nexoinformativo.mx\/\"},{\"@type\":\"ListItem\",\"position\":2,\"name\":\"Marina y Sea Shepherd Firman convenio para la protecci\u00f3n del medio ambiente marino\"}]},{\"@type\":\"WebSite\",\"@id\":\"https:\/\/www.nexoinformativo.mx\/#website\",\"url\":\"https:\/\/www.nexoinformativo.mx\/\",\"name\":\"Nexo Informativo Santiago de Quer\u00e9taro\",\"description\":\"Explora NexoInformativo y convi\u00e9rtete en parte de una comunidad que valora el conocimiento y la verdad. Tu nexoinformativo es tu puente hacia una comprensi\u00f3n m\u00e1s profunda del mundo que te rodea.\",\"publisher\":{\"@id\":\"https:\/\/www.nexoinformativo.mx\/#organization\"},\"potentialAction\":[{\"@type\":\"SearchAction\",\"target\":{\"@type\":\"EntryPoint\",\"urlTemplate\":\"https:\/\/www.nexoinformativo.mx\/?s={search_term_string}\"},\"query-input\":{\"@type\":\"PropertyValueSpecification\",\"valueRequired\":true,\"valueName\":\"search_term_string\"}}],\"inLanguage\":\"es\"},{\"@type\":\"Organization\",\"@id\":\"https:\/\/www.nexoinformativo.mx\/#organization\",\"name\":\"Nexo Informativo Santiago de Quer\u00e9taro\",\"url\":\"https:\/\/www.nexoinformativo.mx\/\",\"logo\":{\"@type\":\"ImageObject\",\"inLanguage\":\"es\",\"@id\":\"https:\/\/www.nexoinformativo.mx\/#\/schema\/logo\/image\/\",\"url\":\"https:\/\/www.nexoinformativo.mx\/wp-content\/uploads\/2024\/07\/nexoi-trasparente-2.png\",\"contentUrl\":\"https:\/\/www.nexoinformativo.mx\/wp-content\/uploads\/2024\/07\/nexoi-trasparente-2.png\",\"width\":816,\"height\":339,\"caption\":\"Nexo Informativo Santiago de Quer\u00e9taro\"},\"image\":{\"@id\":\"https:\/\/www.nexoinformativo.mx\/#\/schema\/logo\/image\/\"},\"sameAs\":[\"https:\/\/www.facebook.com\/people\/Nexo-Informativo\/61564066885511\/\"]},{\"@type\":\"Person\",\"@id\":\"https:\/\/www.nexoinformativo.mx\/#\/schema\/person\/7749d380ba08c8ca00d7bc76fd907b7d\",\"name\":\"Nexo Informativo\",\"image\":{\"@type\":\"ImageObject\",\"inLanguage\":\"es\",\"@id\":\"https:\/\/www.nexoinformativo.mx\/#\/schema\/person\/image\/\",\"url\":\"https:\/\/secure.gravatar.com\/avatar\/dde2928154642a13d95f87ddf1ea9718fe2b46760a005c53e41ff5ad610704e6?s=96&d=mm&r=g\",\"contentUrl\":\"https:\/\/secure.gravatar.com\/avatar\/dde2928154642a13d95f87ddf1ea9718fe2b46760a005c53e41ff5ad610704e6?s=96&d=mm&r=g\",\"caption\":\"Nexo Informativo\"},\"url\":\"https:\/\/www.nexoinformativo.mx\/index.php\/author\/edicion\/\"}]}<\/script>\n<!-- \/ Yoast SEO plugin. -->","yoast_head_json":{"title":"Marina y Sea Shepherd Firman convenio para la protecci\u00f3n del medio ambiente marino | Nexo Informativo Santiago de Quer\u00e9taro","description":"Marina y Sea Shepherd Firman convenio para la protecci\u00f3n del medio ambiente marino","robots":{"index":"index","follow":"follow","max-snippet":"max-snippet:-1","max-image-preview":"max-image-preview:large","max-video-preview":"max-video-preview:-1"},"canonical":"https:\/\/www.nexoinformativo.mx\/index.php\/2025\/02\/17\/marina-y-sea-shepherd-firman-convenio-para-la-proteccion-del-medio-ambiente-marino\/","og_locale":"es_MX","og_type":"article","og_title":"Marina y Sea Shepherd Firman convenio para la protecci\u00f3n del medio ambiente marino | Nexo Informativo Santiago de Quer\u00e9taro","og_description":"Marina y Sea Shepherd Firman convenio para la protecci\u00f3n del medio ambiente marino","og_url":"https:\/\/www.nexoinformativo.mx\/index.php\/2025\/02\/17\/marina-y-sea-shepherd-firman-convenio-para-la-proteccion-del-medio-ambiente-marino\/","og_site_name":"Nexo Informativo Santiago de Quer\u00e9taro","article_publisher":"https:\/\/www.facebook.com\/people\/Nexo-Informativo\/61564066885511\/","article_published_time":"2025-02-17T12:30:19+00:00","article_modified_time":"2025-02-17T15:00:25+00:00","og_image":[{"width":650,"height":380,"url":"https:\/\/www.nexoinformativo.mx\/wp-content\/uploads\/2025\/02\/IMG_0847.jpg","type":"image\/jpeg"}],"author":"Nexo Informativo","twitter_card":"summary_large_image","twitter_misc":{"Escrito por":"Nexo Informativo","Tiempo de lectura":"2 minutos"},"schema":{"@context":"https:\/\/schema.org","@graph":[{"@type":"Article","@id":"https:\/\/www.nexoinformativo.mx\/index.php\/2025\/02\/17\/marina-y-sea-shepherd-firman-convenio-para-la-proteccion-del-medio-ambiente-marino\/#article","isPartOf":{"@id":"https:\/\/www.nexoinformativo.mx\/index.php\/2025\/02\/17\/marina-y-sea-shepherd-firman-convenio-para-la-proteccion-del-medio-ambiente-marino\/"},"author":{"name":"Nexo Informativo","@id":"https:\/\/www.nexoinformativo.mx\/#\/schema\/person\/7749d380ba08c8ca00d7bc76fd907b7d"},"headline":"Marina y Sea Shepherd Firman convenio para la protecci\u00f3n del medio ambiente marino","datePublished":"2025-02-17T12:30:19+00:00","dateModified":"2025-02-17T15:00:25+00:00","mainEntityOfPage":{"@id":"https:\/\/www.nexoinformativo.mx\/index.php\/2025\/02\/17\/marina-y-sea-shepherd-firman-convenio-para-la-proteccion-del-medio-ambiente-marino\/"},"wordCount":261,"commentCount":0,"publisher":{"@id":"https:\/\/www.nexoinformativo.mx\/#organization"},"image":{"@id":"https:\/\/www.nexoinformativo.mx\/index.php\/2025\/02\/17\/marina-y-sea-shepherd-firman-convenio-para-la-proteccion-del-medio-ambiente-marino\/#primaryimage"},"thumbnailUrl":"https:\/\/www.nexoinformativo.mx\/wp-content\/uploads\/2025\/02\/IMG_0847.jpg","keywords":["MarinaM\u00e9xico","MedioAmbiente","Protecci\u00f3nMarina","SeaShepherd"],"articleSection":["Nacional","\u00daltima Hora"],"inLanguage":"es","potentialAction":[{"@type":"CommentAction","name":"Comment","target":["https:\/\/www.nexoinformativo.mx\/index.php\/2025\/02\/17\/marina-y-sea-shepherd-firman-convenio-para-la-proteccion-del-medio-ambiente-marino\/#respond"]}]},{"@type":"WebPage","@id":"https:\/\/www.nexoinformativo.mx\/index.php\/2025\/02\/17\/marina-y-sea-shepherd-firman-convenio-para-la-proteccion-del-medio-ambiente-marino\/","url":"https:\/\/www.nexoinformativo.mx\/index.php\/2025\/02\/17\/marina-y-sea-shepherd-firman-convenio-para-la-proteccion-del-medio-ambiente-marino\/","name":"Marina y Sea Shepherd Firman convenio para la protecci\u00f3n del medio ambiente marino | Nexo Informativo Santiago de Quer\u00e9taro","isPartOf":{"@id":"https:\/\/www.nexoinformativo.mx\/#website"},"primaryImageOfPage":{"@id":"https:\/\/www.nexoinformativo.mx\/index.php\/2025\/02\/17\/marina-y-sea-shepherd-firman-convenio-para-la-proteccion-del-medio-ambiente-marino\/#primaryimage"},"image":{"@id":"https:\/\/www.nexoinformativo.mx\/index.php\/2025\/02\/17\/marina-y-sea-shepherd-firman-convenio-para-la-proteccion-del-medio-ambiente-marino\/#primaryimage"},"thumbnailUrl":"https:\/\/www.nexoinformativo.mx\/wp-content\/uploads\/2025\/02\/IMG_0847.jpg","datePublished":"2025-02-17T12:30:19+00:00","dateModified":"2025-02-17T15:00:25+00:00","description":"Marina y Sea Shepherd Firman convenio para la protecci\u00f3n del medio ambiente marino","breadcrumb":{"@id":"https:\/\/www.nexoinformativo.mx\/index.php\/2025\/02\/17\/marina-y-sea-shepherd-firman-convenio-para-la-proteccion-del-medio-ambiente-marino\/#breadcrumb"},"inLanguage":"es","potentialAction":[{"@type":"ReadAction","target":["https:\/\/www.nexoinformativo.mx\/index.php\/2025\/02\/17\/marina-y-sea-shepherd-firman-convenio-para-la-proteccion-del-medio-ambiente-marino\/"]}]},{"@type":"ImageObject","inLanguage":"es","@id":"https:\/\/www.nexoinformativo.mx\/index.php\/2025\/02\/17\/marina-y-sea-shepherd-firman-convenio-para-la-proteccion-del-medio-ambiente-marino\/#primaryimage","url":"https:\/\/www.nexoinformativo.mx\/wp-content\/uploads\/2025\/02\/IMG_0847.jpg","contentUrl":"https:\/\/www.nexoinformativo.mx\/wp-content\/uploads\/2025\/02\/IMG_0847.jpg","width":650,"height":380},{"@type":"BreadcrumbList","@id":"https:\/\/www.nexoinformativo.mx\/index.php\/2025\/02\/17\/marina-y-sea-shepherd-firman-convenio-para-la-proteccion-del-medio-ambiente-marino\/#breadcrumb","itemListElement":[{"@type":"ListItem","position":1,"name":"Inicio","item":"https:\/\/www.nexoinformativo.mx\/"},{"@type":"ListItem","position":2,"name":"Marina y Sea Shepherd Firman convenio para la protecci\u00f3n del medio ambiente marino"}]},{"@type":"WebSite","@id":"https:\/\/www.nexoinformativo.mx\/#website","url":"https:\/\/www.nexoinformativo.mx\/","name":"Nexo Informativo Santiago de Quer\u00e9taro","description":"Explora NexoInformativo y convi\u00e9rtete en parte de una comunidad que valora el conocimiento y la verdad. Tu nexoinformativo es tu puente hacia una comprensi\u00f3n m\u00e1s profunda del mundo que te rodea.","publisher":{"@id":"https:\/\/www.nexoinformativo.mx\/#organization"},"potentialAction":[{"@type":"SearchAction","target":{"@type":"EntryPoint","urlTemplate":"https:\/\/www.nexoinformativo.mx\/?s={search_term_string}"},"query-input":{"@type":"PropertyValueSpecification","valueRequired":true,"valueName":"search_term_string"}}],"inLanguage":"es"},{"@type":"Organization","@id":"https:\/\/www.nexoinformativo.mx\/#organization","name":"Nexo Informativo Santiago de Quer\u00e9taro","url":"https:\/\/www.nexoinformativo.mx\/","logo":{"@type":"ImageObject","inLanguage":"es","@id":"https:\/\/www.nexoinformativo.mx\/#\/schema\/logo\/image\/","url":"https:\/\/www.nexoinformativo.mx\/wp-content\/uploads\/2024\/07\/nexoi-trasparente-2.png","contentUrl":"https:\/\/www.nexoinformativo.mx\/wp-content\/uploads\/2024\/07\/nexoi-trasparente-2.png","width":816,"height":339,"caption":"Nexo Informativo Santiago de Quer\u00e9taro"},"image":{"@id":"https:\/\/www.nexoinformativo.mx\/#\/schema\/logo\/image\/"},"sameAs":["https:\/\/www.facebook.com\/people\/Nexo-Informativo\/61564066885511\/"]},{"@type":"Person","@id":"https:\/\/www.nexoinformativo.mx\/#\/schema\/person\/7749d380ba08c8ca00d7bc76fd907b7d","name":"Nexo Informativo","image":{"@type":"ImageObject","inLanguage":"es","@id":"https:\/\/www.nexoinformativo.mx\/#\/schema\/person\/image\/","url":"https:\/\/secure.gravatar.com\/avatar\/dde2928154642a13d95f87ddf1ea9718fe2b46760a005c53e41ff5ad610704e6?s=96&d=mm&r=g","contentUrl":"https:\/\/secure.gravatar.com\/avatar\/dde2928154642a13d95f87ddf1ea9718fe2b46760a005c53e41ff5ad610704e6?s=96&d=mm&r=g","caption":"Nexo Informativo"},"url":"https:\/\/www.nexoinformativo.mx\/index.php\/author\/edicion\/"}]}},"_links":{"self":[{"href":"https:\/\/www.nexoinformativo.mx\/index.php\/wp-json\/wp\/v2\/posts\/11699","targetHints":{"allow":["GET"]}}],"collection":[{"href":"https:\/\/www.nexoinformativo.mx\/index.php\/wp-json\/wp\/v2\/posts"}],"about":[{"href":"https:\/\/www.nexoinformativo.mx\/index.php\/wp-json\/wp\/v2\/types\/post"}],"author":[{"embeddable":true,"href":"https:\/\/www.nexoinformativo.mx\/index.php\/wp-json\/wp\/v2\/users\/3"}],"replies":[{"embeddable":true,"href":"https:\/\/www.nexoinformativo.mx\/index.php\/wp-json\/wp\/v2\/comments?post=11699"}],"version-history":[{"count":4,"href":"https:\/\/www.nexoinformativo.mx\/index.php\/wp-json\/wp\/v2\/posts\/11699\/revisions"}],"predecessor-version":[{"id":11704,"href":"https:\/\/www.nexoinformativo.mx\/index.php\/wp-json\/wp\/v2\/posts\/11699\/revisions\/11704"}],"wp:featuredmedia":[{"embeddable":true,"href":"https:\/\/www.nexoinformativo.mx\/index.php\/wp-json\/wp\/v2\/media\/11703"}],"wp:attachment":[{"href":"https:\/\/www.nexoinformativo.mx\/index.php\/wp-json\/wp\/v2\/media?parent=11699"}],"wp:term":[{"taxonomy":"category","embeddable":true,"href":"https:\/\/www.nexoinformativo.mx\/index.php\/wp-json\/wp\/v2\/categories?post=11699"},{"taxonomy":"post_tag","embeddable":true,"href":"https:\/\/www.nexoinformativo.mx\/index.php\/wp-json\/wp\/v2\/tags?post=11699"}],"curies":[{"name":"wp","href":"https:\/\/api.w.org\/{rel}","templated":true}]}}