{"id":11720,"date":"2025-02-17T11:00:09","date_gmt":"2025-02-17T17:00:09","guid":{"rendered":"https:\/\/www.nexoinformativo.mx\/?p=11720"},"modified":"2025-02-17T14:02:35","modified_gmt":"2025-02-17T20:02:35","slug":"queretaro-lidera-la-proteccion-de-menores-en-el-mundo-digital-la-nueva-ley-restringe-el-uso-de-redes-sociales","status":"publish","type":"post","link":"https:\/\/www.nexoinformativo.mx\/index.php\/2025\/02\/17\/queretaro-lidera-la-proteccion-de-menores-en-el-mundo-digital-la-nueva-ley-restringe-el-uso-de-redes-sociales\/","title":{"rendered":"Quer\u00e9taro lidera la protecci\u00f3n de menores en el mundo digital la nueva ley restringe el uso de redes sociales"},"content":{"rendered":"<p style=\"text-align: justify;\" data-sourcepos=\"11:1-11:438\">En un hecho sin precedentes a nivel nacional, el gobernador de Quer\u00e9taro, Mauricio Kuri, present\u00f3 una iniciativa de ley que busca proteger a los ni\u00f1os y adolescentes de los riesgos del mundo digital.<\/p>\n<p>&nbsp;<\/p>\n<p style=\"text-align: justify;\" data-sourcepos=\"11:1-11:438\">El paquete de iniciativas fue entregado a los senadores por Quer\u00e9taro, Lupita Murgu\u00eda y Agust\u00edn Dorantes, para que la turnen al Congreso de la Uni\u00f3n, medidas que pretenden impactar en todo el pa\u00eds.<\/p>\n<p>&nbsp;<\/p>\n<p style=\"text-align: justify;\" data-sourcepos=\"13:1-13:198\">La medida busca garantizar el bienestar de los menores, quienes son especialmente vulnerables a los peligros del ciberacoso, la exposici\u00f3n a contenido inapropiado y la adicci\u00f3n a las redes sociales.<\/p>\n<p>&nbsp;<\/p>\n<p style=\"text-align: justify;\" data-sourcepos=\"15:1-15:207\"><strong>&#8220;Esta iniciativa no busca prohibir, sino cuidar, prevenir y garantizarle a la ni\u00f1ez y a la juventud el derecho a una vida libre de violencia&#8221;<\/strong>, afirm\u00f3 la secretaria de la Juventud, Virginia Hern\u00e1ndez V\u00e1zquez.<\/p>\n<p>&nbsp;<\/p>\n<p style=\"text-align: justify;\" data-sourcepos=\"15:1-15:207\">En su oportunidad, el secretario de Gobierno, Carlos Alberto Alcaraz, enfatiz\u00f3 que las ni\u00f1as, ni\u00f1os y adolescentes son prioridad para el Estado, y las medidas anunciadas por el mandatario queretano cumplen cabalmente con Plan Estatal de Desarrollo en el eje primero de vida y dignidad, as\u00ed como el eje quinto que tiene que ver con la seguridad de las personas.<\/p>\n<p>&nbsp;<\/p>\n<p style=\"text-align: justify;\">La secretaria de Educaci\u00f3n, Martha Elena Soto Obreg\u00f3n, comparti\u00f3 que desde la dependencia que ella encabeza han detectado en particular temas de atenci\u00f3n emocional y mental, bullying, ciberacoso y consumo de drogas. Inform\u00f3 que durante el 2024 reportaron 100 casos por semana, principalmente en temas de ansiedad, depresi\u00f3n, y estr\u00e9s.<\/p>\n<p>&nbsp;<\/p>\n<p style=\"text-align: justify;\">Durante su mensaje, el senador de la Rep\u00fablica, Agust\u00edn Dorantes, ponder\u00f3 que esta iniciativa no busca prohibir o restringir, sino regular y potenciar el uso adecuado de las redes sociales. Asegur\u00f3 que la presentaci\u00f3n de la misma generar\u00e1 mucho debate en el Congreso de la Uni\u00f3n, motivo por el que se buscar\u00e1 hacer un ejercicio de di\u00e1logo, colaboraci\u00f3n.<\/p>\n<p>&nbsp;<\/p>\n<p style=\"text-align: justify;\" data-sourcepos=\"19:1-19:272\">Adem\u00e1s de limitar el acceso a las redes sociales, la iniciativa tambi\u00e9n contempla otras medidas como la creaci\u00f3n de zonas seguras para ni\u00f1os y adolescentes, la promoci\u00f3n de actividades saludables y la capacitaci\u00f3n a padres y educadores sobre los riesgos del mundo digital.<\/p>\n<p>&nbsp;<\/p>\n<p style=\"text-align: center;\" data-sourcepos=\"19:1-19:272\"><em><strong>\u00a1Informaci\u00f3n que transforma!<\/strong><\/em><\/p>\n","protected":false},"excerpt":{"rendered":"<p>En un hecho sin precedentes a nivel nacional, el gobernador de Quer\u00e9taro, Mauricio Kuri, present\u00f3 una iniciativa de ley que busca proteger a los ni\u00f1os y adolescentes de los riesgos del mundo digital.<\/p>\n","protected":false},"author":3,"featured_media":11723,"comment_status":"open","ping_status":"open","sticky":false,"template":"","format":"standard","meta":{"footnotes":""},"categories":[42,21,58],"tags":[3397,133,3101,2833],"class_list":["post-11720","post","type-post","status-publish","format-standard","has-post-thumbnail","hentry","category-estado","category-politica","category-ultima-hora","tag-ninos","tag-queretaro","tag-redessociales","tag-seguridadinfantil"],"yoast_head":"<!-- This site is optimized with the Yoast SEO plugin v25.0 - https:\/\/yoast.com\/wordpress\/plugins\/seo\/ -->\n<title>Quer\u00e9taro lidera la protecci\u00f3n de menores en el mundo digital la nueva ley restringe el uso de redes sociales | Nexo Informativo Santiago de Quer\u00e9taro<\/title>\n<meta name=\"description\" content=\"Quer\u00e9taro lidera la protecci\u00f3n de menores en el mundo digital la nueva ley restringe el uso de redes sociales\" \/>\n<meta name=\"robots\" content=\"index, follow, max-snippet:-1, max-image-preview:large, max-video-preview:-1\" \/>\n<link rel=\"canonical\" href=\"https:\/\/www.nexoinformativo.mx\/index.php\/2025\/02\/17\/queretaro-lidera-la-proteccion-de-menores-en-el-mundo-digital-la-nueva-ley-restringe-el-uso-de-redes-sociales\/\" \/>\n<meta property=\"og:locale\" content=\"es_MX\" \/>\n<meta property=\"og:type\" content=\"article\" \/>\n<meta property=\"og:title\" content=\"Quer\u00e9taro lidera la protecci\u00f3n de menores en el mundo digital la nueva ley restringe el uso de redes sociales | Nexo Informativo Santiago de Quer\u00e9taro\" \/>\n<meta property=\"og:description\" content=\"Quer\u00e9taro lidera la protecci\u00f3n de menores en el mundo digital la nueva ley restringe el uso de redes sociales\" \/>\n<meta property=\"og:url\" content=\"https:\/\/www.nexoinformativo.mx\/index.php\/2025\/02\/17\/queretaro-lidera-la-proteccion-de-menores-en-el-mundo-digital-la-nueva-ley-restringe-el-uso-de-redes-sociales\/\" \/>\n<meta property=\"og:site_name\" content=\"Nexo Informativo Santiago de Quer\u00e9taro\" \/>\n<meta property=\"article:publisher\" content=\"https:\/\/www.facebook.com\/people\/Nexo-Informativo\/61564066885511\/\" \/>\n<meta property=\"article:published_time\" content=\"2025-02-17T17:00:09+00:00\" \/>\n<meta property=\"article:modified_time\" content=\"2025-02-17T20:02:35+00:00\" \/>\n<meta property=\"og:image\" content=\"https:\/\/www.nexoinformativo.mx\/wp-content\/uploads\/2025\/02\/PHOTO-2025-02-17-13-30-31-e1739822501949.jpg\" \/>\n\t<meta property=\"og:image:width\" content=\"800\" \/>\n\t<meta property=\"og:image:height\" content=\"533\" \/>\n\t<meta property=\"og:image:type\" content=\"image\/jpeg\" \/>\n<meta name=\"author\" content=\"Nexo Informativo\" \/>\n<meta name=\"twitter:card\" content=\"summary_large_image\" \/>\n<meta name=\"twitter:label1\" content=\"Escrito por\" \/>\n\t<meta name=\"twitter:data1\" content=\"Nexo Informativo\" \/>\n\t<meta name=\"twitter:label2\" content=\"Tiempo de lectura\" \/>\n\t<meta name=\"twitter:data2\" content=\"2 minutos\" \/>\n<script type=\"application\/ld+json\" class=\"yoast-schema-graph\">{\"@context\":\"https:\/\/schema.org\",\"@graph\":[{\"@type\":\"Article\",\"@id\":\"https:\/\/www.nexoinformativo.mx\/index.php\/2025\/02\/17\/queretaro-lidera-la-proteccion-de-menores-en-el-mundo-digital-la-nueva-ley-restringe-el-uso-de-redes-sociales\/#article\",\"isPartOf\":{\"@id\":\"https:\/\/www.nexoinformativo.mx\/index.php\/2025\/02\/17\/queretaro-lidera-la-proteccion-de-menores-en-el-mundo-digital-la-nueva-ley-restringe-el-uso-de-redes-sociales\/\"},\"author\":{\"name\":\"Nexo Informativo\",\"@id\":\"https:\/\/www.nexoinformativo.mx\/#\/schema\/person\/7749d380ba08c8ca00d7bc76fd907b7d\"},\"headline\":\"Quer\u00e9taro lidera la protecci\u00f3n de menores en el mundo digital la nueva ley restringe el uso de redes sociales\",\"datePublished\":\"2025-02-17T17:00:09+00:00\",\"dateModified\":\"2025-02-17T20:02:35+00:00\",\"mainEntityOfPage\":{\"@id\":\"https:\/\/www.nexoinformativo.mx\/index.php\/2025\/02\/17\/queretaro-lidera-la-proteccion-de-menores-en-el-mundo-digital-la-nueva-ley-restringe-el-uso-de-redes-sociales\/\"},\"wordCount\":403,\"commentCount\":0,\"publisher\":{\"@id\":\"https:\/\/www.nexoinformativo.mx\/#organization\"},\"image\":{\"@id\":\"https:\/\/www.nexoinformativo.mx\/index.php\/2025\/02\/17\/queretaro-lidera-la-proteccion-de-menores-en-el-mundo-digital-la-nueva-ley-restringe-el-uso-de-redes-sociales\/#primaryimage\"},\"thumbnailUrl\":\"https:\/\/www.nexoinformativo.mx\/wp-content\/uploads\/2025\/02\/PHOTO-2025-02-17-13-30-31-e1739822501949.jpg\",\"keywords\":[\"Ni\u00f1os\",\"Quer\u00e9taro\",\"RedesSociales\",\"SeguridadInfantil\"],\"articleSection\":[\"Estado\",\"Pol\u00edtica\",\"\u00daltima Hora\"],\"inLanguage\":\"es\",\"potentialAction\":[{\"@type\":\"CommentAction\",\"name\":\"Comment\",\"target\":[\"https:\/\/www.nexoinformativo.mx\/index.php\/2025\/02\/17\/queretaro-lidera-la-proteccion-de-menores-en-el-mundo-digital-la-nueva-ley-restringe-el-uso-de-redes-sociales\/#respond\"]}]},{\"@type\":\"WebPage\",\"@id\":\"https:\/\/www.nexoinformativo.mx\/index.php\/2025\/02\/17\/queretaro-lidera-la-proteccion-de-menores-en-el-mundo-digital-la-nueva-ley-restringe-el-uso-de-redes-sociales\/\",\"url\":\"https:\/\/www.nexoinformativo.mx\/index.php\/2025\/02\/17\/queretaro-lidera-la-proteccion-de-menores-en-el-mundo-digital-la-nueva-ley-restringe-el-uso-de-redes-sociales\/\",\"name\":\"Quer\u00e9taro lidera la protecci\u00f3n de menores en el mundo digital la nueva ley restringe el uso de redes sociales | Nexo Informativo Santiago de Quer\u00e9taro\",\"isPartOf\":{\"@id\":\"https:\/\/www.nexoinformativo.mx\/#website\"},\"primaryImageOfPage\":{\"@id\":\"https:\/\/www.nexoinformativo.mx\/index.php\/2025\/02\/17\/queretaro-lidera-la-proteccion-de-menores-en-el-mundo-digital-la-nueva-ley-restringe-el-uso-de-redes-sociales\/#primaryimage\"},\"image\":{\"@id\":\"https:\/\/www.nexoinformativo.mx\/index.php\/2025\/02\/17\/queretaro-lidera-la-proteccion-de-menores-en-el-mundo-digital-la-nueva-ley-restringe-el-uso-de-redes-sociales\/#primaryimage\"},\"thumbnailUrl\":\"https:\/\/www.nexoinformativo.mx\/wp-content\/uploads\/2025\/02\/PHOTO-2025-02-17-13-30-31-e1739822501949.jpg\",\"datePublished\":\"2025-02-17T17:00:09+00:00\",\"dateModified\":\"2025-02-17T20:02:35+00:00\",\"description\":\"Quer\u00e9taro lidera la protecci\u00f3n de menores en el mundo digital la nueva ley restringe el uso de redes sociales\",\"breadcrumb\":{\"@id\":\"https:\/\/www.nexoinformativo.mx\/index.php\/2025\/02\/17\/queretaro-lidera-la-proteccion-de-menores-en-el-mundo-digital-la-nueva-ley-restringe-el-uso-de-redes-sociales\/#breadcrumb\"},\"inLanguage\":\"es\",\"potentialAction\":[{\"@type\":\"ReadAction\",\"target\":[\"https:\/\/www.nexoinformativo.mx\/index.php\/2025\/02\/17\/queretaro-lidera-la-proteccion-de-menores-en-el-mundo-digital-la-nueva-ley-restringe-el-uso-de-redes-sociales\/\"]}]},{\"@type\":\"ImageObject\",\"inLanguage\":\"es\",\"@id\":\"https:\/\/www.nexoinformativo.mx\/index.php\/2025\/02\/17\/queretaro-lidera-la-proteccion-de-menores-en-el-mundo-digital-la-nueva-ley-restringe-el-uso-de-redes-sociales\/#primaryimage\",\"url\":\"https:\/\/www.nexoinformativo.mx\/wp-content\/uploads\/2025\/02\/PHOTO-2025-02-17-13-30-31-e1739822501949.jpg\",\"contentUrl\":\"https:\/\/www.nexoinformativo.mx\/wp-content\/uploads\/2025\/02\/PHOTO-2025-02-17-13-30-31-e1739822501949.jpg\",\"width\":800,\"height\":533},{\"@type\":\"BreadcrumbList\",\"@id\":\"https:\/\/www.nexoinformativo.mx\/index.php\/2025\/02\/17\/queretaro-lidera-la-proteccion-de-menores-en-el-mundo-digital-la-nueva-ley-restringe-el-uso-de-redes-sociales\/#breadcrumb\",\"itemListElement\":[{\"@type\":\"ListItem\",\"position\":1,\"name\":\"Inicio\",\"item\":\"https:\/\/www.nexoinformativo.mx\/\"},{\"@type\":\"ListItem\",\"position\":2,\"name\":\"Quer\u00e9taro lidera la protecci\u00f3n de menores en el mundo digital la nueva ley restringe el uso de redes sociales\"}]},{\"@type\":\"WebSite\",\"@id\":\"https:\/\/www.nexoinformativo.mx\/#website\",\"url\":\"https:\/\/www.nexoinformativo.mx\/\",\"name\":\"Nexo Informativo Santiago de Quer\u00e9taro\",\"description\":\"Explora NexoInformativo y convi\u00e9rtete en parte de una comunidad que valora el conocimiento y la verdad. Tu nexoinformativo es tu puente hacia una comprensi\u00f3n m\u00e1s profunda del mundo que te rodea.\",\"publisher\":{\"@id\":\"https:\/\/www.nexoinformativo.mx\/#organization\"},\"potentialAction\":[{\"@type\":\"SearchAction\",\"target\":{\"@type\":\"EntryPoint\",\"urlTemplate\":\"https:\/\/www.nexoinformativo.mx\/?s={search_term_string}\"},\"query-input\":{\"@type\":\"PropertyValueSpecification\",\"valueRequired\":true,\"valueName\":\"search_term_string\"}}],\"inLanguage\":\"es\"},{\"@type\":\"Organization\",\"@id\":\"https:\/\/www.nexoinformativo.mx\/#organization\",\"name\":\"Nexo Informativo Santiago de Quer\u00e9taro\",\"url\":\"https:\/\/www.nexoinformativo.mx\/\",\"logo\":{\"@type\":\"ImageObject\",\"inLanguage\":\"es\",\"@id\":\"https:\/\/www.nexoinformativo.mx\/#\/schema\/logo\/image\/\",\"url\":\"https:\/\/www.nexoinformativo.mx\/wp-content\/uploads\/2024\/07\/nexoi-trasparente-2.png\",\"contentUrl\":\"https:\/\/www.nexoinformativo.mx\/wp-content\/uploads\/2024\/07\/nexoi-trasparente-2.png\",\"width\":816,\"height\":339,\"caption\":\"Nexo Informativo Santiago de Quer\u00e9taro\"},\"image\":{\"@id\":\"https:\/\/www.nexoinformativo.mx\/#\/schema\/logo\/image\/\"},\"sameAs\":[\"https:\/\/www.facebook.com\/people\/Nexo-Informativo\/61564066885511\/\"]},{\"@type\":\"Person\",\"@id\":\"https:\/\/www.nexoinformativo.mx\/#\/schema\/person\/7749d380ba08c8ca00d7bc76fd907b7d\",\"name\":\"Nexo Informativo\",\"image\":{\"@type\":\"ImageObject\",\"inLanguage\":\"es\",\"@id\":\"https:\/\/www.nexoinformativo.mx\/#\/schema\/person\/image\/\",\"url\":\"https:\/\/secure.gravatar.com\/avatar\/dde2928154642a13d95f87ddf1ea9718fe2b46760a005c53e41ff5ad610704e6?s=96&d=mm&r=g\",\"contentUrl\":\"https:\/\/secure.gravatar.com\/avatar\/dde2928154642a13d95f87ddf1ea9718fe2b46760a005c53e41ff5ad610704e6?s=96&d=mm&r=g\",\"caption\":\"Nexo Informativo\"},\"url\":\"https:\/\/www.nexoinformativo.mx\/index.php\/author\/edicion\/\"}]}<\/script>\n<!-- \/ Yoast SEO plugin. -->","yoast_head_json":{"title":"Quer\u00e9taro lidera la protecci\u00f3n de menores en el mundo digital la nueva ley restringe el uso de redes sociales | Nexo Informativo Santiago de Quer\u00e9taro","description":"Quer\u00e9taro lidera la protecci\u00f3n de menores en el mundo digital la nueva ley restringe el uso de redes sociales","robots":{"index":"index","follow":"follow","max-snippet":"max-snippet:-1","max-image-preview":"max-image-preview:large","max-video-preview":"max-video-preview:-1"},"canonical":"https:\/\/www.nexoinformativo.mx\/index.php\/2025\/02\/17\/queretaro-lidera-la-proteccion-de-menores-en-el-mundo-digital-la-nueva-ley-restringe-el-uso-de-redes-sociales\/","og_locale":"es_MX","og_type":"article","og_title":"Quer\u00e9taro lidera la protecci\u00f3n de menores en el mundo digital la nueva ley restringe el uso de redes sociales | Nexo Informativo Santiago de Quer\u00e9taro","og_description":"Quer\u00e9taro lidera la protecci\u00f3n de menores en el mundo digital la nueva ley restringe el uso de redes sociales","og_url":"https:\/\/www.nexoinformativo.mx\/index.php\/2025\/02\/17\/queretaro-lidera-la-proteccion-de-menores-en-el-mundo-digital-la-nueva-ley-restringe-el-uso-de-redes-sociales\/","og_site_name":"Nexo Informativo Santiago de Quer\u00e9taro","article_publisher":"https:\/\/www.facebook.com\/people\/Nexo-Informativo\/61564066885511\/","article_published_time":"2025-02-17T17:00:09+00:00","article_modified_time":"2025-02-17T20:02:35+00:00","og_image":[{"width":800,"height":533,"url":"https:\/\/www.nexoinformativo.mx\/wp-content\/uploads\/2025\/02\/PHOTO-2025-02-17-13-30-31-e1739822501949.jpg","type":"image\/jpeg"}],"author":"Nexo Informativo","twitter_card":"summary_large_image","twitter_misc":{"Escrito por":"Nexo Informativo","Tiempo de lectura":"2 minutos"},"schema":{"@context":"https:\/\/schema.org","@graph":[{"@type":"Article","@id":"https:\/\/www.nexoinformativo.mx\/index.php\/2025\/02\/17\/queretaro-lidera-la-proteccion-de-menores-en-el-mundo-digital-la-nueva-ley-restringe-el-uso-de-redes-sociales\/#article","isPartOf":{"@id":"https:\/\/www.nexoinformativo.mx\/index.php\/2025\/02\/17\/queretaro-lidera-la-proteccion-de-menores-en-el-mundo-digital-la-nueva-ley-restringe-el-uso-de-redes-sociales\/"},"author":{"name":"Nexo Informativo","@id":"https:\/\/www.nexoinformativo.mx\/#\/schema\/person\/7749d380ba08c8ca00d7bc76fd907b7d"},"headline":"Quer\u00e9taro lidera la protecci\u00f3n de menores en el mundo digital la nueva ley restringe el uso de redes sociales","datePublished":"2025-02-17T17:00:09+00:00","dateModified":"2025-02-17T20:02:35+00:00","mainEntityOfPage":{"@id":"https:\/\/www.nexoinformativo.mx\/index.php\/2025\/02\/17\/queretaro-lidera-la-proteccion-de-menores-en-el-mundo-digital-la-nueva-ley-restringe-el-uso-de-redes-sociales\/"},"wordCount":403,"commentCount":0,"publisher":{"@id":"https:\/\/www.nexoinformativo.mx\/#organization"},"image":{"@id":"https:\/\/www.nexoinformativo.mx\/index.php\/2025\/02\/17\/queretaro-lidera-la-proteccion-de-menores-en-el-mundo-digital-la-nueva-ley-restringe-el-uso-de-redes-sociales\/#primaryimage"},"thumbnailUrl":"https:\/\/www.nexoinformativo.mx\/wp-content\/uploads\/2025\/02\/PHOTO-2025-02-17-13-30-31-e1739822501949.jpg","keywords":["Ni\u00f1os","Quer\u00e9taro","RedesSociales","SeguridadInfantil"],"articleSection":["Estado","Pol\u00edtica","\u00daltima Hora"],"inLanguage":"es","potentialAction":[{"@type":"CommentAction","name":"Comment","target":["https:\/\/www.nexoinformativo.mx\/index.php\/2025\/02\/17\/queretaro-lidera-la-proteccion-de-menores-en-el-mundo-digital-la-nueva-ley-restringe-el-uso-de-redes-sociales\/#respond"]}]},{"@type":"WebPage","@id":"https:\/\/www.nexoinformativo.mx\/index.php\/2025\/02\/17\/queretaro-lidera-la-proteccion-de-menores-en-el-mundo-digital-la-nueva-ley-restringe-el-uso-de-redes-sociales\/","url":"https:\/\/www.nexoinformativo.mx\/index.php\/2025\/02\/17\/queretaro-lidera-la-proteccion-de-menores-en-el-mundo-digital-la-nueva-ley-restringe-el-uso-de-redes-sociales\/","name":"Quer\u00e9taro lidera la protecci\u00f3n de menores en el mundo digital la nueva ley restringe el uso de redes sociales | Nexo Informativo Santiago de Quer\u00e9taro","isPartOf":{"@id":"https:\/\/www.nexoinformativo.mx\/#website"},"primaryImageOfPage":{"@id":"https:\/\/www.nexoinformativo.mx\/index.php\/2025\/02\/17\/queretaro-lidera-la-proteccion-de-menores-en-el-mundo-digital-la-nueva-ley-restringe-el-uso-de-redes-sociales\/#primaryimage"},"image":{"@id":"https:\/\/www.nexoinformativo.mx\/index.php\/2025\/02\/17\/queretaro-lidera-la-proteccion-de-menores-en-el-mundo-digital-la-nueva-ley-restringe-el-uso-de-redes-sociales\/#primaryimage"},"thumbnailUrl":"https:\/\/www.nexoinformativo.mx\/wp-content\/uploads\/2025\/02\/PHOTO-2025-02-17-13-30-31-e1739822501949.jpg","datePublished":"2025-02-17T17:00:09+00:00","dateModified":"2025-02-17T20:02:35+00:00","description":"Quer\u00e9taro lidera la protecci\u00f3n de menores en el mundo digital la nueva ley restringe el uso de redes sociales","breadcrumb":{"@id":"https:\/\/www.nexoinformativo.mx\/index.php\/2025\/02\/17\/queretaro-lidera-la-proteccion-de-menores-en-el-mundo-digital-la-nueva-ley-restringe-el-uso-de-redes-sociales\/#breadcrumb"},"inLanguage":"es","potentialAction":[{"@type":"ReadAction","target":["https:\/\/www.nexoinformativo.mx\/index.php\/2025\/02\/17\/queretaro-lidera-la-proteccion-de-menores-en-el-mundo-digital-la-nueva-ley-restringe-el-uso-de-redes-sociales\/"]}]},{"@type":"ImageObject","inLanguage":"es","@id":"https:\/\/www.nexoinformativo.mx\/index.php\/2025\/02\/17\/queretaro-lidera-la-proteccion-de-menores-en-el-mundo-digital-la-nueva-ley-restringe-el-uso-de-redes-sociales\/#primaryimage","url":"https:\/\/www.nexoinformativo.mx\/wp-content\/uploads\/2025\/02\/PHOTO-2025-02-17-13-30-31-e1739822501949.jpg","contentUrl":"https:\/\/www.nexoinformativo.mx\/wp-content\/uploads\/2025\/02\/PHOTO-2025-02-17-13-30-31-e1739822501949.jpg","width":800,"height":533},{"@type":"BreadcrumbList","@id":"https:\/\/www.nexoinformativo.mx\/index.php\/2025\/02\/17\/queretaro-lidera-la-proteccion-de-menores-en-el-mundo-digital-la-nueva-ley-restringe-el-uso-de-redes-sociales\/#breadcrumb","itemListElement":[{"@type":"ListItem","position":1,"name":"Inicio","item":"https:\/\/www.nexoinformativo.mx\/"},{"@type":"ListItem","position":2,"name":"Quer\u00e9taro lidera la protecci\u00f3n de menores en el mundo digital la nueva ley restringe el uso de redes sociales"}]},{"@type":"WebSite","@id":"https:\/\/www.nexoinformativo.mx\/#website","url":"https:\/\/www.nexoinformativo.mx\/","name":"Nexo Informativo Santiago de Quer\u00e9taro","description":"Explora NexoInformativo y convi\u00e9rtete en parte de una comunidad que valora el conocimiento y la verdad. Tu nexoinformativo es tu puente hacia una comprensi\u00f3n m\u00e1s profunda del mundo que te rodea.","publisher":{"@id":"https:\/\/www.nexoinformativo.mx\/#organization"},"potentialAction":[{"@type":"SearchAction","target":{"@type":"EntryPoint","urlTemplate":"https:\/\/www.nexoinformativo.mx\/?s={search_term_string}"},"query-input":{"@type":"PropertyValueSpecification","valueRequired":true,"valueName":"search_term_string"}}],"inLanguage":"es"},{"@type":"Organization","@id":"https:\/\/www.nexoinformativo.mx\/#organization","name":"Nexo Informativo Santiago de Quer\u00e9taro","url":"https:\/\/www.nexoinformativo.mx\/","logo":{"@type":"ImageObject","inLanguage":"es","@id":"https:\/\/www.nexoinformativo.mx\/#\/schema\/logo\/image\/","url":"https:\/\/www.nexoinformativo.mx\/wp-content\/uploads\/2024\/07\/nexoi-trasparente-2.png","contentUrl":"https:\/\/www.nexoinformativo.mx\/wp-content\/uploads\/2024\/07\/nexoi-trasparente-2.png","width":816,"height":339,"caption":"Nexo Informativo Santiago de Quer\u00e9taro"},"image":{"@id":"https:\/\/www.nexoinformativo.mx\/#\/schema\/logo\/image\/"},"sameAs":["https:\/\/www.facebook.com\/people\/Nexo-Informativo\/61564066885511\/"]},{"@type":"Person","@id":"https:\/\/www.nexoinformativo.mx\/#\/schema\/person\/7749d380ba08c8ca00d7bc76fd907b7d","name":"Nexo Informativo","image":{"@type":"ImageObject","inLanguage":"es","@id":"https:\/\/www.nexoinformativo.mx\/#\/schema\/person\/image\/","url":"https:\/\/secure.gravatar.com\/avatar\/dde2928154642a13d95f87ddf1ea9718fe2b46760a005c53e41ff5ad610704e6?s=96&d=mm&r=g","contentUrl":"https:\/\/secure.gravatar.com\/avatar\/dde2928154642a13d95f87ddf1ea9718fe2b46760a005c53e41ff5ad610704e6?s=96&d=mm&r=g","caption":"Nexo Informativo"},"url":"https:\/\/www.nexoinformativo.mx\/index.php\/author\/edicion\/"}]}},"_links":{"self":[{"href":"https:\/\/www.nexoinformativo.mx\/index.php\/wp-json\/wp\/v2\/posts\/11720","targetHints":{"allow":["GET"]}}],"collection":[{"href":"https:\/\/www.nexoinformativo.mx\/index.php\/wp-json\/wp\/v2\/posts"}],"about":[{"href":"https:\/\/www.nexoinformativo.mx\/index.php\/wp-json\/wp\/v2\/types\/post"}],"author":[{"embeddable":true,"href":"https:\/\/www.nexoinformativo.mx\/index.php\/wp-json\/wp\/v2\/users\/3"}],"replies":[{"embeddable":true,"href":"https:\/\/www.nexoinformativo.mx\/index.php\/wp-json\/wp\/v2\/comments?post=11720"}],"version-history":[{"count":5,"href":"https:\/\/www.nexoinformativo.mx\/index.php\/wp-json\/wp\/v2\/posts\/11720\/revisions"}],"predecessor-version":[{"id":11726,"href":"https:\/\/www.nexoinformativo.mx\/index.php\/wp-json\/wp\/v2\/posts\/11720\/revisions\/11726"}],"wp:featuredmedia":[{"embeddable":true,"href":"https:\/\/www.nexoinformativo.mx\/index.php\/wp-json\/wp\/v2\/media\/11723"}],"wp:attachment":[{"href":"https:\/\/www.nexoinformativo.mx\/index.php\/wp-json\/wp\/v2\/media?parent=11720"}],"wp:term":[{"taxonomy":"category","embeddable":true,"href":"https:\/\/www.nexoinformativo.mx\/index.php\/wp-json\/wp\/v2\/categories?post=11720"},{"taxonomy":"post_tag","embeddable":true,"href":"https:\/\/www.nexoinformativo.mx\/index.php\/wp-json\/wp\/v2\/tags?post=11720"}],"curies":[{"name":"wp","href":"https:\/\/api.w.org\/{rel}","templated":true}]}}