{"id":11727,"date":"2025-02-17T12:00:41","date_gmt":"2025-02-17T18:00:41","guid":{"rendered":"https:\/\/www.nexoinformativo.mx\/?p=11727"},"modified":"2025-02-17T14:07:14","modified_gmt":"2025-02-17T20:07:14","slug":"fallece-paquita-la-del-barrio-icono-de-la-musica-regional-mexicana","status":"publish","type":"post","link":"https:\/\/www.nexoinformativo.mx\/index.php\/2025\/02\/17\/fallece-paquita-la-del-barrio-icono-de-la-musica-regional-mexicana\/","title":{"rendered":"Fallece Paquita la del Barrio, \u00edcono de la m\u00fasica regional mexicana"},"content":{"rendered":"<p style=\"text-align: justify;\" data-sourcepos=\"11:1-11:203\">El mundo de la m\u00fasica regional mexicana est\u00e1 de luto. Francisca Viveros Barradas, mejor conocida como <strong>Paquita la del Barrio<\/strong>, falleci\u00f3 a los 77 a\u00f1os en su casa en Veracruz.<\/p>\n<\/p>\n<p>&nbsp;<\/p>\n<p style=\"text-align: justify;\" data-sourcepos=\"13:1-13:329\">La int\u00e9rprete de \u00e9xitos como <strong>&#8220;Rata de dos patas&#8221;<\/strong> y <strong>&#8220;Se acab\u00f3 el amor&#8221;<\/strong> se convirti\u00f3 en un \u00edcono de la m\u00fasica mexicana gracias a sus letras directas y empoderadas, que resonaron con millones de personas. Su voz inconfundible y su personalidad carism\u00e1tica la convirtieron en una de las figuras m\u00e1s importantes de la m\u00fasica regional.<\/p>\n<\/p>\n<p>&nbsp;<\/p>\n<p style=\"text-align: justify;\" data-sourcepos=\"15:1-15:276\">&#8220;Con profundo dolor y tristeza, confirmamos el sensible fallecimiento de nuestra querida Paquita la del Barrio&#8221;, se lee en un comunicado publicado en sus redes sociales. &#8220;Nos dejar\u00e1 una huella imborrable en el coraz\u00f3n de todos los que la conocimos y disfrutamos de su m\u00fasica&#8221;.<\/p>\n<\/p>\n<p>&nbsp;<\/p>\n<p style=\"text-align: justify;\" data-sourcepos=\"17:1-17:193\">Paquita la del Barrio enfrentaba problemas de salud desde hace varios a\u00f1os, lo que la hab\u00eda obligado a cancelar algunas presentaciones. A pesar de esto, su legado musical perdurar\u00e1 por siempre.<\/p>\n<\/p>\n<p>&nbsp;<\/p>\n<p style=\"text-align: justify;\" data-sourcepos=\"19:1-19:287\">Su m\u00fasica, que abordaba temas como el desamor, la infidelidad y empoderamiento femenino, la convirti\u00f3 en un referente para muchas mujeres.<\/p>\n<\/p>\n<p>&nbsp;<\/p>\n<p style=\"text-align: justify;\" data-sourcepos=\"19:1-19:287\">Sus canciones se convirtieron en himnos para quienes hab\u00edan sufrido desilusiones amorosas y buscaban en la m\u00fasica una forma de sanar sus heridas.<\/p>\n<\/p>\n<p>&nbsp;<\/p>\n<p style=\"text-align: center;\" data-sourcepos=\"19:1-19:287\"><em><strong>\u00a1Informaci\u00f3n que transforma!<\/strong><\/em><\/p>\n","protected":false},"excerpt":{"rendered":"<p>El mundo de la m\u00fasica regional mexicana est\u00e1 de luto. Francisca Viveros Barradas, mejor conocida como Paquita la del Barrio, falleci\u00f3 a los 77 a\u00f1os en su casa en Veracruz.<\/p>\n","protected":false},"author":3,"featured_media":11728,"comment_status":"open","ping_status":"open","sticky":false,"template":"","format":"standard","meta":{"footnotes":""},"categories":[50,58],"tags":[3436,3435,3433,3434],"class_list":["post-11727","post","type-post","status-publish","format-standard","has-post-thumbnail","hentry","category-espectaculos","category-ultima-hora","tag-leyenda","tag-musicamexicana","tag-paquitaladelbarrio","tag-qepd"],"yoast_head":"<!-- This site is optimized with the Yoast SEO plugin v25.0 - https:\/\/yoast.com\/wordpress\/plugins\/seo\/ -->\n<title>Fallece Paquita la del Barrio, \u00edcono de la m\u00fasica regional mexicana | Nexo Informativo Santiago de Quer\u00e9taro<\/title>\n<meta name=\"description\" content=\"Fallece Paquita la del Barrio, \u00edcono de la m\u00fasica regional mexicana\" \/>\n<meta name=\"robots\" content=\"index, follow, max-snippet:-1, max-image-preview:large, max-video-preview:-1\" \/>\n<link rel=\"canonical\" href=\"https:\/\/www.nexoinformativo.mx\/index.php\/2025\/02\/17\/fallece-paquita-la-del-barrio-icono-de-la-musica-regional-mexicana\/\" \/>\n<meta property=\"og:locale\" content=\"es_MX\" \/>\n<meta property=\"og:type\" content=\"article\" \/>\n<meta property=\"og:title\" content=\"Fallece Paquita la del Barrio, \u00edcono de la m\u00fasica regional mexicana | Nexo Informativo Santiago de Quer\u00e9taro\" \/>\n<meta property=\"og:description\" content=\"Fallece Paquita la del Barrio, \u00edcono de la m\u00fasica regional mexicana\" \/>\n<meta property=\"og:url\" content=\"https:\/\/www.nexoinformativo.mx\/index.php\/2025\/02\/17\/fallece-paquita-la-del-barrio-icono-de-la-musica-regional-mexicana\/\" \/>\n<meta property=\"og:site_name\" content=\"Nexo Informativo Santiago de Quer\u00e9taro\" \/>\n<meta property=\"article:publisher\" content=\"https:\/\/www.facebook.com\/people\/Nexo-Informativo\/61564066885511\/\" \/>\n<meta property=\"article:published_time\" content=\"2025-02-17T18:00:41+00:00\" \/>\n<meta property=\"article:modified_time\" content=\"2025-02-17T20:07:14+00:00\" \/>\n<meta property=\"og:image\" content=\"https:\/\/www.nexoinformativo.mx\/wp-content\/uploads\/2025\/02\/c935664f-5400-4a74-a40f-6d4fc7d39f1a.jpg\" \/>\n\t<meta property=\"og:image:width\" content=\"776\" \/>\n\t<meta property=\"og:image:height\" content=\"449\" \/>\n\t<meta property=\"og:image:type\" content=\"image\/jpeg\" \/>\n<meta name=\"author\" content=\"Nexo Informativo\" \/>\n<meta name=\"twitter:card\" content=\"summary_large_image\" \/>\n<meta name=\"twitter:label1\" content=\"Escrito por\" \/>\n\t<meta name=\"twitter:data1\" content=\"Nexo Informativo\" \/>\n\t<meta name=\"twitter:label2\" content=\"Tiempo de lectura\" \/>\n\t<meta name=\"twitter:data2\" content=\"2 minutos\" \/>\n<script type=\"application\/ld+json\" class=\"yoast-schema-graph\">{\"@context\":\"https:\/\/schema.org\",\"@graph\":[{\"@type\":\"Article\",\"@id\":\"https:\/\/www.nexoinformativo.mx\/index.php\/2025\/02\/17\/fallece-paquita-la-del-barrio-icono-de-la-musica-regional-mexicana\/#article\",\"isPartOf\":{\"@id\":\"https:\/\/www.nexoinformativo.mx\/index.php\/2025\/02\/17\/fallece-paquita-la-del-barrio-icono-de-la-musica-regional-mexicana\/\"},\"author\":{\"name\":\"Nexo Informativo\",\"@id\":\"https:\/\/www.nexoinformativo.mx\/#\/schema\/person\/7749d380ba08c8ca00d7bc76fd907b7d\"},\"headline\":\"Fallece Paquita la del Barrio, \u00edcono de la m\u00fasica regional mexicana\",\"datePublished\":\"2025-02-17T18:00:41+00:00\",\"dateModified\":\"2025-02-17T20:07:14+00:00\",\"mainEntityOfPage\":{\"@id\":\"https:\/\/www.nexoinformativo.mx\/index.php\/2025\/02\/17\/fallece-paquita-la-del-barrio-icono-de-la-musica-regional-mexicana\/\"},\"wordCount\":241,\"commentCount\":0,\"publisher\":{\"@id\":\"https:\/\/www.nexoinformativo.mx\/#organization\"},\"image\":{\"@id\":\"https:\/\/www.nexoinformativo.mx\/index.php\/2025\/02\/17\/fallece-paquita-la-del-barrio-icono-de-la-musica-regional-mexicana\/#primaryimage\"},\"thumbnailUrl\":\"https:\/\/www.nexoinformativo.mx\/wp-content\/uploads\/2025\/02\/c935664f-5400-4a74-a40f-6d4fc7d39f1a.jpg\",\"keywords\":[\"Leyenda\",\"M\u00fasicaMexicana\",\"PaquitaLaDelBarrio\",\"QEPD\"],\"articleSection\":[\"Espect\u00e1culos\",\"\u00daltima Hora\"],\"inLanguage\":\"es\",\"potentialAction\":[{\"@type\":\"CommentAction\",\"name\":\"Comment\",\"target\":[\"https:\/\/www.nexoinformativo.mx\/index.php\/2025\/02\/17\/fallece-paquita-la-del-barrio-icono-de-la-musica-regional-mexicana\/#respond\"]}]},{\"@type\":\"WebPage\",\"@id\":\"https:\/\/www.nexoinformativo.mx\/index.php\/2025\/02\/17\/fallece-paquita-la-del-barrio-icono-de-la-musica-regional-mexicana\/\",\"url\":\"https:\/\/www.nexoinformativo.mx\/index.php\/2025\/02\/17\/fallece-paquita-la-del-barrio-icono-de-la-musica-regional-mexicana\/\",\"name\":\"Fallece Paquita la del Barrio, \u00edcono de la m\u00fasica regional mexicana | Nexo Informativo Santiago de Quer\u00e9taro\",\"isPartOf\":{\"@id\":\"https:\/\/www.nexoinformativo.mx\/#website\"},\"primaryImageOfPage\":{\"@id\":\"https:\/\/www.nexoinformativo.mx\/index.php\/2025\/02\/17\/fallece-paquita-la-del-barrio-icono-de-la-musica-regional-mexicana\/#primaryimage\"},\"image\":{\"@id\":\"https:\/\/www.nexoinformativo.mx\/index.php\/2025\/02\/17\/fallece-paquita-la-del-barrio-icono-de-la-musica-regional-mexicana\/#primaryimage\"},\"thumbnailUrl\":\"https:\/\/www.nexoinformativo.mx\/wp-content\/uploads\/2025\/02\/c935664f-5400-4a74-a40f-6d4fc7d39f1a.jpg\",\"datePublished\":\"2025-02-17T18:00:41+00:00\",\"dateModified\":\"2025-02-17T20:07:14+00:00\",\"description\":\"Fallece Paquita la del Barrio, \u00edcono de la m\u00fasica regional mexicana\",\"breadcrumb\":{\"@id\":\"https:\/\/www.nexoinformativo.mx\/index.php\/2025\/02\/17\/fallece-paquita-la-del-barrio-icono-de-la-musica-regional-mexicana\/#breadcrumb\"},\"inLanguage\":\"es\",\"potentialAction\":[{\"@type\":\"ReadAction\",\"target\":[\"https:\/\/www.nexoinformativo.mx\/index.php\/2025\/02\/17\/fallece-paquita-la-del-barrio-icono-de-la-musica-regional-mexicana\/\"]}]},{\"@type\":\"ImageObject\",\"inLanguage\":\"es\",\"@id\":\"https:\/\/www.nexoinformativo.mx\/index.php\/2025\/02\/17\/fallece-paquita-la-del-barrio-icono-de-la-musica-regional-mexicana\/#primaryimage\",\"url\":\"https:\/\/www.nexoinformativo.mx\/wp-content\/uploads\/2025\/02\/c935664f-5400-4a74-a40f-6d4fc7d39f1a.jpg\",\"contentUrl\":\"https:\/\/www.nexoinformativo.mx\/wp-content\/uploads\/2025\/02\/c935664f-5400-4a74-a40f-6d4fc7d39f1a.jpg\",\"width\":776,\"height\":449},{\"@type\":\"BreadcrumbList\",\"@id\":\"https:\/\/www.nexoinformativo.mx\/index.php\/2025\/02\/17\/fallece-paquita-la-del-barrio-icono-de-la-musica-regional-mexicana\/#breadcrumb\",\"itemListElement\":[{\"@type\":\"ListItem\",\"position\":1,\"name\":\"Inicio\",\"item\":\"https:\/\/www.nexoinformativo.mx\/\"},{\"@type\":\"ListItem\",\"position\":2,\"name\":\"Fallece Paquita la del Barrio, \u00edcono de la m\u00fasica regional mexicana\"}]},{\"@type\":\"WebSite\",\"@id\":\"https:\/\/www.nexoinformativo.mx\/#website\",\"url\":\"https:\/\/www.nexoinformativo.mx\/\",\"name\":\"Nexo Informativo Santiago de Quer\u00e9taro\",\"description\":\"Explora NexoInformativo y convi\u00e9rtete en parte de una comunidad que valora el conocimiento y la verdad. Tu nexoinformativo es tu puente hacia una comprensi\u00f3n m\u00e1s profunda del mundo que te rodea.\",\"publisher\":{\"@id\":\"https:\/\/www.nexoinformativo.mx\/#organization\"},\"potentialAction\":[{\"@type\":\"SearchAction\",\"target\":{\"@type\":\"EntryPoint\",\"urlTemplate\":\"https:\/\/www.nexoinformativo.mx\/?s={search_term_string}\"},\"query-input\":{\"@type\":\"PropertyValueSpecification\",\"valueRequired\":true,\"valueName\":\"search_term_string\"}}],\"inLanguage\":\"es\"},{\"@type\":\"Organization\",\"@id\":\"https:\/\/www.nexoinformativo.mx\/#organization\",\"name\":\"Nexo Informativo Santiago de Quer\u00e9taro\",\"url\":\"https:\/\/www.nexoinformativo.mx\/\",\"logo\":{\"@type\":\"ImageObject\",\"inLanguage\":\"es\",\"@id\":\"https:\/\/www.nexoinformativo.mx\/#\/schema\/logo\/image\/\",\"url\":\"https:\/\/www.nexoinformativo.mx\/wp-content\/uploads\/2024\/07\/nexoi-trasparente-2.png\",\"contentUrl\":\"https:\/\/www.nexoinformativo.mx\/wp-content\/uploads\/2024\/07\/nexoi-trasparente-2.png\",\"width\":816,\"height\":339,\"caption\":\"Nexo Informativo Santiago de Quer\u00e9taro\"},\"image\":{\"@id\":\"https:\/\/www.nexoinformativo.mx\/#\/schema\/logo\/image\/\"},\"sameAs\":[\"https:\/\/www.facebook.com\/people\/Nexo-Informativo\/61564066885511\/\"]},{\"@type\":\"Person\",\"@id\":\"https:\/\/www.nexoinformativo.mx\/#\/schema\/person\/7749d380ba08c8ca00d7bc76fd907b7d\",\"name\":\"Nexo Informativo\",\"image\":{\"@type\":\"ImageObject\",\"inLanguage\":\"es\",\"@id\":\"https:\/\/www.nexoinformativo.mx\/#\/schema\/person\/image\/\",\"url\":\"https:\/\/secure.gravatar.com\/avatar\/dde2928154642a13d95f87ddf1ea9718fe2b46760a005c53e41ff5ad610704e6?s=96&d=mm&r=g\",\"contentUrl\":\"https:\/\/secure.gravatar.com\/avatar\/dde2928154642a13d95f87ddf1ea9718fe2b46760a005c53e41ff5ad610704e6?s=96&d=mm&r=g\",\"caption\":\"Nexo Informativo\"},\"url\":\"https:\/\/www.nexoinformativo.mx\/index.php\/author\/edicion\/\"}]}<\/script>\n<!-- \/ Yoast SEO plugin. -->","yoast_head_json":{"title":"Fallece Paquita la del Barrio, \u00edcono de la m\u00fasica regional mexicana | Nexo Informativo Santiago de Quer\u00e9taro","description":"Fallece Paquita la del Barrio, \u00edcono de la m\u00fasica regional mexicana","robots":{"index":"index","follow":"follow","max-snippet":"max-snippet:-1","max-image-preview":"max-image-preview:large","max-video-preview":"max-video-preview:-1"},"canonical":"https:\/\/www.nexoinformativo.mx\/index.php\/2025\/02\/17\/fallece-paquita-la-del-barrio-icono-de-la-musica-regional-mexicana\/","og_locale":"es_MX","og_type":"article","og_title":"Fallece Paquita la del Barrio, \u00edcono de la m\u00fasica regional mexicana | Nexo Informativo Santiago de Quer\u00e9taro","og_description":"Fallece Paquita la del Barrio, \u00edcono de la m\u00fasica regional mexicana","og_url":"https:\/\/www.nexoinformativo.mx\/index.php\/2025\/02\/17\/fallece-paquita-la-del-barrio-icono-de-la-musica-regional-mexicana\/","og_site_name":"Nexo Informativo Santiago de Quer\u00e9taro","article_publisher":"https:\/\/www.facebook.com\/people\/Nexo-Informativo\/61564066885511\/","article_published_time":"2025-02-17T18:00:41+00:00","article_modified_time":"2025-02-17T20:07:14+00:00","og_image":[{"width":776,"height":449,"url":"https:\/\/www.nexoinformativo.mx\/wp-content\/uploads\/2025\/02\/c935664f-5400-4a74-a40f-6d4fc7d39f1a.jpg","type":"image\/jpeg"}],"author":"Nexo Informativo","twitter_card":"summary_large_image","twitter_misc":{"Escrito por":"Nexo Informativo","Tiempo de lectura":"2 minutos"},"schema":{"@context":"https:\/\/schema.org","@graph":[{"@type":"Article","@id":"https:\/\/www.nexoinformativo.mx\/index.php\/2025\/02\/17\/fallece-paquita-la-del-barrio-icono-de-la-musica-regional-mexicana\/#article","isPartOf":{"@id":"https:\/\/www.nexoinformativo.mx\/index.php\/2025\/02\/17\/fallece-paquita-la-del-barrio-icono-de-la-musica-regional-mexicana\/"},"author":{"name":"Nexo Informativo","@id":"https:\/\/www.nexoinformativo.mx\/#\/schema\/person\/7749d380ba08c8ca00d7bc76fd907b7d"},"headline":"Fallece Paquita la del Barrio, \u00edcono de la m\u00fasica regional mexicana","datePublished":"2025-02-17T18:00:41+00:00","dateModified":"2025-02-17T20:07:14+00:00","mainEntityOfPage":{"@id":"https:\/\/www.nexoinformativo.mx\/index.php\/2025\/02\/17\/fallece-paquita-la-del-barrio-icono-de-la-musica-regional-mexicana\/"},"wordCount":241,"commentCount":0,"publisher":{"@id":"https:\/\/www.nexoinformativo.mx\/#organization"},"image":{"@id":"https:\/\/www.nexoinformativo.mx\/index.php\/2025\/02\/17\/fallece-paquita-la-del-barrio-icono-de-la-musica-regional-mexicana\/#primaryimage"},"thumbnailUrl":"https:\/\/www.nexoinformativo.mx\/wp-content\/uploads\/2025\/02\/c935664f-5400-4a74-a40f-6d4fc7d39f1a.jpg","keywords":["Leyenda","M\u00fasicaMexicana","PaquitaLaDelBarrio","QEPD"],"articleSection":["Espect\u00e1culos","\u00daltima Hora"],"inLanguage":"es","potentialAction":[{"@type":"CommentAction","name":"Comment","target":["https:\/\/www.nexoinformativo.mx\/index.php\/2025\/02\/17\/fallece-paquita-la-del-barrio-icono-de-la-musica-regional-mexicana\/#respond"]}]},{"@type":"WebPage","@id":"https:\/\/www.nexoinformativo.mx\/index.php\/2025\/02\/17\/fallece-paquita-la-del-barrio-icono-de-la-musica-regional-mexicana\/","url":"https:\/\/www.nexoinformativo.mx\/index.php\/2025\/02\/17\/fallece-paquita-la-del-barrio-icono-de-la-musica-regional-mexicana\/","name":"Fallece Paquita la del Barrio, \u00edcono de la m\u00fasica regional mexicana | Nexo Informativo Santiago de Quer\u00e9taro","isPartOf":{"@id":"https:\/\/www.nexoinformativo.mx\/#website"},"primaryImageOfPage":{"@id":"https:\/\/www.nexoinformativo.mx\/index.php\/2025\/02\/17\/fallece-paquita-la-del-barrio-icono-de-la-musica-regional-mexicana\/#primaryimage"},"image":{"@id":"https:\/\/www.nexoinformativo.mx\/index.php\/2025\/02\/17\/fallece-paquita-la-del-barrio-icono-de-la-musica-regional-mexicana\/#primaryimage"},"thumbnailUrl":"https:\/\/www.nexoinformativo.mx\/wp-content\/uploads\/2025\/02\/c935664f-5400-4a74-a40f-6d4fc7d39f1a.jpg","datePublished":"2025-02-17T18:00:41+00:00","dateModified":"2025-02-17T20:07:14+00:00","description":"Fallece Paquita la del Barrio, \u00edcono de la m\u00fasica regional mexicana","breadcrumb":{"@id":"https:\/\/www.nexoinformativo.mx\/index.php\/2025\/02\/17\/fallece-paquita-la-del-barrio-icono-de-la-musica-regional-mexicana\/#breadcrumb"},"inLanguage":"es","potentialAction":[{"@type":"ReadAction","target":["https:\/\/www.nexoinformativo.mx\/index.php\/2025\/02\/17\/fallece-paquita-la-del-barrio-icono-de-la-musica-regional-mexicana\/"]}]},{"@type":"ImageObject","inLanguage":"es","@id":"https:\/\/www.nexoinformativo.mx\/index.php\/2025\/02\/17\/fallece-paquita-la-del-barrio-icono-de-la-musica-regional-mexicana\/#primaryimage","url":"https:\/\/www.nexoinformativo.mx\/wp-content\/uploads\/2025\/02\/c935664f-5400-4a74-a40f-6d4fc7d39f1a.jpg","contentUrl":"https:\/\/www.nexoinformativo.mx\/wp-content\/uploads\/2025\/02\/c935664f-5400-4a74-a40f-6d4fc7d39f1a.jpg","width":776,"height":449},{"@type":"BreadcrumbList","@id":"https:\/\/www.nexoinformativo.mx\/index.php\/2025\/02\/17\/fallece-paquita-la-del-barrio-icono-de-la-musica-regional-mexicana\/#breadcrumb","itemListElement":[{"@type":"ListItem","position":1,"name":"Inicio","item":"https:\/\/www.nexoinformativo.mx\/"},{"@type":"ListItem","position":2,"name":"Fallece Paquita la del Barrio, \u00edcono de la m\u00fasica regional mexicana"}]},{"@type":"WebSite","@id":"https:\/\/www.nexoinformativo.mx\/#website","url":"https:\/\/www.nexoinformativo.mx\/","name":"Nexo Informativo Santiago de Quer\u00e9taro","description":"Explora NexoInformativo y convi\u00e9rtete en parte de una comunidad que valora el conocimiento y la verdad. Tu nexoinformativo es tu puente hacia una comprensi\u00f3n m\u00e1s profunda del mundo que te rodea.","publisher":{"@id":"https:\/\/www.nexoinformativo.mx\/#organization"},"potentialAction":[{"@type":"SearchAction","target":{"@type":"EntryPoint","urlTemplate":"https:\/\/www.nexoinformativo.mx\/?s={search_term_string}"},"query-input":{"@type":"PropertyValueSpecification","valueRequired":true,"valueName":"search_term_string"}}],"inLanguage":"es"},{"@type":"Organization","@id":"https:\/\/www.nexoinformativo.mx\/#organization","name":"Nexo Informativo Santiago de Quer\u00e9taro","url":"https:\/\/www.nexoinformativo.mx\/","logo":{"@type":"ImageObject","inLanguage":"es","@id":"https:\/\/www.nexoinformativo.mx\/#\/schema\/logo\/image\/","url":"https:\/\/www.nexoinformativo.mx\/wp-content\/uploads\/2024\/07\/nexoi-trasparente-2.png","contentUrl":"https:\/\/www.nexoinformativo.mx\/wp-content\/uploads\/2024\/07\/nexoi-trasparente-2.png","width":816,"height":339,"caption":"Nexo Informativo Santiago de Quer\u00e9taro"},"image":{"@id":"https:\/\/www.nexoinformativo.mx\/#\/schema\/logo\/image\/"},"sameAs":["https:\/\/www.facebook.com\/people\/Nexo-Informativo\/61564066885511\/"]},{"@type":"Person","@id":"https:\/\/www.nexoinformativo.mx\/#\/schema\/person\/7749d380ba08c8ca00d7bc76fd907b7d","name":"Nexo Informativo","image":{"@type":"ImageObject","inLanguage":"es","@id":"https:\/\/www.nexoinformativo.mx\/#\/schema\/person\/image\/","url":"https:\/\/secure.gravatar.com\/avatar\/dde2928154642a13d95f87ddf1ea9718fe2b46760a005c53e41ff5ad610704e6?s=96&d=mm&r=g","contentUrl":"https:\/\/secure.gravatar.com\/avatar\/dde2928154642a13d95f87ddf1ea9718fe2b46760a005c53e41ff5ad610704e6?s=96&d=mm&r=g","caption":"Nexo Informativo"},"url":"https:\/\/www.nexoinformativo.mx\/index.php\/author\/edicion\/"}]}},"_links":{"self":[{"href":"https:\/\/www.nexoinformativo.mx\/index.php\/wp-json\/wp\/v2\/posts\/11727","targetHints":{"allow":["GET"]}}],"collection":[{"href":"https:\/\/www.nexoinformativo.mx\/index.php\/wp-json\/wp\/v2\/posts"}],"about":[{"href":"https:\/\/www.nexoinformativo.mx\/index.php\/wp-json\/wp\/v2\/types\/post"}],"author":[{"embeddable":true,"href":"https:\/\/www.nexoinformativo.mx\/index.php\/wp-json\/wp\/v2\/users\/3"}],"replies":[{"embeddable":true,"href":"https:\/\/www.nexoinformativo.mx\/index.php\/wp-json\/wp\/v2\/comments?post=11727"}],"version-history":[{"count":3,"href":"https:\/\/www.nexoinformativo.mx\/index.php\/wp-json\/wp\/v2\/posts\/11727\/revisions"}],"predecessor-version":[{"id":11731,"href":"https:\/\/www.nexoinformativo.mx\/index.php\/wp-json\/wp\/v2\/posts\/11727\/revisions\/11731"}],"wp:featuredmedia":[{"embeddable":true,"href":"https:\/\/www.nexoinformativo.mx\/index.php\/wp-json\/wp\/v2\/media\/11728"}],"wp:attachment":[{"href":"https:\/\/www.nexoinformativo.mx\/index.php\/wp-json\/wp\/v2\/media?parent=11727"}],"wp:term":[{"taxonomy":"category","embeddable":true,"href":"https:\/\/www.nexoinformativo.mx\/index.php\/wp-json\/wp\/v2\/categories?post=11727"},{"taxonomy":"post_tag","embeddable":true,"href":"https:\/\/www.nexoinformativo.mx\/index.php\/wp-json\/wp\/v2\/tags?post=11727"}],"curies":[{"name":"wp","href":"https:\/\/api.w.org\/{rel}","templated":true}]}}