{"id":11737,"date":"2025-02-17T17:00:54","date_gmt":"2025-02-17T23:00:54","guid":{"rendered":"https:\/\/www.nexoinformativo.mx\/?p=11737"},"modified":"2025-02-17T17:51:46","modified_gmt":"2025-02-17T23:51:46","slug":"elon-musk-presenta-hoy-grok-3-la-ia-que-promete-revolucionar-la-inteligencia-artificial","status":"publish","type":"post","link":"https:\/\/www.nexoinformativo.mx\/index.php\/2025\/02\/17\/elon-musk-presenta-hoy-grok-3-la-ia-que-promete-revolucionar-la-inteligencia-artificial\/","title":{"rendered":"Elon Musk presenta hoy Grok 3 la IA que promete revolucionar la inteligencia artificial"},"content":{"rendered":"<p style=\"text-align: justify;\" data-sourcepos=\"11:1-11:341\">El magnate tecnol\u00f3gico Elon Musk ha vuelto a sorprender al mundo con el anuncio del lanzamiento de Grok 3, la nueva versi\u00f3n de su inteligencia artificial.<\/p>\n<\/p>\n<p>&nbsp;<\/p>\n<p style=\"text-align: justify;\" data-sourcepos=\"11:1-11:341\">Esta herramienta, desarrollada por su empresa xAI, promete ser <strong>&#8220;la IA m\u00e1s inteligente del planeta&#8221;<\/strong> y marcar un suceso importante en el campo de la inteligencia artificial.<\/p>\n<\/p>\n<p>&nbsp;<\/p>\n<p style=\"text-align: justify;\" data-sourcepos=\"13:1-13:273\">Grok 3 ser\u00e1 presentada oficialmente este lunes en un evento en vivo, donde se mostrar\u00e1n las capacidades de esta nueva IA. Musk ha asegurado que Grok 3 supera a cualquier otro modelo de inteligencia artificial existente, gracias a su capacidad de razonamiento y aprendizaje.<\/p>\n<\/p>\n<p>&nbsp;<\/p>\n<p style=\"text-align: justify;\" data-sourcepos=\"15:1-15:260\">La compa\u00f1\u00eda xAI, fundada por Musk en julio de 2023, ha recibido una inversi\u00f3n de 6,000 millones de d\u00f3lares y cuenta con un superordenador de \u00faltima generaci\u00f3n equipado con 200,000 chips gr\u00e1ficos de Nvidia para entrenar a sus modelos de inteligencia artificial.<\/p>\n<\/p>\n<p>&nbsp;<\/p>\n<p style=\"text-align: justify;\" data-sourcepos=\"17:1-17:295\">Con Grok 3, Musk busca competir directamente con OpenAI, creador de ChatGPT, una de las IA m\u00e1s populares del mercado. La presentaci\u00f3n de Grok 3 ha generado gran expectativa en la industria tecnol\u00f3gica y se espera que tenga un impacto significativo en el desarrollo de la inteligencia artificial.<\/p>\n<\/p>\n<p>&nbsp;<\/p>\n<p style=\"text-align: center;\" data-sourcepos=\"17:1-17:295\"><em><strong>\u00a1Informaci\u00f3n que transforma!<\/strong><\/em><\/p>\n","protected":false},"excerpt":{"rendered":"<p>El magnate tecnol\u00f3gico Elon Musk ha vuelto a sorprender al mundo con el anuncio del lanzamiento de Grok 3, la nueva versi\u00f3n de su inteligencia artificial.<\/p>\n","protected":false},"author":3,"featured_media":11738,"comment_status":"open","ping_status":"open","sticky":false,"template":"","format":"standard","meta":{"footnotes":""},"categories":[13,58],"tags":[2034,3441,3261,1128],"class_list":["post-11737","post","type-post","status-publish","format-standard","has-post-thumbnail","hentry","category-tecnologia","category-ultima-hora","tag-elonmusk","tag-grok3","tag-ia","tag-inteligenciaartificial"],"yoast_head":"<!-- This site is optimized with the Yoast SEO plugin v25.0 - https:\/\/yoast.com\/wordpress\/plugins\/seo\/ -->\n<title>Elon Musk presenta hoy Grok 3 la IA que promete revolucionar la inteligencia artificial | Nexo Informativo Santiago de Quer\u00e9taro<\/title>\n<meta name=\"description\" content=\"Elon Musk presenta hoy Grok 3 la IA que promete revolucionar la inteligencia artificial\" \/>\n<meta name=\"robots\" content=\"index, follow, max-snippet:-1, max-image-preview:large, max-video-preview:-1\" \/>\n<link rel=\"canonical\" href=\"https:\/\/www.nexoinformativo.mx\/index.php\/2025\/02\/17\/elon-musk-presenta-hoy-grok-3-la-ia-que-promete-revolucionar-la-inteligencia-artificial\/\" \/>\n<meta property=\"og:locale\" content=\"es_MX\" \/>\n<meta property=\"og:type\" content=\"article\" \/>\n<meta property=\"og:title\" content=\"Elon Musk presenta hoy Grok 3 la IA que promete revolucionar la inteligencia artificial | Nexo Informativo Santiago de Quer\u00e9taro\" \/>\n<meta property=\"og:description\" content=\"Elon Musk presenta hoy Grok 3 la IA que promete revolucionar la inteligencia artificial\" \/>\n<meta property=\"og:url\" content=\"https:\/\/www.nexoinformativo.mx\/index.php\/2025\/02\/17\/elon-musk-presenta-hoy-grok-3-la-ia-que-promete-revolucionar-la-inteligencia-artificial\/\" \/>\n<meta property=\"og:site_name\" content=\"Nexo Informativo Santiago de Quer\u00e9taro\" \/>\n<meta property=\"article:publisher\" content=\"https:\/\/www.facebook.com\/people\/Nexo-Informativo\/61564066885511\/\" \/>\n<meta property=\"article:published_time\" content=\"2025-02-17T23:00:54+00:00\" \/>\n<meta property=\"article:modified_time\" content=\"2025-02-17T23:51:46+00:00\" \/>\n<meta property=\"og:image\" content=\"https:\/\/www.nexoinformativo.mx\/wp-content\/uploads\/2025\/02\/IMG_4348.jpg\" \/>\n\t<meta property=\"og:image:width\" content=\"739\" \/>\n\t<meta property=\"og:image:height\" content=\"411\" \/>\n\t<meta property=\"og:image:type\" content=\"image\/jpeg\" \/>\n<meta name=\"author\" content=\"Nexo Informativo\" \/>\n<meta name=\"twitter:card\" content=\"summary_large_image\" \/>\n<meta name=\"twitter:label1\" content=\"Escrito por\" \/>\n\t<meta name=\"twitter:data1\" content=\"Nexo Informativo\" \/>\n\t<meta name=\"twitter:label2\" content=\"Tiempo de lectura\" \/>\n\t<meta name=\"twitter:data2\" content=\"2 minutos\" \/>\n<script type=\"application\/ld+json\" class=\"yoast-schema-graph\">{\"@context\":\"https:\/\/schema.org\",\"@graph\":[{\"@type\":\"Article\",\"@id\":\"https:\/\/www.nexoinformativo.mx\/index.php\/2025\/02\/17\/elon-musk-presenta-hoy-grok-3-la-ia-que-promete-revolucionar-la-inteligencia-artificial\/#article\",\"isPartOf\":{\"@id\":\"https:\/\/www.nexoinformativo.mx\/index.php\/2025\/02\/17\/elon-musk-presenta-hoy-grok-3-la-ia-que-promete-revolucionar-la-inteligencia-artificial\/\"},\"author\":{\"name\":\"Nexo Informativo\",\"@id\":\"https:\/\/www.nexoinformativo.mx\/#\/schema\/person\/7749d380ba08c8ca00d7bc76fd907b7d\"},\"headline\":\"Elon Musk presenta hoy Grok 3 la IA que promete revolucionar la inteligencia artificial\",\"datePublished\":\"2025-02-17T23:00:54+00:00\",\"dateModified\":\"2025-02-17T23:51:46+00:00\",\"mainEntityOfPage\":{\"@id\":\"https:\/\/www.nexoinformativo.mx\/index.php\/2025\/02\/17\/elon-musk-presenta-hoy-grok-3-la-ia-que-promete-revolucionar-la-inteligencia-artificial\/\"},\"wordCount\":213,\"commentCount\":0,\"publisher\":{\"@id\":\"https:\/\/www.nexoinformativo.mx\/#organization\"},\"image\":{\"@id\":\"https:\/\/www.nexoinformativo.mx\/index.php\/2025\/02\/17\/elon-musk-presenta-hoy-grok-3-la-ia-que-promete-revolucionar-la-inteligencia-artificial\/#primaryimage\"},\"thumbnailUrl\":\"https:\/\/www.nexoinformativo.mx\/wp-content\/uploads\/2025\/02\/IMG_4348.jpg\",\"keywords\":[\"ElonMusk\",\"Grok3\",\"IA\",\"InteligenciaArtificial\"],\"articleSection\":[\"Tecnolog\u00eda\",\"\u00daltima Hora\"],\"inLanguage\":\"es\",\"potentialAction\":[{\"@type\":\"CommentAction\",\"name\":\"Comment\",\"target\":[\"https:\/\/www.nexoinformativo.mx\/index.php\/2025\/02\/17\/elon-musk-presenta-hoy-grok-3-la-ia-que-promete-revolucionar-la-inteligencia-artificial\/#respond\"]}]},{\"@type\":\"WebPage\",\"@id\":\"https:\/\/www.nexoinformativo.mx\/index.php\/2025\/02\/17\/elon-musk-presenta-hoy-grok-3-la-ia-que-promete-revolucionar-la-inteligencia-artificial\/\",\"url\":\"https:\/\/www.nexoinformativo.mx\/index.php\/2025\/02\/17\/elon-musk-presenta-hoy-grok-3-la-ia-que-promete-revolucionar-la-inteligencia-artificial\/\",\"name\":\"Elon Musk presenta hoy Grok 3 la IA que promete revolucionar la inteligencia artificial | Nexo Informativo Santiago de Quer\u00e9taro\",\"isPartOf\":{\"@id\":\"https:\/\/www.nexoinformativo.mx\/#website\"},\"primaryImageOfPage\":{\"@id\":\"https:\/\/www.nexoinformativo.mx\/index.php\/2025\/02\/17\/elon-musk-presenta-hoy-grok-3-la-ia-que-promete-revolucionar-la-inteligencia-artificial\/#primaryimage\"},\"image\":{\"@id\":\"https:\/\/www.nexoinformativo.mx\/index.php\/2025\/02\/17\/elon-musk-presenta-hoy-grok-3-la-ia-que-promete-revolucionar-la-inteligencia-artificial\/#primaryimage\"},\"thumbnailUrl\":\"https:\/\/www.nexoinformativo.mx\/wp-content\/uploads\/2025\/02\/IMG_4348.jpg\",\"datePublished\":\"2025-02-17T23:00:54+00:00\",\"dateModified\":\"2025-02-17T23:51:46+00:00\",\"description\":\"Elon Musk presenta hoy Grok 3 la IA que promete revolucionar la inteligencia artificial\",\"breadcrumb\":{\"@id\":\"https:\/\/www.nexoinformativo.mx\/index.php\/2025\/02\/17\/elon-musk-presenta-hoy-grok-3-la-ia-que-promete-revolucionar-la-inteligencia-artificial\/#breadcrumb\"},\"inLanguage\":\"es\",\"potentialAction\":[{\"@type\":\"ReadAction\",\"target\":[\"https:\/\/www.nexoinformativo.mx\/index.php\/2025\/02\/17\/elon-musk-presenta-hoy-grok-3-la-ia-que-promete-revolucionar-la-inteligencia-artificial\/\"]}]},{\"@type\":\"ImageObject\",\"inLanguage\":\"es\",\"@id\":\"https:\/\/www.nexoinformativo.mx\/index.php\/2025\/02\/17\/elon-musk-presenta-hoy-grok-3-la-ia-que-promete-revolucionar-la-inteligencia-artificial\/#primaryimage\",\"url\":\"https:\/\/www.nexoinformativo.mx\/wp-content\/uploads\/2025\/02\/IMG_4348.jpg\",\"contentUrl\":\"https:\/\/www.nexoinformativo.mx\/wp-content\/uploads\/2025\/02\/IMG_4348.jpg\",\"width\":739,\"height\":411},{\"@type\":\"BreadcrumbList\",\"@id\":\"https:\/\/www.nexoinformativo.mx\/index.php\/2025\/02\/17\/elon-musk-presenta-hoy-grok-3-la-ia-que-promete-revolucionar-la-inteligencia-artificial\/#breadcrumb\",\"itemListElement\":[{\"@type\":\"ListItem\",\"position\":1,\"name\":\"Inicio\",\"item\":\"https:\/\/www.nexoinformativo.mx\/\"},{\"@type\":\"ListItem\",\"position\":2,\"name\":\"Elon Musk presenta hoy Grok 3 la IA que promete revolucionar la inteligencia artificial\"}]},{\"@type\":\"WebSite\",\"@id\":\"https:\/\/www.nexoinformativo.mx\/#website\",\"url\":\"https:\/\/www.nexoinformativo.mx\/\",\"name\":\"Nexo Informativo Santiago de Quer\u00e9taro\",\"description\":\"Explora NexoInformativo y convi\u00e9rtete en parte de una comunidad que valora el conocimiento y la verdad. Tu nexoinformativo es tu puente hacia una comprensi\u00f3n m\u00e1s profunda del mundo que te rodea.\",\"publisher\":{\"@id\":\"https:\/\/www.nexoinformativo.mx\/#organization\"},\"potentialAction\":[{\"@type\":\"SearchAction\",\"target\":{\"@type\":\"EntryPoint\",\"urlTemplate\":\"https:\/\/www.nexoinformativo.mx\/?s={search_term_string}\"},\"query-input\":{\"@type\":\"PropertyValueSpecification\",\"valueRequired\":true,\"valueName\":\"search_term_string\"}}],\"inLanguage\":\"es\"},{\"@type\":\"Organization\",\"@id\":\"https:\/\/www.nexoinformativo.mx\/#organization\",\"name\":\"Nexo Informativo Santiago de Quer\u00e9taro\",\"url\":\"https:\/\/www.nexoinformativo.mx\/\",\"logo\":{\"@type\":\"ImageObject\",\"inLanguage\":\"es\",\"@id\":\"https:\/\/www.nexoinformativo.mx\/#\/schema\/logo\/image\/\",\"url\":\"https:\/\/www.nexoinformativo.mx\/wp-content\/uploads\/2024\/07\/nexoi-trasparente-2.png\",\"contentUrl\":\"https:\/\/www.nexoinformativo.mx\/wp-content\/uploads\/2024\/07\/nexoi-trasparente-2.png\",\"width\":816,\"height\":339,\"caption\":\"Nexo Informativo Santiago de Quer\u00e9taro\"},\"image\":{\"@id\":\"https:\/\/www.nexoinformativo.mx\/#\/schema\/logo\/image\/\"},\"sameAs\":[\"https:\/\/www.facebook.com\/people\/Nexo-Informativo\/61564066885511\/\"]},{\"@type\":\"Person\",\"@id\":\"https:\/\/www.nexoinformativo.mx\/#\/schema\/person\/7749d380ba08c8ca00d7bc76fd907b7d\",\"name\":\"Nexo Informativo\",\"image\":{\"@type\":\"ImageObject\",\"inLanguage\":\"es\",\"@id\":\"https:\/\/www.nexoinformativo.mx\/#\/schema\/person\/image\/\",\"url\":\"https:\/\/secure.gravatar.com\/avatar\/dde2928154642a13d95f87ddf1ea9718fe2b46760a005c53e41ff5ad610704e6?s=96&d=mm&r=g\",\"contentUrl\":\"https:\/\/secure.gravatar.com\/avatar\/dde2928154642a13d95f87ddf1ea9718fe2b46760a005c53e41ff5ad610704e6?s=96&d=mm&r=g\",\"caption\":\"Nexo Informativo\"},\"url\":\"https:\/\/www.nexoinformativo.mx\/index.php\/author\/edicion\/\"}]}<\/script>\n<!-- \/ Yoast SEO plugin. -->","yoast_head_json":{"title":"Elon Musk presenta hoy Grok 3 la IA que promete revolucionar la inteligencia artificial | Nexo Informativo Santiago de Quer\u00e9taro","description":"Elon Musk presenta hoy Grok 3 la IA que promete revolucionar la inteligencia artificial","robots":{"index":"index","follow":"follow","max-snippet":"max-snippet:-1","max-image-preview":"max-image-preview:large","max-video-preview":"max-video-preview:-1"},"canonical":"https:\/\/www.nexoinformativo.mx\/index.php\/2025\/02\/17\/elon-musk-presenta-hoy-grok-3-la-ia-que-promete-revolucionar-la-inteligencia-artificial\/","og_locale":"es_MX","og_type":"article","og_title":"Elon Musk presenta hoy Grok 3 la IA que promete revolucionar la inteligencia artificial | Nexo Informativo Santiago de Quer\u00e9taro","og_description":"Elon Musk presenta hoy Grok 3 la IA que promete revolucionar la inteligencia artificial","og_url":"https:\/\/www.nexoinformativo.mx\/index.php\/2025\/02\/17\/elon-musk-presenta-hoy-grok-3-la-ia-que-promete-revolucionar-la-inteligencia-artificial\/","og_site_name":"Nexo Informativo Santiago de Quer\u00e9taro","article_publisher":"https:\/\/www.facebook.com\/people\/Nexo-Informativo\/61564066885511\/","article_published_time":"2025-02-17T23:00:54+00:00","article_modified_time":"2025-02-17T23:51:46+00:00","og_image":[{"width":739,"height":411,"url":"https:\/\/www.nexoinformativo.mx\/wp-content\/uploads\/2025\/02\/IMG_4348.jpg","type":"image\/jpeg"}],"author":"Nexo Informativo","twitter_card":"summary_large_image","twitter_misc":{"Escrito por":"Nexo Informativo","Tiempo de lectura":"2 minutos"},"schema":{"@context":"https:\/\/schema.org","@graph":[{"@type":"Article","@id":"https:\/\/www.nexoinformativo.mx\/index.php\/2025\/02\/17\/elon-musk-presenta-hoy-grok-3-la-ia-que-promete-revolucionar-la-inteligencia-artificial\/#article","isPartOf":{"@id":"https:\/\/www.nexoinformativo.mx\/index.php\/2025\/02\/17\/elon-musk-presenta-hoy-grok-3-la-ia-que-promete-revolucionar-la-inteligencia-artificial\/"},"author":{"name":"Nexo Informativo","@id":"https:\/\/www.nexoinformativo.mx\/#\/schema\/person\/7749d380ba08c8ca00d7bc76fd907b7d"},"headline":"Elon Musk presenta hoy Grok 3 la IA que promete revolucionar la inteligencia artificial","datePublished":"2025-02-17T23:00:54+00:00","dateModified":"2025-02-17T23:51:46+00:00","mainEntityOfPage":{"@id":"https:\/\/www.nexoinformativo.mx\/index.php\/2025\/02\/17\/elon-musk-presenta-hoy-grok-3-la-ia-que-promete-revolucionar-la-inteligencia-artificial\/"},"wordCount":213,"commentCount":0,"publisher":{"@id":"https:\/\/www.nexoinformativo.mx\/#organization"},"image":{"@id":"https:\/\/www.nexoinformativo.mx\/index.php\/2025\/02\/17\/elon-musk-presenta-hoy-grok-3-la-ia-que-promete-revolucionar-la-inteligencia-artificial\/#primaryimage"},"thumbnailUrl":"https:\/\/www.nexoinformativo.mx\/wp-content\/uploads\/2025\/02\/IMG_4348.jpg","keywords":["ElonMusk","Grok3","IA","InteligenciaArtificial"],"articleSection":["Tecnolog\u00eda","\u00daltima Hora"],"inLanguage":"es","potentialAction":[{"@type":"CommentAction","name":"Comment","target":["https:\/\/www.nexoinformativo.mx\/index.php\/2025\/02\/17\/elon-musk-presenta-hoy-grok-3-la-ia-que-promete-revolucionar-la-inteligencia-artificial\/#respond"]}]},{"@type":"WebPage","@id":"https:\/\/www.nexoinformativo.mx\/index.php\/2025\/02\/17\/elon-musk-presenta-hoy-grok-3-la-ia-que-promete-revolucionar-la-inteligencia-artificial\/","url":"https:\/\/www.nexoinformativo.mx\/index.php\/2025\/02\/17\/elon-musk-presenta-hoy-grok-3-la-ia-que-promete-revolucionar-la-inteligencia-artificial\/","name":"Elon Musk presenta hoy Grok 3 la IA que promete revolucionar la inteligencia artificial | Nexo Informativo Santiago de Quer\u00e9taro","isPartOf":{"@id":"https:\/\/www.nexoinformativo.mx\/#website"},"primaryImageOfPage":{"@id":"https:\/\/www.nexoinformativo.mx\/index.php\/2025\/02\/17\/elon-musk-presenta-hoy-grok-3-la-ia-que-promete-revolucionar-la-inteligencia-artificial\/#primaryimage"},"image":{"@id":"https:\/\/www.nexoinformativo.mx\/index.php\/2025\/02\/17\/elon-musk-presenta-hoy-grok-3-la-ia-que-promete-revolucionar-la-inteligencia-artificial\/#primaryimage"},"thumbnailUrl":"https:\/\/www.nexoinformativo.mx\/wp-content\/uploads\/2025\/02\/IMG_4348.jpg","datePublished":"2025-02-17T23:00:54+00:00","dateModified":"2025-02-17T23:51:46+00:00","description":"Elon Musk presenta hoy Grok 3 la IA que promete revolucionar la inteligencia artificial","breadcrumb":{"@id":"https:\/\/www.nexoinformativo.mx\/index.php\/2025\/02\/17\/elon-musk-presenta-hoy-grok-3-la-ia-que-promete-revolucionar-la-inteligencia-artificial\/#breadcrumb"},"inLanguage":"es","potentialAction":[{"@type":"ReadAction","target":["https:\/\/www.nexoinformativo.mx\/index.php\/2025\/02\/17\/elon-musk-presenta-hoy-grok-3-la-ia-que-promete-revolucionar-la-inteligencia-artificial\/"]}]},{"@type":"ImageObject","inLanguage":"es","@id":"https:\/\/www.nexoinformativo.mx\/index.php\/2025\/02\/17\/elon-musk-presenta-hoy-grok-3-la-ia-que-promete-revolucionar-la-inteligencia-artificial\/#primaryimage","url":"https:\/\/www.nexoinformativo.mx\/wp-content\/uploads\/2025\/02\/IMG_4348.jpg","contentUrl":"https:\/\/www.nexoinformativo.mx\/wp-content\/uploads\/2025\/02\/IMG_4348.jpg","width":739,"height":411},{"@type":"BreadcrumbList","@id":"https:\/\/www.nexoinformativo.mx\/index.php\/2025\/02\/17\/elon-musk-presenta-hoy-grok-3-la-ia-que-promete-revolucionar-la-inteligencia-artificial\/#breadcrumb","itemListElement":[{"@type":"ListItem","position":1,"name":"Inicio","item":"https:\/\/www.nexoinformativo.mx\/"},{"@type":"ListItem","position":2,"name":"Elon Musk presenta hoy Grok 3 la IA que promete revolucionar la inteligencia artificial"}]},{"@type":"WebSite","@id":"https:\/\/www.nexoinformativo.mx\/#website","url":"https:\/\/www.nexoinformativo.mx\/","name":"Nexo Informativo Santiago de Quer\u00e9taro","description":"Explora NexoInformativo y convi\u00e9rtete en parte de una comunidad que valora el conocimiento y la verdad. Tu nexoinformativo es tu puente hacia una comprensi\u00f3n m\u00e1s profunda del mundo que te rodea.","publisher":{"@id":"https:\/\/www.nexoinformativo.mx\/#organization"},"potentialAction":[{"@type":"SearchAction","target":{"@type":"EntryPoint","urlTemplate":"https:\/\/www.nexoinformativo.mx\/?s={search_term_string}"},"query-input":{"@type":"PropertyValueSpecification","valueRequired":true,"valueName":"search_term_string"}}],"inLanguage":"es"},{"@type":"Organization","@id":"https:\/\/www.nexoinformativo.mx\/#organization","name":"Nexo Informativo Santiago de Quer\u00e9taro","url":"https:\/\/www.nexoinformativo.mx\/","logo":{"@type":"ImageObject","inLanguage":"es","@id":"https:\/\/www.nexoinformativo.mx\/#\/schema\/logo\/image\/","url":"https:\/\/www.nexoinformativo.mx\/wp-content\/uploads\/2024\/07\/nexoi-trasparente-2.png","contentUrl":"https:\/\/www.nexoinformativo.mx\/wp-content\/uploads\/2024\/07\/nexoi-trasparente-2.png","width":816,"height":339,"caption":"Nexo Informativo Santiago de Quer\u00e9taro"},"image":{"@id":"https:\/\/www.nexoinformativo.mx\/#\/schema\/logo\/image\/"},"sameAs":["https:\/\/www.facebook.com\/people\/Nexo-Informativo\/61564066885511\/"]},{"@type":"Person","@id":"https:\/\/www.nexoinformativo.mx\/#\/schema\/person\/7749d380ba08c8ca00d7bc76fd907b7d","name":"Nexo Informativo","image":{"@type":"ImageObject","inLanguage":"es","@id":"https:\/\/www.nexoinformativo.mx\/#\/schema\/person\/image\/","url":"https:\/\/secure.gravatar.com\/avatar\/dde2928154642a13d95f87ddf1ea9718fe2b46760a005c53e41ff5ad610704e6?s=96&d=mm&r=g","contentUrl":"https:\/\/secure.gravatar.com\/avatar\/dde2928154642a13d95f87ddf1ea9718fe2b46760a005c53e41ff5ad610704e6?s=96&d=mm&r=g","caption":"Nexo Informativo"},"url":"https:\/\/www.nexoinformativo.mx\/index.php\/author\/edicion\/"}]}},"_links":{"self":[{"href":"https:\/\/www.nexoinformativo.mx\/index.php\/wp-json\/wp\/v2\/posts\/11737","targetHints":{"allow":["GET"]}}],"collection":[{"href":"https:\/\/www.nexoinformativo.mx\/index.php\/wp-json\/wp\/v2\/posts"}],"about":[{"href":"https:\/\/www.nexoinformativo.mx\/index.php\/wp-json\/wp\/v2\/types\/post"}],"author":[{"embeddable":true,"href":"https:\/\/www.nexoinformativo.mx\/index.php\/wp-json\/wp\/v2\/users\/3"}],"replies":[{"embeddable":true,"href":"https:\/\/www.nexoinformativo.mx\/index.php\/wp-json\/wp\/v2\/comments?post=11737"}],"version-history":[{"count":3,"href":"https:\/\/www.nexoinformativo.mx\/index.php\/wp-json\/wp\/v2\/posts\/11737\/revisions"}],"predecessor-version":[{"id":11741,"href":"https:\/\/www.nexoinformativo.mx\/index.php\/wp-json\/wp\/v2\/posts\/11737\/revisions\/11741"}],"wp:featuredmedia":[{"embeddable":true,"href":"https:\/\/www.nexoinformativo.mx\/index.php\/wp-json\/wp\/v2\/media\/11738"}],"wp:attachment":[{"href":"https:\/\/www.nexoinformativo.mx\/index.php\/wp-json\/wp\/v2\/media?parent=11737"}],"wp:term":[{"taxonomy":"category","embeddable":true,"href":"https:\/\/www.nexoinformativo.mx\/index.php\/wp-json\/wp\/v2\/categories?post=11737"},{"taxonomy":"post_tag","embeddable":true,"href":"https:\/\/www.nexoinformativo.mx\/index.php\/wp-json\/wp\/v2\/tags?post=11737"}],"curies":[{"name":"wp","href":"https:\/\/api.w.org\/{rel}","templated":true}]}}