{"id":11742,"date":"2025-02-18T06:30:29","date_gmt":"2025-02-18T12:30:29","guid":{"rendered":"https:\/\/www.nexoinformativo.mx\/?p=11742"},"modified":"2025-02-18T10:53:08","modified_gmt":"2025-02-18T16:53:08","slug":"oportunidad-para-transformar-el-campo-en-mexico-convocatoria-abierta-para-dirigir-el-inifap-busca-nuevo-lider-para-investigacion-agricola","status":"publish","type":"post","link":"https:\/\/www.nexoinformativo.mx\/index.php\/2025\/02\/18\/oportunidad-para-transformar-el-campo-en-mexico-convocatoria-abierta-para-dirigir-el-inifap-busca-nuevo-lider-para-investigacion-agricola\/","title":{"rendered":"Oportunidad para transformar el campo en M\u00e9xico convocatoria abierta para dirigir el INIFAP busca nuevo l\u00edder para investigaci\u00f3n agr\u00edcola"},"content":{"rendered":"<p style=\"text-align: justify;\" data-sourcepos=\"11:1-11:381\"><strong>La Secretar\u00eda de Agricultura y Desarrollo Rural<\/strong> (SADER) ha lanzado una convocatoria p\u00fablica para seleccionar al nuevo director general del Instituto Nacional de Investigaciones Forestales, Agr\u00edcolas y Pecuarias (INIFAP).<\/p>\n<\/p>\n<p>&nbsp;<\/p>\n<p style=\"text-align: justify;\" data-sourcepos=\"11:1-11:381\">Esta instituci\u00f3n juega un papel fundamental en la investigaci\u00f3n y desarrollo de tecnolog\u00edas para el sector agropecuario mexicano.<\/p>\n<\/p>\n<p>&nbsp;<\/p>\n<p style=\"text-align: justify;\" data-sourcepos=\"13:1-13:309\">La convocatoria estar\u00e1 abierta del 17 de febrero al 3 de marzo de 2025 y est\u00e1 dirigida a profesionales con amplia experiencia en el sector agropecuario y un s\u00f3lido compromiso con la investigaci\u00f3n y el desarrollo tecnol\u00f3gico. Los interesados deber\u00e1n cumplir con una serie de requisitos, entre los que destacan:<\/p>\n<\/p>\n<p>&nbsp;<\/p>\n<p style=\"text-align: justify;\">*Ser ciudadano mexicano.<\/p>\n<p style=\"text-align: justify;\">*Poseer un doctorado en ciencias agr\u00edcolas, pecuarias o forestales.<\/p>\n<p style=\"text-align: justify;\">*Contar con una trayectoria destacada en investigaci\u00f3n y publicaciones cient\u00edficas.<\/p>\n<p style=\"text-align: justify;\">*Demostrar experiencia en gesti\u00f3n de instituciones cient\u00edficas.<\/p>\n<\/p>\n<p>&nbsp;<\/p>\n<p style=\"text-align: justify;\" data-sourcepos=\"20:1-20:214\">Los interesados podr\u00e1n consultar la convocatoria completa y presentar su documentaci\u00f3n a trav\u00e9s de la p\u00e1gina web del INIFAP o de manera presencial en las oficinas de la Secretar\u00eda de Agricultura y Desarrollo Rural.<\/p>\n<\/p>\n<p>&nbsp;<\/p>\n<p style=\"text-align: justify;\" data-sourcepos=\"22:1-22:306\">El nuevo director general del INIFAP tendr\u00e1 la responsabilidad de liderar una instituci\u00f3n clave para el desarrollo del sector agropecuario mexicano. Se espera que el nuevo titular impulse la investigaci\u00f3n en \u00e1reas como la producci\u00f3n sostenible, la seguridad alimentaria y la adaptaci\u00f3n al cambio clim\u00e1tico.<\/p>\n<\/p>\n<p>&nbsp;<\/p>\n<p style=\"text-align: center;\" data-sourcepos=\"22:1-22:306\"><em><strong>\u00a1Informaci\u00f3n que transforma!<\/strong><\/em><\/p>\n","protected":false},"excerpt":{"rendered":"<p>La Secretar\u00eda de Agricultura y Desarrollo Rural (SADER) ha lanzado una convocatoria p\u00fablica para seleccionar al nuevo director general del Instituto Nacional de Investigaciones Forestales, Agr\u00edcolas y Pecuarias (INIFAP).<\/p>\n","protected":false},"author":3,"featured_media":11744,"comment_status":"open","ping_status":"open","sticky":false,"template":"","format":"standard","meta":{"footnotes":""},"categories":[88,58],"tags":[1204,2711,3442,1540],"class_list":["post-11742","post","type-post","status-publish","format-standard","has-post-thumbnail","hentry","category-nacional","category-ultima-hora","tag-agricultura","tag-convocatoria","tag-inifap","tag-investigacion"],"yoast_head":"<!-- This site is optimized with the Yoast SEO plugin v25.0 - https:\/\/yoast.com\/wordpress\/plugins\/seo\/ -->\n<title>Oportunidad para transformar el campo en M\u00e9xico convocatoria abierta para dirigir el INIFAP busca nuevo l\u00edder para investigaci\u00f3n agr\u00edcola | Nexo Informativo Santiago de Quer\u00e9taro<\/title>\n<meta name=\"description\" content=\"Oportunidad para transformar el campo en M\u00e9xico convocatoria abierta para dirigir el INIFAP busca nuevo l\u00edder para la investigaci\u00f3n agr\u00edcola\" \/>\n<meta name=\"robots\" content=\"index, follow, max-snippet:-1, max-image-preview:large, max-video-preview:-1\" \/>\n<link rel=\"canonical\" href=\"https:\/\/www.nexoinformativo.mx\/index.php\/2025\/02\/18\/oportunidad-para-transformar-el-campo-en-mexico-convocatoria-abierta-para-dirigir-el-inifap-busca-nuevo-lider-para-investigacion-agricola\/\" \/>\n<meta property=\"og:locale\" content=\"es_MX\" \/>\n<meta property=\"og:type\" content=\"article\" \/>\n<meta property=\"og:title\" content=\"Oportunidad para transformar el campo en M\u00e9xico convocatoria abierta para dirigir el INIFAP busca nuevo l\u00edder para investigaci\u00f3n agr\u00edcola | Nexo Informativo Santiago de Quer\u00e9taro\" \/>\n<meta property=\"og:description\" content=\"Oportunidad para transformar el campo en M\u00e9xico convocatoria abierta para dirigir el INIFAP busca nuevo l\u00edder para la investigaci\u00f3n agr\u00edcola\" \/>\n<meta property=\"og:url\" content=\"https:\/\/www.nexoinformativo.mx\/index.php\/2025\/02\/18\/oportunidad-para-transformar-el-campo-en-mexico-convocatoria-abierta-para-dirigir-el-inifap-busca-nuevo-lider-para-investigacion-agricola\/\" \/>\n<meta property=\"og:site_name\" content=\"Nexo Informativo Santiago de Quer\u00e9taro\" \/>\n<meta property=\"article:publisher\" content=\"https:\/\/www.facebook.com\/people\/Nexo-Informativo\/61564066885511\/\" \/>\n<meta property=\"article:published_time\" content=\"2025-02-18T12:30:29+00:00\" \/>\n<meta property=\"article:modified_time\" content=\"2025-02-18T16:53:08+00:00\" \/>\n<meta property=\"og:image\" content=\"https:\/\/www.nexoinformativo.mx\/wp-content\/uploads\/2025\/02\/IMG_0877.jpg\" \/>\n\t<meta property=\"og:image:width\" content=\"650\" \/>\n\t<meta property=\"og:image:height\" content=\"380\" \/>\n\t<meta property=\"og:image:type\" content=\"image\/jpeg\" \/>\n<meta name=\"author\" content=\"Nexo Informativo\" \/>\n<meta name=\"twitter:card\" content=\"summary_large_image\" \/>\n<meta name=\"twitter:label1\" content=\"Escrito por\" \/>\n\t<meta name=\"twitter:data1\" content=\"Nexo Informativo\" \/>\n\t<meta name=\"twitter:label2\" content=\"Tiempo de lectura\" \/>\n\t<meta name=\"twitter:data2\" content=\"2 minutos\" \/>\n<script type=\"application\/ld+json\" class=\"yoast-schema-graph\">{\"@context\":\"https:\/\/schema.org\",\"@graph\":[{\"@type\":\"Article\",\"@id\":\"https:\/\/www.nexoinformativo.mx\/index.php\/2025\/02\/18\/oportunidad-para-transformar-el-campo-en-mexico-convocatoria-abierta-para-dirigir-el-inifap-busca-nuevo-lider-para-investigacion-agricola\/#article\",\"isPartOf\":{\"@id\":\"https:\/\/www.nexoinformativo.mx\/index.php\/2025\/02\/18\/oportunidad-para-transformar-el-campo-en-mexico-convocatoria-abierta-para-dirigir-el-inifap-busca-nuevo-lider-para-investigacion-agricola\/\"},\"author\":{\"name\":\"Nexo Informativo\",\"@id\":\"https:\/\/www.nexoinformativo.mx\/#\/schema\/person\/7749d380ba08c8ca00d7bc76fd907b7d\"},\"headline\":\"Oportunidad para transformar el campo en M\u00e9xico convocatoria abierta para dirigir el INIFAP busca nuevo l\u00edder para investigaci\u00f3n agr\u00edcola\",\"datePublished\":\"2025-02-18T12:30:29+00:00\",\"dateModified\":\"2025-02-18T16:53:08+00:00\",\"mainEntityOfPage\":{\"@id\":\"https:\/\/www.nexoinformativo.mx\/index.php\/2025\/02\/18\/oportunidad-para-transformar-el-campo-en-mexico-convocatoria-abierta-para-dirigir-el-inifap-busca-nuevo-lider-para-investigacion-agricola\/\"},\"wordCount\":260,\"commentCount\":0,\"publisher\":{\"@id\":\"https:\/\/www.nexoinformativo.mx\/#organization\"},\"image\":{\"@id\":\"https:\/\/www.nexoinformativo.mx\/index.php\/2025\/02\/18\/oportunidad-para-transformar-el-campo-en-mexico-convocatoria-abierta-para-dirigir-el-inifap-busca-nuevo-lider-para-investigacion-agricola\/#primaryimage\"},\"thumbnailUrl\":\"https:\/\/www.nexoinformativo.mx\/wp-content\/uploads\/2025\/02\/IMG_0877.jpg\",\"keywords\":[\"Agricultura\",\"Convocatoria\",\"INIFAP\",\"Investigaci\u00f3n\"],\"articleSection\":[\"Nacional\",\"\u00daltima Hora\"],\"inLanguage\":\"es\",\"potentialAction\":[{\"@type\":\"CommentAction\",\"name\":\"Comment\",\"target\":[\"https:\/\/www.nexoinformativo.mx\/index.php\/2025\/02\/18\/oportunidad-para-transformar-el-campo-en-mexico-convocatoria-abierta-para-dirigir-el-inifap-busca-nuevo-lider-para-investigacion-agricola\/#respond\"]}]},{\"@type\":\"WebPage\",\"@id\":\"https:\/\/www.nexoinformativo.mx\/index.php\/2025\/02\/18\/oportunidad-para-transformar-el-campo-en-mexico-convocatoria-abierta-para-dirigir-el-inifap-busca-nuevo-lider-para-investigacion-agricola\/\",\"url\":\"https:\/\/www.nexoinformativo.mx\/index.php\/2025\/02\/18\/oportunidad-para-transformar-el-campo-en-mexico-convocatoria-abierta-para-dirigir-el-inifap-busca-nuevo-lider-para-investigacion-agricola\/\",\"name\":\"Oportunidad para transformar el campo en M\u00e9xico convocatoria abierta para dirigir el INIFAP busca nuevo l\u00edder para investigaci\u00f3n agr\u00edcola | Nexo Informativo Santiago de Quer\u00e9taro\",\"isPartOf\":{\"@id\":\"https:\/\/www.nexoinformativo.mx\/#website\"},\"primaryImageOfPage\":{\"@id\":\"https:\/\/www.nexoinformativo.mx\/index.php\/2025\/02\/18\/oportunidad-para-transformar-el-campo-en-mexico-convocatoria-abierta-para-dirigir-el-inifap-busca-nuevo-lider-para-investigacion-agricola\/#primaryimage\"},\"image\":{\"@id\":\"https:\/\/www.nexoinformativo.mx\/index.php\/2025\/02\/18\/oportunidad-para-transformar-el-campo-en-mexico-convocatoria-abierta-para-dirigir-el-inifap-busca-nuevo-lider-para-investigacion-agricola\/#primaryimage\"},\"thumbnailUrl\":\"https:\/\/www.nexoinformativo.mx\/wp-content\/uploads\/2025\/02\/IMG_0877.jpg\",\"datePublished\":\"2025-02-18T12:30:29+00:00\",\"dateModified\":\"2025-02-18T16:53:08+00:00\",\"description\":\"Oportunidad para transformar el campo en M\u00e9xico convocatoria abierta para dirigir el INIFAP busca nuevo l\u00edder para la investigaci\u00f3n agr\u00edcola\",\"breadcrumb\":{\"@id\":\"https:\/\/www.nexoinformativo.mx\/index.php\/2025\/02\/18\/oportunidad-para-transformar-el-campo-en-mexico-convocatoria-abierta-para-dirigir-el-inifap-busca-nuevo-lider-para-investigacion-agricola\/#breadcrumb\"},\"inLanguage\":\"es\",\"potentialAction\":[{\"@type\":\"ReadAction\",\"target\":[\"https:\/\/www.nexoinformativo.mx\/index.php\/2025\/02\/18\/oportunidad-para-transformar-el-campo-en-mexico-convocatoria-abierta-para-dirigir-el-inifap-busca-nuevo-lider-para-investigacion-agricola\/\"]}]},{\"@type\":\"ImageObject\",\"inLanguage\":\"es\",\"@id\":\"https:\/\/www.nexoinformativo.mx\/index.php\/2025\/02\/18\/oportunidad-para-transformar-el-campo-en-mexico-convocatoria-abierta-para-dirigir-el-inifap-busca-nuevo-lider-para-investigacion-agricola\/#primaryimage\",\"url\":\"https:\/\/www.nexoinformativo.mx\/wp-content\/uploads\/2025\/02\/IMG_0877.jpg\",\"contentUrl\":\"https:\/\/www.nexoinformativo.mx\/wp-content\/uploads\/2025\/02\/IMG_0877.jpg\",\"width\":650,\"height\":380},{\"@type\":\"BreadcrumbList\",\"@id\":\"https:\/\/www.nexoinformativo.mx\/index.php\/2025\/02\/18\/oportunidad-para-transformar-el-campo-en-mexico-convocatoria-abierta-para-dirigir-el-inifap-busca-nuevo-lider-para-investigacion-agricola\/#breadcrumb\",\"itemListElement\":[{\"@type\":\"ListItem\",\"position\":1,\"name\":\"Inicio\",\"item\":\"https:\/\/www.nexoinformativo.mx\/\"},{\"@type\":\"ListItem\",\"position\":2,\"name\":\"Oportunidad para transformar el campo en M\u00e9xico convocatoria abierta para dirigir el INIFAP busca nuevo l\u00edder para investigaci\u00f3n agr\u00edcola\"}]},{\"@type\":\"WebSite\",\"@id\":\"https:\/\/www.nexoinformativo.mx\/#website\",\"url\":\"https:\/\/www.nexoinformativo.mx\/\",\"name\":\"Nexo Informativo Santiago de Quer\u00e9taro\",\"description\":\"Explora NexoInformativo y convi\u00e9rtete en parte de una comunidad que valora el conocimiento y la verdad. Tu nexoinformativo es tu puente hacia una comprensi\u00f3n m\u00e1s profunda del mundo que te rodea.\",\"publisher\":{\"@id\":\"https:\/\/www.nexoinformativo.mx\/#organization\"},\"potentialAction\":[{\"@type\":\"SearchAction\",\"target\":{\"@type\":\"EntryPoint\",\"urlTemplate\":\"https:\/\/www.nexoinformativo.mx\/?s={search_term_string}\"},\"query-input\":{\"@type\":\"PropertyValueSpecification\",\"valueRequired\":true,\"valueName\":\"search_term_string\"}}],\"inLanguage\":\"es\"},{\"@type\":\"Organization\",\"@id\":\"https:\/\/www.nexoinformativo.mx\/#organization\",\"name\":\"Nexo Informativo Santiago de Quer\u00e9taro\",\"url\":\"https:\/\/www.nexoinformativo.mx\/\",\"logo\":{\"@type\":\"ImageObject\",\"inLanguage\":\"es\",\"@id\":\"https:\/\/www.nexoinformativo.mx\/#\/schema\/logo\/image\/\",\"url\":\"https:\/\/www.nexoinformativo.mx\/wp-content\/uploads\/2024\/07\/nexoi-trasparente-2.png\",\"contentUrl\":\"https:\/\/www.nexoinformativo.mx\/wp-content\/uploads\/2024\/07\/nexoi-trasparente-2.png\",\"width\":816,\"height\":339,\"caption\":\"Nexo Informativo Santiago de Quer\u00e9taro\"},\"image\":{\"@id\":\"https:\/\/www.nexoinformativo.mx\/#\/schema\/logo\/image\/\"},\"sameAs\":[\"https:\/\/www.facebook.com\/people\/Nexo-Informativo\/61564066885511\/\"]},{\"@type\":\"Person\",\"@id\":\"https:\/\/www.nexoinformativo.mx\/#\/schema\/person\/7749d380ba08c8ca00d7bc76fd907b7d\",\"name\":\"Nexo Informativo\",\"image\":{\"@type\":\"ImageObject\",\"inLanguage\":\"es\",\"@id\":\"https:\/\/www.nexoinformativo.mx\/#\/schema\/person\/image\/\",\"url\":\"https:\/\/secure.gravatar.com\/avatar\/dde2928154642a13d95f87ddf1ea9718fe2b46760a005c53e41ff5ad610704e6?s=96&d=mm&r=g\",\"contentUrl\":\"https:\/\/secure.gravatar.com\/avatar\/dde2928154642a13d95f87ddf1ea9718fe2b46760a005c53e41ff5ad610704e6?s=96&d=mm&r=g\",\"caption\":\"Nexo Informativo\"},\"url\":\"https:\/\/www.nexoinformativo.mx\/index.php\/author\/edicion\/\"}]}<\/script>\n<!-- \/ Yoast SEO plugin. -->","yoast_head_json":{"title":"Oportunidad para transformar el campo en M\u00e9xico convocatoria abierta para dirigir el INIFAP busca nuevo l\u00edder para investigaci\u00f3n agr\u00edcola | Nexo Informativo Santiago de Quer\u00e9taro","description":"Oportunidad para transformar el campo en M\u00e9xico convocatoria abierta para dirigir el INIFAP busca nuevo l\u00edder para la investigaci\u00f3n agr\u00edcola","robots":{"index":"index","follow":"follow","max-snippet":"max-snippet:-1","max-image-preview":"max-image-preview:large","max-video-preview":"max-video-preview:-1"},"canonical":"https:\/\/www.nexoinformativo.mx\/index.php\/2025\/02\/18\/oportunidad-para-transformar-el-campo-en-mexico-convocatoria-abierta-para-dirigir-el-inifap-busca-nuevo-lider-para-investigacion-agricola\/","og_locale":"es_MX","og_type":"article","og_title":"Oportunidad para transformar el campo en M\u00e9xico convocatoria abierta para dirigir el INIFAP busca nuevo l\u00edder para investigaci\u00f3n agr\u00edcola | Nexo Informativo Santiago de Quer\u00e9taro","og_description":"Oportunidad para transformar el campo en M\u00e9xico convocatoria abierta para dirigir el INIFAP busca nuevo l\u00edder para la investigaci\u00f3n agr\u00edcola","og_url":"https:\/\/www.nexoinformativo.mx\/index.php\/2025\/02\/18\/oportunidad-para-transformar-el-campo-en-mexico-convocatoria-abierta-para-dirigir-el-inifap-busca-nuevo-lider-para-investigacion-agricola\/","og_site_name":"Nexo Informativo Santiago de Quer\u00e9taro","article_publisher":"https:\/\/www.facebook.com\/people\/Nexo-Informativo\/61564066885511\/","article_published_time":"2025-02-18T12:30:29+00:00","article_modified_time":"2025-02-18T16:53:08+00:00","og_image":[{"width":650,"height":380,"url":"https:\/\/www.nexoinformativo.mx\/wp-content\/uploads\/2025\/02\/IMG_0877.jpg","type":"image\/jpeg"}],"author":"Nexo Informativo","twitter_card":"summary_large_image","twitter_misc":{"Escrito por":"Nexo Informativo","Tiempo de lectura":"2 minutos"},"schema":{"@context":"https:\/\/schema.org","@graph":[{"@type":"Article","@id":"https:\/\/www.nexoinformativo.mx\/index.php\/2025\/02\/18\/oportunidad-para-transformar-el-campo-en-mexico-convocatoria-abierta-para-dirigir-el-inifap-busca-nuevo-lider-para-investigacion-agricola\/#article","isPartOf":{"@id":"https:\/\/www.nexoinformativo.mx\/index.php\/2025\/02\/18\/oportunidad-para-transformar-el-campo-en-mexico-convocatoria-abierta-para-dirigir-el-inifap-busca-nuevo-lider-para-investigacion-agricola\/"},"author":{"name":"Nexo Informativo","@id":"https:\/\/www.nexoinformativo.mx\/#\/schema\/person\/7749d380ba08c8ca00d7bc76fd907b7d"},"headline":"Oportunidad para transformar el campo en M\u00e9xico convocatoria abierta para dirigir el INIFAP busca nuevo l\u00edder para investigaci\u00f3n agr\u00edcola","datePublished":"2025-02-18T12:30:29+00:00","dateModified":"2025-02-18T16:53:08+00:00","mainEntityOfPage":{"@id":"https:\/\/www.nexoinformativo.mx\/index.php\/2025\/02\/18\/oportunidad-para-transformar-el-campo-en-mexico-convocatoria-abierta-para-dirigir-el-inifap-busca-nuevo-lider-para-investigacion-agricola\/"},"wordCount":260,"commentCount":0,"publisher":{"@id":"https:\/\/www.nexoinformativo.mx\/#organization"},"image":{"@id":"https:\/\/www.nexoinformativo.mx\/index.php\/2025\/02\/18\/oportunidad-para-transformar-el-campo-en-mexico-convocatoria-abierta-para-dirigir-el-inifap-busca-nuevo-lider-para-investigacion-agricola\/#primaryimage"},"thumbnailUrl":"https:\/\/www.nexoinformativo.mx\/wp-content\/uploads\/2025\/02\/IMG_0877.jpg","keywords":["Agricultura","Convocatoria","INIFAP","Investigaci\u00f3n"],"articleSection":["Nacional","\u00daltima Hora"],"inLanguage":"es","potentialAction":[{"@type":"CommentAction","name":"Comment","target":["https:\/\/www.nexoinformativo.mx\/index.php\/2025\/02\/18\/oportunidad-para-transformar-el-campo-en-mexico-convocatoria-abierta-para-dirigir-el-inifap-busca-nuevo-lider-para-investigacion-agricola\/#respond"]}]},{"@type":"WebPage","@id":"https:\/\/www.nexoinformativo.mx\/index.php\/2025\/02\/18\/oportunidad-para-transformar-el-campo-en-mexico-convocatoria-abierta-para-dirigir-el-inifap-busca-nuevo-lider-para-investigacion-agricola\/","url":"https:\/\/www.nexoinformativo.mx\/index.php\/2025\/02\/18\/oportunidad-para-transformar-el-campo-en-mexico-convocatoria-abierta-para-dirigir-el-inifap-busca-nuevo-lider-para-investigacion-agricola\/","name":"Oportunidad para transformar el campo en M\u00e9xico convocatoria abierta para dirigir el INIFAP busca nuevo l\u00edder para investigaci\u00f3n agr\u00edcola | Nexo Informativo Santiago de Quer\u00e9taro","isPartOf":{"@id":"https:\/\/www.nexoinformativo.mx\/#website"},"primaryImageOfPage":{"@id":"https:\/\/www.nexoinformativo.mx\/index.php\/2025\/02\/18\/oportunidad-para-transformar-el-campo-en-mexico-convocatoria-abierta-para-dirigir-el-inifap-busca-nuevo-lider-para-investigacion-agricola\/#primaryimage"},"image":{"@id":"https:\/\/www.nexoinformativo.mx\/index.php\/2025\/02\/18\/oportunidad-para-transformar-el-campo-en-mexico-convocatoria-abierta-para-dirigir-el-inifap-busca-nuevo-lider-para-investigacion-agricola\/#primaryimage"},"thumbnailUrl":"https:\/\/www.nexoinformativo.mx\/wp-content\/uploads\/2025\/02\/IMG_0877.jpg","datePublished":"2025-02-18T12:30:29+00:00","dateModified":"2025-02-18T16:53:08+00:00","description":"Oportunidad para transformar el campo en M\u00e9xico convocatoria abierta para dirigir el INIFAP busca nuevo l\u00edder para la investigaci\u00f3n agr\u00edcola","breadcrumb":{"@id":"https:\/\/www.nexoinformativo.mx\/index.php\/2025\/02\/18\/oportunidad-para-transformar-el-campo-en-mexico-convocatoria-abierta-para-dirigir-el-inifap-busca-nuevo-lider-para-investigacion-agricola\/#breadcrumb"},"inLanguage":"es","potentialAction":[{"@type":"ReadAction","target":["https:\/\/www.nexoinformativo.mx\/index.php\/2025\/02\/18\/oportunidad-para-transformar-el-campo-en-mexico-convocatoria-abierta-para-dirigir-el-inifap-busca-nuevo-lider-para-investigacion-agricola\/"]}]},{"@type":"ImageObject","inLanguage":"es","@id":"https:\/\/www.nexoinformativo.mx\/index.php\/2025\/02\/18\/oportunidad-para-transformar-el-campo-en-mexico-convocatoria-abierta-para-dirigir-el-inifap-busca-nuevo-lider-para-investigacion-agricola\/#primaryimage","url":"https:\/\/www.nexoinformativo.mx\/wp-content\/uploads\/2025\/02\/IMG_0877.jpg","contentUrl":"https:\/\/www.nexoinformativo.mx\/wp-content\/uploads\/2025\/02\/IMG_0877.jpg","width":650,"height":380},{"@type":"BreadcrumbList","@id":"https:\/\/www.nexoinformativo.mx\/index.php\/2025\/02\/18\/oportunidad-para-transformar-el-campo-en-mexico-convocatoria-abierta-para-dirigir-el-inifap-busca-nuevo-lider-para-investigacion-agricola\/#breadcrumb","itemListElement":[{"@type":"ListItem","position":1,"name":"Inicio","item":"https:\/\/www.nexoinformativo.mx\/"},{"@type":"ListItem","position":2,"name":"Oportunidad para transformar el campo en M\u00e9xico convocatoria abierta para dirigir el INIFAP busca nuevo l\u00edder para investigaci\u00f3n agr\u00edcola"}]},{"@type":"WebSite","@id":"https:\/\/www.nexoinformativo.mx\/#website","url":"https:\/\/www.nexoinformativo.mx\/","name":"Nexo Informativo Santiago de Quer\u00e9taro","description":"Explora NexoInformativo y convi\u00e9rtete en parte de una comunidad que valora el conocimiento y la verdad. Tu nexoinformativo es tu puente hacia una comprensi\u00f3n m\u00e1s profunda del mundo que te rodea.","publisher":{"@id":"https:\/\/www.nexoinformativo.mx\/#organization"},"potentialAction":[{"@type":"SearchAction","target":{"@type":"EntryPoint","urlTemplate":"https:\/\/www.nexoinformativo.mx\/?s={search_term_string}"},"query-input":{"@type":"PropertyValueSpecification","valueRequired":true,"valueName":"search_term_string"}}],"inLanguage":"es"},{"@type":"Organization","@id":"https:\/\/www.nexoinformativo.mx\/#organization","name":"Nexo Informativo Santiago de Quer\u00e9taro","url":"https:\/\/www.nexoinformativo.mx\/","logo":{"@type":"ImageObject","inLanguage":"es","@id":"https:\/\/www.nexoinformativo.mx\/#\/schema\/logo\/image\/","url":"https:\/\/www.nexoinformativo.mx\/wp-content\/uploads\/2024\/07\/nexoi-trasparente-2.png","contentUrl":"https:\/\/www.nexoinformativo.mx\/wp-content\/uploads\/2024\/07\/nexoi-trasparente-2.png","width":816,"height":339,"caption":"Nexo Informativo Santiago de Quer\u00e9taro"},"image":{"@id":"https:\/\/www.nexoinformativo.mx\/#\/schema\/logo\/image\/"},"sameAs":["https:\/\/www.facebook.com\/people\/Nexo-Informativo\/61564066885511\/"]},{"@type":"Person","@id":"https:\/\/www.nexoinformativo.mx\/#\/schema\/person\/7749d380ba08c8ca00d7bc76fd907b7d","name":"Nexo Informativo","image":{"@type":"ImageObject","inLanguage":"es","@id":"https:\/\/www.nexoinformativo.mx\/#\/schema\/person\/image\/","url":"https:\/\/secure.gravatar.com\/avatar\/dde2928154642a13d95f87ddf1ea9718fe2b46760a005c53e41ff5ad610704e6?s=96&d=mm&r=g","contentUrl":"https:\/\/secure.gravatar.com\/avatar\/dde2928154642a13d95f87ddf1ea9718fe2b46760a005c53e41ff5ad610704e6?s=96&d=mm&r=g","caption":"Nexo Informativo"},"url":"https:\/\/www.nexoinformativo.mx\/index.php\/author\/edicion\/"}]}},"_links":{"self":[{"href":"https:\/\/www.nexoinformativo.mx\/index.php\/wp-json\/wp\/v2\/posts\/11742","targetHints":{"allow":["GET"]}}],"collection":[{"href":"https:\/\/www.nexoinformativo.mx\/index.php\/wp-json\/wp\/v2\/posts"}],"about":[{"href":"https:\/\/www.nexoinformativo.mx\/index.php\/wp-json\/wp\/v2\/types\/post"}],"author":[{"embeddable":true,"href":"https:\/\/www.nexoinformativo.mx\/index.php\/wp-json\/wp\/v2\/users\/3"}],"replies":[{"embeddable":true,"href":"https:\/\/www.nexoinformativo.mx\/index.php\/wp-json\/wp\/v2\/comments?post=11742"}],"version-history":[{"count":4,"href":"https:\/\/www.nexoinformativo.mx\/index.php\/wp-json\/wp\/v2\/posts\/11742\/revisions"}],"predecessor-version":[{"id":11747,"href":"https:\/\/www.nexoinformativo.mx\/index.php\/wp-json\/wp\/v2\/posts\/11742\/revisions\/11747"}],"wp:featuredmedia":[{"embeddable":true,"href":"https:\/\/www.nexoinformativo.mx\/index.php\/wp-json\/wp\/v2\/media\/11744"}],"wp:attachment":[{"href":"https:\/\/www.nexoinformativo.mx\/index.php\/wp-json\/wp\/v2\/media?parent=11742"}],"wp:term":[{"taxonomy":"category","embeddable":true,"href":"https:\/\/www.nexoinformativo.mx\/index.php\/wp-json\/wp\/v2\/categories?post=11742"},{"taxonomy":"post_tag","embeddable":true,"href":"https:\/\/www.nexoinformativo.mx\/index.php\/wp-json\/wp\/v2\/tags?post=11742"}],"curies":[{"name":"wp","href":"https:\/\/api.w.org\/{rel}","templated":true}]}}