{"id":11748,"date":"2025-02-18T07:00:26","date_gmt":"2025-02-18T13:00:26","guid":{"rendered":"https:\/\/www.nexoinformativo.mx\/?p=11748"},"modified":"2025-02-18T11:01:28","modified_gmt":"2025-02-18T17:01:28","slug":"amplian-registro-de-pension-para-el-bienestar-conoce-los-requisitos-y-fechas","status":"publish","type":"post","link":"https:\/\/www.nexoinformativo.mx\/index.php\/2025\/02\/18\/amplian-registro-de-pension-para-el-bienestar-conoce-los-requisitos-y-fechas\/","title":{"rendered":"Ampl\u00edan registro de Pensi\u00f3n para el Bienestar: conoce los requisitos y fechas"},"content":{"rendered":"<p style=\"text-align: justify;\" data-sourcepos=\"11:1-11:340\">La Secretar\u00eda de Bienestar anunci\u00f3 la apertura del registro para la Pensi\u00f3n para el Bienestar de las Personas Adultas Mayores, con Discapacidad y Mujeres Bienestar.<\/p>\n<p>&nbsp;<\/p>\n<p style=\"text-align: justify;\" data-sourcepos=\"11:1-11:340\">A partir del 17 de febrero y hasta el 28 de febrero, las personas interesadas podr\u00e1n acudir a los m\u00f3dulos de Bienestar para realizar su tr\u00e1mite.<\/p>\n<p>&nbsp;<\/p>\n<p style=\"text-align: justify;\" data-sourcepos=\"13:1-13:287\">La titular de la Secretar\u00eda de Bienestar, Ariadna Montiel, inform\u00f3 que este programa social ha beneficiado a m\u00e1s de 15 millones de personas en el pa\u00eds. <strong>&#8220;Con esta pensi\u00f3n, buscamos mejorar la calidad de vida de nuestros adultos mayores, personas con discapacidad y mujeres&#8221;<\/strong>, afirm\u00f3.<\/p>\n<p>&nbsp;<\/p>\n<p style=\"text-align: justify;\" data-sourcepos=\"15:1-15:32\"><strong>\u00bfQui\u00e9nes pueden registrarse?<\/strong><\/p>\n<ul style=\"text-align: justify;\" data-sourcepos=\"17:1-20:0\">\n<li data-sourcepos=\"17:1-17:29\">Adultos mayores de 65 a\u00f1os.<\/li>\n<li data-sourcepos=\"18:1-18:45\">Personas con discapacidad de 65 a\u00f1os o m\u00e1s.<\/li>\n<li data-sourcepos=\"19:1-20:0\">Mujeres de 60 a\u00f1os o m\u00e1s.<\/li>\n<\/ul>\n<p>&nbsp;<\/p>\n<p style=\"text-align: justify;\" data-sourcepos=\"21:1-21:33\"><strong>\u00bfQu\u00e9 documentos se necesitan?<\/strong><\/p>\n<ul style=\"text-align: justify;\" data-sourcepos=\"23:1-29:0\">\n<li data-sourcepos=\"23:1-23:33\">Identificaci\u00f3n oficial vigente.<\/li>\n<li data-sourcepos=\"24:1-24:7\">CURP.<\/li>\n<li data-sourcepos=\"25:1-25:21\">Acta de nacimiento.<\/li>\n<li data-sourcepos=\"26:1-26:27\">Comprobante de domicilio.<\/li>\n<li data-sourcepos=\"27:1-27:23\">Tel\u00e9fono de contacto.<\/li>\n<li data-sourcepos=\"28:1-29:0\">Certificado de discapacidad (en caso de aplicar).<\/li>\n<\/ul>\n<p>&nbsp;<\/p>\n<p style=\"text-align: justify;\" data-sourcepos=\"32:1-32:225\">El registro se realiza en los m\u00f3dulos de Bienestar, los cuales atienden de lunes a s\u00e1bado de 10:00 a 16:00 horas. La ubicaci\u00f3n de los m\u00f3dulos puede consultarse en la p\u00e1gina web de la Secretar\u00eda de Bienestar: gob.mx\/bienestar. El registro se realizar\u00e1 por orden alfab\u00e9tico, de acuerdo con la primera letra del apellido paterno.<\/p>\n<p>&nbsp;<\/p>\n<p style=\"text-align: justify;\" data-sourcepos=\"40:1-40:212\">La Pensi\u00f3n para el Bienestar es un apoyo econ\u00f3mico que busca mejorar la calidad de vida de las personas adultas mayores, con discapacidad y mujeres. Si cumples con los requisitos, no dudes en realizar tu tr\u00e1mite.<\/p>\n<p>&nbsp;<\/p>\n<p style=\"text-align: center;\" data-sourcepos=\"40:1-40:212\"><em><strong>\u00a1Informaci\u00f3n que transforma!<\/strong><\/em><\/p>\n","protected":false},"excerpt":{"rendered":"<p>La Secretar\u00eda de Bienestar anunci\u00f3 la apertura del registro para la Pensi\u00f3n para el Bienestar de las Personas Adultas Mayores, con Discapacidad y Mujeres Bienestar.<\/p>\n","protected":false},"author":3,"featured_media":11749,"comment_status":"open","ping_status":"open","sticky":false,"template":"","format":"standard","meta":{"footnotes":""},"categories":[88,58],"tags":[895,679,1610,3443],"class_list":["post-11748","post","type-post","status-publish","format-standard","has-post-thumbnail","hentry","category-nacional","category-ultima-hora","tag-adultosmayores","tag-bienestar","tag-mexico","tag-pensionbienestar"],"yoast_head":"<!-- This site is optimized with the Yoast SEO plugin v25.0 - https:\/\/yoast.com\/wordpress\/plugins\/seo\/ -->\n<title>Ampl\u00edan registro de Pensi\u00f3n para el Bienestar: conoce los requisitos y fechas | Nexo Informativo Santiago de Quer\u00e9taro<\/title>\n<meta name=\"description\" content=\"Ampl\u00edan registro de Pensi\u00f3n para el Bienestar: conoce los requisitos y fechas\" \/>\n<meta name=\"robots\" content=\"index, follow, max-snippet:-1, max-image-preview:large, max-video-preview:-1\" \/>\n<link rel=\"canonical\" href=\"https:\/\/www.nexoinformativo.mx\/index.php\/2025\/02\/18\/amplian-registro-de-pension-para-el-bienestar-conoce-los-requisitos-y-fechas\/\" \/>\n<meta property=\"og:locale\" content=\"es_MX\" \/>\n<meta property=\"og:type\" content=\"article\" \/>\n<meta property=\"og:title\" content=\"Ampl\u00edan registro de Pensi\u00f3n para el Bienestar: conoce los requisitos y fechas | Nexo Informativo Santiago de Quer\u00e9taro\" \/>\n<meta property=\"og:description\" content=\"Ampl\u00edan registro de Pensi\u00f3n para el Bienestar: conoce los requisitos y fechas\" \/>\n<meta property=\"og:url\" content=\"https:\/\/www.nexoinformativo.mx\/index.php\/2025\/02\/18\/amplian-registro-de-pension-para-el-bienestar-conoce-los-requisitos-y-fechas\/\" \/>\n<meta property=\"og:site_name\" content=\"Nexo Informativo Santiago de Quer\u00e9taro\" \/>\n<meta property=\"article:publisher\" content=\"https:\/\/www.facebook.com\/people\/Nexo-Informativo\/61564066885511\/\" \/>\n<meta property=\"article:published_time\" content=\"2025-02-18T13:00:26+00:00\" \/>\n<meta property=\"article:modified_time\" content=\"2025-02-18T17:01:28+00:00\" \/>\n<meta property=\"og:image\" content=\"https:\/\/www.nexoinformativo.mx\/wp-content\/uploads\/2025\/02\/IMG_0878-e1739897929845.jpg\" \/>\n\t<meta property=\"og:image:width\" content=\"700\" \/>\n\t<meta property=\"og:image:height\" content=\"875\" \/>\n\t<meta property=\"og:image:type\" content=\"image\/jpeg\" \/>\n<meta name=\"author\" content=\"Nexo Informativo\" \/>\n<meta name=\"twitter:card\" content=\"summary_large_image\" \/>\n<meta name=\"twitter:label1\" content=\"Escrito por\" \/>\n\t<meta name=\"twitter:data1\" content=\"Nexo Informativo\" \/>\n\t<meta name=\"twitter:label2\" content=\"Tiempo de lectura\" \/>\n\t<meta name=\"twitter:data2\" content=\"2 minutos\" \/>\n<script type=\"application\/ld+json\" class=\"yoast-schema-graph\">{\"@context\":\"https:\/\/schema.org\",\"@graph\":[{\"@type\":\"Article\",\"@id\":\"https:\/\/www.nexoinformativo.mx\/index.php\/2025\/02\/18\/amplian-registro-de-pension-para-el-bienestar-conoce-los-requisitos-y-fechas\/#article\",\"isPartOf\":{\"@id\":\"https:\/\/www.nexoinformativo.mx\/index.php\/2025\/02\/18\/amplian-registro-de-pension-para-el-bienestar-conoce-los-requisitos-y-fechas\/\"},\"author\":{\"name\":\"Nexo Informativo\",\"@id\":\"https:\/\/www.nexoinformativo.mx\/#\/schema\/person\/7749d380ba08c8ca00d7bc76fd907b7d\"},\"headline\":\"Ampl\u00edan registro de Pensi\u00f3n para el Bienestar: conoce los requisitos y fechas\",\"datePublished\":\"2025-02-18T13:00:26+00:00\",\"dateModified\":\"2025-02-18T17:01:28+00:00\",\"mainEntityOfPage\":{\"@id\":\"https:\/\/www.nexoinformativo.mx\/index.php\/2025\/02\/18\/amplian-registro-de-pension-para-el-bienestar-conoce-los-requisitos-y-fechas\/\"},\"wordCount\":278,\"commentCount\":0,\"publisher\":{\"@id\":\"https:\/\/www.nexoinformativo.mx\/#organization\"},\"image\":{\"@id\":\"https:\/\/www.nexoinformativo.mx\/index.php\/2025\/02\/18\/amplian-registro-de-pension-para-el-bienestar-conoce-los-requisitos-y-fechas\/#primaryimage\"},\"thumbnailUrl\":\"https:\/\/www.nexoinformativo.mx\/wp-content\/uploads\/2025\/02\/IMG_0878-e1739897929845.jpg\",\"keywords\":[\"AdultosMayores\",\"Bienestar\",\"M\u00e9xico\",\"Pensi\u00f3nBienestar\"],\"articleSection\":[\"Nacional\",\"\u00daltima Hora\"],\"inLanguage\":\"es\",\"potentialAction\":[{\"@type\":\"CommentAction\",\"name\":\"Comment\",\"target\":[\"https:\/\/www.nexoinformativo.mx\/index.php\/2025\/02\/18\/amplian-registro-de-pension-para-el-bienestar-conoce-los-requisitos-y-fechas\/#respond\"]}]},{\"@type\":\"WebPage\",\"@id\":\"https:\/\/www.nexoinformativo.mx\/index.php\/2025\/02\/18\/amplian-registro-de-pension-para-el-bienestar-conoce-los-requisitos-y-fechas\/\",\"url\":\"https:\/\/www.nexoinformativo.mx\/index.php\/2025\/02\/18\/amplian-registro-de-pension-para-el-bienestar-conoce-los-requisitos-y-fechas\/\",\"name\":\"Ampl\u00edan registro de Pensi\u00f3n para el Bienestar: conoce los requisitos y fechas | Nexo Informativo Santiago de Quer\u00e9taro\",\"isPartOf\":{\"@id\":\"https:\/\/www.nexoinformativo.mx\/#website\"},\"primaryImageOfPage\":{\"@id\":\"https:\/\/www.nexoinformativo.mx\/index.php\/2025\/02\/18\/amplian-registro-de-pension-para-el-bienestar-conoce-los-requisitos-y-fechas\/#primaryimage\"},\"image\":{\"@id\":\"https:\/\/www.nexoinformativo.mx\/index.php\/2025\/02\/18\/amplian-registro-de-pension-para-el-bienestar-conoce-los-requisitos-y-fechas\/#primaryimage\"},\"thumbnailUrl\":\"https:\/\/www.nexoinformativo.mx\/wp-content\/uploads\/2025\/02\/IMG_0878-e1739897929845.jpg\",\"datePublished\":\"2025-02-18T13:00:26+00:00\",\"dateModified\":\"2025-02-18T17:01:28+00:00\",\"description\":\"Ampl\u00edan registro de Pensi\u00f3n para el Bienestar: conoce los requisitos y fechas\",\"breadcrumb\":{\"@id\":\"https:\/\/www.nexoinformativo.mx\/index.php\/2025\/02\/18\/amplian-registro-de-pension-para-el-bienestar-conoce-los-requisitos-y-fechas\/#breadcrumb\"},\"inLanguage\":\"es\",\"potentialAction\":[{\"@type\":\"ReadAction\",\"target\":[\"https:\/\/www.nexoinformativo.mx\/index.php\/2025\/02\/18\/amplian-registro-de-pension-para-el-bienestar-conoce-los-requisitos-y-fechas\/\"]}]},{\"@type\":\"ImageObject\",\"inLanguage\":\"es\",\"@id\":\"https:\/\/www.nexoinformativo.mx\/index.php\/2025\/02\/18\/amplian-registro-de-pension-para-el-bienestar-conoce-los-requisitos-y-fechas\/#primaryimage\",\"url\":\"https:\/\/www.nexoinformativo.mx\/wp-content\/uploads\/2025\/02\/IMG_0878-e1739897929845.jpg\",\"contentUrl\":\"https:\/\/www.nexoinformativo.mx\/wp-content\/uploads\/2025\/02\/IMG_0878-e1739897929845.jpg\",\"width\":700,\"height\":875},{\"@type\":\"BreadcrumbList\",\"@id\":\"https:\/\/www.nexoinformativo.mx\/index.php\/2025\/02\/18\/amplian-registro-de-pension-para-el-bienestar-conoce-los-requisitos-y-fechas\/#breadcrumb\",\"itemListElement\":[{\"@type\":\"ListItem\",\"position\":1,\"name\":\"Inicio\",\"item\":\"https:\/\/www.nexoinformativo.mx\/\"},{\"@type\":\"ListItem\",\"position\":2,\"name\":\"Ampl\u00edan registro de Pensi\u00f3n para el Bienestar: conoce los requisitos y fechas\"}]},{\"@type\":\"WebSite\",\"@id\":\"https:\/\/www.nexoinformativo.mx\/#website\",\"url\":\"https:\/\/www.nexoinformativo.mx\/\",\"name\":\"Nexo Informativo Santiago de Quer\u00e9taro\",\"description\":\"Explora NexoInformativo y convi\u00e9rtete en parte de una comunidad que valora el conocimiento y la verdad. Tu nexoinformativo es tu puente hacia una comprensi\u00f3n m\u00e1s profunda del mundo que te rodea.\",\"publisher\":{\"@id\":\"https:\/\/www.nexoinformativo.mx\/#organization\"},\"potentialAction\":[{\"@type\":\"SearchAction\",\"target\":{\"@type\":\"EntryPoint\",\"urlTemplate\":\"https:\/\/www.nexoinformativo.mx\/?s={search_term_string}\"},\"query-input\":{\"@type\":\"PropertyValueSpecification\",\"valueRequired\":true,\"valueName\":\"search_term_string\"}}],\"inLanguage\":\"es\"},{\"@type\":\"Organization\",\"@id\":\"https:\/\/www.nexoinformativo.mx\/#organization\",\"name\":\"Nexo Informativo Santiago de Quer\u00e9taro\",\"url\":\"https:\/\/www.nexoinformativo.mx\/\",\"logo\":{\"@type\":\"ImageObject\",\"inLanguage\":\"es\",\"@id\":\"https:\/\/www.nexoinformativo.mx\/#\/schema\/logo\/image\/\",\"url\":\"https:\/\/www.nexoinformativo.mx\/wp-content\/uploads\/2024\/07\/nexoi-trasparente-2.png\",\"contentUrl\":\"https:\/\/www.nexoinformativo.mx\/wp-content\/uploads\/2024\/07\/nexoi-trasparente-2.png\",\"width\":816,\"height\":339,\"caption\":\"Nexo Informativo Santiago de Quer\u00e9taro\"},\"image\":{\"@id\":\"https:\/\/www.nexoinformativo.mx\/#\/schema\/logo\/image\/\"},\"sameAs\":[\"https:\/\/www.facebook.com\/people\/Nexo-Informativo\/61564066885511\/\"]},{\"@type\":\"Person\",\"@id\":\"https:\/\/www.nexoinformativo.mx\/#\/schema\/person\/7749d380ba08c8ca00d7bc76fd907b7d\",\"name\":\"Nexo Informativo\",\"image\":{\"@type\":\"ImageObject\",\"inLanguage\":\"es\",\"@id\":\"https:\/\/www.nexoinformativo.mx\/#\/schema\/person\/image\/\",\"url\":\"https:\/\/secure.gravatar.com\/avatar\/dde2928154642a13d95f87ddf1ea9718fe2b46760a005c53e41ff5ad610704e6?s=96&d=mm&r=g\",\"contentUrl\":\"https:\/\/secure.gravatar.com\/avatar\/dde2928154642a13d95f87ddf1ea9718fe2b46760a005c53e41ff5ad610704e6?s=96&d=mm&r=g\",\"caption\":\"Nexo Informativo\"},\"url\":\"https:\/\/www.nexoinformativo.mx\/index.php\/author\/edicion\/\"}]}<\/script>\n<!-- \/ Yoast SEO plugin. -->","yoast_head_json":{"title":"Ampl\u00edan registro de Pensi\u00f3n para el Bienestar: conoce los requisitos y fechas | Nexo Informativo Santiago de Quer\u00e9taro","description":"Ampl\u00edan registro de Pensi\u00f3n para el Bienestar: conoce los requisitos y fechas","robots":{"index":"index","follow":"follow","max-snippet":"max-snippet:-1","max-image-preview":"max-image-preview:large","max-video-preview":"max-video-preview:-1"},"canonical":"https:\/\/www.nexoinformativo.mx\/index.php\/2025\/02\/18\/amplian-registro-de-pension-para-el-bienestar-conoce-los-requisitos-y-fechas\/","og_locale":"es_MX","og_type":"article","og_title":"Ampl\u00edan registro de Pensi\u00f3n para el Bienestar: conoce los requisitos y fechas | Nexo Informativo Santiago de Quer\u00e9taro","og_description":"Ampl\u00edan registro de Pensi\u00f3n para el Bienestar: conoce los requisitos y fechas","og_url":"https:\/\/www.nexoinformativo.mx\/index.php\/2025\/02\/18\/amplian-registro-de-pension-para-el-bienestar-conoce-los-requisitos-y-fechas\/","og_site_name":"Nexo Informativo Santiago de Quer\u00e9taro","article_publisher":"https:\/\/www.facebook.com\/people\/Nexo-Informativo\/61564066885511\/","article_published_time":"2025-02-18T13:00:26+00:00","article_modified_time":"2025-02-18T17:01:28+00:00","og_image":[{"width":700,"height":875,"url":"https:\/\/www.nexoinformativo.mx\/wp-content\/uploads\/2025\/02\/IMG_0878-e1739897929845.jpg","type":"image\/jpeg"}],"author":"Nexo Informativo","twitter_card":"summary_large_image","twitter_misc":{"Escrito por":"Nexo Informativo","Tiempo de lectura":"2 minutos"},"schema":{"@context":"https:\/\/schema.org","@graph":[{"@type":"Article","@id":"https:\/\/www.nexoinformativo.mx\/index.php\/2025\/02\/18\/amplian-registro-de-pension-para-el-bienestar-conoce-los-requisitos-y-fechas\/#article","isPartOf":{"@id":"https:\/\/www.nexoinformativo.mx\/index.php\/2025\/02\/18\/amplian-registro-de-pension-para-el-bienestar-conoce-los-requisitos-y-fechas\/"},"author":{"name":"Nexo Informativo","@id":"https:\/\/www.nexoinformativo.mx\/#\/schema\/person\/7749d380ba08c8ca00d7bc76fd907b7d"},"headline":"Ampl\u00edan registro de Pensi\u00f3n para el Bienestar: conoce los requisitos y fechas","datePublished":"2025-02-18T13:00:26+00:00","dateModified":"2025-02-18T17:01:28+00:00","mainEntityOfPage":{"@id":"https:\/\/www.nexoinformativo.mx\/index.php\/2025\/02\/18\/amplian-registro-de-pension-para-el-bienestar-conoce-los-requisitos-y-fechas\/"},"wordCount":278,"commentCount":0,"publisher":{"@id":"https:\/\/www.nexoinformativo.mx\/#organization"},"image":{"@id":"https:\/\/www.nexoinformativo.mx\/index.php\/2025\/02\/18\/amplian-registro-de-pension-para-el-bienestar-conoce-los-requisitos-y-fechas\/#primaryimage"},"thumbnailUrl":"https:\/\/www.nexoinformativo.mx\/wp-content\/uploads\/2025\/02\/IMG_0878-e1739897929845.jpg","keywords":["AdultosMayores","Bienestar","M\u00e9xico","Pensi\u00f3nBienestar"],"articleSection":["Nacional","\u00daltima Hora"],"inLanguage":"es","potentialAction":[{"@type":"CommentAction","name":"Comment","target":["https:\/\/www.nexoinformativo.mx\/index.php\/2025\/02\/18\/amplian-registro-de-pension-para-el-bienestar-conoce-los-requisitos-y-fechas\/#respond"]}]},{"@type":"WebPage","@id":"https:\/\/www.nexoinformativo.mx\/index.php\/2025\/02\/18\/amplian-registro-de-pension-para-el-bienestar-conoce-los-requisitos-y-fechas\/","url":"https:\/\/www.nexoinformativo.mx\/index.php\/2025\/02\/18\/amplian-registro-de-pension-para-el-bienestar-conoce-los-requisitos-y-fechas\/","name":"Ampl\u00edan registro de Pensi\u00f3n para el Bienestar: conoce los requisitos y fechas | Nexo Informativo Santiago de Quer\u00e9taro","isPartOf":{"@id":"https:\/\/www.nexoinformativo.mx\/#website"},"primaryImageOfPage":{"@id":"https:\/\/www.nexoinformativo.mx\/index.php\/2025\/02\/18\/amplian-registro-de-pension-para-el-bienestar-conoce-los-requisitos-y-fechas\/#primaryimage"},"image":{"@id":"https:\/\/www.nexoinformativo.mx\/index.php\/2025\/02\/18\/amplian-registro-de-pension-para-el-bienestar-conoce-los-requisitos-y-fechas\/#primaryimage"},"thumbnailUrl":"https:\/\/www.nexoinformativo.mx\/wp-content\/uploads\/2025\/02\/IMG_0878-e1739897929845.jpg","datePublished":"2025-02-18T13:00:26+00:00","dateModified":"2025-02-18T17:01:28+00:00","description":"Ampl\u00edan registro de Pensi\u00f3n para el Bienestar: conoce los requisitos y fechas","breadcrumb":{"@id":"https:\/\/www.nexoinformativo.mx\/index.php\/2025\/02\/18\/amplian-registro-de-pension-para-el-bienestar-conoce-los-requisitos-y-fechas\/#breadcrumb"},"inLanguage":"es","potentialAction":[{"@type":"ReadAction","target":["https:\/\/www.nexoinformativo.mx\/index.php\/2025\/02\/18\/amplian-registro-de-pension-para-el-bienestar-conoce-los-requisitos-y-fechas\/"]}]},{"@type":"ImageObject","inLanguage":"es","@id":"https:\/\/www.nexoinformativo.mx\/index.php\/2025\/02\/18\/amplian-registro-de-pension-para-el-bienestar-conoce-los-requisitos-y-fechas\/#primaryimage","url":"https:\/\/www.nexoinformativo.mx\/wp-content\/uploads\/2025\/02\/IMG_0878-e1739897929845.jpg","contentUrl":"https:\/\/www.nexoinformativo.mx\/wp-content\/uploads\/2025\/02\/IMG_0878-e1739897929845.jpg","width":700,"height":875},{"@type":"BreadcrumbList","@id":"https:\/\/www.nexoinformativo.mx\/index.php\/2025\/02\/18\/amplian-registro-de-pension-para-el-bienestar-conoce-los-requisitos-y-fechas\/#breadcrumb","itemListElement":[{"@type":"ListItem","position":1,"name":"Inicio","item":"https:\/\/www.nexoinformativo.mx\/"},{"@type":"ListItem","position":2,"name":"Ampl\u00edan registro de Pensi\u00f3n para el Bienestar: conoce los requisitos y fechas"}]},{"@type":"WebSite","@id":"https:\/\/www.nexoinformativo.mx\/#website","url":"https:\/\/www.nexoinformativo.mx\/","name":"Nexo Informativo Santiago de Quer\u00e9taro","description":"Explora NexoInformativo y convi\u00e9rtete en parte de una comunidad que valora el conocimiento y la verdad. Tu nexoinformativo es tu puente hacia una comprensi\u00f3n m\u00e1s profunda del mundo que te rodea.","publisher":{"@id":"https:\/\/www.nexoinformativo.mx\/#organization"},"potentialAction":[{"@type":"SearchAction","target":{"@type":"EntryPoint","urlTemplate":"https:\/\/www.nexoinformativo.mx\/?s={search_term_string}"},"query-input":{"@type":"PropertyValueSpecification","valueRequired":true,"valueName":"search_term_string"}}],"inLanguage":"es"},{"@type":"Organization","@id":"https:\/\/www.nexoinformativo.mx\/#organization","name":"Nexo Informativo Santiago de Quer\u00e9taro","url":"https:\/\/www.nexoinformativo.mx\/","logo":{"@type":"ImageObject","inLanguage":"es","@id":"https:\/\/www.nexoinformativo.mx\/#\/schema\/logo\/image\/","url":"https:\/\/www.nexoinformativo.mx\/wp-content\/uploads\/2024\/07\/nexoi-trasparente-2.png","contentUrl":"https:\/\/www.nexoinformativo.mx\/wp-content\/uploads\/2024\/07\/nexoi-trasparente-2.png","width":816,"height":339,"caption":"Nexo Informativo Santiago de Quer\u00e9taro"},"image":{"@id":"https:\/\/www.nexoinformativo.mx\/#\/schema\/logo\/image\/"},"sameAs":["https:\/\/www.facebook.com\/people\/Nexo-Informativo\/61564066885511\/"]},{"@type":"Person","@id":"https:\/\/www.nexoinformativo.mx\/#\/schema\/person\/7749d380ba08c8ca00d7bc76fd907b7d","name":"Nexo Informativo","image":{"@type":"ImageObject","inLanguage":"es","@id":"https:\/\/www.nexoinformativo.mx\/#\/schema\/person\/image\/","url":"https:\/\/secure.gravatar.com\/avatar\/dde2928154642a13d95f87ddf1ea9718fe2b46760a005c53e41ff5ad610704e6?s=96&d=mm&r=g","contentUrl":"https:\/\/secure.gravatar.com\/avatar\/dde2928154642a13d95f87ddf1ea9718fe2b46760a005c53e41ff5ad610704e6?s=96&d=mm&r=g","caption":"Nexo Informativo"},"url":"https:\/\/www.nexoinformativo.mx\/index.php\/author\/edicion\/"}]}},"_links":{"self":[{"href":"https:\/\/www.nexoinformativo.mx\/index.php\/wp-json\/wp\/v2\/posts\/11748","targetHints":{"allow":["GET"]}}],"collection":[{"href":"https:\/\/www.nexoinformativo.mx\/index.php\/wp-json\/wp\/v2\/posts"}],"about":[{"href":"https:\/\/www.nexoinformativo.mx\/index.php\/wp-json\/wp\/v2\/types\/post"}],"author":[{"embeddable":true,"href":"https:\/\/www.nexoinformativo.mx\/index.php\/wp-json\/wp\/v2\/users\/3"}],"replies":[{"embeddable":true,"href":"https:\/\/www.nexoinformativo.mx\/index.php\/wp-json\/wp\/v2\/comments?post=11748"}],"version-history":[{"count":7,"href":"https:\/\/www.nexoinformativo.mx\/index.php\/wp-json\/wp\/v2\/posts\/11748\/revisions"}],"predecessor-version":[{"id":11756,"href":"https:\/\/www.nexoinformativo.mx\/index.php\/wp-json\/wp\/v2\/posts\/11748\/revisions\/11756"}],"wp:featuredmedia":[{"embeddable":true,"href":"https:\/\/www.nexoinformativo.mx\/index.php\/wp-json\/wp\/v2\/media\/11749"}],"wp:attachment":[{"href":"https:\/\/www.nexoinformativo.mx\/index.php\/wp-json\/wp\/v2\/media?parent=11748"}],"wp:term":[{"taxonomy":"category","embeddable":true,"href":"https:\/\/www.nexoinformativo.mx\/index.php\/wp-json\/wp\/v2\/categories?post=11748"},{"taxonomy":"post_tag","embeddable":true,"href":"https:\/\/www.nexoinformativo.mx\/index.php\/wp-json\/wp\/v2\/tags?post=11748"}],"curies":[{"name":"wp","href":"https:\/\/api.w.org\/{rel}","templated":true}]}}