{"id":11762,"date":"2025-02-18T08:00:56","date_gmt":"2025-02-18T14:00:56","guid":{"rendered":"https:\/\/www.nexoinformativo.mx\/?p=11762"},"modified":"2025-02-18T11:10:48","modified_gmt":"2025-02-18T17:10:48","slug":"gobierno-de-queretaro-invierte-en-el-campo-308-productores-de-pinal-de-amoles-reciben-apoyos","status":"publish","type":"post","link":"https:\/\/www.nexoinformativo.mx\/index.php\/2025\/02\/18\/gobierno-de-queretaro-invierte-en-el-campo-308-productores-de-pinal-de-amoles-reciben-apoyos\/","title":{"rendered":"Gobierno de Quer\u00e9taro invierte en el campo 308 productores de Pinal de Amoles reciben apoyos"},"content":{"rendered":"<p style=\"text-align: justify;\" data-sourcepos=\"11:1-11:498\">El gobierno del estado de Quer\u00e9taro, a trav\u00e9s de la Secretar\u00eda de Desarrollo Agropecuario, entreg\u00f3 apoyos a 308 productores del municipio de Pinal de Amoles, con una inversi\u00f3n de m\u00e1s de cuatro millones de pesos.<\/p>\n<p>&nbsp;<\/p>\n<p style=\"text-align: justify;\" data-sourcepos=\"11:1-11:498\">Los recursos, provenientes de una colaboraci\u00f3n entre el gobierno estatal, municipal y los propios productores, se destinar\u00e1n a la adquisici\u00f3n de maquinaria, herramientas, semillas y otros insumos necesarios para mejorar la productividad agr\u00edcola.<\/p>\n<p>&nbsp;<\/p>\n<p style=\"text-align: justify;\" data-sourcepos=\"13:1-13:318\">El secretario de Desarrollo Agropecuario, Rosendo Anaya, destac\u00f3 que estos apoyos son parte de un programa m\u00e1s amplio que busca fortalecer el sector agropecuario en todo el estado.<\/p>\n<p>&nbsp;<\/p>\n<p style=\"text-align: justify;\" data-sourcepos=\"13:1-13:318\"><strong>&#8220;El gobernador Mauricio Kuri nos ha encomendado la tarea de apoyar a los productores y de hacer crecer el campo queretano&#8221;<\/strong>, afirm\u00f3 Anaya.<\/p>\n<p>&nbsp;<\/p>\n<p style=\"text-align: justify;\" data-sourcepos=\"15:1-15:331\">Por su parte, la presidenta municipal de Pinal de Amoles, Guadalupe Ram\u00edrez, agradeci\u00f3 el apoyo del gobierno estatal y destac\u00f3 la importancia de estos recursos para el desarrollo del municipio.<\/p>\n<p>&nbsp;<\/p>\n<p style=\"text-align: justify;\" data-sourcepos=\"15:1-15:331\"><strong>&#8220;Estos apoyos nos permitir\u00e1n mejorar la producci\u00f3n agr\u00edcola y garantizar la seguridad alimentaria de nuestras comunidades&#8221;<\/strong>, se\u00f1al\u00f3 Ram\u00edrez.<\/p>\n<p>&nbsp;<\/p>\n<p style=\"text-align: justify;\" data-sourcepos=\"17:1-17:341\">Los productores beneficiados expresaron su agradecimiento por los apoyos recibidos y destacaron la importancia de estas acciones para mejorar sus condiciones de vida.<\/p>\n<p>&nbsp;<\/p>\n<p style=\"text-align: justify;\" data-sourcepos=\"17:1-17:341\"><strong>&#8220;Estos recursos nos ayudar\u00e1n a ser m\u00e1s productivos y a generar mayores ingresos para nuestras familias&#8221;<\/strong>, coment\u00f3 Elizeth Aguas Mart\u00ednez, una de las productoras beneficiarias.<\/p>\n<p>&nbsp;<\/p>\n<p style=\"text-align: center;\" data-sourcepos=\"17:1-17:341\"><em><strong>\u00a1Informaci\u00f3n que transforma!<\/strong><\/em><\/p>\n","protected":false},"excerpt":{"rendered":"<p>El gobierno del estado de Quer\u00e9taro, a trav\u00e9s de la Secretar\u00eda de Desarrollo Agropecuario, entreg\u00f3 apoyos a 308 productores del municipio de Pinal de Amoles, con una inversi\u00f3n de m\u00e1s de cuatro millones de pesos.<\/p>\n","protected":false},"author":3,"featured_media":11763,"comment_status":"open","ping_status":"open","sticky":false,"template":"","format":"standard","meta":{"footnotes":""},"categories":[42,58],"tags":[3444,1277,601,133],"class_list":["post-11762","post","type-post","status-publish","format-standard","has-post-thumbnail","hentry","category-estado","category-ultima-hora","tag-apoyosalcampo","tag-desarrollorural","tag-pinaldeamoles","tag-queretaro"],"yoast_head":"<!-- This site is optimized with the Yoast SEO plugin v25.0 - https:\/\/yoast.com\/wordpress\/plugins\/seo\/ -->\n<title>Gobierno de Quer\u00e9taro invierte en el campo 308 productores de Pinal de Amoles reciben apoyos | Nexo Informativo Santiago de Quer\u00e9taro<\/title>\n<meta name=\"description\" content=\"Gobierno de Quer\u00e9taro invierte en el campo 308 productores de Pinal de Amoles reciben apoyos\" \/>\n<meta name=\"robots\" content=\"index, follow, max-snippet:-1, max-image-preview:large, max-video-preview:-1\" \/>\n<link rel=\"canonical\" href=\"https:\/\/www.nexoinformativo.mx\/index.php\/2025\/02\/18\/gobierno-de-queretaro-invierte-en-el-campo-308-productores-de-pinal-de-amoles-reciben-apoyos\/\" \/>\n<meta property=\"og:locale\" content=\"es_MX\" \/>\n<meta property=\"og:type\" content=\"article\" \/>\n<meta property=\"og:title\" content=\"Gobierno de Quer\u00e9taro invierte en el campo 308 productores de Pinal de Amoles reciben apoyos | Nexo Informativo Santiago de Quer\u00e9taro\" \/>\n<meta property=\"og:description\" content=\"Gobierno de Quer\u00e9taro invierte en el campo 308 productores de Pinal de Amoles reciben apoyos\" \/>\n<meta property=\"og:url\" content=\"https:\/\/www.nexoinformativo.mx\/index.php\/2025\/02\/18\/gobierno-de-queretaro-invierte-en-el-campo-308-productores-de-pinal-de-amoles-reciben-apoyos\/\" \/>\n<meta property=\"og:site_name\" content=\"Nexo Informativo Santiago de Quer\u00e9taro\" \/>\n<meta property=\"article:publisher\" content=\"https:\/\/www.facebook.com\/people\/Nexo-Informativo\/61564066885511\/\" \/>\n<meta property=\"article:published_time\" content=\"2025-02-18T14:00:56+00:00\" \/>\n<meta property=\"article:modified_time\" content=\"2025-02-18T17:10:48+00:00\" \/>\n<meta property=\"og:image\" content=\"https:\/\/www.nexoinformativo.mx\/wp-content\/uploads\/2025\/02\/PHOTO-2025-02-18-07-38-55-e1739898520171.jpg\" \/>\n\t<meta property=\"og:image:width\" content=\"800\" \/>\n\t<meta property=\"og:image:height\" content=\"533\" \/>\n\t<meta property=\"og:image:type\" content=\"image\/jpeg\" \/>\n<meta name=\"author\" content=\"Nexo Informativo\" \/>\n<meta name=\"twitter:card\" content=\"summary_large_image\" \/>\n<meta name=\"twitter:label1\" content=\"Escrito por\" \/>\n\t<meta name=\"twitter:data1\" content=\"Nexo Informativo\" \/>\n\t<meta name=\"twitter:label2\" content=\"Tiempo de lectura\" \/>\n\t<meta name=\"twitter:data2\" content=\"2 minutos\" \/>\n<script type=\"application\/ld+json\" class=\"yoast-schema-graph\">{\"@context\":\"https:\/\/schema.org\",\"@graph\":[{\"@type\":\"Article\",\"@id\":\"https:\/\/www.nexoinformativo.mx\/index.php\/2025\/02\/18\/gobierno-de-queretaro-invierte-en-el-campo-308-productores-de-pinal-de-amoles-reciben-apoyos\/#article\",\"isPartOf\":{\"@id\":\"https:\/\/www.nexoinformativo.mx\/index.php\/2025\/02\/18\/gobierno-de-queretaro-invierte-en-el-campo-308-productores-de-pinal-de-amoles-reciben-apoyos\/\"},\"author\":{\"name\":\"Nexo Informativo\",\"@id\":\"https:\/\/www.nexoinformativo.mx\/#\/schema\/person\/7749d380ba08c8ca00d7bc76fd907b7d\"},\"headline\":\"Gobierno de Quer\u00e9taro invierte en el campo 308 productores de Pinal de Amoles reciben apoyos\",\"datePublished\":\"2025-02-18T14:00:56+00:00\",\"dateModified\":\"2025-02-18T17:10:48+00:00\",\"mainEntityOfPage\":{\"@id\":\"https:\/\/www.nexoinformativo.mx\/index.php\/2025\/02\/18\/gobierno-de-queretaro-invierte-en-el-campo-308-productores-de-pinal-de-amoles-reciben-apoyos\/\"},\"wordCount\":260,\"commentCount\":0,\"publisher\":{\"@id\":\"https:\/\/www.nexoinformativo.mx\/#organization\"},\"image\":{\"@id\":\"https:\/\/www.nexoinformativo.mx\/index.php\/2025\/02\/18\/gobierno-de-queretaro-invierte-en-el-campo-308-productores-de-pinal-de-amoles-reciben-apoyos\/#primaryimage\"},\"thumbnailUrl\":\"https:\/\/www.nexoinformativo.mx\/wp-content\/uploads\/2025\/02\/PHOTO-2025-02-18-07-38-55-e1739898520171.jpg\",\"keywords\":[\"ApoyosAlCampo\",\"DesarrolloRural\",\"PinalDeAmoles\",\"Quer\u00e9taro\"],\"articleSection\":[\"Estado\",\"\u00daltima Hora\"],\"inLanguage\":\"es\",\"potentialAction\":[{\"@type\":\"CommentAction\",\"name\":\"Comment\",\"target\":[\"https:\/\/www.nexoinformativo.mx\/index.php\/2025\/02\/18\/gobierno-de-queretaro-invierte-en-el-campo-308-productores-de-pinal-de-amoles-reciben-apoyos\/#respond\"]}]},{\"@type\":\"WebPage\",\"@id\":\"https:\/\/www.nexoinformativo.mx\/index.php\/2025\/02\/18\/gobierno-de-queretaro-invierte-en-el-campo-308-productores-de-pinal-de-amoles-reciben-apoyos\/\",\"url\":\"https:\/\/www.nexoinformativo.mx\/index.php\/2025\/02\/18\/gobierno-de-queretaro-invierte-en-el-campo-308-productores-de-pinal-de-amoles-reciben-apoyos\/\",\"name\":\"Gobierno de Quer\u00e9taro invierte en el campo 308 productores de Pinal de Amoles reciben apoyos | Nexo Informativo Santiago de Quer\u00e9taro\",\"isPartOf\":{\"@id\":\"https:\/\/www.nexoinformativo.mx\/#website\"},\"primaryImageOfPage\":{\"@id\":\"https:\/\/www.nexoinformativo.mx\/index.php\/2025\/02\/18\/gobierno-de-queretaro-invierte-en-el-campo-308-productores-de-pinal-de-amoles-reciben-apoyos\/#primaryimage\"},\"image\":{\"@id\":\"https:\/\/www.nexoinformativo.mx\/index.php\/2025\/02\/18\/gobierno-de-queretaro-invierte-en-el-campo-308-productores-de-pinal-de-amoles-reciben-apoyos\/#primaryimage\"},\"thumbnailUrl\":\"https:\/\/www.nexoinformativo.mx\/wp-content\/uploads\/2025\/02\/PHOTO-2025-02-18-07-38-55-e1739898520171.jpg\",\"datePublished\":\"2025-02-18T14:00:56+00:00\",\"dateModified\":\"2025-02-18T17:10:48+00:00\",\"description\":\"Gobierno de Quer\u00e9taro invierte en el campo 308 productores de Pinal de Amoles reciben apoyos\",\"breadcrumb\":{\"@id\":\"https:\/\/www.nexoinformativo.mx\/index.php\/2025\/02\/18\/gobierno-de-queretaro-invierte-en-el-campo-308-productores-de-pinal-de-amoles-reciben-apoyos\/#breadcrumb\"},\"inLanguage\":\"es\",\"potentialAction\":[{\"@type\":\"ReadAction\",\"target\":[\"https:\/\/www.nexoinformativo.mx\/index.php\/2025\/02\/18\/gobierno-de-queretaro-invierte-en-el-campo-308-productores-de-pinal-de-amoles-reciben-apoyos\/\"]}]},{\"@type\":\"ImageObject\",\"inLanguage\":\"es\",\"@id\":\"https:\/\/www.nexoinformativo.mx\/index.php\/2025\/02\/18\/gobierno-de-queretaro-invierte-en-el-campo-308-productores-de-pinal-de-amoles-reciben-apoyos\/#primaryimage\",\"url\":\"https:\/\/www.nexoinformativo.mx\/wp-content\/uploads\/2025\/02\/PHOTO-2025-02-18-07-38-55-e1739898520171.jpg\",\"contentUrl\":\"https:\/\/www.nexoinformativo.mx\/wp-content\/uploads\/2025\/02\/PHOTO-2025-02-18-07-38-55-e1739898520171.jpg\",\"width\":800,\"height\":533},{\"@type\":\"BreadcrumbList\",\"@id\":\"https:\/\/www.nexoinformativo.mx\/index.php\/2025\/02\/18\/gobierno-de-queretaro-invierte-en-el-campo-308-productores-de-pinal-de-amoles-reciben-apoyos\/#breadcrumb\",\"itemListElement\":[{\"@type\":\"ListItem\",\"position\":1,\"name\":\"Inicio\",\"item\":\"https:\/\/www.nexoinformativo.mx\/\"},{\"@type\":\"ListItem\",\"position\":2,\"name\":\"Gobierno de Quer\u00e9taro invierte en el campo 308 productores de Pinal de Amoles reciben apoyos\"}]},{\"@type\":\"WebSite\",\"@id\":\"https:\/\/www.nexoinformativo.mx\/#website\",\"url\":\"https:\/\/www.nexoinformativo.mx\/\",\"name\":\"Nexo Informativo Santiago de Quer\u00e9taro\",\"description\":\"Explora NexoInformativo y convi\u00e9rtete en parte de una comunidad que valora el conocimiento y la verdad. Tu nexoinformativo es tu puente hacia una comprensi\u00f3n m\u00e1s profunda del mundo que te rodea.\",\"publisher\":{\"@id\":\"https:\/\/www.nexoinformativo.mx\/#organization\"},\"potentialAction\":[{\"@type\":\"SearchAction\",\"target\":{\"@type\":\"EntryPoint\",\"urlTemplate\":\"https:\/\/www.nexoinformativo.mx\/?s={search_term_string}\"},\"query-input\":{\"@type\":\"PropertyValueSpecification\",\"valueRequired\":true,\"valueName\":\"search_term_string\"}}],\"inLanguage\":\"es\"},{\"@type\":\"Organization\",\"@id\":\"https:\/\/www.nexoinformativo.mx\/#organization\",\"name\":\"Nexo Informativo Santiago de Quer\u00e9taro\",\"url\":\"https:\/\/www.nexoinformativo.mx\/\",\"logo\":{\"@type\":\"ImageObject\",\"inLanguage\":\"es\",\"@id\":\"https:\/\/www.nexoinformativo.mx\/#\/schema\/logo\/image\/\",\"url\":\"https:\/\/www.nexoinformativo.mx\/wp-content\/uploads\/2024\/07\/nexoi-trasparente-2.png\",\"contentUrl\":\"https:\/\/www.nexoinformativo.mx\/wp-content\/uploads\/2024\/07\/nexoi-trasparente-2.png\",\"width\":816,\"height\":339,\"caption\":\"Nexo Informativo Santiago de Quer\u00e9taro\"},\"image\":{\"@id\":\"https:\/\/www.nexoinformativo.mx\/#\/schema\/logo\/image\/\"},\"sameAs\":[\"https:\/\/www.facebook.com\/people\/Nexo-Informativo\/61564066885511\/\"]},{\"@type\":\"Person\",\"@id\":\"https:\/\/www.nexoinformativo.mx\/#\/schema\/person\/7749d380ba08c8ca00d7bc76fd907b7d\",\"name\":\"Nexo Informativo\",\"image\":{\"@type\":\"ImageObject\",\"inLanguage\":\"es\",\"@id\":\"https:\/\/www.nexoinformativo.mx\/#\/schema\/person\/image\/\",\"url\":\"https:\/\/secure.gravatar.com\/avatar\/dde2928154642a13d95f87ddf1ea9718fe2b46760a005c53e41ff5ad610704e6?s=96&d=mm&r=g\",\"contentUrl\":\"https:\/\/secure.gravatar.com\/avatar\/dde2928154642a13d95f87ddf1ea9718fe2b46760a005c53e41ff5ad610704e6?s=96&d=mm&r=g\",\"caption\":\"Nexo Informativo\"},\"url\":\"https:\/\/www.nexoinformativo.mx\/index.php\/author\/edicion\/\"}]}<\/script>\n<!-- \/ Yoast SEO plugin. -->","yoast_head_json":{"title":"Gobierno de Quer\u00e9taro invierte en el campo 308 productores de Pinal de Amoles reciben apoyos | Nexo Informativo Santiago de Quer\u00e9taro","description":"Gobierno de Quer\u00e9taro invierte en el campo 308 productores de Pinal de Amoles reciben apoyos","robots":{"index":"index","follow":"follow","max-snippet":"max-snippet:-1","max-image-preview":"max-image-preview:large","max-video-preview":"max-video-preview:-1"},"canonical":"https:\/\/www.nexoinformativo.mx\/index.php\/2025\/02\/18\/gobierno-de-queretaro-invierte-en-el-campo-308-productores-de-pinal-de-amoles-reciben-apoyos\/","og_locale":"es_MX","og_type":"article","og_title":"Gobierno de Quer\u00e9taro invierte en el campo 308 productores de Pinal de Amoles reciben apoyos | Nexo Informativo Santiago de Quer\u00e9taro","og_description":"Gobierno de Quer\u00e9taro invierte en el campo 308 productores de Pinal de Amoles reciben apoyos","og_url":"https:\/\/www.nexoinformativo.mx\/index.php\/2025\/02\/18\/gobierno-de-queretaro-invierte-en-el-campo-308-productores-de-pinal-de-amoles-reciben-apoyos\/","og_site_name":"Nexo Informativo Santiago de Quer\u00e9taro","article_publisher":"https:\/\/www.facebook.com\/people\/Nexo-Informativo\/61564066885511\/","article_published_time":"2025-02-18T14:00:56+00:00","article_modified_time":"2025-02-18T17:10:48+00:00","og_image":[{"width":800,"height":533,"url":"https:\/\/www.nexoinformativo.mx\/wp-content\/uploads\/2025\/02\/PHOTO-2025-02-18-07-38-55-e1739898520171.jpg","type":"image\/jpeg"}],"author":"Nexo Informativo","twitter_card":"summary_large_image","twitter_misc":{"Escrito por":"Nexo Informativo","Tiempo de lectura":"2 minutos"},"schema":{"@context":"https:\/\/schema.org","@graph":[{"@type":"Article","@id":"https:\/\/www.nexoinformativo.mx\/index.php\/2025\/02\/18\/gobierno-de-queretaro-invierte-en-el-campo-308-productores-de-pinal-de-amoles-reciben-apoyos\/#article","isPartOf":{"@id":"https:\/\/www.nexoinformativo.mx\/index.php\/2025\/02\/18\/gobierno-de-queretaro-invierte-en-el-campo-308-productores-de-pinal-de-amoles-reciben-apoyos\/"},"author":{"name":"Nexo Informativo","@id":"https:\/\/www.nexoinformativo.mx\/#\/schema\/person\/7749d380ba08c8ca00d7bc76fd907b7d"},"headline":"Gobierno de Quer\u00e9taro invierte en el campo 308 productores de Pinal de Amoles reciben apoyos","datePublished":"2025-02-18T14:00:56+00:00","dateModified":"2025-02-18T17:10:48+00:00","mainEntityOfPage":{"@id":"https:\/\/www.nexoinformativo.mx\/index.php\/2025\/02\/18\/gobierno-de-queretaro-invierte-en-el-campo-308-productores-de-pinal-de-amoles-reciben-apoyos\/"},"wordCount":260,"commentCount":0,"publisher":{"@id":"https:\/\/www.nexoinformativo.mx\/#organization"},"image":{"@id":"https:\/\/www.nexoinformativo.mx\/index.php\/2025\/02\/18\/gobierno-de-queretaro-invierte-en-el-campo-308-productores-de-pinal-de-amoles-reciben-apoyos\/#primaryimage"},"thumbnailUrl":"https:\/\/www.nexoinformativo.mx\/wp-content\/uploads\/2025\/02\/PHOTO-2025-02-18-07-38-55-e1739898520171.jpg","keywords":["ApoyosAlCampo","DesarrolloRural","PinalDeAmoles","Quer\u00e9taro"],"articleSection":["Estado","\u00daltima Hora"],"inLanguage":"es","potentialAction":[{"@type":"CommentAction","name":"Comment","target":["https:\/\/www.nexoinformativo.mx\/index.php\/2025\/02\/18\/gobierno-de-queretaro-invierte-en-el-campo-308-productores-de-pinal-de-amoles-reciben-apoyos\/#respond"]}]},{"@type":"WebPage","@id":"https:\/\/www.nexoinformativo.mx\/index.php\/2025\/02\/18\/gobierno-de-queretaro-invierte-en-el-campo-308-productores-de-pinal-de-amoles-reciben-apoyos\/","url":"https:\/\/www.nexoinformativo.mx\/index.php\/2025\/02\/18\/gobierno-de-queretaro-invierte-en-el-campo-308-productores-de-pinal-de-amoles-reciben-apoyos\/","name":"Gobierno de Quer\u00e9taro invierte en el campo 308 productores de Pinal de Amoles reciben apoyos | Nexo Informativo Santiago de Quer\u00e9taro","isPartOf":{"@id":"https:\/\/www.nexoinformativo.mx\/#website"},"primaryImageOfPage":{"@id":"https:\/\/www.nexoinformativo.mx\/index.php\/2025\/02\/18\/gobierno-de-queretaro-invierte-en-el-campo-308-productores-de-pinal-de-amoles-reciben-apoyos\/#primaryimage"},"image":{"@id":"https:\/\/www.nexoinformativo.mx\/index.php\/2025\/02\/18\/gobierno-de-queretaro-invierte-en-el-campo-308-productores-de-pinal-de-amoles-reciben-apoyos\/#primaryimage"},"thumbnailUrl":"https:\/\/www.nexoinformativo.mx\/wp-content\/uploads\/2025\/02\/PHOTO-2025-02-18-07-38-55-e1739898520171.jpg","datePublished":"2025-02-18T14:00:56+00:00","dateModified":"2025-02-18T17:10:48+00:00","description":"Gobierno de Quer\u00e9taro invierte en el campo 308 productores de Pinal de Amoles reciben apoyos","breadcrumb":{"@id":"https:\/\/www.nexoinformativo.mx\/index.php\/2025\/02\/18\/gobierno-de-queretaro-invierte-en-el-campo-308-productores-de-pinal-de-amoles-reciben-apoyos\/#breadcrumb"},"inLanguage":"es","potentialAction":[{"@type":"ReadAction","target":["https:\/\/www.nexoinformativo.mx\/index.php\/2025\/02\/18\/gobierno-de-queretaro-invierte-en-el-campo-308-productores-de-pinal-de-amoles-reciben-apoyos\/"]}]},{"@type":"ImageObject","inLanguage":"es","@id":"https:\/\/www.nexoinformativo.mx\/index.php\/2025\/02\/18\/gobierno-de-queretaro-invierte-en-el-campo-308-productores-de-pinal-de-amoles-reciben-apoyos\/#primaryimage","url":"https:\/\/www.nexoinformativo.mx\/wp-content\/uploads\/2025\/02\/PHOTO-2025-02-18-07-38-55-e1739898520171.jpg","contentUrl":"https:\/\/www.nexoinformativo.mx\/wp-content\/uploads\/2025\/02\/PHOTO-2025-02-18-07-38-55-e1739898520171.jpg","width":800,"height":533},{"@type":"BreadcrumbList","@id":"https:\/\/www.nexoinformativo.mx\/index.php\/2025\/02\/18\/gobierno-de-queretaro-invierte-en-el-campo-308-productores-de-pinal-de-amoles-reciben-apoyos\/#breadcrumb","itemListElement":[{"@type":"ListItem","position":1,"name":"Inicio","item":"https:\/\/www.nexoinformativo.mx\/"},{"@type":"ListItem","position":2,"name":"Gobierno de Quer\u00e9taro invierte en el campo 308 productores de Pinal de Amoles reciben apoyos"}]},{"@type":"WebSite","@id":"https:\/\/www.nexoinformativo.mx\/#website","url":"https:\/\/www.nexoinformativo.mx\/","name":"Nexo Informativo Santiago de Quer\u00e9taro","description":"Explora NexoInformativo y convi\u00e9rtete en parte de una comunidad que valora el conocimiento y la verdad. Tu nexoinformativo es tu puente hacia una comprensi\u00f3n m\u00e1s profunda del mundo que te rodea.","publisher":{"@id":"https:\/\/www.nexoinformativo.mx\/#organization"},"potentialAction":[{"@type":"SearchAction","target":{"@type":"EntryPoint","urlTemplate":"https:\/\/www.nexoinformativo.mx\/?s={search_term_string}"},"query-input":{"@type":"PropertyValueSpecification","valueRequired":true,"valueName":"search_term_string"}}],"inLanguage":"es"},{"@type":"Organization","@id":"https:\/\/www.nexoinformativo.mx\/#organization","name":"Nexo Informativo Santiago de Quer\u00e9taro","url":"https:\/\/www.nexoinformativo.mx\/","logo":{"@type":"ImageObject","inLanguage":"es","@id":"https:\/\/www.nexoinformativo.mx\/#\/schema\/logo\/image\/","url":"https:\/\/www.nexoinformativo.mx\/wp-content\/uploads\/2024\/07\/nexoi-trasparente-2.png","contentUrl":"https:\/\/www.nexoinformativo.mx\/wp-content\/uploads\/2024\/07\/nexoi-trasparente-2.png","width":816,"height":339,"caption":"Nexo Informativo Santiago de Quer\u00e9taro"},"image":{"@id":"https:\/\/www.nexoinformativo.mx\/#\/schema\/logo\/image\/"},"sameAs":["https:\/\/www.facebook.com\/people\/Nexo-Informativo\/61564066885511\/"]},{"@type":"Person","@id":"https:\/\/www.nexoinformativo.mx\/#\/schema\/person\/7749d380ba08c8ca00d7bc76fd907b7d","name":"Nexo Informativo","image":{"@type":"ImageObject","inLanguage":"es","@id":"https:\/\/www.nexoinformativo.mx\/#\/schema\/person\/image\/","url":"https:\/\/secure.gravatar.com\/avatar\/dde2928154642a13d95f87ddf1ea9718fe2b46760a005c53e41ff5ad610704e6?s=96&d=mm&r=g","contentUrl":"https:\/\/secure.gravatar.com\/avatar\/dde2928154642a13d95f87ddf1ea9718fe2b46760a005c53e41ff5ad610704e6?s=96&d=mm&r=g","caption":"Nexo Informativo"},"url":"https:\/\/www.nexoinformativo.mx\/index.php\/author\/edicion\/"}]}},"_links":{"self":[{"href":"https:\/\/www.nexoinformativo.mx\/index.php\/wp-json\/wp\/v2\/posts\/11762","targetHints":{"allow":["GET"]}}],"collection":[{"href":"https:\/\/www.nexoinformativo.mx\/index.php\/wp-json\/wp\/v2\/posts"}],"about":[{"href":"https:\/\/www.nexoinformativo.mx\/index.php\/wp-json\/wp\/v2\/types\/post"}],"author":[{"embeddable":true,"href":"https:\/\/www.nexoinformativo.mx\/index.php\/wp-json\/wp\/v2\/users\/3"}],"replies":[{"embeddable":true,"href":"https:\/\/www.nexoinformativo.mx\/index.php\/wp-json\/wp\/v2\/comments?post=11762"}],"version-history":[{"count":2,"href":"https:\/\/www.nexoinformativo.mx\/index.php\/wp-json\/wp\/v2\/posts\/11762\/revisions"}],"predecessor-version":[{"id":11766,"href":"https:\/\/www.nexoinformativo.mx\/index.php\/wp-json\/wp\/v2\/posts\/11762\/revisions\/11766"}],"wp:featuredmedia":[{"embeddable":true,"href":"https:\/\/www.nexoinformativo.mx\/index.php\/wp-json\/wp\/v2\/media\/11763"}],"wp:attachment":[{"href":"https:\/\/www.nexoinformativo.mx\/index.php\/wp-json\/wp\/v2\/media?parent=11762"}],"wp:term":[{"taxonomy":"category","embeddable":true,"href":"https:\/\/www.nexoinformativo.mx\/index.php\/wp-json\/wp\/v2\/categories?post=11762"},{"taxonomy":"post_tag","embeddable":true,"href":"https:\/\/www.nexoinformativo.mx\/index.php\/wp-json\/wp\/v2\/tags?post=11762"}],"curies":[{"name":"wp","href":"https:\/\/api.w.org\/{rel}","templated":true}]}}