{"id":1177,"date":"2024-08-28T15:00:26","date_gmt":"2024-08-28T21:00:26","guid":{"rendered":"https:\/\/www.nexoinformativo.mx\/?p=1177"},"modified":"2024-08-28T15:18:52","modified_gmt":"2024-08-28T21:18:52","slug":"detienen-a-sujeto-con-replica-de-arma-en-villas-de-santiago-queretaro","status":"publish","type":"post","link":"https:\/\/www.nexoinformativo.mx\/index.php\/2024\/08\/28\/detienen-a-sujeto-con-replica-de-arma-en-villas-de-santiago-queretaro\/","title":{"rendered":"Detienen a sujeto con r\u00e9plica de arma en Villas de Santiago, Quer\u00e9taro"},"content":{"rendered":"<p style=\"text-align: justify;\">Polic\u00edas Estatales de Quer\u00e9taro (POES) detuvieron a un hombre en Villas de Santiago tras recibir reportes ciudadanos que alertaban sobre una persona rondando la zona con un aparente rifle. Ante esta situaci\u00f3n, se realizaron las acciones necesarias para localizar al individuo y garantizar la seguridad en la comunidad.<\/p>\n<p>&nbsp;<\/p>\n<p style=\"text-align: justify;\">El sujeto fue encontrado en las inmediaciones del lugar, llevando una bolsa en la que se hall\u00f3 una r\u00e9plica de arma larga, dividida en dos partes. Al comprobar que causaba alarma y temor entre los ciudadanos, los agentes policiales procedieron a informarle de sus derechos y lo remitieron ante la autoridad competente.<\/p>\n<p>&nbsp;<\/p>\n<p style=\"text-align: justify;\">La intervenci\u00f3n de los oficiales evit\u00f3 una posible situaci\u00f3n de riesgo, asegurando la tranquilidad en la v\u00eda p\u00fablica.<\/p>\n","protected":false},"excerpt":{"rendered":"<p>Polic\u00edas Estatales de Quer\u00e9taro (POES) detuvieron a un hombre en Villas de Santiago tras recibir reportes ciudadanos que alertaban sobre una persona rondando la zona con un aparente rifle. Ante esta situaci\u00f3n, se realizaron las acciones necesarias para localizar al individuo y garantizar la seguridad en la comunidad. &nbsp; El sujeto fue encontrado en las [&hellip;]<\/p>\n","protected":false},"author":3,"featured_media":1181,"comment_status":"open","ping_status":"open","sticky":false,"template":"","format":"standard","meta":{"footnotes":""},"categories":[58],"tags":[297,298,242,266],"class_list":["post-1177","post","type-post","status-publish","format-standard","has-post-thumbnail","hentry","category-ultima-hora","tag-policiaestatalqueretaro","tag-prevencionciudadana","tag-queretaroseguro","tag-seguridadqueretaro"],"yoast_head":"<!-- This site is optimized with the Yoast SEO plugin v25.0 - https:\/\/yoast.com\/wordpress\/plugins\/seo\/ -->\n<title>Detienen a sujeto con r\u00e9plica de arma en Villas de Santiago, Quer\u00e9taro | Nexo Informativo Santiago de Quer\u00e9taro<\/title>\n<meta name=\"robots\" content=\"index, follow, max-snippet:-1, max-image-preview:large, max-video-preview:-1\" \/>\n<link rel=\"canonical\" href=\"https:\/\/www.nexoinformativo.mx\/index.php\/2024\/08\/28\/detienen-a-sujeto-con-replica-de-arma-en-villas-de-santiago-queretaro\/\" \/>\n<meta property=\"og:locale\" content=\"es_MX\" \/>\n<meta property=\"og:type\" content=\"article\" \/>\n<meta property=\"og:title\" content=\"Detienen a sujeto con r\u00e9plica de arma en Villas de Santiago, Quer\u00e9taro | Nexo Informativo Santiago de Quer\u00e9taro\" \/>\n<meta property=\"og:description\" content=\"Polic\u00edas Estatales de Quer\u00e9taro (POES) detuvieron a un hombre en Villas de Santiago tras recibir reportes ciudadanos que alertaban sobre una persona rondando la zona con un aparente rifle. Ante esta situaci\u00f3n, se realizaron las acciones necesarias para localizar al individuo y garantizar la seguridad en la comunidad. &nbsp; El sujeto fue encontrado en las [&hellip;]\" \/>\n<meta property=\"og:url\" content=\"https:\/\/www.nexoinformativo.mx\/index.php\/2024\/08\/28\/detienen-a-sujeto-con-replica-de-arma-en-villas-de-santiago-queretaro\/\" \/>\n<meta property=\"og:site_name\" content=\"Nexo Informativo Santiago de Quer\u00e9taro\" \/>\n<meta property=\"article:publisher\" content=\"https:\/\/www.facebook.com\/people\/Nexo-Informativo\/61564066885511\/\" \/>\n<meta property=\"article:published_time\" content=\"2024-08-28T21:00:26+00:00\" \/>\n<meta property=\"article:modified_time\" content=\"2024-08-28T21:18:52+00:00\" \/>\n<meta property=\"og:image\" content=\"https:\/\/www.nexoinformativo.mx\/wp-content\/uploads\/2024\/08\/PHOTO-2024-08-28-15-05-11-2-e1724879870963.jpg\" \/>\n\t<meta property=\"og:image:width\" content=\"800\" \/>\n\t<meta property=\"og:image:height\" content=\"800\" \/>\n\t<meta property=\"og:image:type\" content=\"image\/jpeg\" \/>\n<meta name=\"author\" content=\"Nexo Informativo\" \/>\n<meta name=\"twitter:card\" content=\"summary_large_image\" \/>\n<meta name=\"twitter:label1\" content=\"Escrito por\" \/>\n\t<meta name=\"twitter:data1\" content=\"Nexo Informativo\" \/>\n\t<meta name=\"twitter:label2\" content=\"Tiempo de lectura\" \/>\n\t<meta name=\"twitter:data2\" content=\"1 minuto\" \/>\n<script type=\"application\/ld+json\" class=\"yoast-schema-graph\">{\"@context\":\"https:\/\/schema.org\",\"@graph\":[{\"@type\":\"Article\",\"@id\":\"https:\/\/www.nexoinformativo.mx\/index.php\/2024\/08\/28\/detienen-a-sujeto-con-replica-de-arma-en-villas-de-santiago-queretaro\/#article\",\"isPartOf\":{\"@id\":\"https:\/\/www.nexoinformativo.mx\/index.php\/2024\/08\/28\/detienen-a-sujeto-con-replica-de-arma-en-villas-de-santiago-queretaro\/\"},\"author\":{\"name\":\"Nexo Informativo\",\"@id\":\"https:\/\/www.nexoinformativo.mx\/#\/schema\/person\/7749d380ba08c8ca00d7bc76fd907b7d\"},\"headline\":\"Detienen a sujeto con r\u00e9plica de arma en Villas de Santiago, Quer\u00e9taro\",\"datePublished\":\"2024-08-28T21:00:26+00:00\",\"dateModified\":\"2024-08-28T21:18:52+00:00\",\"mainEntityOfPage\":{\"@id\":\"https:\/\/www.nexoinformativo.mx\/index.php\/2024\/08\/28\/detienen-a-sujeto-con-replica-de-arma-en-villas-de-santiago-queretaro\/\"},\"wordCount\":142,\"commentCount\":0,\"publisher\":{\"@id\":\"https:\/\/www.nexoinformativo.mx\/#organization\"},\"image\":{\"@id\":\"https:\/\/www.nexoinformativo.mx\/index.php\/2024\/08\/28\/detienen-a-sujeto-con-replica-de-arma-en-villas-de-santiago-queretaro\/#primaryimage\"},\"thumbnailUrl\":\"https:\/\/www.nexoinformativo.mx\/wp-content\/uploads\/2024\/08\/PHOTO-2024-08-28-15-05-11-2-e1724879870963.jpg\",\"keywords\":[\"Polic\u00edaEstatalQuer\u00e9taro\",\"Prevenci\u00f3nCiudadana\",\"QueretaroSeguro\",\"SeguridadQueretaro\"],\"articleSection\":[\"\u00daltima Hora\"],\"inLanguage\":\"es\",\"potentialAction\":[{\"@type\":\"CommentAction\",\"name\":\"Comment\",\"target\":[\"https:\/\/www.nexoinformativo.mx\/index.php\/2024\/08\/28\/detienen-a-sujeto-con-replica-de-arma-en-villas-de-santiago-queretaro\/#respond\"]}]},{\"@type\":\"WebPage\",\"@id\":\"https:\/\/www.nexoinformativo.mx\/index.php\/2024\/08\/28\/detienen-a-sujeto-con-replica-de-arma-en-villas-de-santiago-queretaro\/\",\"url\":\"https:\/\/www.nexoinformativo.mx\/index.php\/2024\/08\/28\/detienen-a-sujeto-con-replica-de-arma-en-villas-de-santiago-queretaro\/\",\"name\":\"Detienen a sujeto con r\u00e9plica de arma en Villas de Santiago, Quer\u00e9taro | Nexo Informativo Santiago de Quer\u00e9taro\",\"isPartOf\":{\"@id\":\"https:\/\/www.nexoinformativo.mx\/#website\"},\"primaryImageOfPage\":{\"@id\":\"https:\/\/www.nexoinformativo.mx\/index.php\/2024\/08\/28\/detienen-a-sujeto-con-replica-de-arma-en-villas-de-santiago-queretaro\/#primaryimage\"},\"image\":{\"@id\":\"https:\/\/www.nexoinformativo.mx\/index.php\/2024\/08\/28\/detienen-a-sujeto-con-replica-de-arma-en-villas-de-santiago-queretaro\/#primaryimage\"},\"thumbnailUrl\":\"https:\/\/www.nexoinformativo.mx\/wp-content\/uploads\/2024\/08\/PHOTO-2024-08-28-15-05-11-2-e1724879870963.jpg\",\"datePublished\":\"2024-08-28T21:00:26+00:00\",\"dateModified\":\"2024-08-28T21:18:52+00:00\",\"breadcrumb\":{\"@id\":\"https:\/\/www.nexoinformativo.mx\/index.php\/2024\/08\/28\/detienen-a-sujeto-con-replica-de-arma-en-villas-de-santiago-queretaro\/#breadcrumb\"},\"inLanguage\":\"es\",\"potentialAction\":[{\"@type\":\"ReadAction\",\"target\":[\"https:\/\/www.nexoinformativo.mx\/index.php\/2024\/08\/28\/detienen-a-sujeto-con-replica-de-arma-en-villas-de-santiago-queretaro\/\"]}]},{\"@type\":\"ImageObject\",\"inLanguage\":\"es\",\"@id\":\"https:\/\/www.nexoinformativo.mx\/index.php\/2024\/08\/28\/detienen-a-sujeto-con-replica-de-arma-en-villas-de-santiago-queretaro\/#primaryimage\",\"url\":\"https:\/\/www.nexoinformativo.mx\/wp-content\/uploads\/2024\/08\/PHOTO-2024-08-28-15-05-11-2-e1724879870963.jpg\",\"contentUrl\":\"https:\/\/www.nexoinformativo.mx\/wp-content\/uploads\/2024\/08\/PHOTO-2024-08-28-15-05-11-2-e1724879870963.jpg\",\"width\":800,\"height\":800},{\"@type\":\"BreadcrumbList\",\"@id\":\"https:\/\/www.nexoinformativo.mx\/index.php\/2024\/08\/28\/detienen-a-sujeto-con-replica-de-arma-en-villas-de-santiago-queretaro\/#breadcrumb\",\"itemListElement\":[{\"@type\":\"ListItem\",\"position\":1,\"name\":\"Inicio\",\"item\":\"https:\/\/www.nexoinformativo.mx\/\"},{\"@type\":\"ListItem\",\"position\":2,\"name\":\"Detienen a sujeto con r\u00e9plica de arma en Villas de Santiago, Quer\u00e9taro\"}]},{\"@type\":\"WebSite\",\"@id\":\"https:\/\/www.nexoinformativo.mx\/#website\",\"url\":\"https:\/\/www.nexoinformativo.mx\/\",\"name\":\"Nexo Informativo Santiago de Quer\u00e9taro\",\"description\":\"Explora NexoInformativo y convi\u00e9rtete en parte de una comunidad que valora el conocimiento y la verdad. Tu nexoinformativo es tu puente hacia una comprensi\u00f3n m\u00e1s profunda del mundo que te rodea.\",\"publisher\":{\"@id\":\"https:\/\/www.nexoinformativo.mx\/#organization\"},\"potentialAction\":[{\"@type\":\"SearchAction\",\"target\":{\"@type\":\"EntryPoint\",\"urlTemplate\":\"https:\/\/www.nexoinformativo.mx\/?s={search_term_string}\"},\"query-input\":{\"@type\":\"PropertyValueSpecification\",\"valueRequired\":true,\"valueName\":\"search_term_string\"}}],\"inLanguage\":\"es\"},{\"@type\":\"Organization\",\"@id\":\"https:\/\/www.nexoinformativo.mx\/#organization\",\"name\":\"Nexo Informativo Santiago de Quer\u00e9taro\",\"url\":\"https:\/\/www.nexoinformativo.mx\/\",\"logo\":{\"@type\":\"ImageObject\",\"inLanguage\":\"es\",\"@id\":\"https:\/\/www.nexoinformativo.mx\/#\/schema\/logo\/image\/\",\"url\":\"https:\/\/www.nexoinformativo.mx\/wp-content\/uploads\/2024\/07\/nexoi-trasparente-2.png\",\"contentUrl\":\"https:\/\/www.nexoinformativo.mx\/wp-content\/uploads\/2024\/07\/nexoi-trasparente-2.png\",\"width\":816,\"height\":339,\"caption\":\"Nexo Informativo Santiago de Quer\u00e9taro\"},\"image\":{\"@id\":\"https:\/\/www.nexoinformativo.mx\/#\/schema\/logo\/image\/\"},\"sameAs\":[\"https:\/\/www.facebook.com\/people\/Nexo-Informativo\/61564066885511\/\"]},{\"@type\":\"Person\",\"@id\":\"https:\/\/www.nexoinformativo.mx\/#\/schema\/person\/7749d380ba08c8ca00d7bc76fd907b7d\",\"name\":\"Nexo Informativo\",\"image\":{\"@type\":\"ImageObject\",\"inLanguage\":\"es\",\"@id\":\"https:\/\/www.nexoinformativo.mx\/#\/schema\/person\/image\/\",\"url\":\"https:\/\/secure.gravatar.com\/avatar\/dde2928154642a13d95f87ddf1ea9718fe2b46760a005c53e41ff5ad610704e6?s=96&d=mm&r=g\",\"contentUrl\":\"https:\/\/secure.gravatar.com\/avatar\/dde2928154642a13d95f87ddf1ea9718fe2b46760a005c53e41ff5ad610704e6?s=96&d=mm&r=g\",\"caption\":\"Nexo Informativo\"},\"url\":\"https:\/\/www.nexoinformativo.mx\/index.php\/author\/edicion\/\"}]}<\/script>\n<!-- \/ Yoast SEO plugin. -->","yoast_head_json":{"title":"Detienen a sujeto con r\u00e9plica de arma en Villas de Santiago, Quer\u00e9taro | Nexo Informativo Santiago de Quer\u00e9taro","robots":{"index":"index","follow":"follow","max-snippet":"max-snippet:-1","max-image-preview":"max-image-preview:large","max-video-preview":"max-video-preview:-1"},"canonical":"https:\/\/www.nexoinformativo.mx\/index.php\/2024\/08\/28\/detienen-a-sujeto-con-replica-de-arma-en-villas-de-santiago-queretaro\/","og_locale":"es_MX","og_type":"article","og_title":"Detienen a sujeto con r\u00e9plica de arma en Villas de Santiago, Quer\u00e9taro | Nexo Informativo Santiago de Quer\u00e9taro","og_description":"Polic\u00edas Estatales de Quer\u00e9taro (POES) detuvieron a un hombre en Villas de Santiago tras recibir reportes ciudadanos que alertaban sobre una persona rondando la zona con un aparente rifle. Ante esta situaci\u00f3n, se realizaron las acciones necesarias para localizar al individuo y garantizar la seguridad en la comunidad. &nbsp; El sujeto fue encontrado en las [&hellip;]","og_url":"https:\/\/www.nexoinformativo.mx\/index.php\/2024\/08\/28\/detienen-a-sujeto-con-replica-de-arma-en-villas-de-santiago-queretaro\/","og_site_name":"Nexo Informativo Santiago de Quer\u00e9taro","article_publisher":"https:\/\/www.facebook.com\/people\/Nexo-Informativo\/61564066885511\/","article_published_time":"2024-08-28T21:00:26+00:00","article_modified_time":"2024-08-28T21:18:52+00:00","og_image":[{"width":800,"height":800,"url":"https:\/\/www.nexoinformativo.mx\/wp-content\/uploads\/2024\/08\/PHOTO-2024-08-28-15-05-11-2-e1724879870963.jpg","type":"image\/jpeg"}],"author":"Nexo Informativo","twitter_card":"summary_large_image","twitter_misc":{"Escrito por":"Nexo Informativo","Tiempo de lectura":"1 minuto"},"schema":{"@context":"https:\/\/schema.org","@graph":[{"@type":"Article","@id":"https:\/\/www.nexoinformativo.mx\/index.php\/2024\/08\/28\/detienen-a-sujeto-con-replica-de-arma-en-villas-de-santiago-queretaro\/#article","isPartOf":{"@id":"https:\/\/www.nexoinformativo.mx\/index.php\/2024\/08\/28\/detienen-a-sujeto-con-replica-de-arma-en-villas-de-santiago-queretaro\/"},"author":{"name":"Nexo Informativo","@id":"https:\/\/www.nexoinformativo.mx\/#\/schema\/person\/7749d380ba08c8ca00d7bc76fd907b7d"},"headline":"Detienen a sujeto con r\u00e9plica de arma en Villas de Santiago, Quer\u00e9taro","datePublished":"2024-08-28T21:00:26+00:00","dateModified":"2024-08-28T21:18:52+00:00","mainEntityOfPage":{"@id":"https:\/\/www.nexoinformativo.mx\/index.php\/2024\/08\/28\/detienen-a-sujeto-con-replica-de-arma-en-villas-de-santiago-queretaro\/"},"wordCount":142,"commentCount":0,"publisher":{"@id":"https:\/\/www.nexoinformativo.mx\/#organization"},"image":{"@id":"https:\/\/www.nexoinformativo.mx\/index.php\/2024\/08\/28\/detienen-a-sujeto-con-replica-de-arma-en-villas-de-santiago-queretaro\/#primaryimage"},"thumbnailUrl":"https:\/\/www.nexoinformativo.mx\/wp-content\/uploads\/2024\/08\/PHOTO-2024-08-28-15-05-11-2-e1724879870963.jpg","keywords":["Polic\u00edaEstatalQuer\u00e9taro","Prevenci\u00f3nCiudadana","QueretaroSeguro","SeguridadQueretaro"],"articleSection":["\u00daltima Hora"],"inLanguage":"es","potentialAction":[{"@type":"CommentAction","name":"Comment","target":["https:\/\/www.nexoinformativo.mx\/index.php\/2024\/08\/28\/detienen-a-sujeto-con-replica-de-arma-en-villas-de-santiago-queretaro\/#respond"]}]},{"@type":"WebPage","@id":"https:\/\/www.nexoinformativo.mx\/index.php\/2024\/08\/28\/detienen-a-sujeto-con-replica-de-arma-en-villas-de-santiago-queretaro\/","url":"https:\/\/www.nexoinformativo.mx\/index.php\/2024\/08\/28\/detienen-a-sujeto-con-replica-de-arma-en-villas-de-santiago-queretaro\/","name":"Detienen a sujeto con r\u00e9plica de arma en Villas de Santiago, Quer\u00e9taro | Nexo Informativo Santiago de Quer\u00e9taro","isPartOf":{"@id":"https:\/\/www.nexoinformativo.mx\/#website"},"primaryImageOfPage":{"@id":"https:\/\/www.nexoinformativo.mx\/index.php\/2024\/08\/28\/detienen-a-sujeto-con-replica-de-arma-en-villas-de-santiago-queretaro\/#primaryimage"},"image":{"@id":"https:\/\/www.nexoinformativo.mx\/index.php\/2024\/08\/28\/detienen-a-sujeto-con-replica-de-arma-en-villas-de-santiago-queretaro\/#primaryimage"},"thumbnailUrl":"https:\/\/www.nexoinformativo.mx\/wp-content\/uploads\/2024\/08\/PHOTO-2024-08-28-15-05-11-2-e1724879870963.jpg","datePublished":"2024-08-28T21:00:26+00:00","dateModified":"2024-08-28T21:18:52+00:00","breadcrumb":{"@id":"https:\/\/www.nexoinformativo.mx\/index.php\/2024\/08\/28\/detienen-a-sujeto-con-replica-de-arma-en-villas-de-santiago-queretaro\/#breadcrumb"},"inLanguage":"es","potentialAction":[{"@type":"ReadAction","target":["https:\/\/www.nexoinformativo.mx\/index.php\/2024\/08\/28\/detienen-a-sujeto-con-replica-de-arma-en-villas-de-santiago-queretaro\/"]}]},{"@type":"ImageObject","inLanguage":"es","@id":"https:\/\/www.nexoinformativo.mx\/index.php\/2024\/08\/28\/detienen-a-sujeto-con-replica-de-arma-en-villas-de-santiago-queretaro\/#primaryimage","url":"https:\/\/www.nexoinformativo.mx\/wp-content\/uploads\/2024\/08\/PHOTO-2024-08-28-15-05-11-2-e1724879870963.jpg","contentUrl":"https:\/\/www.nexoinformativo.mx\/wp-content\/uploads\/2024\/08\/PHOTO-2024-08-28-15-05-11-2-e1724879870963.jpg","width":800,"height":800},{"@type":"BreadcrumbList","@id":"https:\/\/www.nexoinformativo.mx\/index.php\/2024\/08\/28\/detienen-a-sujeto-con-replica-de-arma-en-villas-de-santiago-queretaro\/#breadcrumb","itemListElement":[{"@type":"ListItem","position":1,"name":"Inicio","item":"https:\/\/www.nexoinformativo.mx\/"},{"@type":"ListItem","position":2,"name":"Detienen a sujeto con r\u00e9plica de arma en Villas de Santiago, Quer\u00e9taro"}]},{"@type":"WebSite","@id":"https:\/\/www.nexoinformativo.mx\/#website","url":"https:\/\/www.nexoinformativo.mx\/","name":"Nexo Informativo Santiago de Quer\u00e9taro","description":"Explora NexoInformativo y convi\u00e9rtete en parte de una comunidad que valora el conocimiento y la verdad. Tu nexoinformativo es tu puente hacia una comprensi\u00f3n m\u00e1s profunda del mundo que te rodea.","publisher":{"@id":"https:\/\/www.nexoinformativo.mx\/#organization"},"potentialAction":[{"@type":"SearchAction","target":{"@type":"EntryPoint","urlTemplate":"https:\/\/www.nexoinformativo.mx\/?s={search_term_string}"},"query-input":{"@type":"PropertyValueSpecification","valueRequired":true,"valueName":"search_term_string"}}],"inLanguage":"es"},{"@type":"Organization","@id":"https:\/\/www.nexoinformativo.mx\/#organization","name":"Nexo Informativo Santiago de Quer\u00e9taro","url":"https:\/\/www.nexoinformativo.mx\/","logo":{"@type":"ImageObject","inLanguage":"es","@id":"https:\/\/www.nexoinformativo.mx\/#\/schema\/logo\/image\/","url":"https:\/\/www.nexoinformativo.mx\/wp-content\/uploads\/2024\/07\/nexoi-trasparente-2.png","contentUrl":"https:\/\/www.nexoinformativo.mx\/wp-content\/uploads\/2024\/07\/nexoi-trasparente-2.png","width":816,"height":339,"caption":"Nexo Informativo Santiago de Quer\u00e9taro"},"image":{"@id":"https:\/\/www.nexoinformativo.mx\/#\/schema\/logo\/image\/"},"sameAs":["https:\/\/www.facebook.com\/people\/Nexo-Informativo\/61564066885511\/"]},{"@type":"Person","@id":"https:\/\/www.nexoinformativo.mx\/#\/schema\/person\/7749d380ba08c8ca00d7bc76fd907b7d","name":"Nexo Informativo","image":{"@type":"ImageObject","inLanguage":"es","@id":"https:\/\/www.nexoinformativo.mx\/#\/schema\/person\/image\/","url":"https:\/\/secure.gravatar.com\/avatar\/dde2928154642a13d95f87ddf1ea9718fe2b46760a005c53e41ff5ad610704e6?s=96&d=mm&r=g","contentUrl":"https:\/\/secure.gravatar.com\/avatar\/dde2928154642a13d95f87ddf1ea9718fe2b46760a005c53e41ff5ad610704e6?s=96&d=mm&r=g","caption":"Nexo Informativo"},"url":"https:\/\/www.nexoinformativo.mx\/index.php\/author\/edicion\/"}]}},"_links":{"self":[{"href":"https:\/\/www.nexoinformativo.mx\/index.php\/wp-json\/wp\/v2\/posts\/1177","targetHints":{"allow":["GET"]}}],"collection":[{"href":"https:\/\/www.nexoinformativo.mx\/index.php\/wp-json\/wp\/v2\/posts"}],"about":[{"href":"https:\/\/www.nexoinformativo.mx\/index.php\/wp-json\/wp\/v2\/types\/post"}],"author":[{"embeddable":true,"href":"https:\/\/www.nexoinformativo.mx\/index.php\/wp-json\/wp\/v2\/users\/3"}],"replies":[{"embeddable":true,"href":"https:\/\/www.nexoinformativo.mx\/index.php\/wp-json\/wp\/v2\/comments?post=1177"}],"version-history":[{"count":4,"href":"https:\/\/www.nexoinformativo.mx\/index.php\/wp-json\/wp\/v2\/posts\/1177\/revisions"}],"predecessor-version":[{"id":1195,"href":"https:\/\/www.nexoinformativo.mx\/index.php\/wp-json\/wp\/v2\/posts\/1177\/revisions\/1195"}],"wp:featuredmedia":[{"embeddable":true,"href":"https:\/\/www.nexoinformativo.mx\/index.php\/wp-json\/wp\/v2\/media\/1181"}],"wp:attachment":[{"href":"https:\/\/www.nexoinformativo.mx\/index.php\/wp-json\/wp\/v2\/media?parent=1177"}],"wp:term":[{"taxonomy":"category","embeddable":true,"href":"https:\/\/www.nexoinformativo.mx\/index.php\/wp-json\/wp\/v2\/categories?post=1177"},{"taxonomy":"post_tag","embeddable":true,"href":"https:\/\/www.nexoinformativo.mx\/index.php\/wp-json\/wp\/v2\/tags?post=1177"}],"curies":[{"name":"wp","href":"https:\/\/api.w.org\/{rel}","templated":true}]}}