{"id":11779,"date":"2025-02-18T12:00:21","date_gmt":"2025-02-18T18:00:21","guid":{"rendered":"https:\/\/www.nexoinformativo.mx\/?p=11779"},"modified":"2025-02-18T15:27:15","modified_gmt":"2025-02-18T21:27:15","slug":"fortalecen-vinculos-queretaro-y-canada-mauricio-kuri-y-embajador-mackay-en-palacio-de-la-corregidora","status":"publish","type":"post","link":"https:\/\/www.nexoinformativo.mx\/index.php\/2025\/02\/18\/fortalecen-vinculos-queretaro-y-canada-mauricio-kuri-y-embajador-mackay-en-palacio-de-la-corregidora\/","title":{"rendered":"Fortalecen v\u00ednculos Quer\u00e9taro y Canad\u00e1 Mauricio Kuri y embajador MacKay en Palacio de la Corregidora"},"content":{"rendered":"<p style=\"text-align: justify;\">El gobernador de Quer\u00e9taro, Mauricio Kuri, recibi\u00f3 en Palacio de la Corregidora al embajador de Canad\u00e1 en M\u00e9xico, Cameron MacKay.<\/p>\n<\/p>\n<p>&nbsp;<\/p>\n<p style=\"text-align: justify;\">Durante el encuentro, ambos funcionarios coincidieron en la importancia de trabajar juntos para enfrentar los retos de la regi\u00f3n y fortalecer la relaci\u00f3n estrat\u00e9gica entre Quer\u00e9taro y Canad\u00e1.<\/p>\n<\/p>\n<p>&nbsp;<\/p>\n<p style=\"text-align: justify;\">Kuri Gonz\u00e1lez destac\u00f3 que la relaci\u00f3n estrat\u00e9gica entre Quer\u00e9taro y Canad\u00e1 se ha fortalecido gracias a la certeza jur\u00eddica y la alta especializaci\u00f3n del talento humano que brinda la entidad.<\/p>\n<\/p>\n<p>&nbsp;<\/p>\n<p style=\"text-align: justify;\">Tambi\u00e9n estuvieron presentes Andrea Herrera, comisionada de Comercio de la Embajada; Paloma Palacios Gonz\u00e1lez, representante del Poder Ejecutivo del Estado en la Ciudad de M\u00e9xico; y Erika Gonz\u00e1lez Maciel, coordinadora de Relaciones Internacionales e Innovaci\u00f3n Gubernamental.<\/p>\n<\/p>\n<p>&nbsp;<\/p>\n<p style=\"text-align: justify;\">El encuentro refuerza la cooperaci\u00f3n entre Quer\u00e9taro y Canad\u00e1 en diversos proyectos y sectores, impulsando el desarrollo econ\u00f3mico y social en ambas regiones.<\/p>\n<\/p>\n<p>&nbsp;<\/p>\n<p style=\"text-align: justify;\">La colaboraci\u00f3n entre ambas partes busca aprovechar las fortalezas y oportunidades que ofrece cada regi\u00f3n para un crecimiento mutuo y sostenido.<\/p>\n<\/p>\n<p>&nbsp;<\/p>\n<p style=\"text-align: center;\"><em><strong>\u00a1Informaci\u00f3n que transforma!<\/strong><\/em><\/p>\n","protected":false},"excerpt":{"rendered":"<p>El gobernador de Quer\u00e9taro, Mauricio Kuri, recibi\u00f3 en Palacio de la Corregidora al embajador de Canad\u00e1 en M\u00e9xico, Cameron MacKay.<\/p>\n","protected":false},"author":3,"featured_media":11780,"comment_status":"open","ping_status":"open","sticky":false,"template":"","format":"standard","meta":{"footnotes":""},"categories":[42,58],"tags":[3449,661,3448,3128],"class_list":["post-11779","post","type-post","status-publish","format-standard","has-post-thumbnail","hentry","category-estado","category-ultima-hora","tag-cameronmackay","tag-mauriciokuri","tag-queretarocanada","tag-relacionesinternacionales"],"yoast_head":"<!-- This site is optimized with the Yoast SEO plugin v25.0 - https:\/\/yoast.com\/wordpress\/plugins\/seo\/ -->\n<title>Fortalecen v\u00ednculos Quer\u00e9taro y Canad\u00e1 Mauricio Kuri y embajador MacKay en Palacio de la Corregidora | Nexo Informativo Santiago de Quer\u00e9taro<\/title>\n<meta name=\"description\" content=\"Fortalecen v\u00ednculos Quer\u00e9taro y Canad\u00e1 Mauricio Kuri y embajador MacKay en Palacio de la Corregidora\" \/>\n<meta name=\"robots\" content=\"index, follow, max-snippet:-1, max-image-preview:large, max-video-preview:-1\" \/>\n<link rel=\"canonical\" href=\"https:\/\/www.nexoinformativo.mx\/index.php\/2025\/02\/18\/fortalecen-vinculos-queretaro-y-canada-mauricio-kuri-y-embajador-mackay-en-palacio-de-la-corregidora\/\" \/>\n<meta property=\"og:locale\" content=\"es_MX\" \/>\n<meta property=\"og:type\" content=\"article\" \/>\n<meta property=\"og:title\" content=\"Fortalecen v\u00ednculos Quer\u00e9taro y Canad\u00e1 Mauricio Kuri y embajador MacKay en Palacio de la Corregidora | Nexo Informativo Santiago de Quer\u00e9taro\" \/>\n<meta property=\"og:description\" content=\"Fortalecen v\u00ednculos Quer\u00e9taro y Canad\u00e1 Mauricio Kuri y embajador MacKay en Palacio de la Corregidora\" \/>\n<meta property=\"og:url\" content=\"https:\/\/www.nexoinformativo.mx\/index.php\/2025\/02\/18\/fortalecen-vinculos-queretaro-y-canada-mauricio-kuri-y-embajador-mackay-en-palacio-de-la-corregidora\/\" \/>\n<meta property=\"og:site_name\" content=\"Nexo Informativo Santiago de Quer\u00e9taro\" \/>\n<meta property=\"article:publisher\" content=\"https:\/\/www.facebook.com\/people\/Nexo-Informativo\/61564066885511\/\" \/>\n<meta property=\"article:published_time\" content=\"2025-02-18T18:00:21+00:00\" \/>\n<meta property=\"article:modified_time\" content=\"2025-02-18T21:27:15+00:00\" \/>\n<meta property=\"og:image\" content=\"https:\/\/www.nexoinformativo.mx\/wp-content\/uploads\/2025\/02\/1d3a0712-c0a6-46d9-a7b1-cd1505c66856-e1739913987850.jpg\" \/>\n\t<meta property=\"og:image:width\" content=\"800\" \/>\n\t<meta property=\"og:image:height\" content=\"534\" \/>\n\t<meta property=\"og:image:type\" content=\"image\/jpeg\" \/>\n<meta name=\"author\" content=\"Nexo Informativo\" \/>\n<meta name=\"twitter:card\" content=\"summary_large_image\" \/>\n<meta name=\"twitter:label1\" content=\"Escrito por\" \/>\n\t<meta name=\"twitter:data1\" content=\"Nexo Informativo\" \/>\n\t<meta name=\"twitter:label2\" content=\"Tiempo de lectura\" \/>\n\t<meta name=\"twitter:data2\" content=\"1 minuto\" \/>\n<script type=\"application\/ld+json\" class=\"yoast-schema-graph\">{\"@context\":\"https:\/\/schema.org\",\"@graph\":[{\"@type\":\"Article\",\"@id\":\"https:\/\/www.nexoinformativo.mx\/index.php\/2025\/02\/18\/fortalecen-vinculos-queretaro-y-canada-mauricio-kuri-y-embajador-mackay-en-palacio-de-la-corregidora\/#article\",\"isPartOf\":{\"@id\":\"https:\/\/www.nexoinformativo.mx\/index.php\/2025\/02\/18\/fortalecen-vinculos-queretaro-y-canada-mauricio-kuri-y-embajador-mackay-en-palacio-de-la-corregidora\/\"},\"author\":{\"name\":\"Nexo Informativo\",\"@id\":\"https:\/\/www.nexoinformativo.mx\/#\/schema\/person\/7749d380ba08c8ca00d7bc76fd907b7d\"},\"headline\":\"Fortalecen v\u00ednculos Quer\u00e9taro y Canad\u00e1 Mauricio Kuri y embajador MacKay en Palacio de la Corregidora\",\"datePublished\":\"2025-02-18T18:00:21+00:00\",\"dateModified\":\"2025-02-18T21:27:15+00:00\",\"mainEntityOfPage\":{\"@id\":\"https:\/\/www.nexoinformativo.mx\/index.php\/2025\/02\/18\/fortalecen-vinculos-queretaro-y-canada-mauricio-kuri-y-embajador-mackay-en-palacio-de-la-corregidora\/\"},\"wordCount\":207,\"commentCount\":0,\"publisher\":{\"@id\":\"https:\/\/www.nexoinformativo.mx\/#organization\"},\"image\":{\"@id\":\"https:\/\/www.nexoinformativo.mx\/index.php\/2025\/02\/18\/fortalecen-vinculos-queretaro-y-canada-mauricio-kuri-y-embajador-mackay-en-palacio-de-la-corregidora\/#primaryimage\"},\"thumbnailUrl\":\"https:\/\/www.nexoinformativo.mx\/wp-content\/uploads\/2025\/02\/1d3a0712-c0a6-46d9-a7b1-cd1505c66856-e1739913987850.jpg\",\"keywords\":[\"CameronMacKay\",\"MauricioKuri\",\"Quer\u00e9taroCanad\u00e1\",\"RelacionesInternacionales\"],\"articleSection\":[\"Estado\",\"\u00daltima Hora\"],\"inLanguage\":\"es\",\"potentialAction\":[{\"@type\":\"CommentAction\",\"name\":\"Comment\",\"target\":[\"https:\/\/www.nexoinformativo.mx\/index.php\/2025\/02\/18\/fortalecen-vinculos-queretaro-y-canada-mauricio-kuri-y-embajador-mackay-en-palacio-de-la-corregidora\/#respond\"]}]},{\"@type\":\"WebPage\",\"@id\":\"https:\/\/www.nexoinformativo.mx\/index.php\/2025\/02\/18\/fortalecen-vinculos-queretaro-y-canada-mauricio-kuri-y-embajador-mackay-en-palacio-de-la-corregidora\/\",\"url\":\"https:\/\/www.nexoinformativo.mx\/index.php\/2025\/02\/18\/fortalecen-vinculos-queretaro-y-canada-mauricio-kuri-y-embajador-mackay-en-palacio-de-la-corregidora\/\",\"name\":\"Fortalecen v\u00ednculos Quer\u00e9taro y Canad\u00e1 Mauricio Kuri y embajador MacKay en Palacio de la Corregidora | Nexo Informativo Santiago de Quer\u00e9taro\",\"isPartOf\":{\"@id\":\"https:\/\/www.nexoinformativo.mx\/#website\"},\"primaryImageOfPage\":{\"@id\":\"https:\/\/www.nexoinformativo.mx\/index.php\/2025\/02\/18\/fortalecen-vinculos-queretaro-y-canada-mauricio-kuri-y-embajador-mackay-en-palacio-de-la-corregidora\/#primaryimage\"},\"image\":{\"@id\":\"https:\/\/www.nexoinformativo.mx\/index.php\/2025\/02\/18\/fortalecen-vinculos-queretaro-y-canada-mauricio-kuri-y-embajador-mackay-en-palacio-de-la-corregidora\/#primaryimage\"},\"thumbnailUrl\":\"https:\/\/www.nexoinformativo.mx\/wp-content\/uploads\/2025\/02\/1d3a0712-c0a6-46d9-a7b1-cd1505c66856-e1739913987850.jpg\",\"datePublished\":\"2025-02-18T18:00:21+00:00\",\"dateModified\":\"2025-02-18T21:27:15+00:00\",\"description\":\"Fortalecen v\u00ednculos Quer\u00e9taro y Canad\u00e1 Mauricio Kuri y embajador MacKay en Palacio de la Corregidora\",\"breadcrumb\":{\"@id\":\"https:\/\/www.nexoinformativo.mx\/index.php\/2025\/02\/18\/fortalecen-vinculos-queretaro-y-canada-mauricio-kuri-y-embajador-mackay-en-palacio-de-la-corregidora\/#breadcrumb\"},\"inLanguage\":\"es\",\"potentialAction\":[{\"@type\":\"ReadAction\",\"target\":[\"https:\/\/www.nexoinformativo.mx\/index.php\/2025\/02\/18\/fortalecen-vinculos-queretaro-y-canada-mauricio-kuri-y-embajador-mackay-en-palacio-de-la-corregidora\/\"]}]},{\"@type\":\"ImageObject\",\"inLanguage\":\"es\",\"@id\":\"https:\/\/www.nexoinformativo.mx\/index.php\/2025\/02\/18\/fortalecen-vinculos-queretaro-y-canada-mauricio-kuri-y-embajador-mackay-en-palacio-de-la-corregidora\/#primaryimage\",\"url\":\"https:\/\/www.nexoinformativo.mx\/wp-content\/uploads\/2025\/02\/1d3a0712-c0a6-46d9-a7b1-cd1505c66856-e1739913987850.jpg\",\"contentUrl\":\"https:\/\/www.nexoinformativo.mx\/wp-content\/uploads\/2025\/02\/1d3a0712-c0a6-46d9-a7b1-cd1505c66856-e1739913987850.jpg\",\"width\":800,\"height\":534},{\"@type\":\"BreadcrumbList\",\"@id\":\"https:\/\/www.nexoinformativo.mx\/index.php\/2025\/02\/18\/fortalecen-vinculos-queretaro-y-canada-mauricio-kuri-y-embajador-mackay-en-palacio-de-la-corregidora\/#breadcrumb\",\"itemListElement\":[{\"@type\":\"ListItem\",\"position\":1,\"name\":\"Inicio\",\"item\":\"https:\/\/www.nexoinformativo.mx\/\"},{\"@type\":\"ListItem\",\"position\":2,\"name\":\"Fortalecen v\u00ednculos Quer\u00e9taro y Canad\u00e1 Mauricio Kuri y embajador MacKay en Palacio de la Corregidora\"}]},{\"@type\":\"WebSite\",\"@id\":\"https:\/\/www.nexoinformativo.mx\/#website\",\"url\":\"https:\/\/www.nexoinformativo.mx\/\",\"name\":\"Nexo Informativo Santiago de Quer\u00e9taro\",\"description\":\"Explora NexoInformativo y convi\u00e9rtete en parte de una comunidad que valora el conocimiento y la verdad. Tu nexoinformativo es tu puente hacia una comprensi\u00f3n m\u00e1s profunda del mundo que te rodea.\",\"publisher\":{\"@id\":\"https:\/\/www.nexoinformativo.mx\/#organization\"},\"potentialAction\":[{\"@type\":\"SearchAction\",\"target\":{\"@type\":\"EntryPoint\",\"urlTemplate\":\"https:\/\/www.nexoinformativo.mx\/?s={search_term_string}\"},\"query-input\":{\"@type\":\"PropertyValueSpecification\",\"valueRequired\":true,\"valueName\":\"search_term_string\"}}],\"inLanguage\":\"es\"},{\"@type\":\"Organization\",\"@id\":\"https:\/\/www.nexoinformativo.mx\/#organization\",\"name\":\"Nexo Informativo Santiago de Quer\u00e9taro\",\"url\":\"https:\/\/www.nexoinformativo.mx\/\",\"logo\":{\"@type\":\"ImageObject\",\"inLanguage\":\"es\",\"@id\":\"https:\/\/www.nexoinformativo.mx\/#\/schema\/logo\/image\/\",\"url\":\"https:\/\/www.nexoinformativo.mx\/wp-content\/uploads\/2024\/07\/nexoi-trasparente-2.png\",\"contentUrl\":\"https:\/\/www.nexoinformativo.mx\/wp-content\/uploads\/2024\/07\/nexoi-trasparente-2.png\",\"width\":816,\"height\":339,\"caption\":\"Nexo Informativo Santiago de Quer\u00e9taro\"},\"image\":{\"@id\":\"https:\/\/www.nexoinformativo.mx\/#\/schema\/logo\/image\/\"},\"sameAs\":[\"https:\/\/www.facebook.com\/people\/Nexo-Informativo\/61564066885511\/\"]},{\"@type\":\"Person\",\"@id\":\"https:\/\/www.nexoinformativo.mx\/#\/schema\/person\/7749d380ba08c8ca00d7bc76fd907b7d\",\"name\":\"Nexo Informativo\",\"image\":{\"@type\":\"ImageObject\",\"inLanguage\":\"es\",\"@id\":\"https:\/\/www.nexoinformativo.mx\/#\/schema\/person\/image\/\",\"url\":\"https:\/\/secure.gravatar.com\/avatar\/dde2928154642a13d95f87ddf1ea9718fe2b46760a005c53e41ff5ad610704e6?s=96&d=mm&r=g\",\"contentUrl\":\"https:\/\/secure.gravatar.com\/avatar\/dde2928154642a13d95f87ddf1ea9718fe2b46760a005c53e41ff5ad610704e6?s=96&d=mm&r=g\",\"caption\":\"Nexo Informativo\"},\"url\":\"https:\/\/www.nexoinformativo.mx\/index.php\/author\/edicion\/\"}]}<\/script>\n<!-- \/ Yoast SEO plugin. -->","yoast_head_json":{"title":"Fortalecen v\u00ednculos Quer\u00e9taro y Canad\u00e1 Mauricio Kuri y embajador MacKay en Palacio de la Corregidora | Nexo Informativo Santiago de Quer\u00e9taro","description":"Fortalecen v\u00ednculos Quer\u00e9taro y Canad\u00e1 Mauricio Kuri y embajador MacKay en Palacio de la Corregidora","robots":{"index":"index","follow":"follow","max-snippet":"max-snippet:-1","max-image-preview":"max-image-preview:large","max-video-preview":"max-video-preview:-1"},"canonical":"https:\/\/www.nexoinformativo.mx\/index.php\/2025\/02\/18\/fortalecen-vinculos-queretaro-y-canada-mauricio-kuri-y-embajador-mackay-en-palacio-de-la-corregidora\/","og_locale":"es_MX","og_type":"article","og_title":"Fortalecen v\u00ednculos Quer\u00e9taro y Canad\u00e1 Mauricio Kuri y embajador MacKay en Palacio de la Corregidora | Nexo Informativo Santiago de Quer\u00e9taro","og_description":"Fortalecen v\u00ednculos Quer\u00e9taro y Canad\u00e1 Mauricio Kuri y embajador MacKay en Palacio de la Corregidora","og_url":"https:\/\/www.nexoinformativo.mx\/index.php\/2025\/02\/18\/fortalecen-vinculos-queretaro-y-canada-mauricio-kuri-y-embajador-mackay-en-palacio-de-la-corregidora\/","og_site_name":"Nexo Informativo Santiago de Quer\u00e9taro","article_publisher":"https:\/\/www.facebook.com\/people\/Nexo-Informativo\/61564066885511\/","article_published_time":"2025-02-18T18:00:21+00:00","article_modified_time":"2025-02-18T21:27:15+00:00","og_image":[{"width":800,"height":534,"url":"https:\/\/www.nexoinformativo.mx\/wp-content\/uploads\/2025\/02\/1d3a0712-c0a6-46d9-a7b1-cd1505c66856-e1739913987850.jpg","type":"image\/jpeg"}],"author":"Nexo Informativo","twitter_card":"summary_large_image","twitter_misc":{"Escrito por":"Nexo Informativo","Tiempo de lectura":"1 minuto"},"schema":{"@context":"https:\/\/schema.org","@graph":[{"@type":"Article","@id":"https:\/\/www.nexoinformativo.mx\/index.php\/2025\/02\/18\/fortalecen-vinculos-queretaro-y-canada-mauricio-kuri-y-embajador-mackay-en-palacio-de-la-corregidora\/#article","isPartOf":{"@id":"https:\/\/www.nexoinformativo.mx\/index.php\/2025\/02\/18\/fortalecen-vinculos-queretaro-y-canada-mauricio-kuri-y-embajador-mackay-en-palacio-de-la-corregidora\/"},"author":{"name":"Nexo Informativo","@id":"https:\/\/www.nexoinformativo.mx\/#\/schema\/person\/7749d380ba08c8ca00d7bc76fd907b7d"},"headline":"Fortalecen v\u00ednculos Quer\u00e9taro y Canad\u00e1 Mauricio Kuri y embajador MacKay en Palacio de la Corregidora","datePublished":"2025-02-18T18:00:21+00:00","dateModified":"2025-02-18T21:27:15+00:00","mainEntityOfPage":{"@id":"https:\/\/www.nexoinformativo.mx\/index.php\/2025\/02\/18\/fortalecen-vinculos-queretaro-y-canada-mauricio-kuri-y-embajador-mackay-en-palacio-de-la-corregidora\/"},"wordCount":207,"commentCount":0,"publisher":{"@id":"https:\/\/www.nexoinformativo.mx\/#organization"},"image":{"@id":"https:\/\/www.nexoinformativo.mx\/index.php\/2025\/02\/18\/fortalecen-vinculos-queretaro-y-canada-mauricio-kuri-y-embajador-mackay-en-palacio-de-la-corregidora\/#primaryimage"},"thumbnailUrl":"https:\/\/www.nexoinformativo.mx\/wp-content\/uploads\/2025\/02\/1d3a0712-c0a6-46d9-a7b1-cd1505c66856-e1739913987850.jpg","keywords":["CameronMacKay","MauricioKuri","Quer\u00e9taroCanad\u00e1","RelacionesInternacionales"],"articleSection":["Estado","\u00daltima Hora"],"inLanguage":"es","potentialAction":[{"@type":"CommentAction","name":"Comment","target":["https:\/\/www.nexoinformativo.mx\/index.php\/2025\/02\/18\/fortalecen-vinculos-queretaro-y-canada-mauricio-kuri-y-embajador-mackay-en-palacio-de-la-corregidora\/#respond"]}]},{"@type":"WebPage","@id":"https:\/\/www.nexoinformativo.mx\/index.php\/2025\/02\/18\/fortalecen-vinculos-queretaro-y-canada-mauricio-kuri-y-embajador-mackay-en-palacio-de-la-corregidora\/","url":"https:\/\/www.nexoinformativo.mx\/index.php\/2025\/02\/18\/fortalecen-vinculos-queretaro-y-canada-mauricio-kuri-y-embajador-mackay-en-palacio-de-la-corregidora\/","name":"Fortalecen v\u00ednculos Quer\u00e9taro y Canad\u00e1 Mauricio Kuri y embajador MacKay en Palacio de la Corregidora | Nexo Informativo Santiago de Quer\u00e9taro","isPartOf":{"@id":"https:\/\/www.nexoinformativo.mx\/#website"},"primaryImageOfPage":{"@id":"https:\/\/www.nexoinformativo.mx\/index.php\/2025\/02\/18\/fortalecen-vinculos-queretaro-y-canada-mauricio-kuri-y-embajador-mackay-en-palacio-de-la-corregidora\/#primaryimage"},"image":{"@id":"https:\/\/www.nexoinformativo.mx\/index.php\/2025\/02\/18\/fortalecen-vinculos-queretaro-y-canada-mauricio-kuri-y-embajador-mackay-en-palacio-de-la-corregidora\/#primaryimage"},"thumbnailUrl":"https:\/\/www.nexoinformativo.mx\/wp-content\/uploads\/2025\/02\/1d3a0712-c0a6-46d9-a7b1-cd1505c66856-e1739913987850.jpg","datePublished":"2025-02-18T18:00:21+00:00","dateModified":"2025-02-18T21:27:15+00:00","description":"Fortalecen v\u00ednculos Quer\u00e9taro y Canad\u00e1 Mauricio Kuri y embajador MacKay en Palacio de la Corregidora","breadcrumb":{"@id":"https:\/\/www.nexoinformativo.mx\/index.php\/2025\/02\/18\/fortalecen-vinculos-queretaro-y-canada-mauricio-kuri-y-embajador-mackay-en-palacio-de-la-corregidora\/#breadcrumb"},"inLanguage":"es","potentialAction":[{"@type":"ReadAction","target":["https:\/\/www.nexoinformativo.mx\/index.php\/2025\/02\/18\/fortalecen-vinculos-queretaro-y-canada-mauricio-kuri-y-embajador-mackay-en-palacio-de-la-corregidora\/"]}]},{"@type":"ImageObject","inLanguage":"es","@id":"https:\/\/www.nexoinformativo.mx\/index.php\/2025\/02\/18\/fortalecen-vinculos-queretaro-y-canada-mauricio-kuri-y-embajador-mackay-en-palacio-de-la-corregidora\/#primaryimage","url":"https:\/\/www.nexoinformativo.mx\/wp-content\/uploads\/2025\/02\/1d3a0712-c0a6-46d9-a7b1-cd1505c66856-e1739913987850.jpg","contentUrl":"https:\/\/www.nexoinformativo.mx\/wp-content\/uploads\/2025\/02\/1d3a0712-c0a6-46d9-a7b1-cd1505c66856-e1739913987850.jpg","width":800,"height":534},{"@type":"BreadcrumbList","@id":"https:\/\/www.nexoinformativo.mx\/index.php\/2025\/02\/18\/fortalecen-vinculos-queretaro-y-canada-mauricio-kuri-y-embajador-mackay-en-palacio-de-la-corregidora\/#breadcrumb","itemListElement":[{"@type":"ListItem","position":1,"name":"Inicio","item":"https:\/\/www.nexoinformativo.mx\/"},{"@type":"ListItem","position":2,"name":"Fortalecen v\u00ednculos Quer\u00e9taro y Canad\u00e1 Mauricio Kuri y embajador MacKay en Palacio de la Corregidora"}]},{"@type":"WebSite","@id":"https:\/\/www.nexoinformativo.mx\/#website","url":"https:\/\/www.nexoinformativo.mx\/","name":"Nexo Informativo Santiago de Quer\u00e9taro","description":"Explora NexoInformativo y convi\u00e9rtete en parte de una comunidad que valora el conocimiento y la verdad. Tu nexoinformativo es tu puente hacia una comprensi\u00f3n m\u00e1s profunda del mundo que te rodea.","publisher":{"@id":"https:\/\/www.nexoinformativo.mx\/#organization"},"potentialAction":[{"@type":"SearchAction","target":{"@type":"EntryPoint","urlTemplate":"https:\/\/www.nexoinformativo.mx\/?s={search_term_string}"},"query-input":{"@type":"PropertyValueSpecification","valueRequired":true,"valueName":"search_term_string"}}],"inLanguage":"es"},{"@type":"Organization","@id":"https:\/\/www.nexoinformativo.mx\/#organization","name":"Nexo Informativo Santiago de Quer\u00e9taro","url":"https:\/\/www.nexoinformativo.mx\/","logo":{"@type":"ImageObject","inLanguage":"es","@id":"https:\/\/www.nexoinformativo.mx\/#\/schema\/logo\/image\/","url":"https:\/\/www.nexoinformativo.mx\/wp-content\/uploads\/2024\/07\/nexoi-trasparente-2.png","contentUrl":"https:\/\/www.nexoinformativo.mx\/wp-content\/uploads\/2024\/07\/nexoi-trasparente-2.png","width":816,"height":339,"caption":"Nexo Informativo Santiago de Quer\u00e9taro"},"image":{"@id":"https:\/\/www.nexoinformativo.mx\/#\/schema\/logo\/image\/"},"sameAs":["https:\/\/www.facebook.com\/people\/Nexo-Informativo\/61564066885511\/"]},{"@type":"Person","@id":"https:\/\/www.nexoinformativo.mx\/#\/schema\/person\/7749d380ba08c8ca00d7bc76fd907b7d","name":"Nexo Informativo","image":{"@type":"ImageObject","inLanguage":"es","@id":"https:\/\/www.nexoinformativo.mx\/#\/schema\/person\/image\/","url":"https:\/\/secure.gravatar.com\/avatar\/dde2928154642a13d95f87ddf1ea9718fe2b46760a005c53e41ff5ad610704e6?s=96&d=mm&r=g","contentUrl":"https:\/\/secure.gravatar.com\/avatar\/dde2928154642a13d95f87ddf1ea9718fe2b46760a005c53e41ff5ad610704e6?s=96&d=mm&r=g","caption":"Nexo Informativo"},"url":"https:\/\/www.nexoinformativo.mx\/index.php\/author\/edicion\/"}]}},"_links":{"self":[{"href":"https:\/\/www.nexoinformativo.mx\/index.php\/wp-json\/wp\/v2\/posts\/11779","targetHints":{"allow":["GET"]}}],"collection":[{"href":"https:\/\/www.nexoinformativo.mx\/index.php\/wp-json\/wp\/v2\/posts"}],"about":[{"href":"https:\/\/www.nexoinformativo.mx\/index.php\/wp-json\/wp\/v2\/types\/post"}],"author":[{"embeddable":true,"href":"https:\/\/www.nexoinformativo.mx\/index.php\/wp-json\/wp\/v2\/users\/3"}],"replies":[{"embeddable":true,"href":"https:\/\/www.nexoinformativo.mx\/index.php\/wp-json\/wp\/v2\/comments?post=11779"}],"version-history":[{"count":3,"href":"https:\/\/www.nexoinformativo.mx\/index.php\/wp-json\/wp\/v2\/posts\/11779\/revisions"}],"predecessor-version":[{"id":11783,"href":"https:\/\/www.nexoinformativo.mx\/index.php\/wp-json\/wp\/v2\/posts\/11779\/revisions\/11783"}],"wp:featuredmedia":[{"embeddable":true,"href":"https:\/\/www.nexoinformativo.mx\/index.php\/wp-json\/wp\/v2\/media\/11780"}],"wp:attachment":[{"href":"https:\/\/www.nexoinformativo.mx\/index.php\/wp-json\/wp\/v2\/media?parent=11779"}],"wp:term":[{"taxonomy":"category","embeddable":true,"href":"https:\/\/www.nexoinformativo.mx\/index.php\/wp-json\/wp\/v2\/categories?post=11779"},{"taxonomy":"post_tag","embeddable":true,"href":"https:\/\/www.nexoinformativo.mx\/index.php\/wp-json\/wp\/v2\/tags?post=11779"}],"curies":[{"name":"wp","href":"https:\/\/api.w.org\/{rel}","templated":true}]}}