{"id":11784,"date":"2025-02-18T13:00:38","date_gmt":"2025-02-18T19:00:38","guid":{"rendered":"https:\/\/www.nexoinformativo.mx\/?p=11784"},"modified":"2025-02-18T15:32:25","modified_gmt":"2025-02-18T21:32:25","slug":"hallan-en-amealco-cuerpo-de-joven-con-impactos-de-bala","status":"publish","type":"post","link":"https:\/\/www.nexoinformativo.mx\/index.php\/2025\/02\/18\/hallan-en-amealco-cuerpo-de-joven-con-impactos-de-bala\/","title":{"rendered":"Hallan en Amealco cuerpo de joven con impactos de bala"},"content":{"rendered":"<p style=\"text-align: justify;\" data-sourcepos=\"11:1-11:333\">Un hombre de aproximadamente 22 a\u00f1os fue encontrado muerto este lunes a un costado de la carretera 310, a la altura de la comunidad de San Antonio Zatlauco, en el municipio de Amealco.<\/p>\n<p>&nbsp;<\/p>\n<p style=\"text-align: justify;\" data-sourcepos=\"11:1-11:333\">El cuerpo presentaba huellas de violencia, incluyendo al menos dos impactos de bala, seg\u00fan informaci\u00f3n extraoficial.<\/p>\n<p>&nbsp;<\/p>\n<p style=\"text-align: justify;\" data-sourcepos=\"13:1-13:281\">Elementos de la Polic\u00eda Estatal acudieron al lugar tras recibir el reporte y confirmaron el fallecimiento del joven. La zona fue acordonada para preservar la escena del crimen, y se dio aviso a la Fiscal\u00eda General del Estado (FGE) para iniciar las investigaciones correspondientes.<\/p>\n<p>&nbsp;<\/p>\n<p style=\"text-align: justify;\" data-sourcepos=\"15:1-15:252\">Personal de la Direcci\u00f3n de Servicios Periciales de la FGE realiz\u00f3 el levantamiento del cuerpo y recab\u00f3 indicios en el lugar.<\/p>\n<p>&nbsp;<\/p>\n<p style=\"text-align: justify;\" data-sourcepos=\"15:1-15:252\">Hasta el momento, no se han reportado detenciones ni se ha identificado a ninguna persona relacionada con este hecho violento.<\/p>\n<p>&nbsp;<\/p>\n<p style=\"text-align: justify;\" data-sourcepos=\"17:1-17:208\">Las autoridades han iniciado una investigaci\u00f3n para esclarecer los motivos del crimen y dar con los responsables. Se espera que en los pr\u00f3ximos d\u00edas se den a conocer m\u00e1s detalles sobre este lamentable suceso.<\/p>\n<p>&nbsp;<\/p>\n<p style=\"text-align: center;\" data-sourcepos=\"17:1-17:208\"><em><strong>\u00a1Informaci\u00f3n que transforma!<\/strong><\/em><\/p>\n","protected":false},"excerpt":{"rendered":"<p>Un hombre de aproximadamente 22 a\u00f1os fue encontrado muerto este lunes a un costado de la carretera 310, a la altura de la comunidad de San Antonio Zatlauco, en el municipio de Amealco.<\/p>\n","protected":false},"author":3,"featured_media":11785,"comment_status":"open","ping_status":"open","sticky":false,"template":"","format":"standard","meta":{"footnotes":""},"categories":[137,58],"tags":[216,968,133,1828],"class_list":["post-11784","post","type-post","status-publish","format-standard","has-post-thumbnail","hentry","category-sucesos","category-ultima-hora","tag-amealco","tag-inseguridad","tag-queretaro","tag-violencia"],"yoast_head":"<!-- This site is optimized with the Yoast SEO plugin v25.0 - https:\/\/yoast.com\/wordpress\/plugins\/seo\/ -->\n<title>Hallan en Amealco cuerpo de joven con impactos de bala | Nexo Informativo Santiago de Quer\u00e9taro<\/title>\n<meta name=\"description\" content=\"Hallan en Amealco cuerpo de joven con impactos de bala\" \/>\n<meta name=\"robots\" content=\"index, follow, max-snippet:-1, max-image-preview:large, max-video-preview:-1\" \/>\n<link rel=\"canonical\" href=\"https:\/\/www.nexoinformativo.mx\/index.php\/2025\/02\/18\/hallan-en-amealco-cuerpo-de-joven-con-impactos-de-bala\/\" \/>\n<meta property=\"og:locale\" content=\"es_MX\" \/>\n<meta property=\"og:type\" content=\"article\" \/>\n<meta property=\"og:title\" content=\"Hallan en Amealco cuerpo de joven con impactos de bala | Nexo Informativo Santiago de Quer\u00e9taro\" \/>\n<meta property=\"og:description\" content=\"Hallan en Amealco cuerpo de joven con impactos de bala\" \/>\n<meta property=\"og:url\" content=\"https:\/\/www.nexoinformativo.mx\/index.php\/2025\/02\/18\/hallan-en-amealco-cuerpo-de-joven-con-impactos-de-bala\/\" \/>\n<meta property=\"og:site_name\" content=\"Nexo Informativo Santiago de Quer\u00e9taro\" \/>\n<meta property=\"article:publisher\" content=\"https:\/\/www.facebook.com\/people\/Nexo-Informativo\/61564066885511\/\" \/>\n<meta property=\"article:published_time\" content=\"2025-02-18T19:00:38+00:00\" \/>\n<meta property=\"article:modified_time\" content=\"2025-02-18T21:32:25+00:00\" \/>\n<meta property=\"og:image\" content=\"https:\/\/www.nexoinformativo.mx\/wp-content\/uploads\/2025\/02\/355dc7a6-fd13-4532-99d3-65fd1eba7561-e1739914282966.jpg\" \/>\n\t<meta property=\"og:image:width\" content=\"800\" \/>\n\t<meta property=\"og:image:height\" content=\"450\" \/>\n\t<meta property=\"og:image:type\" content=\"image\/jpeg\" \/>\n<meta name=\"author\" content=\"Nexo Informativo\" \/>\n<meta name=\"twitter:card\" content=\"summary_large_image\" \/>\n<meta name=\"twitter:label1\" content=\"Escrito por\" \/>\n\t<meta name=\"twitter:data1\" content=\"Nexo Informativo\" \/>\n\t<meta name=\"twitter:label2\" content=\"Tiempo de lectura\" \/>\n\t<meta name=\"twitter:data2\" content=\"1 minuto\" \/>\n<script type=\"application\/ld+json\" class=\"yoast-schema-graph\">{\"@context\":\"https:\/\/schema.org\",\"@graph\":[{\"@type\":\"Article\",\"@id\":\"https:\/\/www.nexoinformativo.mx\/index.php\/2025\/02\/18\/hallan-en-amealco-cuerpo-de-joven-con-impactos-de-bala\/#article\",\"isPartOf\":{\"@id\":\"https:\/\/www.nexoinformativo.mx\/index.php\/2025\/02\/18\/hallan-en-amealco-cuerpo-de-joven-con-impactos-de-bala\/\"},\"author\":{\"name\":\"Nexo Informativo\",\"@id\":\"https:\/\/www.nexoinformativo.mx\/#\/schema\/person\/7749d380ba08c8ca00d7bc76fd907b7d\"},\"headline\":\"Hallan en Amealco cuerpo de joven con impactos de bala\",\"datePublished\":\"2025-02-18T19:00:38+00:00\",\"dateModified\":\"2025-02-18T21:32:25+00:00\",\"mainEntityOfPage\":{\"@id\":\"https:\/\/www.nexoinformativo.mx\/index.php\/2025\/02\/18\/hallan-en-amealco-cuerpo-de-joven-con-impactos-de-bala\/\"},\"wordCount\":196,\"commentCount\":0,\"publisher\":{\"@id\":\"https:\/\/www.nexoinformativo.mx\/#organization\"},\"image\":{\"@id\":\"https:\/\/www.nexoinformativo.mx\/index.php\/2025\/02\/18\/hallan-en-amealco-cuerpo-de-joven-con-impactos-de-bala\/#primaryimage\"},\"thumbnailUrl\":\"https:\/\/www.nexoinformativo.mx\/wp-content\/uploads\/2025\/02\/355dc7a6-fd13-4532-99d3-65fd1eba7561-e1739914282966.jpg\",\"keywords\":[\"Amealco\",\"Inseguridad\",\"Quer\u00e9taro\",\"Violencia\"],\"articleSection\":[\"Sucesos\",\"\u00daltima Hora\"],\"inLanguage\":\"es\",\"potentialAction\":[{\"@type\":\"CommentAction\",\"name\":\"Comment\",\"target\":[\"https:\/\/www.nexoinformativo.mx\/index.php\/2025\/02\/18\/hallan-en-amealco-cuerpo-de-joven-con-impactos-de-bala\/#respond\"]}]},{\"@type\":\"WebPage\",\"@id\":\"https:\/\/www.nexoinformativo.mx\/index.php\/2025\/02\/18\/hallan-en-amealco-cuerpo-de-joven-con-impactos-de-bala\/\",\"url\":\"https:\/\/www.nexoinformativo.mx\/index.php\/2025\/02\/18\/hallan-en-amealco-cuerpo-de-joven-con-impactos-de-bala\/\",\"name\":\"Hallan en Amealco cuerpo de joven con impactos de bala | Nexo Informativo Santiago de Quer\u00e9taro\",\"isPartOf\":{\"@id\":\"https:\/\/www.nexoinformativo.mx\/#website\"},\"primaryImageOfPage\":{\"@id\":\"https:\/\/www.nexoinformativo.mx\/index.php\/2025\/02\/18\/hallan-en-amealco-cuerpo-de-joven-con-impactos-de-bala\/#primaryimage\"},\"image\":{\"@id\":\"https:\/\/www.nexoinformativo.mx\/index.php\/2025\/02\/18\/hallan-en-amealco-cuerpo-de-joven-con-impactos-de-bala\/#primaryimage\"},\"thumbnailUrl\":\"https:\/\/www.nexoinformativo.mx\/wp-content\/uploads\/2025\/02\/355dc7a6-fd13-4532-99d3-65fd1eba7561-e1739914282966.jpg\",\"datePublished\":\"2025-02-18T19:00:38+00:00\",\"dateModified\":\"2025-02-18T21:32:25+00:00\",\"description\":\"Hallan en Amealco cuerpo de joven con impactos de bala\",\"breadcrumb\":{\"@id\":\"https:\/\/www.nexoinformativo.mx\/index.php\/2025\/02\/18\/hallan-en-amealco-cuerpo-de-joven-con-impactos-de-bala\/#breadcrumb\"},\"inLanguage\":\"es\",\"potentialAction\":[{\"@type\":\"ReadAction\",\"target\":[\"https:\/\/www.nexoinformativo.mx\/index.php\/2025\/02\/18\/hallan-en-amealco-cuerpo-de-joven-con-impactos-de-bala\/\"]}]},{\"@type\":\"ImageObject\",\"inLanguage\":\"es\",\"@id\":\"https:\/\/www.nexoinformativo.mx\/index.php\/2025\/02\/18\/hallan-en-amealco-cuerpo-de-joven-con-impactos-de-bala\/#primaryimage\",\"url\":\"https:\/\/www.nexoinformativo.mx\/wp-content\/uploads\/2025\/02\/355dc7a6-fd13-4532-99d3-65fd1eba7561-e1739914282966.jpg\",\"contentUrl\":\"https:\/\/www.nexoinformativo.mx\/wp-content\/uploads\/2025\/02\/355dc7a6-fd13-4532-99d3-65fd1eba7561-e1739914282966.jpg\",\"width\":800,\"height\":450},{\"@type\":\"BreadcrumbList\",\"@id\":\"https:\/\/www.nexoinformativo.mx\/index.php\/2025\/02\/18\/hallan-en-amealco-cuerpo-de-joven-con-impactos-de-bala\/#breadcrumb\",\"itemListElement\":[{\"@type\":\"ListItem\",\"position\":1,\"name\":\"Inicio\",\"item\":\"https:\/\/www.nexoinformativo.mx\/\"},{\"@type\":\"ListItem\",\"position\":2,\"name\":\"Hallan en Amealco cuerpo de joven con impactos de bala\"}]},{\"@type\":\"WebSite\",\"@id\":\"https:\/\/www.nexoinformativo.mx\/#website\",\"url\":\"https:\/\/www.nexoinformativo.mx\/\",\"name\":\"Nexo Informativo Santiago de Quer\u00e9taro\",\"description\":\"Explora NexoInformativo y convi\u00e9rtete en parte de una comunidad que valora el conocimiento y la verdad. Tu nexoinformativo es tu puente hacia una comprensi\u00f3n m\u00e1s profunda del mundo que te rodea.\",\"publisher\":{\"@id\":\"https:\/\/www.nexoinformativo.mx\/#organization\"},\"potentialAction\":[{\"@type\":\"SearchAction\",\"target\":{\"@type\":\"EntryPoint\",\"urlTemplate\":\"https:\/\/www.nexoinformativo.mx\/?s={search_term_string}\"},\"query-input\":{\"@type\":\"PropertyValueSpecification\",\"valueRequired\":true,\"valueName\":\"search_term_string\"}}],\"inLanguage\":\"es\"},{\"@type\":\"Organization\",\"@id\":\"https:\/\/www.nexoinformativo.mx\/#organization\",\"name\":\"Nexo Informativo Santiago de Quer\u00e9taro\",\"url\":\"https:\/\/www.nexoinformativo.mx\/\",\"logo\":{\"@type\":\"ImageObject\",\"inLanguage\":\"es\",\"@id\":\"https:\/\/www.nexoinformativo.mx\/#\/schema\/logo\/image\/\",\"url\":\"https:\/\/www.nexoinformativo.mx\/wp-content\/uploads\/2024\/07\/nexoi-trasparente-2.png\",\"contentUrl\":\"https:\/\/www.nexoinformativo.mx\/wp-content\/uploads\/2024\/07\/nexoi-trasparente-2.png\",\"width\":816,\"height\":339,\"caption\":\"Nexo Informativo Santiago de Quer\u00e9taro\"},\"image\":{\"@id\":\"https:\/\/www.nexoinformativo.mx\/#\/schema\/logo\/image\/\"},\"sameAs\":[\"https:\/\/www.facebook.com\/people\/Nexo-Informativo\/61564066885511\/\"]},{\"@type\":\"Person\",\"@id\":\"https:\/\/www.nexoinformativo.mx\/#\/schema\/person\/7749d380ba08c8ca00d7bc76fd907b7d\",\"name\":\"Nexo Informativo\",\"image\":{\"@type\":\"ImageObject\",\"inLanguage\":\"es\",\"@id\":\"https:\/\/www.nexoinformativo.mx\/#\/schema\/person\/image\/\",\"url\":\"https:\/\/secure.gravatar.com\/avatar\/dde2928154642a13d95f87ddf1ea9718fe2b46760a005c53e41ff5ad610704e6?s=96&d=mm&r=g\",\"contentUrl\":\"https:\/\/secure.gravatar.com\/avatar\/dde2928154642a13d95f87ddf1ea9718fe2b46760a005c53e41ff5ad610704e6?s=96&d=mm&r=g\",\"caption\":\"Nexo Informativo\"},\"url\":\"https:\/\/www.nexoinformativo.mx\/index.php\/author\/edicion\/\"}]}<\/script>\n<!-- \/ Yoast SEO plugin. -->","yoast_head_json":{"title":"Hallan en Amealco cuerpo de joven con impactos de bala | Nexo Informativo Santiago de Quer\u00e9taro","description":"Hallan en Amealco cuerpo de joven con impactos de bala","robots":{"index":"index","follow":"follow","max-snippet":"max-snippet:-1","max-image-preview":"max-image-preview:large","max-video-preview":"max-video-preview:-1"},"canonical":"https:\/\/www.nexoinformativo.mx\/index.php\/2025\/02\/18\/hallan-en-amealco-cuerpo-de-joven-con-impactos-de-bala\/","og_locale":"es_MX","og_type":"article","og_title":"Hallan en Amealco cuerpo de joven con impactos de bala | Nexo Informativo Santiago de Quer\u00e9taro","og_description":"Hallan en Amealco cuerpo de joven con impactos de bala","og_url":"https:\/\/www.nexoinformativo.mx\/index.php\/2025\/02\/18\/hallan-en-amealco-cuerpo-de-joven-con-impactos-de-bala\/","og_site_name":"Nexo Informativo Santiago de Quer\u00e9taro","article_publisher":"https:\/\/www.facebook.com\/people\/Nexo-Informativo\/61564066885511\/","article_published_time":"2025-02-18T19:00:38+00:00","article_modified_time":"2025-02-18T21:32:25+00:00","og_image":[{"width":800,"height":450,"url":"https:\/\/www.nexoinformativo.mx\/wp-content\/uploads\/2025\/02\/355dc7a6-fd13-4532-99d3-65fd1eba7561-e1739914282966.jpg","type":"image\/jpeg"}],"author":"Nexo Informativo","twitter_card":"summary_large_image","twitter_misc":{"Escrito por":"Nexo Informativo","Tiempo de lectura":"1 minuto"},"schema":{"@context":"https:\/\/schema.org","@graph":[{"@type":"Article","@id":"https:\/\/www.nexoinformativo.mx\/index.php\/2025\/02\/18\/hallan-en-amealco-cuerpo-de-joven-con-impactos-de-bala\/#article","isPartOf":{"@id":"https:\/\/www.nexoinformativo.mx\/index.php\/2025\/02\/18\/hallan-en-amealco-cuerpo-de-joven-con-impactos-de-bala\/"},"author":{"name":"Nexo Informativo","@id":"https:\/\/www.nexoinformativo.mx\/#\/schema\/person\/7749d380ba08c8ca00d7bc76fd907b7d"},"headline":"Hallan en Amealco cuerpo de joven con impactos de bala","datePublished":"2025-02-18T19:00:38+00:00","dateModified":"2025-02-18T21:32:25+00:00","mainEntityOfPage":{"@id":"https:\/\/www.nexoinformativo.mx\/index.php\/2025\/02\/18\/hallan-en-amealco-cuerpo-de-joven-con-impactos-de-bala\/"},"wordCount":196,"commentCount":0,"publisher":{"@id":"https:\/\/www.nexoinformativo.mx\/#organization"},"image":{"@id":"https:\/\/www.nexoinformativo.mx\/index.php\/2025\/02\/18\/hallan-en-amealco-cuerpo-de-joven-con-impactos-de-bala\/#primaryimage"},"thumbnailUrl":"https:\/\/www.nexoinformativo.mx\/wp-content\/uploads\/2025\/02\/355dc7a6-fd13-4532-99d3-65fd1eba7561-e1739914282966.jpg","keywords":["Amealco","Inseguridad","Quer\u00e9taro","Violencia"],"articleSection":["Sucesos","\u00daltima Hora"],"inLanguage":"es","potentialAction":[{"@type":"CommentAction","name":"Comment","target":["https:\/\/www.nexoinformativo.mx\/index.php\/2025\/02\/18\/hallan-en-amealco-cuerpo-de-joven-con-impactos-de-bala\/#respond"]}]},{"@type":"WebPage","@id":"https:\/\/www.nexoinformativo.mx\/index.php\/2025\/02\/18\/hallan-en-amealco-cuerpo-de-joven-con-impactos-de-bala\/","url":"https:\/\/www.nexoinformativo.mx\/index.php\/2025\/02\/18\/hallan-en-amealco-cuerpo-de-joven-con-impactos-de-bala\/","name":"Hallan en Amealco cuerpo de joven con impactos de bala | Nexo Informativo Santiago de Quer\u00e9taro","isPartOf":{"@id":"https:\/\/www.nexoinformativo.mx\/#website"},"primaryImageOfPage":{"@id":"https:\/\/www.nexoinformativo.mx\/index.php\/2025\/02\/18\/hallan-en-amealco-cuerpo-de-joven-con-impactos-de-bala\/#primaryimage"},"image":{"@id":"https:\/\/www.nexoinformativo.mx\/index.php\/2025\/02\/18\/hallan-en-amealco-cuerpo-de-joven-con-impactos-de-bala\/#primaryimage"},"thumbnailUrl":"https:\/\/www.nexoinformativo.mx\/wp-content\/uploads\/2025\/02\/355dc7a6-fd13-4532-99d3-65fd1eba7561-e1739914282966.jpg","datePublished":"2025-02-18T19:00:38+00:00","dateModified":"2025-02-18T21:32:25+00:00","description":"Hallan en Amealco cuerpo de joven con impactos de bala","breadcrumb":{"@id":"https:\/\/www.nexoinformativo.mx\/index.php\/2025\/02\/18\/hallan-en-amealco-cuerpo-de-joven-con-impactos-de-bala\/#breadcrumb"},"inLanguage":"es","potentialAction":[{"@type":"ReadAction","target":["https:\/\/www.nexoinformativo.mx\/index.php\/2025\/02\/18\/hallan-en-amealco-cuerpo-de-joven-con-impactos-de-bala\/"]}]},{"@type":"ImageObject","inLanguage":"es","@id":"https:\/\/www.nexoinformativo.mx\/index.php\/2025\/02\/18\/hallan-en-amealco-cuerpo-de-joven-con-impactos-de-bala\/#primaryimage","url":"https:\/\/www.nexoinformativo.mx\/wp-content\/uploads\/2025\/02\/355dc7a6-fd13-4532-99d3-65fd1eba7561-e1739914282966.jpg","contentUrl":"https:\/\/www.nexoinformativo.mx\/wp-content\/uploads\/2025\/02\/355dc7a6-fd13-4532-99d3-65fd1eba7561-e1739914282966.jpg","width":800,"height":450},{"@type":"BreadcrumbList","@id":"https:\/\/www.nexoinformativo.mx\/index.php\/2025\/02\/18\/hallan-en-amealco-cuerpo-de-joven-con-impactos-de-bala\/#breadcrumb","itemListElement":[{"@type":"ListItem","position":1,"name":"Inicio","item":"https:\/\/www.nexoinformativo.mx\/"},{"@type":"ListItem","position":2,"name":"Hallan en Amealco cuerpo de joven con impactos de bala"}]},{"@type":"WebSite","@id":"https:\/\/www.nexoinformativo.mx\/#website","url":"https:\/\/www.nexoinformativo.mx\/","name":"Nexo Informativo Santiago de Quer\u00e9taro","description":"Explora NexoInformativo y convi\u00e9rtete en parte de una comunidad que valora el conocimiento y la verdad. Tu nexoinformativo es tu puente hacia una comprensi\u00f3n m\u00e1s profunda del mundo que te rodea.","publisher":{"@id":"https:\/\/www.nexoinformativo.mx\/#organization"},"potentialAction":[{"@type":"SearchAction","target":{"@type":"EntryPoint","urlTemplate":"https:\/\/www.nexoinformativo.mx\/?s={search_term_string}"},"query-input":{"@type":"PropertyValueSpecification","valueRequired":true,"valueName":"search_term_string"}}],"inLanguage":"es"},{"@type":"Organization","@id":"https:\/\/www.nexoinformativo.mx\/#organization","name":"Nexo Informativo Santiago de Quer\u00e9taro","url":"https:\/\/www.nexoinformativo.mx\/","logo":{"@type":"ImageObject","inLanguage":"es","@id":"https:\/\/www.nexoinformativo.mx\/#\/schema\/logo\/image\/","url":"https:\/\/www.nexoinformativo.mx\/wp-content\/uploads\/2024\/07\/nexoi-trasparente-2.png","contentUrl":"https:\/\/www.nexoinformativo.mx\/wp-content\/uploads\/2024\/07\/nexoi-trasparente-2.png","width":816,"height":339,"caption":"Nexo Informativo Santiago de Quer\u00e9taro"},"image":{"@id":"https:\/\/www.nexoinformativo.mx\/#\/schema\/logo\/image\/"},"sameAs":["https:\/\/www.facebook.com\/people\/Nexo-Informativo\/61564066885511\/"]},{"@type":"Person","@id":"https:\/\/www.nexoinformativo.mx\/#\/schema\/person\/7749d380ba08c8ca00d7bc76fd907b7d","name":"Nexo Informativo","image":{"@type":"ImageObject","inLanguage":"es","@id":"https:\/\/www.nexoinformativo.mx\/#\/schema\/person\/image\/","url":"https:\/\/secure.gravatar.com\/avatar\/dde2928154642a13d95f87ddf1ea9718fe2b46760a005c53e41ff5ad610704e6?s=96&d=mm&r=g","contentUrl":"https:\/\/secure.gravatar.com\/avatar\/dde2928154642a13d95f87ddf1ea9718fe2b46760a005c53e41ff5ad610704e6?s=96&d=mm&r=g","caption":"Nexo Informativo"},"url":"https:\/\/www.nexoinformativo.mx\/index.php\/author\/edicion\/"}]}},"_links":{"self":[{"href":"https:\/\/www.nexoinformativo.mx\/index.php\/wp-json\/wp\/v2\/posts\/11784","targetHints":{"allow":["GET"]}}],"collection":[{"href":"https:\/\/www.nexoinformativo.mx\/index.php\/wp-json\/wp\/v2\/posts"}],"about":[{"href":"https:\/\/www.nexoinformativo.mx\/index.php\/wp-json\/wp\/v2\/types\/post"}],"author":[{"embeddable":true,"href":"https:\/\/www.nexoinformativo.mx\/index.php\/wp-json\/wp\/v2\/users\/3"}],"replies":[{"embeddable":true,"href":"https:\/\/www.nexoinformativo.mx\/index.php\/wp-json\/wp\/v2\/comments?post=11784"}],"version-history":[{"count":4,"href":"https:\/\/www.nexoinformativo.mx\/index.php\/wp-json\/wp\/v2\/posts\/11784\/revisions"}],"predecessor-version":[{"id":11789,"href":"https:\/\/www.nexoinformativo.mx\/index.php\/wp-json\/wp\/v2\/posts\/11784\/revisions\/11789"}],"wp:featuredmedia":[{"embeddable":true,"href":"https:\/\/www.nexoinformativo.mx\/index.php\/wp-json\/wp\/v2\/media\/11785"}],"wp:attachment":[{"href":"https:\/\/www.nexoinformativo.mx\/index.php\/wp-json\/wp\/v2\/media?parent=11784"}],"wp:term":[{"taxonomy":"category","embeddable":true,"href":"https:\/\/www.nexoinformativo.mx\/index.php\/wp-json\/wp\/v2\/categories?post=11784"},{"taxonomy":"post_tag","embeddable":true,"href":"https:\/\/www.nexoinformativo.mx\/index.php\/wp-json\/wp\/v2\/tags?post=11784"}],"curies":[{"name":"wp","href":"https:\/\/api.w.org\/{rel}","templated":true}]}}