{"id":11790,"date":"2025-02-18T14:00:29","date_gmt":"2025-02-18T20:00:29","guid":{"rendered":"https:\/\/www.nexoinformativo.mx\/?p=11790"},"modified":"2025-02-18T15:38:12","modified_gmt":"2025-02-18T21:38:12","slug":"justicia-para-hector-medicos-veterinarios-alzan-la-voz-contra-la-violencia-en-queretaro","status":"publish","type":"post","link":"https:\/\/www.nexoinformativo.mx\/index.php\/2025\/02\/18\/justicia-para-hector-medicos-veterinarios-alzan-la-voz-contra-la-violencia-en-queretaro\/","title":{"rendered":"&#8220;Justicia para H\u00e9ctor&#8221; M\u00e9dicos veterinarios alzan la voz contra la violencia en Quer\u00e9taro"},"content":{"rendered":"<p style=\"text-align: justify;\" data-sourcepos=\"11:1-11:443\">Con el grito de <strong>&#8220;Justicia para H\u00e9ctor&#8221;<\/strong>, m\u00e9dicos veterinarios, estudiantes de zootecnia y ciudadanos se unieron a la movilizaci\u00f3n nacional <strong>&#8220;Un D\u00eda sin Veterinarios&#8221;<\/strong> para exigir mayor seguridad para el sector salud animal.<\/p>\n<\/p>\n<p>&nbsp;<\/p>\n<p style=\"text-align: justify;\" data-sourcepos=\"11:1-11:443\">La marcha, convocada en todo el pa\u00eds, tuvo su r\u00e9plica en Quer\u00e9taro, donde el contingente se reuni\u00f3 en la explanada de la <strong>Universidad Aut\u00f3noma de Quer\u00e9taro<\/strong> (UAQ) para marchar hasta la Plaza de Armas.<\/p>\n<\/p>\n<p>&nbsp;<\/p>\n<p style=\"text-align: justify;\" data-sourcepos=\"13:1-13:298\">La movilizaci\u00f3n fue motivada por la ola de violencia que enfrenta el gremio veterinario, especialmente tras el asesinato del veterinario H\u00e9ctor Gonz\u00e1lez en Tultepec, Estado de M\u00e9xico. Seg\u00fan los manifestantes, el veterinario fue asesinado por los due\u00f1os de una perrita que falleci\u00f3 tras una cirug\u00eda.<\/p>\n<\/p>\n<p>&nbsp;<\/p>\n<p style=\"text-align: justify;\" data-sourcepos=\"15:1-15:278\">Durante la marcha, los manifestantes portaron pancartas y lonas con mensajes exigiendo justicia para H\u00e9ctor y seguridad para los veterinarios. Tambi\u00e9n denunciaron las agresiones que sufren en el ejercicio de su profesi\u00f3n, como extorsi\u00f3n, intimidaci\u00f3n, violencia verbal y f\u00edsica.<\/p>\n<\/p>\n<p>&nbsp;<\/p>\n<p style=\"text-align: justify;\" data-sourcepos=\"19:1-19:291\">La movilizaci\u00f3n <strong>&#8220;Un D\u00eda sin Veterinarios&#8221;<\/strong> busca visibilizar los riesgos que enfrentan los veterinarios en su labor y exigir a las autoridades que tomen medidas para protegerlos.<\/p>\n<\/p>\n<p>&nbsp;<\/p>\n<p style=\"text-align: justify;\" data-sourcepos=\"19:1-19:291\">Los manifestantes exigen que se investiguen las agresiones contra el gremio y que se castigue a los responsables.<\/p>\n<\/p>\n<p>&nbsp;<\/p>\n<p style=\"text-align: center;\" data-sourcepos=\"19:1-19:291\"><em><strong>\u00a1Informaci\u00f3n que transforma!<\/strong><\/em><\/p>\n","protected":false},"excerpt":{"rendered":"<p>Con el grito de &#8220;Justicia para H\u00e9ctor&#8221;, m\u00e9dicos veterinarios, estudiantes de zootecnia y ciudadanos se unieron a la movilizaci\u00f3n nacional &#8220;Un D\u00eda sin Veterinarios&#8221; para exigir mayor seguridad para el sector salud animal.<\/p>\n","protected":false},"author":3,"featured_media":11791,"comment_status":"open","ping_status":"open","sticky":false,"template":"","format":"standard","meta":{"footnotes":""},"categories":[137,58],"tags":[3450,133,3452,3451],"class_list":["post-11790","post","type-post","status-publish","format-standard","has-post-thumbnail","hentry","category-sucesos","category-ultima-hora","tag-justiciaparahector","tag-queretaro","tag-seguridadveterinarios","tag-undiasinveterinarios"],"yoast_head":"<!-- This site is optimized with the Yoast SEO plugin v25.0 - https:\/\/yoast.com\/wordpress\/plugins\/seo\/ -->\n<title>&quot;Justicia para H\u00e9ctor&quot; M\u00e9dicos veterinarios alzan la voz contra la violencia en Quer\u00e9taro | Nexo Informativo Santiago de Quer\u00e9taro<\/title>\n<meta name=\"description\" content=\"&quot;Justicia para H\u00e9ctor&quot; M\u00e9dicos veterinarios alzan la voz contra la violencia en Quer\u00e9taro\" \/>\n<meta name=\"robots\" content=\"index, follow, max-snippet:-1, max-image-preview:large, max-video-preview:-1\" \/>\n<link rel=\"canonical\" href=\"https:\/\/www.nexoinformativo.mx\/index.php\/2025\/02\/18\/justicia-para-hector-medicos-veterinarios-alzan-la-voz-contra-la-violencia-en-queretaro\/\" \/>\n<meta property=\"og:locale\" content=\"es_MX\" \/>\n<meta property=\"og:type\" content=\"article\" \/>\n<meta property=\"og:title\" content=\"&quot;Justicia para H\u00e9ctor&quot; M\u00e9dicos veterinarios alzan la voz contra la violencia en Quer\u00e9taro | Nexo Informativo Santiago de Quer\u00e9taro\" \/>\n<meta property=\"og:description\" content=\"&quot;Justicia para H\u00e9ctor&quot; M\u00e9dicos veterinarios alzan la voz contra la violencia en Quer\u00e9taro\" \/>\n<meta property=\"og:url\" content=\"https:\/\/www.nexoinformativo.mx\/index.php\/2025\/02\/18\/justicia-para-hector-medicos-veterinarios-alzan-la-voz-contra-la-violencia-en-queretaro\/\" \/>\n<meta property=\"og:site_name\" content=\"Nexo Informativo Santiago de Quer\u00e9taro\" \/>\n<meta property=\"article:publisher\" content=\"https:\/\/www.facebook.com\/people\/Nexo-Informativo\/61564066885511\/\" \/>\n<meta property=\"article:published_time\" content=\"2025-02-18T20:00:29+00:00\" \/>\n<meta property=\"article:modified_time\" content=\"2025-02-18T21:38:12+00:00\" \/>\n<meta property=\"og:image\" content=\"https:\/\/www.nexoinformativo.mx\/wp-content\/uploads\/2025\/02\/PHOTO-2025-02-18-15-36-27-e1739914649594.jpg\" \/>\n\t<meta property=\"og:image:width\" content=\"800\" \/>\n\t<meta property=\"og:image:height\" content=\"600\" \/>\n\t<meta property=\"og:image:type\" content=\"image\/jpeg\" \/>\n<meta name=\"author\" content=\"Nexo Informativo\" \/>\n<meta name=\"twitter:card\" content=\"summary_large_image\" \/>\n<meta name=\"twitter:label1\" content=\"Escrito por\" \/>\n\t<meta name=\"twitter:data1\" content=\"Nexo Informativo\" \/>\n\t<meta name=\"twitter:label2\" content=\"Tiempo de lectura\" \/>\n\t<meta name=\"twitter:data2\" content=\"2 minutos\" \/>\n<script type=\"application\/ld+json\" class=\"yoast-schema-graph\">{\"@context\":\"https:\/\/schema.org\",\"@graph\":[{\"@type\":\"Article\",\"@id\":\"https:\/\/www.nexoinformativo.mx\/index.php\/2025\/02\/18\/justicia-para-hector-medicos-veterinarios-alzan-la-voz-contra-la-violencia-en-queretaro\/#article\",\"isPartOf\":{\"@id\":\"https:\/\/www.nexoinformativo.mx\/index.php\/2025\/02\/18\/justicia-para-hector-medicos-veterinarios-alzan-la-voz-contra-la-violencia-en-queretaro\/\"},\"author\":{\"name\":\"Nexo Informativo\",\"@id\":\"https:\/\/www.nexoinformativo.mx\/#\/schema\/person\/7749d380ba08c8ca00d7bc76fd907b7d\"},\"headline\":\"&#8220;Justicia para H\u00e9ctor&#8221; M\u00e9dicos veterinarios alzan la voz contra la violencia en Quer\u00e9taro\",\"datePublished\":\"2025-02-18T20:00:29+00:00\",\"dateModified\":\"2025-02-18T21:38:12+00:00\",\"mainEntityOfPage\":{\"@id\":\"https:\/\/www.nexoinformativo.mx\/index.php\/2025\/02\/18\/justicia-para-hector-medicos-veterinarios-alzan-la-voz-contra-la-violencia-en-queretaro\/\"},\"wordCount\":246,\"commentCount\":0,\"publisher\":{\"@id\":\"https:\/\/www.nexoinformativo.mx\/#organization\"},\"image\":{\"@id\":\"https:\/\/www.nexoinformativo.mx\/index.php\/2025\/02\/18\/justicia-para-hector-medicos-veterinarios-alzan-la-voz-contra-la-violencia-en-queretaro\/#primaryimage\"},\"thumbnailUrl\":\"https:\/\/www.nexoinformativo.mx\/wp-content\/uploads\/2025\/02\/PHOTO-2025-02-18-15-36-27-e1739914649594.jpg\",\"keywords\":[\"JusticiaParaH\u00e9ctor\",\"Quer\u00e9taro\",\"SeguridadVeterinarios\",\"UnDiaSinVeterinarios\"],\"articleSection\":[\"Sucesos\",\"\u00daltima Hora\"],\"inLanguage\":\"es\",\"potentialAction\":[{\"@type\":\"CommentAction\",\"name\":\"Comment\",\"target\":[\"https:\/\/www.nexoinformativo.mx\/index.php\/2025\/02\/18\/justicia-para-hector-medicos-veterinarios-alzan-la-voz-contra-la-violencia-en-queretaro\/#respond\"]}]},{\"@type\":\"WebPage\",\"@id\":\"https:\/\/www.nexoinformativo.mx\/index.php\/2025\/02\/18\/justicia-para-hector-medicos-veterinarios-alzan-la-voz-contra-la-violencia-en-queretaro\/\",\"url\":\"https:\/\/www.nexoinformativo.mx\/index.php\/2025\/02\/18\/justicia-para-hector-medicos-veterinarios-alzan-la-voz-contra-la-violencia-en-queretaro\/\",\"name\":\"\\\"Justicia para H\u00e9ctor\\\" M\u00e9dicos veterinarios alzan la voz contra la violencia en Quer\u00e9taro | Nexo Informativo Santiago de Quer\u00e9taro\",\"isPartOf\":{\"@id\":\"https:\/\/www.nexoinformativo.mx\/#website\"},\"primaryImageOfPage\":{\"@id\":\"https:\/\/www.nexoinformativo.mx\/index.php\/2025\/02\/18\/justicia-para-hector-medicos-veterinarios-alzan-la-voz-contra-la-violencia-en-queretaro\/#primaryimage\"},\"image\":{\"@id\":\"https:\/\/www.nexoinformativo.mx\/index.php\/2025\/02\/18\/justicia-para-hector-medicos-veterinarios-alzan-la-voz-contra-la-violencia-en-queretaro\/#primaryimage\"},\"thumbnailUrl\":\"https:\/\/www.nexoinformativo.mx\/wp-content\/uploads\/2025\/02\/PHOTO-2025-02-18-15-36-27-e1739914649594.jpg\",\"datePublished\":\"2025-02-18T20:00:29+00:00\",\"dateModified\":\"2025-02-18T21:38:12+00:00\",\"description\":\"\\\"Justicia para H\u00e9ctor\\\" M\u00e9dicos veterinarios alzan la voz contra la violencia en Quer\u00e9taro\",\"breadcrumb\":{\"@id\":\"https:\/\/www.nexoinformativo.mx\/index.php\/2025\/02\/18\/justicia-para-hector-medicos-veterinarios-alzan-la-voz-contra-la-violencia-en-queretaro\/#breadcrumb\"},\"inLanguage\":\"es\",\"potentialAction\":[{\"@type\":\"ReadAction\",\"target\":[\"https:\/\/www.nexoinformativo.mx\/index.php\/2025\/02\/18\/justicia-para-hector-medicos-veterinarios-alzan-la-voz-contra-la-violencia-en-queretaro\/\"]}]},{\"@type\":\"ImageObject\",\"inLanguage\":\"es\",\"@id\":\"https:\/\/www.nexoinformativo.mx\/index.php\/2025\/02\/18\/justicia-para-hector-medicos-veterinarios-alzan-la-voz-contra-la-violencia-en-queretaro\/#primaryimage\",\"url\":\"https:\/\/www.nexoinformativo.mx\/wp-content\/uploads\/2025\/02\/PHOTO-2025-02-18-15-36-27-e1739914649594.jpg\",\"contentUrl\":\"https:\/\/www.nexoinformativo.mx\/wp-content\/uploads\/2025\/02\/PHOTO-2025-02-18-15-36-27-e1739914649594.jpg\",\"width\":800,\"height\":600},{\"@type\":\"BreadcrumbList\",\"@id\":\"https:\/\/www.nexoinformativo.mx\/index.php\/2025\/02\/18\/justicia-para-hector-medicos-veterinarios-alzan-la-voz-contra-la-violencia-en-queretaro\/#breadcrumb\",\"itemListElement\":[{\"@type\":\"ListItem\",\"position\":1,\"name\":\"Inicio\",\"item\":\"https:\/\/www.nexoinformativo.mx\/\"},{\"@type\":\"ListItem\",\"position\":2,\"name\":\"&#8220;Justicia para H\u00e9ctor&#8221; M\u00e9dicos veterinarios alzan la voz contra la violencia en Quer\u00e9taro\"}]},{\"@type\":\"WebSite\",\"@id\":\"https:\/\/www.nexoinformativo.mx\/#website\",\"url\":\"https:\/\/www.nexoinformativo.mx\/\",\"name\":\"Nexo Informativo Santiago de Quer\u00e9taro\",\"description\":\"Explora NexoInformativo y convi\u00e9rtete en parte de una comunidad que valora el conocimiento y la verdad. Tu nexoinformativo es tu puente hacia una comprensi\u00f3n m\u00e1s profunda del mundo que te rodea.\",\"publisher\":{\"@id\":\"https:\/\/www.nexoinformativo.mx\/#organization\"},\"potentialAction\":[{\"@type\":\"SearchAction\",\"target\":{\"@type\":\"EntryPoint\",\"urlTemplate\":\"https:\/\/www.nexoinformativo.mx\/?s={search_term_string}\"},\"query-input\":{\"@type\":\"PropertyValueSpecification\",\"valueRequired\":true,\"valueName\":\"search_term_string\"}}],\"inLanguage\":\"es\"},{\"@type\":\"Organization\",\"@id\":\"https:\/\/www.nexoinformativo.mx\/#organization\",\"name\":\"Nexo Informativo Santiago de Quer\u00e9taro\",\"url\":\"https:\/\/www.nexoinformativo.mx\/\",\"logo\":{\"@type\":\"ImageObject\",\"inLanguage\":\"es\",\"@id\":\"https:\/\/www.nexoinformativo.mx\/#\/schema\/logo\/image\/\",\"url\":\"https:\/\/www.nexoinformativo.mx\/wp-content\/uploads\/2024\/07\/nexoi-trasparente-2.png\",\"contentUrl\":\"https:\/\/www.nexoinformativo.mx\/wp-content\/uploads\/2024\/07\/nexoi-trasparente-2.png\",\"width\":816,\"height\":339,\"caption\":\"Nexo Informativo Santiago de Quer\u00e9taro\"},\"image\":{\"@id\":\"https:\/\/www.nexoinformativo.mx\/#\/schema\/logo\/image\/\"},\"sameAs\":[\"https:\/\/www.facebook.com\/people\/Nexo-Informativo\/61564066885511\/\"]},{\"@type\":\"Person\",\"@id\":\"https:\/\/www.nexoinformativo.mx\/#\/schema\/person\/7749d380ba08c8ca00d7bc76fd907b7d\",\"name\":\"Nexo Informativo\",\"image\":{\"@type\":\"ImageObject\",\"inLanguage\":\"es\",\"@id\":\"https:\/\/www.nexoinformativo.mx\/#\/schema\/person\/image\/\",\"url\":\"https:\/\/secure.gravatar.com\/avatar\/dde2928154642a13d95f87ddf1ea9718fe2b46760a005c53e41ff5ad610704e6?s=96&d=mm&r=g\",\"contentUrl\":\"https:\/\/secure.gravatar.com\/avatar\/dde2928154642a13d95f87ddf1ea9718fe2b46760a005c53e41ff5ad610704e6?s=96&d=mm&r=g\",\"caption\":\"Nexo Informativo\"},\"url\":\"https:\/\/www.nexoinformativo.mx\/index.php\/author\/edicion\/\"}]}<\/script>\n<!-- \/ Yoast SEO plugin. -->","yoast_head_json":{"title":"\"Justicia para H\u00e9ctor\" M\u00e9dicos veterinarios alzan la voz contra la violencia en Quer\u00e9taro | Nexo Informativo Santiago de Quer\u00e9taro","description":"\"Justicia para H\u00e9ctor\" M\u00e9dicos veterinarios alzan la voz contra la violencia en Quer\u00e9taro","robots":{"index":"index","follow":"follow","max-snippet":"max-snippet:-1","max-image-preview":"max-image-preview:large","max-video-preview":"max-video-preview:-1"},"canonical":"https:\/\/www.nexoinformativo.mx\/index.php\/2025\/02\/18\/justicia-para-hector-medicos-veterinarios-alzan-la-voz-contra-la-violencia-en-queretaro\/","og_locale":"es_MX","og_type":"article","og_title":"\"Justicia para H\u00e9ctor\" M\u00e9dicos veterinarios alzan la voz contra la violencia en Quer\u00e9taro | Nexo Informativo Santiago de Quer\u00e9taro","og_description":"\"Justicia para H\u00e9ctor\" M\u00e9dicos veterinarios alzan la voz contra la violencia en Quer\u00e9taro","og_url":"https:\/\/www.nexoinformativo.mx\/index.php\/2025\/02\/18\/justicia-para-hector-medicos-veterinarios-alzan-la-voz-contra-la-violencia-en-queretaro\/","og_site_name":"Nexo Informativo Santiago de Quer\u00e9taro","article_publisher":"https:\/\/www.facebook.com\/people\/Nexo-Informativo\/61564066885511\/","article_published_time":"2025-02-18T20:00:29+00:00","article_modified_time":"2025-02-18T21:38:12+00:00","og_image":[{"width":800,"height":600,"url":"https:\/\/www.nexoinformativo.mx\/wp-content\/uploads\/2025\/02\/PHOTO-2025-02-18-15-36-27-e1739914649594.jpg","type":"image\/jpeg"}],"author":"Nexo Informativo","twitter_card":"summary_large_image","twitter_misc":{"Escrito por":"Nexo Informativo","Tiempo de lectura":"2 minutos"},"schema":{"@context":"https:\/\/schema.org","@graph":[{"@type":"Article","@id":"https:\/\/www.nexoinformativo.mx\/index.php\/2025\/02\/18\/justicia-para-hector-medicos-veterinarios-alzan-la-voz-contra-la-violencia-en-queretaro\/#article","isPartOf":{"@id":"https:\/\/www.nexoinformativo.mx\/index.php\/2025\/02\/18\/justicia-para-hector-medicos-veterinarios-alzan-la-voz-contra-la-violencia-en-queretaro\/"},"author":{"name":"Nexo Informativo","@id":"https:\/\/www.nexoinformativo.mx\/#\/schema\/person\/7749d380ba08c8ca00d7bc76fd907b7d"},"headline":"&#8220;Justicia para H\u00e9ctor&#8221; M\u00e9dicos veterinarios alzan la voz contra la violencia en Quer\u00e9taro","datePublished":"2025-02-18T20:00:29+00:00","dateModified":"2025-02-18T21:38:12+00:00","mainEntityOfPage":{"@id":"https:\/\/www.nexoinformativo.mx\/index.php\/2025\/02\/18\/justicia-para-hector-medicos-veterinarios-alzan-la-voz-contra-la-violencia-en-queretaro\/"},"wordCount":246,"commentCount":0,"publisher":{"@id":"https:\/\/www.nexoinformativo.mx\/#organization"},"image":{"@id":"https:\/\/www.nexoinformativo.mx\/index.php\/2025\/02\/18\/justicia-para-hector-medicos-veterinarios-alzan-la-voz-contra-la-violencia-en-queretaro\/#primaryimage"},"thumbnailUrl":"https:\/\/www.nexoinformativo.mx\/wp-content\/uploads\/2025\/02\/PHOTO-2025-02-18-15-36-27-e1739914649594.jpg","keywords":["JusticiaParaH\u00e9ctor","Quer\u00e9taro","SeguridadVeterinarios","UnDiaSinVeterinarios"],"articleSection":["Sucesos","\u00daltima Hora"],"inLanguage":"es","potentialAction":[{"@type":"CommentAction","name":"Comment","target":["https:\/\/www.nexoinformativo.mx\/index.php\/2025\/02\/18\/justicia-para-hector-medicos-veterinarios-alzan-la-voz-contra-la-violencia-en-queretaro\/#respond"]}]},{"@type":"WebPage","@id":"https:\/\/www.nexoinformativo.mx\/index.php\/2025\/02\/18\/justicia-para-hector-medicos-veterinarios-alzan-la-voz-contra-la-violencia-en-queretaro\/","url":"https:\/\/www.nexoinformativo.mx\/index.php\/2025\/02\/18\/justicia-para-hector-medicos-veterinarios-alzan-la-voz-contra-la-violencia-en-queretaro\/","name":"\"Justicia para H\u00e9ctor\" M\u00e9dicos veterinarios alzan la voz contra la violencia en Quer\u00e9taro | Nexo Informativo Santiago de Quer\u00e9taro","isPartOf":{"@id":"https:\/\/www.nexoinformativo.mx\/#website"},"primaryImageOfPage":{"@id":"https:\/\/www.nexoinformativo.mx\/index.php\/2025\/02\/18\/justicia-para-hector-medicos-veterinarios-alzan-la-voz-contra-la-violencia-en-queretaro\/#primaryimage"},"image":{"@id":"https:\/\/www.nexoinformativo.mx\/index.php\/2025\/02\/18\/justicia-para-hector-medicos-veterinarios-alzan-la-voz-contra-la-violencia-en-queretaro\/#primaryimage"},"thumbnailUrl":"https:\/\/www.nexoinformativo.mx\/wp-content\/uploads\/2025\/02\/PHOTO-2025-02-18-15-36-27-e1739914649594.jpg","datePublished":"2025-02-18T20:00:29+00:00","dateModified":"2025-02-18T21:38:12+00:00","description":"\"Justicia para H\u00e9ctor\" M\u00e9dicos veterinarios alzan la voz contra la violencia en Quer\u00e9taro","breadcrumb":{"@id":"https:\/\/www.nexoinformativo.mx\/index.php\/2025\/02\/18\/justicia-para-hector-medicos-veterinarios-alzan-la-voz-contra-la-violencia-en-queretaro\/#breadcrumb"},"inLanguage":"es","potentialAction":[{"@type":"ReadAction","target":["https:\/\/www.nexoinformativo.mx\/index.php\/2025\/02\/18\/justicia-para-hector-medicos-veterinarios-alzan-la-voz-contra-la-violencia-en-queretaro\/"]}]},{"@type":"ImageObject","inLanguage":"es","@id":"https:\/\/www.nexoinformativo.mx\/index.php\/2025\/02\/18\/justicia-para-hector-medicos-veterinarios-alzan-la-voz-contra-la-violencia-en-queretaro\/#primaryimage","url":"https:\/\/www.nexoinformativo.mx\/wp-content\/uploads\/2025\/02\/PHOTO-2025-02-18-15-36-27-e1739914649594.jpg","contentUrl":"https:\/\/www.nexoinformativo.mx\/wp-content\/uploads\/2025\/02\/PHOTO-2025-02-18-15-36-27-e1739914649594.jpg","width":800,"height":600},{"@type":"BreadcrumbList","@id":"https:\/\/www.nexoinformativo.mx\/index.php\/2025\/02\/18\/justicia-para-hector-medicos-veterinarios-alzan-la-voz-contra-la-violencia-en-queretaro\/#breadcrumb","itemListElement":[{"@type":"ListItem","position":1,"name":"Inicio","item":"https:\/\/www.nexoinformativo.mx\/"},{"@type":"ListItem","position":2,"name":"&#8220;Justicia para H\u00e9ctor&#8221; M\u00e9dicos veterinarios alzan la voz contra la violencia en Quer\u00e9taro"}]},{"@type":"WebSite","@id":"https:\/\/www.nexoinformativo.mx\/#website","url":"https:\/\/www.nexoinformativo.mx\/","name":"Nexo Informativo Santiago de Quer\u00e9taro","description":"Explora NexoInformativo y convi\u00e9rtete en parte de una comunidad que valora el conocimiento y la verdad. Tu nexoinformativo es tu puente hacia una comprensi\u00f3n m\u00e1s profunda del mundo que te rodea.","publisher":{"@id":"https:\/\/www.nexoinformativo.mx\/#organization"},"potentialAction":[{"@type":"SearchAction","target":{"@type":"EntryPoint","urlTemplate":"https:\/\/www.nexoinformativo.mx\/?s={search_term_string}"},"query-input":{"@type":"PropertyValueSpecification","valueRequired":true,"valueName":"search_term_string"}}],"inLanguage":"es"},{"@type":"Organization","@id":"https:\/\/www.nexoinformativo.mx\/#organization","name":"Nexo Informativo Santiago de Quer\u00e9taro","url":"https:\/\/www.nexoinformativo.mx\/","logo":{"@type":"ImageObject","inLanguage":"es","@id":"https:\/\/www.nexoinformativo.mx\/#\/schema\/logo\/image\/","url":"https:\/\/www.nexoinformativo.mx\/wp-content\/uploads\/2024\/07\/nexoi-trasparente-2.png","contentUrl":"https:\/\/www.nexoinformativo.mx\/wp-content\/uploads\/2024\/07\/nexoi-trasparente-2.png","width":816,"height":339,"caption":"Nexo Informativo Santiago de Quer\u00e9taro"},"image":{"@id":"https:\/\/www.nexoinformativo.mx\/#\/schema\/logo\/image\/"},"sameAs":["https:\/\/www.facebook.com\/people\/Nexo-Informativo\/61564066885511\/"]},{"@type":"Person","@id":"https:\/\/www.nexoinformativo.mx\/#\/schema\/person\/7749d380ba08c8ca00d7bc76fd907b7d","name":"Nexo Informativo","image":{"@type":"ImageObject","inLanguage":"es","@id":"https:\/\/www.nexoinformativo.mx\/#\/schema\/person\/image\/","url":"https:\/\/secure.gravatar.com\/avatar\/dde2928154642a13d95f87ddf1ea9718fe2b46760a005c53e41ff5ad610704e6?s=96&d=mm&r=g","contentUrl":"https:\/\/secure.gravatar.com\/avatar\/dde2928154642a13d95f87ddf1ea9718fe2b46760a005c53e41ff5ad610704e6?s=96&d=mm&r=g","caption":"Nexo Informativo"},"url":"https:\/\/www.nexoinformativo.mx\/index.php\/author\/edicion\/"}]}},"_links":{"self":[{"href":"https:\/\/www.nexoinformativo.mx\/index.php\/wp-json\/wp\/v2\/posts\/11790","targetHints":{"allow":["GET"]}}],"collection":[{"href":"https:\/\/www.nexoinformativo.mx\/index.php\/wp-json\/wp\/v2\/posts"}],"about":[{"href":"https:\/\/www.nexoinformativo.mx\/index.php\/wp-json\/wp\/v2\/types\/post"}],"author":[{"embeddable":true,"href":"https:\/\/www.nexoinformativo.mx\/index.php\/wp-json\/wp\/v2\/users\/3"}],"replies":[{"embeddable":true,"href":"https:\/\/www.nexoinformativo.mx\/index.php\/wp-json\/wp\/v2\/comments?post=11790"}],"version-history":[{"count":3,"href":"https:\/\/www.nexoinformativo.mx\/index.php\/wp-json\/wp\/v2\/posts\/11790\/revisions"}],"predecessor-version":[{"id":11794,"href":"https:\/\/www.nexoinformativo.mx\/index.php\/wp-json\/wp\/v2\/posts\/11790\/revisions\/11794"}],"wp:featuredmedia":[{"embeddable":true,"href":"https:\/\/www.nexoinformativo.mx\/index.php\/wp-json\/wp\/v2\/media\/11791"}],"wp:attachment":[{"href":"https:\/\/www.nexoinformativo.mx\/index.php\/wp-json\/wp\/v2\/media?parent=11790"}],"wp:term":[{"taxonomy":"category","embeddable":true,"href":"https:\/\/www.nexoinformativo.mx\/index.php\/wp-json\/wp\/v2\/categories?post=11790"},{"taxonomy":"post_tag","embeddable":true,"href":"https:\/\/www.nexoinformativo.mx\/index.php\/wp-json\/wp\/v2\/tags?post=11790"}],"curies":[{"name":"wp","href":"https:\/\/api.w.org\/{rel}","templated":true}]}}