{"id":11800,"date":"2025-02-18T18:00:13","date_gmt":"2025-02-19T00:00:13","guid":{"rendered":"https:\/\/www.nexoinformativo.mx\/?p=11800"},"modified":"2025-02-18T22:41:42","modified_gmt":"2025-02-19T04:41:42","slug":"reconocen-a-la-policia-cibernetica-de-queretaro-por-su-labor-en-la-prevencion-de-delitos-digitales-en-escuelas","status":"publish","type":"post","link":"https:\/\/www.nexoinformativo.mx\/index.php\/2025\/02\/18\/reconocen-a-la-policia-cibernetica-de-queretaro-por-su-labor-en-la-prevencion-de-delitos-digitales-en-escuelas\/","title":{"rendered":"Reconocen a la Polic\u00eda Cibern\u00e9tica de Quer\u00e9taro por su labor en la prevenci\u00f3n de delitos digitales en escuelas"},"content":{"rendered":"<p style=\"text-align: justify;\" data-sourcepos=\"11:1-11:322\">La Polic\u00eda Cibern\u00e9tica Preventiva de la Secretar\u00eda de Seguridad P\u00fablica Municipal de Quer\u00e9taro (SSPMQ) ha sido reconocida por la Secretar\u00eda de Educaci\u00f3n del estado por su destacada labor en la promoci\u00f3n de pr\u00e1cticas seguras en el uso de tecnolog\u00edas entre estudiantes, docentes y familias.<\/p>\n<\/p>\n<p>&nbsp;<\/p>\n<p style=\"text-align: justify;\" data-sourcepos=\"13:1-13:244\">Este reconocimiento se enmarca en el programa <strong>&#8220;Cultivando la Paz, Seguridad y Lealtad en la Escuela&#8221;<\/strong>, y destaca la colaboraci\u00f3n entre ambas instituciones para crear conciencia sobre los riesgos cibern\u00e9ticos y las medidas de protecci\u00f3n en l\u00ednea.<\/p>\n<\/p>\n<p>&nbsp;<\/p>\n<p style=\"text-align: justify;\" data-sourcepos=\"15:1-15:303\">La titular de la Secretar\u00eda de Educaci\u00f3n, Martha Elena Soto, resalt\u00f3 la importancia de esta alianza para llevar informaci\u00f3n y herramientas a la comunidad educativa sobre temas como el uso responsable de redes sociales, el grooming, el sexting, la violencia digital y la Ley Olimpia, entre otros.<\/p>\n<\/p>\n<p>&nbsp;<\/p>\n<p style=\"text-align: justify;\" data-sourcepos=\"17:1-17:320\">Por su parte, el titular de la SSPMQ, Juan Luis Ferrusca, destac\u00f3 el compromiso de la Polic\u00eda Cibern\u00e9tica Preventiva Municipal para proteger a la infancia y a las familias de los ciberdelitos. Se\u00f1al\u00f3 que continuar\u00e1n trabajando para acercar recomendaciones y medidas preventivas a todos los sectores de la sociedad.<\/p>\n<\/p>\n<p>&nbsp;<\/p>\n<p style=\"text-align: justify;\" data-sourcepos=\"19:1-19:308\">En lo que va de la administraci\u00f3n, la Polic\u00eda Cibern\u00e9tica Preventiva ha impartido 51 pl\u00e1ticas en escuelas de educaci\u00f3n b\u00e1sica y media superior, beneficiando a m\u00e1s de 6,300 estudiantes. Adem\u00e1s, se han realizado 127 actividades a trav\u00e9s de la Direcci\u00f3n de Prevenci\u00f3n Social, impactando a m\u00e1s de 2,500 personas.<\/p>\n<\/p>\n<p>&nbsp;<\/p>\n<p style=\"text-align: center;\" data-sourcepos=\"19:1-19:308\"><em><strong>\u00a1Informaci\u00f3n que transforma!<\/strong><\/em><\/p>\n","protected":false},"excerpt":{"rendered":"<p>La Polic\u00eda Cibern\u00e9tica Preventiva de la Secretar\u00eda de Seguridad P\u00fablica Municipal de Quer\u00e9taro (SSPMQ) ha sido reconocida por la Secretar\u00eda de Educaci\u00f3n del estado por su destacada labor en la promoci\u00f3n de pr\u00e1cticas seguras en el uso de tecnolog\u00edas entre estudiantes, docentes y familias.<\/p>\n","protected":false},"author":3,"featured_media":11801,"comment_status":"open","ping_status":"open","sticky":false,"template":"","format":"standard","meta":{"footnotes":""},"categories":[42,58],"tags":[2636,3453,133,2639],"class_list":["post-11800","post","type-post","status-publish","format-standard","has-post-thumbnail","hentry","category-estado","category-ultima-hora","tag-ciberseguridad","tag-escuelasseguras","tag-queretaro","tag-seguridaddigital"],"yoast_head":"<!-- This site is optimized with the Yoast SEO plugin v25.0 - https:\/\/yoast.com\/wordpress\/plugins\/seo\/ -->\n<title>Reconocen a la Polic\u00eda Cibern\u00e9tica de Quer\u00e9taro por su labor en la prevenci\u00f3n de delitos digitales en escuelas | Nexo Informativo Santiago de Quer\u00e9taro<\/title>\n<meta name=\"description\" content=\"Reconocen a la Polic\u00eda Cibern\u00e9tica de Quer\u00e9taro por su labor en la prevenci\u00f3n de delitos digitales en escuelas\" \/>\n<meta name=\"robots\" content=\"index, follow, max-snippet:-1, max-image-preview:large, max-video-preview:-1\" \/>\n<link rel=\"canonical\" href=\"https:\/\/www.nexoinformativo.mx\/index.php\/2025\/02\/18\/reconocen-a-la-policia-cibernetica-de-queretaro-por-su-labor-en-la-prevencion-de-delitos-digitales-en-escuelas\/\" \/>\n<meta property=\"og:locale\" content=\"es_MX\" \/>\n<meta property=\"og:type\" content=\"article\" \/>\n<meta property=\"og:title\" content=\"Reconocen a la Polic\u00eda Cibern\u00e9tica de Quer\u00e9taro por su labor en la prevenci\u00f3n de delitos digitales en escuelas | Nexo Informativo Santiago de Quer\u00e9taro\" \/>\n<meta property=\"og:description\" content=\"Reconocen a la Polic\u00eda Cibern\u00e9tica de Quer\u00e9taro por su labor en la prevenci\u00f3n de delitos digitales en escuelas\" \/>\n<meta property=\"og:url\" content=\"https:\/\/www.nexoinformativo.mx\/index.php\/2025\/02\/18\/reconocen-a-la-policia-cibernetica-de-queretaro-por-su-labor-en-la-prevencion-de-delitos-digitales-en-escuelas\/\" \/>\n<meta property=\"og:site_name\" content=\"Nexo Informativo Santiago de Quer\u00e9taro\" \/>\n<meta property=\"article:publisher\" content=\"https:\/\/www.facebook.com\/people\/Nexo-Informativo\/61564066885511\/\" \/>\n<meta property=\"article:published_time\" content=\"2025-02-19T00:00:13+00:00\" \/>\n<meta property=\"article:modified_time\" content=\"2025-02-19T04:41:42+00:00\" \/>\n<meta property=\"og:image\" content=\"https:\/\/www.nexoinformativo.mx\/wp-content\/uploads\/2025\/02\/1fab2b98-99f2-4ce1-899e-6ad6e7dc4637-e1739940069837.jpg\" \/>\n\t<meta property=\"og:image:width\" content=\"800\" \/>\n\t<meta property=\"og:image:height\" content=\"533\" \/>\n\t<meta property=\"og:image:type\" content=\"image\/jpeg\" \/>\n<meta name=\"author\" content=\"Nexo Informativo\" \/>\n<meta name=\"twitter:card\" content=\"summary_large_image\" \/>\n<meta name=\"twitter:label1\" content=\"Escrito por\" \/>\n\t<meta name=\"twitter:data1\" content=\"Nexo Informativo\" \/>\n\t<meta name=\"twitter:label2\" content=\"Tiempo de lectura\" \/>\n\t<meta name=\"twitter:data2\" content=\"2 minutos\" \/>\n<script type=\"application\/ld+json\" class=\"yoast-schema-graph\">{\"@context\":\"https:\/\/schema.org\",\"@graph\":[{\"@type\":\"Article\",\"@id\":\"https:\/\/www.nexoinformativo.mx\/index.php\/2025\/02\/18\/reconocen-a-la-policia-cibernetica-de-queretaro-por-su-labor-en-la-prevencion-de-delitos-digitales-en-escuelas\/#article\",\"isPartOf\":{\"@id\":\"https:\/\/www.nexoinformativo.mx\/index.php\/2025\/02\/18\/reconocen-a-la-policia-cibernetica-de-queretaro-por-su-labor-en-la-prevencion-de-delitos-digitales-en-escuelas\/\"},\"author\":{\"name\":\"Nexo Informativo\",\"@id\":\"https:\/\/www.nexoinformativo.mx\/#\/schema\/person\/7749d380ba08c8ca00d7bc76fd907b7d\"},\"headline\":\"Reconocen a la Polic\u00eda Cibern\u00e9tica de Quer\u00e9taro por su labor en la prevenci\u00f3n de delitos digitales en escuelas\",\"datePublished\":\"2025-02-19T00:00:13+00:00\",\"dateModified\":\"2025-02-19T04:41:42+00:00\",\"mainEntityOfPage\":{\"@id\":\"https:\/\/www.nexoinformativo.mx\/index.php\/2025\/02\/18\/reconocen-a-la-policia-cibernetica-de-queretaro-por-su-labor-en-la-prevencion-de-delitos-digitales-en-escuelas\/\"},\"wordCount\":286,\"commentCount\":0,\"publisher\":{\"@id\":\"https:\/\/www.nexoinformativo.mx\/#organization\"},\"image\":{\"@id\":\"https:\/\/www.nexoinformativo.mx\/index.php\/2025\/02\/18\/reconocen-a-la-policia-cibernetica-de-queretaro-por-su-labor-en-la-prevencion-de-delitos-digitales-en-escuelas\/#primaryimage\"},\"thumbnailUrl\":\"https:\/\/www.nexoinformativo.mx\/wp-content\/uploads\/2025\/02\/1fab2b98-99f2-4ce1-899e-6ad6e7dc4637-e1739940069837.jpg\",\"keywords\":[\"Ciberseguridad\",\"EscuelasSeguras\",\"Quer\u00e9taro\",\"SeguridadDigital\"],\"articleSection\":[\"Estado\",\"\u00daltima Hora\"],\"inLanguage\":\"es\",\"potentialAction\":[{\"@type\":\"CommentAction\",\"name\":\"Comment\",\"target\":[\"https:\/\/www.nexoinformativo.mx\/index.php\/2025\/02\/18\/reconocen-a-la-policia-cibernetica-de-queretaro-por-su-labor-en-la-prevencion-de-delitos-digitales-en-escuelas\/#respond\"]}]},{\"@type\":\"WebPage\",\"@id\":\"https:\/\/www.nexoinformativo.mx\/index.php\/2025\/02\/18\/reconocen-a-la-policia-cibernetica-de-queretaro-por-su-labor-en-la-prevencion-de-delitos-digitales-en-escuelas\/\",\"url\":\"https:\/\/www.nexoinformativo.mx\/index.php\/2025\/02\/18\/reconocen-a-la-policia-cibernetica-de-queretaro-por-su-labor-en-la-prevencion-de-delitos-digitales-en-escuelas\/\",\"name\":\"Reconocen a la Polic\u00eda Cibern\u00e9tica de Quer\u00e9taro por su labor en la prevenci\u00f3n de delitos digitales en escuelas | Nexo Informativo Santiago de Quer\u00e9taro\",\"isPartOf\":{\"@id\":\"https:\/\/www.nexoinformativo.mx\/#website\"},\"primaryImageOfPage\":{\"@id\":\"https:\/\/www.nexoinformativo.mx\/index.php\/2025\/02\/18\/reconocen-a-la-policia-cibernetica-de-queretaro-por-su-labor-en-la-prevencion-de-delitos-digitales-en-escuelas\/#primaryimage\"},\"image\":{\"@id\":\"https:\/\/www.nexoinformativo.mx\/index.php\/2025\/02\/18\/reconocen-a-la-policia-cibernetica-de-queretaro-por-su-labor-en-la-prevencion-de-delitos-digitales-en-escuelas\/#primaryimage\"},\"thumbnailUrl\":\"https:\/\/www.nexoinformativo.mx\/wp-content\/uploads\/2025\/02\/1fab2b98-99f2-4ce1-899e-6ad6e7dc4637-e1739940069837.jpg\",\"datePublished\":\"2025-02-19T00:00:13+00:00\",\"dateModified\":\"2025-02-19T04:41:42+00:00\",\"description\":\"Reconocen a la Polic\u00eda Cibern\u00e9tica de Quer\u00e9taro por su labor en la prevenci\u00f3n de delitos digitales en escuelas\",\"breadcrumb\":{\"@id\":\"https:\/\/www.nexoinformativo.mx\/index.php\/2025\/02\/18\/reconocen-a-la-policia-cibernetica-de-queretaro-por-su-labor-en-la-prevencion-de-delitos-digitales-en-escuelas\/#breadcrumb\"},\"inLanguage\":\"es\",\"potentialAction\":[{\"@type\":\"ReadAction\",\"target\":[\"https:\/\/www.nexoinformativo.mx\/index.php\/2025\/02\/18\/reconocen-a-la-policia-cibernetica-de-queretaro-por-su-labor-en-la-prevencion-de-delitos-digitales-en-escuelas\/\"]}]},{\"@type\":\"ImageObject\",\"inLanguage\":\"es\",\"@id\":\"https:\/\/www.nexoinformativo.mx\/index.php\/2025\/02\/18\/reconocen-a-la-policia-cibernetica-de-queretaro-por-su-labor-en-la-prevencion-de-delitos-digitales-en-escuelas\/#primaryimage\",\"url\":\"https:\/\/www.nexoinformativo.mx\/wp-content\/uploads\/2025\/02\/1fab2b98-99f2-4ce1-899e-6ad6e7dc4637-e1739940069837.jpg\",\"contentUrl\":\"https:\/\/www.nexoinformativo.mx\/wp-content\/uploads\/2025\/02\/1fab2b98-99f2-4ce1-899e-6ad6e7dc4637-e1739940069837.jpg\",\"width\":800,\"height\":533},{\"@type\":\"BreadcrumbList\",\"@id\":\"https:\/\/www.nexoinformativo.mx\/index.php\/2025\/02\/18\/reconocen-a-la-policia-cibernetica-de-queretaro-por-su-labor-en-la-prevencion-de-delitos-digitales-en-escuelas\/#breadcrumb\",\"itemListElement\":[{\"@type\":\"ListItem\",\"position\":1,\"name\":\"Inicio\",\"item\":\"https:\/\/www.nexoinformativo.mx\/\"},{\"@type\":\"ListItem\",\"position\":2,\"name\":\"Reconocen a la Polic\u00eda Cibern\u00e9tica de Quer\u00e9taro por su labor en la prevenci\u00f3n de delitos digitales en escuelas\"}]},{\"@type\":\"WebSite\",\"@id\":\"https:\/\/www.nexoinformativo.mx\/#website\",\"url\":\"https:\/\/www.nexoinformativo.mx\/\",\"name\":\"Nexo Informativo Santiago de Quer\u00e9taro\",\"description\":\"Explora NexoInformativo y convi\u00e9rtete en parte de una comunidad que valora el conocimiento y la verdad. Tu nexoinformativo es tu puente hacia una comprensi\u00f3n m\u00e1s profunda del mundo que te rodea.\",\"publisher\":{\"@id\":\"https:\/\/www.nexoinformativo.mx\/#organization\"},\"potentialAction\":[{\"@type\":\"SearchAction\",\"target\":{\"@type\":\"EntryPoint\",\"urlTemplate\":\"https:\/\/www.nexoinformativo.mx\/?s={search_term_string}\"},\"query-input\":{\"@type\":\"PropertyValueSpecification\",\"valueRequired\":true,\"valueName\":\"search_term_string\"}}],\"inLanguage\":\"es\"},{\"@type\":\"Organization\",\"@id\":\"https:\/\/www.nexoinformativo.mx\/#organization\",\"name\":\"Nexo Informativo Santiago de Quer\u00e9taro\",\"url\":\"https:\/\/www.nexoinformativo.mx\/\",\"logo\":{\"@type\":\"ImageObject\",\"inLanguage\":\"es\",\"@id\":\"https:\/\/www.nexoinformativo.mx\/#\/schema\/logo\/image\/\",\"url\":\"https:\/\/www.nexoinformativo.mx\/wp-content\/uploads\/2024\/07\/nexoi-trasparente-2.png\",\"contentUrl\":\"https:\/\/www.nexoinformativo.mx\/wp-content\/uploads\/2024\/07\/nexoi-trasparente-2.png\",\"width\":816,\"height\":339,\"caption\":\"Nexo Informativo Santiago de Quer\u00e9taro\"},\"image\":{\"@id\":\"https:\/\/www.nexoinformativo.mx\/#\/schema\/logo\/image\/\"},\"sameAs\":[\"https:\/\/www.facebook.com\/people\/Nexo-Informativo\/61564066885511\/\"]},{\"@type\":\"Person\",\"@id\":\"https:\/\/www.nexoinformativo.mx\/#\/schema\/person\/7749d380ba08c8ca00d7bc76fd907b7d\",\"name\":\"Nexo Informativo\",\"image\":{\"@type\":\"ImageObject\",\"inLanguage\":\"es\",\"@id\":\"https:\/\/www.nexoinformativo.mx\/#\/schema\/person\/image\/\",\"url\":\"https:\/\/secure.gravatar.com\/avatar\/dde2928154642a13d95f87ddf1ea9718fe2b46760a005c53e41ff5ad610704e6?s=96&d=mm&r=g\",\"contentUrl\":\"https:\/\/secure.gravatar.com\/avatar\/dde2928154642a13d95f87ddf1ea9718fe2b46760a005c53e41ff5ad610704e6?s=96&d=mm&r=g\",\"caption\":\"Nexo Informativo\"},\"url\":\"https:\/\/www.nexoinformativo.mx\/index.php\/author\/edicion\/\"}]}<\/script>\n<!-- \/ Yoast SEO plugin. -->","yoast_head_json":{"title":"Reconocen a la Polic\u00eda Cibern\u00e9tica de Quer\u00e9taro por su labor en la prevenci\u00f3n de delitos digitales en escuelas | Nexo Informativo Santiago de Quer\u00e9taro","description":"Reconocen a la Polic\u00eda Cibern\u00e9tica de Quer\u00e9taro por su labor en la prevenci\u00f3n de delitos digitales en escuelas","robots":{"index":"index","follow":"follow","max-snippet":"max-snippet:-1","max-image-preview":"max-image-preview:large","max-video-preview":"max-video-preview:-1"},"canonical":"https:\/\/www.nexoinformativo.mx\/index.php\/2025\/02\/18\/reconocen-a-la-policia-cibernetica-de-queretaro-por-su-labor-en-la-prevencion-de-delitos-digitales-en-escuelas\/","og_locale":"es_MX","og_type":"article","og_title":"Reconocen a la Polic\u00eda Cibern\u00e9tica de Quer\u00e9taro por su labor en la prevenci\u00f3n de delitos digitales en escuelas | Nexo Informativo Santiago de Quer\u00e9taro","og_description":"Reconocen a la Polic\u00eda Cibern\u00e9tica de Quer\u00e9taro por su labor en la prevenci\u00f3n de delitos digitales en escuelas","og_url":"https:\/\/www.nexoinformativo.mx\/index.php\/2025\/02\/18\/reconocen-a-la-policia-cibernetica-de-queretaro-por-su-labor-en-la-prevencion-de-delitos-digitales-en-escuelas\/","og_site_name":"Nexo Informativo Santiago de Quer\u00e9taro","article_publisher":"https:\/\/www.facebook.com\/people\/Nexo-Informativo\/61564066885511\/","article_published_time":"2025-02-19T00:00:13+00:00","article_modified_time":"2025-02-19T04:41:42+00:00","og_image":[{"width":800,"height":533,"url":"https:\/\/www.nexoinformativo.mx\/wp-content\/uploads\/2025\/02\/1fab2b98-99f2-4ce1-899e-6ad6e7dc4637-e1739940069837.jpg","type":"image\/jpeg"}],"author":"Nexo Informativo","twitter_card":"summary_large_image","twitter_misc":{"Escrito por":"Nexo Informativo","Tiempo de lectura":"2 minutos"},"schema":{"@context":"https:\/\/schema.org","@graph":[{"@type":"Article","@id":"https:\/\/www.nexoinformativo.mx\/index.php\/2025\/02\/18\/reconocen-a-la-policia-cibernetica-de-queretaro-por-su-labor-en-la-prevencion-de-delitos-digitales-en-escuelas\/#article","isPartOf":{"@id":"https:\/\/www.nexoinformativo.mx\/index.php\/2025\/02\/18\/reconocen-a-la-policia-cibernetica-de-queretaro-por-su-labor-en-la-prevencion-de-delitos-digitales-en-escuelas\/"},"author":{"name":"Nexo Informativo","@id":"https:\/\/www.nexoinformativo.mx\/#\/schema\/person\/7749d380ba08c8ca00d7bc76fd907b7d"},"headline":"Reconocen a la Polic\u00eda Cibern\u00e9tica de Quer\u00e9taro por su labor en la prevenci\u00f3n de delitos digitales en escuelas","datePublished":"2025-02-19T00:00:13+00:00","dateModified":"2025-02-19T04:41:42+00:00","mainEntityOfPage":{"@id":"https:\/\/www.nexoinformativo.mx\/index.php\/2025\/02\/18\/reconocen-a-la-policia-cibernetica-de-queretaro-por-su-labor-en-la-prevencion-de-delitos-digitales-en-escuelas\/"},"wordCount":286,"commentCount":0,"publisher":{"@id":"https:\/\/www.nexoinformativo.mx\/#organization"},"image":{"@id":"https:\/\/www.nexoinformativo.mx\/index.php\/2025\/02\/18\/reconocen-a-la-policia-cibernetica-de-queretaro-por-su-labor-en-la-prevencion-de-delitos-digitales-en-escuelas\/#primaryimage"},"thumbnailUrl":"https:\/\/www.nexoinformativo.mx\/wp-content\/uploads\/2025\/02\/1fab2b98-99f2-4ce1-899e-6ad6e7dc4637-e1739940069837.jpg","keywords":["Ciberseguridad","EscuelasSeguras","Quer\u00e9taro","SeguridadDigital"],"articleSection":["Estado","\u00daltima Hora"],"inLanguage":"es","potentialAction":[{"@type":"CommentAction","name":"Comment","target":["https:\/\/www.nexoinformativo.mx\/index.php\/2025\/02\/18\/reconocen-a-la-policia-cibernetica-de-queretaro-por-su-labor-en-la-prevencion-de-delitos-digitales-en-escuelas\/#respond"]}]},{"@type":"WebPage","@id":"https:\/\/www.nexoinformativo.mx\/index.php\/2025\/02\/18\/reconocen-a-la-policia-cibernetica-de-queretaro-por-su-labor-en-la-prevencion-de-delitos-digitales-en-escuelas\/","url":"https:\/\/www.nexoinformativo.mx\/index.php\/2025\/02\/18\/reconocen-a-la-policia-cibernetica-de-queretaro-por-su-labor-en-la-prevencion-de-delitos-digitales-en-escuelas\/","name":"Reconocen a la Polic\u00eda Cibern\u00e9tica de Quer\u00e9taro por su labor en la prevenci\u00f3n de delitos digitales en escuelas | Nexo Informativo Santiago de Quer\u00e9taro","isPartOf":{"@id":"https:\/\/www.nexoinformativo.mx\/#website"},"primaryImageOfPage":{"@id":"https:\/\/www.nexoinformativo.mx\/index.php\/2025\/02\/18\/reconocen-a-la-policia-cibernetica-de-queretaro-por-su-labor-en-la-prevencion-de-delitos-digitales-en-escuelas\/#primaryimage"},"image":{"@id":"https:\/\/www.nexoinformativo.mx\/index.php\/2025\/02\/18\/reconocen-a-la-policia-cibernetica-de-queretaro-por-su-labor-en-la-prevencion-de-delitos-digitales-en-escuelas\/#primaryimage"},"thumbnailUrl":"https:\/\/www.nexoinformativo.mx\/wp-content\/uploads\/2025\/02\/1fab2b98-99f2-4ce1-899e-6ad6e7dc4637-e1739940069837.jpg","datePublished":"2025-02-19T00:00:13+00:00","dateModified":"2025-02-19T04:41:42+00:00","description":"Reconocen a la Polic\u00eda Cibern\u00e9tica de Quer\u00e9taro por su labor en la prevenci\u00f3n de delitos digitales en escuelas","breadcrumb":{"@id":"https:\/\/www.nexoinformativo.mx\/index.php\/2025\/02\/18\/reconocen-a-la-policia-cibernetica-de-queretaro-por-su-labor-en-la-prevencion-de-delitos-digitales-en-escuelas\/#breadcrumb"},"inLanguage":"es","potentialAction":[{"@type":"ReadAction","target":["https:\/\/www.nexoinformativo.mx\/index.php\/2025\/02\/18\/reconocen-a-la-policia-cibernetica-de-queretaro-por-su-labor-en-la-prevencion-de-delitos-digitales-en-escuelas\/"]}]},{"@type":"ImageObject","inLanguage":"es","@id":"https:\/\/www.nexoinformativo.mx\/index.php\/2025\/02\/18\/reconocen-a-la-policia-cibernetica-de-queretaro-por-su-labor-en-la-prevencion-de-delitos-digitales-en-escuelas\/#primaryimage","url":"https:\/\/www.nexoinformativo.mx\/wp-content\/uploads\/2025\/02\/1fab2b98-99f2-4ce1-899e-6ad6e7dc4637-e1739940069837.jpg","contentUrl":"https:\/\/www.nexoinformativo.mx\/wp-content\/uploads\/2025\/02\/1fab2b98-99f2-4ce1-899e-6ad6e7dc4637-e1739940069837.jpg","width":800,"height":533},{"@type":"BreadcrumbList","@id":"https:\/\/www.nexoinformativo.mx\/index.php\/2025\/02\/18\/reconocen-a-la-policia-cibernetica-de-queretaro-por-su-labor-en-la-prevencion-de-delitos-digitales-en-escuelas\/#breadcrumb","itemListElement":[{"@type":"ListItem","position":1,"name":"Inicio","item":"https:\/\/www.nexoinformativo.mx\/"},{"@type":"ListItem","position":2,"name":"Reconocen a la Polic\u00eda Cibern\u00e9tica de Quer\u00e9taro por su labor en la prevenci\u00f3n de delitos digitales en escuelas"}]},{"@type":"WebSite","@id":"https:\/\/www.nexoinformativo.mx\/#website","url":"https:\/\/www.nexoinformativo.mx\/","name":"Nexo Informativo Santiago de Quer\u00e9taro","description":"Explora NexoInformativo y convi\u00e9rtete en parte de una comunidad que valora el conocimiento y la verdad. Tu nexoinformativo es tu puente hacia una comprensi\u00f3n m\u00e1s profunda del mundo que te rodea.","publisher":{"@id":"https:\/\/www.nexoinformativo.mx\/#organization"},"potentialAction":[{"@type":"SearchAction","target":{"@type":"EntryPoint","urlTemplate":"https:\/\/www.nexoinformativo.mx\/?s={search_term_string}"},"query-input":{"@type":"PropertyValueSpecification","valueRequired":true,"valueName":"search_term_string"}}],"inLanguage":"es"},{"@type":"Organization","@id":"https:\/\/www.nexoinformativo.mx\/#organization","name":"Nexo Informativo Santiago de Quer\u00e9taro","url":"https:\/\/www.nexoinformativo.mx\/","logo":{"@type":"ImageObject","inLanguage":"es","@id":"https:\/\/www.nexoinformativo.mx\/#\/schema\/logo\/image\/","url":"https:\/\/www.nexoinformativo.mx\/wp-content\/uploads\/2024\/07\/nexoi-trasparente-2.png","contentUrl":"https:\/\/www.nexoinformativo.mx\/wp-content\/uploads\/2024\/07\/nexoi-trasparente-2.png","width":816,"height":339,"caption":"Nexo Informativo Santiago de Quer\u00e9taro"},"image":{"@id":"https:\/\/www.nexoinformativo.mx\/#\/schema\/logo\/image\/"},"sameAs":["https:\/\/www.facebook.com\/people\/Nexo-Informativo\/61564066885511\/"]},{"@type":"Person","@id":"https:\/\/www.nexoinformativo.mx\/#\/schema\/person\/7749d380ba08c8ca00d7bc76fd907b7d","name":"Nexo Informativo","image":{"@type":"ImageObject","inLanguage":"es","@id":"https:\/\/www.nexoinformativo.mx\/#\/schema\/person\/image\/","url":"https:\/\/secure.gravatar.com\/avatar\/dde2928154642a13d95f87ddf1ea9718fe2b46760a005c53e41ff5ad610704e6?s=96&d=mm&r=g","contentUrl":"https:\/\/secure.gravatar.com\/avatar\/dde2928154642a13d95f87ddf1ea9718fe2b46760a005c53e41ff5ad610704e6?s=96&d=mm&r=g","caption":"Nexo Informativo"},"url":"https:\/\/www.nexoinformativo.mx\/index.php\/author\/edicion\/"}]}},"_links":{"self":[{"href":"https:\/\/www.nexoinformativo.mx\/index.php\/wp-json\/wp\/v2\/posts\/11800","targetHints":{"allow":["GET"]}}],"collection":[{"href":"https:\/\/www.nexoinformativo.mx\/index.php\/wp-json\/wp\/v2\/posts"}],"about":[{"href":"https:\/\/www.nexoinformativo.mx\/index.php\/wp-json\/wp\/v2\/types\/post"}],"author":[{"embeddable":true,"href":"https:\/\/www.nexoinformativo.mx\/index.php\/wp-json\/wp\/v2\/users\/3"}],"replies":[{"embeddable":true,"href":"https:\/\/www.nexoinformativo.mx\/index.php\/wp-json\/wp\/v2\/comments?post=11800"}],"version-history":[{"count":3,"href":"https:\/\/www.nexoinformativo.mx\/index.php\/wp-json\/wp\/v2\/posts\/11800\/revisions"}],"predecessor-version":[{"id":11804,"href":"https:\/\/www.nexoinformativo.mx\/index.php\/wp-json\/wp\/v2\/posts\/11800\/revisions\/11804"}],"wp:featuredmedia":[{"embeddable":true,"href":"https:\/\/www.nexoinformativo.mx\/index.php\/wp-json\/wp\/v2\/media\/11801"}],"wp:attachment":[{"href":"https:\/\/www.nexoinformativo.mx\/index.php\/wp-json\/wp\/v2\/media?parent=11800"}],"wp:term":[{"taxonomy":"category","embeddable":true,"href":"https:\/\/www.nexoinformativo.mx\/index.php\/wp-json\/wp\/v2\/categories?post=11800"},{"taxonomy":"post_tag","embeddable":true,"href":"https:\/\/www.nexoinformativo.mx\/index.php\/wp-json\/wp\/v2\/tags?post=11800"}],"curies":[{"name":"wp","href":"https:\/\/api.w.org\/{rel}","templated":true}]}}