{"id":11812,"date":"2025-02-19T06:30:03","date_gmt":"2025-02-19T12:30:03","guid":{"rendered":"https:\/\/www.nexoinformativo.mx\/?p=11812"},"modified":"2025-02-19T09:51:25","modified_gmt":"2025-02-19T15:51:25","slug":"arranca-hecho-en-mexico-campana-nacional-para-impulsar-el-orgullo-y-el-consumo-de-productos-mexicanos","status":"publish","type":"post","link":"https:\/\/www.nexoinformativo.mx\/index.php\/2025\/02\/19\/arranca-hecho-en-mexico-campana-nacional-para-impulsar-el-orgullo-y-el-consumo-de-productos-mexicanos\/","title":{"rendered":"Sello &#8220;Hecho en M\u00e9xico&#8221; arranca con campa\u00f1a nacional para impulsar el orgullo y el consumo de productos mexicanos"},"content":{"rendered":"<p style=\"text-align: justify;\" data-sourcepos=\"11:1-11:392\">Con la instalaci\u00f3n de un Consejo Honorario Promotor, el gobierno de M\u00e9xico, en conjunto con empresarios, emprendedores, artistas y miembros de la sociedad civil, dio inicio a la campa\u00f1a nacional e internacional <strong>&#8220;Hecho en M\u00e9xico&#8221;<\/strong>.<\/p>\n<p>&nbsp;<\/p>\n<p style=\"text-align: justify;\" data-sourcepos=\"11:1-11:392\">Esta iniciativa busca impulsar el orgullo y la identidad nacional, as\u00ed como promover el consumo de productos elaborados en el pa\u00eds.<\/p>\n<p>&nbsp;<\/p>\n<p style=\"text-align: justify;\" data-sourcepos=\"13:1-13:334\">El secretario de Econom\u00eda, Marcelo Ebrard, encabez\u00f3 la ceremonia de lanzamiento y destac\u00f3 que este programa forma parte del Plan M\u00e9xico, impulsado por la presidenta.<\/p>\n<p>&nbsp;<\/p>\n<p style=\"text-align: justify;\" data-sourcepos=\"13:1-13:334\">El objetivo principal es preparar al pa\u00eds econ\u00f3micamente para enfrentar los desaf\u00edos internacionales, promover el bienestar y fomentar el crecimiento.<\/p>\n<p>&nbsp;<\/p>\n<p style=\"text-align: justify;\" data-sourcepos=\"17:1-17:263\">El titular de Econom\u00eda explic\u00f3 que <strong>&#8220;Hecho en M\u00e9xico&#8221;<\/strong> busca que el pa\u00eds produzca m\u00e1s y mejor, aumentando el contenido nacional en los productos, reduciendo importaciones innecesarias, incrementando la producci\u00f3n y potenciando las empresas e innovaciones mexicanas.<\/p>\n<p>&nbsp;<\/p>\n<p style=\"text-align: justify;\" data-sourcepos=\"19:1-19:267\">El Consejo Honorario Promotor estar\u00e1 integrado por diferentes grupos de trabajo, en los que participar\u00e1n empresarios, creadores e innovadores de manera honoraria. Su labor ser\u00e1 fundamental para aportar ideas y propuestas que impulsen el desarrollo econ\u00f3mico del pa\u00eds.<\/p>\n<p>&nbsp;<\/p>\n<p style=\"text-align: justify;\" data-sourcepos=\"21:1-21:421\">En el evento participaron diversas autoridades federales, como la secretaria de Bienestar, Ariadna Montiel; la secretaria de Medio Ambiente, Alicia B\u00e1rcena; y el secretario del Trabajo, Marath Bola\u00f1os, entre otros.<\/p>\n<p>&nbsp;<\/p>\n<p style=\"text-align: justify;\" data-sourcepos=\"21:1-21:421\">Tambi\u00e9n estuvieron presentes representantes del sector privado y la sociedad civil, como el presidente del CCE, Francisco Cervantes; la cofundadora de Stori, Marlene Garayzar; y el cantautor Manuel Mijares.<\/p>\n<p>&nbsp;<\/p>\n<p style=\"text-align: center;\" data-sourcepos=\"21:1-21:421\"><em><strong>\u00a1Informaci\u00f3n que transforma!<\/strong><\/em><\/p>\n","protected":false},"excerpt":{"rendered":"<p>Con la instalaci\u00f3n de un Consejo Honorario Promotor, el gobierno de M\u00e9xico, en conjunto con empresarios, emprendedores, artistas y miembros de la sociedad civil, dio inicio a la campa\u00f1a nacional e internacional &#8220;Hecho en M\u00e9xico&#8221;.<\/p>\n","protected":false},"author":3,"featured_media":11813,"comment_status":"open","ping_status":"open","sticky":false,"template":"","format":"standard","meta":{"footnotes":""},"categories":[5,88,58],"tags":[2048,3389,1610,3457],"class_list":["post-11812","post","type-post","status-publish","format-standard","has-post-thumbnail","hentry","category-economia","category-nacional","category-ultima-hora","tag-consumelocal","tag-hechoenmexico","tag-mexico","tag-orgullomexicano"],"yoast_head":"<!-- This site is optimized with the Yoast SEO plugin v25.0 - https:\/\/yoast.com\/wordpress\/plugins\/seo\/ -->\n<title>Sello &quot;Hecho en M\u00e9xico&quot; arranca con campa\u00f1a nacional para impulsar el orgullo y el consumo de productos mexicanos | Nexo Informativo Santiago de Quer\u00e9taro<\/title>\n<meta name=\"description\" content=\"Sello &quot;Hecho en M\u00e9xico&quot; arranca con campa\u00f1a nacional para impulsar el orgullo y el consumo de productos mexicanos\" \/>\n<meta name=\"robots\" content=\"index, follow, max-snippet:-1, max-image-preview:large, max-video-preview:-1\" \/>\n<link rel=\"canonical\" href=\"https:\/\/www.nexoinformativo.mx\/index.php\/2025\/02\/19\/arranca-hecho-en-mexico-campana-nacional-para-impulsar-el-orgullo-y-el-consumo-de-productos-mexicanos\/\" \/>\n<meta property=\"og:locale\" content=\"es_MX\" \/>\n<meta property=\"og:type\" content=\"article\" \/>\n<meta property=\"og:title\" content=\"Sello &quot;Hecho en M\u00e9xico&quot; arranca con campa\u00f1a nacional para impulsar el orgullo y el consumo de productos mexicanos | Nexo Informativo Santiago de Quer\u00e9taro\" \/>\n<meta property=\"og:description\" content=\"Sello &quot;Hecho en M\u00e9xico&quot; arranca con campa\u00f1a nacional para impulsar el orgullo y el consumo de productos mexicanos\" \/>\n<meta property=\"og:url\" content=\"https:\/\/www.nexoinformativo.mx\/index.php\/2025\/02\/19\/arranca-hecho-en-mexico-campana-nacional-para-impulsar-el-orgullo-y-el-consumo-de-productos-mexicanos\/\" \/>\n<meta property=\"og:site_name\" content=\"Nexo Informativo Santiago de Quer\u00e9taro\" \/>\n<meta property=\"article:publisher\" content=\"https:\/\/www.facebook.com\/people\/Nexo-Informativo\/61564066885511\/\" \/>\n<meta property=\"article:published_time\" content=\"2025-02-19T12:30:03+00:00\" \/>\n<meta property=\"article:modified_time\" content=\"2025-02-19T15:51:25+00:00\" \/>\n<meta property=\"og:image\" content=\"https:\/\/www.nexoinformativo.mx\/wp-content\/uploads\/2025\/02\/IMG_0907.jpg\" \/>\n\t<meta property=\"og:image:width\" content=\"650\" \/>\n\t<meta property=\"og:image:height\" content=\"380\" \/>\n\t<meta property=\"og:image:type\" content=\"image\/jpeg\" \/>\n<meta name=\"author\" content=\"Nexo Informativo\" \/>\n<meta name=\"twitter:card\" content=\"summary_large_image\" \/>\n<meta name=\"twitter:label1\" content=\"Escrito por\" \/>\n\t<meta name=\"twitter:data1\" content=\"Nexo Informativo\" \/>\n\t<meta name=\"twitter:label2\" content=\"Tiempo de lectura\" \/>\n\t<meta name=\"twitter:data2\" content=\"2 minutos\" \/>\n<script type=\"application\/ld+json\" class=\"yoast-schema-graph\">{\"@context\":\"https:\/\/schema.org\",\"@graph\":[{\"@type\":\"Article\",\"@id\":\"https:\/\/www.nexoinformativo.mx\/index.php\/2025\/02\/19\/arranca-hecho-en-mexico-campana-nacional-para-impulsar-el-orgullo-y-el-consumo-de-productos-mexicanos\/#article\",\"isPartOf\":{\"@id\":\"https:\/\/www.nexoinformativo.mx\/index.php\/2025\/02\/19\/arranca-hecho-en-mexico-campana-nacional-para-impulsar-el-orgullo-y-el-consumo-de-productos-mexicanos\/\"},\"author\":{\"name\":\"Nexo Informativo\",\"@id\":\"https:\/\/www.nexoinformativo.mx\/#\/schema\/person\/7749d380ba08c8ca00d7bc76fd907b7d\"},\"headline\":\"Sello &#8220;Hecho en M\u00e9xico&#8221; arranca con campa\u00f1a nacional para impulsar el orgullo y el consumo de productos mexicanos\",\"datePublished\":\"2025-02-19T12:30:03+00:00\",\"dateModified\":\"2025-02-19T15:51:25+00:00\",\"mainEntityOfPage\":{\"@id\":\"https:\/\/www.nexoinformativo.mx\/index.php\/2025\/02\/19\/arranca-hecho-en-mexico-campana-nacional-para-impulsar-el-orgullo-y-el-consumo-de-productos-mexicanos\/\"},\"wordCount\":288,\"commentCount\":0,\"publisher\":{\"@id\":\"https:\/\/www.nexoinformativo.mx\/#organization\"},\"image\":{\"@id\":\"https:\/\/www.nexoinformativo.mx\/index.php\/2025\/02\/19\/arranca-hecho-en-mexico-campana-nacional-para-impulsar-el-orgullo-y-el-consumo-de-productos-mexicanos\/#primaryimage\"},\"thumbnailUrl\":\"https:\/\/www.nexoinformativo.mx\/wp-content\/uploads\/2025\/02\/IMG_0907.jpg\",\"keywords\":[\"ConsumeLocal\",\"HechoEnM\u00e9xico\",\"M\u00e9xico\",\"OrgulloMexicano\"],\"articleSection\":[\"Econom\u00eda\",\"Nacional\",\"\u00daltima Hora\"],\"inLanguage\":\"es\",\"potentialAction\":[{\"@type\":\"CommentAction\",\"name\":\"Comment\",\"target\":[\"https:\/\/www.nexoinformativo.mx\/index.php\/2025\/02\/19\/arranca-hecho-en-mexico-campana-nacional-para-impulsar-el-orgullo-y-el-consumo-de-productos-mexicanos\/#respond\"]}]},{\"@type\":\"WebPage\",\"@id\":\"https:\/\/www.nexoinformativo.mx\/index.php\/2025\/02\/19\/arranca-hecho-en-mexico-campana-nacional-para-impulsar-el-orgullo-y-el-consumo-de-productos-mexicanos\/\",\"url\":\"https:\/\/www.nexoinformativo.mx\/index.php\/2025\/02\/19\/arranca-hecho-en-mexico-campana-nacional-para-impulsar-el-orgullo-y-el-consumo-de-productos-mexicanos\/\",\"name\":\"Sello \\\"Hecho en M\u00e9xico\\\" arranca con campa\u00f1a nacional para impulsar el orgullo y el consumo de productos mexicanos | Nexo Informativo Santiago de Quer\u00e9taro\",\"isPartOf\":{\"@id\":\"https:\/\/www.nexoinformativo.mx\/#website\"},\"primaryImageOfPage\":{\"@id\":\"https:\/\/www.nexoinformativo.mx\/index.php\/2025\/02\/19\/arranca-hecho-en-mexico-campana-nacional-para-impulsar-el-orgullo-y-el-consumo-de-productos-mexicanos\/#primaryimage\"},\"image\":{\"@id\":\"https:\/\/www.nexoinformativo.mx\/index.php\/2025\/02\/19\/arranca-hecho-en-mexico-campana-nacional-para-impulsar-el-orgullo-y-el-consumo-de-productos-mexicanos\/#primaryimage\"},\"thumbnailUrl\":\"https:\/\/www.nexoinformativo.mx\/wp-content\/uploads\/2025\/02\/IMG_0907.jpg\",\"datePublished\":\"2025-02-19T12:30:03+00:00\",\"dateModified\":\"2025-02-19T15:51:25+00:00\",\"description\":\"Sello \\\"Hecho en M\u00e9xico\\\" arranca con campa\u00f1a nacional para impulsar el orgullo y el consumo de productos mexicanos\",\"breadcrumb\":{\"@id\":\"https:\/\/www.nexoinformativo.mx\/index.php\/2025\/02\/19\/arranca-hecho-en-mexico-campana-nacional-para-impulsar-el-orgullo-y-el-consumo-de-productos-mexicanos\/#breadcrumb\"},\"inLanguage\":\"es\",\"potentialAction\":[{\"@type\":\"ReadAction\",\"target\":[\"https:\/\/www.nexoinformativo.mx\/index.php\/2025\/02\/19\/arranca-hecho-en-mexico-campana-nacional-para-impulsar-el-orgullo-y-el-consumo-de-productos-mexicanos\/\"]}]},{\"@type\":\"ImageObject\",\"inLanguage\":\"es\",\"@id\":\"https:\/\/www.nexoinformativo.mx\/index.php\/2025\/02\/19\/arranca-hecho-en-mexico-campana-nacional-para-impulsar-el-orgullo-y-el-consumo-de-productos-mexicanos\/#primaryimage\",\"url\":\"https:\/\/www.nexoinformativo.mx\/wp-content\/uploads\/2025\/02\/IMG_0907.jpg\",\"contentUrl\":\"https:\/\/www.nexoinformativo.mx\/wp-content\/uploads\/2025\/02\/IMG_0907.jpg\",\"width\":650,\"height\":380},{\"@type\":\"BreadcrumbList\",\"@id\":\"https:\/\/www.nexoinformativo.mx\/index.php\/2025\/02\/19\/arranca-hecho-en-mexico-campana-nacional-para-impulsar-el-orgullo-y-el-consumo-de-productos-mexicanos\/#breadcrumb\",\"itemListElement\":[{\"@type\":\"ListItem\",\"position\":1,\"name\":\"Inicio\",\"item\":\"https:\/\/www.nexoinformativo.mx\/\"},{\"@type\":\"ListItem\",\"position\":2,\"name\":\"Sello &#8220;Hecho en M\u00e9xico&#8221; arranca con campa\u00f1a nacional para impulsar el orgullo y el consumo de productos mexicanos\"}]},{\"@type\":\"WebSite\",\"@id\":\"https:\/\/www.nexoinformativo.mx\/#website\",\"url\":\"https:\/\/www.nexoinformativo.mx\/\",\"name\":\"Nexo Informativo Santiago de Quer\u00e9taro\",\"description\":\"Explora NexoInformativo y convi\u00e9rtete en parte de una comunidad que valora el conocimiento y la verdad. Tu nexoinformativo es tu puente hacia una comprensi\u00f3n m\u00e1s profunda del mundo que te rodea.\",\"publisher\":{\"@id\":\"https:\/\/www.nexoinformativo.mx\/#organization\"},\"potentialAction\":[{\"@type\":\"SearchAction\",\"target\":{\"@type\":\"EntryPoint\",\"urlTemplate\":\"https:\/\/www.nexoinformativo.mx\/?s={search_term_string}\"},\"query-input\":{\"@type\":\"PropertyValueSpecification\",\"valueRequired\":true,\"valueName\":\"search_term_string\"}}],\"inLanguage\":\"es\"},{\"@type\":\"Organization\",\"@id\":\"https:\/\/www.nexoinformativo.mx\/#organization\",\"name\":\"Nexo Informativo Santiago de Quer\u00e9taro\",\"url\":\"https:\/\/www.nexoinformativo.mx\/\",\"logo\":{\"@type\":\"ImageObject\",\"inLanguage\":\"es\",\"@id\":\"https:\/\/www.nexoinformativo.mx\/#\/schema\/logo\/image\/\",\"url\":\"https:\/\/www.nexoinformativo.mx\/wp-content\/uploads\/2024\/07\/nexoi-trasparente-2.png\",\"contentUrl\":\"https:\/\/www.nexoinformativo.mx\/wp-content\/uploads\/2024\/07\/nexoi-trasparente-2.png\",\"width\":816,\"height\":339,\"caption\":\"Nexo Informativo Santiago de Quer\u00e9taro\"},\"image\":{\"@id\":\"https:\/\/www.nexoinformativo.mx\/#\/schema\/logo\/image\/\"},\"sameAs\":[\"https:\/\/www.facebook.com\/people\/Nexo-Informativo\/61564066885511\/\"]},{\"@type\":\"Person\",\"@id\":\"https:\/\/www.nexoinformativo.mx\/#\/schema\/person\/7749d380ba08c8ca00d7bc76fd907b7d\",\"name\":\"Nexo Informativo\",\"image\":{\"@type\":\"ImageObject\",\"inLanguage\":\"es\",\"@id\":\"https:\/\/www.nexoinformativo.mx\/#\/schema\/person\/image\/\",\"url\":\"https:\/\/secure.gravatar.com\/avatar\/dde2928154642a13d95f87ddf1ea9718fe2b46760a005c53e41ff5ad610704e6?s=96&d=mm&r=g\",\"contentUrl\":\"https:\/\/secure.gravatar.com\/avatar\/dde2928154642a13d95f87ddf1ea9718fe2b46760a005c53e41ff5ad610704e6?s=96&d=mm&r=g\",\"caption\":\"Nexo Informativo\"},\"url\":\"https:\/\/www.nexoinformativo.mx\/index.php\/author\/edicion\/\"}]}<\/script>\n<!-- \/ Yoast SEO plugin. -->","yoast_head_json":{"title":"Sello \"Hecho en M\u00e9xico\" arranca con campa\u00f1a nacional para impulsar el orgullo y el consumo de productos mexicanos | Nexo Informativo Santiago de Quer\u00e9taro","description":"Sello \"Hecho en M\u00e9xico\" arranca con campa\u00f1a nacional para impulsar el orgullo y el consumo de productos mexicanos","robots":{"index":"index","follow":"follow","max-snippet":"max-snippet:-1","max-image-preview":"max-image-preview:large","max-video-preview":"max-video-preview:-1"},"canonical":"https:\/\/www.nexoinformativo.mx\/index.php\/2025\/02\/19\/arranca-hecho-en-mexico-campana-nacional-para-impulsar-el-orgullo-y-el-consumo-de-productos-mexicanos\/","og_locale":"es_MX","og_type":"article","og_title":"Sello \"Hecho en M\u00e9xico\" arranca con campa\u00f1a nacional para impulsar el orgullo y el consumo de productos mexicanos | Nexo Informativo Santiago de Quer\u00e9taro","og_description":"Sello \"Hecho en M\u00e9xico\" arranca con campa\u00f1a nacional para impulsar el orgullo y el consumo de productos mexicanos","og_url":"https:\/\/www.nexoinformativo.mx\/index.php\/2025\/02\/19\/arranca-hecho-en-mexico-campana-nacional-para-impulsar-el-orgullo-y-el-consumo-de-productos-mexicanos\/","og_site_name":"Nexo Informativo Santiago de Quer\u00e9taro","article_publisher":"https:\/\/www.facebook.com\/people\/Nexo-Informativo\/61564066885511\/","article_published_time":"2025-02-19T12:30:03+00:00","article_modified_time":"2025-02-19T15:51:25+00:00","og_image":[{"width":650,"height":380,"url":"https:\/\/www.nexoinformativo.mx\/wp-content\/uploads\/2025\/02\/IMG_0907.jpg","type":"image\/jpeg"}],"author":"Nexo Informativo","twitter_card":"summary_large_image","twitter_misc":{"Escrito por":"Nexo Informativo","Tiempo de lectura":"2 minutos"},"schema":{"@context":"https:\/\/schema.org","@graph":[{"@type":"Article","@id":"https:\/\/www.nexoinformativo.mx\/index.php\/2025\/02\/19\/arranca-hecho-en-mexico-campana-nacional-para-impulsar-el-orgullo-y-el-consumo-de-productos-mexicanos\/#article","isPartOf":{"@id":"https:\/\/www.nexoinformativo.mx\/index.php\/2025\/02\/19\/arranca-hecho-en-mexico-campana-nacional-para-impulsar-el-orgullo-y-el-consumo-de-productos-mexicanos\/"},"author":{"name":"Nexo Informativo","@id":"https:\/\/www.nexoinformativo.mx\/#\/schema\/person\/7749d380ba08c8ca00d7bc76fd907b7d"},"headline":"Sello &#8220;Hecho en M\u00e9xico&#8221; arranca con campa\u00f1a nacional para impulsar el orgullo y el consumo de productos mexicanos","datePublished":"2025-02-19T12:30:03+00:00","dateModified":"2025-02-19T15:51:25+00:00","mainEntityOfPage":{"@id":"https:\/\/www.nexoinformativo.mx\/index.php\/2025\/02\/19\/arranca-hecho-en-mexico-campana-nacional-para-impulsar-el-orgullo-y-el-consumo-de-productos-mexicanos\/"},"wordCount":288,"commentCount":0,"publisher":{"@id":"https:\/\/www.nexoinformativo.mx\/#organization"},"image":{"@id":"https:\/\/www.nexoinformativo.mx\/index.php\/2025\/02\/19\/arranca-hecho-en-mexico-campana-nacional-para-impulsar-el-orgullo-y-el-consumo-de-productos-mexicanos\/#primaryimage"},"thumbnailUrl":"https:\/\/www.nexoinformativo.mx\/wp-content\/uploads\/2025\/02\/IMG_0907.jpg","keywords":["ConsumeLocal","HechoEnM\u00e9xico","M\u00e9xico","OrgulloMexicano"],"articleSection":["Econom\u00eda","Nacional","\u00daltima Hora"],"inLanguage":"es","potentialAction":[{"@type":"CommentAction","name":"Comment","target":["https:\/\/www.nexoinformativo.mx\/index.php\/2025\/02\/19\/arranca-hecho-en-mexico-campana-nacional-para-impulsar-el-orgullo-y-el-consumo-de-productos-mexicanos\/#respond"]}]},{"@type":"WebPage","@id":"https:\/\/www.nexoinformativo.mx\/index.php\/2025\/02\/19\/arranca-hecho-en-mexico-campana-nacional-para-impulsar-el-orgullo-y-el-consumo-de-productos-mexicanos\/","url":"https:\/\/www.nexoinformativo.mx\/index.php\/2025\/02\/19\/arranca-hecho-en-mexico-campana-nacional-para-impulsar-el-orgullo-y-el-consumo-de-productos-mexicanos\/","name":"Sello \"Hecho en M\u00e9xico\" arranca con campa\u00f1a nacional para impulsar el orgullo y el consumo de productos mexicanos | Nexo Informativo Santiago de Quer\u00e9taro","isPartOf":{"@id":"https:\/\/www.nexoinformativo.mx\/#website"},"primaryImageOfPage":{"@id":"https:\/\/www.nexoinformativo.mx\/index.php\/2025\/02\/19\/arranca-hecho-en-mexico-campana-nacional-para-impulsar-el-orgullo-y-el-consumo-de-productos-mexicanos\/#primaryimage"},"image":{"@id":"https:\/\/www.nexoinformativo.mx\/index.php\/2025\/02\/19\/arranca-hecho-en-mexico-campana-nacional-para-impulsar-el-orgullo-y-el-consumo-de-productos-mexicanos\/#primaryimage"},"thumbnailUrl":"https:\/\/www.nexoinformativo.mx\/wp-content\/uploads\/2025\/02\/IMG_0907.jpg","datePublished":"2025-02-19T12:30:03+00:00","dateModified":"2025-02-19T15:51:25+00:00","description":"Sello \"Hecho en M\u00e9xico\" arranca con campa\u00f1a nacional para impulsar el orgullo y el consumo de productos mexicanos","breadcrumb":{"@id":"https:\/\/www.nexoinformativo.mx\/index.php\/2025\/02\/19\/arranca-hecho-en-mexico-campana-nacional-para-impulsar-el-orgullo-y-el-consumo-de-productos-mexicanos\/#breadcrumb"},"inLanguage":"es","potentialAction":[{"@type":"ReadAction","target":["https:\/\/www.nexoinformativo.mx\/index.php\/2025\/02\/19\/arranca-hecho-en-mexico-campana-nacional-para-impulsar-el-orgullo-y-el-consumo-de-productos-mexicanos\/"]}]},{"@type":"ImageObject","inLanguage":"es","@id":"https:\/\/www.nexoinformativo.mx\/index.php\/2025\/02\/19\/arranca-hecho-en-mexico-campana-nacional-para-impulsar-el-orgullo-y-el-consumo-de-productos-mexicanos\/#primaryimage","url":"https:\/\/www.nexoinformativo.mx\/wp-content\/uploads\/2025\/02\/IMG_0907.jpg","contentUrl":"https:\/\/www.nexoinformativo.mx\/wp-content\/uploads\/2025\/02\/IMG_0907.jpg","width":650,"height":380},{"@type":"BreadcrumbList","@id":"https:\/\/www.nexoinformativo.mx\/index.php\/2025\/02\/19\/arranca-hecho-en-mexico-campana-nacional-para-impulsar-el-orgullo-y-el-consumo-de-productos-mexicanos\/#breadcrumb","itemListElement":[{"@type":"ListItem","position":1,"name":"Inicio","item":"https:\/\/www.nexoinformativo.mx\/"},{"@type":"ListItem","position":2,"name":"Sello &#8220;Hecho en M\u00e9xico&#8221; arranca con campa\u00f1a nacional para impulsar el orgullo y el consumo de productos mexicanos"}]},{"@type":"WebSite","@id":"https:\/\/www.nexoinformativo.mx\/#website","url":"https:\/\/www.nexoinformativo.mx\/","name":"Nexo Informativo Santiago de Quer\u00e9taro","description":"Explora NexoInformativo y convi\u00e9rtete en parte de una comunidad que valora el conocimiento y la verdad. Tu nexoinformativo es tu puente hacia una comprensi\u00f3n m\u00e1s profunda del mundo que te rodea.","publisher":{"@id":"https:\/\/www.nexoinformativo.mx\/#organization"},"potentialAction":[{"@type":"SearchAction","target":{"@type":"EntryPoint","urlTemplate":"https:\/\/www.nexoinformativo.mx\/?s={search_term_string}"},"query-input":{"@type":"PropertyValueSpecification","valueRequired":true,"valueName":"search_term_string"}}],"inLanguage":"es"},{"@type":"Organization","@id":"https:\/\/www.nexoinformativo.mx\/#organization","name":"Nexo Informativo Santiago de Quer\u00e9taro","url":"https:\/\/www.nexoinformativo.mx\/","logo":{"@type":"ImageObject","inLanguage":"es","@id":"https:\/\/www.nexoinformativo.mx\/#\/schema\/logo\/image\/","url":"https:\/\/www.nexoinformativo.mx\/wp-content\/uploads\/2024\/07\/nexoi-trasparente-2.png","contentUrl":"https:\/\/www.nexoinformativo.mx\/wp-content\/uploads\/2024\/07\/nexoi-trasparente-2.png","width":816,"height":339,"caption":"Nexo Informativo Santiago de Quer\u00e9taro"},"image":{"@id":"https:\/\/www.nexoinformativo.mx\/#\/schema\/logo\/image\/"},"sameAs":["https:\/\/www.facebook.com\/people\/Nexo-Informativo\/61564066885511\/"]},{"@type":"Person","@id":"https:\/\/www.nexoinformativo.mx\/#\/schema\/person\/7749d380ba08c8ca00d7bc76fd907b7d","name":"Nexo Informativo","image":{"@type":"ImageObject","inLanguage":"es","@id":"https:\/\/www.nexoinformativo.mx\/#\/schema\/person\/image\/","url":"https:\/\/secure.gravatar.com\/avatar\/dde2928154642a13d95f87ddf1ea9718fe2b46760a005c53e41ff5ad610704e6?s=96&d=mm&r=g","contentUrl":"https:\/\/secure.gravatar.com\/avatar\/dde2928154642a13d95f87ddf1ea9718fe2b46760a005c53e41ff5ad610704e6?s=96&d=mm&r=g","caption":"Nexo Informativo"},"url":"https:\/\/www.nexoinformativo.mx\/index.php\/author\/edicion\/"}]}},"_links":{"self":[{"href":"https:\/\/www.nexoinformativo.mx\/index.php\/wp-json\/wp\/v2\/posts\/11812","targetHints":{"allow":["GET"]}}],"collection":[{"href":"https:\/\/www.nexoinformativo.mx\/index.php\/wp-json\/wp\/v2\/posts"}],"about":[{"href":"https:\/\/www.nexoinformativo.mx\/index.php\/wp-json\/wp\/v2\/types\/post"}],"author":[{"embeddable":true,"href":"https:\/\/www.nexoinformativo.mx\/index.php\/wp-json\/wp\/v2\/users\/3"}],"replies":[{"embeddable":true,"href":"https:\/\/www.nexoinformativo.mx\/index.php\/wp-json\/wp\/v2\/comments?post=11812"}],"version-history":[{"count":5,"href":"https:\/\/www.nexoinformativo.mx\/index.php\/wp-json\/wp\/v2\/posts\/11812\/revisions"}],"predecessor-version":[{"id":11838,"href":"https:\/\/www.nexoinformativo.mx\/index.php\/wp-json\/wp\/v2\/posts\/11812\/revisions\/11838"}],"wp:featuredmedia":[{"embeddable":true,"href":"https:\/\/www.nexoinformativo.mx\/index.php\/wp-json\/wp\/v2\/media\/11813"}],"wp:attachment":[{"href":"https:\/\/www.nexoinformativo.mx\/index.php\/wp-json\/wp\/v2\/media?parent=11812"}],"wp:term":[{"taxonomy":"category","embeddable":true,"href":"https:\/\/www.nexoinformativo.mx\/index.php\/wp-json\/wp\/v2\/categories?post=11812"},{"taxonomy":"post_tag","embeddable":true,"href":"https:\/\/www.nexoinformativo.mx\/index.php\/wp-json\/wp\/v2\/tags?post=11812"}],"curies":[{"name":"wp","href":"https:\/\/api.w.org\/{rel}","templated":true}]}}